{"id":85304,"date":"2025-12-22T21:10:06","date_gmt":"2025-12-23T03:10:06","guid":{"rendered":"https:\/\/nitu.mx\/?p=85304"},"modified":"2025-12-22T21:10:07","modified_gmt":"2025-12-23T03:10:07","slug":"queretaro-recibe-el-primer-vuelo-directo-de-madrid","status":"publish","type":"post","link":"https:\/\/nitu.mx\/index.php\/2025\/12\/22\/queretaro-recibe-el-primer-vuelo-directo-de-madrid\/","title":{"rendered":"Quer\u00e9taro recibe el primer vuelo directo de Madrid"},"content":{"rendered":"\n<p>El gobernador de Quer\u00e9taro, Mauricio Kuri Gonz\u00e1lez, acompa\u00f1ado por el Embajador de Espa\u00f1a en M\u00e9xico, Juan Duarte Cuadrado, encabez\u00f3 en el Aeropuerto Intercontinental de Quer\u00e9taro (AIQ) la ceremonia para recibir el primer vuelo directo procedente de Madrid, Espa\u00f1a, operado por la aerol\u00ednea Iberojet, que marca el inicio de una nueva ruta a\u00e9rea internacional que fortalece la conectividad del estado con Europa.<\/p>\n\n\n\n<p>Al hacer uso de la voz, el mandatario estatal refiri\u00f3 que la apertura de esta ruta a\u00e9rea representa un paso relevante para la consolidaci\u00f3n de Quer\u00e9taro como un destino con proyecci\u00f3n internacional, y en particular con Espa\u00f1a, pa\u00eds que record\u00f3 es el segundo socio comercial de la entidad.<\/p>\n\n\n\n<p>\u201cEn Quer\u00e9taro nunca nos ponemos un techo, en Quer\u00e9taro buscamos ser siempre los mejores; en Quer\u00e9taro no caminamos, en Quer\u00e9taro no corremos, en Quer\u00e9taro volamos, y hoy volamos hasta el otro lado del Atl\u00e1ntico\u201d, se\u00f1al\u00f3.<\/p>\n\n\n\n<p>Explic\u00f3 que el vuelo Madrid\u2013Quer\u00e9taro tambi\u00e9n abre nuevas oportunidades para la regi\u00f3n del Baj\u00edo, al convertir al AIQ en una puerta de entrada internacional que conecta a distintos estados del centro del pa\u00eds con el mercado europeo, fortaleciendo la competitividad regional.<\/p>\n\n\n\n<p>Asimismo, agradeci\u00f3 la presencia del Embajador de Espa\u00f1a en M\u00e9xico y de los directivos de Iberojet, a quienes reconoci\u00f3 el apoyo e impulso para concretar este vuelo. De igual manera refiri\u00f3 que el pa\u00eds ib\u00e9rico es el segundo socio comercial de Quer\u00e9taro, adem\u00e1s de fortalecer su relaci\u00f3n a trav\u00e9s del idioma, la gastronom\u00eda y las tradiciones.<\/p>\n\n\n<div class=\"wp-block-image\">\n<figure class=\"aligncenter size-large is-resized\"><img decoding=\"async\" loading=\"lazy\" width=\"1024\" height=\"576\" src=\"https:\/\/nitu.mx\/wp-content\/uploads\/2025\/12\/Queretaro-vuelo-Iberojet-Madrid-ceremonia-1024x576.jpg\" alt=\"\" class=\"wp-image-85309\" style=\"aspect-ratio:1.7777777777777777;width:812px;height:auto\" srcset=\"https:\/\/nitu.mx\/wp-content\/uploads\/2025\/12\/Queretaro-vuelo-Iberojet-Madrid-ceremonia-1024x576.jpg 1024w, https:\/\/nitu.mx\/wp-content\/uploads\/2025\/12\/Queretaro-vuelo-Iberojet-Madrid-ceremonia-300x168.jpg 300w, https:\/\/nitu.mx\/wp-content\/uploads\/2025\/12\/Queretaro-vuelo-Iberojet-Madrid-ceremonia-768x432.jpg 768w, https:\/\/nitu.mx\/wp-content\/uploads\/2025\/12\/Queretaro-vuelo-Iberojet-Madrid-ceremonia-990x557.jpg 990w, https:\/\/nitu.mx\/wp-content\/uploads\/2025\/12\/Queretaro-vuelo-Iberojet-Madrid-ceremonia-470x264.jpg 470w, https:\/\/nitu.mx\/wp-content\/uploads\/2025\/12\/Queretaro-vuelo-Iberojet-Madrid-ceremonia-640x360.jpg 640w, https:\/\/nitu.mx\/wp-content\/uploads\/2025\/12\/Queretaro-vuelo-Iberojet-Madrid-ceremonia-215x120.jpg 215w, https:\/\/nitu.mx\/wp-content\/uploads\/2025\/12\/Queretaro-vuelo-Iberojet-Madrid-ceremonia-414x232.jpg 414w, https:\/\/nitu.mx\/wp-content\/uploads\/2025\/12\/Queretaro-vuelo-Iberojet-Madrid-ceremonia.jpg 1200w\" sizes=\"(max-width: 1024px) 100vw, 1024px\" \/><\/figure><\/div>\n\n\n<p>Reconoci\u00f3 al exgobernador Ignacio Loyola Vera como un visionario que se atrevi\u00f3 a so\u00f1ar, al ser el promotor de la construcci\u00f3n del Aeropuerto Intercontinental de Quer\u00e9taro, puerto log\u00edstico que, gracias a su desarrollo, ha representado para la entidad un antes y un despu\u00e9s.<\/p>\n\n\n\n<p>En su oportunidad, el Embajador de Espa\u00f1a en M\u00e9xico, Juan Duarte Cuadrado, resalt\u00f3 a Quer\u00e9taro como un protagonista, en un momento en el que el mundo estar\u00e1 pendiente del Mundial de Futbol que se llevar\u00e1 a cabo en M\u00e9xico, Estados Unidos y Canad\u00e1; adem\u00e1s de su participaci\u00f3n activa en la Feria Internacional de Turismo de Madrid (FITUR) a realizarse en el mes de enero pr\u00f3ximo, donde M\u00e9xico ser\u00e1 el pa\u00eds socio.<\/p>\n\n\n\n<p>Asimismo, el director Comercial de la aerol\u00ednea Iberojet, Mario Dom\u00ednguez V\u00e1zquez, subray\u00f3 que el inicio del vuelo Quer\u00e9taro-Madrid es el resultado coordinado de varios meses de trabajo, desde enero de este a\u00f1o, cuando comenzaron las negociaciones y acercamientos entre el Gobierno Estatal y la aerol\u00ednea.<\/p>\n\n\n\n<p>Con el inicio de operaciones de esta nueva ruta, Quer\u00e9taro ampl\u00eda su conectividad a\u00e9rea internacional y fortalece su posicionamiento como un destino estrat\u00e9gico para el turismo, los negocios y la inversi\u00f3n. (<a href=\"https:\/\/nitu.mx\/index.php\/2025\/12\/02\/ramada-encore-queretaro-se-alista-para-recibir-a-los-viajeros-en-la-temporada-vacacional\/\">Ramada Encore Quer\u00e9taro se alista para recibir a los viajeros en la temporada vacacional<\/a>).<\/p>\n","protected":false},"excerpt":{"rendered":"<p>El gobernador de Quer\u00e9taro, Mauricio Kuri Gonz\u00e1lez, acompa\u00f1ado por el Embajador de Espa\u00f1a en M\u00e9xico, Juan Duarte Cuadrado, encabez\u00f3 en el Aeropuerto Intercontinental de Quer\u00e9taro (AIQ) la ceremonia para recibir el primer vuelo directo procedente de Madrid, Espa\u00f1a, operado por la aerol\u00ednea Iberojet, que marca el inicio de una nueva ruta a\u00e9rea internacional que fortalece [&hellip;]<\/p>\n","protected":false},"author":17,"featured_media":85307,"comment_status":"closed","ping_status":"closed","sticky":false,"template":"","format":"standard","meta":{"footnotes":""},"categories":[29],"tags":[3953,21646,126,61],"yoast_head":"<!-- This site is optimized with the Yoast SEO plugin v22.2 - https:\/\/yoast.com\/wordpress\/plugins\/seo\/ -->\n<title>Quer\u00e9taro recibe el primer vuelo directo de Madrid - Nitu - Noticias de la Industria Turistica<\/title>\n<meta name=\"robots\" content=\"index, follow, max-snippet:-1, max-image-preview:large, max-video-preview:-1\" \/>\n<link rel=\"canonical\" href=\"https:\/\/nitu.mx\/index.php\/2025\/12\/22\/queretaro-recibe-el-primer-vuelo-directo-de-madrid\/\" \/>\n<meta name=\"twitter:card\" content=\"summary_large_image\" \/>\n<meta name=\"twitter:title\" content=\"Quer\u00e9taro recibe el primer vuelo directo de Madrid - Nitu - Noticias de la Industria Turistica\" \/>\n<meta name=\"twitter:description\" content=\"El gobernador de Quer\u00e9taro, Mauricio Kuri Gonz\u00e1lez, acompa\u00f1ado por el Embajador de Espa\u00f1a en M\u00e9xico, Juan Duarte Cuadrado, encabez\u00f3 en el Aeropuerto Intercontinental de Quer\u00e9taro (AIQ) la ceremonia para recibir el primer vuelo directo procedente de Madrid, Espa\u00f1a, operado por la aerol\u00ednea Iberojet, que marca el inicio de una nueva ruta a\u00e9rea internacional que fortalece [&hellip;]\" \/>\n<meta name=\"twitter:image\" content=\"https:\/\/nitu.mx\/wp-content\/uploads\/2025\/12\/Queretaro-vuelo-Iberojet-Madrid.jpg\" \/>\n<meta name=\"twitter:creator\" content=\"@NITUmx\" \/>\n<meta name=\"twitter:site\" content=\"@Arturo_Medina_G\" \/>\n<meta name=\"twitter:label1\" content=\"Escrito por\" \/>\n\t<meta name=\"twitter:data1\" content=\"Redacci\u00f3n\" \/>\n\t<meta name=\"twitter:label2\" content=\"Tiempo de lectura\" \/>\n\t<meta name=\"twitter:data2\" content=\"3 minutos\" \/>\n<script type=\"application\/ld+json\" class=\"yoast-schema-graph\">{\"@context\":\"https:\/\/schema.org\",\"@graph\":[{\"@type\":\"Article\",\"@id\":\"https:\/\/nitu.mx\/index.php\/2025\/12\/22\/queretaro-recibe-el-primer-vuelo-directo-de-madrid\/#article\",\"isPartOf\":{\"@id\":\"https:\/\/nitu.mx\/index.php\/2025\/12\/22\/queretaro-recibe-el-primer-vuelo-directo-de-madrid\/\"},\"author\":{\"name\":\"Redacci\u00f3n\",\"@id\":\"https:\/\/nitu.mx\/#\/schema\/person\/4a28fe9bd65924f7c90623773daf1b0b\"},\"headline\":\"Quer\u00e9taro recibe el primer vuelo directo de Madrid\",\"datePublished\":\"2025-12-23T03:10:06+00:00\",\"dateModified\":\"2025-12-23T03:10:07+00:00\",\"mainEntityOfPage\":{\"@id\":\"https:\/\/nitu.mx\/index.php\/2025\/12\/22\/queretaro-recibe-el-primer-vuelo-directo-de-madrid\/\"},\"wordCount\":517,\"publisher\":{\"@id\":\"https:\/\/nitu.mx\/#\/schema\/person\/ae7a53426417292d3dd07b45a33e01bc\"},\"image\":{\"@id\":\"https:\/\/nitu.mx\/index.php\/2025\/12\/22\/queretaro-recibe-el-primer-vuelo-directo-de-madrid\/#primaryimage\"},\"thumbnailUrl\":\"https:\/\/nitu.mx\/wp-content\/uploads\/2025\/12\/Queretaro-vuelo-Iberojet-Madrid.jpg\",\"keywords\":[\"conectividad\",\"Iberojet\",\"Madrid\",\"Quer\u00e9taro\"],\"articleSection\":[\"Aerol\u00edneas\"],\"inLanguage\":\"es-MX\"},{\"@type\":\"WebPage\",\"@id\":\"https:\/\/nitu.mx\/index.php\/2025\/12\/22\/queretaro-recibe-el-primer-vuelo-directo-de-madrid\/\",\"url\":\"https:\/\/nitu.mx\/index.php\/2025\/12\/22\/queretaro-recibe-el-primer-vuelo-directo-de-madrid\/\",\"name\":\"Quer\u00e9taro recibe el primer vuelo directo de Madrid - Nitu - Noticias de la Industria Turistica\",\"isPartOf\":{\"@id\":\"https:\/\/nitu.mx\/#website\"},\"primaryImageOfPage\":{\"@id\":\"https:\/\/nitu.mx\/index.php\/2025\/12\/22\/queretaro-recibe-el-primer-vuelo-directo-de-madrid\/#primaryimage\"},\"image\":{\"@id\":\"https:\/\/nitu.mx\/index.php\/2025\/12\/22\/queretaro-recibe-el-primer-vuelo-directo-de-madrid\/#primaryimage\"},\"thumbnailUrl\":\"https:\/\/nitu.mx\/wp-content\/uploads\/2025\/12\/Queretaro-vuelo-Iberojet-Madrid.jpg\",\"datePublished\":\"2025-12-23T03:10:06+00:00\",\"dateModified\":\"2025-12-23T03:10:07+00:00\",\"breadcrumb\":{\"@id\":\"https:\/\/nitu.mx\/index.php\/2025\/12\/22\/queretaro-recibe-el-primer-vuelo-directo-de-madrid\/#breadcrumb\"},\"inLanguage\":\"es-MX\",\"potentialAction\":[{\"@type\":\"ReadAction\",\"target\":[\"https:\/\/nitu.mx\/index.php\/2025\/12\/22\/queretaro-recibe-el-primer-vuelo-directo-de-madrid\/\"]}]},{\"@type\":\"ImageObject\",\"inLanguage\":\"es-MX\",\"@id\":\"https:\/\/nitu.mx\/index.php\/2025\/12\/22\/queretaro-recibe-el-primer-vuelo-directo-de-madrid\/#primaryimage\",\"url\":\"https:\/\/nitu.mx\/wp-content\/uploads\/2025\/12\/Queretaro-vuelo-Iberojet-Madrid.jpg\",\"contentUrl\":\"https:\/\/nitu.mx\/wp-content\/uploads\/2025\/12\/Queretaro-vuelo-Iberojet-Madrid.jpg\",\"width\":1200,\"height\":675,\"caption\":\"Quer\u00e9taro vuelo Iberojet Madrid\"},{\"@type\":\"BreadcrumbList\",\"@id\":\"https:\/\/nitu.mx\/index.php\/2025\/12\/22\/queretaro-recibe-el-primer-vuelo-directo-de-madrid\/#breadcrumb\",\"itemListElement\":[{\"@type\":\"ListItem\",\"position\":1,\"name\":\"Inicio\",\"item\":\"https:\/\/nitu.mx\/\"},{\"@type\":\"ListItem\",\"position\":2,\"name\":\"Quer\u00e9taro recibe el primer vuelo directo de Madrid\"}]},{\"@type\":\"WebSite\",\"@id\":\"https:\/\/nitu.mx\/#website\",\"url\":\"https:\/\/nitu.mx\/\",\"name\":\"Nitu - Noticias de la Industria Turistica\",\"description\":\"Noticias de la Industria Turistica\",\"publisher\":{\"@id\":\"https:\/\/nitu.mx\/#\/schema\/person\/ae7a53426417292d3dd07b45a33e01bc\"},\"alternateName\":\"Noticias de la Industria Turistica\",\"potentialAction\":[{\"@type\":\"SearchAction\",\"target\":{\"@type\":\"EntryPoint\",\"urlTemplate\":\"https:\/\/nitu.mx\/?s={search_term_string}\"},\"query-input\":\"required name=search_term_string\"}],\"inLanguage\":\"es-MX\"},{\"@type\":[\"Person\",\"Organization\"],\"@id\":\"https:\/\/nitu.mx\/#\/schema\/person\/ae7a53426417292d3dd07b45a33e01bc\",\"name\":\"Arturo Medina\",\"image\":{\"@type\":\"ImageObject\",\"inLanguage\":\"es-MX\",\"@id\":\"https:\/\/nitu.mx\/#\/schema\/person\/image\/\",\"url\":\"https:\/\/nitu.mx\/wp-content\/uploads\/2024\/04\/4A315622-1904-4D5C-B022-878CDC840E04-90x90-1.jpeg\",\"contentUrl\":\"https:\/\/nitu.mx\/wp-content\/uploads\/2024\/04\/4A315622-1904-4D5C-B022-878CDC840E04-90x90-1.jpeg\",\"width\":90,\"height\":90,\"caption\":\"Arturo Medina\"},\"logo\":{\"@id\":\"https:\/\/nitu.mx\/#\/schema\/person\/image\/\"},\"description\":\"Director NITU.mx, Egresado de la Escuela de Periodismo Carlos Septi\u00e9n Garc\u00eda. Periodista y analista especializado en turismo desde hace 35 a\u00f1os, radicado en Canc\u00fan Q.Roo. arturo@nitu.mx\",\"sameAs\":[\"https:\/\/nitu.mx\",\"https:\/\/www.facebook.com\/NITUmx\/\",\"medinacancun\",\"https:\/\/twitter.com\/@Arturo_Medina_G\"]},{\"@type\":\"Person\",\"@id\":\"https:\/\/nitu.mx\/#\/schema\/person\/4a28fe9bd65924f7c90623773daf1b0b\",\"name\":\"Redacci\u00f3n\",\"image\":{\"@type\":\"ImageObject\",\"inLanguage\":\"es-MX\",\"@id\":\"https:\/\/nitu.mx\/#\/schema\/person\/image\/\",\"url\":\"https:\/\/secure.gravatar.com\/avatar\/5dd011c8ccfc5cd7e4c81e42252aab38?s=96&d=mm&r=g\",\"contentUrl\":\"https:\/\/secure.gravatar.com\/avatar\/5dd011c8ccfc5cd7e4c81e42252aab38?s=96&d=mm&r=g\",\"caption\":\"Redacci\u00f3n\"},\"url\":\"https:\/\/nitu.mx\/index.php\/author\/redaccion\/\"}]}<\/script>\n<!-- \/ Yoast SEO plugin. -->","yoast_head_json":{"title":"Quer\u00e9taro recibe el primer vuelo directo de Madrid - Nitu - Noticias de la Industria Turistica","robots":{"index":"index","follow":"follow","max-snippet":"max-snippet:-1","max-image-preview":"max-image-preview:large","max-video-preview":"max-video-preview:-1"},"canonical":"https:\/\/nitu.mx\/index.php\/2025\/12\/22\/queretaro-recibe-el-primer-vuelo-directo-de-madrid\/","twitter_card":"summary_large_image","twitter_title":"Quer\u00e9taro recibe el primer vuelo directo de Madrid - Nitu - Noticias de la Industria Turistica","twitter_description":"El gobernador de Quer\u00e9taro, Mauricio Kuri Gonz\u00e1lez, acompa\u00f1ado por el Embajador de Espa\u00f1a en M\u00e9xico, Juan Duarte Cuadrado, encabez\u00f3 en el Aeropuerto Intercontinental de Quer\u00e9taro (AIQ) la ceremonia para recibir el primer vuelo directo procedente de Madrid, Espa\u00f1a, operado por la aerol\u00ednea Iberojet, que marca el inicio de una nueva ruta a\u00e9rea internacional que fortalece [&hellip;]","twitter_image":"https:\/\/nitu.mx\/wp-content\/uploads\/2025\/12\/Queretaro-vuelo-Iberojet-Madrid.jpg","twitter_creator":"@NITUmx","twitter_site":"@Arturo_Medina_G","twitter_misc":{"Escrito por":"Redacci\u00f3n","Tiempo de lectura":"3 minutos"},"schema":{"@context":"https:\/\/schema.org","@graph":[{"@type":"Article","@id":"https:\/\/nitu.mx\/index.php\/2025\/12\/22\/queretaro-recibe-el-primer-vuelo-directo-de-madrid\/#article","isPartOf":{"@id":"https:\/\/nitu.mx\/index.php\/2025\/12\/22\/queretaro-recibe-el-primer-vuelo-directo-de-madrid\/"},"author":{"name":"Redacci\u00f3n","@id":"https:\/\/nitu.mx\/#\/schema\/person\/4a28fe9bd65924f7c90623773daf1b0b"},"headline":"Quer\u00e9taro recibe el primer vuelo directo de Madrid","datePublished":"2025-12-23T03:10:06+00:00","dateModified":"2025-12-23T03:10:07+00:00","mainEntityOfPage":{"@id":"https:\/\/nitu.mx\/index.php\/2025\/12\/22\/queretaro-recibe-el-primer-vuelo-directo-de-madrid\/"},"wordCount":517,"publisher":{"@id":"https:\/\/nitu.mx\/#\/schema\/person\/ae7a53426417292d3dd07b45a33e01bc"},"image":{"@id":"https:\/\/nitu.mx\/index.php\/2025\/12\/22\/queretaro-recibe-el-primer-vuelo-directo-de-madrid\/#primaryimage"},"thumbnailUrl":"https:\/\/nitu.mx\/wp-content\/uploads\/2025\/12\/Queretaro-vuelo-Iberojet-Madrid.jpg","keywords":["conectividad","Iberojet","Madrid","Quer\u00e9taro"],"articleSection":["Aerol\u00edneas"],"inLanguage":"es-MX"},{"@type":"WebPage","@id":"https:\/\/nitu.mx\/index.php\/2025\/12\/22\/queretaro-recibe-el-primer-vuelo-directo-de-madrid\/","url":"https:\/\/nitu.mx\/index.php\/2025\/12\/22\/queretaro-recibe-el-primer-vuelo-directo-de-madrid\/","name":"Quer\u00e9taro recibe el primer vuelo directo de Madrid - Nitu - Noticias de la Industria Turistica","isPartOf":{"@id":"https:\/\/nitu.mx\/#website"},"primaryImageOfPage":{"@id":"https:\/\/nitu.mx\/index.php\/2025\/12\/22\/queretaro-recibe-el-primer-vuelo-directo-de-madrid\/#primaryimage"},"image":{"@id":"https:\/\/nitu.mx\/index.php\/2025\/12\/22\/queretaro-recibe-el-primer-vuelo-directo-de-madrid\/#primaryimage"},"thumbnailUrl":"https:\/\/nitu.mx\/wp-content\/uploads\/2025\/12\/Queretaro-vuelo-Iberojet-Madrid.jpg","datePublished":"2025-12-23T03:10:06+00:00","dateModified":"2025-12-23T03:10:07+00:00","breadcrumb":{"@id":"https:\/\/nitu.mx\/index.php\/2025\/12\/22\/queretaro-recibe-el-primer-vuelo-directo-de-madrid\/#breadcrumb"},"inLanguage":"es-MX","potentialAction":[{"@type":"ReadAction","target":["https:\/\/nitu.mx\/index.php\/2025\/12\/22\/queretaro-recibe-el-primer-vuelo-directo-de-madrid\/"]}]},{"@type":"ImageObject","inLanguage":"es-MX","@id":"https:\/\/nitu.mx\/index.php\/2025\/12\/22\/queretaro-recibe-el-primer-vuelo-directo-de-madrid\/#primaryimage","url":"https:\/\/nitu.mx\/wp-content\/uploads\/2025\/12\/Queretaro-vuelo-Iberojet-Madrid.jpg","contentUrl":"https:\/\/nitu.mx\/wp-content\/uploads\/2025\/12\/Queretaro-vuelo-Iberojet-Madrid.jpg","width":1200,"height":675,"caption":"Quer\u00e9taro vuelo Iberojet Madrid"},{"@type":"BreadcrumbList","@id":"https:\/\/nitu.mx\/index.php\/2025\/12\/22\/queretaro-recibe-el-primer-vuelo-directo-de-madrid\/#breadcrumb","itemListElement":[{"@type":"ListItem","position":1,"name":"Inicio","item":"https:\/\/nitu.mx\/"},{"@type":"ListItem","position":2,"name":"Quer\u00e9taro recibe el primer vuelo directo de Madrid"}]},{"@type":"WebSite","@id":"https:\/\/nitu.mx\/#website","url":"https:\/\/nitu.mx\/","name":"Nitu - Noticias de la Industria Turistica","description":"Noticias de la Industria Turistica","publisher":{"@id":"https:\/\/nitu.mx\/#\/schema\/person\/ae7a53426417292d3dd07b45a33e01bc"},"alternateName":"Noticias de la Industria Turistica","potentialAction":[{"@type":"SearchAction","target":{"@type":"EntryPoint","urlTemplate":"https:\/\/nitu.mx\/?s={search_term_string}"},"query-input":"required name=search_term_string"}],"inLanguage":"es-MX"},{"@type":["Person","Organization"],"@id":"https:\/\/nitu.mx\/#\/schema\/person\/ae7a53426417292d3dd07b45a33e01bc","name":"Arturo Medina","image":{"@type":"ImageObject","inLanguage":"es-MX","@id":"https:\/\/nitu.mx\/#\/schema\/person\/image\/","url":"https:\/\/nitu.mx\/wp-content\/uploads\/2024\/04\/4A315622-1904-4D5C-B022-878CDC840E04-90x90-1.jpeg","contentUrl":"https:\/\/nitu.mx\/wp-content\/uploads\/2024\/04\/4A315622-1904-4D5C-B022-878CDC840E04-90x90-1.jpeg","width":90,"height":90,"caption":"Arturo Medina"},"logo":{"@id":"https:\/\/nitu.mx\/#\/schema\/person\/image\/"},"description":"Director NITU.mx, Egresado de la Escuela de Periodismo Carlos Septi\u00e9n Garc\u00eda. Periodista y analista especializado en turismo desde hace 35 a\u00f1os, radicado en Canc\u00fan Q.Roo. arturo@nitu.mx","sameAs":["https:\/\/nitu.mx","https:\/\/www.facebook.com\/NITUmx\/","medinacancun","https:\/\/twitter.com\/@Arturo_Medina_G"]},{"@type":"Person","@id":"https:\/\/nitu.mx\/#\/schema\/person\/4a28fe9bd65924f7c90623773daf1b0b","name":"Redacci\u00f3n","image":{"@type":"ImageObject","inLanguage":"es-MX","@id":"https:\/\/nitu.mx\/#\/schema\/person\/image\/","url":"https:\/\/secure.gravatar.com\/avatar\/5dd011c8ccfc5cd7e4c81e42252aab38?s=96&d=mm&r=g","contentUrl":"https:\/\/secure.gravatar.com\/avatar\/5dd011c8ccfc5cd7e4c81e42252aab38?s=96&d=mm&r=g","caption":"Redacci\u00f3n"},"url":"https:\/\/nitu.mx\/index.php\/author\/redaccion\/"}]}},"views":445,"_links":{"self":[{"href":"https:\/\/nitu.mx\/index.php\/wp-json\/wp\/v2\/posts\/85304"}],"collection":[{"href":"https:\/\/nitu.mx\/index.php\/wp-json\/wp\/v2\/posts"}],"about":[{"href":"https:\/\/nitu.mx\/index.php\/wp-json\/wp\/v2\/types\/post"}],"author":[{"embeddable":true,"href":"https:\/\/nitu.mx\/index.php\/wp-json\/wp\/v2\/users\/17"}],"replies":[{"embeddable":true,"href":"https:\/\/nitu.mx\/index.php\/wp-json\/wp\/v2\/comments?post=85304"}],"version-history":[{"count":2,"href":"https:\/\/nitu.mx\/index.php\/wp-json\/wp\/v2\/posts\/85304\/revisions"}],"predecessor-version":[{"id":85310,"href":"https:\/\/nitu.mx\/index.php\/wp-json\/wp\/v2\/posts\/85304\/revisions\/85310"}],"wp:featuredmedia":[{"embeddable":true,"href":"https:\/\/nitu.mx\/index.php\/wp-json\/wp\/v2\/media\/85307"}],"wp:attachment":[{"href":"https:\/\/nitu.mx\/index.php\/wp-json\/wp\/v2\/media?parent=85304"}],"wp:term":[{"taxonomy":"category","embeddable":true,"href":"https:\/\/nitu.mx\/index.php\/wp-json\/wp\/v2\/categories?post=85304"},{"taxonomy":"post_tag","embeddable":true,"href":"https:\/\/nitu.mx\/index.php\/wp-json\/wp\/v2\/tags?post=85304"}],"curies":[{"name":"wp","href":"https:\/\/api.w.org\/{rel}","templated":true}]}}