{"id":84740,"date":"2025-11-28T00:57:22","date_gmt":"2025-11-28T06:57:22","guid":{"rendered":"https:\/\/nitu.mx\/?p=84740"},"modified":"2025-11-28T00:57:22","modified_gmt":"2025-11-28T06:57:22","slug":"volaris-defiende-medida-temporal-tras-polemica-por-pilotos-extranjeros","status":"publish","type":"post","link":"https:\/\/nitu.mx\/index.php\/2025\/11\/28\/volaris-defiende-medida-temporal-tras-polemica-por-pilotos-extranjeros\/","title":{"rendered":"Volaris defiende medida temporal tras pol\u00e9mica por pilotos extranjeros"},"content":{"rendered":"\n<p>Lugo de la alerta que lanzaron los pilotos mexicanos, tras la amenaza a la soberan\u00eda nacional por permitir que tripulaciones extranjeras operaran vuelos en M\u00e9xico, y que la AFAC respaldara esa decisi\u00f3n, la aerol\u00ednea mexicana Volaris, involucrada en la acci\u00f3n, emiti\u00f3 su postura en la que defiende esta operaci\u00f3n.<\/p>\n\n\n\n<p>Volaris inform\u00f3 que solicit\u00f3\u00a0autorizaci\u00f3n temporal para arrendar, bajo el esquema de arrendamiento h\u00famedo, hasta siete aeronaves por un periodo limitado de hasta 43 d\u00edas, para garantizar los viajes ya programados por sus clientes durante la temporada alta de fin de a\u00f1o.<\/p>\n\n\n\n<p>Este esquema, sumado al arribo durante los siguientes d\u00edas de tres nuevas aeronaves Airbus, permitir\u00e1 proteger a aquellos pasajeros que vuelan para reunirse con sus seres queridos durante las festividades decembrinas, garantizando as\u00ed la continuidad y calidad del servicio.<\/p>\n\n\n\n<p>Volaris tom\u00f3 esta decisi\u00f3n&nbsp;ante el incremento en el n\u00famero de revisiones a los motores NEO del fabricante Pratt &amp; Whitney (P&amp;W), programadas para diciembre de 2025 y enero de 2026, superior a lo originalmente previsto y que reducir\u00eda la disponibilidad de aeronaves durante esta temporada.<\/p>\n\n\n\n<p>Volaris reafirm\u00f3 su compromiso con sus colaboradores y con el Sindicato de Trabajadores de la Industria Aeron\u00e1utica (STIA), con quien ha acordado que:<\/p>\n\n\n\n<ul>\n<li>No habr\u00e1 afectaciones en la plantilla laboral.<\/li>\n\n\n\n<li>Ning\u00fan colaborador ver\u00e1 reducidas sus jornadas, ni sus horas de vuelo e ingresos.<\/li>\n\n\n\n<li>Todos los vuelos contar\u00e1n con miembros de la tripulaci\u00f3n Volaris.<\/li>\n<\/ul>\n\n\n\n<p>La aerol\u00ednea aclar\u00f3 que este procedimiento, que ha sido utilizado recientemente por otros operadores nacionales, est\u00e1 sustentado en los art\u00edculos 83 Bis del Convenio sobre Aviaci\u00f3n Civil Internacional; art\u00edculo 45, \u00faltimo p\u00e1rrafo de la Ley de Aviaci\u00f3n Civil; art\u00edculo 4 del Reglamento de la Ley de Aviaci\u00f3n Civil, y la Circular Obligatoria CO AV-08.3\/20.<\/p>\n\n\n\n<p>Volaris reiter\u00f3 su compromiso con la seguridad, la confiabilidad operativa, la conectividad y la calidad en el servicio para todos sus pasajeros. (<a href=\"https:\/\/nitu.mx\/index.php\/2025\/11\/25\/alarma-a-pilotos-permiso-para-tripulaciones-extranjeras-en-mexico-afac-responde\/\">Alarma a pilotos permiso para tripulaciones extranjeras en M\u00e9xico, AFAC responde<\/a>).<\/p>\n","protected":false},"excerpt":{"rendered":"<p>Lugo de la alerta que lanzaron los pilotos mexicanos, tras la amenaza a la soberan\u00eda nacional por permitir que tripulaciones extranjeras operaran vuelos en M\u00e9xico, y que la AFAC respaldara esa decisi\u00f3n, la aerol\u00ednea mexicana Volaris, involucrada en la acci\u00f3n, emiti\u00f3 su postura en la que defiende esta operaci\u00f3n. Volaris inform\u00f3 que solicit\u00f3\u00a0autorizaci\u00f3n temporal para [&hellip;]<\/p>\n","protected":false},"author":17,"featured_media":77715,"comment_status":"closed","ping_status":"closed","sticky":false,"template":"","format":"standard","meta":{"footnotes":""},"categories":[29],"tags":[444,3934,4095,131],"yoast_head":"<!-- This site is optimized with the Yoast SEO plugin v22.2 - https:\/\/yoast.com\/wordpress\/plugins\/seo\/ -->\n<title>Volaris defiende medida temporal tras pol\u00e9mica por pilotos extranjeros - Nitu - Noticias de la Industria Turistica<\/title>\n<meta name=\"robots\" content=\"index, follow, max-snippet:-1, max-image-preview:large, max-video-preview:-1\" \/>\n<link rel=\"canonical\" href=\"https:\/\/nitu.mx\/index.php\/2025\/11\/28\/volaris-defiende-medida-temporal-tras-polemica-por-pilotos-extranjeros\/\" \/>\n<meta name=\"twitter:card\" content=\"summary_large_image\" \/>\n<meta name=\"twitter:title\" content=\"Volaris defiende medida temporal tras pol\u00e9mica por pilotos extranjeros - Nitu - Noticias de la Industria Turistica\" \/>\n<meta name=\"twitter:description\" content=\"Lugo de la alerta que lanzaron los pilotos mexicanos, tras la amenaza a la soberan\u00eda nacional por permitir que tripulaciones extranjeras operaran vuelos en M\u00e9xico, y que la AFAC respaldara esa decisi\u00f3n, la aerol\u00ednea mexicana Volaris, involucrada en la acci\u00f3n, emiti\u00f3 su postura en la que defiende esta operaci\u00f3n. Volaris inform\u00f3 que solicit\u00f3\u00a0autorizaci\u00f3n temporal para [&hellip;]\" \/>\n<meta name=\"twitter:image\" content=\"https:\/\/nitu.mx\/wp-content\/uploads\/2024\/12\/Volaris-Avion-142.jpg\" \/>\n<meta name=\"twitter:creator\" content=\"@NITUmx\" \/>\n<meta name=\"twitter:site\" content=\"@Arturo_Medina_G\" \/>\n<meta name=\"twitter:label1\" content=\"Escrito por\" \/>\n\t<meta name=\"twitter:data1\" content=\"Redacci\u00f3n\" \/>\n\t<meta name=\"twitter:label2\" content=\"Tiempo de lectura\" \/>\n\t<meta name=\"twitter:data2\" content=\"2 minutos\" \/>\n<script type=\"application\/ld+json\" class=\"yoast-schema-graph\">{\"@context\":\"https:\/\/schema.org\",\"@graph\":[{\"@type\":\"Article\",\"@id\":\"https:\/\/nitu.mx\/index.php\/2025\/11\/28\/volaris-defiende-medida-temporal-tras-polemica-por-pilotos-extranjeros\/#article\",\"isPartOf\":{\"@id\":\"https:\/\/nitu.mx\/index.php\/2025\/11\/28\/volaris-defiende-medida-temporal-tras-polemica-por-pilotos-extranjeros\/\"},\"author\":{\"name\":\"Redacci\u00f3n\",\"@id\":\"https:\/\/nitu.mx\/#\/schema\/person\/4a28fe9bd65924f7c90623773daf1b0b\"},\"headline\":\"Volaris defiende medida temporal tras pol\u00e9mica por pilotos extranjeros\",\"datePublished\":\"2025-11-28T06:57:22+00:00\",\"dateModified\":\"2025-11-28T06:57:22+00:00\",\"mainEntityOfPage\":{\"@id\":\"https:\/\/nitu.mx\/index.php\/2025\/11\/28\/volaris-defiende-medida-temporal-tras-polemica-por-pilotos-extranjeros\/\"},\"wordCount\":350,\"publisher\":{\"@id\":\"https:\/\/nitu.mx\/#\/schema\/person\/ae7a53426417292d3dd07b45a33e01bc\"},\"image\":{\"@id\":\"https:\/\/nitu.mx\/index.php\/2025\/11\/28\/volaris-defiende-medida-temporal-tras-polemica-por-pilotos-extranjeros\/#primaryimage\"},\"thumbnailUrl\":\"https:\/\/nitu.mx\/wp-content\/uploads\/2024\/12\/Volaris-Avion-142.jpg\",\"keywords\":[\"Airbus\",\"Ley de Aviaci\u00f3n Civil\",\"pilotos\",\"Volaris\"],\"articleSection\":[\"Aerol\u00edneas\"],\"inLanguage\":\"es-MX\"},{\"@type\":\"WebPage\",\"@id\":\"https:\/\/nitu.mx\/index.php\/2025\/11\/28\/volaris-defiende-medida-temporal-tras-polemica-por-pilotos-extranjeros\/\",\"url\":\"https:\/\/nitu.mx\/index.php\/2025\/11\/28\/volaris-defiende-medida-temporal-tras-polemica-por-pilotos-extranjeros\/\",\"name\":\"Volaris defiende medida temporal tras pol\u00e9mica por pilotos extranjeros - Nitu - Noticias de la Industria Turistica\",\"isPartOf\":{\"@id\":\"https:\/\/nitu.mx\/#website\"},\"primaryImageOfPage\":{\"@id\":\"https:\/\/nitu.mx\/index.php\/2025\/11\/28\/volaris-defiende-medida-temporal-tras-polemica-por-pilotos-extranjeros\/#primaryimage\"},\"image\":{\"@id\":\"https:\/\/nitu.mx\/index.php\/2025\/11\/28\/volaris-defiende-medida-temporal-tras-polemica-por-pilotos-extranjeros\/#primaryimage\"},\"thumbnailUrl\":\"https:\/\/nitu.mx\/wp-content\/uploads\/2024\/12\/Volaris-Avion-142.jpg\",\"datePublished\":\"2025-11-28T06:57:22+00:00\",\"dateModified\":\"2025-11-28T06:57:22+00:00\",\"breadcrumb\":{\"@id\":\"https:\/\/nitu.mx\/index.php\/2025\/11\/28\/volaris-defiende-medida-temporal-tras-polemica-por-pilotos-extranjeros\/#breadcrumb\"},\"inLanguage\":\"es-MX\",\"potentialAction\":[{\"@type\":\"ReadAction\",\"target\":[\"https:\/\/nitu.mx\/index.php\/2025\/11\/28\/volaris-defiende-medida-temporal-tras-polemica-por-pilotos-extranjeros\/\"]}]},{\"@type\":\"ImageObject\",\"inLanguage\":\"es-MX\",\"@id\":\"https:\/\/nitu.mx\/index.php\/2025\/11\/28\/volaris-defiende-medida-temporal-tras-polemica-por-pilotos-extranjeros\/#primaryimage\",\"url\":\"https:\/\/nitu.mx\/wp-content\/uploads\/2024\/12\/Volaris-Avion-142.jpg\",\"contentUrl\":\"https:\/\/nitu.mx\/wp-content\/uploads\/2024\/12\/Volaris-Avion-142.jpg\",\"width\":1200,\"height\":675,\"caption\":\"Volaris Avi\u00f3n 142\"},{\"@type\":\"BreadcrumbList\",\"@id\":\"https:\/\/nitu.mx\/index.php\/2025\/11\/28\/volaris-defiende-medida-temporal-tras-polemica-por-pilotos-extranjeros\/#breadcrumb\",\"itemListElement\":[{\"@type\":\"ListItem\",\"position\":1,\"name\":\"Inicio\",\"item\":\"https:\/\/nitu.mx\/\"},{\"@type\":\"ListItem\",\"position\":2,\"name\":\"Volaris defiende medida temporal tras pol\u00e9mica por pilotos extranjeros\"}]},{\"@type\":\"WebSite\",\"@id\":\"https:\/\/nitu.mx\/#website\",\"url\":\"https:\/\/nitu.mx\/\",\"name\":\"Nitu - Noticias de la Industria Turistica\",\"description\":\"Noticias de la Industria Turistica\",\"publisher\":{\"@id\":\"https:\/\/nitu.mx\/#\/schema\/person\/ae7a53426417292d3dd07b45a33e01bc\"},\"alternateName\":\"Noticias de la Industria Turistica\",\"potentialAction\":[{\"@type\":\"SearchAction\",\"target\":{\"@type\":\"EntryPoint\",\"urlTemplate\":\"https:\/\/nitu.mx\/?s={search_term_string}\"},\"query-input\":\"required name=search_term_string\"}],\"inLanguage\":\"es-MX\"},{\"@type\":[\"Person\",\"Organization\"],\"@id\":\"https:\/\/nitu.mx\/#\/schema\/person\/ae7a53426417292d3dd07b45a33e01bc\",\"name\":\"Arturo Medina\",\"image\":{\"@type\":\"ImageObject\",\"inLanguage\":\"es-MX\",\"@id\":\"https:\/\/nitu.mx\/#\/schema\/person\/image\/\",\"url\":\"https:\/\/nitu.mx\/wp-content\/uploads\/2024\/04\/4A315622-1904-4D5C-B022-878CDC840E04-90x90-1.jpeg\",\"contentUrl\":\"https:\/\/nitu.mx\/wp-content\/uploads\/2024\/04\/4A315622-1904-4D5C-B022-878CDC840E04-90x90-1.jpeg\",\"width\":90,\"height\":90,\"caption\":\"Arturo Medina\"},\"logo\":{\"@id\":\"https:\/\/nitu.mx\/#\/schema\/person\/image\/\"},\"description\":\"Director NITU.mx, Egresado de la Escuela de Periodismo Carlos Septi\u00e9n Garc\u00eda. Periodista y analista especializado en turismo desde hace 35 a\u00f1os, radicado en Canc\u00fan Q.Roo. arturo@nitu.mx\",\"sameAs\":[\"https:\/\/nitu.mx\",\"https:\/\/www.facebook.com\/NITUmx\/\",\"medinacancun\",\"https:\/\/twitter.com\/@Arturo_Medina_G\"]},{\"@type\":\"Person\",\"@id\":\"https:\/\/nitu.mx\/#\/schema\/person\/4a28fe9bd65924f7c90623773daf1b0b\",\"name\":\"Redacci\u00f3n\",\"image\":{\"@type\":\"ImageObject\",\"inLanguage\":\"es-MX\",\"@id\":\"https:\/\/nitu.mx\/#\/schema\/person\/image\/\",\"url\":\"https:\/\/secure.gravatar.com\/avatar\/5dd011c8ccfc5cd7e4c81e42252aab38?s=96&d=mm&r=g\",\"contentUrl\":\"https:\/\/secure.gravatar.com\/avatar\/5dd011c8ccfc5cd7e4c81e42252aab38?s=96&d=mm&r=g\",\"caption\":\"Redacci\u00f3n\"},\"url\":\"https:\/\/nitu.mx\/index.php\/author\/redaccion\/\"}]}<\/script>\n<!-- \/ Yoast SEO plugin. -->","yoast_head_json":{"title":"Volaris defiende medida temporal tras pol\u00e9mica por pilotos extranjeros - Nitu - Noticias de la Industria Turistica","robots":{"index":"index","follow":"follow","max-snippet":"max-snippet:-1","max-image-preview":"max-image-preview:large","max-video-preview":"max-video-preview:-1"},"canonical":"https:\/\/nitu.mx\/index.php\/2025\/11\/28\/volaris-defiende-medida-temporal-tras-polemica-por-pilotos-extranjeros\/","twitter_card":"summary_large_image","twitter_title":"Volaris defiende medida temporal tras pol\u00e9mica por pilotos extranjeros - Nitu - Noticias de la Industria Turistica","twitter_description":"Lugo de la alerta que lanzaron los pilotos mexicanos, tras la amenaza a la soberan\u00eda nacional por permitir que tripulaciones extranjeras operaran vuelos en M\u00e9xico, y que la AFAC respaldara esa decisi\u00f3n, la aerol\u00ednea mexicana Volaris, involucrada en la acci\u00f3n, emiti\u00f3 su postura en la que defiende esta operaci\u00f3n. Volaris inform\u00f3 que solicit\u00f3\u00a0autorizaci\u00f3n temporal para [&hellip;]","twitter_image":"https:\/\/nitu.mx\/wp-content\/uploads\/2024\/12\/Volaris-Avion-142.jpg","twitter_creator":"@NITUmx","twitter_site":"@Arturo_Medina_G","twitter_misc":{"Escrito por":"Redacci\u00f3n","Tiempo de lectura":"2 minutos"},"schema":{"@context":"https:\/\/schema.org","@graph":[{"@type":"Article","@id":"https:\/\/nitu.mx\/index.php\/2025\/11\/28\/volaris-defiende-medida-temporal-tras-polemica-por-pilotos-extranjeros\/#article","isPartOf":{"@id":"https:\/\/nitu.mx\/index.php\/2025\/11\/28\/volaris-defiende-medida-temporal-tras-polemica-por-pilotos-extranjeros\/"},"author":{"name":"Redacci\u00f3n","@id":"https:\/\/nitu.mx\/#\/schema\/person\/4a28fe9bd65924f7c90623773daf1b0b"},"headline":"Volaris defiende medida temporal tras pol\u00e9mica por pilotos extranjeros","datePublished":"2025-11-28T06:57:22+00:00","dateModified":"2025-11-28T06:57:22+00:00","mainEntityOfPage":{"@id":"https:\/\/nitu.mx\/index.php\/2025\/11\/28\/volaris-defiende-medida-temporal-tras-polemica-por-pilotos-extranjeros\/"},"wordCount":350,"publisher":{"@id":"https:\/\/nitu.mx\/#\/schema\/person\/ae7a53426417292d3dd07b45a33e01bc"},"image":{"@id":"https:\/\/nitu.mx\/index.php\/2025\/11\/28\/volaris-defiende-medida-temporal-tras-polemica-por-pilotos-extranjeros\/#primaryimage"},"thumbnailUrl":"https:\/\/nitu.mx\/wp-content\/uploads\/2024\/12\/Volaris-Avion-142.jpg","keywords":["Airbus","Ley de Aviaci\u00f3n Civil","pilotos","Volaris"],"articleSection":["Aerol\u00edneas"],"inLanguage":"es-MX"},{"@type":"WebPage","@id":"https:\/\/nitu.mx\/index.php\/2025\/11\/28\/volaris-defiende-medida-temporal-tras-polemica-por-pilotos-extranjeros\/","url":"https:\/\/nitu.mx\/index.php\/2025\/11\/28\/volaris-defiende-medida-temporal-tras-polemica-por-pilotos-extranjeros\/","name":"Volaris defiende medida temporal tras pol\u00e9mica por pilotos extranjeros - Nitu - Noticias de la Industria Turistica","isPartOf":{"@id":"https:\/\/nitu.mx\/#website"},"primaryImageOfPage":{"@id":"https:\/\/nitu.mx\/index.php\/2025\/11\/28\/volaris-defiende-medida-temporal-tras-polemica-por-pilotos-extranjeros\/#primaryimage"},"image":{"@id":"https:\/\/nitu.mx\/index.php\/2025\/11\/28\/volaris-defiende-medida-temporal-tras-polemica-por-pilotos-extranjeros\/#primaryimage"},"thumbnailUrl":"https:\/\/nitu.mx\/wp-content\/uploads\/2024\/12\/Volaris-Avion-142.jpg","datePublished":"2025-11-28T06:57:22+00:00","dateModified":"2025-11-28T06:57:22+00:00","breadcrumb":{"@id":"https:\/\/nitu.mx\/index.php\/2025\/11\/28\/volaris-defiende-medida-temporal-tras-polemica-por-pilotos-extranjeros\/#breadcrumb"},"inLanguage":"es-MX","potentialAction":[{"@type":"ReadAction","target":["https:\/\/nitu.mx\/index.php\/2025\/11\/28\/volaris-defiende-medida-temporal-tras-polemica-por-pilotos-extranjeros\/"]}]},{"@type":"ImageObject","inLanguage":"es-MX","@id":"https:\/\/nitu.mx\/index.php\/2025\/11\/28\/volaris-defiende-medida-temporal-tras-polemica-por-pilotos-extranjeros\/#primaryimage","url":"https:\/\/nitu.mx\/wp-content\/uploads\/2024\/12\/Volaris-Avion-142.jpg","contentUrl":"https:\/\/nitu.mx\/wp-content\/uploads\/2024\/12\/Volaris-Avion-142.jpg","width":1200,"height":675,"caption":"Volaris Avi\u00f3n 142"},{"@type":"BreadcrumbList","@id":"https:\/\/nitu.mx\/index.php\/2025\/11\/28\/volaris-defiende-medida-temporal-tras-polemica-por-pilotos-extranjeros\/#breadcrumb","itemListElement":[{"@type":"ListItem","position":1,"name":"Inicio","item":"https:\/\/nitu.mx\/"},{"@type":"ListItem","position":2,"name":"Volaris defiende medida temporal tras pol\u00e9mica por pilotos extranjeros"}]},{"@type":"WebSite","@id":"https:\/\/nitu.mx\/#website","url":"https:\/\/nitu.mx\/","name":"Nitu - Noticias de la Industria Turistica","description":"Noticias de la Industria Turistica","publisher":{"@id":"https:\/\/nitu.mx\/#\/schema\/person\/ae7a53426417292d3dd07b45a33e01bc"},"alternateName":"Noticias de la Industria Turistica","potentialAction":[{"@type":"SearchAction","target":{"@type":"EntryPoint","urlTemplate":"https:\/\/nitu.mx\/?s={search_term_string}"},"query-input":"required name=search_term_string"}],"inLanguage":"es-MX"},{"@type":["Person","Organization"],"@id":"https:\/\/nitu.mx\/#\/schema\/person\/ae7a53426417292d3dd07b45a33e01bc","name":"Arturo Medina","image":{"@type":"ImageObject","inLanguage":"es-MX","@id":"https:\/\/nitu.mx\/#\/schema\/person\/image\/","url":"https:\/\/nitu.mx\/wp-content\/uploads\/2024\/04\/4A315622-1904-4D5C-B022-878CDC840E04-90x90-1.jpeg","contentUrl":"https:\/\/nitu.mx\/wp-content\/uploads\/2024\/04\/4A315622-1904-4D5C-B022-878CDC840E04-90x90-1.jpeg","width":90,"height":90,"caption":"Arturo Medina"},"logo":{"@id":"https:\/\/nitu.mx\/#\/schema\/person\/image\/"},"description":"Director NITU.mx, Egresado de la Escuela de Periodismo Carlos Septi\u00e9n Garc\u00eda. Periodista y analista especializado en turismo desde hace 35 a\u00f1os, radicado en Canc\u00fan Q.Roo. arturo@nitu.mx","sameAs":["https:\/\/nitu.mx","https:\/\/www.facebook.com\/NITUmx\/","medinacancun","https:\/\/twitter.com\/@Arturo_Medina_G"]},{"@type":"Person","@id":"https:\/\/nitu.mx\/#\/schema\/person\/4a28fe9bd65924f7c90623773daf1b0b","name":"Redacci\u00f3n","image":{"@type":"ImageObject","inLanguage":"es-MX","@id":"https:\/\/nitu.mx\/#\/schema\/person\/image\/","url":"https:\/\/secure.gravatar.com\/avatar\/5dd011c8ccfc5cd7e4c81e42252aab38?s=96&d=mm&r=g","contentUrl":"https:\/\/secure.gravatar.com\/avatar\/5dd011c8ccfc5cd7e4c81e42252aab38?s=96&d=mm&r=g","caption":"Redacci\u00f3n"},"url":"https:\/\/nitu.mx\/index.php\/author\/redaccion\/"}]}},"views":377,"_links":{"self":[{"href":"https:\/\/nitu.mx\/index.php\/wp-json\/wp\/v2\/posts\/84740"}],"collection":[{"href":"https:\/\/nitu.mx\/index.php\/wp-json\/wp\/v2\/posts"}],"about":[{"href":"https:\/\/nitu.mx\/index.php\/wp-json\/wp\/v2\/types\/post"}],"author":[{"embeddable":true,"href":"https:\/\/nitu.mx\/index.php\/wp-json\/wp\/v2\/users\/17"}],"replies":[{"embeddable":true,"href":"https:\/\/nitu.mx\/index.php\/wp-json\/wp\/v2\/comments?post=84740"}],"version-history":[{"count":2,"href":"https:\/\/nitu.mx\/index.php\/wp-json\/wp\/v2\/posts\/84740\/revisions"}],"predecessor-version":[{"id":84755,"href":"https:\/\/nitu.mx\/index.php\/wp-json\/wp\/v2\/posts\/84740\/revisions\/84755"}],"wp:featuredmedia":[{"embeddable":true,"href":"https:\/\/nitu.mx\/index.php\/wp-json\/wp\/v2\/media\/77715"}],"wp:attachment":[{"href":"https:\/\/nitu.mx\/index.php\/wp-json\/wp\/v2\/media?parent=84740"}],"wp:term":[{"taxonomy":"category","embeddable":true,"href":"https:\/\/nitu.mx\/index.php\/wp-json\/wp\/v2\/categories?post=84740"},{"taxonomy":"post_tag","embeddable":true,"href":"https:\/\/nitu.mx\/index.php\/wp-json\/wp\/v2\/tags?post=84740"}],"curies":[{"name":"wp","href":"https:\/\/api.w.org\/{rel}","templated":true}]}}