{"id":84700,"date":"2025-11-25T22:00:00","date_gmt":"2025-11-26T04:00:00","guid":{"rendered":"https:\/\/nitu.mx\/?p=84700"},"modified":"2025-11-25T20:38:27","modified_gmt":"2025-11-26T02:38:27","slug":"alarma-a-pilotos-permiso-para-tripulaciones-extranjeras-en-mexico-afac-responde","status":"publish","type":"post","link":"https:\/\/nitu.mx\/index.php\/2025\/11\/25\/alarma-a-pilotos-permiso-para-tripulaciones-extranjeras-en-mexico-afac-responde\/","title":{"rendered":"Alarma a pilotos permiso para tripulaciones extranjeras en M\u00e9xico, AFAC responde"},"content":{"rendered":"\n<p>Ante la autorizaci\u00f3n que permite que la aerol\u00ednea mexicana de bajo costo, Volaris, opere vuelos nacionales con tripulaci\u00f3n extranjera del 1 de diciembre de 2025 al 12 de enero de 2026, este gremio alz\u00f3 la voz ante una evidente violaci\u00f3n a la Constituci\u00f3n que de acuerdo a la ley viola la soberan\u00eda nacional; y lo que eventualmente podr\u00eda convertirse en una apertura total. <\/p>\n\n\n\n<p>El Colegio de Pilotos Aviadores de M\u00e9xico refiri\u00f3 que en 2023, advirti\u00f3 a la administraci\u00f3n anterior de la AFAC que autorizar un esquema similar como &#8220;caso \u00fanico y excepcional&#8221; abrir\u00eda la puerta a repetir pr\u00e1cticas que vulneran la soberan\u00eda del pa\u00eds. Hoy, se\u00f1alan, lamentablemente, ese precedente se est\u00e1 intentando aprovechar.<\/p>\n\n\n\n<p>&#8220;Cuando se ignora la ley una vez, se env\u00eda el mensaje equivocado: que M\u00e9xico puede estirarse a conveniencia. Pero un pa\u00eds que defiende su soberan\u00eda no est\u00e1 para presiones ni para interpretaciones a modo. M\u00e9xico se respeta&#8221;,  advierte el Colegio de Pilotos.<\/p>\n\n\n\n<p>El organismo agrega: &#8220;M\u00e9xico s\u00ed tiene pilotos: profesionistas mexicanos, certificados y listos para volar. No existe justificaci\u00f3n t\u00e9cnica ni legal para reemplazarlos con tripulaciones extranjeras. Adem\u00e1s, esta autorizaci\u00f3n contradice la pol\u00edtica nacional de defensa de la soberan\u00eda impulsada por la actual administraci\u00f3n y se opone al compromiso presidencial de generar 100 mil empleos al a\u00f1o para mexicanas y mexicanos dentro del Plan M\u00e9xico&#8221;.<\/p>\n\n\n\n<p>De acuerdo con los pilotos, si una aerol\u00ednea solo puede cumplir sus compromisos rompiendo la ley, el problema no es la ley: es la administraci\u00f3n de la aerol\u00ednea, poniendo en riesgo el trabajo de los pilotos mexicanos. el Estado debe garantizar la correcta aplicaci\u00f3n de la concesi\u00f3n bajo el marco legal.<\/p>\n\n\n\n<p>En ese tenor, solicitaron a la Secretar\u00eda de Infraestructura, Comunicaciones y Transportes (SICT) que ejerza su obligaci\u00f3n de corregir esta irregularidad y ordene a la AFAC revocar las autorizaciones que contravienen las leyes mexicanas. &#8220;La ley no admite violaciones parciales ni provisionales. Debe garantizarse que el cielo mexicano se opere conforme a derecho: por pilotos mexicanos y bajo reglas mexicanas. El Colegio se compromete a colaborar con la autoridad para asegurar que la aviaci\u00f3n mexicana opere dentro del marco legal vigente&#8221;.<\/p>\n\n\n\n<p>Por su parte, la Asociaci\u00f3n Sindical de Pilotos Aviadores de M\u00e9xico (ASPA) resalt\u00f3 tambi\u00e9n que esta decisi\u00f3n viola abiertamente la Ley de Aviaci\u00f3n Civil, ignora la normativa vigente y contraviene el principio constitucional que establece que las aeronaves mexicanas deben ser tripuladas exclusivamente por pilotos mexicanos por nacimiento. Esta autorizaci\u00f3n tambi\u00e9n desacata la circular obligatoria que regula las reglas t\u00e9cnicas para el arrendamiento de aeronaves.<\/p>\n\n\n\n<p>Enfatiza que la determinaci\u00f3n de la SICT representa una falla grave en su responsabilidad regulatoria, compromete la soberan\u00eda a\u00e9rea del pa\u00eds, abre la puerta al cabotaje encubierto y afecta directamente los derechos laborales de los pilotos mexicanos. <\/p>\n\n\n\n<p>ASPA advierte que se trata de un precedente injustificable que pone en entredicho la integridad del marco jur\u00eddico aeron\u00e1utico, raz\u00f3n por la cual exhort\u00f3 respetuosamente a la autoridad a intervenir de manera inmediata, revocar esta autorizaci\u00f3n irregular y restablecer el cumplimiento estricto del marco legal que protege el espacio a\u00e9reo nacional, la seguridad operacional y el empleo de miles de pilotos mexicanos.<\/p>\n\n\n\n<p>&#8220;Ceder el control de nuestros cielos a tripulaciones extranjeras constituye una traici\u00f3n a la soberan\u00eda y al esp\u00edritu mismo de la legislaci\u00f3n mexicana&#8221;, subraya ASPA.<\/p>\n\n\n\n<h2 class=\"wp-block-heading\">Autoridad de aviaci\u00f3n se pronuncia<\/h2>\n\n\n\n<p>Al respecto, la Agencia Federal de Aviaci\u00f3n Civil (AFAC) respondi\u00f3 que con relaci\u00f3n a las notas publicadas en las que se destaca la autorizaci\u00f3n a la aerol\u00ednea Volaris para operar aeronaves con matr\u00edcula extranjera, existe la figura de arrendamiento h\u00famedo mediante el cual se permite la operaci\u00f3n temporal y excepcional de aeronaves con matr\u00edcula extranjera, incluida su tripulaci\u00f3n.<\/p>\n\n\n\n<p>Este procedimiento est\u00e1 sustentado en los art\u00edculos 83 Bis del Convenio sobre Aviaci\u00f3n Civil Internacional; art\u00edculo 45, \u00faltimo p\u00e1rrafo de la Ley de Aviaci\u00f3n Civil; art\u00edculo 4 del Reglamento de la Ley de Aviaci\u00f3n Civil, y la Circular Obligatoria CO AV-08.3\/20.<\/p>\n\n\n\n<p>Adicional a lo anterior, esta medida no constituye cabotaje ya que las operaciones ser\u00e1n realizadas por una aerol\u00ednea mexicana con aeronaves autorizadas, sin intervenci\u00f3n de explotadores extranjeros.<\/p>\n\n\n\n<p>Asimismo, es importante destacar que no se vulnera el art\u00edculo 32 Constitucional que exige que las aeronaves con matr\u00edcula mexicana sean operadas por tripulaciones mexicanas.<\/p>\n\n\n\n<p>Cabe destacar que la decisi\u00f3n de la Agencia Federal de Aviaci\u00f3n Civil se hizo para\u00a0garantizar la conectividad, la prestaci\u00f3n del servicio y la protecci\u00f3n de los usuarios; adicional a lo anterior se tom\u00f3 en consideraci\u00f3n que, de no autorizarse el arrendamiento temporal por 43 d\u00edas solicitado por Volaris, se afectar\u00edan 20 rutas nacionales y a cerca de 200 mil pasajeros en la temporada decembrina, lo que generar\u00eda un impacto negativo en la derrama econ\u00f3mica por turismo y en la generaci\u00f3n de empleos durante esta \u00e9poca.<\/p>\n\n\n\n<p>Es importante resaltar que la aerol\u00ednea acord\u00f3 con su sindicato la no afectaci\u00f3n de la plantilla laboral ni la disminuci\u00f3n de sus horas de vuelo.<\/p>\n\n\n\n<p>La AFAC reiter\u00f3 su compromiso de vigilar que el transporte a\u00e9reo en M\u00e9xico se preste de forma continua, segura y en beneficio de la poblaci\u00f3n bajo un estricto apego a la legislaci\u00f3n vigente. (<a href=\"https:\/\/nitu.mx\/index.php\/2025\/10\/29\/canaero-aspa-y-viva-reaccionan-ante-el-cierre-de-13-rutas-entre-mexico-y-eeuu\/\">Canaero, ASPA y Viva reaccionan ante el cierre de 13 rutas entre M\u00e9xico y EEUU<\/a>).<\/p>\n","protected":false},"excerpt":{"rendered":"<p>Ante la autorizaci\u00f3n que permite que la aerol\u00ednea mexicana de bajo costo, Volaris, opere vuelos nacionales con tripulaci\u00f3n extranjera del 1 de diciembre de 2025 al 12 de enero de 2026, este gremio alz\u00f3 la voz ante una evidente violaci\u00f3n a la Constituci\u00f3n que de acuerdo a la ley viola la soberan\u00eda nacional; y lo [&hellip;]<\/p>\n","protected":false},"author":17,"featured_media":79430,"comment_status":"closed","ping_status":"closed","sticky":false,"template":"","format":"standard","meta":{"footnotes":""},"categories":[29],"tags":[14341,415,3934,4095,131],"yoast_head":"<!-- This site is optimized with the Yoast SEO plugin v22.2 - https:\/\/yoast.com\/wordpress\/plugins\/seo\/ -->\n<title>Alarma a pilotos permiso para tripulaciones extranjeras en M\u00e9xico, AFAC responde - Nitu - Noticias de la Industria Turistica<\/title>\n<meta name=\"robots\" content=\"index, follow, max-snippet:-1, max-image-preview:large, max-video-preview:-1\" \/>\n<link rel=\"canonical\" href=\"https:\/\/nitu.mx\/index.php\/2025\/11\/25\/alarma-a-pilotos-permiso-para-tripulaciones-extranjeras-en-mexico-afac-responde\/\" \/>\n<meta name=\"twitter:card\" content=\"summary_large_image\" \/>\n<meta name=\"twitter:title\" content=\"Alarma a pilotos permiso para tripulaciones extranjeras en M\u00e9xico, AFAC responde - Nitu - Noticias de la Industria Turistica\" \/>\n<meta name=\"twitter:description\" content=\"Ante la autorizaci\u00f3n que permite que la aerol\u00ednea mexicana de bajo costo, Volaris, opere vuelos nacionales con tripulaci\u00f3n extranjera del 1 de diciembre de 2025 al 12 de enero de 2026, este gremio alz\u00f3 la voz ante una evidente violaci\u00f3n a la Constituci\u00f3n que de acuerdo a la ley viola la soberan\u00eda nacional; y lo [&hellip;]\" \/>\n<meta name=\"twitter:image\" content=\"https:\/\/nitu.mx\/wp-content\/uploads\/2025\/02\/Volaris-Avion-144.jpg\" \/>\n<meta name=\"twitter:creator\" content=\"@NITUmx\" \/>\n<meta name=\"twitter:site\" content=\"@Arturo_Medina_G\" \/>\n<meta name=\"twitter:label1\" content=\"Escrito por\" \/>\n\t<meta name=\"twitter:data1\" content=\"Redacci\u00f3n\" \/>\n\t<meta name=\"twitter:label2\" content=\"Tiempo de lectura\" \/>\n\t<meta name=\"twitter:data2\" content=\"5 minutos\" \/>\n<script type=\"application\/ld+json\" class=\"yoast-schema-graph\">{\"@context\":\"https:\/\/schema.org\",\"@graph\":[{\"@type\":\"Article\",\"@id\":\"https:\/\/nitu.mx\/index.php\/2025\/11\/25\/alarma-a-pilotos-permiso-para-tripulaciones-extranjeras-en-mexico-afac-responde\/#article\",\"isPartOf\":{\"@id\":\"https:\/\/nitu.mx\/index.php\/2025\/11\/25\/alarma-a-pilotos-permiso-para-tripulaciones-extranjeras-en-mexico-afac-responde\/\"},\"author\":{\"name\":\"Redacci\u00f3n\",\"@id\":\"https:\/\/nitu.mx\/#\/schema\/person\/4a28fe9bd65924f7c90623773daf1b0b\"},\"headline\":\"Alarma a pilotos permiso para tripulaciones extranjeras en M\u00e9xico, AFAC responde\",\"datePublished\":\"2025-11-26T04:00:00+00:00\",\"dateModified\":\"2025-11-26T02:38:27+00:00\",\"mainEntityOfPage\":{\"@id\":\"https:\/\/nitu.mx\/index.php\/2025\/11\/25\/alarma-a-pilotos-permiso-para-tripulaciones-extranjeras-en-mexico-afac-responde\/\"},\"wordCount\":950,\"publisher\":{\"@id\":\"https:\/\/nitu.mx\/#\/schema\/person\/ae7a53426417292d3dd07b45a33e01bc\"},\"image\":{\"@id\":\"https:\/\/nitu.mx\/index.php\/2025\/11\/25\/alarma-a-pilotos-permiso-para-tripulaciones-extranjeras-en-mexico-afac-responde\/#primaryimage\"},\"thumbnailUrl\":\"https:\/\/nitu.mx\/wp-content\/uploads\/2025\/02\/Volaris-Avion-144.jpg\",\"keywords\":[\"AFAC\",\"ASPA\",\"Ley de Aviaci\u00f3n Civil\",\"pilotos\",\"Volaris\"],\"articleSection\":[\"Aerol\u00edneas\"],\"inLanguage\":\"es-MX\"},{\"@type\":\"WebPage\",\"@id\":\"https:\/\/nitu.mx\/index.php\/2025\/11\/25\/alarma-a-pilotos-permiso-para-tripulaciones-extranjeras-en-mexico-afac-responde\/\",\"url\":\"https:\/\/nitu.mx\/index.php\/2025\/11\/25\/alarma-a-pilotos-permiso-para-tripulaciones-extranjeras-en-mexico-afac-responde\/\",\"name\":\"Alarma a pilotos permiso para tripulaciones extranjeras en M\u00e9xico, AFAC responde - Nitu - Noticias de la Industria Turistica\",\"isPartOf\":{\"@id\":\"https:\/\/nitu.mx\/#website\"},\"primaryImageOfPage\":{\"@id\":\"https:\/\/nitu.mx\/index.php\/2025\/11\/25\/alarma-a-pilotos-permiso-para-tripulaciones-extranjeras-en-mexico-afac-responde\/#primaryimage\"},\"image\":{\"@id\":\"https:\/\/nitu.mx\/index.php\/2025\/11\/25\/alarma-a-pilotos-permiso-para-tripulaciones-extranjeras-en-mexico-afac-responde\/#primaryimage\"},\"thumbnailUrl\":\"https:\/\/nitu.mx\/wp-content\/uploads\/2025\/02\/Volaris-Avion-144.jpg\",\"datePublished\":\"2025-11-26T04:00:00+00:00\",\"dateModified\":\"2025-11-26T02:38:27+00:00\",\"breadcrumb\":{\"@id\":\"https:\/\/nitu.mx\/index.php\/2025\/11\/25\/alarma-a-pilotos-permiso-para-tripulaciones-extranjeras-en-mexico-afac-responde\/#breadcrumb\"},\"inLanguage\":\"es-MX\",\"potentialAction\":[{\"@type\":\"ReadAction\",\"target\":[\"https:\/\/nitu.mx\/index.php\/2025\/11\/25\/alarma-a-pilotos-permiso-para-tripulaciones-extranjeras-en-mexico-afac-responde\/\"]}]},{\"@type\":\"ImageObject\",\"inLanguage\":\"es-MX\",\"@id\":\"https:\/\/nitu.mx\/index.php\/2025\/11\/25\/alarma-a-pilotos-permiso-para-tripulaciones-extranjeras-en-mexico-afac-responde\/#primaryimage\",\"url\":\"https:\/\/nitu.mx\/wp-content\/uploads\/2025\/02\/Volaris-Avion-144.jpg\",\"contentUrl\":\"https:\/\/nitu.mx\/wp-content\/uploads\/2025\/02\/Volaris-Avion-144.jpg\",\"width\":1200,\"height\":675,\"caption\":\"Volaris Avi\u00f3n 144\"},{\"@type\":\"BreadcrumbList\",\"@id\":\"https:\/\/nitu.mx\/index.php\/2025\/11\/25\/alarma-a-pilotos-permiso-para-tripulaciones-extranjeras-en-mexico-afac-responde\/#breadcrumb\",\"itemListElement\":[{\"@type\":\"ListItem\",\"position\":1,\"name\":\"Inicio\",\"item\":\"https:\/\/nitu.mx\/\"},{\"@type\":\"ListItem\",\"position\":2,\"name\":\"Alarma a pilotos permiso para tripulaciones extranjeras en M\u00e9xico, AFAC responde\"}]},{\"@type\":\"WebSite\",\"@id\":\"https:\/\/nitu.mx\/#website\",\"url\":\"https:\/\/nitu.mx\/\",\"name\":\"Nitu - Noticias de la Industria Turistica\",\"description\":\"Noticias de la Industria Turistica\",\"publisher\":{\"@id\":\"https:\/\/nitu.mx\/#\/schema\/person\/ae7a53426417292d3dd07b45a33e01bc\"},\"alternateName\":\"Noticias de la Industria Turistica\",\"potentialAction\":[{\"@type\":\"SearchAction\",\"target\":{\"@type\":\"EntryPoint\",\"urlTemplate\":\"https:\/\/nitu.mx\/?s={search_term_string}\"},\"query-input\":\"required name=search_term_string\"}],\"inLanguage\":\"es-MX\"},{\"@type\":[\"Person\",\"Organization\"],\"@id\":\"https:\/\/nitu.mx\/#\/schema\/person\/ae7a53426417292d3dd07b45a33e01bc\",\"name\":\"Arturo Medina\",\"image\":{\"@type\":\"ImageObject\",\"inLanguage\":\"es-MX\",\"@id\":\"https:\/\/nitu.mx\/#\/schema\/person\/image\/\",\"url\":\"https:\/\/nitu.mx\/wp-content\/uploads\/2024\/04\/4A315622-1904-4D5C-B022-878CDC840E04-90x90-1.jpeg\",\"contentUrl\":\"https:\/\/nitu.mx\/wp-content\/uploads\/2024\/04\/4A315622-1904-4D5C-B022-878CDC840E04-90x90-1.jpeg\",\"width\":90,\"height\":90,\"caption\":\"Arturo Medina\"},\"logo\":{\"@id\":\"https:\/\/nitu.mx\/#\/schema\/person\/image\/\"},\"description\":\"Director NITU.mx, Egresado de la Escuela de Periodismo Carlos Septi\u00e9n Garc\u00eda. Periodista y analista especializado en turismo desde hace 35 a\u00f1os, radicado en Canc\u00fan Q.Roo. arturo@nitu.mx\",\"sameAs\":[\"https:\/\/nitu.mx\",\"https:\/\/www.facebook.com\/NITUmx\/\",\"medinacancun\",\"https:\/\/twitter.com\/@Arturo_Medina_G\"]},{\"@type\":\"Person\",\"@id\":\"https:\/\/nitu.mx\/#\/schema\/person\/4a28fe9bd65924f7c90623773daf1b0b\",\"name\":\"Redacci\u00f3n\",\"image\":{\"@type\":\"ImageObject\",\"inLanguage\":\"es-MX\",\"@id\":\"https:\/\/nitu.mx\/#\/schema\/person\/image\/\",\"url\":\"https:\/\/secure.gravatar.com\/avatar\/5dd011c8ccfc5cd7e4c81e42252aab38?s=96&d=mm&r=g\",\"contentUrl\":\"https:\/\/secure.gravatar.com\/avatar\/5dd011c8ccfc5cd7e4c81e42252aab38?s=96&d=mm&r=g\",\"caption\":\"Redacci\u00f3n\"},\"url\":\"https:\/\/nitu.mx\/index.php\/author\/redaccion\/\"}]}<\/script>\n<!-- \/ Yoast SEO plugin. -->","yoast_head_json":{"title":"Alarma a pilotos permiso para tripulaciones extranjeras en M\u00e9xico, AFAC responde - Nitu - Noticias de la Industria Turistica","robots":{"index":"index","follow":"follow","max-snippet":"max-snippet:-1","max-image-preview":"max-image-preview:large","max-video-preview":"max-video-preview:-1"},"canonical":"https:\/\/nitu.mx\/index.php\/2025\/11\/25\/alarma-a-pilotos-permiso-para-tripulaciones-extranjeras-en-mexico-afac-responde\/","twitter_card":"summary_large_image","twitter_title":"Alarma a pilotos permiso para tripulaciones extranjeras en M\u00e9xico, AFAC responde - Nitu - Noticias de la Industria Turistica","twitter_description":"Ante la autorizaci\u00f3n que permite que la aerol\u00ednea mexicana de bajo costo, Volaris, opere vuelos nacionales con tripulaci\u00f3n extranjera del 1 de diciembre de 2025 al 12 de enero de 2026, este gremio alz\u00f3 la voz ante una evidente violaci\u00f3n a la Constituci\u00f3n que de acuerdo a la ley viola la soberan\u00eda nacional; y lo [&hellip;]","twitter_image":"https:\/\/nitu.mx\/wp-content\/uploads\/2025\/02\/Volaris-Avion-144.jpg","twitter_creator":"@NITUmx","twitter_site":"@Arturo_Medina_G","twitter_misc":{"Escrito por":"Redacci\u00f3n","Tiempo de lectura":"5 minutos"},"schema":{"@context":"https:\/\/schema.org","@graph":[{"@type":"Article","@id":"https:\/\/nitu.mx\/index.php\/2025\/11\/25\/alarma-a-pilotos-permiso-para-tripulaciones-extranjeras-en-mexico-afac-responde\/#article","isPartOf":{"@id":"https:\/\/nitu.mx\/index.php\/2025\/11\/25\/alarma-a-pilotos-permiso-para-tripulaciones-extranjeras-en-mexico-afac-responde\/"},"author":{"name":"Redacci\u00f3n","@id":"https:\/\/nitu.mx\/#\/schema\/person\/4a28fe9bd65924f7c90623773daf1b0b"},"headline":"Alarma a pilotos permiso para tripulaciones extranjeras en M\u00e9xico, AFAC responde","datePublished":"2025-11-26T04:00:00+00:00","dateModified":"2025-11-26T02:38:27+00:00","mainEntityOfPage":{"@id":"https:\/\/nitu.mx\/index.php\/2025\/11\/25\/alarma-a-pilotos-permiso-para-tripulaciones-extranjeras-en-mexico-afac-responde\/"},"wordCount":950,"publisher":{"@id":"https:\/\/nitu.mx\/#\/schema\/person\/ae7a53426417292d3dd07b45a33e01bc"},"image":{"@id":"https:\/\/nitu.mx\/index.php\/2025\/11\/25\/alarma-a-pilotos-permiso-para-tripulaciones-extranjeras-en-mexico-afac-responde\/#primaryimage"},"thumbnailUrl":"https:\/\/nitu.mx\/wp-content\/uploads\/2025\/02\/Volaris-Avion-144.jpg","keywords":["AFAC","ASPA","Ley de Aviaci\u00f3n Civil","pilotos","Volaris"],"articleSection":["Aerol\u00edneas"],"inLanguage":"es-MX"},{"@type":"WebPage","@id":"https:\/\/nitu.mx\/index.php\/2025\/11\/25\/alarma-a-pilotos-permiso-para-tripulaciones-extranjeras-en-mexico-afac-responde\/","url":"https:\/\/nitu.mx\/index.php\/2025\/11\/25\/alarma-a-pilotos-permiso-para-tripulaciones-extranjeras-en-mexico-afac-responde\/","name":"Alarma a pilotos permiso para tripulaciones extranjeras en M\u00e9xico, AFAC responde - Nitu - Noticias de la Industria Turistica","isPartOf":{"@id":"https:\/\/nitu.mx\/#website"},"primaryImageOfPage":{"@id":"https:\/\/nitu.mx\/index.php\/2025\/11\/25\/alarma-a-pilotos-permiso-para-tripulaciones-extranjeras-en-mexico-afac-responde\/#primaryimage"},"image":{"@id":"https:\/\/nitu.mx\/index.php\/2025\/11\/25\/alarma-a-pilotos-permiso-para-tripulaciones-extranjeras-en-mexico-afac-responde\/#primaryimage"},"thumbnailUrl":"https:\/\/nitu.mx\/wp-content\/uploads\/2025\/02\/Volaris-Avion-144.jpg","datePublished":"2025-11-26T04:00:00+00:00","dateModified":"2025-11-26T02:38:27+00:00","breadcrumb":{"@id":"https:\/\/nitu.mx\/index.php\/2025\/11\/25\/alarma-a-pilotos-permiso-para-tripulaciones-extranjeras-en-mexico-afac-responde\/#breadcrumb"},"inLanguage":"es-MX","potentialAction":[{"@type":"ReadAction","target":["https:\/\/nitu.mx\/index.php\/2025\/11\/25\/alarma-a-pilotos-permiso-para-tripulaciones-extranjeras-en-mexico-afac-responde\/"]}]},{"@type":"ImageObject","inLanguage":"es-MX","@id":"https:\/\/nitu.mx\/index.php\/2025\/11\/25\/alarma-a-pilotos-permiso-para-tripulaciones-extranjeras-en-mexico-afac-responde\/#primaryimage","url":"https:\/\/nitu.mx\/wp-content\/uploads\/2025\/02\/Volaris-Avion-144.jpg","contentUrl":"https:\/\/nitu.mx\/wp-content\/uploads\/2025\/02\/Volaris-Avion-144.jpg","width":1200,"height":675,"caption":"Volaris Avi\u00f3n 144"},{"@type":"BreadcrumbList","@id":"https:\/\/nitu.mx\/index.php\/2025\/11\/25\/alarma-a-pilotos-permiso-para-tripulaciones-extranjeras-en-mexico-afac-responde\/#breadcrumb","itemListElement":[{"@type":"ListItem","position":1,"name":"Inicio","item":"https:\/\/nitu.mx\/"},{"@type":"ListItem","position":2,"name":"Alarma a pilotos permiso para tripulaciones extranjeras en M\u00e9xico, AFAC responde"}]},{"@type":"WebSite","@id":"https:\/\/nitu.mx\/#website","url":"https:\/\/nitu.mx\/","name":"Nitu - Noticias de la Industria Turistica","description":"Noticias de la Industria Turistica","publisher":{"@id":"https:\/\/nitu.mx\/#\/schema\/person\/ae7a53426417292d3dd07b45a33e01bc"},"alternateName":"Noticias de la Industria Turistica","potentialAction":[{"@type":"SearchAction","target":{"@type":"EntryPoint","urlTemplate":"https:\/\/nitu.mx\/?s={search_term_string}"},"query-input":"required name=search_term_string"}],"inLanguage":"es-MX"},{"@type":["Person","Organization"],"@id":"https:\/\/nitu.mx\/#\/schema\/person\/ae7a53426417292d3dd07b45a33e01bc","name":"Arturo Medina","image":{"@type":"ImageObject","inLanguage":"es-MX","@id":"https:\/\/nitu.mx\/#\/schema\/person\/image\/","url":"https:\/\/nitu.mx\/wp-content\/uploads\/2024\/04\/4A315622-1904-4D5C-B022-878CDC840E04-90x90-1.jpeg","contentUrl":"https:\/\/nitu.mx\/wp-content\/uploads\/2024\/04\/4A315622-1904-4D5C-B022-878CDC840E04-90x90-1.jpeg","width":90,"height":90,"caption":"Arturo Medina"},"logo":{"@id":"https:\/\/nitu.mx\/#\/schema\/person\/image\/"},"description":"Director NITU.mx, Egresado de la Escuela de Periodismo Carlos Septi\u00e9n Garc\u00eda. Periodista y analista especializado en turismo desde hace 35 a\u00f1os, radicado en Canc\u00fan Q.Roo. arturo@nitu.mx","sameAs":["https:\/\/nitu.mx","https:\/\/www.facebook.com\/NITUmx\/","medinacancun","https:\/\/twitter.com\/@Arturo_Medina_G"]},{"@type":"Person","@id":"https:\/\/nitu.mx\/#\/schema\/person\/4a28fe9bd65924f7c90623773daf1b0b","name":"Redacci\u00f3n","image":{"@type":"ImageObject","inLanguage":"es-MX","@id":"https:\/\/nitu.mx\/#\/schema\/person\/image\/","url":"https:\/\/secure.gravatar.com\/avatar\/5dd011c8ccfc5cd7e4c81e42252aab38?s=96&d=mm&r=g","contentUrl":"https:\/\/secure.gravatar.com\/avatar\/5dd011c8ccfc5cd7e4c81e42252aab38?s=96&d=mm&r=g","caption":"Redacci\u00f3n"},"url":"https:\/\/nitu.mx\/index.php\/author\/redaccion\/"}]}},"views":562,"_links":{"self":[{"href":"https:\/\/nitu.mx\/index.php\/wp-json\/wp\/v2\/posts\/84700"}],"collection":[{"href":"https:\/\/nitu.mx\/index.php\/wp-json\/wp\/v2\/posts"}],"about":[{"href":"https:\/\/nitu.mx\/index.php\/wp-json\/wp\/v2\/types\/post"}],"author":[{"embeddable":true,"href":"https:\/\/nitu.mx\/index.php\/wp-json\/wp\/v2\/users\/17"}],"replies":[{"embeddable":true,"href":"https:\/\/nitu.mx\/index.php\/wp-json\/wp\/v2\/comments?post=84700"}],"version-history":[{"count":1,"href":"https:\/\/nitu.mx\/index.php\/wp-json\/wp\/v2\/posts\/84700\/revisions"}],"predecessor-version":[{"id":84702,"href":"https:\/\/nitu.mx\/index.php\/wp-json\/wp\/v2\/posts\/84700\/revisions\/84702"}],"wp:featuredmedia":[{"embeddable":true,"href":"https:\/\/nitu.mx\/index.php\/wp-json\/wp\/v2\/media\/79430"}],"wp:attachment":[{"href":"https:\/\/nitu.mx\/index.php\/wp-json\/wp\/v2\/media?parent=84700"}],"wp:term":[{"taxonomy":"category","embeddable":true,"href":"https:\/\/nitu.mx\/index.php\/wp-json\/wp\/v2\/categories?post=84700"},{"taxonomy":"post_tag","embeddable":true,"href":"https:\/\/nitu.mx\/index.php\/wp-json\/wp\/v2\/tags?post=84700"}],"curies":[{"name":"wp","href":"https:\/\/api.w.org\/{rel}","templated":true}]}}