{"id":84590,"date":"2025-11-19T23:39:55","date_gmt":"2025-11-20T05:39:55","guid":{"rendered":"https:\/\/nitu.mx\/?p=84590"},"modified":"2025-11-19T23:39:56","modified_gmt":"2025-11-20T05:39:56","slug":"afeet-celebra-su-55-aniversario-como-lider-en-el-impulso-al-talento-femenino-en-el-turismo","status":"publish","type":"post","link":"https:\/\/nitu.mx\/index.php\/2025\/11\/19\/afeet-celebra-su-55-aniversario-como-lider-en-el-impulso-al-talento-femenino-en-el-turismo\/","title":{"rendered":"AFEET celebra su 55 aniversario como l\u00edder en el impulso al talento femenino en el turismo"},"content":{"rendered":"\n<p>La Asociaci\u00f3n Femenil de Ejecutivas de Empresas Tur\u00edsticas (AFEET) celebr\u00f3 su 55 aniversario, reafirmando su liderazgo como una de las organizaciones m\u00e1s influyentes en el impulso del talento femenino dentro del sector tur\u00edstico en M\u00e9xico. <\/p>\n\n\n\n<p>La conmemoraci\u00f3n tuvo lugar en el Hotel Marquis Reforma, donde se reunieron asociadas, expresidentas, presidentas de filiales, aliados estrat\u00e9gicos, patrocinadores, invitados especiales y medios de comunicaci\u00f3n.<\/p>\n\n\n\n<p>La ceremonia inici\u00f3 con la bienvenida de las maestras de ceremonia, quienes reconocieron la presencia de las invitadas distinguidas en la mesa de honor. Posteriormente, la presidenta nacional 2025 de AFEET, Magdalena Sald\u00edvar, dirigi\u00f3 un mensaje en el que destac\u00f3 el legado de la asociaci\u00f3n, la fuerza de su comunidad y el papel fundamental que han desempe\u00f1ado las mujeres en la profesionalizaci\u00f3n y transformaci\u00f3n del turismo en M\u00e9xico. <\/p>\n\n\n\n<p>Subray\u00f3 tambi\u00e9n el crecimiento de las filiales y el compromiso activo de las asociadas para seguir construyendo un sector m\u00e1s competitivo, equitativo e innovador.<\/p>\n\n\n\n<p>Durante el evento se realiz\u00f3 un reconocimiento especial a los patrocinadores que han acompa\u00f1ado el desarrollo de la asociaci\u00f3n, seguido de la proyecci\u00f3n del video conmemorativo por el 55 aniversario, en el que se recordaron los momentos clave de la historia de AFEET y la trayectoria de sus liderazgos a lo largo de m\u00e1s de cinco d\u00e9cadas.<\/p>\n\n\n\n<p>Uno de los momentos m\u00e1s significativos de la jornada fue la entrega de reconocimientos a Asociadas Fundadoras, un homenaje que evoc\u00f3 los or\u00edgenes de AFEET y el impulso de las mujeres visionarias que sembraron los cimientos de la organizaci\u00f3n. Del mismo modo, se llev\u00f3 a cabo la entrega de reconocimientos a las Expresidentas Nacionales, resaltando su compromiso y contribuci\u00f3n en cada etapa del crecimiento institucional.<\/p>\n\n\n\n<p>Las presidentas de filiales tambi\u00e9n participaron de manera activa en la entrega de reconocimientos a las Asociadas seleccionadas por cada regi\u00f3n, fortaleciendo el sentido de unidad nacional y el reconocimiento al trabajo local que distingue a la organizaci\u00f3n.<\/p>\n\n\n\n<p>La celebraci\u00f3n incluy\u00f3 un n\u00famero art\u00edstico y concluy\u00f3 con un brindis conmemorativo, encabezado por Magdalena Sald\u00edvar, quien agradeci\u00f3 la presencia de todas las invitadas y reiter\u00f3 el compromiso de AFEET de continuar abriendo espacios de desarrollo profesional y liderazgo para las mujeres en la industria tur\u00edstica.<\/p>\n\n\n\n<p>El evento cerr\u00f3 en un ambiente de fraternidad y celebraci\u00f3n, marcando un nuevo cap\u00edtulo en la historia de AFEET, que hoy contin\u00faa posicion\u00e1ndose como una fuerza indispensable en el turismo de M\u00e9xico y un referente para el empoderamiento femenino en el \u00e1mbito empresarial. (<a href=\"https:\/\/nitu.mx\/index.php\/2025\/11\/10\/afeet-elige-a-claudia-gonzalez-como-su-presidenta-para-el-periodo-2026\/\">AFEET elige a Claudia Gonz\u00e1lez como su presidenta para el periodo 2026<\/a>).<\/p>\n","protected":false},"excerpt":{"rendered":"<p>La Asociaci\u00f3n Femenil de Ejecutivas de Empresas Tur\u00edsticas (AFEET) celebr\u00f3 su 55 aniversario, reafirmando su liderazgo como una de las organizaciones m\u00e1s influyentes en el impulso del talento femenino dentro del sector tur\u00edstico en M\u00e9xico. La conmemoraci\u00f3n tuvo lugar en el Hotel Marquis Reforma, donde se reunieron asociadas, expresidentas, presidentas de filiales, aliados estrat\u00e9gicos, patrocinadores, [&hellip;]<\/p>\n","protected":false},"author":18,"featured_media":84612,"comment_status":"closed","ping_status":"closed","sticky":false,"template":"","format":"standard","meta":{"footnotes":""},"categories":[3],"tags":[2078,26806],"yoast_head":"<!-- This site is optimized with the Yoast SEO plugin v22.2 - https:\/\/yoast.com\/wordpress\/plugins\/seo\/ -->\n<title>AFEET celebra su 55 aniversario como l\u00edder en el impulso al talento femenino en el turismo - Nitu - Noticias de la Industria Turistica<\/title>\n<meta name=\"robots\" content=\"index, follow, max-snippet:-1, max-image-preview:large, max-video-preview:-1\" \/>\n<link rel=\"canonical\" href=\"https:\/\/nitu.mx\/index.php\/2025\/11\/19\/afeet-celebra-su-55-aniversario-como-lider-en-el-impulso-al-talento-femenino-en-el-turismo\/\" \/>\n<meta name=\"twitter:card\" content=\"summary_large_image\" \/>\n<meta name=\"twitter:title\" content=\"AFEET celebra su 55 aniversario como l\u00edder en el impulso al talento femenino en el turismo - Nitu - Noticias de la Industria Turistica\" \/>\n<meta name=\"twitter:description\" content=\"La Asociaci\u00f3n Femenil de Ejecutivas de Empresas Tur\u00edsticas (AFEET) celebr\u00f3 su 55 aniversario, reafirmando su liderazgo como una de las organizaciones m\u00e1s influyentes en el impulso del talento femenino dentro del sector tur\u00edstico en M\u00e9xico. La conmemoraci\u00f3n tuvo lugar en el Hotel Marquis Reforma, donde se reunieron asociadas, expresidentas, presidentas de filiales, aliados estrat\u00e9gicos, patrocinadores, [&hellip;]\" \/>\n<meta name=\"twitter:image\" content=\"https:\/\/nitu.mx\/wp-content\/uploads\/2025\/11\/AFEET-55-ANOS.jpg\" \/>\n<meta name=\"twitter:creator\" content=\"@NITUmx\" \/>\n<meta name=\"twitter:site\" content=\"@Arturo_Medina_G\" \/>\n<meta name=\"twitter:label1\" content=\"Escrito por\" \/>\n\t<meta name=\"twitter:data1\" content=\"Guadalupe Sixto\" \/>\n\t<meta name=\"twitter:label2\" content=\"Tiempo de lectura\" \/>\n\t<meta name=\"twitter:data2\" content=\"2 minutos\" \/>\n<script type=\"application\/ld+json\" class=\"yoast-schema-graph\">{\"@context\":\"https:\/\/schema.org\",\"@graph\":[{\"@type\":\"Article\",\"@id\":\"https:\/\/nitu.mx\/index.php\/2025\/11\/19\/afeet-celebra-su-55-aniversario-como-lider-en-el-impulso-al-talento-femenino-en-el-turismo\/#article\",\"isPartOf\":{\"@id\":\"https:\/\/nitu.mx\/index.php\/2025\/11\/19\/afeet-celebra-su-55-aniversario-como-lider-en-el-impulso-al-talento-femenino-en-el-turismo\/\"},\"author\":{\"name\":\"Guadalupe Sixto\",\"@id\":\"https:\/\/nitu.mx\/#\/schema\/person\/3df3082b5e46037e3f13614d28ee0b77\"},\"headline\":\"AFEET celebra su 55 aniversario como l\u00edder en el impulso al talento femenino en el turismo\",\"datePublished\":\"2025-11-20T05:39:55+00:00\",\"dateModified\":\"2025-11-20T05:39:56+00:00\",\"mainEntityOfPage\":{\"@id\":\"https:\/\/nitu.mx\/index.php\/2025\/11\/19\/afeet-celebra-su-55-aniversario-como-lider-en-el-impulso-al-talento-femenino-en-el-turismo\/\"},\"wordCount\":465,\"publisher\":{\"@id\":\"https:\/\/nitu.mx\/#\/schema\/person\/ae7a53426417292d3dd07b45a33e01bc\"},\"image\":{\"@id\":\"https:\/\/nitu.mx\/index.php\/2025\/11\/19\/afeet-celebra-su-55-aniversario-como-lider-en-el-impulso-al-talento-femenino-en-el-turismo\/#primaryimage\"},\"thumbnailUrl\":\"https:\/\/nitu.mx\/wp-content\/uploads\/2025\/11\/AFEET-55-ANOS.jpg\",\"keywords\":[\"AFEET\",\"Magdalena Sald\u00edvar\"],\"articleSection\":[\"Agencias de Viajes\"],\"inLanguage\":\"es-MX\"},{\"@type\":\"WebPage\",\"@id\":\"https:\/\/nitu.mx\/index.php\/2025\/11\/19\/afeet-celebra-su-55-aniversario-como-lider-en-el-impulso-al-talento-femenino-en-el-turismo\/\",\"url\":\"https:\/\/nitu.mx\/index.php\/2025\/11\/19\/afeet-celebra-su-55-aniversario-como-lider-en-el-impulso-al-talento-femenino-en-el-turismo\/\",\"name\":\"AFEET celebra su 55 aniversario como l\u00edder en el impulso al talento femenino en el turismo - Nitu - Noticias de la Industria Turistica\",\"isPartOf\":{\"@id\":\"https:\/\/nitu.mx\/#website\"},\"primaryImageOfPage\":{\"@id\":\"https:\/\/nitu.mx\/index.php\/2025\/11\/19\/afeet-celebra-su-55-aniversario-como-lider-en-el-impulso-al-talento-femenino-en-el-turismo\/#primaryimage\"},\"image\":{\"@id\":\"https:\/\/nitu.mx\/index.php\/2025\/11\/19\/afeet-celebra-su-55-aniversario-como-lider-en-el-impulso-al-talento-femenino-en-el-turismo\/#primaryimage\"},\"thumbnailUrl\":\"https:\/\/nitu.mx\/wp-content\/uploads\/2025\/11\/AFEET-55-ANOS.jpg\",\"datePublished\":\"2025-11-20T05:39:55+00:00\",\"dateModified\":\"2025-11-20T05:39:56+00:00\",\"breadcrumb\":{\"@id\":\"https:\/\/nitu.mx\/index.php\/2025\/11\/19\/afeet-celebra-su-55-aniversario-como-lider-en-el-impulso-al-talento-femenino-en-el-turismo\/#breadcrumb\"},\"inLanguage\":\"es-MX\",\"potentialAction\":[{\"@type\":\"ReadAction\",\"target\":[\"https:\/\/nitu.mx\/index.php\/2025\/11\/19\/afeet-celebra-su-55-aniversario-como-lider-en-el-impulso-al-talento-femenino-en-el-turismo\/\"]}]},{\"@type\":\"ImageObject\",\"inLanguage\":\"es-MX\",\"@id\":\"https:\/\/nitu.mx\/index.php\/2025\/11\/19\/afeet-celebra-su-55-aniversario-como-lider-en-el-impulso-al-talento-femenino-en-el-turismo\/#primaryimage\",\"url\":\"https:\/\/nitu.mx\/wp-content\/uploads\/2025\/11\/AFEET-55-ANOS.jpg\",\"contentUrl\":\"https:\/\/nitu.mx\/wp-content\/uploads\/2025\/11\/AFEET-55-ANOS.jpg\",\"width\":1200,\"height\":675},{\"@type\":\"BreadcrumbList\",\"@id\":\"https:\/\/nitu.mx\/index.php\/2025\/11\/19\/afeet-celebra-su-55-aniversario-como-lider-en-el-impulso-al-talento-femenino-en-el-turismo\/#breadcrumb\",\"itemListElement\":[{\"@type\":\"ListItem\",\"position\":1,\"name\":\"Inicio\",\"item\":\"https:\/\/nitu.mx\/\"},{\"@type\":\"ListItem\",\"position\":2,\"name\":\"AFEET celebra su 55 aniversario como l\u00edder en el impulso al talento femenino en el turismo\"}]},{\"@type\":\"WebSite\",\"@id\":\"https:\/\/nitu.mx\/#website\",\"url\":\"https:\/\/nitu.mx\/\",\"name\":\"Nitu - Noticias de la Industria Turistica\",\"description\":\"Noticias de la Industria Turistica\",\"publisher\":{\"@id\":\"https:\/\/nitu.mx\/#\/schema\/person\/ae7a53426417292d3dd07b45a33e01bc\"},\"alternateName\":\"Noticias de la Industria Turistica\",\"potentialAction\":[{\"@type\":\"SearchAction\",\"target\":{\"@type\":\"EntryPoint\",\"urlTemplate\":\"https:\/\/nitu.mx\/?s={search_term_string}\"},\"query-input\":\"required name=search_term_string\"}],\"inLanguage\":\"es-MX\"},{\"@type\":[\"Person\",\"Organization\"],\"@id\":\"https:\/\/nitu.mx\/#\/schema\/person\/ae7a53426417292d3dd07b45a33e01bc\",\"name\":\"Arturo Medina\",\"image\":{\"@type\":\"ImageObject\",\"inLanguage\":\"es-MX\",\"@id\":\"https:\/\/nitu.mx\/#\/schema\/person\/image\/\",\"url\":\"https:\/\/nitu.mx\/wp-content\/uploads\/2024\/04\/4A315622-1904-4D5C-B022-878CDC840E04-90x90-1.jpeg\",\"contentUrl\":\"https:\/\/nitu.mx\/wp-content\/uploads\/2024\/04\/4A315622-1904-4D5C-B022-878CDC840E04-90x90-1.jpeg\",\"width\":90,\"height\":90,\"caption\":\"Arturo Medina\"},\"logo\":{\"@id\":\"https:\/\/nitu.mx\/#\/schema\/person\/image\/\"},\"description\":\"Director NITU.mx, Egresado de la Escuela de Periodismo Carlos Septi\u00e9n Garc\u00eda. Periodista y analista especializado en turismo desde hace 35 a\u00f1os, radicado en Canc\u00fan Q.Roo. arturo@nitu.mx\",\"sameAs\":[\"https:\/\/nitu.mx\",\"https:\/\/www.facebook.com\/NITUmx\/\",\"medinacancun\",\"https:\/\/twitter.com\/@Arturo_Medina_G\"]},{\"@type\":\"Person\",\"@id\":\"https:\/\/nitu.mx\/#\/schema\/person\/3df3082b5e46037e3f13614d28ee0b77\",\"name\":\"Guadalupe Sixto\",\"image\":{\"@type\":\"ImageObject\",\"inLanguage\":\"es-MX\",\"@id\":\"https:\/\/nitu.mx\/#\/schema\/person\/image\/\",\"url\":\"https:\/\/secure.gravatar.com\/avatar\/13914e1b0e1919e91f9539de4dc584c4?s=96&d=mm&r=g\",\"contentUrl\":\"https:\/\/secure.gravatar.com\/avatar\/13914e1b0e1919e91f9539de4dc584c4?s=96&d=mm&r=g\",\"caption\":\"Guadalupe Sixto\"},\"url\":\"https:\/\/nitu.mx\/index.php\/author\/gsixto\/\"}]}<\/script>\n<!-- \/ Yoast SEO plugin. -->","yoast_head_json":{"title":"AFEET celebra su 55 aniversario como l\u00edder en el impulso al talento femenino en el turismo - Nitu - Noticias de la Industria Turistica","robots":{"index":"index","follow":"follow","max-snippet":"max-snippet:-1","max-image-preview":"max-image-preview:large","max-video-preview":"max-video-preview:-1"},"canonical":"https:\/\/nitu.mx\/index.php\/2025\/11\/19\/afeet-celebra-su-55-aniversario-como-lider-en-el-impulso-al-talento-femenino-en-el-turismo\/","twitter_card":"summary_large_image","twitter_title":"AFEET celebra su 55 aniversario como l\u00edder en el impulso al talento femenino en el turismo - Nitu - Noticias de la Industria Turistica","twitter_description":"La Asociaci\u00f3n Femenil de Ejecutivas de Empresas Tur\u00edsticas (AFEET) celebr\u00f3 su 55 aniversario, reafirmando su liderazgo como una de las organizaciones m\u00e1s influyentes en el impulso del talento femenino dentro del sector tur\u00edstico en M\u00e9xico. La conmemoraci\u00f3n tuvo lugar en el Hotel Marquis Reforma, donde se reunieron asociadas, expresidentas, presidentas de filiales, aliados estrat\u00e9gicos, patrocinadores, [&hellip;]","twitter_image":"https:\/\/nitu.mx\/wp-content\/uploads\/2025\/11\/AFEET-55-ANOS.jpg","twitter_creator":"@NITUmx","twitter_site":"@Arturo_Medina_G","twitter_misc":{"Escrito por":"Guadalupe Sixto","Tiempo de lectura":"2 minutos"},"schema":{"@context":"https:\/\/schema.org","@graph":[{"@type":"Article","@id":"https:\/\/nitu.mx\/index.php\/2025\/11\/19\/afeet-celebra-su-55-aniversario-como-lider-en-el-impulso-al-talento-femenino-en-el-turismo\/#article","isPartOf":{"@id":"https:\/\/nitu.mx\/index.php\/2025\/11\/19\/afeet-celebra-su-55-aniversario-como-lider-en-el-impulso-al-talento-femenino-en-el-turismo\/"},"author":{"name":"Guadalupe Sixto","@id":"https:\/\/nitu.mx\/#\/schema\/person\/3df3082b5e46037e3f13614d28ee0b77"},"headline":"AFEET celebra su 55 aniversario como l\u00edder en el impulso al talento femenino en el turismo","datePublished":"2025-11-20T05:39:55+00:00","dateModified":"2025-11-20T05:39:56+00:00","mainEntityOfPage":{"@id":"https:\/\/nitu.mx\/index.php\/2025\/11\/19\/afeet-celebra-su-55-aniversario-como-lider-en-el-impulso-al-talento-femenino-en-el-turismo\/"},"wordCount":465,"publisher":{"@id":"https:\/\/nitu.mx\/#\/schema\/person\/ae7a53426417292d3dd07b45a33e01bc"},"image":{"@id":"https:\/\/nitu.mx\/index.php\/2025\/11\/19\/afeet-celebra-su-55-aniversario-como-lider-en-el-impulso-al-talento-femenino-en-el-turismo\/#primaryimage"},"thumbnailUrl":"https:\/\/nitu.mx\/wp-content\/uploads\/2025\/11\/AFEET-55-ANOS.jpg","keywords":["AFEET","Magdalena Sald\u00edvar"],"articleSection":["Agencias de Viajes"],"inLanguage":"es-MX"},{"@type":"WebPage","@id":"https:\/\/nitu.mx\/index.php\/2025\/11\/19\/afeet-celebra-su-55-aniversario-como-lider-en-el-impulso-al-talento-femenino-en-el-turismo\/","url":"https:\/\/nitu.mx\/index.php\/2025\/11\/19\/afeet-celebra-su-55-aniversario-como-lider-en-el-impulso-al-talento-femenino-en-el-turismo\/","name":"AFEET celebra su 55 aniversario como l\u00edder en el impulso al talento femenino en el turismo - Nitu - Noticias de la Industria Turistica","isPartOf":{"@id":"https:\/\/nitu.mx\/#website"},"primaryImageOfPage":{"@id":"https:\/\/nitu.mx\/index.php\/2025\/11\/19\/afeet-celebra-su-55-aniversario-como-lider-en-el-impulso-al-talento-femenino-en-el-turismo\/#primaryimage"},"image":{"@id":"https:\/\/nitu.mx\/index.php\/2025\/11\/19\/afeet-celebra-su-55-aniversario-como-lider-en-el-impulso-al-talento-femenino-en-el-turismo\/#primaryimage"},"thumbnailUrl":"https:\/\/nitu.mx\/wp-content\/uploads\/2025\/11\/AFEET-55-ANOS.jpg","datePublished":"2025-11-20T05:39:55+00:00","dateModified":"2025-11-20T05:39:56+00:00","breadcrumb":{"@id":"https:\/\/nitu.mx\/index.php\/2025\/11\/19\/afeet-celebra-su-55-aniversario-como-lider-en-el-impulso-al-talento-femenino-en-el-turismo\/#breadcrumb"},"inLanguage":"es-MX","potentialAction":[{"@type":"ReadAction","target":["https:\/\/nitu.mx\/index.php\/2025\/11\/19\/afeet-celebra-su-55-aniversario-como-lider-en-el-impulso-al-talento-femenino-en-el-turismo\/"]}]},{"@type":"ImageObject","inLanguage":"es-MX","@id":"https:\/\/nitu.mx\/index.php\/2025\/11\/19\/afeet-celebra-su-55-aniversario-como-lider-en-el-impulso-al-talento-femenino-en-el-turismo\/#primaryimage","url":"https:\/\/nitu.mx\/wp-content\/uploads\/2025\/11\/AFEET-55-ANOS.jpg","contentUrl":"https:\/\/nitu.mx\/wp-content\/uploads\/2025\/11\/AFEET-55-ANOS.jpg","width":1200,"height":675},{"@type":"BreadcrumbList","@id":"https:\/\/nitu.mx\/index.php\/2025\/11\/19\/afeet-celebra-su-55-aniversario-como-lider-en-el-impulso-al-talento-femenino-en-el-turismo\/#breadcrumb","itemListElement":[{"@type":"ListItem","position":1,"name":"Inicio","item":"https:\/\/nitu.mx\/"},{"@type":"ListItem","position":2,"name":"AFEET celebra su 55 aniversario como l\u00edder en el impulso al talento femenino en el turismo"}]},{"@type":"WebSite","@id":"https:\/\/nitu.mx\/#website","url":"https:\/\/nitu.mx\/","name":"Nitu - Noticias de la Industria Turistica","description":"Noticias de la Industria Turistica","publisher":{"@id":"https:\/\/nitu.mx\/#\/schema\/person\/ae7a53426417292d3dd07b45a33e01bc"},"alternateName":"Noticias de la Industria Turistica","potentialAction":[{"@type":"SearchAction","target":{"@type":"EntryPoint","urlTemplate":"https:\/\/nitu.mx\/?s={search_term_string}"},"query-input":"required name=search_term_string"}],"inLanguage":"es-MX"},{"@type":["Person","Organization"],"@id":"https:\/\/nitu.mx\/#\/schema\/person\/ae7a53426417292d3dd07b45a33e01bc","name":"Arturo Medina","image":{"@type":"ImageObject","inLanguage":"es-MX","@id":"https:\/\/nitu.mx\/#\/schema\/person\/image\/","url":"https:\/\/nitu.mx\/wp-content\/uploads\/2024\/04\/4A315622-1904-4D5C-B022-878CDC840E04-90x90-1.jpeg","contentUrl":"https:\/\/nitu.mx\/wp-content\/uploads\/2024\/04\/4A315622-1904-4D5C-B022-878CDC840E04-90x90-1.jpeg","width":90,"height":90,"caption":"Arturo Medina"},"logo":{"@id":"https:\/\/nitu.mx\/#\/schema\/person\/image\/"},"description":"Director NITU.mx, Egresado de la Escuela de Periodismo Carlos Septi\u00e9n Garc\u00eda. Periodista y analista especializado en turismo desde hace 35 a\u00f1os, radicado en Canc\u00fan Q.Roo. arturo@nitu.mx","sameAs":["https:\/\/nitu.mx","https:\/\/www.facebook.com\/NITUmx\/","medinacancun","https:\/\/twitter.com\/@Arturo_Medina_G"]},{"@type":"Person","@id":"https:\/\/nitu.mx\/#\/schema\/person\/3df3082b5e46037e3f13614d28ee0b77","name":"Guadalupe Sixto","image":{"@type":"ImageObject","inLanguage":"es-MX","@id":"https:\/\/nitu.mx\/#\/schema\/person\/image\/","url":"https:\/\/secure.gravatar.com\/avatar\/13914e1b0e1919e91f9539de4dc584c4?s=96&d=mm&r=g","contentUrl":"https:\/\/secure.gravatar.com\/avatar\/13914e1b0e1919e91f9539de4dc584c4?s=96&d=mm&r=g","caption":"Guadalupe Sixto"},"url":"https:\/\/nitu.mx\/index.php\/author\/gsixto\/"}]}},"views":599,"_links":{"self":[{"href":"https:\/\/nitu.mx\/index.php\/wp-json\/wp\/v2\/posts\/84590"}],"collection":[{"href":"https:\/\/nitu.mx\/index.php\/wp-json\/wp\/v2\/posts"}],"about":[{"href":"https:\/\/nitu.mx\/index.php\/wp-json\/wp\/v2\/types\/post"}],"author":[{"embeddable":true,"href":"https:\/\/nitu.mx\/index.php\/wp-json\/wp\/v2\/users\/18"}],"replies":[{"embeddable":true,"href":"https:\/\/nitu.mx\/index.php\/wp-json\/wp\/v2\/comments?post=84590"}],"version-history":[{"count":1,"href":"https:\/\/nitu.mx\/index.php\/wp-json\/wp\/v2\/posts\/84590\/revisions"}],"predecessor-version":[{"id":84592,"href":"https:\/\/nitu.mx\/index.php\/wp-json\/wp\/v2\/posts\/84590\/revisions\/84592"}],"wp:featuredmedia":[{"embeddable":true,"href":"https:\/\/nitu.mx\/index.php\/wp-json\/wp\/v2\/media\/84612"}],"wp:attachment":[{"href":"https:\/\/nitu.mx\/index.php\/wp-json\/wp\/v2\/media?parent=84590"}],"wp:term":[{"taxonomy":"category","embeddable":true,"href":"https:\/\/nitu.mx\/index.php\/wp-json\/wp\/v2\/categories?post=84590"},{"taxonomy":"post_tag","embeddable":true,"href":"https:\/\/nitu.mx\/index.php\/wp-json\/wp\/v2\/tags?post=84590"}],"curies":[{"name":"wp","href":"https:\/\/api.w.org\/{rel}","templated":true}]}}