{"id":84586,"date":"2025-11-19T00:06:26","date_gmt":"2025-11-19T06:06:26","guid":{"rendered":"https:\/\/nitu.mx\/?p=84586"},"modified":"2025-11-19T00:06:26","modified_gmt":"2025-11-19T06:06:26","slug":"tulum-air-show-2026-toma-vuelo-avanzan-preparativos-rumbo-al-magno-espectaculo-aereo","status":"publish","type":"post","link":"https:\/\/nitu.mx\/index.php\/2025\/11\/19\/tulum-air-show-2026-toma-vuelo-avanzan-preparativos-rumbo-al-magno-espectaculo-aereo\/","title":{"rendered":"Tulum Air Show 2026 toma vuelo, avanzan preparativos rumbo al magno espect\u00e1culo a\u00e9reo"},"content":{"rendered":"\n<p>Para afinar detalles rumbo al Tulum Air Show 2026, un espect\u00e1culo a\u00e9reo que se realizar\u00e1 en el Aeropuerto Internacional de Tulum \u201cFelipe Carrillo Puerto\u201d del 23 al 26 de abril, directivos de la Feria Aeroespacial M\u00e9xico (FAMEX) sostuvieron una reuni\u00f3n de trabajo con autoridades estatales y federales, en la sede del C5.<\/p>\n\n\n\n<p>El anuncio de este magno evento que proyectar\u00e1 a Quintana Roo como un referente aeron\u00e1utico, tecnol\u00f3gico y tur\u00edstico a nivel internacional, fue hecho en conjunto entre la Presidenta Claudia Sheinbaum Pardo y la gobernadora Mara Lezama Espinosa. Durante el Tulum Air Show se har\u00e1 el lanzamiento oficial de la FAMEX 2027.<\/p>\n\n\n\n<p>La reuni\u00f3n estuvo encabezada por Cristina Torres G\u00f3mez, secretaria de Gobierno; Bernardo Cueto Riestra, secretario de Turismo; Eric Arcila Arjona, jefe de la Oficina de la Gobernadora; el Gral. Gpo. P.A. E.M. Disraeli G\u00f3mez Herrera, director de la FAMEX; as\u00ed como mandos de la Secretar\u00eda de la Defensa Nacional, entre ellos el General Fidel Mondrag\u00f3n Rivero, comandante de la 34\u00aa Zona Militar, y el General Crist\u00f3bal Lozano Mosqueda, comandante de la X Regi\u00f3n Militar.<\/p>\n\n\n\n<p>Se confirm\u00f3 que el Tulum Air Show 2026 ser\u00e1 una plataforma para mostrar el potencial aeron\u00e1utico, tecnol\u00f3gico, cultural y tur\u00edstico del estado, pero tambi\u00e9n de integraci\u00f3n para que el bienestar y la prosperidad compartida llegue hasta las comunidades m\u00e1s apartadas.<\/p>\n\n\n\n<p>Se esperan m\u00e1s de 20 mil visitantes, generando derrama econ\u00f3mica en Tulum y zonas aleda\u00f1as, que confirmar\u00e1 que el \u00e9xito tur\u00edstico proporciona prosperidad compartida. El pa\u00eds invitado es Italia. Se contempla la llegada de aeronaves privadas y participaci\u00f3n de autoridades de la Fuerza A\u00e9rea Mexicana.<\/p>\n\n\n\n<p>El p\u00fablico podr\u00e1 disfrutar de exhibici\u00f3n de paracaidistas, demostraciones de aeronaves F-5, la participaci\u00f3n de la escuadrilla \u00c1guilas Aztecas, espect\u00e1culo de una aeronave civil acrob\u00e1tica. Adem\u00e1s, una exposici\u00f3n est\u00e1tica en el hangar de la Base A\u00e9rea Militar No. 20 con acceso gratuito del p\u00fablico para tomarse fotograf\u00edas y subir a algunas aeronaves.<\/p>\n\n\n\n<p>Durante la mesa de trabajo se destac\u00f3 que Quintana Roo cuenta con los cuatro aeropuertos con mayor flujo de turismo internacional en M\u00e9xico, lo que lo convierte en sede estrat\u00e9gica para eventos de alcance global.<\/p>\n\n\n\n<p>Las autoridades coincidieron en que el Tulum Air Show 2026 ser\u00e1 un evento de la comunidad para la comunidad, con impacto nacional e internacional. Entre las propuestas se contempla integrar actividades culturales representativas de la regi\u00f3n, involucrar a artesanas y artesanos de Quintana Roo, realizar una mega campa\u00f1a de difusi\u00f3n para posicionar el evento como un nuevo atractivo tur\u00edstico anual. (<a href=\"https:\/\/nitu.mx\/index.php\/2025\/11\/12\/mara-lezama-y-josefina-rodriguez-abren-2-accesos-a-playa-de-tulum-en-el-parque-del-jaguar\/\">Mara Lezama y Josefina Rodr\u00edguez abren 2 accesos a playa de Tulum en el Parque del Jaguar<\/a>).<\/p>\n","protected":false},"excerpt":{"rendered":"<p>Para afinar detalles rumbo al Tulum Air Show 2026, un espect\u00e1culo a\u00e9reo que se realizar\u00e1 en el Aeropuerto Internacional de Tulum \u201cFelipe Carrillo Puerto\u201d del 23 al 26 de abril, directivos de la Feria Aeroespacial M\u00e9xico (FAMEX) sostuvieron una reuni\u00f3n de trabajo con autoridades estatales y federales, en la sede del C5. El anuncio de [&hellip;]<\/p>\n","protected":false},"author":17,"featured_media":84588,"comment_status":"closed","ping_status":"closed","sticky":false,"template":"","format":"standard","meta":{"footnotes":""},"categories":[18475],"tags":[23903,14028,390,27824],"yoast_head":"<!-- This site is optimized with the Yoast SEO plugin v22.2 - https:\/\/yoast.com\/wordpress\/plugins\/seo\/ -->\n<title>Tulum Air Show 2026 toma vuelo, avanzan preparativos rumbo al magno espect\u00e1culo a\u00e9reo - Nitu - Noticias de la Industria Turistica<\/title>\n<meta name=\"robots\" content=\"index, follow, max-snippet:-1, max-image-preview:large, max-video-preview:-1\" \/>\n<link rel=\"canonical\" href=\"https:\/\/nitu.mx\/index.php\/2025\/11\/19\/tulum-air-show-2026-toma-vuelo-avanzan-preparativos-rumbo-al-magno-espectaculo-aereo\/\" \/>\n<meta name=\"twitter:card\" content=\"summary_large_image\" \/>\n<meta name=\"twitter:title\" content=\"Tulum Air Show 2026 toma vuelo, avanzan preparativos rumbo al magno espect\u00e1culo a\u00e9reo - Nitu - Noticias de la Industria Turistica\" \/>\n<meta name=\"twitter:description\" content=\"Para afinar detalles rumbo al Tulum Air Show 2026, un espect\u00e1culo a\u00e9reo que se realizar\u00e1 en el Aeropuerto Internacional de Tulum \u201cFelipe Carrillo Puerto\u201d del 23 al 26 de abril, directivos de la Feria Aeroespacial M\u00e9xico (FAMEX) sostuvieron una reuni\u00f3n de trabajo con autoridades estatales y federales, en la sede del C5. El anuncio de [&hellip;]\" \/>\n<meta name=\"twitter:image\" content=\"https:\/\/nitu.mx\/wp-content\/uploads\/2025\/11\/Tulum-Air-Show-anuncio.jpg\" \/>\n<meta name=\"twitter:creator\" content=\"@NITUmx\" \/>\n<meta name=\"twitter:site\" content=\"@Arturo_Medina_G\" \/>\n<meta name=\"twitter:label1\" content=\"Escrito por\" \/>\n\t<meta name=\"twitter:data1\" content=\"Redacci\u00f3n\" \/>\n\t<meta name=\"twitter:label2\" content=\"Tiempo de lectura\" \/>\n\t<meta name=\"twitter:data2\" content=\"2 minutos\" \/>\n<script type=\"application\/ld+json\" class=\"yoast-schema-graph\">{\"@context\":\"https:\/\/schema.org\",\"@graph\":[{\"@type\":\"Article\",\"@id\":\"https:\/\/nitu.mx\/index.php\/2025\/11\/19\/tulum-air-show-2026-toma-vuelo-avanzan-preparativos-rumbo-al-magno-espectaculo-aereo\/#article\",\"isPartOf\":{\"@id\":\"https:\/\/nitu.mx\/index.php\/2025\/11\/19\/tulum-air-show-2026-toma-vuelo-avanzan-preparativos-rumbo-al-magno-espectaculo-aereo\/\"},\"author\":{\"name\":\"Redacci\u00f3n\",\"@id\":\"https:\/\/nitu.mx\/#\/schema\/person\/4a28fe9bd65924f7c90623773daf1b0b\"},\"headline\":\"Tulum Air Show 2026 toma vuelo, avanzan preparativos rumbo al magno espect\u00e1culo a\u00e9reo\",\"datePublished\":\"2025-11-19T06:06:26+00:00\",\"dateModified\":\"2025-11-19T06:06:26+00:00\",\"mainEntityOfPage\":{\"@id\":\"https:\/\/nitu.mx\/index.php\/2025\/11\/19\/tulum-air-show-2026-toma-vuelo-avanzan-preparativos-rumbo-al-magno-espectaculo-aereo\/\"},\"wordCount\":477,\"publisher\":{\"@id\":\"https:\/\/nitu.mx\/#\/schema\/person\/ae7a53426417292d3dd07b45a33e01bc\"},\"image\":{\"@id\":\"https:\/\/nitu.mx\/index.php\/2025\/11\/19\/tulum-air-show-2026-toma-vuelo-avanzan-preparativos-rumbo-al-magno-espectaculo-aereo\/#primaryimage\"},\"thumbnailUrl\":\"https:\/\/nitu.mx\/wp-content\/uploads\/2025\/11\/Tulum-Air-Show-anuncio.jpg\",\"keywords\":[\"FAMEX\",\"Mara Lezama\",\"Tulum\",\"Tulum Air Show\"],\"articleSection\":[\"Caribe Mexicano\"],\"inLanguage\":\"es-MX\"},{\"@type\":\"WebPage\",\"@id\":\"https:\/\/nitu.mx\/index.php\/2025\/11\/19\/tulum-air-show-2026-toma-vuelo-avanzan-preparativos-rumbo-al-magno-espectaculo-aereo\/\",\"url\":\"https:\/\/nitu.mx\/index.php\/2025\/11\/19\/tulum-air-show-2026-toma-vuelo-avanzan-preparativos-rumbo-al-magno-espectaculo-aereo\/\",\"name\":\"Tulum Air Show 2026 toma vuelo, avanzan preparativos rumbo al magno espect\u00e1culo a\u00e9reo - Nitu - Noticias de la Industria Turistica\",\"isPartOf\":{\"@id\":\"https:\/\/nitu.mx\/#website\"},\"primaryImageOfPage\":{\"@id\":\"https:\/\/nitu.mx\/index.php\/2025\/11\/19\/tulum-air-show-2026-toma-vuelo-avanzan-preparativos-rumbo-al-magno-espectaculo-aereo\/#primaryimage\"},\"image\":{\"@id\":\"https:\/\/nitu.mx\/index.php\/2025\/11\/19\/tulum-air-show-2026-toma-vuelo-avanzan-preparativos-rumbo-al-magno-espectaculo-aereo\/#primaryimage\"},\"thumbnailUrl\":\"https:\/\/nitu.mx\/wp-content\/uploads\/2025\/11\/Tulum-Air-Show-anuncio.jpg\",\"datePublished\":\"2025-11-19T06:06:26+00:00\",\"dateModified\":\"2025-11-19T06:06:26+00:00\",\"breadcrumb\":{\"@id\":\"https:\/\/nitu.mx\/index.php\/2025\/11\/19\/tulum-air-show-2026-toma-vuelo-avanzan-preparativos-rumbo-al-magno-espectaculo-aereo\/#breadcrumb\"},\"inLanguage\":\"es-MX\",\"potentialAction\":[{\"@type\":\"ReadAction\",\"target\":[\"https:\/\/nitu.mx\/index.php\/2025\/11\/19\/tulum-air-show-2026-toma-vuelo-avanzan-preparativos-rumbo-al-magno-espectaculo-aereo\/\"]}]},{\"@type\":\"ImageObject\",\"inLanguage\":\"es-MX\",\"@id\":\"https:\/\/nitu.mx\/index.php\/2025\/11\/19\/tulum-air-show-2026-toma-vuelo-avanzan-preparativos-rumbo-al-magno-espectaculo-aereo\/#primaryimage\",\"url\":\"https:\/\/nitu.mx\/wp-content\/uploads\/2025\/11\/Tulum-Air-Show-anuncio.jpg\",\"contentUrl\":\"https:\/\/nitu.mx\/wp-content\/uploads\/2025\/11\/Tulum-Air-Show-anuncio.jpg\",\"width\":1200,\"height\":675,\"caption\":\"Tulum Air Show anuncio\"},{\"@type\":\"BreadcrumbList\",\"@id\":\"https:\/\/nitu.mx\/index.php\/2025\/11\/19\/tulum-air-show-2026-toma-vuelo-avanzan-preparativos-rumbo-al-magno-espectaculo-aereo\/#breadcrumb\",\"itemListElement\":[{\"@type\":\"ListItem\",\"position\":1,\"name\":\"Inicio\",\"item\":\"https:\/\/nitu.mx\/\"},{\"@type\":\"ListItem\",\"position\":2,\"name\":\"Tulum Air Show 2026 toma vuelo, avanzan preparativos rumbo al magno espect\u00e1culo a\u00e9reo\"}]},{\"@type\":\"WebSite\",\"@id\":\"https:\/\/nitu.mx\/#website\",\"url\":\"https:\/\/nitu.mx\/\",\"name\":\"Nitu - Noticias de la Industria Turistica\",\"description\":\"Noticias de la Industria Turistica\",\"publisher\":{\"@id\":\"https:\/\/nitu.mx\/#\/schema\/person\/ae7a53426417292d3dd07b45a33e01bc\"},\"alternateName\":\"Noticias de la Industria Turistica\",\"potentialAction\":[{\"@type\":\"SearchAction\",\"target\":{\"@type\":\"EntryPoint\",\"urlTemplate\":\"https:\/\/nitu.mx\/?s={search_term_string}\"},\"query-input\":\"required name=search_term_string\"}],\"inLanguage\":\"es-MX\"},{\"@type\":[\"Person\",\"Organization\"],\"@id\":\"https:\/\/nitu.mx\/#\/schema\/person\/ae7a53426417292d3dd07b45a33e01bc\",\"name\":\"Arturo Medina\",\"image\":{\"@type\":\"ImageObject\",\"inLanguage\":\"es-MX\",\"@id\":\"https:\/\/nitu.mx\/#\/schema\/person\/image\/\",\"url\":\"https:\/\/nitu.mx\/wp-content\/uploads\/2024\/04\/4A315622-1904-4D5C-B022-878CDC840E04-90x90-1.jpeg\",\"contentUrl\":\"https:\/\/nitu.mx\/wp-content\/uploads\/2024\/04\/4A315622-1904-4D5C-B022-878CDC840E04-90x90-1.jpeg\",\"width\":90,\"height\":90,\"caption\":\"Arturo Medina\"},\"logo\":{\"@id\":\"https:\/\/nitu.mx\/#\/schema\/person\/image\/\"},\"description\":\"Director NITU.mx, Egresado de la Escuela de Periodismo Carlos Septi\u00e9n Garc\u00eda. Periodista y analista especializado en turismo desde hace 35 a\u00f1os, radicado en Canc\u00fan Q.Roo. arturo@nitu.mx\",\"sameAs\":[\"https:\/\/nitu.mx\",\"https:\/\/www.facebook.com\/NITUmx\/\",\"medinacancun\",\"https:\/\/twitter.com\/@Arturo_Medina_G\"]},{\"@type\":\"Person\",\"@id\":\"https:\/\/nitu.mx\/#\/schema\/person\/4a28fe9bd65924f7c90623773daf1b0b\",\"name\":\"Redacci\u00f3n\",\"image\":{\"@type\":\"ImageObject\",\"inLanguage\":\"es-MX\",\"@id\":\"https:\/\/nitu.mx\/#\/schema\/person\/image\/\",\"url\":\"https:\/\/secure.gravatar.com\/avatar\/5dd011c8ccfc5cd7e4c81e42252aab38?s=96&d=mm&r=g\",\"contentUrl\":\"https:\/\/secure.gravatar.com\/avatar\/5dd011c8ccfc5cd7e4c81e42252aab38?s=96&d=mm&r=g\",\"caption\":\"Redacci\u00f3n\"},\"url\":\"https:\/\/nitu.mx\/index.php\/author\/redaccion\/\"}]}<\/script>\n<!-- \/ Yoast SEO plugin. -->","yoast_head_json":{"title":"Tulum Air Show 2026 toma vuelo, avanzan preparativos rumbo al magno espect\u00e1culo a\u00e9reo - Nitu - Noticias de la Industria Turistica","robots":{"index":"index","follow":"follow","max-snippet":"max-snippet:-1","max-image-preview":"max-image-preview:large","max-video-preview":"max-video-preview:-1"},"canonical":"https:\/\/nitu.mx\/index.php\/2025\/11\/19\/tulum-air-show-2026-toma-vuelo-avanzan-preparativos-rumbo-al-magno-espectaculo-aereo\/","twitter_card":"summary_large_image","twitter_title":"Tulum Air Show 2026 toma vuelo, avanzan preparativos rumbo al magno espect\u00e1culo a\u00e9reo - Nitu - Noticias de la Industria Turistica","twitter_description":"Para afinar detalles rumbo al Tulum Air Show 2026, un espect\u00e1culo a\u00e9reo que se realizar\u00e1 en el Aeropuerto Internacional de Tulum \u201cFelipe Carrillo Puerto\u201d del 23 al 26 de abril, directivos de la Feria Aeroespacial M\u00e9xico (FAMEX) sostuvieron una reuni\u00f3n de trabajo con autoridades estatales y federales, en la sede del C5. El anuncio de [&hellip;]","twitter_image":"https:\/\/nitu.mx\/wp-content\/uploads\/2025\/11\/Tulum-Air-Show-anuncio.jpg","twitter_creator":"@NITUmx","twitter_site":"@Arturo_Medina_G","twitter_misc":{"Escrito por":"Redacci\u00f3n","Tiempo de lectura":"2 minutos"},"schema":{"@context":"https:\/\/schema.org","@graph":[{"@type":"Article","@id":"https:\/\/nitu.mx\/index.php\/2025\/11\/19\/tulum-air-show-2026-toma-vuelo-avanzan-preparativos-rumbo-al-magno-espectaculo-aereo\/#article","isPartOf":{"@id":"https:\/\/nitu.mx\/index.php\/2025\/11\/19\/tulum-air-show-2026-toma-vuelo-avanzan-preparativos-rumbo-al-magno-espectaculo-aereo\/"},"author":{"name":"Redacci\u00f3n","@id":"https:\/\/nitu.mx\/#\/schema\/person\/4a28fe9bd65924f7c90623773daf1b0b"},"headline":"Tulum Air Show 2026 toma vuelo, avanzan preparativos rumbo al magno espect\u00e1culo a\u00e9reo","datePublished":"2025-11-19T06:06:26+00:00","dateModified":"2025-11-19T06:06:26+00:00","mainEntityOfPage":{"@id":"https:\/\/nitu.mx\/index.php\/2025\/11\/19\/tulum-air-show-2026-toma-vuelo-avanzan-preparativos-rumbo-al-magno-espectaculo-aereo\/"},"wordCount":477,"publisher":{"@id":"https:\/\/nitu.mx\/#\/schema\/person\/ae7a53426417292d3dd07b45a33e01bc"},"image":{"@id":"https:\/\/nitu.mx\/index.php\/2025\/11\/19\/tulum-air-show-2026-toma-vuelo-avanzan-preparativos-rumbo-al-magno-espectaculo-aereo\/#primaryimage"},"thumbnailUrl":"https:\/\/nitu.mx\/wp-content\/uploads\/2025\/11\/Tulum-Air-Show-anuncio.jpg","keywords":["FAMEX","Mara Lezama","Tulum","Tulum Air Show"],"articleSection":["Caribe Mexicano"],"inLanguage":"es-MX"},{"@type":"WebPage","@id":"https:\/\/nitu.mx\/index.php\/2025\/11\/19\/tulum-air-show-2026-toma-vuelo-avanzan-preparativos-rumbo-al-magno-espectaculo-aereo\/","url":"https:\/\/nitu.mx\/index.php\/2025\/11\/19\/tulum-air-show-2026-toma-vuelo-avanzan-preparativos-rumbo-al-magno-espectaculo-aereo\/","name":"Tulum Air Show 2026 toma vuelo, avanzan preparativos rumbo al magno espect\u00e1culo a\u00e9reo - Nitu - Noticias de la Industria Turistica","isPartOf":{"@id":"https:\/\/nitu.mx\/#website"},"primaryImageOfPage":{"@id":"https:\/\/nitu.mx\/index.php\/2025\/11\/19\/tulum-air-show-2026-toma-vuelo-avanzan-preparativos-rumbo-al-magno-espectaculo-aereo\/#primaryimage"},"image":{"@id":"https:\/\/nitu.mx\/index.php\/2025\/11\/19\/tulum-air-show-2026-toma-vuelo-avanzan-preparativos-rumbo-al-magno-espectaculo-aereo\/#primaryimage"},"thumbnailUrl":"https:\/\/nitu.mx\/wp-content\/uploads\/2025\/11\/Tulum-Air-Show-anuncio.jpg","datePublished":"2025-11-19T06:06:26+00:00","dateModified":"2025-11-19T06:06:26+00:00","breadcrumb":{"@id":"https:\/\/nitu.mx\/index.php\/2025\/11\/19\/tulum-air-show-2026-toma-vuelo-avanzan-preparativos-rumbo-al-magno-espectaculo-aereo\/#breadcrumb"},"inLanguage":"es-MX","potentialAction":[{"@type":"ReadAction","target":["https:\/\/nitu.mx\/index.php\/2025\/11\/19\/tulum-air-show-2026-toma-vuelo-avanzan-preparativos-rumbo-al-magno-espectaculo-aereo\/"]}]},{"@type":"ImageObject","inLanguage":"es-MX","@id":"https:\/\/nitu.mx\/index.php\/2025\/11\/19\/tulum-air-show-2026-toma-vuelo-avanzan-preparativos-rumbo-al-magno-espectaculo-aereo\/#primaryimage","url":"https:\/\/nitu.mx\/wp-content\/uploads\/2025\/11\/Tulum-Air-Show-anuncio.jpg","contentUrl":"https:\/\/nitu.mx\/wp-content\/uploads\/2025\/11\/Tulum-Air-Show-anuncio.jpg","width":1200,"height":675,"caption":"Tulum Air Show anuncio"},{"@type":"BreadcrumbList","@id":"https:\/\/nitu.mx\/index.php\/2025\/11\/19\/tulum-air-show-2026-toma-vuelo-avanzan-preparativos-rumbo-al-magno-espectaculo-aereo\/#breadcrumb","itemListElement":[{"@type":"ListItem","position":1,"name":"Inicio","item":"https:\/\/nitu.mx\/"},{"@type":"ListItem","position":2,"name":"Tulum Air Show 2026 toma vuelo, avanzan preparativos rumbo al magno espect\u00e1culo a\u00e9reo"}]},{"@type":"WebSite","@id":"https:\/\/nitu.mx\/#website","url":"https:\/\/nitu.mx\/","name":"Nitu - Noticias de la Industria Turistica","description":"Noticias de la Industria Turistica","publisher":{"@id":"https:\/\/nitu.mx\/#\/schema\/person\/ae7a53426417292d3dd07b45a33e01bc"},"alternateName":"Noticias de la Industria Turistica","potentialAction":[{"@type":"SearchAction","target":{"@type":"EntryPoint","urlTemplate":"https:\/\/nitu.mx\/?s={search_term_string}"},"query-input":"required name=search_term_string"}],"inLanguage":"es-MX"},{"@type":["Person","Organization"],"@id":"https:\/\/nitu.mx\/#\/schema\/person\/ae7a53426417292d3dd07b45a33e01bc","name":"Arturo Medina","image":{"@type":"ImageObject","inLanguage":"es-MX","@id":"https:\/\/nitu.mx\/#\/schema\/person\/image\/","url":"https:\/\/nitu.mx\/wp-content\/uploads\/2024\/04\/4A315622-1904-4D5C-B022-878CDC840E04-90x90-1.jpeg","contentUrl":"https:\/\/nitu.mx\/wp-content\/uploads\/2024\/04\/4A315622-1904-4D5C-B022-878CDC840E04-90x90-1.jpeg","width":90,"height":90,"caption":"Arturo Medina"},"logo":{"@id":"https:\/\/nitu.mx\/#\/schema\/person\/image\/"},"description":"Director NITU.mx, Egresado de la Escuela de Periodismo Carlos Septi\u00e9n Garc\u00eda. Periodista y analista especializado en turismo desde hace 35 a\u00f1os, radicado en Canc\u00fan Q.Roo. arturo@nitu.mx","sameAs":["https:\/\/nitu.mx","https:\/\/www.facebook.com\/NITUmx\/","medinacancun","https:\/\/twitter.com\/@Arturo_Medina_G"]},{"@type":"Person","@id":"https:\/\/nitu.mx\/#\/schema\/person\/4a28fe9bd65924f7c90623773daf1b0b","name":"Redacci\u00f3n","image":{"@type":"ImageObject","inLanguage":"es-MX","@id":"https:\/\/nitu.mx\/#\/schema\/person\/image\/","url":"https:\/\/secure.gravatar.com\/avatar\/5dd011c8ccfc5cd7e4c81e42252aab38?s=96&d=mm&r=g","contentUrl":"https:\/\/secure.gravatar.com\/avatar\/5dd011c8ccfc5cd7e4c81e42252aab38?s=96&d=mm&r=g","caption":"Redacci\u00f3n"},"url":"https:\/\/nitu.mx\/index.php\/author\/redaccion\/"}]}},"views":458,"_links":{"self":[{"href":"https:\/\/nitu.mx\/index.php\/wp-json\/wp\/v2\/posts\/84586"}],"collection":[{"href":"https:\/\/nitu.mx\/index.php\/wp-json\/wp\/v2\/posts"}],"about":[{"href":"https:\/\/nitu.mx\/index.php\/wp-json\/wp\/v2\/types\/post"}],"author":[{"embeddable":true,"href":"https:\/\/nitu.mx\/index.php\/wp-json\/wp\/v2\/users\/17"}],"replies":[{"embeddable":true,"href":"https:\/\/nitu.mx\/index.php\/wp-json\/wp\/v2\/comments?post=84586"}],"version-history":[{"count":1,"href":"https:\/\/nitu.mx\/index.php\/wp-json\/wp\/v2\/posts\/84586\/revisions"}],"predecessor-version":[{"id":84589,"href":"https:\/\/nitu.mx\/index.php\/wp-json\/wp\/v2\/posts\/84586\/revisions\/84589"}],"wp:featuredmedia":[{"embeddable":true,"href":"https:\/\/nitu.mx\/index.php\/wp-json\/wp\/v2\/media\/84588"}],"wp:attachment":[{"href":"https:\/\/nitu.mx\/index.php\/wp-json\/wp\/v2\/media?parent=84586"}],"wp:term":[{"taxonomy":"category","embeddable":true,"href":"https:\/\/nitu.mx\/index.php\/wp-json\/wp\/v2\/categories?post=84586"},{"taxonomy":"post_tag","embeddable":true,"href":"https:\/\/nitu.mx\/index.php\/wp-json\/wp\/v2\/tags?post=84586"}],"curies":[{"name":"wp","href":"https:\/\/api.w.org\/{rel}","templated":true}]}}