{"id":84529,"date":"2025-11-13T19:00:00","date_gmt":"2025-11-14T01:00:00","guid":{"rendered":"https:\/\/nitu.mx\/?p=84529"},"modified":"2025-11-13T17:25:59","modified_gmt":"2025-11-13T23:25:59","slug":"aeropuertos-mexicanos-reactiva-operaciones-en-saltillo-con-vuelo-de-viva-anuncia-vuelo-a-cancun","status":"publish","type":"post","link":"https:\/\/nitu.mx\/index.php\/2025\/11\/13\/aeropuertos-mexicanos-reactiva-operaciones-en-saltillo-con-vuelo-de-viva-anuncia-vuelo-a-cancun\/","title":{"rendered":"Aeropuertos Mexicanos reactiva operaciones en Saltillo con vuelo de Viva, anuncia vuelo a Canc\u00fan"},"content":{"rendered":"\n<p>Aeropuertos Mexicanos (AME), empresa filial de MOTA-ENGIL, refuerza su liderazgo en la expansi\u00f3n de la conectividad a\u00e9rea con<br>la reactivaci\u00f3n de operaciones comerciales en el Aeropuerto Internacional de Saltillo, replicando el \u00e9xito obtenido este mismo a\u00f1o en los aeropuertos de Tepic-Riviera Nayarit y Puerto Escondido, donde la apertura de nuevas rutas, la entrada de m\u00e1s aerol\u00edneas y la internacionalizaci\u00f3n de ambos aeropuertos han transformado la movilidad y el turismo regional.<\/p>\n\n\n\n<p>Esta reactivaci\u00f3n comienza con la llegada de VIVA, primera aerol\u00ednea en operar vuelos comerciales desde Saltillo hacia el Aeropuerto  Internacional Felipe \u00c1ngeles (AIFA). <\/p>\n\n\n\n<p>El primer vuelo marca el inicio de una nueva etapa que busca consolidar a Saltillo como un nodo estrat\u00e9gico para captar el gran mercado de pasajeros provenientes de Ramos Arizpe, Arteaga y otras ciudades de la regi\u00f3n, ofreciendo una alternativa m\u00e1s cercana y eficiente.<\/p>\n\n\n\n<p>La ruta Saltillo\u2013AIFA comenz\u00f3 con una ocupaci\u00f3n cercana al 80% en aviones A320neo (186 asientos), y a partir del 13 de noviembre contar\u00e1 con servicio diario, teniendo desde el 1\u00b0 de diciembre los siguientes horarios:<\/p>\n\n\n\n<ul>\n<li>Ciudad de M\u00e9xico (AIFA)\u2013Saltillo: salida 13:20 hrs, llegada 14:50 hrs<\/li>\n\n\n\n<li>Saltillo\u2013 Ciudad de M\u00e9xico (AIFA): salida 15:20 hrs, llegada 17:00 hrs<br><\/li>\n<\/ul>\n\n\n\n<p>Durante el evento inaugural, VIVA anunci\u00f3 tambi\u00e9n su incursi\u00f3n en la ruta Saltillo-Canc\u00fan a partir de marzo 2026, ampliando las opciones para los pasajeros y consolidando la visi\u00f3n de convertir a Saltillo en un punto clave para la conectividad a\u00e9rea de la regi\u00f3n.<\/p>\n\n\n\n<p>Con la incorporaci\u00f3n de VIVA comienza una etapa de crecimiento que contempla varias rutas nacionales para 2026 y 2027. Con esta primera ruta al Valle de M\u00e9xico, los pasajeros podr\u00e1n conectar con m\u00e1s de 20 destinos v\u00eda AIFA, incluyendo M\u00e9rida, Canc\u00fan, Villahermosa, Tuxtla Guti\u00e9rrez, Puerto Escondido, Los Cabos, Bogot\u00e1 y Veracruz. (<a href=\"https:\/\/nitu.mx\/index.php\/2025\/11\/12\/viva-reporta-un-incremento-de-6-6-en-pasajeros-transportados-en-octubre\/\">Viva reporta un incremento de 6.6% en pasajeros transportados en octubre<\/a>).<\/p>\n\n\n\n<p>Adicionalmente, el Aeropuerto Internacional de Saltillo ya cuenta desde junio con operaciones regulares de AERUS, aerol\u00ednea regional que conecta con destinos estrat\u00e9gicos del norte del pa\u00eds, fortaleciendo la conectividad a\u00e9rea y brindando opciones adicionales para los viajeros.<\/p>\n\n\n\n<p>Para garantizar la comodidad del pasajero, el aeropuerto estar\u00e1 incorporando infraestructura renovada: salas de espera ampliadas, filtros de seguridad mejorados, estacionamiento y accesos optimizados, servicios comerciales, restaurantes, sal\u00f3n VIP y WiFi gratuito, todo orientado a ofrecer una experiencia moderna y eficiente. <\/p>\n\n\n\n<p>Este proyecto, impulsado por el Gobierno de Coahuila y AME bajo la iniciativa \u201cVuela F\u00e1cil, Vuela Saltillo\u201d, responde a una necesidad estrat\u00e9gica: m\u00e1s de 2.1 millones de pasajeros viajan cada a\u00f1o desde\/hacia Monterrey por falta de opciones en la zona de influencia del Aeropuerto de Saltillo (radio aproximado de 50 km). <\/p>\n\n\n\n<p>Este potencial permitir\u00e1 convertir a Saltillo como un referente de conectividad a\u00e9rea en la regi\u00f3n, ofreciendo mayor comodidad, ahorro de tiempo y una experiencia m\u00e1s cercana para los pasajeros.<\/p>\n\n\n\n<p>AME ha estado manteniendo continuas negociaciones con aerol\u00edneas l\u00edderes nacionales e internacionales que han permitido identificar oportunidades de nuevas rutas a ser operadas en el corto y mediano plazo, reforzando su compromiso de impulsar la conectividad y el desarrollo econ\u00f3mico en el noreste del pa\u00eds. <\/p>\n","protected":false},"excerpt":{"rendered":"<p>Aeropuertos Mexicanos (AME), empresa filial de MOTA-ENGIL, refuerza su liderazgo en la expansi\u00f3n de la conectividad a\u00e9rea conla reactivaci\u00f3n de operaciones comerciales en el Aeropuerto Internacional de Saltillo, replicando el \u00e9xito obtenido este mismo a\u00f1o en los aeropuertos de Tepic-Riviera Nayarit y Puerto Escondido, donde la apertura de nuevas rutas, la entrada de m\u00e1s aerol\u00edneas [&hellip;]<\/p>\n","protected":false},"author":17,"featured_media":84537,"comment_status":"closed","ping_status":"closed","sticky":false,"template":"","format":"standard","meta":{"footnotes":""},"categories":[19462],"tags":[5023,23846,27819,2069,2628],"yoast_head":"<!-- This site is optimized with the Yoast SEO plugin v22.2 - https:\/\/yoast.com\/wordpress\/plugins\/seo\/ -->\n<title>Aeropuertos Mexicanos reactiva operaciones en Saltillo con vuelo de Viva, anuncia vuelo a Canc\u00fan - Nitu - Noticias de la Industria Turistica<\/title>\n<meta name=\"robots\" content=\"index, follow, max-snippet:-1, max-image-preview:large, max-video-preview:-1\" \/>\n<link rel=\"canonical\" href=\"https:\/\/nitu.mx\/index.php\/2025\/11\/13\/aeropuertos-mexicanos-reactiva-operaciones-en-saltillo-con-vuelo-de-viva-anuncia-vuelo-a-cancun\/\" \/>\n<meta name=\"twitter:card\" content=\"summary_large_image\" \/>\n<meta name=\"twitter:title\" content=\"Aeropuertos Mexicanos reactiva operaciones en Saltillo con vuelo de Viva, anuncia vuelo a Canc\u00fan - Nitu - Noticias de la Industria Turistica\" \/>\n<meta name=\"twitter:description\" content=\"Aeropuertos Mexicanos (AME), empresa filial de MOTA-ENGIL, refuerza su liderazgo en la expansi\u00f3n de la conectividad a\u00e9rea conla reactivaci\u00f3n de operaciones comerciales en el Aeropuerto Internacional de Saltillo, replicando el \u00e9xito obtenido este mismo a\u00f1o en los aeropuertos de Tepic-Riviera Nayarit y Puerto Escondido, donde la apertura de nuevas rutas, la entrada de m\u00e1s aerol\u00edneas [&hellip;]\" \/>\n<meta name=\"twitter:image\" content=\"https:\/\/nitu.mx\/wp-content\/uploads\/2025\/11\/Aeropuertos-Mexicanos-Saltillo-Viva-Aerobus.jpg\" \/>\n<meta name=\"twitter:creator\" content=\"@NITUmx\" \/>\n<meta name=\"twitter:site\" content=\"@Arturo_Medina_G\" \/>\n<meta name=\"twitter:label1\" content=\"Escrito por\" \/>\n\t<meta name=\"twitter:data1\" content=\"Redacci\u00f3n\" \/>\n\t<meta name=\"twitter:label2\" content=\"Tiempo de lectura\" \/>\n\t<meta name=\"twitter:data2\" content=\"3 minutos\" \/>\n<script type=\"application\/ld+json\" class=\"yoast-schema-graph\">{\"@context\":\"https:\/\/schema.org\",\"@graph\":[{\"@type\":\"Article\",\"@id\":\"https:\/\/nitu.mx\/index.php\/2025\/11\/13\/aeropuertos-mexicanos-reactiva-operaciones-en-saltillo-con-vuelo-de-viva-anuncia-vuelo-a-cancun\/#article\",\"isPartOf\":{\"@id\":\"https:\/\/nitu.mx\/index.php\/2025\/11\/13\/aeropuertos-mexicanos-reactiva-operaciones-en-saltillo-con-vuelo-de-viva-anuncia-vuelo-a-cancun\/\"},\"author\":{\"name\":\"Redacci\u00f3n\",\"@id\":\"https:\/\/nitu.mx\/#\/schema\/person\/4a28fe9bd65924f7c90623773daf1b0b\"},\"headline\":\"Aeropuertos Mexicanos reactiva operaciones en Saltillo con vuelo de Viva, anuncia vuelo a Canc\u00fan\",\"datePublished\":\"2025-11-14T01:00:00+00:00\",\"dateModified\":\"2025-11-13T23:25:59+00:00\",\"mainEntityOfPage\":{\"@id\":\"https:\/\/nitu.mx\/index.php\/2025\/11\/13\/aeropuertos-mexicanos-reactiva-operaciones-en-saltillo-con-vuelo-de-viva-anuncia-vuelo-a-cancun\/\"},\"wordCount\":549,\"publisher\":{\"@id\":\"https:\/\/nitu.mx\/#\/schema\/person\/ae7a53426417292d3dd07b45a33e01bc\"},\"image\":{\"@id\":\"https:\/\/nitu.mx\/index.php\/2025\/11\/13\/aeropuertos-mexicanos-reactiva-operaciones-en-saltillo-con-vuelo-de-viva-anuncia-vuelo-a-cancun\/#primaryimage\"},\"thumbnailUrl\":\"https:\/\/nitu.mx\/wp-content\/uploads\/2025\/11\/Aeropuertos-Mexicanos-Saltillo-Viva-Aerobus.jpg\",\"keywords\":[\"aeropuertos mexicanos\",\"Aerus\",\"AME\",\"Saltillo\",\"Viva\"],\"articleSection\":[\"Aeropuertos\"],\"inLanguage\":\"es-MX\"},{\"@type\":\"WebPage\",\"@id\":\"https:\/\/nitu.mx\/index.php\/2025\/11\/13\/aeropuertos-mexicanos-reactiva-operaciones-en-saltillo-con-vuelo-de-viva-anuncia-vuelo-a-cancun\/\",\"url\":\"https:\/\/nitu.mx\/index.php\/2025\/11\/13\/aeropuertos-mexicanos-reactiva-operaciones-en-saltillo-con-vuelo-de-viva-anuncia-vuelo-a-cancun\/\",\"name\":\"Aeropuertos Mexicanos reactiva operaciones en Saltillo con vuelo de Viva, anuncia vuelo a Canc\u00fan - Nitu - Noticias de la Industria Turistica\",\"isPartOf\":{\"@id\":\"https:\/\/nitu.mx\/#website\"},\"primaryImageOfPage\":{\"@id\":\"https:\/\/nitu.mx\/index.php\/2025\/11\/13\/aeropuertos-mexicanos-reactiva-operaciones-en-saltillo-con-vuelo-de-viva-anuncia-vuelo-a-cancun\/#primaryimage\"},\"image\":{\"@id\":\"https:\/\/nitu.mx\/index.php\/2025\/11\/13\/aeropuertos-mexicanos-reactiva-operaciones-en-saltillo-con-vuelo-de-viva-anuncia-vuelo-a-cancun\/#primaryimage\"},\"thumbnailUrl\":\"https:\/\/nitu.mx\/wp-content\/uploads\/2025\/11\/Aeropuertos-Mexicanos-Saltillo-Viva-Aerobus.jpg\",\"datePublished\":\"2025-11-14T01:00:00+00:00\",\"dateModified\":\"2025-11-13T23:25:59+00:00\",\"breadcrumb\":{\"@id\":\"https:\/\/nitu.mx\/index.php\/2025\/11\/13\/aeropuertos-mexicanos-reactiva-operaciones-en-saltillo-con-vuelo-de-viva-anuncia-vuelo-a-cancun\/#breadcrumb\"},\"inLanguage\":\"es-MX\",\"potentialAction\":[{\"@type\":\"ReadAction\",\"target\":[\"https:\/\/nitu.mx\/index.php\/2025\/11\/13\/aeropuertos-mexicanos-reactiva-operaciones-en-saltillo-con-vuelo-de-viva-anuncia-vuelo-a-cancun\/\"]}]},{\"@type\":\"ImageObject\",\"inLanguage\":\"es-MX\",\"@id\":\"https:\/\/nitu.mx\/index.php\/2025\/11\/13\/aeropuertos-mexicanos-reactiva-operaciones-en-saltillo-con-vuelo-de-viva-anuncia-vuelo-a-cancun\/#primaryimage\",\"url\":\"https:\/\/nitu.mx\/wp-content\/uploads\/2025\/11\/Aeropuertos-Mexicanos-Saltillo-Viva-Aerobus.jpg\",\"contentUrl\":\"https:\/\/nitu.mx\/wp-content\/uploads\/2025\/11\/Aeropuertos-Mexicanos-Saltillo-Viva-Aerobus.jpg\",\"width\":1200,\"height\":675,\"caption\":\"Aeropuertos Mexicanos Saltillo Viva Aerobus\"},{\"@type\":\"BreadcrumbList\",\"@id\":\"https:\/\/nitu.mx\/index.php\/2025\/11\/13\/aeropuertos-mexicanos-reactiva-operaciones-en-saltillo-con-vuelo-de-viva-anuncia-vuelo-a-cancun\/#breadcrumb\",\"itemListElement\":[{\"@type\":\"ListItem\",\"position\":1,\"name\":\"Inicio\",\"item\":\"https:\/\/nitu.mx\/\"},{\"@type\":\"ListItem\",\"position\":2,\"name\":\"Aeropuertos Mexicanos reactiva operaciones en Saltillo con vuelo de Viva, anuncia vuelo a Canc\u00fan\"}]},{\"@type\":\"WebSite\",\"@id\":\"https:\/\/nitu.mx\/#website\",\"url\":\"https:\/\/nitu.mx\/\",\"name\":\"Nitu - Noticias de la Industria Turistica\",\"description\":\"Noticias de la Industria Turistica\",\"publisher\":{\"@id\":\"https:\/\/nitu.mx\/#\/schema\/person\/ae7a53426417292d3dd07b45a33e01bc\"},\"alternateName\":\"Noticias de la Industria Turistica\",\"potentialAction\":[{\"@type\":\"SearchAction\",\"target\":{\"@type\":\"EntryPoint\",\"urlTemplate\":\"https:\/\/nitu.mx\/?s={search_term_string}\"},\"query-input\":\"required name=search_term_string\"}],\"inLanguage\":\"es-MX\"},{\"@type\":[\"Person\",\"Organization\"],\"@id\":\"https:\/\/nitu.mx\/#\/schema\/person\/ae7a53426417292d3dd07b45a33e01bc\",\"name\":\"Arturo Medina\",\"image\":{\"@type\":\"ImageObject\",\"inLanguage\":\"es-MX\",\"@id\":\"https:\/\/nitu.mx\/#\/schema\/person\/image\/\",\"url\":\"https:\/\/nitu.mx\/wp-content\/uploads\/2024\/04\/4A315622-1904-4D5C-B022-878CDC840E04-90x90-1.jpeg\",\"contentUrl\":\"https:\/\/nitu.mx\/wp-content\/uploads\/2024\/04\/4A315622-1904-4D5C-B022-878CDC840E04-90x90-1.jpeg\",\"width\":90,\"height\":90,\"caption\":\"Arturo Medina\"},\"logo\":{\"@id\":\"https:\/\/nitu.mx\/#\/schema\/person\/image\/\"},\"description\":\"Director NITU.mx, Egresado de la Escuela de Periodismo Carlos Septi\u00e9n Garc\u00eda. Periodista y analista especializado en turismo desde hace 35 a\u00f1os, radicado en Canc\u00fan Q.Roo. arturo@nitu.mx\",\"sameAs\":[\"https:\/\/nitu.mx\",\"https:\/\/www.facebook.com\/NITUmx\/\",\"medinacancun\",\"https:\/\/twitter.com\/@Arturo_Medina_G\"]},{\"@type\":\"Person\",\"@id\":\"https:\/\/nitu.mx\/#\/schema\/person\/4a28fe9bd65924f7c90623773daf1b0b\",\"name\":\"Redacci\u00f3n\",\"image\":{\"@type\":\"ImageObject\",\"inLanguage\":\"es-MX\",\"@id\":\"https:\/\/nitu.mx\/#\/schema\/person\/image\/\",\"url\":\"https:\/\/secure.gravatar.com\/avatar\/5dd011c8ccfc5cd7e4c81e42252aab38?s=96&d=mm&r=g\",\"contentUrl\":\"https:\/\/secure.gravatar.com\/avatar\/5dd011c8ccfc5cd7e4c81e42252aab38?s=96&d=mm&r=g\",\"caption\":\"Redacci\u00f3n\"},\"url\":\"https:\/\/nitu.mx\/index.php\/author\/redaccion\/\"}]}<\/script>\n<!-- \/ Yoast SEO plugin. -->","yoast_head_json":{"title":"Aeropuertos Mexicanos reactiva operaciones en Saltillo con vuelo de Viva, anuncia vuelo a Canc\u00fan - Nitu - Noticias de la Industria Turistica","robots":{"index":"index","follow":"follow","max-snippet":"max-snippet:-1","max-image-preview":"max-image-preview:large","max-video-preview":"max-video-preview:-1"},"canonical":"https:\/\/nitu.mx\/index.php\/2025\/11\/13\/aeropuertos-mexicanos-reactiva-operaciones-en-saltillo-con-vuelo-de-viva-anuncia-vuelo-a-cancun\/","twitter_card":"summary_large_image","twitter_title":"Aeropuertos Mexicanos reactiva operaciones en Saltillo con vuelo de Viva, anuncia vuelo a Canc\u00fan - Nitu - Noticias de la Industria Turistica","twitter_description":"Aeropuertos Mexicanos (AME), empresa filial de MOTA-ENGIL, refuerza su liderazgo en la expansi\u00f3n de la conectividad a\u00e9rea conla reactivaci\u00f3n de operaciones comerciales en el Aeropuerto Internacional de Saltillo, replicando el \u00e9xito obtenido este mismo a\u00f1o en los aeropuertos de Tepic-Riviera Nayarit y Puerto Escondido, donde la apertura de nuevas rutas, la entrada de m\u00e1s aerol\u00edneas [&hellip;]","twitter_image":"https:\/\/nitu.mx\/wp-content\/uploads\/2025\/11\/Aeropuertos-Mexicanos-Saltillo-Viva-Aerobus.jpg","twitter_creator":"@NITUmx","twitter_site":"@Arturo_Medina_G","twitter_misc":{"Escrito por":"Redacci\u00f3n","Tiempo de lectura":"3 minutos"},"schema":{"@context":"https:\/\/schema.org","@graph":[{"@type":"Article","@id":"https:\/\/nitu.mx\/index.php\/2025\/11\/13\/aeropuertos-mexicanos-reactiva-operaciones-en-saltillo-con-vuelo-de-viva-anuncia-vuelo-a-cancun\/#article","isPartOf":{"@id":"https:\/\/nitu.mx\/index.php\/2025\/11\/13\/aeropuertos-mexicanos-reactiva-operaciones-en-saltillo-con-vuelo-de-viva-anuncia-vuelo-a-cancun\/"},"author":{"name":"Redacci\u00f3n","@id":"https:\/\/nitu.mx\/#\/schema\/person\/4a28fe9bd65924f7c90623773daf1b0b"},"headline":"Aeropuertos Mexicanos reactiva operaciones en Saltillo con vuelo de Viva, anuncia vuelo a Canc\u00fan","datePublished":"2025-11-14T01:00:00+00:00","dateModified":"2025-11-13T23:25:59+00:00","mainEntityOfPage":{"@id":"https:\/\/nitu.mx\/index.php\/2025\/11\/13\/aeropuertos-mexicanos-reactiva-operaciones-en-saltillo-con-vuelo-de-viva-anuncia-vuelo-a-cancun\/"},"wordCount":549,"publisher":{"@id":"https:\/\/nitu.mx\/#\/schema\/person\/ae7a53426417292d3dd07b45a33e01bc"},"image":{"@id":"https:\/\/nitu.mx\/index.php\/2025\/11\/13\/aeropuertos-mexicanos-reactiva-operaciones-en-saltillo-con-vuelo-de-viva-anuncia-vuelo-a-cancun\/#primaryimage"},"thumbnailUrl":"https:\/\/nitu.mx\/wp-content\/uploads\/2025\/11\/Aeropuertos-Mexicanos-Saltillo-Viva-Aerobus.jpg","keywords":["aeropuertos mexicanos","Aerus","AME","Saltillo","Viva"],"articleSection":["Aeropuertos"],"inLanguage":"es-MX"},{"@type":"WebPage","@id":"https:\/\/nitu.mx\/index.php\/2025\/11\/13\/aeropuertos-mexicanos-reactiva-operaciones-en-saltillo-con-vuelo-de-viva-anuncia-vuelo-a-cancun\/","url":"https:\/\/nitu.mx\/index.php\/2025\/11\/13\/aeropuertos-mexicanos-reactiva-operaciones-en-saltillo-con-vuelo-de-viva-anuncia-vuelo-a-cancun\/","name":"Aeropuertos Mexicanos reactiva operaciones en Saltillo con vuelo de Viva, anuncia vuelo a Canc\u00fan - Nitu - Noticias de la Industria Turistica","isPartOf":{"@id":"https:\/\/nitu.mx\/#website"},"primaryImageOfPage":{"@id":"https:\/\/nitu.mx\/index.php\/2025\/11\/13\/aeropuertos-mexicanos-reactiva-operaciones-en-saltillo-con-vuelo-de-viva-anuncia-vuelo-a-cancun\/#primaryimage"},"image":{"@id":"https:\/\/nitu.mx\/index.php\/2025\/11\/13\/aeropuertos-mexicanos-reactiva-operaciones-en-saltillo-con-vuelo-de-viva-anuncia-vuelo-a-cancun\/#primaryimage"},"thumbnailUrl":"https:\/\/nitu.mx\/wp-content\/uploads\/2025\/11\/Aeropuertos-Mexicanos-Saltillo-Viva-Aerobus.jpg","datePublished":"2025-11-14T01:00:00+00:00","dateModified":"2025-11-13T23:25:59+00:00","breadcrumb":{"@id":"https:\/\/nitu.mx\/index.php\/2025\/11\/13\/aeropuertos-mexicanos-reactiva-operaciones-en-saltillo-con-vuelo-de-viva-anuncia-vuelo-a-cancun\/#breadcrumb"},"inLanguage":"es-MX","potentialAction":[{"@type":"ReadAction","target":["https:\/\/nitu.mx\/index.php\/2025\/11\/13\/aeropuertos-mexicanos-reactiva-operaciones-en-saltillo-con-vuelo-de-viva-anuncia-vuelo-a-cancun\/"]}]},{"@type":"ImageObject","inLanguage":"es-MX","@id":"https:\/\/nitu.mx\/index.php\/2025\/11\/13\/aeropuertos-mexicanos-reactiva-operaciones-en-saltillo-con-vuelo-de-viva-anuncia-vuelo-a-cancun\/#primaryimage","url":"https:\/\/nitu.mx\/wp-content\/uploads\/2025\/11\/Aeropuertos-Mexicanos-Saltillo-Viva-Aerobus.jpg","contentUrl":"https:\/\/nitu.mx\/wp-content\/uploads\/2025\/11\/Aeropuertos-Mexicanos-Saltillo-Viva-Aerobus.jpg","width":1200,"height":675,"caption":"Aeropuertos Mexicanos Saltillo Viva Aerobus"},{"@type":"BreadcrumbList","@id":"https:\/\/nitu.mx\/index.php\/2025\/11\/13\/aeropuertos-mexicanos-reactiva-operaciones-en-saltillo-con-vuelo-de-viva-anuncia-vuelo-a-cancun\/#breadcrumb","itemListElement":[{"@type":"ListItem","position":1,"name":"Inicio","item":"https:\/\/nitu.mx\/"},{"@type":"ListItem","position":2,"name":"Aeropuertos Mexicanos reactiva operaciones en Saltillo con vuelo de Viva, anuncia vuelo a Canc\u00fan"}]},{"@type":"WebSite","@id":"https:\/\/nitu.mx\/#website","url":"https:\/\/nitu.mx\/","name":"Nitu - Noticias de la Industria Turistica","description":"Noticias de la Industria Turistica","publisher":{"@id":"https:\/\/nitu.mx\/#\/schema\/person\/ae7a53426417292d3dd07b45a33e01bc"},"alternateName":"Noticias de la Industria Turistica","potentialAction":[{"@type":"SearchAction","target":{"@type":"EntryPoint","urlTemplate":"https:\/\/nitu.mx\/?s={search_term_string}"},"query-input":"required name=search_term_string"}],"inLanguage":"es-MX"},{"@type":["Person","Organization"],"@id":"https:\/\/nitu.mx\/#\/schema\/person\/ae7a53426417292d3dd07b45a33e01bc","name":"Arturo Medina","image":{"@type":"ImageObject","inLanguage":"es-MX","@id":"https:\/\/nitu.mx\/#\/schema\/person\/image\/","url":"https:\/\/nitu.mx\/wp-content\/uploads\/2024\/04\/4A315622-1904-4D5C-B022-878CDC840E04-90x90-1.jpeg","contentUrl":"https:\/\/nitu.mx\/wp-content\/uploads\/2024\/04\/4A315622-1904-4D5C-B022-878CDC840E04-90x90-1.jpeg","width":90,"height":90,"caption":"Arturo Medina"},"logo":{"@id":"https:\/\/nitu.mx\/#\/schema\/person\/image\/"},"description":"Director NITU.mx, Egresado de la Escuela de Periodismo Carlos Septi\u00e9n Garc\u00eda. Periodista y analista especializado en turismo desde hace 35 a\u00f1os, radicado en Canc\u00fan Q.Roo. arturo@nitu.mx","sameAs":["https:\/\/nitu.mx","https:\/\/www.facebook.com\/NITUmx\/","medinacancun","https:\/\/twitter.com\/@Arturo_Medina_G"]},{"@type":"Person","@id":"https:\/\/nitu.mx\/#\/schema\/person\/4a28fe9bd65924f7c90623773daf1b0b","name":"Redacci\u00f3n","image":{"@type":"ImageObject","inLanguage":"es-MX","@id":"https:\/\/nitu.mx\/#\/schema\/person\/image\/","url":"https:\/\/secure.gravatar.com\/avatar\/5dd011c8ccfc5cd7e4c81e42252aab38?s=96&d=mm&r=g","contentUrl":"https:\/\/secure.gravatar.com\/avatar\/5dd011c8ccfc5cd7e4c81e42252aab38?s=96&d=mm&r=g","caption":"Redacci\u00f3n"},"url":"https:\/\/nitu.mx\/index.php\/author\/redaccion\/"}]}},"views":513,"_links":{"self":[{"href":"https:\/\/nitu.mx\/index.php\/wp-json\/wp\/v2\/posts\/84529"}],"collection":[{"href":"https:\/\/nitu.mx\/index.php\/wp-json\/wp\/v2\/posts"}],"about":[{"href":"https:\/\/nitu.mx\/index.php\/wp-json\/wp\/v2\/types\/post"}],"author":[{"embeddable":true,"href":"https:\/\/nitu.mx\/index.php\/wp-json\/wp\/v2\/users\/17"}],"replies":[{"embeddable":true,"href":"https:\/\/nitu.mx\/index.php\/wp-json\/wp\/v2\/comments?post=84529"}],"version-history":[{"count":2,"href":"https:\/\/nitu.mx\/index.php\/wp-json\/wp\/v2\/posts\/84529\/revisions"}],"predecessor-version":[{"id":84538,"href":"https:\/\/nitu.mx\/index.php\/wp-json\/wp\/v2\/posts\/84529\/revisions\/84538"}],"wp:featuredmedia":[{"embeddable":true,"href":"https:\/\/nitu.mx\/index.php\/wp-json\/wp\/v2\/media\/84537"}],"wp:attachment":[{"href":"https:\/\/nitu.mx\/index.php\/wp-json\/wp\/v2\/media?parent=84529"}],"wp:term":[{"taxonomy":"category","embeddable":true,"href":"https:\/\/nitu.mx\/index.php\/wp-json\/wp\/v2\/categories?post=84529"},{"taxonomy":"post_tag","embeddable":true,"href":"https:\/\/nitu.mx\/index.php\/wp-json\/wp\/v2\/tags?post=84529"}],"curies":[{"name":"wp","href":"https:\/\/api.w.org\/{rel}","templated":true}]}}