{"id":84503,"date":"2025-11-12T20:31:26","date_gmt":"2025-11-13T02:31:26","guid":{"rendered":"https:\/\/nitu.mx\/?p=84503"},"modified":"2025-11-12T20:31:27","modified_gmt":"2025-11-13T02:31:27","slug":"morelos-lleva-su-riqueza-cultural-y-gastronomica-al-tianguis-de-pueblos-magicos-2025","status":"publish","type":"post","link":"https:\/\/nitu.mx\/index.php\/2025\/11\/12\/morelos-lleva-su-riqueza-cultural-y-gastronomica-al-tianguis-de-pueblos-magicos-2025\/","title":{"rendered":"Morelos lleva su riqueza cultural y gastron\u00f3mica al Tianguis de Pueblos M\u00e1gicos 2025"},"content":{"rendered":"\n<p>Morelos, \u201cLa tierra que nos une\u201d, participar\u00e1 en el Tianguis de Pueblos M\u00e1gicos 2025 que se realizar\u00e1 del 14 al 16 de noviembre en Pachuca, Hidalgo, con una amplia representaci\u00f3n de artistas, cocineras tradicionales, promotores culturales y artesanos que compartir\u00e1n la riqueza viva del estado ante visitantes nacionales e internacionales.<\/p>\n\n\n\n<p>La delegaci\u00f3n morelense estar\u00e1 integrada por agrupaciones musicales como la Banda de Tlayacapan, considerada la m\u00e1s antigua de M\u00e9xico con 35 integrantes, y la Banda de viento \u201cLa Primera Estrella de Morelos\u201d, conformada por 16 m\u00fasicos. Ambas se presentar\u00e1n durante los actos culturales del encuentro, llevando el ritmo, la identidad y la tradici\u00f3n musical de las comunidades del estado.<\/p>\n\n\n\n<p>Los Pueblos M\u00e1gicos de Morelos participar\u00e1n con activaciones que reflejan su creatividad y herencia artesanal: el caf\u00e9 de Jos\u00e9 Cort\u00e9s Garrido, las casitas de pochote de Joel Carrillo, las nieves de Alpuyeca con Iscel Guzm\u00e1n, la figura del chinelo con Miguel \u00c1ngel Vel\u00e1zquez, los sombreros y bolsas de yute elaborados por Luc\u00eda Aguilar, el barro de Juan Carlos Altamirano, y la cera escamada de Gloria Zapotitla. Estas expresiones mostrar\u00e1n la diversidad productiva y cultural de Tepoztl\u00e1n, Tlayacapan, Xochitepec y Tlaltizap\u00e1n.<\/p>\n\n\n\n<p>El pabell\u00f3n gastron\u00f3mico contar\u00e1 con la participaci\u00f3n de reconocidas cocineras tradicionales morelenses: Irma Conde Hern\u00e1ndez, Irma Cort\u00e9s, Mar\u00eda Isabel G\u00f3mez Rueda, Ver\u00f3nica Zacar\u00edas, Sof\u00eda Cazalez Almanza, Vicenta Carre\u00f3n Luna, Alicia Alarc\u00f3n y Mar\u00eda del Carmen Quintero. Ellas presentar\u00e1n platillos emblem\u00e1ticos como itacates, tacos de cecina, mole negro, conejo en salsa macha y pozole negro, acompa\u00f1ados de aguas frescas elaboradas con flores y frutos locales.<\/p>\n\n\n\n<p>El Pabell\u00f3n de Medicina Tradicional ofrecer\u00e1 una experiencia \u00fanica con rituales y demostraciones a cargo de H\u00e9ctor Mendoza Zarco, Mar\u00eda Feliciana Arredondo, Mar\u00eda Tonantzin Rojas y Horacio Rojas, quienes compartir\u00e1n saberes ancestrales de purificaci\u00f3n, sanaci\u00f3n y lectura de ma\u00edz.<\/p>\n\n\n\n<p>La participaci\u00f3n de Morelos en este encuentro nacional busca fortalecer la proyecci\u00f3n tur\u00edstica y cultural del estado, reafirmando su identidad como un destino diverso, creativo y de profundo valor patrimonial. As\u00ed, la delegaci\u00f3n llevar\u00e1 el mensaje de que Morelos, \u201cLa Primavera de M\u00e9xico\u201d, florece en cada expresi\u00f3n que nace de su tierra y su gente. <a href=\"https:\/\/nitu.mx\/index.php\/2025\/11\/09\/gastronomia-de-mexico-celebra-15-anos-como-patrimonio-de-la-humanidad-en-foro-mundial-en-morelos\/\">(Gastronom\u00eda de M\u00e9xico celebra 15 a\u00f1os como Patrimonio de la Humanidad en Foro Mundial en Morelos<\/a>).<\/p>\n","protected":false},"excerpt":{"rendered":"<p>Morelos, \u201cLa tierra que nos une\u201d, participar\u00e1 en el Tianguis de Pueblos M\u00e1gicos 2025 que se realizar\u00e1 del 14 al 16 de noviembre en Pachuca, Hidalgo, con una amplia representaci\u00f3n de artistas, cocineras tradicionales, promotores culturales y artesanos que compartir\u00e1n la riqueza viva del estado ante visitantes nacionales e internacionales. La delegaci\u00f3n morelense estar\u00e1 integrada [&hellip;]<\/p>\n","protected":false},"author":17,"featured_media":84508,"comment_status":"closed","ping_status":"closed","sticky":false,"template":"","format":"standard","meta":{"footnotes":""},"categories":[5],"tags":[4997,59,23034,15620],"yoast_head":"<!-- This site is optimized with the Yoast SEO plugin v22.2 - https:\/\/yoast.com\/wordpress\/plugins\/seo\/ -->\n<title>Morelos lleva su riqueza cultural y gastron\u00f3mica al Tianguis de Pueblos M\u00e1gicos 2025 - Nitu - Noticias de la Industria Turistica<\/title>\n<meta name=\"robots\" content=\"index, follow, max-snippet:-1, max-image-preview:large, max-video-preview:-1\" \/>\n<link rel=\"canonical\" href=\"https:\/\/nitu.mx\/index.php\/2025\/11\/12\/morelos-lleva-su-riqueza-cultural-y-gastronomica-al-tianguis-de-pueblos-magicos-2025\/\" \/>\n<meta name=\"twitter:card\" content=\"summary_large_image\" \/>\n<meta name=\"twitter:title\" content=\"Morelos lleva su riqueza cultural y gastron\u00f3mica al Tianguis de Pueblos M\u00e1gicos 2025 - Nitu - Noticias de la Industria Turistica\" \/>\n<meta name=\"twitter:description\" content=\"Morelos, \u201cLa tierra que nos une\u201d, participar\u00e1 en el Tianguis de Pueblos M\u00e1gicos 2025 que se realizar\u00e1 del 14 al 16 de noviembre en Pachuca, Hidalgo, con una amplia representaci\u00f3n de artistas, cocineras tradicionales, promotores culturales y artesanos que compartir\u00e1n la riqueza viva del estado ante visitantes nacionales e internacionales. La delegaci\u00f3n morelense estar\u00e1 integrada [&hellip;]\" \/>\n<meta name=\"twitter:image\" content=\"https:\/\/nitu.mx\/wp-content\/uploads\/2025\/11\/Morelos-Tianguis-de-Pueblos-Magicos.jpg\" \/>\n<meta name=\"twitter:creator\" content=\"@NITUmx\" \/>\n<meta name=\"twitter:site\" content=\"@Arturo_Medina_G\" \/>\n<meta name=\"twitter:label1\" content=\"Escrito por\" \/>\n\t<meta name=\"twitter:data1\" content=\"Redacci\u00f3n\" \/>\n\t<meta name=\"twitter:label2\" content=\"Tiempo de lectura\" \/>\n\t<meta name=\"twitter:data2\" content=\"2 minutos\" \/>\n<script type=\"application\/ld+json\" class=\"yoast-schema-graph\">{\"@context\":\"https:\/\/schema.org\",\"@graph\":[{\"@type\":\"Article\",\"@id\":\"https:\/\/nitu.mx\/index.php\/2025\/11\/12\/morelos-lleva-su-riqueza-cultural-y-gastronomica-al-tianguis-de-pueblos-magicos-2025\/#article\",\"isPartOf\":{\"@id\":\"https:\/\/nitu.mx\/index.php\/2025\/11\/12\/morelos-lleva-su-riqueza-cultural-y-gastronomica-al-tianguis-de-pueblos-magicos-2025\/\"},\"author\":{\"name\":\"Redacci\u00f3n\",\"@id\":\"https:\/\/nitu.mx\/#\/schema\/person\/4a28fe9bd65924f7c90623773daf1b0b\"},\"headline\":\"Morelos lleva su riqueza cultural y gastron\u00f3mica al Tianguis de Pueblos M\u00e1gicos 2025\",\"datePublished\":\"2025-11-13T02:31:26+00:00\",\"dateModified\":\"2025-11-13T02:31:27+00:00\",\"mainEntityOfPage\":{\"@id\":\"https:\/\/nitu.mx\/index.php\/2025\/11\/12\/morelos-lleva-su-riqueza-cultural-y-gastronomica-al-tianguis-de-pueblos-magicos-2025\/\"},\"wordCount\":422,\"publisher\":{\"@id\":\"https:\/\/nitu.mx\/#\/schema\/person\/ae7a53426417292d3dd07b45a33e01bc\"},\"image\":{\"@id\":\"https:\/\/nitu.mx\/index.php\/2025\/11\/12\/morelos-lleva-su-riqueza-cultural-y-gastronomica-al-tianguis-de-pueblos-magicos-2025\/#primaryimage\"},\"thumbnailUrl\":\"https:\/\/nitu.mx\/wp-content\/uploads\/2025\/11\/Morelos-Tianguis-de-Pueblos-Magicos.jpg\",\"keywords\":[\"Morelos\",\"Pachuca\",\"Tepoztl\u00e1n\",\"Tianguis de Pueblos M\u00e1gicos\"],\"articleSection\":[\"Destinos\"],\"inLanguage\":\"es-MX\"},{\"@type\":\"WebPage\",\"@id\":\"https:\/\/nitu.mx\/index.php\/2025\/11\/12\/morelos-lleva-su-riqueza-cultural-y-gastronomica-al-tianguis-de-pueblos-magicos-2025\/\",\"url\":\"https:\/\/nitu.mx\/index.php\/2025\/11\/12\/morelos-lleva-su-riqueza-cultural-y-gastronomica-al-tianguis-de-pueblos-magicos-2025\/\",\"name\":\"Morelos lleva su riqueza cultural y gastron\u00f3mica al Tianguis de Pueblos M\u00e1gicos 2025 - Nitu - Noticias de la Industria Turistica\",\"isPartOf\":{\"@id\":\"https:\/\/nitu.mx\/#website\"},\"primaryImageOfPage\":{\"@id\":\"https:\/\/nitu.mx\/index.php\/2025\/11\/12\/morelos-lleva-su-riqueza-cultural-y-gastronomica-al-tianguis-de-pueblos-magicos-2025\/#primaryimage\"},\"image\":{\"@id\":\"https:\/\/nitu.mx\/index.php\/2025\/11\/12\/morelos-lleva-su-riqueza-cultural-y-gastronomica-al-tianguis-de-pueblos-magicos-2025\/#primaryimage\"},\"thumbnailUrl\":\"https:\/\/nitu.mx\/wp-content\/uploads\/2025\/11\/Morelos-Tianguis-de-Pueblos-Magicos.jpg\",\"datePublished\":\"2025-11-13T02:31:26+00:00\",\"dateModified\":\"2025-11-13T02:31:27+00:00\",\"breadcrumb\":{\"@id\":\"https:\/\/nitu.mx\/index.php\/2025\/11\/12\/morelos-lleva-su-riqueza-cultural-y-gastronomica-al-tianguis-de-pueblos-magicos-2025\/#breadcrumb\"},\"inLanguage\":\"es-MX\",\"potentialAction\":[{\"@type\":\"ReadAction\",\"target\":[\"https:\/\/nitu.mx\/index.php\/2025\/11\/12\/morelos-lleva-su-riqueza-cultural-y-gastronomica-al-tianguis-de-pueblos-magicos-2025\/\"]}]},{\"@type\":\"ImageObject\",\"inLanguage\":\"es-MX\",\"@id\":\"https:\/\/nitu.mx\/index.php\/2025\/11\/12\/morelos-lleva-su-riqueza-cultural-y-gastronomica-al-tianguis-de-pueblos-magicos-2025\/#primaryimage\",\"url\":\"https:\/\/nitu.mx\/wp-content\/uploads\/2025\/11\/Morelos-Tianguis-de-Pueblos-Magicos.jpg\",\"contentUrl\":\"https:\/\/nitu.mx\/wp-content\/uploads\/2025\/11\/Morelos-Tianguis-de-Pueblos-Magicos.jpg\",\"width\":1200,\"height\":675,\"caption\":\"Morelos Tianguis de Pueblos M\u00e1gicos\"},{\"@type\":\"BreadcrumbList\",\"@id\":\"https:\/\/nitu.mx\/index.php\/2025\/11\/12\/morelos-lleva-su-riqueza-cultural-y-gastronomica-al-tianguis-de-pueblos-magicos-2025\/#breadcrumb\",\"itemListElement\":[{\"@type\":\"ListItem\",\"position\":1,\"name\":\"Inicio\",\"item\":\"https:\/\/nitu.mx\/\"},{\"@type\":\"ListItem\",\"position\":2,\"name\":\"Morelos lleva su riqueza cultural y gastron\u00f3mica al Tianguis de Pueblos M\u00e1gicos 2025\"}]},{\"@type\":\"WebSite\",\"@id\":\"https:\/\/nitu.mx\/#website\",\"url\":\"https:\/\/nitu.mx\/\",\"name\":\"Nitu - Noticias de la Industria Turistica\",\"description\":\"Noticias de la Industria Turistica\",\"publisher\":{\"@id\":\"https:\/\/nitu.mx\/#\/schema\/person\/ae7a53426417292d3dd07b45a33e01bc\"},\"alternateName\":\"Noticias de la Industria Turistica\",\"potentialAction\":[{\"@type\":\"SearchAction\",\"target\":{\"@type\":\"EntryPoint\",\"urlTemplate\":\"https:\/\/nitu.mx\/?s={search_term_string}\"},\"query-input\":\"required name=search_term_string\"}],\"inLanguage\":\"es-MX\"},{\"@type\":[\"Person\",\"Organization\"],\"@id\":\"https:\/\/nitu.mx\/#\/schema\/person\/ae7a53426417292d3dd07b45a33e01bc\",\"name\":\"Arturo Medina\",\"image\":{\"@type\":\"ImageObject\",\"inLanguage\":\"es-MX\",\"@id\":\"https:\/\/nitu.mx\/#\/schema\/person\/image\/\",\"url\":\"https:\/\/nitu.mx\/wp-content\/uploads\/2024\/04\/4A315622-1904-4D5C-B022-878CDC840E04-90x90-1.jpeg\",\"contentUrl\":\"https:\/\/nitu.mx\/wp-content\/uploads\/2024\/04\/4A315622-1904-4D5C-B022-878CDC840E04-90x90-1.jpeg\",\"width\":90,\"height\":90,\"caption\":\"Arturo Medina\"},\"logo\":{\"@id\":\"https:\/\/nitu.mx\/#\/schema\/person\/image\/\"},\"description\":\"Director NITU.mx, Egresado de la Escuela de Periodismo Carlos Septi\u00e9n Garc\u00eda. Periodista y analista especializado en turismo desde hace 35 a\u00f1os, radicado en Canc\u00fan Q.Roo. arturo@nitu.mx\",\"sameAs\":[\"https:\/\/nitu.mx\",\"https:\/\/www.facebook.com\/NITUmx\/\",\"medinacancun\",\"https:\/\/twitter.com\/@Arturo_Medina_G\"]},{\"@type\":\"Person\",\"@id\":\"https:\/\/nitu.mx\/#\/schema\/person\/4a28fe9bd65924f7c90623773daf1b0b\",\"name\":\"Redacci\u00f3n\",\"image\":{\"@type\":\"ImageObject\",\"inLanguage\":\"es-MX\",\"@id\":\"https:\/\/nitu.mx\/#\/schema\/person\/image\/\",\"url\":\"https:\/\/secure.gravatar.com\/avatar\/5dd011c8ccfc5cd7e4c81e42252aab38?s=96&d=mm&r=g\",\"contentUrl\":\"https:\/\/secure.gravatar.com\/avatar\/5dd011c8ccfc5cd7e4c81e42252aab38?s=96&d=mm&r=g\",\"caption\":\"Redacci\u00f3n\"},\"url\":\"https:\/\/nitu.mx\/index.php\/author\/redaccion\/\"}]}<\/script>\n<!-- \/ Yoast SEO plugin. -->","yoast_head_json":{"title":"Morelos lleva su riqueza cultural y gastron\u00f3mica al Tianguis de Pueblos M\u00e1gicos 2025 - Nitu - Noticias de la Industria Turistica","robots":{"index":"index","follow":"follow","max-snippet":"max-snippet:-1","max-image-preview":"max-image-preview:large","max-video-preview":"max-video-preview:-1"},"canonical":"https:\/\/nitu.mx\/index.php\/2025\/11\/12\/morelos-lleva-su-riqueza-cultural-y-gastronomica-al-tianguis-de-pueblos-magicos-2025\/","twitter_card":"summary_large_image","twitter_title":"Morelos lleva su riqueza cultural y gastron\u00f3mica al Tianguis de Pueblos M\u00e1gicos 2025 - Nitu - Noticias de la Industria Turistica","twitter_description":"Morelos, \u201cLa tierra que nos une\u201d, participar\u00e1 en el Tianguis de Pueblos M\u00e1gicos 2025 que se realizar\u00e1 del 14 al 16 de noviembre en Pachuca, Hidalgo, con una amplia representaci\u00f3n de artistas, cocineras tradicionales, promotores culturales y artesanos que compartir\u00e1n la riqueza viva del estado ante visitantes nacionales e internacionales. La delegaci\u00f3n morelense estar\u00e1 integrada [&hellip;]","twitter_image":"https:\/\/nitu.mx\/wp-content\/uploads\/2025\/11\/Morelos-Tianguis-de-Pueblos-Magicos.jpg","twitter_creator":"@NITUmx","twitter_site":"@Arturo_Medina_G","twitter_misc":{"Escrito por":"Redacci\u00f3n","Tiempo de lectura":"2 minutos"},"schema":{"@context":"https:\/\/schema.org","@graph":[{"@type":"Article","@id":"https:\/\/nitu.mx\/index.php\/2025\/11\/12\/morelos-lleva-su-riqueza-cultural-y-gastronomica-al-tianguis-de-pueblos-magicos-2025\/#article","isPartOf":{"@id":"https:\/\/nitu.mx\/index.php\/2025\/11\/12\/morelos-lleva-su-riqueza-cultural-y-gastronomica-al-tianguis-de-pueblos-magicos-2025\/"},"author":{"name":"Redacci\u00f3n","@id":"https:\/\/nitu.mx\/#\/schema\/person\/4a28fe9bd65924f7c90623773daf1b0b"},"headline":"Morelos lleva su riqueza cultural y gastron\u00f3mica al Tianguis de Pueblos M\u00e1gicos 2025","datePublished":"2025-11-13T02:31:26+00:00","dateModified":"2025-11-13T02:31:27+00:00","mainEntityOfPage":{"@id":"https:\/\/nitu.mx\/index.php\/2025\/11\/12\/morelos-lleva-su-riqueza-cultural-y-gastronomica-al-tianguis-de-pueblos-magicos-2025\/"},"wordCount":422,"publisher":{"@id":"https:\/\/nitu.mx\/#\/schema\/person\/ae7a53426417292d3dd07b45a33e01bc"},"image":{"@id":"https:\/\/nitu.mx\/index.php\/2025\/11\/12\/morelos-lleva-su-riqueza-cultural-y-gastronomica-al-tianguis-de-pueblos-magicos-2025\/#primaryimage"},"thumbnailUrl":"https:\/\/nitu.mx\/wp-content\/uploads\/2025\/11\/Morelos-Tianguis-de-Pueblos-Magicos.jpg","keywords":["Morelos","Pachuca","Tepoztl\u00e1n","Tianguis de Pueblos M\u00e1gicos"],"articleSection":["Destinos"],"inLanguage":"es-MX"},{"@type":"WebPage","@id":"https:\/\/nitu.mx\/index.php\/2025\/11\/12\/morelos-lleva-su-riqueza-cultural-y-gastronomica-al-tianguis-de-pueblos-magicos-2025\/","url":"https:\/\/nitu.mx\/index.php\/2025\/11\/12\/morelos-lleva-su-riqueza-cultural-y-gastronomica-al-tianguis-de-pueblos-magicos-2025\/","name":"Morelos lleva su riqueza cultural y gastron\u00f3mica al Tianguis de Pueblos M\u00e1gicos 2025 - Nitu - Noticias de la Industria Turistica","isPartOf":{"@id":"https:\/\/nitu.mx\/#website"},"primaryImageOfPage":{"@id":"https:\/\/nitu.mx\/index.php\/2025\/11\/12\/morelos-lleva-su-riqueza-cultural-y-gastronomica-al-tianguis-de-pueblos-magicos-2025\/#primaryimage"},"image":{"@id":"https:\/\/nitu.mx\/index.php\/2025\/11\/12\/morelos-lleva-su-riqueza-cultural-y-gastronomica-al-tianguis-de-pueblos-magicos-2025\/#primaryimage"},"thumbnailUrl":"https:\/\/nitu.mx\/wp-content\/uploads\/2025\/11\/Morelos-Tianguis-de-Pueblos-Magicos.jpg","datePublished":"2025-11-13T02:31:26+00:00","dateModified":"2025-11-13T02:31:27+00:00","breadcrumb":{"@id":"https:\/\/nitu.mx\/index.php\/2025\/11\/12\/morelos-lleva-su-riqueza-cultural-y-gastronomica-al-tianguis-de-pueblos-magicos-2025\/#breadcrumb"},"inLanguage":"es-MX","potentialAction":[{"@type":"ReadAction","target":["https:\/\/nitu.mx\/index.php\/2025\/11\/12\/morelos-lleva-su-riqueza-cultural-y-gastronomica-al-tianguis-de-pueblos-magicos-2025\/"]}]},{"@type":"ImageObject","inLanguage":"es-MX","@id":"https:\/\/nitu.mx\/index.php\/2025\/11\/12\/morelos-lleva-su-riqueza-cultural-y-gastronomica-al-tianguis-de-pueblos-magicos-2025\/#primaryimage","url":"https:\/\/nitu.mx\/wp-content\/uploads\/2025\/11\/Morelos-Tianguis-de-Pueblos-Magicos.jpg","contentUrl":"https:\/\/nitu.mx\/wp-content\/uploads\/2025\/11\/Morelos-Tianguis-de-Pueblos-Magicos.jpg","width":1200,"height":675,"caption":"Morelos Tianguis de Pueblos M\u00e1gicos"},{"@type":"BreadcrumbList","@id":"https:\/\/nitu.mx\/index.php\/2025\/11\/12\/morelos-lleva-su-riqueza-cultural-y-gastronomica-al-tianguis-de-pueblos-magicos-2025\/#breadcrumb","itemListElement":[{"@type":"ListItem","position":1,"name":"Inicio","item":"https:\/\/nitu.mx\/"},{"@type":"ListItem","position":2,"name":"Morelos lleva su riqueza cultural y gastron\u00f3mica al Tianguis de Pueblos M\u00e1gicos 2025"}]},{"@type":"WebSite","@id":"https:\/\/nitu.mx\/#website","url":"https:\/\/nitu.mx\/","name":"Nitu - Noticias de la Industria Turistica","description":"Noticias de la Industria Turistica","publisher":{"@id":"https:\/\/nitu.mx\/#\/schema\/person\/ae7a53426417292d3dd07b45a33e01bc"},"alternateName":"Noticias de la Industria Turistica","potentialAction":[{"@type":"SearchAction","target":{"@type":"EntryPoint","urlTemplate":"https:\/\/nitu.mx\/?s={search_term_string}"},"query-input":"required name=search_term_string"}],"inLanguage":"es-MX"},{"@type":["Person","Organization"],"@id":"https:\/\/nitu.mx\/#\/schema\/person\/ae7a53426417292d3dd07b45a33e01bc","name":"Arturo Medina","image":{"@type":"ImageObject","inLanguage":"es-MX","@id":"https:\/\/nitu.mx\/#\/schema\/person\/image\/","url":"https:\/\/nitu.mx\/wp-content\/uploads\/2024\/04\/4A315622-1904-4D5C-B022-878CDC840E04-90x90-1.jpeg","contentUrl":"https:\/\/nitu.mx\/wp-content\/uploads\/2024\/04\/4A315622-1904-4D5C-B022-878CDC840E04-90x90-1.jpeg","width":90,"height":90,"caption":"Arturo Medina"},"logo":{"@id":"https:\/\/nitu.mx\/#\/schema\/person\/image\/"},"description":"Director NITU.mx, Egresado de la Escuela de Periodismo Carlos Septi\u00e9n Garc\u00eda. Periodista y analista especializado en turismo desde hace 35 a\u00f1os, radicado en Canc\u00fan Q.Roo. arturo@nitu.mx","sameAs":["https:\/\/nitu.mx","https:\/\/www.facebook.com\/NITUmx\/","medinacancun","https:\/\/twitter.com\/@Arturo_Medina_G"]},{"@type":"Person","@id":"https:\/\/nitu.mx\/#\/schema\/person\/4a28fe9bd65924f7c90623773daf1b0b","name":"Redacci\u00f3n","image":{"@type":"ImageObject","inLanguage":"es-MX","@id":"https:\/\/nitu.mx\/#\/schema\/person\/image\/","url":"https:\/\/secure.gravatar.com\/avatar\/5dd011c8ccfc5cd7e4c81e42252aab38?s=96&d=mm&r=g","contentUrl":"https:\/\/secure.gravatar.com\/avatar\/5dd011c8ccfc5cd7e4c81e42252aab38?s=96&d=mm&r=g","caption":"Redacci\u00f3n"},"url":"https:\/\/nitu.mx\/index.php\/author\/redaccion\/"}]}},"views":507,"_links":{"self":[{"href":"https:\/\/nitu.mx\/index.php\/wp-json\/wp\/v2\/posts\/84503"}],"collection":[{"href":"https:\/\/nitu.mx\/index.php\/wp-json\/wp\/v2\/posts"}],"about":[{"href":"https:\/\/nitu.mx\/index.php\/wp-json\/wp\/v2\/types\/post"}],"author":[{"embeddable":true,"href":"https:\/\/nitu.mx\/index.php\/wp-json\/wp\/v2\/users\/17"}],"replies":[{"embeddable":true,"href":"https:\/\/nitu.mx\/index.php\/wp-json\/wp\/v2\/comments?post=84503"}],"version-history":[{"count":2,"href":"https:\/\/nitu.mx\/index.php\/wp-json\/wp\/v2\/posts\/84503\/revisions"}],"predecessor-version":[{"id":84507,"href":"https:\/\/nitu.mx\/index.php\/wp-json\/wp\/v2\/posts\/84503\/revisions\/84507"}],"wp:featuredmedia":[{"embeddable":true,"href":"https:\/\/nitu.mx\/index.php\/wp-json\/wp\/v2\/media\/84508"}],"wp:attachment":[{"href":"https:\/\/nitu.mx\/index.php\/wp-json\/wp\/v2\/media?parent=84503"}],"wp:term":[{"taxonomy":"category","embeddable":true,"href":"https:\/\/nitu.mx\/index.php\/wp-json\/wp\/v2\/categories?post=84503"},{"taxonomy":"post_tag","embeddable":true,"href":"https:\/\/nitu.mx\/index.php\/wp-json\/wp\/v2\/tags?post=84503"}],"curies":[{"name":"wp","href":"https:\/\/api.w.org\/{rel}","templated":true}]}}