{"id":84500,"date":"2025-11-12T20:13:17","date_gmt":"2025-11-13T02:13:17","guid":{"rendered":"https:\/\/nitu.mx\/?p=84500"},"modified":"2025-11-12T20:13:17","modified_gmt":"2025-11-13T02:13:17","slug":"semarnat-impugna-resolucion-que-otorgaria-fuero-ambiental-a-megaproyecto-turistico-en-puerto-vallarta","status":"publish","type":"post","link":"https:\/\/nitu.mx\/index.php\/2025\/11\/12\/semarnat-impugna-resolucion-que-otorgaria-fuero-ambiental-a-megaproyecto-turistico-en-puerto-vallarta\/","title":{"rendered":"Semarnat impugna resoluci\u00f3n que otorgar\u00eda fuero ambiental a megaproyecto tur\u00edstico en Puerto Vallarta"},"content":{"rendered":"\n<p>La Secretar\u00eda de Medio Ambiente y Recursos Naturales (Semarnat) interpuso un recurso de revisi\u00f3n ante el Poder Judicial de la Federaci\u00f3n contra la resoluci\u00f3n emitida por la Segunda Sala Especializada en Materia Ambiental y de Regulaci\u00f3n del Tribunal Federal de Justicia Administrativa, que permiti\u00f3 el desarrollo del proyecto tur\u00edstico \u201cHarbor 2\u201d sin someterse a evaluaci\u00f3n de impacto ambiental.<\/p>\n\n\n\n<p>De confirmarse esta decisi\u00f3n, el proyecto se convertir\u00eda en un caso excepcional en el pa\u00eds, al poder construirse y operar sin autorizaci\u00f3n ambiental y sin posibilidad de ser inspeccionado, lo que significar\u00eda un fuero de impunidad ambiental contrario al principio de legalidad y a las obligaciones del Estado mexicano en materia de protecci\u00f3n al medio ambiente.<\/p>\n\n\n\n<p>El desarrollo \u201cHarbor 2\u201d contempla la construcci\u00f3n de seis torres de 25 niveles, con alrededor de mil departamentos, estacionamiento subterr\u00e1neo, \u00e1reas comerciales y recreativas sobre un predio de 18,000 metros cuadrados en la zona costera de Las Glorias, Puerto Vallarta, Jalisco, un ecosistema marino-costero de alta relevancia ambiental y social.<\/p>\n\n\n\n<p>La Semarnat advirti\u00f3 que la actuaci\u00f3n del tribunal administrativo al validar el proceder irregular de la empresa pone en riesgo la correcta aplicaci\u00f3n de las leyes ambientales y contradice el derecho humano a un medio ambiente sano. Adem\u00e1s, se\u00f1al\u00f3 que en dos ocasiones se le impidi\u00f3 presentar alegatos, vulnerando su derecho de audiencia y el debido proceso.<\/p>\n\n\n\n<p>En su impugnaci\u00f3n, Semarnat subraya que una decisi\u00f3n de esta naturaleza debilita los principios de prevenci\u00f3n, equidad intergeneracional y sustentabilidad que sustentan la pol\u00edtica ambiental nacional. Asimismo, advierte que el precedente podr\u00eda abrir la puerta a que otros desarrollos intenten evadir la evaluaci\u00f3n ambiental mediante mecanismos administrativos irregulares.<\/p>\n\n\n\n<p>Por ello, la dependencia solicit\u00f3 al D\u00e9cimo Primer Tribunal Colegiado en Materia Administrativa en la Ciudad de M\u00e9xico que revoque la sentencia y evite un precedente que debilite la aplicaci\u00f3n de la legislaci\u00f3n ambiental o genere impunidad a trav\u00e9s de un fraude procesal.<\/p>\n\n\n\n<p>La Semarnat reafirm\u00f3 su compromiso con la legalidad, la transparencia y la protecci\u00f3n de los ecosistemas costeros del pa\u00eds, as\u00ed como el derecho de la sociedad a un medio ambiente sano. (<a href=\"https:\/\/nitu.mx\/index.php\/2025\/10\/20\/puerto-vallarta-tendra-nuevo-vuelo-de-las-vegas-y-refuerza-promocion-en-usa\/\">Puerto Vallarta tendr\u00e1 nuevo vuelo de Las Vegas y refuerza promoci\u00f3n en USA<\/a>).<\/p>\n","protected":false},"excerpt":{"rendered":"<p>La Secretar\u00eda de Medio Ambiente y Recursos Naturales (Semarnat) interpuso un recurso de revisi\u00f3n ante el Poder Judicial de la Federaci\u00f3n contra la resoluci\u00f3n emitida por la Segunda Sala Especializada en Materia Ambiental y de Regulaci\u00f3n del Tribunal Federal de Justicia Administrativa, que permiti\u00f3 el desarrollo del proyecto tur\u00edstico \u201cHarbor 2\u201d sin someterse a evaluaci\u00f3n [&hellip;]<\/p>\n","protected":false},"author":17,"featured_media":20783,"comment_status":"closed","ping_status":"closed","sticky":false,"template":"","format":"standard","meta":{"footnotes":""},"categories":[5],"tags":[27816,471,45],"yoast_head":"<!-- This site is optimized with the Yoast SEO plugin v22.2 - https:\/\/yoast.com\/wordpress\/plugins\/seo\/ -->\n<title>Semarnat impugna resoluci\u00f3n que otorgar\u00eda fuero ambiental a megaproyecto tur\u00edstico en Puerto Vallarta - Nitu - Noticias de la Industria Turistica<\/title>\n<meta name=\"robots\" content=\"index, follow, max-snippet:-1, max-image-preview:large, max-video-preview:-1\" \/>\n<link rel=\"canonical\" href=\"https:\/\/nitu.mx\/index.php\/2025\/11\/12\/semarnat-impugna-resolucion-que-otorgaria-fuero-ambiental-a-megaproyecto-turistico-en-puerto-vallarta\/\" \/>\n<meta name=\"twitter:card\" content=\"summary_large_image\" \/>\n<meta name=\"twitter:title\" content=\"Semarnat impugna resoluci\u00f3n que otorgar\u00eda fuero ambiental a megaproyecto tur\u00edstico en Puerto Vallarta - Nitu - Noticias de la Industria Turistica\" \/>\n<meta name=\"twitter:description\" content=\"La Secretar\u00eda de Medio Ambiente y Recursos Naturales (Semarnat) interpuso un recurso de revisi\u00f3n ante el Poder Judicial de la Federaci\u00f3n contra la resoluci\u00f3n emitida por la Segunda Sala Especializada en Materia Ambiental y de Regulaci\u00f3n del Tribunal Federal de Justicia Administrativa, que permiti\u00f3 el desarrollo del proyecto tur\u00edstico \u201cHarbor 2\u201d sin someterse a evaluaci\u00f3n [&hellip;]\" \/>\n<meta name=\"twitter:image\" content=\"https:\/\/nitu.mx\/wp-content\/uploads\/2018\/05\/puerto-vallarta.jpg\" \/>\n<meta name=\"twitter:creator\" content=\"@NITUmx\" \/>\n<meta name=\"twitter:site\" content=\"@Arturo_Medina_G\" \/>\n<meta name=\"twitter:label1\" content=\"Escrito por\" \/>\n\t<meta name=\"twitter:data1\" content=\"Redacci\u00f3n\" \/>\n\t<meta name=\"twitter:label2\" content=\"Tiempo de lectura\" \/>\n\t<meta name=\"twitter:data2\" content=\"2 minutos\" \/>\n<script type=\"application\/ld+json\" class=\"yoast-schema-graph\">{\"@context\":\"https:\/\/schema.org\",\"@graph\":[{\"@type\":\"Article\",\"@id\":\"https:\/\/nitu.mx\/index.php\/2025\/11\/12\/semarnat-impugna-resolucion-que-otorgaria-fuero-ambiental-a-megaproyecto-turistico-en-puerto-vallarta\/#article\",\"isPartOf\":{\"@id\":\"https:\/\/nitu.mx\/index.php\/2025\/11\/12\/semarnat-impugna-resolucion-que-otorgaria-fuero-ambiental-a-megaproyecto-turistico-en-puerto-vallarta\/\"},\"author\":{\"name\":\"Redacci\u00f3n\",\"@id\":\"https:\/\/nitu.mx\/#\/schema\/person\/4a28fe9bd65924f7c90623773daf1b0b\"},\"headline\":\"Semarnat impugna resoluci\u00f3n que otorgar\u00eda fuero ambiental a megaproyecto tur\u00edstico en Puerto Vallarta\",\"datePublished\":\"2025-11-13T02:13:17+00:00\",\"dateModified\":\"2025-11-13T02:13:17+00:00\",\"mainEntityOfPage\":{\"@id\":\"https:\/\/nitu.mx\/index.php\/2025\/11\/12\/semarnat-impugna-resolucion-que-otorgaria-fuero-ambiental-a-megaproyecto-turistico-en-puerto-vallarta\/\"},\"wordCount\":401,\"publisher\":{\"@id\":\"https:\/\/nitu.mx\/#\/schema\/person\/ae7a53426417292d3dd07b45a33e01bc\"},\"image\":{\"@id\":\"https:\/\/nitu.mx\/index.php\/2025\/11\/12\/semarnat-impugna-resolucion-que-otorgaria-fuero-ambiental-a-megaproyecto-turistico-en-puerto-vallarta\/#primaryimage\"},\"thumbnailUrl\":\"https:\/\/nitu.mx\/wp-content\/uploads\/2018\/05\/puerto-vallarta.jpg\",\"keywords\":[\"Harbor 2\",\"Puerto Vallarta\",\"Semarnat\"],\"articleSection\":[\"Destinos\"],\"inLanguage\":\"es-MX\"},{\"@type\":\"WebPage\",\"@id\":\"https:\/\/nitu.mx\/index.php\/2025\/11\/12\/semarnat-impugna-resolucion-que-otorgaria-fuero-ambiental-a-megaproyecto-turistico-en-puerto-vallarta\/\",\"url\":\"https:\/\/nitu.mx\/index.php\/2025\/11\/12\/semarnat-impugna-resolucion-que-otorgaria-fuero-ambiental-a-megaproyecto-turistico-en-puerto-vallarta\/\",\"name\":\"Semarnat impugna resoluci\u00f3n que otorgar\u00eda fuero ambiental a megaproyecto tur\u00edstico en Puerto Vallarta - Nitu - Noticias de la Industria Turistica\",\"isPartOf\":{\"@id\":\"https:\/\/nitu.mx\/#website\"},\"primaryImageOfPage\":{\"@id\":\"https:\/\/nitu.mx\/index.php\/2025\/11\/12\/semarnat-impugna-resolucion-que-otorgaria-fuero-ambiental-a-megaproyecto-turistico-en-puerto-vallarta\/#primaryimage\"},\"image\":{\"@id\":\"https:\/\/nitu.mx\/index.php\/2025\/11\/12\/semarnat-impugna-resolucion-que-otorgaria-fuero-ambiental-a-megaproyecto-turistico-en-puerto-vallarta\/#primaryimage\"},\"thumbnailUrl\":\"https:\/\/nitu.mx\/wp-content\/uploads\/2018\/05\/puerto-vallarta.jpg\",\"datePublished\":\"2025-11-13T02:13:17+00:00\",\"dateModified\":\"2025-11-13T02:13:17+00:00\",\"breadcrumb\":{\"@id\":\"https:\/\/nitu.mx\/index.php\/2025\/11\/12\/semarnat-impugna-resolucion-que-otorgaria-fuero-ambiental-a-megaproyecto-turistico-en-puerto-vallarta\/#breadcrumb\"},\"inLanguage\":\"es-MX\",\"potentialAction\":[{\"@type\":\"ReadAction\",\"target\":[\"https:\/\/nitu.mx\/index.php\/2025\/11\/12\/semarnat-impugna-resolucion-que-otorgaria-fuero-ambiental-a-megaproyecto-turistico-en-puerto-vallarta\/\"]}]},{\"@type\":\"ImageObject\",\"inLanguage\":\"es-MX\",\"@id\":\"https:\/\/nitu.mx\/index.php\/2025\/11\/12\/semarnat-impugna-resolucion-que-otorgaria-fuero-ambiental-a-megaproyecto-turistico-en-puerto-vallarta\/#primaryimage\",\"url\":\"https:\/\/nitu.mx\/wp-content\/uploads\/2018\/05\/puerto-vallarta.jpg\",\"contentUrl\":\"https:\/\/nitu.mx\/wp-content\/uploads\/2018\/05\/puerto-vallarta.jpg\",\"width\":850,\"height\":480,\"caption\":\"Puerto Vallarta\"},{\"@type\":\"BreadcrumbList\",\"@id\":\"https:\/\/nitu.mx\/index.php\/2025\/11\/12\/semarnat-impugna-resolucion-que-otorgaria-fuero-ambiental-a-megaproyecto-turistico-en-puerto-vallarta\/#breadcrumb\",\"itemListElement\":[{\"@type\":\"ListItem\",\"position\":1,\"name\":\"Inicio\",\"item\":\"https:\/\/nitu.mx\/\"},{\"@type\":\"ListItem\",\"position\":2,\"name\":\"Semarnat impugna resoluci\u00f3n que otorgar\u00eda fuero ambiental a megaproyecto tur\u00edstico en Puerto Vallarta\"}]},{\"@type\":\"WebSite\",\"@id\":\"https:\/\/nitu.mx\/#website\",\"url\":\"https:\/\/nitu.mx\/\",\"name\":\"Nitu - Noticias de la Industria Turistica\",\"description\":\"Noticias de la Industria Turistica\",\"publisher\":{\"@id\":\"https:\/\/nitu.mx\/#\/schema\/person\/ae7a53426417292d3dd07b45a33e01bc\"},\"alternateName\":\"Noticias de la Industria Turistica\",\"potentialAction\":[{\"@type\":\"SearchAction\",\"target\":{\"@type\":\"EntryPoint\",\"urlTemplate\":\"https:\/\/nitu.mx\/?s={search_term_string}\"},\"query-input\":\"required name=search_term_string\"}],\"inLanguage\":\"es-MX\"},{\"@type\":[\"Person\",\"Organization\"],\"@id\":\"https:\/\/nitu.mx\/#\/schema\/person\/ae7a53426417292d3dd07b45a33e01bc\",\"name\":\"Arturo Medina\",\"image\":{\"@type\":\"ImageObject\",\"inLanguage\":\"es-MX\",\"@id\":\"https:\/\/nitu.mx\/#\/schema\/person\/image\/\",\"url\":\"https:\/\/nitu.mx\/wp-content\/uploads\/2024\/04\/4A315622-1904-4D5C-B022-878CDC840E04-90x90-1.jpeg\",\"contentUrl\":\"https:\/\/nitu.mx\/wp-content\/uploads\/2024\/04\/4A315622-1904-4D5C-B022-878CDC840E04-90x90-1.jpeg\",\"width\":90,\"height\":90,\"caption\":\"Arturo Medina\"},\"logo\":{\"@id\":\"https:\/\/nitu.mx\/#\/schema\/person\/image\/\"},\"description\":\"Director NITU.mx, Egresado de la Escuela de Periodismo Carlos Septi\u00e9n Garc\u00eda. Periodista y analista especializado en turismo desde hace 35 a\u00f1os, radicado en Canc\u00fan Q.Roo. arturo@nitu.mx\",\"sameAs\":[\"https:\/\/nitu.mx\",\"https:\/\/www.facebook.com\/NITUmx\/\",\"medinacancun\",\"https:\/\/twitter.com\/@Arturo_Medina_G\"]},{\"@type\":\"Person\",\"@id\":\"https:\/\/nitu.mx\/#\/schema\/person\/4a28fe9bd65924f7c90623773daf1b0b\",\"name\":\"Redacci\u00f3n\",\"image\":{\"@type\":\"ImageObject\",\"inLanguage\":\"es-MX\",\"@id\":\"https:\/\/nitu.mx\/#\/schema\/person\/image\/\",\"url\":\"https:\/\/secure.gravatar.com\/avatar\/5dd011c8ccfc5cd7e4c81e42252aab38?s=96&d=mm&r=g\",\"contentUrl\":\"https:\/\/secure.gravatar.com\/avatar\/5dd011c8ccfc5cd7e4c81e42252aab38?s=96&d=mm&r=g\",\"caption\":\"Redacci\u00f3n\"},\"url\":\"https:\/\/nitu.mx\/index.php\/author\/redaccion\/\"}]}<\/script>\n<!-- \/ Yoast SEO plugin. -->","yoast_head_json":{"title":"Semarnat impugna resoluci\u00f3n que otorgar\u00eda fuero ambiental a megaproyecto tur\u00edstico en Puerto Vallarta - Nitu - Noticias de la Industria Turistica","robots":{"index":"index","follow":"follow","max-snippet":"max-snippet:-1","max-image-preview":"max-image-preview:large","max-video-preview":"max-video-preview:-1"},"canonical":"https:\/\/nitu.mx\/index.php\/2025\/11\/12\/semarnat-impugna-resolucion-que-otorgaria-fuero-ambiental-a-megaproyecto-turistico-en-puerto-vallarta\/","twitter_card":"summary_large_image","twitter_title":"Semarnat impugna resoluci\u00f3n que otorgar\u00eda fuero ambiental a megaproyecto tur\u00edstico en Puerto Vallarta - Nitu - Noticias de la Industria Turistica","twitter_description":"La Secretar\u00eda de Medio Ambiente y Recursos Naturales (Semarnat) interpuso un recurso de revisi\u00f3n ante el Poder Judicial de la Federaci\u00f3n contra la resoluci\u00f3n emitida por la Segunda Sala Especializada en Materia Ambiental y de Regulaci\u00f3n del Tribunal Federal de Justicia Administrativa, que permiti\u00f3 el desarrollo del proyecto tur\u00edstico \u201cHarbor 2\u201d sin someterse a evaluaci\u00f3n [&hellip;]","twitter_image":"https:\/\/nitu.mx\/wp-content\/uploads\/2018\/05\/puerto-vallarta.jpg","twitter_creator":"@NITUmx","twitter_site":"@Arturo_Medina_G","twitter_misc":{"Escrito por":"Redacci\u00f3n","Tiempo de lectura":"2 minutos"},"schema":{"@context":"https:\/\/schema.org","@graph":[{"@type":"Article","@id":"https:\/\/nitu.mx\/index.php\/2025\/11\/12\/semarnat-impugna-resolucion-que-otorgaria-fuero-ambiental-a-megaproyecto-turistico-en-puerto-vallarta\/#article","isPartOf":{"@id":"https:\/\/nitu.mx\/index.php\/2025\/11\/12\/semarnat-impugna-resolucion-que-otorgaria-fuero-ambiental-a-megaproyecto-turistico-en-puerto-vallarta\/"},"author":{"name":"Redacci\u00f3n","@id":"https:\/\/nitu.mx\/#\/schema\/person\/4a28fe9bd65924f7c90623773daf1b0b"},"headline":"Semarnat impugna resoluci\u00f3n que otorgar\u00eda fuero ambiental a megaproyecto tur\u00edstico en Puerto Vallarta","datePublished":"2025-11-13T02:13:17+00:00","dateModified":"2025-11-13T02:13:17+00:00","mainEntityOfPage":{"@id":"https:\/\/nitu.mx\/index.php\/2025\/11\/12\/semarnat-impugna-resolucion-que-otorgaria-fuero-ambiental-a-megaproyecto-turistico-en-puerto-vallarta\/"},"wordCount":401,"publisher":{"@id":"https:\/\/nitu.mx\/#\/schema\/person\/ae7a53426417292d3dd07b45a33e01bc"},"image":{"@id":"https:\/\/nitu.mx\/index.php\/2025\/11\/12\/semarnat-impugna-resolucion-que-otorgaria-fuero-ambiental-a-megaproyecto-turistico-en-puerto-vallarta\/#primaryimage"},"thumbnailUrl":"https:\/\/nitu.mx\/wp-content\/uploads\/2018\/05\/puerto-vallarta.jpg","keywords":["Harbor 2","Puerto Vallarta","Semarnat"],"articleSection":["Destinos"],"inLanguage":"es-MX"},{"@type":"WebPage","@id":"https:\/\/nitu.mx\/index.php\/2025\/11\/12\/semarnat-impugna-resolucion-que-otorgaria-fuero-ambiental-a-megaproyecto-turistico-en-puerto-vallarta\/","url":"https:\/\/nitu.mx\/index.php\/2025\/11\/12\/semarnat-impugna-resolucion-que-otorgaria-fuero-ambiental-a-megaproyecto-turistico-en-puerto-vallarta\/","name":"Semarnat impugna resoluci\u00f3n que otorgar\u00eda fuero ambiental a megaproyecto tur\u00edstico en Puerto Vallarta - Nitu - Noticias de la Industria Turistica","isPartOf":{"@id":"https:\/\/nitu.mx\/#website"},"primaryImageOfPage":{"@id":"https:\/\/nitu.mx\/index.php\/2025\/11\/12\/semarnat-impugna-resolucion-que-otorgaria-fuero-ambiental-a-megaproyecto-turistico-en-puerto-vallarta\/#primaryimage"},"image":{"@id":"https:\/\/nitu.mx\/index.php\/2025\/11\/12\/semarnat-impugna-resolucion-que-otorgaria-fuero-ambiental-a-megaproyecto-turistico-en-puerto-vallarta\/#primaryimage"},"thumbnailUrl":"https:\/\/nitu.mx\/wp-content\/uploads\/2018\/05\/puerto-vallarta.jpg","datePublished":"2025-11-13T02:13:17+00:00","dateModified":"2025-11-13T02:13:17+00:00","breadcrumb":{"@id":"https:\/\/nitu.mx\/index.php\/2025\/11\/12\/semarnat-impugna-resolucion-que-otorgaria-fuero-ambiental-a-megaproyecto-turistico-en-puerto-vallarta\/#breadcrumb"},"inLanguage":"es-MX","potentialAction":[{"@type":"ReadAction","target":["https:\/\/nitu.mx\/index.php\/2025\/11\/12\/semarnat-impugna-resolucion-que-otorgaria-fuero-ambiental-a-megaproyecto-turistico-en-puerto-vallarta\/"]}]},{"@type":"ImageObject","inLanguage":"es-MX","@id":"https:\/\/nitu.mx\/index.php\/2025\/11\/12\/semarnat-impugna-resolucion-que-otorgaria-fuero-ambiental-a-megaproyecto-turistico-en-puerto-vallarta\/#primaryimage","url":"https:\/\/nitu.mx\/wp-content\/uploads\/2018\/05\/puerto-vallarta.jpg","contentUrl":"https:\/\/nitu.mx\/wp-content\/uploads\/2018\/05\/puerto-vallarta.jpg","width":850,"height":480,"caption":"Puerto Vallarta"},{"@type":"BreadcrumbList","@id":"https:\/\/nitu.mx\/index.php\/2025\/11\/12\/semarnat-impugna-resolucion-que-otorgaria-fuero-ambiental-a-megaproyecto-turistico-en-puerto-vallarta\/#breadcrumb","itemListElement":[{"@type":"ListItem","position":1,"name":"Inicio","item":"https:\/\/nitu.mx\/"},{"@type":"ListItem","position":2,"name":"Semarnat impugna resoluci\u00f3n que otorgar\u00eda fuero ambiental a megaproyecto tur\u00edstico en Puerto Vallarta"}]},{"@type":"WebSite","@id":"https:\/\/nitu.mx\/#website","url":"https:\/\/nitu.mx\/","name":"Nitu - Noticias de la Industria Turistica","description":"Noticias de la Industria Turistica","publisher":{"@id":"https:\/\/nitu.mx\/#\/schema\/person\/ae7a53426417292d3dd07b45a33e01bc"},"alternateName":"Noticias de la Industria Turistica","potentialAction":[{"@type":"SearchAction","target":{"@type":"EntryPoint","urlTemplate":"https:\/\/nitu.mx\/?s={search_term_string}"},"query-input":"required name=search_term_string"}],"inLanguage":"es-MX"},{"@type":["Person","Organization"],"@id":"https:\/\/nitu.mx\/#\/schema\/person\/ae7a53426417292d3dd07b45a33e01bc","name":"Arturo Medina","image":{"@type":"ImageObject","inLanguage":"es-MX","@id":"https:\/\/nitu.mx\/#\/schema\/person\/image\/","url":"https:\/\/nitu.mx\/wp-content\/uploads\/2024\/04\/4A315622-1904-4D5C-B022-878CDC840E04-90x90-1.jpeg","contentUrl":"https:\/\/nitu.mx\/wp-content\/uploads\/2024\/04\/4A315622-1904-4D5C-B022-878CDC840E04-90x90-1.jpeg","width":90,"height":90,"caption":"Arturo Medina"},"logo":{"@id":"https:\/\/nitu.mx\/#\/schema\/person\/image\/"},"description":"Director NITU.mx, Egresado de la Escuela de Periodismo Carlos Septi\u00e9n Garc\u00eda. Periodista y analista especializado en turismo desde hace 35 a\u00f1os, radicado en Canc\u00fan Q.Roo. arturo@nitu.mx","sameAs":["https:\/\/nitu.mx","https:\/\/www.facebook.com\/NITUmx\/","medinacancun","https:\/\/twitter.com\/@Arturo_Medina_G"]},{"@type":"Person","@id":"https:\/\/nitu.mx\/#\/schema\/person\/4a28fe9bd65924f7c90623773daf1b0b","name":"Redacci\u00f3n","image":{"@type":"ImageObject","inLanguage":"es-MX","@id":"https:\/\/nitu.mx\/#\/schema\/person\/image\/","url":"https:\/\/secure.gravatar.com\/avatar\/5dd011c8ccfc5cd7e4c81e42252aab38?s=96&d=mm&r=g","contentUrl":"https:\/\/secure.gravatar.com\/avatar\/5dd011c8ccfc5cd7e4c81e42252aab38?s=96&d=mm&r=g","caption":"Redacci\u00f3n"},"url":"https:\/\/nitu.mx\/index.php\/author\/redaccion\/"}]}},"views":586,"_links":{"self":[{"href":"https:\/\/nitu.mx\/index.php\/wp-json\/wp\/v2\/posts\/84500"}],"collection":[{"href":"https:\/\/nitu.mx\/index.php\/wp-json\/wp\/v2\/posts"}],"about":[{"href":"https:\/\/nitu.mx\/index.php\/wp-json\/wp\/v2\/types\/post"}],"author":[{"embeddable":true,"href":"https:\/\/nitu.mx\/index.php\/wp-json\/wp\/v2\/users\/17"}],"replies":[{"embeddable":true,"href":"https:\/\/nitu.mx\/index.php\/wp-json\/wp\/v2\/comments?post=84500"}],"version-history":[{"count":1,"href":"https:\/\/nitu.mx\/index.php\/wp-json\/wp\/v2\/posts\/84500\/revisions"}],"predecessor-version":[{"id":84502,"href":"https:\/\/nitu.mx\/index.php\/wp-json\/wp\/v2\/posts\/84500\/revisions\/84502"}],"wp:featuredmedia":[{"embeddable":true,"href":"https:\/\/nitu.mx\/index.php\/wp-json\/wp\/v2\/media\/20783"}],"wp:attachment":[{"href":"https:\/\/nitu.mx\/index.php\/wp-json\/wp\/v2\/media?parent=84500"}],"wp:term":[{"taxonomy":"category","embeddable":true,"href":"https:\/\/nitu.mx\/index.php\/wp-json\/wp\/v2\/categories?post=84500"},{"taxonomy":"post_tag","embeddable":true,"href":"https:\/\/nitu.mx\/index.php\/wp-json\/wp\/v2\/tags?post=84500"}],"curies":[{"name":"wp","href":"https:\/\/api.w.org\/{rel}","templated":true}]}}