{"id":84487,"date":"2025-11-12T19:45:46","date_gmt":"2025-11-13T01:45:46","guid":{"rendered":"https:\/\/nitu.mx\/?p=84487"},"modified":"2025-11-12T19:45:47","modified_gmt":"2025-11-13T01:45:47","slug":"viva-reporta-un-incremento-de-6-6-en-pasajeros-transportados-en-octubre","status":"publish","type":"post","link":"https:\/\/nitu.mx\/index.php\/2025\/11\/12\/viva-reporta-un-incremento-de-6-6-en-pasajeros-transportados-en-octubre\/","title":{"rendered":"Viva reporta un incremento de 6.6% en pasajeros transportados en octubre"},"content":{"rendered":"\n<p>Viva anunci\u00f3 hoy sus resultados preliminares de tr\u00e1fico correspondientes a octubre de 2025. Este mes, el tr\u00e1fico de pasajeros increment\u00f3 un 6.6% comparado con octubre de 2024, alcanzando 2.5 millones de pasajeros, impulsado por un aumento del 7.1% y 1.8% en el tr\u00e1fico nacional e internacional, respectivamente.<\/p>\n\n\n\n<p>La aerol\u00ednea de bajo costo aument\u00f3 su capacidad total en asientos por milla disponibles (ASMs) en un 2.4% en comparaci\u00f3n con octubre de 2024, reflejando un incremento de 1.6% en la capacidad dom\u00e9stica y de 6.2% en la capacidad internacional. El factor de ocupaci\u00f3n se situ\u00f3 en 88.0% en comparaci\u00f3n con el 87.7% en 2024, derivado de un factor de ocupaci\u00f3n del 89.7% y 80.3% en el mercado nacional e internacional, respectivamente. <\/p>\n\n\n\n<p>\u201cLos resultados de tr\u00e1fico de octubre fueron s\u00f3lidos, con un crecimiento del 6.6% en el volumen de pasajeros y un robusto factor de ocupaci\u00f3n del 88.0%. Este desempe\u00f1o confirma las tendencias de estabilizaci\u00f3n en la demanda observadas en el tercer trimestre y se\u00f1ala un panorama constructivo en la capacidad del mercado de cara a la temporada alta de fin de a\u00f1o. Si bien el entorno operativo sigue siendo retador, particularmente en cuanto a la disponibilidad de motores, nuestros esfuerzos se mantienen centrados en una ejecuci\u00f3n disciplinada y en la mitigaci\u00f3n de presiones externas\u201d, mencion\u00f3 Juan Carlos Zuazua, director general de Viva. <\/p>\n\n\n\n<p>En el acumulado de enero a octubre, la l\u00ednea a\u00e9rea acumula 24 millones 640 mil pasajeros, lo que representa un crecimiento de 9% respecto al mismo periodo de 2024. Destaca que el mercado internacional arroja el mayor repunte con 15.4%, mientras que el nacional increment\u00f3 8.2%. (<a href=\"https:\/\/nitu.mx\/index.php\/2025\/11\/06\/viva-reanuda-la-conectividad-entre-monterrey-con-acapulco-durango-y-tapachula\/\">Viva reanuda la conectividad entre Monterrey con Acapulco, Durango y Tapachula<\/a>).<\/p>\n","protected":false},"excerpt":{"rendered":"<p>Viva anunci\u00f3 hoy sus resultados preliminares de tr\u00e1fico correspondientes a octubre de 2025. Este mes, el tr\u00e1fico de pasajeros increment\u00f3 un 6.6% comparado con octubre de 2024, alcanzando 2.5 millones de pasajeros, impulsado por un aumento del 7.1% y 1.8% en el tr\u00e1fico nacional e internacional, respectivamente. La aerol\u00ednea de bajo costo aument\u00f3 su capacidad [&hellip;]<\/p>\n","protected":false},"author":17,"featured_media":57619,"comment_status":"closed","ping_status":"closed","sticky":false,"template":"","format":"standard","meta":{"footnotes":""},"categories":[29],"tags":[295,6280,5024,2628],"yoast_head":"<!-- This site is optimized with the Yoast SEO plugin v22.2 - https:\/\/yoast.com\/wordpress\/plugins\/seo\/ -->\n<title>Viva reporta un incremento de 6.6% en pasajeros transportados en octubre - Nitu - Noticias de la Industria Turistica<\/title>\n<meta name=\"robots\" content=\"index, follow, max-snippet:-1, max-image-preview:large, max-video-preview:-1\" \/>\n<link rel=\"canonical\" href=\"https:\/\/nitu.mx\/index.php\/2025\/11\/12\/viva-reporta-un-incremento-de-6-6-en-pasajeros-transportados-en-octubre\/\" \/>\n<meta name=\"twitter:card\" content=\"summary_large_image\" \/>\n<meta name=\"twitter:title\" content=\"Viva reporta un incremento de 6.6% en pasajeros transportados en octubre - Nitu - Noticias de la Industria Turistica\" \/>\n<meta name=\"twitter:description\" content=\"Viva anunci\u00f3 hoy sus resultados preliminares de tr\u00e1fico correspondientes a octubre de 2025. Este mes, el tr\u00e1fico de pasajeros increment\u00f3 un 6.6% comparado con octubre de 2024, alcanzando 2.5 millones de pasajeros, impulsado por un aumento del 7.1% y 1.8% en el tr\u00e1fico nacional e internacional, respectivamente. La aerol\u00ednea de bajo costo aument\u00f3 su capacidad [&hellip;]\" \/>\n<meta name=\"twitter:image\" content=\"https:\/\/nitu.mx\/wp-content\/uploads\/2022\/01\/Viva-Aerobus-A321.jpg\" \/>\n<meta name=\"twitter:creator\" content=\"@NITUmx\" \/>\n<meta name=\"twitter:site\" content=\"@Arturo_Medina_G\" \/>\n<meta name=\"twitter:label1\" content=\"Escrito por\" \/>\n\t<meta name=\"twitter:data1\" content=\"Redacci\u00f3n\" \/>\n\t<meta name=\"twitter:label2\" content=\"Tiempo de lectura\" \/>\n\t<meta name=\"twitter:data2\" content=\"1 minuto\" \/>\n<script type=\"application\/ld+json\" class=\"yoast-schema-graph\">{\"@context\":\"https:\/\/schema.org\",\"@graph\":[{\"@type\":\"Article\",\"@id\":\"https:\/\/nitu.mx\/index.php\/2025\/11\/12\/viva-reporta-un-incremento-de-6-6-en-pasajeros-transportados-en-octubre\/#article\",\"isPartOf\":{\"@id\":\"https:\/\/nitu.mx\/index.php\/2025\/11\/12\/viva-reporta-un-incremento-de-6-6-en-pasajeros-transportados-en-octubre\/\"},\"author\":{\"name\":\"Redacci\u00f3n\",\"@id\":\"https:\/\/nitu.mx\/#\/schema\/person\/4a28fe9bd65924f7c90623773daf1b0b\"},\"headline\":\"Viva reporta un incremento de 6.6% en pasajeros transportados en octubre\",\"datePublished\":\"2025-11-13T01:45:46+00:00\",\"dateModified\":\"2025-11-13T01:45:47+00:00\",\"mainEntityOfPage\":{\"@id\":\"https:\/\/nitu.mx\/index.php\/2025\/11\/12\/viva-reporta-un-incremento-de-6-6-en-pasajeros-transportados-en-octubre\/\"},\"wordCount\":284,\"publisher\":{\"@id\":\"https:\/\/nitu.mx\/#\/schema\/person\/ae7a53426417292d3dd07b45a33e01bc\"},\"image\":{\"@id\":\"https:\/\/nitu.mx\/index.php\/2025\/11\/12\/viva-reporta-un-incremento-de-6-6-en-pasajeros-transportados-en-octubre\/#primaryimage\"},\"thumbnailUrl\":\"https:\/\/nitu.mx\/wp-content\/uploads\/2022\/01\/Viva-Aerobus-A321.jpg\",\"keywords\":[\"Juan Carlos Zuazua\",\"ocupaci\u00f3n\",\"tr\u00e1fico de pasajeros\",\"Viva\"],\"articleSection\":[\"Aerol\u00edneas\"],\"inLanguage\":\"es-MX\"},{\"@type\":\"WebPage\",\"@id\":\"https:\/\/nitu.mx\/index.php\/2025\/11\/12\/viva-reporta-un-incremento-de-6-6-en-pasajeros-transportados-en-octubre\/\",\"url\":\"https:\/\/nitu.mx\/index.php\/2025\/11\/12\/viva-reporta-un-incremento-de-6-6-en-pasajeros-transportados-en-octubre\/\",\"name\":\"Viva reporta un incremento de 6.6% en pasajeros transportados en octubre - Nitu - Noticias de la Industria Turistica\",\"isPartOf\":{\"@id\":\"https:\/\/nitu.mx\/#website\"},\"primaryImageOfPage\":{\"@id\":\"https:\/\/nitu.mx\/index.php\/2025\/11\/12\/viva-reporta-un-incremento-de-6-6-en-pasajeros-transportados-en-octubre\/#primaryimage\"},\"image\":{\"@id\":\"https:\/\/nitu.mx\/index.php\/2025\/11\/12\/viva-reporta-un-incremento-de-6-6-en-pasajeros-transportados-en-octubre\/#primaryimage\"},\"thumbnailUrl\":\"https:\/\/nitu.mx\/wp-content\/uploads\/2022\/01\/Viva-Aerobus-A321.jpg\",\"datePublished\":\"2025-11-13T01:45:46+00:00\",\"dateModified\":\"2025-11-13T01:45:47+00:00\",\"breadcrumb\":{\"@id\":\"https:\/\/nitu.mx\/index.php\/2025\/11\/12\/viva-reporta-un-incremento-de-6-6-en-pasajeros-transportados-en-octubre\/#breadcrumb\"},\"inLanguage\":\"es-MX\",\"potentialAction\":[{\"@type\":\"ReadAction\",\"target\":[\"https:\/\/nitu.mx\/index.php\/2025\/11\/12\/viva-reporta-un-incremento-de-6-6-en-pasajeros-transportados-en-octubre\/\"]}]},{\"@type\":\"ImageObject\",\"inLanguage\":\"es-MX\",\"@id\":\"https:\/\/nitu.mx\/index.php\/2025\/11\/12\/viva-reporta-un-incremento-de-6-6-en-pasajeros-transportados-en-octubre\/#primaryimage\",\"url\":\"https:\/\/nitu.mx\/wp-content\/uploads\/2022\/01\/Viva-Aerobus-A321.jpg\",\"contentUrl\":\"https:\/\/nitu.mx\/wp-content\/uploads\/2022\/01\/Viva-Aerobus-A321.jpg\",\"width\":1200,\"height\":675,\"caption\":\"Viva Aerobus\"},{\"@type\":\"BreadcrumbList\",\"@id\":\"https:\/\/nitu.mx\/index.php\/2025\/11\/12\/viva-reporta-un-incremento-de-6-6-en-pasajeros-transportados-en-octubre\/#breadcrumb\",\"itemListElement\":[{\"@type\":\"ListItem\",\"position\":1,\"name\":\"Inicio\",\"item\":\"https:\/\/nitu.mx\/\"},{\"@type\":\"ListItem\",\"position\":2,\"name\":\"Viva reporta un incremento de 6.6% en pasajeros transportados en octubre\"}]},{\"@type\":\"WebSite\",\"@id\":\"https:\/\/nitu.mx\/#website\",\"url\":\"https:\/\/nitu.mx\/\",\"name\":\"Nitu - Noticias de la Industria Turistica\",\"description\":\"Noticias de la Industria Turistica\",\"publisher\":{\"@id\":\"https:\/\/nitu.mx\/#\/schema\/person\/ae7a53426417292d3dd07b45a33e01bc\"},\"alternateName\":\"Noticias de la Industria Turistica\",\"potentialAction\":[{\"@type\":\"SearchAction\",\"target\":{\"@type\":\"EntryPoint\",\"urlTemplate\":\"https:\/\/nitu.mx\/?s={search_term_string}\"},\"query-input\":\"required name=search_term_string\"}],\"inLanguage\":\"es-MX\"},{\"@type\":[\"Person\",\"Organization\"],\"@id\":\"https:\/\/nitu.mx\/#\/schema\/person\/ae7a53426417292d3dd07b45a33e01bc\",\"name\":\"Arturo Medina\",\"image\":{\"@type\":\"ImageObject\",\"inLanguage\":\"es-MX\",\"@id\":\"https:\/\/nitu.mx\/#\/schema\/person\/image\/\",\"url\":\"https:\/\/nitu.mx\/wp-content\/uploads\/2024\/04\/4A315622-1904-4D5C-B022-878CDC840E04-90x90-1.jpeg\",\"contentUrl\":\"https:\/\/nitu.mx\/wp-content\/uploads\/2024\/04\/4A315622-1904-4D5C-B022-878CDC840E04-90x90-1.jpeg\",\"width\":90,\"height\":90,\"caption\":\"Arturo Medina\"},\"logo\":{\"@id\":\"https:\/\/nitu.mx\/#\/schema\/person\/image\/\"},\"description\":\"Director NITU.mx, Egresado de la Escuela de Periodismo Carlos Septi\u00e9n Garc\u00eda. Periodista y analista especializado en turismo desde hace 35 a\u00f1os, radicado en Canc\u00fan Q.Roo. arturo@nitu.mx\",\"sameAs\":[\"https:\/\/nitu.mx\",\"https:\/\/www.facebook.com\/NITUmx\/\",\"medinacancun\",\"https:\/\/twitter.com\/@Arturo_Medina_G\"]},{\"@type\":\"Person\",\"@id\":\"https:\/\/nitu.mx\/#\/schema\/person\/4a28fe9bd65924f7c90623773daf1b0b\",\"name\":\"Redacci\u00f3n\",\"image\":{\"@type\":\"ImageObject\",\"inLanguage\":\"es-MX\",\"@id\":\"https:\/\/nitu.mx\/#\/schema\/person\/image\/\",\"url\":\"https:\/\/secure.gravatar.com\/avatar\/5dd011c8ccfc5cd7e4c81e42252aab38?s=96&d=mm&r=g\",\"contentUrl\":\"https:\/\/secure.gravatar.com\/avatar\/5dd011c8ccfc5cd7e4c81e42252aab38?s=96&d=mm&r=g\",\"caption\":\"Redacci\u00f3n\"},\"url\":\"https:\/\/nitu.mx\/index.php\/author\/redaccion\/\"}]}<\/script>\n<!-- \/ Yoast SEO plugin. -->","yoast_head_json":{"title":"Viva reporta un incremento de 6.6% en pasajeros transportados en octubre - Nitu - Noticias de la Industria Turistica","robots":{"index":"index","follow":"follow","max-snippet":"max-snippet:-1","max-image-preview":"max-image-preview:large","max-video-preview":"max-video-preview:-1"},"canonical":"https:\/\/nitu.mx\/index.php\/2025\/11\/12\/viva-reporta-un-incremento-de-6-6-en-pasajeros-transportados-en-octubre\/","twitter_card":"summary_large_image","twitter_title":"Viva reporta un incremento de 6.6% en pasajeros transportados en octubre - Nitu - Noticias de la Industria Turistica","twitter_description":"Viva anunci\u00f3 hoy sus resultados preliminares de tr\u00e1fico correspondientes a octubre de 2025. Este mes, el tr\u00e1fico de pasajeros increment\u00f3 un 6.6% comparado con octubre de 2024, alcanzando 2.5 millones de pasajeros, impulsado por un aumento del 7.1% y 1.8% en el tr\u00e1fico nacional e internacional, respectivamente. La aerol\u00ednea de bajo costo aument\u00f3 su capacidad [&hellip;]","twitter_image":"https:\/\/nitu.mx\/wp-content\/uploads\/2022\/01\/Viva-Aerobus-A321.jpg","twitter_creator":"@NITUmx","twitter_site":"@Arturo_Medina_G","twitter_misc":{"Escrito por":"Redacci\u00f3n","Tiempo de lectura":"1 minuto"},"schema":{"@context":"https:\/\/schema.org","@graph":[{"@type":"Article","@id":"https:\/\/nitu.mx\/index.php\/2025\/11\/12\/viva-reporta-un-incremento-de-6-6-en-pasajeros-transportados-en-octubre\/#article","isPartOf":{"@id":"https:\/\/nitu.mx\/index.php\/2025\/11\/12\/viva-reporta-un-incremento-de-6-6-en-pasajeros-transportados-en-octubre\/"},"author":{"name":"Redacci\u00f3n","@id":"https:\/\/nitu.mx\/#\/schema\/person\/4a28fe9bd65924f7c90623773daf1b0b"},"headline":"Viva reporta un incremento de 6.6% en pasajeros transportados en octubre","datePublished":"2025-11-13T01:45:46+00:00","dateModified":"2025-11-13T01:45:47+00:00","mainEntityOfPage":{"@id":"https:\/\/nitu.mx\/index.php\/2025\/11\/12\/viva-reporta-un-incremento-de-6-6-en-pasajeros-transportados-en-octubre\/"},"wordCount":284,"publisher":{"@id":"https:\/\/nitu.mx\/#\/schema\/person\/ae7a53426417292d3dd07b45a33e01bc"},"image":{"@id":"https:\/\/nitu.mx\/index.php\/2025\/11\/12\/viva-reporta-un-incremento-de-6-6-en-pasajeros-transportados-en-octubre\/#primaryimage"},"thumbnailUrl":"https:\/\/nitu.mx\/wp-content\/uploads\/2022\/01\/Viva-Aerobus-A321.jpg","keywords":["Juan Carlos Zuazua","ocupaci\u00f3n","tr\u00e1fico de pasajeros","Viva"],"articleSection":["Aerol\u00edneas"],"inLanguage":"es-MX"},{"@type":"WebPage","@id":"https:\/\/nitu.mx\/index.php\/2025\/11\/12\/viva-reporta-un-incremento-de-6-6-en-pasajeros-transportados-en-octubre\/","url":"https:\/\/nitu.mx\/index.php\/2025\/11\/12\/viva-reporta-un-incremento-de-6-6-en-pasajeros-transportados-en-octubre\/","name":"Viva reporta un incremento de 6.6% en pasajeros transportados en octubre - Nitu - Noticias de la Industria Turistica","isPartOf":{"@id":"https:\/\/nitu.mx\/#website"},"primaryImageOfPage":{"@id":"https:\/\/nitu.mx\/index.php\/2025\/11\/12\/viva-reporta-un-incremento-de-6-6-en-pasajeros-transportados-en-octubre\/#primaryimage"},"image":{"@id":"https:\/\/nitu.mx\/index.php\/2025\/11\/12\/viva-reporta-un-incremento-de-6-6-en-pasajeros-transportados-en-octubre\/#primaryimage"},"thumbnailUrl":"https:\/\/nitu.mx\/wp-content\/uploads\/2022\/01\/Viva-Aerobus-A321.jpg","datePublished":"2025-11-13T01:45:46+00:00","dateModified":"2025-11-13T01:45:47+00:00","breadcrumb":{"@id":"https:\/\/nitu.mx\/index.php\/2025\/11\/12\/viva-reporta-un-incremento-de-6-6-en-pasajeros-transportados-en-octubre\/#breadcrumb"},"inLanguage":"es-MX","potentialAction":[{"@type":"ReadAction","target":["https:\/\/nitu.mx\/index.php\/2025\/11\/12\/viva-reporta-un-incremento-de-6-6-en-pasajeros-transportados-en-octubre\/"]}]},{"@type":"ImageObject","inLanguage":"es-MX","@id":"https:\/\/nitu.mx\/index.php\/2025\/11\/12\/viva-reporta-un-incremento-de-6-6-en-pasajeros-transportados-en-octubre\/#primaryimage","url":"https:\/\/nitu.mx\/wp-content\/uploads\/2022\/01\/Viva-Aerobus-A321.jpg","contentUrl":"https:\/\/nitu.mx\/wp-content\/uploads\/2022\/01\/Viva-Aerobus-A321.jpg","width":1200,"height":675,"caption":"Viva Aerobus"},{"@type":"BreadcrumbList","@id":"https:\/\/nitu.mx\/index.php\/2025\/11\/12\/viva-reporta-un-incremento-de-6-6-en-pasajeros-transportados-en-octubre\/#breadcrumb","itemListElement":[{"@type":"ListItem","position":1,"name":"Inicio","item":"https:\/\/nitu.mx\/"},{"@type":"ListItem","position":2,"name":"Viva reporta un incremento de 6.6% en pasajeros transportados en octubre"}]},{"@type":"WebSite","@id":"https:\/\/nitu.mx\/#website","url":"https:\/\/nitu.mx\/","name":"Nitu - Noticias de la Industria Turistica","description":"Noticias de la Industria Turistica","publisher":{"@id":"https:\/\/nitu.mx\/#\/schema\/person\/ae7a53426417292d3dd07b45a33e01bc"},"alternateName":"Noticias de la Industria Turistica","potentialAction":[{"@type":"SearchAction","target":{"@type":"EntryPoint","urlTemplate":"https:\/\/nitu.mx\/?s={search_term_string}"},"query-input":"required name=search_term_string"}],"inLanguage":"es-MX"},{"@type":["Person","Organization"],"@id":"https:\/\/nitu.mx\/#\/schema\/person\/ae7a53426417292d3dd07b45a33e01bc","name":"Arturo Medina","image":{"@type":"ImageObject","inLanguage":"es-MX","@id":"https:\/\/nitu.mx\/#\/schema\/person\/image\/","url":"https:\/\/nitu.mx\/wp-content\/uploads\/2024\/04\/4A315622-1904-4D5C-B022-878CDC840E04-90x90-1.jpeg","contentUrl":"https:\/\/nitu.mx\/wp-content\/uploads\/2024\/04\/4A315622-1904-4D5C-B022-878CDC840E04-90x90-1.jpeg","width":90,"height":90,"caption":"Arturo Medina"},"logo":{"@id":"https:\/\/nitu.mx\/#\/schema\/person\/image\/"},"description":"Director NITU.mx, Egresado de la Escuela de Periodismo Carlos Septi\u00e9n Garc\u00eda. Periodista y analista especializado en turismo desde hace 35 a\u00f1os, radicado en Canc\u00fan Q.Roo. arturo@nitu.mx","sameAs":["https:\/\/nitu.mx","https:\/\/www.facebook.com\/NITUmx\/","medinacancun","https:\/\/twitter.com\/@Arturo_Medina_G"]},{"@type":"Person","@id":"https:\/\/nitu.mx\/#\/schema\/person\/4a28fe9bd65924f7c90623773daf1b0b","name":"Redacci\u00f3n","image":{"@type":"ImageObject","inLanguage":"es-MX","@id":"https:\/\/nitu.mx\/#\/schema\/person\/image\/","url":"https:\/\/secure.gravatar.com\/avatar\/5dd011c8ccfc5cd7e4c81e42252aab38?s=96&d=mm&r=g","contentUrl":"https:\/\/secure.gravatar.com\/avatar\/5dd011c8ccfc5cd7e4c81e42252aab38?s=96&d=mm&r=g","caption":"Redacci\u00f3n"},"url":"https:\/\/nitu.mx\/index.php\/author\/redaccion\/"}]}},"views":397,"_links":{"self":[{"href":"https:\/\/nitu.mx\/index.php\/wp-json\/wp\/v2\/posts\/84487"}],"collection":[{"href":"https:\/\/nitu.mx\/index.php\/wp-json\/wp\/v2\/posts"}],"about":[{"href":"https:\/\/nitu.mx\/index.php\/wp-json\/wp\/v2\/types\/post"}],"author":[{"embeddable":true,"href":"https:\/\/nitu.mx\/index.php\/wp-json\/wp\/v2\/users\/17"}],"replies":[{"embeddable":true,"href":"https:\/\/nitu.mx\/index.php\/wp-json\/wp\/v2\/comments?post=84487"}],"version-history":[{"count":2,"href":"https:\/\/nitu.mx\/index.php\/wp-json\/wp\/v2\/posts\/84487\/revisions"}],"predecessor-version":[{"id":84491,"href":"https:\/\/nitu.mx\/index.php\/wp-json\/wp\/v2\/posts\/84487\/revisions\/84491"}],"wp:featuredmedia":[{"embeddable":true,"href":"https:\/\/nitu.mx\/index.php\/wp-json\/wp\/v2\/media\/57619"}],"wp:attachment":[{"href":"https:\/\/nitu.mx\/index.php\/wp-json\/wp\/v2\/media?parent=84487"}],"wp:term":[{"taxonomy":"category","embeddable":true,"href":"https:\/\/nitu.mx\/index.php\/wp-json\/wp\/v2\/categories?post=84487"},{"taxonomy":"post_tag","embeddable":true,"href":"https:\/\/nitu.mx\/index.php\/wp-json\/wp\/v2\/tags?post=84487"}],"curies":[{"name":"wp","href":"https:\/\/api.w.org\/{rel}","templated":true}]}}