{"id":84453,"date":"2025-11-10T22:04:20","date_gmt":"2025-11-11T04:04:20","guid":{"rendered":"https:\/\/nitu.mx\/?p=84453"},"modified":"2025-11-10T22:04:20","modified_gmt":"2025-11-11T04:04:20","slug":"afeet-elige-a-claudia-gonzalez-como-su-presidenta-para-el-periodo-2026","status":"publish","type":"post","link":"https:\/\/nitu.mx\/index.php\/2025\/11\/10\/afeet-elige-a-claudia-gonzalez-como-su-presidenta-para-el-periodo-2026\/","title":{"rendered":"AFEET elige a Claudia Gonz\u00e1lez como su presidenta para el periodo 2026"},"content":{"rendered":"\n<p>Por unanimidad, las socias de la Asociaci\u00f3n Femenil de Ejecutivas de Empresas Tur\u00edsticas (AFEET) eligieron a Claudia Gonz\u00e1lez V\u00e1zquez como su presidenta nacional para el periodo 2026, tras un proceso realizado conforme a los estatutos de la asociaci\u00f3n.<\/p>\n\n\n\n<p>Claudia Gonz\u00e1lez asumir\u00e1 la presidencia con el objetivo de fortalecer la presencia de AFEET en el sector tur\u00edstico nacional e internacional. Su nombramiento representa un paso estrat\u00e9gico en la consolidaci\u00f3n de la asociaci\u00f3n, alineado con nuestros objetivos de:<\/p>\n\n\n\n<p>-Profesionalizaci\u00f3n del sector<\/p>\n\n\n\n<p>-Impulso al liderazgo femenino<\/p>\n\n\n\n<p>-Fortalecimiento institucional<\/p>\n\n\n\n<p>La tambi\u00e9n directora general de la operadora Inter Cruises M\u00e9xico, especializada en el sector cruceros, es actualmente la vicepresidenta de AFEET por lo que asegur\u00f3 dar continuidad al trabajo que lleva a cabo Magdalena Sald\u00edvar, presidenta actual.<\/p>\n\n\n\n<p>Claudia Gonz\u00e1lez se\u00f1al\u00f3 que uno de sus prop\u00f3sitos es ampliar la membres\u00eda y tener un mayor acercamiento con las socias actuales para atender sus necesidades, requerimientos y que cumplan sus objetivos; y al mismo tiempo conozcan bien a AFEET y los alcances de la asociaci\u00f3n.<\/p>\n\n\n\n<p>\u201cHoy tenemos 11 filiales en las cuales hay much\u00edsimo talento. De verdad yo estoy impresionada ahora que he estado con m\u00e1s acercamiento, ver c\u00f3mo esas mujeres de valor pueden dar mucho para todo M\u00e9xico\u201d, coment\u00f3 tras el resultado de la elecci\u00f3n.<\/p>\n\n\n\n<p>Otro objetivo de la futura presidenta de AFEET es fortalecer el networking mediante el acercamiento a filiales, con cada asociada; adem\u00e1s adelant\u00f3 que se har\u00e1n algunos cambios en el Congreso y la Convenci\u00f3n.<\/p>\n\n\n\n<p>Convencida que el trabajo es el motor principal de las socias, reconoce que es importante la convivencia siempre que se haga un uso eficiente del tiempo. \u201cYo no voy a hacer nada que sea nuevo, sino sacar el valor mismo que tiene la asociaci\u00f3n para poderla reflejar ante ellas. Estoy contenta de que conf\u00edan en m\u00ed, pero es todav\u00eda un compromiso mayor\u201d.<\/p>\n\n\n\n<p>Sin descartar el trabajo con las socias que ya no est\u00e1n activas pero cuya experiencia es muy valiosa, afirm\u00f3 que con ellas se trabajar\u00e1 en la capacitaci\u00f3n en temas de ventas, visados, comercializaci\u00f3n, entre otros. Coment\u00f3 tambi\u00e9n que habr\u00e1 sorpresas en el tema internacional, a trav\u00e9s de socias y asociaciones con la que se trabaja esta parte, aunque lo nacional seguir\u00e1 siendo el pilar. (<a href=\"https:\/\/nitu.mx\/index.php\/2025\/08\/17\/afeet-prepara-una-historica-celebracion-rumbo-a-su-55-aniversario\/\">AFEET prepara una hist\u00f3rica celebraci\u00f3n rumbo a su 55 aniversario<\/a>).<\/p>\n\n\n\n<p>La Mesa Directiva de AFEET para el periodo 2026 conserva la experiencia consolida de socias en posiciones clave, y abre la puerta a j\u00f3venes empresarias que aportar\u00e1n ese \u00edmpetu que traen las nuevas generaciones:<\/p>\n\n\n\n<ul>\n<li>1\u00aa vicepresidenta- Judith Palleiro<\/li>\n\n\n\n<li>2\u00aa vicepresidenta- Alicia Noguez<\/li>\n\n\n\n<li>Tesorera- Marcela Carmona<\/li>\n\n\n\n<li>Secretaria-Ximena Palomino<\/li>\n\n\n\n<li>Comit\u00e9 de Hacienda- Mar\u00eda Elena Jean<\/li>\n\n\n\n<li>Comit\u00e9 de Honor y Justicia- Carmen Torreblanca, Cecilia Beltr\u00e1n y Yarla Covarrubias<\/li>\n<\/ul>\n\n\n<div class=\"wp-block-image\">\n<figure class=\"aligncenter size-large is-resized\"><img decoding=\"async\" loading=\"lazy\" width=\"1024\" height=\"576\" src=\"https:\/\/nitu.mx\/wp-content\/uploads\/2025\/11\/AFEET-Mesa-Directiva-2026-parte-1024x576.jpg\" alt=\"AFEET Mesa Directiva 2026 parte\" class=\"wp-image-84457\" style=\"aspect-ratio:1.7777777777777777;width:788px;height:auto\" srcset=\"https:\/\/nitu.mx\/wp-content\/uploads\/2025\/11\/AFEET-Mesa-Directiva-2026-parte-1024x576.jpg 1024w, https:\/\/nitu.mx\/wp-content\/uploads\/2025\/11\/AFEET-Mesa-Directiva-2026-parte-300x168.jpg 300w, https:\/\/nitu.mx\/wp-content\/uploads\/2025\/11\/AFEET-Mesa-Directiva-2026-parte-768x432.jpg 768w, https:\/\/nitu.mx\/wp-content\/uploads\/2025\/11\/AFEET-Mesa-Directiva-2026-parte-990x557.jpg 990w, https:\/\/nitu.mx\/wp-content\/uploads\/2025\/11\/AFEET-Mesa-Directiva-2026-parte-470x264.jpg 470w, https:\/\/nitu.mx\/wp-content\/uploads\/2025\/11\/AFEET-Mesa-Directiva-2026-parte-640x360.jpg 640w, https:\/\/nitu.mx\/wp-content\/uploads\/2025\/11\/AFEET-Mesa-Directiva-2026-parte-215x120.jpg 215w, https:\/\/nitu.mx\/wp-content\/uploads\/2025\/11\/AFEET-Mesa-Directiva-2026-parte-414x232.jpg 414w, https:\/\/nitu.mx\/wp-content\/uploads\/2025\/11\/AFEET-Mesa-Directiva-2026-parte.jpg 1200w\" sizes=\"(max-width: 1024px) 100vw, 1024px\" \/><\/figure><\/div>","protected":false},"excerpt":{"rendered":"<p>Por unanimidad, las socias de la Asociaci\u00f3n Femenil de Ejecutivas de Empresas Tur\u00edsticas (AFEET) eligieron a Claudia Gonz\u00e1lez V\u00e1zquez como su presidenta nacional para el periodo 2026, tras un proceso realizado conforme a los estatutos de la asociaci\u00f3n. Claudia Gonz\u00e1lez asumir\u00e1 la presidencia con el objetivo de fortalecer la presencia de AFEET en el sector [&hellip;]<\/p>\n","protected":false},"author":18,"featured_media":84456,"comment_status":"closed","ping_status":"closed","sticky":false,"template":"","format":"standard","meta":{"footnotes":""},"categories":[3],"tags":[2078,27810,27811,26806],"yoast_head":"<!-- This site is optimized with the Yoast SEO plugin v22.2 - https:\/\/yoast.com\/wordpress\/plugins\/seo\/ -->\n<title>AFEET elige a Claudia Gonz\u00e1lez como su presidenta para el periodo 2026 - Nitu - Noticias de la Industria Turistica<\/title>\n<meta name=\"robots\" content=\"index, follow, max-snippet:-1, max-image-preview:large, max-video-preview:-1\" \/>\n<link rel=\"canonical\" href=\"https:\/\/nitu.mx\/index.php\/2025\/11\/10\/afeet-elige-a-claudia-gonzalez-como-su-presidenta-para-el-periodo-2026\/\" \/>\n<meta name=\"twitter:card\" content=\"summary_large_image\" \/>\n<meta name=\"twitter:title\" content=\"AFEET elige a Claudia Gonz\u00e1lez como su presidenta para el periodo 2026 - Nitu - Noticias de la Industria Turistica\" \/>\n<meta name=\"twitter:description\" content=\"Por unanimidad, las socias de la Asociaci\u00f3n Femenil de Ejecutivas de Empresas Tur\u00edsticas (AFEET) eligieron a Claudia Gonz\u00e1lez V\u00e1zquez como su presidenta nacional para el periodo 2026, tras un proceso realizado conforme a los estatutos de la asociaci\u00f3n. Claudia Gonz\u00e1lez asumir\u00e1 la presidencia con el objetivo de fortalecer la presencia de AFEET en el sector [&hellip;]\" \/>\n<meta name=\"twitter:image\" content=\"https:\/\/nitu.mx\/wp-content\/uploads\/2025\/11\/AFEET-Claudia-Gonzalez.jpg\" \/>\n<meta name=\"twitter:creator\" content=\"@NITUmx\" \/>\n<meta name=\"twitter:site\" content=\"@Arturo_Medina_G\" \/>\n<meta name=\"twitter:label1\" content=\"Escrito por\" \/>\n\t<meta name=\"twitter:data1\" content=\"Guadalupe Sixto\" \/>\n\t<meta name=\"twitter:label2\" content=\"Tiempo de lectura\" \/>\n\t<meta name=\"twitter:data2\" content=\"2 minutos\" \/>\n<script type=\"application\/ld+json\" class=\"yoast-schema-graph\">{\"@context\":\"https:\/\/schema.org\",\"@graph\":[{\"@type\":\"Article\",\"@id\":\"https:\/\/nitu.mx\/index.php\/2025\/11\/10\/afeet-elige-a-claudia-gonzalez-como-su-presidenta-para-el-periodo-2026\/#article\",\"isPartOf\":{\"@id\":\"https:\/\/nitu.mx\/index.php\/2025\/11\/10\/afeet-elige-a-claudia-gonzalez-como-su-presidenta-para-el-periodo-2026\/\"},\"author\":{\"name\":\"Guadalupe Sixto\",\"@id\":\"https:\/\/nitu.mx\/#\/schema\/person\/3df3082b5e46037e3f13614d28ee0b77\"},\"headline\":\"AFEET elige a Claudia Gonz\u00e1lez como su presidenta para el periodo 2026\",\"datePublished\":\"2025-11-11T04:04:20+00:00\",\"dateModified\":\"2025-11-11T04:04:20+00:00\",\"mainEntityOfPage\":{\"@id\":\"https:\/\/nitu.mx\/index.php\/2025\/11\/10\/afeet-elige-a-claudia-gonzalez-como-su-presidenta-para-el-periodo-2026\/\"},\"wordCount\":489,\"publisher\":{\"@id\":\"https:\/\/nitu.mx\/#\/schema\/person\/ae7a53426417292d3dd07b45a33e01bc\"},\"image\":{\"@id\":\"https:\/\/nitu.mx\/index.php\/2025\/11\/10\/afeet-elige-a-claudia-gonzalez-como-su-presidenta-para-el-periodo-2026\/#primaryimage\"},\"thumbnailUrl\":\"https:\/\/nitu.mx\/wp-content\/uploads\/2025\/11\/AFEET-Claudia-Gonzalez.jpg\",\"keywords\":[\"AFEET\",\"Claudia Gonz\u00e1lez\",\"Inter Cruises\",\"Magdalena Sald\u00edvar\"],\"articleSection\":[\"Agencias de Viajes\"],\"inLanguage\":\"es-MX\"},{\"@type\":\"WebPage\",\"@id\":\"https:\/\/nitu.mx\/index.php\/2025\/11\/10\/afeet-elige-a-claudia-gonzalez-como-su-presidenta-para-el-periodo-2026\/\",\"url\":\"https:\/\/nitu.mx\/index.php\/2025\/11\/10\/afeet-elige-a-claudia-gonzalez-como-su-presidenta-para-el-periodo-2026\/\",\"name\":\"AFEET elige a Claudia Gonz\u00e1lez como su presidenta para el periodo 2026 - Nitu - Noticias de la Industria Turistica\",\"isPartOf\":{\"@id\":\"https:\/\/nitu.mx\/#website\"},\"primaryImageOfPage\":{\"@id\":\"https:\/\/nitu.mx\/index.php\/2025\/11\/10\/afeet-elige-a-claudia-gonzalez-como-su-presidenta-para-el-periodo-2026\/#primaryimage\"},\"image\":{\"@id\":\"https:\/\/nitu.mx\/index.php\/2025\/11\/10\/afeet-elige-a-claudia-gonzalez-como-su-presidenta-para-el-periodo-2026\/#primaryimage\"},\"thumbnailUrl\":\"https:\/\/nitu.mx\/wp-content\/uploads\/2025\/11\/AFEET-Claudia-Gonzalez.jpg\",\"datePublished\":\"2025-11-11T04:04:20+00:00\",\"dateModified\":\"2025-11-11T04:04:20+00:00\",\"breadcrumb\":{\"@id\":\"https:\/\/nitu.mx\/index.php\/2025\/11\/10\/afeet-elige-a-claudia-gonzalez-como-su-presidenta-para-el-periodo-2026\/#breadcrumb\"},\"inLanguage\":\"es-MX\",\"potentialAction\":[{\"@type\":\"ReadAction\",\"target\":[\"https:\/\/nitu.mx\/index.php\/2025\/11\/10\/afeet-elige-a-claudia-gonzalez-como-su-presidenta-para-el-periodo-2026\/\"]}]},{\"@type\":\"ImageObject\",\"inLanguage\":\"es-MX\",\"@id\":\"https:\/\/nitu.mx\/index.php\/2025\/11\/10\/afeet-elige-a-claudia-gonzalez-como-su-presidenta-para-el-periodo-2026\/#primaryimage\",\"url\":\"https:\/\/nitu.mx\/wp-content\/uploads\/2025\/11\/AFEET-Claudia-Gonzalez.jpg\",\"contentUrl\":\"https:\/\/nitu.mx\/wp-content\/uploads\/2025\/11\/AFEET-Claudia-Gonzalez.jpg\",\"width\":1200,\"height\":675,\"caption\":\"AFEET Claudia Gonz\u00e1lez\"},{\"@type\":\"BreadcrumbList\",\"@id\":\"https:\/\/nitu.mx\/index.php\/2025\/11\/10\/afeet-elige-a-claudia-gonzalez-como-su-presidenta-para-el-periodo-2026\/#breadcrumb\",\"itemListElement\":[{\"@type\":\"ListItem\",\"position\":1,\"name\":\"Inicio\",\"item\":\"https:\/\/nitu.mx\/\"},{\"@type\":\"ListItem\",\"position\":2,\"name\":\"AFEET elige a Claudia Gonz\u00e1lez como su presidenta para el periodo 2026\"}]},{\"@type\":\"WebSite\",\"@id\":\"https:\/\/nitu.mx\/#website\",\"url\":\"https:\/\/nitu.mx\/\",\"name\":\"Nitu - Noticias de la Industria Turistica\",\"description\":\"Noticias de la Industria Turistica\",\"publisher\":{\"@id\":\"https:\/\/nitu.mx\/#\/schema\/person\/ae7a53426417292d3dd07b45a33e01bc\"},\"alternateName\":\"Noticias de la Industria Turistica\",\"potentialAction\":[{\"@type\":\"SearchAction\",\"target\":{\"@type\":\"EntryPoint\",\"urlTemplate\":\"https:\/\/nitu.mx\/?s={search_term_string}\"},\"query-input\":\"required name=search_term_string\"}],\"inLanguage\":\"es-MX\"},{\"@type\":[\"Person\",\"Organization\"],\"@id\":\"https:\/\/nitu.mx\/#\/schema\/person\/ae7a53426417292d3dd07b45a33e01bc\",\"name\":\"Arturo Medina\",\"image\":{\"@type\":\"ImageObject\",\"inLanguage\":\"es-MX\",\"@id\":\"https:\/\/nitu.mx\/#\/schema\/person\/image\/\",\"url\":\"https:\/\/nitu.mx\/wp-content\/uploads\/2024\/04\/4A315622-1904-4D5C-B022-878CDC840E04-90x90-1.jpeg\",\"contentUrl\":\"https:\/\/nitu.mx\/wp-content\/uploads\/2024\/04\/4A315622-1904-4D5C-B022-878CDC840E04-90x90-1.jpeg\",\"width\":90,\"height\":90,\"caption\":\"Arturo Medina\"},\"logo\":{\"@id\":\"https:\/\/nitu.mx\/#\/schema\/person\/image\/\"},\"description\":\"Director NITU.mx, Egresado de la Escuela de Periodismo Carlos Septi\u00e9n Garc\u00eda. Periodista y analista especializado en turismo desde hace 35 a\u00f1os, radicado en Canc\u00fan Q.Roo. arturo@nitu.mx\",\"sameAs\":[\"https:\/\/nitu.mx\",\"https:\/\/www.facebook.com\/NITUmx\/\",\"medinacancun\",\"https:\/\/twitter.com\/@Arturo_Medina_G\"]},{\"@type\":\"Person\",\"@id\":\"https:\/\/nitu.mx\/#\/schema\/person\/3df3082b5e46037e3f13614d28ee0b77\",\"name\":\"Guadalupe Sixto\",\"image\":{\"@type\":\"ImageObject\",\"inLanguage\":\"es-MX\",\"@id\":\"https:\/\/nitu.mx\/#\/schema\/person\/image\/\",\"url\":\"https:\/\/secure.gravatar.com\/avatar\/13914e1b0e1919e91f9539de4dc584c4?s=96&d=mm&r=g\",\"contentUrl\":\"https:\/\/secure.gravatar.com\/avatar\/13914e1b0e1919e91f9539de4dc584c4?s=96&d=mm&r=g\",\"caption\":\"Guadalupe Sixto\"},\"url\":\"https:\/\/nitu.mx\/index.php\/author\/gsixto\/\"}]}<\/script>\n<!-- \/ Yoast SEO plugin. -->","yoast_head_json":{"title":"AFEET elige a Claudia Gonz\u00e1lez como su presidenta para el periodo 2026 - Nitu - Noticias de la Industria Turistica","robots":{"index":"index","follow":"follow","max-snippet":"max-snippet:-1","max-image-preview":"max-image-preview:large","max-video-preview":"max-video-preview:-1"},"canonical":"https:\/\/nitu.mx\/index.php\/2025\/11\/10\/afeet-elige-a-claudia-gonzalez-como-su-presidenta-para-el-periodo-2026\/","twitter_card":"summary_large_image","twitter_title":"AFEET elige a Claudia Gonz\u00e1lez como su presidenta para el periodo 2026 - Nitu - Noticias de la Industria Turistica","twitter_description":"Por unanimidad, las socias de la Asociaci\u00f3n Femenil de Ejecutivas de Empresas Tur\u00edsticas (AFEET) eligieron a Claudia Gonz\u00e1lez V\u00e1zquez como su presidenta nacional para el periodo 2026, tras un proceso realizado conforme a los estatutos de la asociaci\u00f3n. Claudia Gonz\u00e1lez asumir\u00e1 la presidencia con el objetivo de fortalecer la presencia de AFEET en el sector [&hellip;]","twitter_image":"https:\/\/nitu.mx\/wp-content\/uploads\/2025\/11\/AFEET-Claudia-Gonzalez.jpg","twitter_creator":"@NITUmx","twitter_site":"@Arturo_Medina_G","twitter_misc":{"Escrito por":"Guadalupe Sixto","Tiempo de lectura":"2 minutos"},"schema":{"@context":"https:\/\/schema.org","@graph":[{"@type":"Article","@id":"https:\/\/nitu.mx\/index.php\/2025\/11\/10\/afeet-elige-a-claudia-gonzalez-como-su-presidenta-para-el-periodo-2026\/#article","isPartOf":{"@id":"https:\/\/nitu.mx\/index.php\/2025\/11\/10\/afeet-elige-a-claudia-gonzalez-como-su-presidenta-para-el-periodo-2026\/"},"author":{"name":"Guadalupe Sixto","@id":"https:\/\/nitu.mx\/#\/schema\/person\/3df3082b5e46037e3f13614d28ee0b77"},"headline":"AFEET elige a Claudia Gonz\u00e1lez como su presidenta para el periodo 2026","datePublished":"2025-11-11T04:04:20+00:00","dateModified":"2025-11-11T04:04:20+00:00","mainEntityOfPage":{"@id":"https:\/\/nitu.mx\/index.php\/2025\/11\/10\/afeet-elige-a-claudia-gonzalez-como-su-presidenta-para-el-periodo-2026\/"},"wordCount":489,"publisher":{"@id":"https:\/\/nitu.mx\/#\/schema\/person\/ae7a53426417292d3dd07b45a33e01bc"},"image":{"@id":"https:\/\/nitu.mx\/index.php\/2025\/11\/10\/afeet-elige-a-claudia-gonzalez-como-su-presidenta-para-el-periodo-2026\/#primaryimage"},"thumbnailUrl":"https:\/\/nitu.mx\/wp-content\/uploads\/2025\/11\/AFEET-Claudia-Gonzalez.jpg","keywords":["AFEET","Claudia Gonz\u00e1lez","Inter Cruises","Magdalena Sald\u00edvar"],"articleSection":["Agencias de Viajes"],"inLanguage":"es-MX"},{"@type":"WebPage","@id":"https:\/\/nitu.mx\/index.php\/2025\/11\/10\/afeet-elige-a-claudia-gonzalez-como-su-presidenta-para-el-periodo-2026\/","url":"https:\/\/nitu.mx\/index.php\/2025\/11\/10\/afeet-elige-a-claudia-gonzalez-como-su-presidenta-para-el-periodo-2026\/","name":"AFEET elige a Claudia Gonz\u00e1lez como su presidenta para el periodo 2026 - Nitu - Noticias de la Industria Turistica","isPartOf":{"@id":"https:\/\/nitu.mx\/#website"},"primaryImageOfPage":{"@id":"https:\/\/nitu.mx\/index.php\/2025\/11\/10\/afeet-elige-a-claudia-gonzalez-como-su-presidenta-para-el-periodo-2026\/#primaryimage"},"image":{"@id":"https:\/\/nitu.mx\/index.php\/2025\/11\/10\/afeet-elige-a-claudia-gonzalez-como-su-presidenta-para-el-periodo-2026\/#primaryimage"},"thumbnailUrl":"https:\/\/nitu.mx\/wp-content\/uploads\/2025\/11\/AFEET-Claudia-Gonzalez.jpg","datePublished":"2025-11-11T04:04:20+00:00","dateModified":"2025-11-11T04:04:20+00:00","breadcrumb":{"@id":"https:\/\/nitu.mx\/index.php\/2025\/11\/10\/afeet-elige-a-claudia-gonzalez-como-su-presidenta-para-el-periodo-2026\/#breadcrumb"},"inLanguage":"es-MX","potentialAction":[{"@type":"ReadAction","target":["https:\/\/nitu.mx\/index.php\/2025\/11\/10\/afeet-elige-a-claudia-gonzalez-como-su-presidenta-para-el-periodo-2026\/"]}]},{"@type":"ImageObject","inLanguage":"es-MX","@id":"https:\/\/nitu.mx\/index.php\/2025\/11\/10\/afeet-elige-a-claudia-gonzalez-como-su-presidenta-para-el-periodo-2026\/#primaryimage","url":"https:\/\/nitu.mx\/wp-content\/uploads\/2025\/11\/AFEET-Claudia-Gonzalez.jpg","contentUrl":"https:\/\/nitu.mx\/wp-content\/uploads\/2025\/11\/AFEET-Claudia-Gonzalez.jpg","width":1200,"height":675,"caption":"AFEET Claudia Gonz\u00e1lez"},{"@type":"BreadcrumbList","@id":"https:\/\/nitu.mx\/index.php\/2025\/11\/10\/afeet-elige-a-claudia-gonzalez-como-su-presidenta-para-el-periodo-2026\/#breadcrumb","itemListElement":[{"@type":"ListItem","position":1,"name":"Inicio","item":"https:\/\/nitu.mx\/"},{"@type":"ListItem","position":2,"name":"AFEET elige a Claudia Gonz\u00e1lez como su presidenta para el periodo 2026"}]},{"@type":"WebSite","@id":"https:\/\/nitu.mx\/#website","url":"https:\/\/nitu.mx\/","name":"Nitu - Noticias de la Industria Turistica","description":"Noticias de la Industria Turistica","publisher":{"@id":"https:\/\/nitu.mx\/#\/schema\/person\/ae7a53426417292d3dd07b45a33e01bc"},"alternateName":"Noticias de la Industria Turistica","potentialAction":[{"@type":"SearchAction","target":{"@type":"EntryPoint","urlTemplate":"https:\/\/nitu.mx\/?s={search_term_string}"},"query-input":"required name=search_term_string"}],"inLanguage":"es-MX"},{"@type":["Person","Organization"],"@id":"https:\/\/nitu.mx\/#\/schema\/person\/ae7a53426417292d3dd07b45a33e01bc","name":"Arturo Medina","image":{"@type":"ImageObject","inLanguage":"es-MX","@id":"https:\/\/nitu.mx\/#\/schema\/person\/image\/","url":"https:\/\/nitu.mx\/wp-content\/uploads\/2024\/04\/4A315622-1904-4D5C-B022-878CDC840E04-90x90-1.jpeg","contentUrl":"https:\/\/nitu.mx\/wp-content\/uploads\/2024\/04\/4A315622-1904-4D5C-B022-878CDC840E04-90x90-1.jpeg","width":90,"height":90,"caption":"Arturo Medina"},"logo":{"@id":"https:\/\/nitu.mx\/#\/schema\/person\/image\/"},"description":"Director NITU.mx, Egresado de la Escuela de Periodismo Carlos Septi\u00e9n Garc\u00eda. Periodista y analista especializado en turismo desde hace 35 a\u00f1os, radicado en Canc\u00fan Q.Roo. arturo@nitu.mx","sameAs":["https:\/\/nitu.mx","https:\/\/www.facebook.com\/NITUmx\/","medinacancun","https:\/\/twitter.com\/@Arturo_Medina_G"]},{"@type":"Person","@id":"https:\/\/nitu.mx\/#\/schema\/person\/3df3082b5e46037e3f13614d28ee0b77","name":"Guadalupe Sixto","image":{"@type":"ImageObject","inLanguage":"es-MX","@id":"https:\/\/nitu.mx\/#\/schema\/person\/image\/","url":"https:\/\/secure.gravatar.com\/avatar\/13914e1b0e1919e91f9539de4dc584c4?s=96&d=mm&r=g","contentUrl":"https:\/\/secure.gravatar.com\/avatar\/13914e1b0e1919e91f9539de4dc584c4?s=96&d=mm&r=g","caption":"Guadalupe Sixto"},"url":"https:\/\/nitu.mx\/index.php\/author\/gsixto\/"}]}},"views":773,"_links":{"self":[{"href":"https:\/\/nitu.mx\/index.php\/wp-json\/wp\/v2\/posts\/84453"}],"collection":[{"href":"https:\/\/nitu.mx\/index.php\/wp-json\/wp\/v2\/posts"}],"about":[{"href":"https:\/\/nitu.mx\/index.php\/wp-json\/wp\/v2\/types\/post"}],"author":[{"embeddable":true,"href":"https:\/\/nitu.mx\/index.php\/wp-json\/wp\/v2\/users\/18"}],"replies":[{"embeddable":true,"href":"https:\/\/nitu.mx\/index.php\/wp-json\/wp\/v2\/comments?post=84453"}],"version-history":[{"count":2,"href":"https:\/\/nitu.mx\/index.php\/wp-json\/wp\/v2\/posts\/84453\/revisions"}],"predecessor-version":[{"id":84458,"href":"https:\/\/nitu.mx\/index.php\/wp-json\/wp\/v2\/posts\/84453\/revisions\/84458"}],"wp:featuredmedia":[{"embeddable":true,"href":"https:\/\/nitu.mx\/index.php\/wp-json\/wp\/v2\/media\/84456"}],"wp:attachment":[{"href":"https:\/\/nitu.mx\/index.php\/wp-json\/wp\/v2\/media?parent=84453"}],"wp:term":[{"taxonomy":"category","embeddable":true,"href":"https:\/\/nitu.mx\/index.php\/wp-json\/wp\/v2\/categories?post=84453"},{"taxonomy":"post_tag","embeddable":true,"href":"https:\/\/nitu.mx\/index.php\/wp-json\/wp\/v2\/tags?post=84453"}],"curies":[{"name":"wp","href":"https:\/\/api.w.org\/{rel}","templated":true}]}}