{"id":84441,"date":"2025-11-10T15:53:23","date_gmt":"2025-11-10T21:53:23","guid":{"rendered":"https:\/\/nitu.mx\/?p=84441"},"modified":"2025-11-10T15:53:24","modified_gmt":"2025-11-10T21:53:24","slug":"nayarit-es-designado-miembro-de-la-junta-directiva-mundial-de-onu-turismo","status":"publish","type":"post","link":"https:\/\/nitu.mx\/index.php\/2025\/11\/10\/nayarit-es-designado-miembro-de-la-junta-directiva-mundial-de-onu-turismo\/","title":{"rendered":"Nayarit es designado miembro de la Junta Directiva Mundial de ONU Turismo"},"content":{"rendered":"\n<p>En un hecho hist\u00f3rico, el Gobierno del Estado de Nayarit fue designado por el secretario general de ONU Turismo, Zurab Pololikashvili, como miembro de la Junta Directiva Mundial de los Miembros Afiliados para el periodo 2026\u20132029.<\/p>\n\n\n\n<p>As\u00ed mismo, fue reconocido como \u201cSupportive Partner Destination\u201d durante la 26\u00aa Asamblea General de ONU Turismo, que se llev\u00f3 a cabo en Riad, Arabia Saudita.<\/p>\n\n\n\n<p>Estos reconocimientos representan el nivel m\u00e1s alto de distinci\u00f3n internacional que puede recibir un destino dentro del organismo de la Organizaci\u00f3n de las Naciones Unidas especializado en turismo, al destacar su liderazgo, compromiso institucional y contribuci\u00f3n al desarrollo sostenible del sector.<\/p>\n\n\n\n<p>De esta manera, Nayarit contribuye a reafirmar la posici\u00f3n de M\u00e9xico como uno de los l\u00edderes del turismo a nivel mundial, reconocido por su innovaci\u00f3n, sostenibilidad y cooperaci\u00f3n p\u00fablico-privada.<\/p>\n\n\n\n<p>La inclusi\u00f3n de Nayarit en la Junta Directiva de los Miembros Afiliados, la entidad se suma a otras instituciones globales de gran nivel internacional que son referencia en el sector, tales como Tripadvisor, Expedia Group, IFEMA Madrid, ICCA, Madrid Destino, Saudi Tourism Authority, Red Sea Global, TGA y JTB Corporation de Jap\u00f3n.<\/p>\n\n\n\n<p>Cabe destacar que el secretario general de ONU Turismo solo entreg\u00f3 tres designaciones directamente, de entre 500 organismos internacionales: Madrid, sede mundial del organismo; ICCA y Nayarit, en reconocimiento a su modelo de desarrollo tur\u00edstico responsable, inclusivo y con visi\u00f3n sostenible.<\/p>\n\n\n\n<p>Con este nombramiento, Nayarit tiene voz y voto en la definici\u00f3n de la agenda global del turismo en los pr\u00f3ximos tres a\u00f1os, y participar\u00e1 en la formulaci\u00f3n de pol\u00edticas internacionales en materia de sostenibilidad, inversi\u00f3n e innovaci\u00f3n tur\u00edstica.<\/p>\n\n\n\n<p>\u201cEste reconocimiento es resultado del liderazgo del gobernador Dr. Miguel \u00c1ngel Navarro Quintero, quien ha hecho del turismo una pol\u00edtica p\u00fablica con sentido humano y de beneficio social. Nayarit no solo crece: hoy inspira al mundo y lleva con orgullo el nombre de M\u00e9xico a los m\u00e1s altos foros internacionales\u201d, expres\u00f3 el secretario de Turismo de Nayarit, Juan Enrique Su\u00e1rez del Real Tostado.<\/p>\n\n\n\n<p>En las elecciones para la Junta Directiva de Miembros Afiliados de ONU Turismo para el periodo 2026-2029 participaron 192 entidades, de las cuales resultaron electos 20 miembros que la integrar\u00e1n. Todo bajo un proceso regido por un marco jur\u00eddico reformado y con criterios de elegibilidad m\u00e1s rigurosos, garantiza la transparencia y representatividad global.<\/p>\n\n\n\n<p>Nayarit es reconocido como \u201cSupportive Partner Destination\u201d<\/p>\n\n\n\n<p>En el marco de la Sesi\u00f3n Plenaria de Miembros Afiliados, ONU Turismo tambi\u00e9n otorg\u00f3 al Fideicomiso de Promoci\u00f3n Tur\u00edstica del Estado de Nayarit el reconocimiento \u201cSupportive Partner Destination\u201d.<\/p>\n\n\n\n<p>Esta distinci\u00f3n es reservada para los destinos que demuestran un compromiso ejemplar con los valores de la Organizaci\u00f3n y contribuyen activamente a su fortalecimiento institucional.<\/p>\n\n\n\n<p>De acuerdo con ONU Turismo, Nayarit ha sido un ejemplo inspirador de cooperaci\u00f3n p\u00fablico-privada y compromiso institucional, debido a su participaci\u00f3n constante en proyectos de impacto, su promoci\u00f3n del turismo responsable y su colaboraci\u00f3n con iniciativas globales que fortalecen la visibilidad de la Membres\u00eda Afiliada.<\/p>\n\n\n\n<p>\u201cRecibir este doble reconocimiento \u2014integrar la Junta Directiva y ser galardonados en la Asamblea General\u2014 representa el punto m\u00e1s alto en la historia tur\u00edstica de nuestro estado. Es un orgullo para M\u00e9xico que Nayarit sea reconocido por su liderazgo y visi\u00f3n de futuro ante la comunidad internacional\u201d, subray\u00f3 Su\u00e1rez del Real Tostado.<\/p>\n\n\n\n<p>Al integrarse a la Junta Directiva 2026\u20132029 y recibir el reconocimiento \u201cSupportive Partner Destination\u201d, Nayarit se consolida como un portavoz clave de M\u00e9xico en el turismo global, al impulsar una visi\u00f3n moderna, sostenible e inclusiva, que coloca al bienestar social y al desarrollo regional en el centro de su estrategia.<\/p>\n\n\n\n<p>Estos logros hist\u00f3ricos reflejan el trabajo constante de Nayarit, que ha transformado su patrimonio natural, cultural y comunitario en un producto tur\u00edstico de excelencia con reconocimiento a nivel internacional; y demostrado que M\u00e9xico es l\u00edder mundial en turismo, con una visi\u00f3n clara centrada en la innovaci\u00f3n, la sostenibilidad y la cooperaci\u00f3n institucional. (<a href=\"https:\/\/nitu.mx\/index.php\/2025\/10\/16\/riviera-nayarit-recibe-el-wmf-summit-2025\/\">Riviera Nayarit recibe el WMF Summit 2025<\/a>).<\/p>\n","protected":false},"excerpt":{"rendered":"<p>En un hecho hist\u00f3rico, el Gobierno del Estado de Nayarit fue designado por el secretario general de ONU Turismo, Zurab Pololikashvili, como miembro de la Junta Directiva Mundial de los Miembros Afiliados para el periodo 2026\u20132029. As\u00ed mismo, fue reconocido como \u201cSupportive Partner Destination\u201d durante la 26\u00aa Asamblea General de ONU Turismo, que se llev\u00f3 [&hellip;]<\/p>\n","protected":false},"author":17,"featured_media":84443,"comment_status":"closed","ping_status":"closed","sticky":false,"template":"","format":"standard","meta":{"footnotes":""},"categories":[5],"tags":[23648,7336,1431,24717],"yoast_head":"<!-- This site is optimized with the Yoast SEO plugin v22.2 - https:\/\/yoast.com\/wordpress\/plugins\/seo\/ -->\n<title>Nayarit es designado miembro de la Junta Directiva Mundial de ONU Turismo - Nitu - Noticias de la Industria Turistica<\/title>\n<meta name=\"robots\" content=\"index, follow, max-snippet:-1, max-image-preview:large, max-video-preview:-1\" \/>\n<link rel=\"canonical\" href=\"https:\/\/nitu.mx\/index.php\/2025\/11\/10\/nayarit-es-designado-miembro-de-la-junta-directiva-mundial-de-onu-turismo\/\" \/>\n<meta name=\"twitter:card\" content=\"summary_large_image\" \/>\n<meta name=\"twitter:title\" content=\"Nayarit es designado miembro de la Junta Directiva Mundial de ONU Turismo - Nitu - Noticias de la Industria Turistica\" \/>\n<meta name=\"twitter:description\" content=\"En un hecho hist\u00f3rico, el Gobierno del Estado de Nayarit fue designado por el secretario general de ONU Turismo, Zurab Pololikashvili, como miembro de la Junta Directiva Mundial de los Miembros Afiliados para el periodo 2026\u20132029. As\u00ed mismo, fue reconocido como \u201cSupportive Partner Destination\u201d durante la 26\u00aa Asamblea General de ONU Turismo, que se llev\u00f3 [&hellip;]\" \/>\n<meta name=\"twitter:image\" content=\"https:\/\/nitu.mx\/wp-content\/uploads\/2025\/11\/NAYARIT-ONU-TURISMO.jpg\" \/>\n<meta name=\"twitter:creator\" content=\"@NITUmx\" \/>\n<meta name=\"twitter:site\" content=\"@Arturo_Medina_G\" \/>\n<meta name=\"twitter:label1\" content=\"Escrito por\" \/>\n\t<meta name=\"twitter:data1\" content=\"Redacci\u00f3n\" \/>\n\t<meta name=\"twitter:label2\" content=\"Tiempo de lectura\" \/>\n\t<meta name=\"twitter:data2\" content=\"3 minutos\" \/>\n<script type=\"application\/ld+json\" class=\"yoast-schema-graph\">{\"@context\":\"https:\/\/schema.org\",\"@graph\":[{\"@type\":\"Article\",\"@id\":\"https:\/\/nitu.mx\/index.php\/2025\/11\/10\/nayarit-es-designado-miembro-de-la-junta-directiva-mundial-de-onu-turismo\/#article\",\"isPartOf\":{\"@id\":\"https:\/\/nitu.mx\/index.php\/2025\/11\/10\/nayarit-es-designado-miembro-de-la-junta-directiva-mundial-de-onu-turismo\/\"},\"author\":{\"name\":\"Redacci\u00f3n\",\"@id\":\"https:\/\/nitu.mx\/#\/schema\/person\/4a28fe9bd65924f7c90623773daf1b0b\"},\"headline\":\"Nayarit es designado miembro de la Junta Directiva Mundial de ONU Turismo\",\"datePublished\":\"2025-11-10T21:53:23+00:00\",\"dateModified\":\"2025-11-10T21:53:24+00:00\",\"mainEntityOfPage\":{\"@id\":\"https:\/\/nitu.mx\/index.php\/2025\/11\/10\/nayarit-es-designado-miembro-de-la-junta-directiva-mundial-de-onu-turismo\/\"},\"wordCount\":706,\"publisher\":{\"@id\":\"https:\/\/nitu.mx\/#\/schema\/person\/ae7a53426417292d3dd07b45a33e01bc\"},\"image\":{\"@id\":\"https:\/\/nitu.mx\/index.php\/2025\/11\/10\/nayarit-es-designado-miembro-de-la-junta-directiva-mundial-de-onu-turismo\/#primaryimage\"},\"thumbnailUrl\":\"https:\/\/nitu.mx\/wp-content\/uploads\/2025\/11\/NAYARIT-ONU-TURISMO.jpg\",\"keywords\":[\"Juan Enrique Su\u00e1rez\",\"Junta Directiva\",\"Nayarit\",\"ONU Turismo\"],\"articleSection\":[\"Destinos\"],\"inLanguage\":\"es-MX\"},{\"@type\":\"WebPage\",\"@id\":\"https:\/\/nitu.mx\/index.php\/2025\/11\/10\/nayarit-es-designado-miembro-de-la-junta-directiva-mundial-de-onu-turismo\/\",\"url\":\"https:\/\/nitu.mx\/index.php\/2025\/11\/10\/nayarit-es-designado-miembro-de-la-junta-directiva-mundial-de-onu-turismo\/\",\"name\":\"Nayarit es designado miembro de la Junta Directiva Mundial de ONU Turismo - Nitu - Noticias de la Industria Turistica\",\"isPartOf\":{\"@id\":\"https:\/\/nitu.mx\/#website\"},\"primaryImageOfPage\":{\"@id\":\"https:\/\/nitu.mx\/index.php\/2025\/11\/10\/nayarit-es-designado-miembro-de-la-junta-directiva-mundial-de-onu-turismo\/#primaryimage\"},\"image\":{\"@id\":\"https:\/\/nitu.mx\/index.php\/2025\/11\/10\/nayarit-es-designado-miembro-de-la-junta-directiva-mundial-de-onu-turismo\/#primaryimage\"},\"thumbnailUrl\":\"https:\/\/nitu.mx\/wp-content\/uploads\/2025\/11\/NAYARIT-ONU-TURISMO.jpg\",\"datePublished\":\"2025-11-10T21:53:23+00:00\",\"dateModified\":\"2025-11-10T21:53:24+00:00\",\"breadcrumb\":{\"@id\":\"https:\/\/nitu.mx\/index.php\/2025\/11\/10\/nayarit-es-designado-miembro-de-la-junta-directiva-mundial-de-onu-turismo\/#breadcrumb\"},\"inLanguage\":\"es-MX\",\"potentialAction\":[{\"@type\":\"ReadAction\",\"target\":[\"https:\/\/nitu.mx\/index.php\/2025\/11\/10\/nayarit-es-designado-miembro-de-la-junta-directiva-mundial-de-onu-turismo\/\"]}]},{\"@type\":\"ImageObject\",\"inLanguage\":\"es-MX\",\"@id\":\"https:\/\/nitu.mx\/index.php\/2025\/11\/10\/nayarit-es-designado-miembro-de-la-junta-directiva-mundial-de-onu-turismo\/#primaryimage\",\"url\":\"https:\/\/nitu.mx\/wp-content\/uploads\/2025\/11\/NAYARIT-ONU-TURISMO.jpg\",\"contentUrl\":\"https:\/\/nitu.mx\/wp-content\/uploads\/2025\/11\/NAYARIT-ONU-TURISMO.jpg\",\"width\":1200,\"height\":675,\"caption\":\"NAYARIT ONU TURISMO\"},{\"@type\":\"BreadcrumbList\",\"@id\":\"https:\/\/nitu.mx\/index.php\/2025\/11\/10\/nayarit-es-designado-miembro-de-la-junta-directiva-mundial-de-onu-turismo\/#breadcrumb\",\"itemListElement\":[{\"@type\":\"ListItem\",\"position\":1,\"name\":\"Inicio\",\"item\":\"https:\/\/nitu.mx\/\"},{\"@type\":\"ListItem\",\"position\":2,\"name\":\"Nayarit es designado miembro de la Junta Directiva Mundial de ONU Turismo\"}]},{\"@type\":\"WebSite\",\"@id\":\"https:\/\/nitu.mx\/#website\",\"url\":\"https:\/\/nitu.mx\/\",\"name\":\"Nitu - Noticias de la Industria Turistica\",\"description\":\"Noticias de la Industria Turistica\",\"publisher\":{\"@id\":\"https:\/\/nitu.mx\/#\/schema\/person\/ae7a53426417292d3dd07b45a33e01bc\"},\"alternateName\":\"Noticias de la Industria Turistica\",\"potentialAction\":[{\"@type\":\"SearchAction\",\"target\":{\"@type\":\"EntryPoint\",\"urlTemplate\":\"https:\/\/nitu.mx\/?s={search_term_string}\"},\"query-input\":\"required name=search_term_string\"}],\"inLanguage\":\"es-MX\"},{\"@type\":[\"Person\",\"Organization\"],\"@id\":\"https:\/\/nitu.mx\/#\/schema\/person\/ae7a53426417292d3dd07b45a33e01bc\",\"name\":\"Arturo Medina\",\"image\":{\"@type\":\"ImageObject\",\"inLanguage\":\"es-MX\",\"@id\":\"https:\/\/nitu.mx\/#\/schema\/person\/image\/\",\"url\":\"https:\/\/nitu.mx\/wp-content\/uploads\/2024\/04\/4A315622-1904-4D5C-B022-878CDC840E04-90x90-1.jpeg\",\"contentUrl\":\"https:\/\/nitu.mx\/wp-content\/uploads\/2024\/04\/4A315622-1904-4D5C-B022-878CDC840E04-90x90-1.jpeg\",\"width\":90,\"height\":90,\"caption\":\"Arturo Medina\"},\"logo\":{\"@id\":\"https:\/\/nitu.mx\/#\/schema\/person\/image\/\"},\"description\":\"Director NITU.mx, Egresado de la Escuela de Periodismo Carlos Septi\u00e9n Garc\u00eda. Periodista y analista especializado en turismo desde hace 35 a\u00f1os, radicado en Canc\u00fan Q.Roo. arturo@nitu.mx\",\"sameAs\":[\"https:\/\/nitu.mx\",\"https:\/\/www.facebook.com\/NITUmx\/\",\"medinacancun\",\"https:\/\/twitter.com\/@Arturo_Medina_G\"]},{\"@type\":\"Person\",\"@id\":\"https:\/\/nitu.mx\/#\/schema\/person\/4a28fe9bd65924f7c90623773daf1b0b\",\"name\":\"Redacci\u00f3n\",\"image\":{\"@type\":\"ImageObject\",\"inLanguage\":\"es-MX\",\"@id\":\"https:\/\/nitu.mx\/#\/schema\/person\/image\/\",\"url\":\"https:\/\/secure.gravatar.com\/avatar\/5dd011c8ccfc5cd7e4c81e42252aab38?s=96&d=mm&r=g\",\"contentUrl\":\"https:\/\/secure.gravatar.com\/avatar\/5dd011c8ccfc5cd7e4c81e42252aab38?s=96&d=mm&r=g\",\"caption\":\"Redacci\u00f3n\"},\"url\":\"https:\/\/nitu.mx\/index.php\/author\/redaccion\/\"}]}<\/script>\n<!-- \/ Yoast SEO plugin. -->","yoast_head_json":{"title":"Nayarit es designado miembro de la Junta Directiva Mundial de ONU Turismo - Nitu - Noticias de la Industria Turistica","robots":{"index":"index","follow":"follow","max-snippet":"max-snippet:-1","max-image-preview":"max-image-preview:large","max-video-preview":"max-video-preview:-1"},"canonical":"https:\/\/nitu.mx\/index.php\/2025\/11\/10\/nayarit-es-designado-miembro-de-la-junta-directiva-mundial-de-onu-turismo\/","twitter_card":"summary_large_image","twitter_title":"Nayarit es designado miembro de la Junta Directiva Mundial de ONU Turismo - Nitu - Noticias de la Industria Turistica","twitter_description":"En un hecho hist\u00f3rico, el Gobierno del Estado de Nayarit fue designado por el secretario general de ONU Turismo, Zurab Pololikashvili, como miembro de la Junta Directiva Mundial de los Miembros Afiliados para el periodo 2026\u20132029. As\u00ed mismo, fue reconocido como \u201cSupportive Partner Destination\u201d durante la 26\u00aa Asamblea General de ONU Turismo, que se llev\u00f3 [&hellip;]","twitter_image":"https:\/\/nitu.mx\/wp-content\/uploads\/2025\/11\/NAYARIT-ONU-TURISMO.jpg","twitter_creator":"@NITUmx","twitter_site":"@Arturo_Medina_G","twitter_misc":{"Escrito por":"Redacci\u00f3n","Tiempo de lectura":"3 minutos"},"schema":{"@context":"https:\/\/schema.org","@graph":[{"@type":"Article","@id":"https:\/\/nitu.mx\/index.php\/2025\/11\/10\/nayarit-es-designado-miembro-de-la-junta-directiva-mundial-de-onu-turismo\/#article","isPartOf":{"@id":"https:\/\/nitu.mx\/index.php\/2025\/11\/10\/nayarit-es-designado-miembro-de-la-junta-directiva-mundial-de-onu-turismo\/"},"author":{"name":"Redacci\u00f3n","@id":"https:\/\/nitu.mx\/#\/schema\/person\/4a28fe9bd65924f7c90623773daf1b0b"},"headline":"Nayarit es designado miembro de la Junta Directiva Mundial de ONU Turismo","datePublished":"2025-11-10T21:53:23+00:00","dateModified":"2025-11-10T21:53:24+00:00","mainEntityOfPage":{"@id":"https:\/\/nitu.mx\/index.php\/2025\/11\/10\/nayarit-es-designado-miembro-de-la-junta-directiva-mundial-de-onu-turismo\/"},"wordCount":706,"publisher":{"@id":"https:\/\/nitu.mx\/#\/schema\/person\/ae7a53426417292d3dd07b45a33e01bc"},"image":{"@id":"https:\/\/nitu.mx\/index.php\/2025\/11\/10\/nayarit-es-designado-miembro-de-la-junta-directiva-mundial-de-onu-turismo\/#primaryimage"},"thumbnailUrl":"https:\/\/nitu.mx\/wp-content\/uploads\/2025\/11\/NAYARIT-ONU-TURISMO.jpg","keywords":["Juan Enrique Su\u00e1rez","Junta Directiva","Nayarit","ONU Turismo"],"articleSection":["Destinos"],"inLanguage":"es-MX"},{"@type":"WebPage","@id":"https:\/\/nitu.mx\/index.php\/2025\/11\/10\/nayarit-es-designado-miembro-de-la-junta-directiva-mundial-de-onu-turismo\/","url":"https:\/\/nitu.mx\/index.php\/2025\/11\/10\/nayarit-es-designado-miembro-de-la-junta-directiva-mundial-de-onu-turismo\/","name":"Nayarit es designado miembro de la Junta Directiva Mundial de ONU Turismo - Nitu - Noticias de la Industria Turistica","isPartOf":{"@id":"https:\/\/nitu.mx\/#website"},"primaryImageOfPage":{"@id":"https:\/\/nitu.mx\/index.php\/2025\/11\/10\/nayarit-es-designado-miembro-de-la-junta-directiva-mundial-de-onu-turismo\/#primaryimage"},"image":{"@id":"https:\/\/nitu.mx\/index.php\/2025\/11\/10\/nayarit-es-designado-miembro-de-la-junta-directiva-mundial-de-onu-turismo\/#primaryimage"},"thumbnailUrl":"https:\/\/nitu.mx\/wp-content\/uploads\/2025\/11\/NAYARIT-ONU-TURISMO.jpg","datePublished":"2025-11-10T21:53:23+00:00","dateModified":"2025-11-10T21:53:24+00:00","breadcrumb":{"@id":"https:\/\/nitu.mx\/index.php\/2025\/11\/10\/nayarit-es-designado-miembro-de-la-junta-directiva-mundial-de-onu-turismo\/#breadcrumb"},"inLanguage":"es-MX","potentialAction":[{"@type":"ReadAction","target":["https:\/\/nitu.mx\/index.php\/2025\/11\/10\/nayarit-es-designado-miembro-de-la-junta-directiva-mundial-de-onu-turismo\/"]}]},{"@type":"ImageObject","inLanguage":"es-MX","@id":"https:\/\/nitu.mx\/index.php\/2025\/11\/10\/nayarit-es-designado-miembro-de-la-junta-directiva-mundial-de-onu-turismo\/#primaryimage","url":"https:\/\/nitu.mx\/wp-content\/uploads\/2025\/11\/NAYARIT-ONU-TURISMO.jpg","contentUrl":"https:\/\/nitu.mx\/wp-content\/uploads\/2025\/11\/NAYARIT-ONU-TURISMO.jpg","width":1200,"height":675,"caption":"NAYARIT ONU TURISMO"},{"@type":"BreadcrumbList","@id":"https:\/\/nitu.mx\/index.php\/2025\/11\/10\/nayarit-es-designado-miembro-de-la-junta-directiva-mundial-de-onu-turismo\/#breadcrumb","itemListElement":[{"@type":"ListItem","position":1,"name":"Inicio","item":"https:\/\/nitu.mx\/"},{"@type":"ListItem","position":2,"name":"Nayarit es designado miembro de la Junta Directiva Mundial de ONU Turismo"}]},{"@type":"WebSite","@id":"https:\/\/nitu.mx\/#website","url":"https:\/\/nitu.mx\/","name":"Nitu - Noticias de la Industria Turistica","description":"Noticias de la Industria Turistica","publisher":{"@id":"https:\/\/nitu.mx\/#\/schema\/person\/ae7a53426417292d3dd07b45a33e01bc"},"alternateName":"Noticias de la Industria Turistica","potentialAction":[{"@type":"SearchAction","target":{"@type":"EntryPoint","urlTemplate":"https:\/\/nitu.mx\/?s={search_term_string}"},"query-input":"required name=search_term_string"}],"inLanguage":"es-MX"},{"@type":["Person","Organization"],"@id":"https:\/\/nitu.mx\/#\/schema\/person\/ae7a53426417292d3dd07b45a33e01bc","name":"Arturo Medina","image":{"@type":"ImageObject","inLanguage":"es-MX","@id":"https:\/\/nitu.mx\/#\/schema\/person\/image\/","url":"https:\/\/nitu.mx\/wp-content\/uploads\/2024\/04\/4A315622-1904-4D5C-B022-878CDC840E04-90x90-1.jpeg","contentUrl":"https:\/\/nitu.mx\/wp-content\/uploads\/2024\/04\/4A315622-1904-4D5C-B022-878CDC840E04-90x90-1.jpeg","width":90,"height":90,"caption":"Arturo Medina"},"logo":{"@id":"https:\/\/nitu.mx\/#\/schema\/person\/image\/"},"description":"Director NITU.mx, Egresado de la Escuela de Periodismo Carlos Septi\u00e9n Garc\u00eda. Periodista y analista especializado en turismo desde hace 35 a\u00f1os, radicado en Canc\u00fan Q.Roo. arturo@nitu.mx","sameAs":["https:\/\/nitu.mx","https:\/\/www.facebook.com\/NITUmx\/","medinacancun","https:\/\/twitter.com\/@Arturo_Medina_G"]},{"@type":"Person","@id":"https:\/\/nitu.mx\/#\/schema\/person\/4a28fe9bd65924f7c90623773daf1b0b","name":"Redacci\u00f3n","image":{"@type":"ImageObject","inLanguage":"es-MX","@id":"https:\/\/nitu.mx\/#\/schema\/person\/image\/","url":"https:\/\/secure.gravatar.com\/avatar\/5dd011c8ccfc5cd7e4c81e42252aab38?s=96&d=mm&r=g","contentUrl":"https:\/\/secure.gravatar.com\/avatar\/5dd011c8ccfc5cd7e4c81e42252aab38?s=96&d=mm&r=g","caption":"Redacci\u00f3n"},"url":"https:\/\/nitu.mx\/index.php\/author\/redaccion\/"}]}},"views":570,"_links":{"self":[{"href":"https:\/\/nitu.mx\/index.php\/wp-json\/wp\/v2\/posts\/84441"}],"collection":[{"href":"https:\/\/nitu.mx\/index.php\/wp-json\/wp\/v2\/posts"}],"about":[{"href":"https:\/\/nitu.mx\/index.php\/wp-json\/wp\/v2\/types\/post"}],"author":[{"embeddable":true,"href":"https:\/\/nitu.mx\/index.php\/wp-json\/wp\/v2\/users\/17"}],"replies":[{"embeddable":true,"href":"https:\/\/nitu.mx\/index.php\/wp-json\/wp\/v2\/comments?post=84441"}],"version-history":[{"count":1,"href":"https:\/\/nitu.mx\/index.php\/wp-json\/wp\/v2\/posts\/84441\/revisions"}],"predecessor-version":[{"id":84444,"href":"https:\/\/nitu.mx\/index.php\/wp-json\/wp\/v2\/posts\/84441\/revisions\/84444"}],"wp:featuredmedia":[{"embeddable":true,"href":"https:\/\/nitu.mx\/index.php\/wp-json\/wp\/v2\/media\/84443"}],"wp:attachment":[{"href":"https:\/\/nitu.mx\/index.php\/wp-json\/wp\/v2\/media?parent=84441"}],"wp:term":[{"taxonomy":"category","embeddable":true,"href":"https:\/\/nitu.mx\/index.php\/wp-json\/wp\/v2\/categories?post=84441"},{"taxonomy":"post_tag","embeddable":true,"href":"https:\/\/nitu.mx\/index.php\/wp-json\/wp\/v2\/tags?post=84441"}],"curies":[{"name":"wp","href":"https:\/\/api.w.org\/{rel}","templated":true}]}}