{"id":84438,"date":"2025-11-10T10:27:14","date_gmt":"2025-11-10T16:27:14","guid":{"rendered":"https:\/\/nitu.mx\/?p=84438"},"modified":"2025-11-10T10:27:15","modified_gmt":"2025-11-10T16:27:15","slug":"aeromexico-se-expande-en-europa-con-nuevas-rutas-a-barcelona-y-paris-para-2026","status":"publish","type":"post","link":"https:\/\/nitu.mx\/index.php\/2025\/11\/10\/aeromexico-se-expande-en-europa-con-nuevas-rutas-a-barcelona-y-paris-para-2026\/","title":{"rendered":"Aerom\u00e9xico se expande en Europa con nuevas rutas a Barcelona y Par\u00eds para 2026"},"content":{"rendered":"\n<p>Aerom\u00e9xico anunci\u00f3 el lanzamiento de dos nuevas rutas que conectar\u00e1n M\u00e9xico con Europa: Ciudad de M\u00e9xico \u2013 Barcelona y Monterrey \u2013 Par\u00eds Charles de Gaulle, a partir de la primavera de 2026.<\/p>\n\n\n\n<p>Estas nuevas operaciones refuerzan el liderazgo de Aerom\u00e9xico en conectividad transatl\u00e1ntica, y ampl\u00edan las oportunidades de viaje tanto para el segmento de negocios como para el turismo.<\/p>\n\n\n\n<p><strong>Ciudad de M\u00e9xico \u2013 Barcelona: fortaleciendo la conectividad entre M\u00e9xico y Espa\u00f1a<\/strong><\/p>\n\n\n\n<p>A partir del 28 de marzo de 2026, Aerom\u00e9xico operar\u00e1 seis vuelos semanales entre Ciudad de M\u00e9xico (MEX) y Barcelona (BCN), utilizando equipos Boeing 787 Dreamliner, que cuentan con asientos tipo cama&nbsp;<em>full-flat-bed<\/em>&nbsp;en la cabina Premier One, dise\u00f1ados para brindar mayor comodidad en vuelos de largo alcance.<\/p>\n\n\n\n<p>Este nuevo servicio reafirma el compromiso de Aerom\u00e9xico con el mercado espa\u00f1ol.<br>Sumado a las rutas existentes hacia Madrid desde Ciudad de M\u00e9xico, Guadalajara y Monterrey, la aerol\u00ednea ofrecer\u00e1 hasta 40 vuelos semanales hacia Espa\u00f1a durante el verano de 2026.<\/p>\n\n\n\n<p>En otras ciudades europeas, Aerom\u00e9xico continuar\u00e1 operando vuelos diarios desde Ciudad de M\u00e9xico hacia \u00c1msterdam, Londres, Par\u00eds y Roma, brindando a los pasajeros opciones de viaje fluidas y conexiones convenientes.<\/p>\n\n\n\n<p><strong>Monterrey \u2013 Par\u00eds: impulsando la proyecci\u00f3n internacional del norte de M\u00e9xico<\/strong><\/p>\n\n\n\n<p>A partir del 13 de abril de 2026, Aerom\u00e9xico iniciar\u00e1 tres vuelos semanales entre Monterrey (MTY) y Par\u00eds Charles de Gaulle (CDG), tambi\u00e9n operados con Boeing 787 Dreamliner.<\/p>\n\n\n\n<p>Con esta nueva ruta, Aerom\u00e9xico se consolida como la principal aerol\u00ednea de largo alcance en Monterrey, fortaleciendo su oferta actual hacia Madrid, Se\u00fal y Tokio. El nuevo vuelo a Par\u00eds facilitar\u00e1 el acceso del norte de M\u00e9xico a Europa, gracias a las conexiones con los socios de SkyTeam en el aeropuerto Charles de Gaulle.<\/p>\n\n\n\n<p><strong>Un paso m\u00e1s en la expansi\u00f3n global<\/strong><\/p>\n\n\n\n<p>Con estas incorporaciones, Aerom\u00e9xico incrementar\u00e1 su capacidad de asientos hacia Europa en 11% respecto al a\u00f1o anterior, alcanzando la mayor oferta de su historia en dicho continente. La ruta Ciudad de M\u00e9xico\u2013Barcelona ofrecer\u00e1 m\u00e1s de 3,000 asientos semanales, mientras que Monterrey\u2013Par\u00eds sumar\u00e1 m\u00e1s de 1,500 asientos por semana.<\/p>\n\n\n\n<p>Giancarlo Mulinelli, vicepresidente senior de Ventas Globales de Aerom\u00e9xico, coment\u00f3:\u00a0\u201cNos entusiasma ampliar nuevamente nuestros servicios transatl\u00e1nticos el pr\u00f3ximo a\u00f1o, reactivando la conexi\u00f3n entre Ciudad de M\u00e9xico y Barcelona, y acercando Monterrey a Europa a trav\u00e9s de Par\u00eds. Estas rutas forman parte de nuestra estrategia para atender la creciente demanda entre M\u00e9xico y Europa\u201d. (<a href=\"https:\/\/nitu.mx\/index.php\/2025\/11\/05\/grupo-aeromexico-inicia-hoy-su-cotizacion-en-la-bolsa-mexicana-de-valores-y-en-nueva-york\/\">Grupo Aerom\u00e9xico inicia hoy su cotizaci\u00f3n en la Bolsa Mexicana de Valores y en Nueva York<\/a>).<\/p>\n\n\n\n<p>Los boletos para ambas rutas ya est\u00e1n disponibles a trav\u00e9s de los canales oficiales de la aerol\u00ednea.<\/p>\n\n\n\n<p>Itinerarios:<\/p>\n\n\n\n<figure class=\"wp-block-table\"><table><tbody><tr><td><strong><a>RUTA<\/a><\/strong><\/td><td><strong>D\u00cdAS<\/strong><\/td><td><strong>SALIDA<\/strong><\/td><td><strong>LLEGADA<\/strong><\/td><\/tr><tr><td>Ciudad de M\u00e9xico \u2013 Barcelona<\/td><td>Lunes, mi\u00e9rcoles, jueves, viernes, s\u00e1bado y domingo<\/td><td>17:20<\/td><td>12:30 +1*<\/td><\/tr><tr><td>Barcelona \u2013 Ciudad de M\u00e9xico<\/td><td>Lunes, martes, jueves, viernes, s\u00e1bado y domingo<\/td><td>14:45<\/td><td>19:20<\/td><\/tr><\/tbody><\/table><\/figure>\n\n\n\n<p><em>*Llegada al d\u00eda siguiente. La ruta estar\u00e1 operativa hasta el 24 de octubre de 2026.<\/em><\/p>\n\n\n\n<figure class=\"wp-block-table\"><table><tbody><tr><td><strong><a>RUTA<\/a><\/strong><\/td><td><strong>D\u00cdAS<\/strong><\/td><td><strong>SALIDA<\/strong><\/td><td><strong>LLEGADA<\/strong><\/td><\/tr><tr><td>Monterrey \u2013<br>Par\u00eds CDG<\/td><td>Lunes, jueves y s\u00e1bado<\/td><td>15:15<\/td><td>09:45 +1*<\/td><\/tr><tr><td>Par\u00eds CDG \u2013 Monterrey<\/td><td>Martes, viernes y domingo<\/td><td>12:00<\/td><td>15:30<\/td><\/tr><\/tbody><\/table><\/figure>\n\n\n\n<p><em>*Llegada al d\u00eda siguiente. La ruta estar\u00e1 operativa hasta el 23 de octubre de 2026.<\/em><\/p>\n","protected":false},"excerpt":{"rendered":"<p>Aerom\u00e9xico anunci\u00f3 el lanzamiento de dos nuevas rutas que conectar\u00e1n M\u00e9xico con Europa: Ciudad de M\u00e9xico \u2013 Barcelona y Monterrey \u2013 Par\u00eds Charles de Gaulle, a partir de la primavera de 2026. Estas nuevas operaciones refuerzan el liderazgo de Aerom\u00e9xico en conectividad transatl\u00e1ntica, y ampl\u00edan las oportunidades de viaje tanto para el segmento de negocios [&hellip;]<\/p>\n","protected":false},"author":17,"featured_media":54076,"comment_status":"closed","ping_status":"closed","sticky":false,"template":"","format":"standard","meta":{"footnotes":""},"categories":[29],"tags":[30,3113,3953,4049,1087],"yoast_head":"<!-- This site is optimized with the Yoast SEO plugin v22.2 - https:\/\/yoast.com\/wordpress\/plugins\/seo\/ -->\n<title>Aerom\u00e9xico se expande en Europa con nuevas rutas a Barcelona y Par\u00eds para 2026 - Nitu - Noticias de la Industria Turistica<\/title>\n<meta name=\"robots\" content=\"index, follow, max-snippet:-1, max-image-preview:large, max-video-preview:-1\" \/>\n<link rel=\"canonical\" href=\"https:\/\/nitu.mx\/index.php\/2025\/11\/10\/aeromexico-se-expande-en-europa-con-nuevas-rutas-a-barcelona-y-paris-para-2026\/\" \/>\n<meta name=\"twitter:card\" content=\"summary_large_image\" \/>\n<meta name=\"twitter:title\" content=\"Aerom\u00e9xico se expande en Europa con nuevas rutas a Barcelona y Par\u00eds para 2026 - Nitu - Noticias de la Industria Turistica\" \/>\n<meta name=\"twitter:description\" content=\"Aerom\u00e9xico anunci\u00f3 el lanzamiento de dos nuevas rutas que conectar\u00e1n M\u00e9xico con Europa: Ciudad de M\u00e9xico \u2013 Barcelona y Monterrey \u2013 Par\u00eds Charles de Gaulle, a partir de la primavera de 2026. Estas nuevas operaciones refuerzan el liderazgo de Aerom\u00e9xico en conectividad transatl\u00e1ntica, y ampl\u00edan las oportunidades de viaje tanto para el segmento de negocios [&hellip;]\" \/>\n<meta name=\"twitter:image\" content=\"https:\/\/nitu.mx\/wp-content\/uploads\/2021\/07\/Aeromexico-737-MAX.jpg\" \/>\n<meta name=\"twitter:creator\" content=\"@NITUmx\" \/>\n<meta name=\"twitter:site\" content=\"@Arturo_Medina_G\" \/>\n<meta name=\"twitter:label1\" content=\"Escrito por\" \/>\n\t<meta name=\"twitter:data1\" content=\"Redacci\u00f3n\" \/>\n\t<meta name=\"twitter:label2\" content=\"Tiempo de lectura\" \/>\n\t<meta name=\"twitter:data2\" content=\"3 minutos\" \/>\n<script type=\"application\/ld+json\" class=\"yoast-schema-graph\">{\"@context\":\"https:\/\/schema.org\",\"@graph\":[{\"@type\":\"Article\",\"@id\":\"https:\/\/nitu.mx\/index.php\/2025\/11\/10\/aeromexico-se-expande-en-europa-con-nuevas-rutas-a-barcelona-y-paris-para-2026\/#article\",\"isPartOf\":{\"@id\":\"https:\/\/nitu.mx\/index.php\/2025\/11\/10\/aeromexico-se-expande-en-europa-con-nuevas-rutas-a-barcelona-y-paris-para-2026\/\"},\"author\":{\"name\":\"Redacci\u00f3n\",\"@id\":\"https:\/\/nitu.mx\/#\/schema\/person\/4a28fe9bd65924f7c90623773daf1b0b\"},\"headline\":\"Aerom\u00e9xico se expande en Europa con nuevas rutas a Barcelona y Par\u00eds para 2026\",\"datePublished\":\"2025-11-10T16:27:14+00:00\",\"dateModified\":\"2025-11-10T16:27:15+00:00\",\"mainEntityOfPage\":{\"@id\":\"https:\/\/nitu.mx\/index.php\/2025\/11\/10\/aeromexico-se-expande-en-europa-con-nuevas-rutas-a-barcelona-y-paris-para-2026\/\"},\"wordCount\":565,\"publisher\":{\"@id\":\"https:\/\/nitu.mx\/#\/schema\/person\/ae7a53426417292d3dd07b45a33e01bc\"},\"image\":{\"@id\":\"https:\/\/nitu.mx\/index.php\/2025\/11\/10\/aeromexico-se-expande-en-europa-con-nuevas-rutas-a-barcelona-y-paris-para-2026\/#primaryimage\"},\"thumbnailUrl\":\"https:\/\/nitu.mx\/wp-content\/uploads\/2021\/07\/Aeromexico-737-MAX.jpg\",\"keywords\":[\"Aerom\u00e9xico\",\"Barcelona\",\"conectividad\",\"Giancarlo Mulinelli\",\"Par\u00eds\"],\"articleSection\":[\"Aerol\u00edneas\"],\"inLanguage\":\"es-MX\"},{\"@type\":\"WebPage\",\"@id\":\"https:\/\/nitu.mx\/index.php\/2025\/11\/10\/aeromexico-se-expande-en-europa-con-nuevas-rutas-a-barcelona-y-paris-para-2026\/\",\"url\":\"https:\/\/nitu.mx\/index.php\/2025\/11\/10\/aeromexico-se-expande-en-europa-con-nuevas-rutas-a-barcelona-y-paris-para-2026\/\",\"name\":\"Aerom\u00e9xico se expande en Europa con nuevas rutas a Barcelona y Par\u00eds para 2026 - Nitu - Noticias de la Industria Turistica\",\"isPartOf\":{\"@id\":\"https:\/\/nitu.mx\/#website\"},\"primaryImageOfPage\":{\"@id\":\"https:\/\/nitu.mx\/index.php\/2025\/11\/10\/aeromexico-se-expande-en-europa-con-nuevas-rutas-a-barcelona-y-paris-para-2026\/#primaryimage\"},\"image\":{\"@id\":\"https:\/\/nitu.mx\/index.php\/2025\/11\/10\/aeromexico-se-expande-en-europa-con-nuevas-rutas-a-barcelona-y-paris-para-2026\/#primaryimage\"},\"thumbnailUrl\":\"https:\/\/nitu.mx\/wp-content\/uploads\/2021\/07\/Aeromexico-737-MAX.jpg\",\"datePublished\":\"2025-11-10T16:27:14+00:00\",\"dateModified\":\"2025-11-10T16:27:15+00:00\",\"breadcrumb\":{\"@id\":\"https:\/\/nitu.mx\/index.php\/2025\/11\/10\/aeromexico-se-expande-en-europa-con-nuevas-rutas-a-barcelona-y-paris-para-2026\/#breadcrumb\"},\"inLanguage\":\"es-MX\",\"potentialAction\":[{\"@type\":\"ReadAction\",\"target\":[\"https:\/\/nitu.mx\/index.php\/2025\/11\/10\/aeromexico-se-expande-en-europa-con-nuevas-rutas-a-barcelona-y-paris-para-2026\/\"]}]},{\"@type\":\"ImageObject\",\"inLanguage\":\"es-MX\",\"@id\":\"https:\/\/nitu.mx\/index.php\/2025\/11\/10\/aeromexico-se-expande-en-europa-con-nuevas-rutas-a-barcelona-y-paris-para-2026\/#primaryimage\",\"url\":\"https:\/\/nitu.mx\/wp-content\/uploads\/2021\/07\/Aeromexico-737-MAX.jpg\",\"contentUrl\":\"https:\/\/nitu.mx\/wp-content\/uploads\/2021\/07\/Aeromexico-737-MAX.jpg\",\"width\":1200,\"height\":675,\"caption\":\"Aerom\u00e9xico\"},{\"@type\":\"BreadcrumbList\",\"@id\":\"https:\/\/nitu.mx\/index.php\/2025\/11\/10\/aeromexico-se-expande-en-europa-con-nuevas-rutas-a-barcelona-y-paris-para-2026\/#breadcrumb\",\"itemListElement\":[{\"@type\":\"ListItem\",\"position\":1,\"name\":\"Inicio\",\"item\":\"https:\/\/nitu.mx\/\"},{\"@type\":\"ListItem\",\"position\":2,\"name\":\"Aerom\u00e9xico se expande en Europa con nuevas rutas a Barcelona y Par\u00eds para 2026\"}]},{\"@type\":\"WebSite\",\"@id\":\"https:\/\/nitu.mx\/#website\",\"url\":\"https:\/\/nitu.mx\/\",\"name\":\"Nitu - Noticias de la Industria Turistica\",\"description\":\"Noticias de la Industria Turistica\",\"publisher\":{\"@id\":\"https:\/\/nitu.mx\/#\/schema\/person\/ae7a53426417292d3dd07b45a33e01bc\"},\"alternateName\":\"Noticias de la Industria Turistica\",\"potentialAction\":[{\"@type\":\"SearchAction\",\"target\":{\"@type\":\"EntryPoint\",\"urlTemplate\":\"https:\/\/nitu.mx\/?s={search_term_string}\"},\"query-input\":\"required name=search_term_string\"}],\"inLanguage\":\"es-MX\"},{\"@type\":[\"Person\",\"Organization\"],\"@id\":\"https:\/\/nitu.mx\/#\/schema\/person\/ae7a53426417292d3dd07b45a33e01bc\",\"name\":\"Arturo Medina\",\"image\":{\"@type\":\"ImageObject\",\"inLanguage\":\"es-MX\",\"@id\":\"https:\/\/nitu.mx\/#\/schema\/person\/image\/\",\"url\":\"https:\/\/nitu.mx\/wp-content\/uploads\/2024\/04\/4A315622-1904-4D5C-B022-878CDC840E04-90x90-1.jpeg\",\"contentUrl\":\"https:\/\/nitu.mx\/wp-content\/uploads\/2024\/04\/4A315622-1904-4D5C-B022-878CDC840E04-90x90-1.jpeg\",\"width\":90,\"height\":90,\"caption\":\"Arturo Medina\"},\"logo\":{\"@id\":\"https:\/\/nitu.mx\/#\/schema\/person\/image\/\"},\"description\":\"Director NITU.mx, Egresado de la Escuela de Periodismo Carlos Septi\u00e9n Garc\u00eda. Periodista y analista especializado en turismo desde hace 35 a\u00f1os, radicado en Canc\u00fan Q.Roo. arturo@nitu.mx\",\"sameAs\":[\"https:\/\/nitu.mx\",\"https:\/\/www.facebook.com\/NITUmx\/\",\"medinacancun\",\"https:\/\/twitter.com\/@Arturo_Medina_G\"]},{\"@type\":\"Person\",\"@id\":\"https:\/\/nitu.mx\/#\/schema\/person\/4a28fe9bd65924f7c90623773daf1b0b\",\"name\":\"Redacci\u00f3n\",\"image\":{\"@type\":\"ImageObject\",\"inLanguage\":\"es-MX\",\"@id\":\"https:\/\/nitu.mx\/#\/schema\/person\/image\/\",\"url\":\"https:\/\/secure.gravatar.com\/avatar\/5dd011c8ccfc5cd7e4c81e42252aab38?s=96&d=mm&r=g\",\"contentUrl\":\"https:\/\/secure.gravatar.com\/avatar\/5dd011c8ccfc5cd7e4c81e42252aab38?s=96&d=mm&r=g\",\"caption\":\"Redacci\u00f3n\"},\"url\":\"https:\/\/nitu.mx\/index.php\/author\/redaccion\/\"}]}<\/script>\n<!-- \/ Yoast SEO plugin. -->","yoast_head_json":{"title":"Aerom\u00e9xico se expande en Europa con nuevas rutas a Barcelona y Par\u00eds para 2026 - Nitu - Noticias de la Industria Turistica","robots":{"index":"index","follow":"follow","max-snippet":"max-snippet:-1","max-image-preview":"max-image-preview:large","max-video-preview":"max-video-preview:-1"},"canonical":"https:\/\/nitu.mx\/index.php\/2025\/11\/10\/aeromexico-se-expande-en-europa-con-nuevas-rutas-a-barcelona-y-paris-para-2026\/","twitter_card":"summary_large_image","twitter_title":"Aerom\u00e9xico se expande en Europa con nuevas rutas a Barcelona y Par\u00eds para 2026 - Nitu - Noticias de la Industria Turistica","twitter_description":"Aerom\u00e9xico anunci\u00f3 el lanzamiento de dos nuevas rutas que conectar\u00e1n M\u00e9xico con Europa: Ciudad de M\u00e9xico \u2013 Barcelona y Monterrey \u2013 Par\u00eds Charles de Gaulle, a partir de la primavera de 2026. Estas nuevas operaciones refuerzan el liderazgo de Aerom\u00e9xico en conectividad transatl\u00e1ntica, y ampl\u00edan las oportunidades de viaje tanto para el segmento de negocios [&hellip;]","twitter_image":"https:\/\/nitu.mx\/wp-content\/uploads\/2021\/07\/Aeromexico-737-MAX.jpg","twitter_creator":"@NITUmx","twitter_site":"@Arturo_Medina_G","twitter_misc":{"Escrito por":"Redacci\u00f3n","Tiempo de lectura":"3 minutos"},"schema":{"@context":"https:\/\/schema.org","@graph":[{"@type":"Article","@id":"https:\/\/nitu.mx\/index.php\/2025\/11\/10\/aeromexico-se-expande-en-europa-con-nuevas-rutas-a-barcelona-y-paris-para-2026\/#article","isPartOf":{"@id":"https:\/\/nitu.mx\/index.php\/2025\/11\/10\/aeromexico-se-expande-en-europa-con-nuevas-rutas-a-barcelona-y-paris-para-2026\/"},"author":{"name":"Redacci\u00f3n","@id":"https:\/\/nitu.mx\/#\/schema\/person\/4a28fe9bd65924f7c90623773daf1b0b"},"headline":"Aerom\u00e9xico se expande en Europa con nuevas rutas a Barcelona y Par\u00eds para 2026","datePublished":"2025-11-10T16:27:14+00:00","dateModified":"2025-11-10T16:27:15+00:00","mainEntityOfPage":{"@id":"https:\/\/nitu.mx\/index.php\/2025\/11\/10\/aeromexico-se-expande-en-europa-con-nuevas-rutas-a-barcelona-y-paris-para-2026\/"},"wordCount":565,"publisher":{"@id":"https:\/\/nitu.mx\/#\/schema\/person\/ae7a53426417292d3dd07b45a33e01bc"},"image":{"@id":"https:\/\/nitu.mx\/index.php\/2025\/11\/10\/aeromexico-se-expande-en-europa-con-nuevas-rutas-a-barcelona-y-paris-para-2026\/#primaryimage"},"thumbnailUrl":"https:\/\/nitu.mx\/wp-content\/uploads\/2021\/07\/Aeromexico-737-MAX.jpg","keywords":["Aerom\u00e9xico","Barcelona","conectividad","Giancarlo Mulinelli","Par\u00eds"],"articleSection":["Aerol\u00edneas"],"inLanguage":"es-MX"},{"@type":"WebPage","@id":"https:\/\/nitu.mx\/index.php\/2025\/11\/10\/aeromexico-se-expande-en-europa-con-nuevas-rutas-a-barcelona-y-paris-para-2026\/","url":"https:\/\/nitu.mx\/index.php\/2025\/11\/10\/aeromexico-se-expande-en-europa-con-nuevas-rutas-a-barcelona-y-paris-para-2026\/","name":"Aerom\u00e9xico se expande en Europa con nuevas rutas a Barcelona y Par\u00eds para 2026 - Nitu - Noticias de la Industria Turistica","isPartOf":{"@id":"https:\/\/nitu.mx\/#website"},"primaryImageOfPage":{"@id":"https:\/\/nitu.mx\/index.php\/2025\/11\/10\/aeromexico-se-expande-en-europa-con-nuevas-rutas-a-barcelona-y-paris-para-2026\/#primaryimage"},"image":{"@id":"https:\/\/nitu.mx\/index.php\/2025\/11\/10\/aeromexico-se-expande-en-europa-con-nuevas-rutas-a-barcelona-y-paris-para-2026\/#primaryimage"},"thumbnailUrl":"https:\/\/nitu.mx\/wp-content\/uploads\/2021\/07\/Aeromexico-737-MAX.jpg","datePublished":"2025-11-10T16:27:14+00:00","dateModified":"2025-11-10T16:27:15+00:00","breadcrumb":{"@id":"https:\/\/nitu.mx\/index.php\/2025\/11\/10\/aeromexico-se-expande-en-europa-con-nuevas-rutas-a-barcelona-y-paris-para-2026\/#breadcrumb"},"inLanguage":"es-MX","potentialAction":[{"@type":"ReadAction","target":["https:\/\/nitu.mx\/index.php\/2025\/11\/10\/aeromexico-se-expande-en-europa-con-nuevas-rutas-a-barcelona-y-paris-para-2026\/"]}]},{"@type":"ImageObject","inLanguage":"es-MX","@id":"https:\/\/nitu.mx\/index.php\/2025\/11\/10\/aeromexico-se-expande-en-europa-con-nuevas-rutas-a-barcelona-y-paris-para-2026\/#primaryimage","url":"https:\/\/nitu.mx\/wp-content\/uploads\/2021\/07\/Aeromexico-737-MAX.jpg","contentUrl":"https:\/\/nitu.mx\/wp-content\/uploads\/2021\/07\/Aeromexico-737-MAX.jpg","width":1200,"height":675,"caption":"Aerom\u00e9xico"},{"@type":"BreadcrumbList","@id":"https:\/\/nitu.mx\/index.php\/2025\/11\/10\/aeromexico-se-expande-en-europa-con-nuevas-rutas-a-barcelona-y-paris-para-2026\/#breadcrumb","itemListElement":[{"@type":"ListItem","position":1,"name":"Inicio","item":"https:\/\/nitu.mx\/"},{"@type":"ListItem","position":2,"name":"Aerom\u00e9xico se expande en Europa con nuevas rutas a Barcelona y Par\u00eds para 2026"}]},{"@type":"WebSite","@id":"https:\/\/nitu.mx\/#website","url":"https:\/\/nitu.mx\/","name":"Nitu - Noticias de la Industria Turistica","description":"Noticias de la Industria Turistica","publisher":{"@id":"https:\/\/nitu.mx\/#\/schema\/person\/ae7a53426417292d3dd07b45a33e01bc"},"alternateName":"Noticias de la Industria Turistica","potentialAction":[{"@type":"SearchAction","target":{"@type":"EntryPoint","urlTemplate":"https:\/\/nitu.mx\/?s={search_term_string}"},"query-input":"required name=search_term_string"}],"inLanguage":"es-MX"},{"@type":["Person","Organization"],"@id":"https:\/\/nitu.mx\/#\/schema\/person\/ae7a53426417292d3dd07b45a33e01bc","name":"Arturo Medina","image":{"@type":"ImageObject","inLanguage":"es-MX","@id":"https:\/\/nitu.mx\/#\/schema\/person\/image\/","url":"https:\/\/nitu.mx\/wp-content\/uploads\/2024\/04\/4A315622-1904-4D5C-B022-878CDC840E04-90x90-1.jpeg","contentUrl":"https:\/\/nitu.mx\/wp-content\/uploads\/2024\/04\/4A315622-1904-4D5C-B022-878CDC840E04-90x90-1.jpeg","width":90,"height":90,"caption":"Arturo Medina"},"logo":{"@id":"https:\/\/nitu.mx\/#\/schema\/person\/image\/"},"description":"Director NITU.mx, Egresado de la Escuela de Periodismo Carlos Septi\u00e9n Garc\u00eda. Periodista y analista especializado en turismo desde hace 35 a\u00f1os, radicado en Canc\u00fan Q.Roo. arturo@nitu.mx","sameAs":["https:\/\/nitu.mx","https:\/\/www.facebook.com\/NITUmx\/","medinacancun","https:\/\/twitter.com\/@Arturo_Medina_G"]},{"@type":"Person","@id":"https:\/\/nitu.mx\/#\/schema\/person\/4a28fe9bd65924f7c90623773daf1b0b","name":"Redacci\u00f3n","image":{"@type":"ImageObject","inLanguage":"es-MX","@id":"https:\/\/nitu.mx\/#\/schema\/person\/image\/","url":"https:\/\/secure.gravatar.com\/avatar\/5dd011c8ccfc5cd7e4c81e42252aab38?s=96&d=mm&r=g","contentUrl":"https:\/\/secure.gravatar.com\/avatar\/5dd011c8ccfc5cd7e4c81e42252aab38?s=96&d=mm&r=g","caption":"Redacci\u00f3n"},"url":"https:\/\/nitu.mx\/index.php\/author\/redaccion\/"}]}},"views":542,"_links":{"self":[{"href":"https:\/\/nitu.mx\/index.php\/wp-json\/wp\/v2\/posts\/84438"}],"collection":[{"href":"https:\/\/nitu.mx\/index.php\/wp-json\/wp\/v2\/posts"}],"about":[{"href":"https:\/\/nitu.mx\/index.php\/wp-json\/wp\/v2\/types\/post"}],"author":[{"embeddable":true,"href":"https:\/\/nitu.mx\/index.php\/wp-json\/wp\/v2\/users\/17"}],"replies":[{"embeddable":true,"href":"https:\/\/nitu.mx\/index.php\/wp-json\/wp\/v2\/comments?post=84438"}],"version-history":[{"count":1,"href":"https:\/\/nitu.mx\/index.php\/wp-json\/wp\/v2\/posts\/84438\/revisions"}],"predecessor-version":[{"id":84440,"href":"https:\/\/nitu.mx\/index.php\/wp-json\/wp\/v2\/posts\/84438\/revisions\/84440"}],"wp:featuredmedia":[{"embeddable":true,"href":"https:\/\/nitu.mx\/index.php\/wp-json\/wp\/v2\/media\/54076"}],"wp:attachment":[{"href":"https:\/\/nitu.mx\/index.php\/wp-json\/wp\/v2\/media?parent=84438"}],"wp:term":[{"taxonomy":"category","embeddable":true,"href":"https:\/\/nitu.mx\/index.php\/wp-json\/wp\/v2\/categories?post=84438"},{"taxonomy":"post_tag","embeddable":true,"href":"https:\/\/nitu.mx\/index.php\/wp-json\/wp\/v2\/tags?post=84438"}],"curies":[{"name":"wp","href":"https:\/\/api.w.org\/{rel}","templated":true}]}}