{"id":84409,"date":"2025-11-09T21:19:25","date_gmt":"2025-11-10T03:19:25","guid":{"rendered":"https:\/\/nitu.mx\/?p=84409"},"modified":"2025-11-09T21:20:52","modified_gmt":"2025-11-10T03:20:52","slug":"gastronomia-de-mexico-celebra-15-anos-como-patrimonio-de-la-humanidad-en-foro-mundial-en-morelos","status":"publish","type":"post","link":"https:\/\/nitu.mx\/index.php\/2025\/11\/09\/gastronomia-de-mexico-celebra-15-anos-como-patrimonio-de-la-humanidad-en-foro-mundial-en-morelos\/","title":{"rendered":"Gastronom\u00eda de M\u00e9xico celebra 15 a\u00f1os como Patrimonio de la Humanidad en Foro Mundial en Morelos"},"content":{"rendered":"\n<p>La secretaria de Turismo federal, Josefina Rodr\u00edguez Zamora, y la gobernadora de Morelos, Margarita Gonz\u00e1lez Saravia, encabezaron la inauguraci\u00f3n del X Foro Mundial de la Gastronom\u00eda Mexicana, en Cuernavaca, evento que celebra los 15 a\u00f1os del reconocimiento de la cocina tradicional mexicana como Patrimonio Cultural Inmaterial de la Humanidad por la UNESCO.<\/p>\n\n\n\n<p>Del 7 al 9 de noviembre, el X Foro Mundial de la Gastronom\u00eda Mexicana reuni\u00f3 a especialistas, cocineras tradicionales, chefs, acad\u00e9micos y productores que comparten la riqueza, diversidad y tradici\u00f3n de la cocina mexicana, considerada una de las m\u00e1s emblem\u00e1ticas del planeta.<\/p>\n\n\n\n<p>La titular de la Secretar\u00eda de Turismo (Sectur) destac\u00f3 la importancia del foro como un espacio para visibilizar el valor cultural, social y tur\u00edstico de la gastronom\u00eda mexicana, \u201c\u00fanica en el mundo, irrepetible e inigualable\u201d.<\/p>\n\n\n\n<p>En esta edici\u00f3n participaron 100 expositores, entre productores del campo, cocineras tradicionales, chefs y estudiantes de gastronom\u00eda, adem\u00e1s de 10 estados invitados y cinco pa\u00edses.<\/p>\n\n\n\n<p>\u201cSin el campo no tenemos nada; este foro nos permite comprender c\u00f3mo el trabajo de nuestras productoras y productores se transforma en los platillos que nos representan ante el mundo. La cocina tradicional mexicana es un motor para el turismo y parte fundamental de nuestra identidad\u201d, afirm\u00f3.<\/p>\n\n\n\n<p>Rodr\u00edguez Zamora anunci\u00f3 que, como parte de la conmemoraci\u00f3n por los 15 a\u00f1os del reconocimiento de la cocina tradicional mexicana, y en el marco del Mundial de F\u00fatbol, se realizar\u00e1 en el Campo Marte de la Ciudad de M\u00e9xico el Festival M\u00e9xico de Mis Sabores, donde participar\u00e1n los 32 estados del pa\u00eds con sus cocineras, productores y artesanos.<\/p>\n\n\n\n<p>Por su parte, la gobernadora de Morelos, Margarita Gonz\u00e1lez Saravia, agradeci\u00f3 la presencia de la secretaria de Turismo y reconoci\u00f3 adem\u00e1s el trabajo de Gloria L\u00f3pez Morales y Genovevo Figueroa, impulsores del expediente que permiti\u00f3 la inscripci\u00f3n de la cocina tradicional mexicana en la lista de Patrimonio Cultural Inmaterial de la Humanidad.<\/p>\n\n\n\n<p>\u201cNuestra gastronom\u00eda tiene un valor inmensurable; gracias a este reconocimiento, se ha posicionado a nivel mundial y sigue siendo motivo de orgullo para todas y todos los mexicanos\u201d, sostuvo.<\/p>\n\n\n\n<p>En su intervenci\u00f3n, el secretario de Turismo de Morelos, Daniel Altafi Valladares, destac\u00f3 que la cocina tradicional de la entidad es \u201cel alma de nuestro estado, una herencia viva y una expresi\u00f3n profunda de un pueblo que transforma lo que la tierra ofrece en alimento, encuentro y comunidad\u201d.<\/p>\n\n\n<div class=\"wp-block-image\">\n<figure class=\"alignright size-large is-resized\"><img decoding=\"async\" loading=\"lazy\" width=\"1024\" height=\"576\" src=\"https:\/\/nitu.mx\/wp-content\/uploads\/2025\/11\/DANIEL-ALTAFI-MORELOS-1024x576.jpg\" alt=\"\" class=\"wp-image-84426\" style=\"aspect-ratio:1.7777777777777777;width:453px;height:auto\" srcset=\"https:\/\/nitu.mx\/wp-content\/uploads\/2025\/11\/DANIEL-ALTAFI-MORELOS-1024x576.jpg 1024w, https:\/\/nitu.mx\/wp-content\/uploads\/2025\/11\/DANIEL-ALTAFI-MORELOS-300x168.jpg 300w, https:\/\/nitu.mx\/wp-content\/uploads\/2025\/11\/DANIEL-ALTAFI-MORELOS-768x432.jpg 768w, https:\/\/nitu.mx\/wp-content\/uploads\/2025\/11\/DANIEL-ALTAFI-MORELOS-990x557.jpg 990w, https:\/\/nitu.mx\/wp-content\/uploads\/2025\/11\/DANIEL-ALTAFI-MORELOS-470x264.jpg 470w, https:\/\/nitu.mx\/wp-content\/uploads\/2025\/11\/DANIEL-ALTAFI-MORELOS-640x360.jpg 640w, https:\/\/nitu.mx\/wp-content\/uploads\/2025\/11\/DANIEL-ALTAFI-MORELOS-215x120.jpg 215w, https:\/\/nitu.mx\/wp-content\/uploads\/2025\/11\/DANIEL-ALTAFI-MORELOS-414x232.jpg 414w, https:\/\/nitu.mx\/wp-content\/uploads\/2025\/11\/DANIEL-ALTAFI-MORELOS.jpg 1200w\" sizes=\"(max-width: 1024px) 100vw, 1024px\" \/><figcaption class=\"wp-element-caption\">Daniel Altafi<\/figcaption><\/figure><\/div>\n\n\n<p>Subray\u00f3 que el Foro Mundial representa un parteaguas para fortalecer la cadena gastron\u00f3mica del estado, desde los productores del campo hasta las cocineras tradicionales y los comensales, con el prop\u00f3sito de consolidar una pol\u00edtica p\u00fablica que impulse el desarrollo tur\u00edstico y econ\u00f3mico a trav\u00e9s de la gastronom\u00eda. <\/p>\n\n\n\n<p>En tanto, Gloria L\u00f3pez Morales afirm\u00f3 que las y los asistentes podr\u00e1n adentrarse en el conocimiento profundo de la cocina mexicana: \u201cA las y los j\u00f3venes les digo que aprendan, que este foro sea un chispazo que despierte su curiosidad. La defensa del patrimonio culinario va muy lejos: implica la buena alimentaci\u00f3n de los mexicanos y la vinculaci\u00f3n con las grandes cocinas del mundo\u201d. (<a href=\"https:\/\/nitu.mx\/index.php\/2025\/10\/21\/morelos-espera-mas-de-220-mil-visitantes-y-73-mdp-por-festividades-de-dia-de-muertos\/\">Morelos espera m\u00e1s de 220 mil visitantes y 73 MDP por festividades de D\u00eda de Muertos<\/a>).<\/p>\n\n\n\n<p>En el X Foro Mundial de la Gastronom\u00eda Mexicana, delegaciones provenientes de Francia, Italia, Espa\u00f1a y Marruecos compartieron este espacio con cocineras tradicionales, productoras, artesanas y estudiantes morelenses, lo que convierte al foro en un puente cultural que une sabores y conocimientos. Asimismo, participan representaciones de 10 estados, entre ellos Michoac\u00e1n, Tlaxcala, Colima, Ciudad de M\u00e9xico y por supuesto,  Morelos. <\/p>\n\n\n\n<p>Entre fogones, molcajetes y comales brillaron las cocineras tradicionales de esta tierra, como Margarita C\u00e1rdenas, de Coatetelco; Petra Rivera, del municipio ind\u00edgena de Hueyapan; Graciela G\u00f3mez, de Huitzilac; Patricia Beltr\u00e1n, de Tepalcingo; Sof\u00eda Cazales, del Pueblo M\u00e1gico de Tlaltizap\u00e1n; y Beatriz Arenas, de Tetela del Volc\u00e1n, quienes compartir\u00e1n stands con sus similares de Hidalgo, Tabasco, Guerrero, Quer\u00e9taro, Puebla, Tlaxcala, Michoac\u00e1n y Estado de M\u00e9xico.<\/p>\n\n\n\n<p>Las y los visitantes disfrutaron del Carrusel Gastron\u00f3mico, el Mercado de las Cocinas de M\u00e9xico, una expo artesanal y agroalimentaria, adem\u00e1s de productos locales como arroz y mezcal, ambos con Denominaci\u00f3n de Origen, as\u00ed como ca\u00f1a, miel, amaranto y nopal. El foro tambi\u00e9n cont\u00f3 con presentaciones art\u00edsticas que llenaron de m\u00fasica, tradici\u00f3n y alegr\u00eda el Centro Hist\u00f3rico de Cuernavaca. <\/p>\n","protected":false},"excerpt":{"rendered":"<p>La secretaria de Turismo federal, Josefina Rodr\u00edguez Zamora, y la gobernadora de Morelos, Margarita Gonz\u00e1lez Saravia, encabezaron la inauguraci\u00f3n del X Foro Mundial de la Gastronom\u00eda Mexicana, en Cuernavaca, evento que celebra los 15 a\u00f1os del reconocimiento de la cocina tradicional mexicana como Patrimonio Cultural Inmaterial de la Humanidad por la UNESCO. Del 7 al [&hellip;]<\/p>\n","protected":false},"author":17,"featured_media":84427,"comment_status":"closed","ping_status":"closed","sticky":false,"template":"","format":"standard","meta":{"footnotes":""},"categories":[5],"tags":[27385,4968,25659,4997,93],"yoast_head":"<!-- This site is optimized with the Yoast SEO plugin v22.2 - https:\/\/yoast.com\/wordpress\/plugins\/seo\/ -->\n<title>Gastronom\u00eda de M\u00e9xico celebra 15 a\u00f1os como Patrimonio de la Humanidad en Foro Mundial en Morelos - Nitu - Noticias de la Industria Turistica<\/title>\n<meta name=\"robots\" content=\"index, follow, max-snippet:-1, max-image-preview:large, max-video-preview:-1\" \/>\n<link rel=\"canonical\" href=\"https:\/\/nitu.mx\/index.php\/2025\/11\/09\/gastronomia-de-mexico-celebra-15-anos-como-patrimonio-de-la-humanidad-en-foro-mundial-en-morelos\/\" \/>\n<meta name=\"twitter:card\" content=\"summary_large_image\" \/>\n<meta name=\"twitter:title\" content=\"Gastronom\u00eda de M\u00e9xico celebra 15 a\u00f1os como Patrimonio de la Humanidad en Foro Mundial en Morelos - Nitu - Noticias de la Industria Turistica\" \/>\n<meta name=\"twitter:description\" content=\"La secretaria de Turismo federal, Josefina Rodr\u00edguez Zamora, y la gobernadora de Morelos, Margarita Gonz\u00e1lez Saravia, encabezaron la inauguraci\u00f3n del X Foro Mundial de la Gastronom\u00eda Mexicana, en Cuernavaca, evento que celebra los 15 a\u00f1os del reconocimiento de la cocina tradicional mexicana como Patrimonio Cultural Inmaterial de la Humanidad por la UNESCO. Del 7 al [&hellip;]\" \/>\n<meta name=\"twitter:image\" content=\"https:\/\/nitu.mx\/wp-content\/uploads\/2025\/11\/X-FORO-MUNDIAL-GASTRONOMIA.jpg\" \/>\n<meta name=\"twitter:creator\" content=\"@NITUmx\" \/>\n<meta name=\"twitter:site\" content=\"@Arturo_Medina_G\" \/>\n<meta name=\"twitter:label1\" content=\"Escrito por\" \/>\n\t<meta name=\"twitter:data1\" content=\"Redacci\u00f3n\" \/>\n\t<meta name=\"twitter:label2\" content=\"Tiempo de lectura\" \/>\n\t<meta name=\"twitter:data2\" content=\"4 minutos\" \/>\n<script type=\"application\/ld+json\" class=\"yoast-schema-graph\">{\"@context\":\"https:\/\/schema.org\",\"@graph\":[{\"@type\":\"Article\",\"@id\":\"https:\/\/nitu.mx\/index.php\/2025\/11\/09\/gastronomia-de-mexico-celebra-15-anos-como-patrimonio-de-la-humanidad-en-foro-mundial-en-morelos\/#article\",\"isPartOf\":{\"@id\":\"https:\/\/nitu.mx\/index.php\/2025\/11\/09\/gastronomia-de-mexico-celebra-15-anos-como-patrimonio-de-la-humanidad-en-foro-mundial-en-morelos\/\"},\"author\":{\"name\":\"Redacci\u00f3n\",\"@id\":\"https:\/\/nitu.mx\/#\/schema\/person\/4a28fe9bd65924f7c90623773daf1b0b\"},\"headline\":\"Gastronom\u00eda de M\u00e9xico celebra 15 a\u00f1os como Patrimonio de la Humanidad en Foro Mundial en Morelos\",\"datePublished\":\"2025-11-10T03:19:25+00:00\",\"dateModified\":\"2025-11-10T03:20:52+00:00\",\"mainEntityOfPage\":{\"@id\":\"https:\/\/nitu.mx\/index.php\/2025\/11\/09\/gastronomia-de-mexico-celebra-15-anos-como-patrimonio-de-la-humanidad-en-foro-mundial-en-morelos\/\"},\"wordCount\":783,\"publisher\":{\"@id\":\"https:\/\/nitu.mx\/#\/schema\/person\/ae7a53426417292d3dd07b45a33e01bc\"},\"image\":{\"@id\":\"https:\/\/nitu.mx\/index.php\/2025\/11\/09\/gastronomia-de-mexico-celebra-15-anos-como-patrimonio-de-la-humanidad-en-foro-mundial-en-morelos\/#primaryimage\"},\"thumbnailUrl\":\"https:\/\/nitu.mx\/wp-content\/uploads\/2025\/11\/X-FORO-MUNDIAL-GASTRONOMIA.jpg\",\"keywords\":[\"Daniel Altafi\",\"gastronom\u00eda\",\"Josefina Rodr\u00edguez\",\"Morelos\",\"Sectur\"],\"articleSection\":[\"Destinos\"],\"inLanguage\":\"es-MX\"},{\"@type\":\"WebPage\",\"@id\":\"https:\/\/nitu.mx\/index.php\/2025\/11\/09\/gastronomia-de-mexico-celebra-15-anos-como-patrimonio-de-la-humanidad-en-foro-mundial-en-morelos\/\",\"url\":\"https:\/\/nitu.mx\/index.php\/2025\/11\/09\/gastronomia-de-mexico-celebra-15-anos-como-patrimonio-de-la-humanidad-en-foro-mundial-en-morelos\/\",\"name\":\"Gastronom\u00eda de M\u00e9xico celebra 15 a\u00f1os como Patrimonio de la Humanidad en Foro Mundial en Morelos - Nitu - Noticias de la Industria Turistica\",\"isPartOf\":{\"@id\":\"https:\/\/nitu.mx\/#website\"},\"primaryImageOfPage\":{\"@id\":\"https:\/\/nitu.mx\/index.php\/2025\/11\/09\/gastronomia-de-mexico-celebra-15-anos-como-patrimonio-de-la-humanidad-en-foro-mundial-en-morelos\/#primaryimage\"},\"image\":{\"@id\":\"https:\/\/nitu.mx\/index.php\/2025\/11\/09\/gastronomia-de-mexico-celebra-15-anos-como-patrimonio-de-la-humanidad-en-foro-mundial-en-morelos\/#primaryimage\"},\"thumbnailUrl\":\"https:\/\/nitu.mx\/wp-content\/uploads\/2025\/11\/X-FORO-MUNDIAL-GASTRONOMIA.jpg\",\"datePublished\":\"2025-11-10T03:19:25+00:00\",\"dateModified\":\"2025-11-10T03:20:52+00:00\",\"breadcrumb\":{\"@id\":\"https:\/\/nitu.mx\/index.php\/2025\/11\/09\/gastronomia-de-mexico-celebra-15-anos-como-patrimonio-de-la-humanidad-en-foro-mundial-en-morelos\/#breadcrumb\"},\"inLanguage\":\"es-MX\",\"potentialAction\":[{\"@type\":\"ReadAction\",\"target\":[\"https:\/\/nitu.mx\/index.php\/2025\/11\/09\/gastronomia-de-mexico-celebra-15-anos-como-patrimonio-de-la-humanidad-en-foro-mundial-en-morelos\/\"]}]},{\"@type\":\"ImageObject\",\"inLanguage\":\"es-MX\",\"@id\":\"https:\/\/nitu.mx\/index.php\/2025\/11\/09\/gastronomia-de-mexico-celebra-15-anos-como-patrimonio-de-la-humanidad-en-foro-mundial-en-morelos\/#primaryimage\",\"url\":\"https:\/\/nitu.mx\/wp-content\/uploads\/2025\/11\/X-FORO-MUNDIAL-GASTRONOMIA.jpg\",\"contentUrl\":\"https:\/\/nitu.mx\/wp-content\/uploads\/2025\/11\/X-FORO-MUNDIAL-GASTRONOMIA.jpg\",\"width\":1200,\"height\":675,\"caption\":\"X FORO MUNDIAL GASTRONOMIA\"},{\"@type\":\"BreadcrumbList\",\"@id\":\"https:\/\/nitu.mx\/index.php\/2025\/11\/09\/gastronomia-de-mexico-celebra-15-anos-como-patrimonio-de-la-humanidad-en-foro-mundial-en-morelos\/#breadcrumb\",\"itemListElement\":[{\"@type\":\"ListItem\",\"position\":1,\"name\":\"Inicio\",\"item\":\"https:\/\/nitu.mx\/\"},{\"@type\":\"ListItem\",\"position\":2,\"name\":\"Gastronom\u00eda de M\u00e9xico celebra 15 a\u00f1os como Patrimonio de la Humanidad en Foro Mundial en Morelos\"}]},{\"@type\":\"WebSite\",\"@id\":\"https:\/\/nitu.mx\/#website\",\"url\":\"https:\/\/nitu.mx\/\",\"name\":\"Nitu - Noticias de la Industria Turistica\",\"description\":\"Noticias de la Industria Turistica\",\"publisher\":{\"@id\":\"https:\/\/nitu.mx\/#\/schema\/person\/ae7a53426417292d3dd07b45a33e01bc\"},\"alternateName\":\"Noticias de la Industria Turistica\",\"potentialAction\":[{\"@type\":\"SearchAction\",\"target\":{\"@type\":\"EntryPoint\",\"urlTemplate\":\"https:\/\/nitu.mx\/?s={search_term_string}\"},\"query-input\":\"required name=search_term_string\"}],\"inLanguage\":\"es-MX\"},{\"@type\":[\"Person\",\"Organization\"],\"@id\":\"https:\/\/nitu.mx\/#\/schema\/person\/ae7a53426417292d3dd07b45a33e01bc\",\"name\":\"Arturo Medina\",\"image\":{\"@type\":\"ImageObject\",\"inLanguage\":\"es-MX\",\"@id\":\"https:\/\/nitu.mx\/#\/schema\/person\/image\/\",\"url\":\"https:\/\/nitu.mx\/wp-content\/uploads\/2024\/04\/4A315622-1904-4D5C-B022-878CDC840E04-90x90-1.jpeg\",\"contentUrl\":\"https:\/\/nitu.mx\/wp-content\/uploads\/2024\/04\/4A315622-1904-4D5C-B022-878CDC840E04-90x90-1.jpeg\",\"width\":90,\"height\":90,\"caption\":\"Arturo Medina\"},\"logo\":{\"@id\":\"https:\/\/nitu.mx\/#\/schema\/person\/image\/\"},\"description\":\"Director NITU.mx, Egresado de la Escuela de Periodismo Carlos Septi\u00e9n Garc\u00eda. Periodista y analista especializado en turismo desde hace 35 a\u00f1os, radicado en Canc\u00fan Q.Roo. arturo@nitu.mx\",\"sameAs\":[\"https:\/\/nitu.mx\",\"https:\/\/www.facebook.com\/NITUmx\/\",\"medinacancun\",\"https:\/\/twitter.com\/@Arturo_Medina_G\"]},{\"@type\":\"Person\",\"@id\":\"https:\/\/nitu.mx\/#\/schema\/person\/4a28fe9bd65924f7c90623773daf1b0b\",\"name\":\"Redacci\u00f3n\",\"image\":{\"@type\":\"ImageObject\",\"inLanguage\":\"es-MX\",\"@id\":\"https:\/\/nitu.mx\/#\/schema\/person\/image\/\",\"url\":\"https:\/\/secure.gravatar.com\/avatar\/5dd011c8ccfc5cd7e4c81e42252aab38?s=96&d=mm&r=g\",\"contentUrl\":\"https:\/\/secure.gravatar.com\/avatar\/5dd011c8ccfc5cd7e4c81e42252aab38?s=96&d=mm&r=g\",\"caption\":\"Redacci\u00f3n\"},\"url\":\"https:\/\/nitu.mx\/index.php\/author\/redaccion\/\"}]}<\/script>\n<!-- \/ Yoast SEO plugin. -->","yoast_head_json":{"title":"Gastronom\u00eda de M\u00e9xico celebra 15 a\u00f1os como Patrimonio de la Humanidad en Foro Mundial en Morelos - Nitu - Noticias de la Industria Turistica","robots":{"index":"index","follow":"follow","max-snippet":"max-snippet:-1","max-image-preview":"max-image-preview:large","max-video-preview":"max-video-preview:-1"},"canonical":"https:\/\/nitu.mx\/index.php\/2025\/11\/09\/gastronomia-de-mexico-celebra-15-anos-como-patrimonio-de-la-humanidad-en-foro-mundial-en-morelos\/","twitter_card":"summary_large_image","twitter_title":"Gastronom\u00eda de M\u00e9xico celebra 15 a\u00f1os como Patrimonio de la Humanidad en Foro Mundial en Morelos - Nitu - Noticias de la Industria Turistica","twitter_description":"La secretaria de Turismo federal, Josefina Rodr\u00edguez Zamora, y la gobernadora de Morelos, Margarita Gonz\u00e1lez Saravia, encabezaron la inauguraci\u00f3n del X Foro Mundial de la Gastronom\u00eda Mexicana, en Cuernavaca, evento que celebra los 15 a\u00f1os del reconocimiento de la cocina tradicional mexicana como Patrimonio Cultural Inmaterial de la Humanidad por la UNESCO. Del 7 al [&hellip;]","twitter_image":"https:\/\/nitu.mx\/wp-content\/uploads\/2025\/11\/X-FORO-MUNDIAL-GASTRONOMIA.jpg","twitter_creator":"@NITUmx","twitter_site":"@Arturo_Medina_G","twitter_misc":{"Escrito por":"Redacci\u00f3n","Tiempo de lectura":"4 minutos"},"schema":{"@context":"https:\/\/schema.org","@graph":[{"@type":"Article","@id":"https:\/\/nitu.mx\/index.php\/2025\/11\/09\/gastronomia-de-mexico-celebra-15-anos-como-patrimonio-de-la-humanidad-en-foro-mundial-en-morelos\/#article","isPartOf":{"@id":"https:\/\/nitu.mx\/index.php\/2025\/11\/09\/gastronomia-de-mexico-celebra-15-anos-como-patrimonio-de-la-humanidad-en-foro-mundial-en-morelos\/"},"author":{"name":"Redacci\u00f3n","@id":"https:\/\/nitu.mx\/#\/schema\/person\/4a28fe9bd65924f7c90623773daf1b0b"},"headline":"Gastronom\u00eda de M\u00e9xico celebra 15 a\u00f1os como Patrimonio de la Humanidad en Foro Mundial en Morelos","datePublished":"2025-11-10T03:19:25+00:00","dateModified":"2025-11-10T03:20:52+00:00","mainEntityOfPage":{"@id":"https:\/\/nitu.mx\/index.php\/2025\/11\/09\/gastronomia-de-mexico-celebra-15-anos-como-patrimonio-de-la-humanidad-en-foro-mundial-en-morelos\/"},"wordCount":783,"publisher":{"@id":"https:\/\/nitu.mx\/#\/schema\/person\/ae7a53426417292d3dd07b45a33e01bc"},"image":{"@id":"https:\/\/nitu.mx\/index.php\/2025\/11\/09\/gastronomia-de-mexico-celebra-15-anos-como-patrimonio-de-la-humanidad-en-foro-mundial-en-morelos\/#primaryimage"},"thumbnailUrl":"https:\/\/nitu.mx\/wp-content\/uploads\/2025\/11\/X-FORO-MUNDIAL-GASTRONOMIA.jpg","keywords":["Daniel Altafi","gastronom\u00eda","Josefina Rodr\u00edguez","Morelos","Sectur"],"articleSection":["Destinos"],"inLanguage":"es-MX"},{"@type":"WebPage","@id":"https:\/\/nitu.mx\/index.php\/2025\/11\/09\/gastronomia-de-mexico-celebra-15-anos-como-patrimonio-de-la-humanidad-en-foro-mundial-en-morelos\/","url":"https:\/\/nitu.mx\/index.php\/2025\/11\/09\/gastronomia-de-mexico-celebra-15-anos-como-patrimonio-de-la-humanidad-en-foro-mundial-en-morelos\/","name":"Gastronom\u00eda de M\u00e9xico celebra 15 a\u00f1os como Patrimonio de la Humanidad en Foro Mundial en Morelos - Nitu - Noticias de la Industria Turistica","isPartOf":{"@id":"https:\/\/nitu.mx\/#website"},"primaryImageOfPage":{"@id":"https:\/\/nitu.mx\/index.php\/2025\/11\/09\/gastronomia-de-mexico-celebra-15-anos-como-patrimonio-de-la-humanidad-en-foro-mundial-en-morelos\/#primaryimage"},"image":{"@id":"https:\/\/nitu.mx\/index.php\/2025\/11\/09\/gastronomia-de-mexico-celebra-15-anos-como-patrimonio-de-la-humanidad-en-foro-mundial-en-morelos\/#primaryimage"},"thumbnailUrl":"https:\/\/nitu.mx\/wp-content\/uploads\/2025\/11\/X-FORO-MUNDIAL-GASTRONOMIA.jpg","datePublished":"2025-11-10T03:19:25+00:00","dateModified":"2025-11-10T03:20:52+00:00","breadcrumb":{"@id":"https:\/\/nitu.mx\/index.php\/2025\/11\/09\/gastronomia-de-mexico-celebra-15-anos-como-patrimonio-de-la-humanidad-en-foro-mundial-en-morelos\/#breadcrumb"},"inLanguage":"es-MX","potentialAction":[{"@type":"ReadAction","target":["https:\/\/nitu.mx\/index.php\/2025\/11\/09\/gastronomia-de-mexico-celebra-15-anos-como-patrimonio-de-la-humanidad-en-foro-mundial-en-morelos\/"]}]},{"@type":"ImageObject","inLanguage":"es-MX","@id":"https:\/\/nitu.mx\/index.php\/2025\/11\/09\/gastronomia-de-mexico-celebra-15-anos-como-patrimonio-de-la-humanidad-en-foro-mundial-en-morelos\/#primaryimage","url":"https:\/\/nitu.mx\/wp-content\/uploads\/2025\/11\/X-FORO-MUNDIAL-GASTRONOMIA.jpg","contentUrl":"https:\/\/nitu.mx\/wp-content\/uploads\/2025\/11\/X-FORO-MUNDIAL-GASTRONOMIA.jpg","width":1200,"height":675,"caption":"X FORO MUNDIAL GASTRONOMIA"},{"@type":"BreadcrumbList","@id":"https:\/\/nitu.mx\/index.php\/2025\/11\/09\/gastronomia-de-mexico-celebra-15-anos-como-patrimonio-de-la-humanidad-en-foro-mundial-en-morelos\/#breadcrumb","itemListElement":[{"@type":"ListItem","position":1,"name":"Inicio","item":"https:\/\/nitu.mx\/"},{"@type":"ListItem","position":2,"name":"Gastronom\u00eda de M\u00e9xico celebra 15 a\u00f1os como Patrimonio de la Humanidad en Foro Mundial en Morelos"}]},{"@type":"WebSite","@id":"https:\/\/nitu.mx\/#website","url":"https:\/\/nitu.mx\/","name":"Nitu - Noticias de la Industria Turistica","description":"Noticias de la Industria Turistica","publisher":{"@id":"https:\/\/nitu.mx\/#\/schema\/person\/ae7a53426417292d3dd07b45a33e01bc"},"alternateName":"Noticias de la Industria Turistica","potentialAction":[{"@type":"SearchAction","target":{"@type":"EntryPoint","urlTemplate":"https:\/\/nitu.mx\/?s={search_term_string}"},"query-input":"required name=search_term_string"}],"inLanguage":"es-MX"},{"@type":["Person","Organization"],"@id":"https:\/\/nitu.mx\/#\/schema\/person\/ae7a53426417292d3dd07b45a33e01bc","name":"Arturo Medina","image":{"@type":"ImageObject","inLanguage":"es-MX","@id":"https:\/\/nitu.mx\/#\/schema\/person\/image\/","url":"https:\/\/nitu.mx\/wp-content\/uploads\/2024\/04\/4A315622-1904-4D5C-B022-878CDC840E04-90x90-1.jpeg","contentUrl":"https:\/\/nitu.mx\/wp-content\/uploads\/2024\/04\/4A315622-1904-4D5C-B022-878CDC840E04-90x90-1.jpeg","width":90,"height":90,"caption":"Arturo Medina"},"logo":{"@id":"https:\/\/nitu.mx\/#\/schema\/person\/image\/"},"description":"Director NITU.mx, Egresado de la Escuela de Periodismo Carlos Septi\u00e9n Garc\u00eda. Periodista y analista especializado en turismo desde hace 35 a\u00f1os, radicado en Canc\u00fan Q.Roo. arturo@nitu.mx","sameAs":["https:\/\/nitu.mx","https:\/\/www.facebook.com\/NITUmx\/","medinacancun","https:\/\/twitter.com\/@Arturo_Medina_G"]},{"@type":"Person","@id":"https:\/\/nitu.mx\/#\/schema\/person\/4a28fe9bd65924f7c90623773daf1b0b","name":"Redacci\u00f3n","image":{"@type":"ImageObject","inLanguage":"es-MX","@id":"https:\/\/nitu.mx\/#\/schema\/person\/image\/","url":"https:\/\/secure.gravatar.com\/avatar\/5dd011c8ccfc5cd7e4c81e42252aab38?s=96&d=mm&r=g","contentUrl":"https:\/\/secure.gravatar.com\/avatar\/5dd011c8ccfc5cd7e4c81e42252aab38?s=96&d=mm&r=g","caption":"Redacci\u00f3n"},"url":"https:\/\/nitu.mx\/index.php\/author\/redaccion\/"}]}},"views":578,"_links":{"self":[{"href":"https:\/\/nitu.mx\/index.php\/wp-json\/wp\/v2\/posts\/84409"}],"collection":[{"href":"https:\/\/nitu.mx\/index.php\/wp-json\/wp\/v2\/posts"}],"about":[{"href":"https:\/\/nitu.mx\/index.php\/wp-json\/wp\/v2\/types\/post"}],"author":[{"embeddable":true,"href":"https:\/\/nitu.mx\/index.php\/wp-json\/wp\/v2\/users\/17"}],"replies":[{"embeddable":true,"href":"https:\/\/nitu.mx\/index.php\/wp-json\/wp\/v2\/comments?post=84409"}],"version-history":[{"count":4,"href":"https:\/\/nitu.mx\/index.php\/wp-json\/wp\/v2\/posts\/84409\/revisions"}],"predecessor-version":[{"id":84429,"href":"https:\/\/nitu.mx\/index.php\/wp-json\/wp\/v2\/posts\/84409\/revisions\/84429"}],"wp:featuredmedia":[{"embeddable":true,"href":"https:\/\/nitu.mx\/index.php\/wp-json\/wp\/v2\/media\/84427"}],"wp:attachment":[{"href":"https:\/\/nitu.mx\/index.php\/wp-json\/wp\/v2\/media?parent=84409"}],"wp:term":[{"taxonomy":"category","embeddable":true,"href":"https:\/\/nitu.mx\/index.php\/wp-json\/wp\/v2\/categories?post=84409"},{"taxonomy":"post_tag","embeddable":true,"href":"https:\/\/nitu.mx\/index.php\/wp-json\/wp\/v2\/tags?post=84409"}],"curies":[{"name":"wp","href":"https:\/\/api.w.org\/{rel}","templated":true}]}}