{"id":84406,"date":"2025-11-09T20:49:46","date_gmt":"2025-11-10T02:49:46","guid":{"rendered":"https:\/\/nitu.mx\/?p=84406"},"modified":"2025-11-09T20:49:48","modified_gmt":"2025-11-10T02:49:48","slug":"volaris-incrementa-en-0-6-el-numero-de-pasajeros-con-2-6-millones-en-octubre","status":"publish","type":"post","link":"https:\/\/nitu.mx\/index.php\/2025\/11\/09\/volaris-incrementa-en-0-6-el-numero-de-pasajeros-con-2-6-millones-en-octubre\/","title":{"rendered":"Volaris incrementa en 0.6% el n\u00famero de pasajeros con 2.6 millones en octubre"},"content":{"rendered":"\n<p>Volaris, la aerol\u00ednea de ultra bajo costo que opera en M\u00e9xico, Estados Unidos, Centro y Sudam\u00e9rica, report\u00f3 sus resultados preliminares de tr\u00e1fico de\u00a0octubre de 2025, en el que registr\u00f3 2 millones 553 mil pasajeros, lo que representa un crecimiento de 0.6% comparado con el mismo mes del a\u00f1o pasado. <\/p>\n\n\n\n<p>En octubre, la capacidad en ASMs de Volaris aument\u00f3 en 1.1%, mientras que los RPMs del mes disminuyeron 0.6%. Los RPMs del mercado dom\u00e9stico en M\u00e9xico disminuyeron 1.9%, mientras que los RPMs internacionales aumentaron 1.4%.\u00a0El factor de ocupaci\u00f3n consolidado disminuy\u00f3 en 1.5 puntos porcentuales a\u00f1o contra a\u00f1o, situ\u00e1ndose en 85.9%. <\/p>\n\n\n\n<p>El presidente ejecutivo y director general de Volaris, Enrique Beltranena, dijo:\u00a0\u201cNuestros resultados de octubre reflejan una fuerte percepci\u00f3n en la demanda de viajes, mientras seguimos observando una mejora secuencial en toda nuestra red, en l\u00ednea con las tendencias que comentamos en nuestra llamada de resultados del tercer trimestre&#8221;. <\/p>\n\n\n\n<p>&#8220;La demanda dom\u00e9stica se mantiene saludable y en l\u00ednea con la estacionalidad hist\u00f3rica. En el mercado transfronterizo, las tendencias en las curvas de reserva respaldan nuestra visi\u00f3n de que hemos alcanzado un punto de inflexi\u00f3n y que las ventas est\u00e1n regresando a niveles similares a los del a\u00f1o pasado. Continuamos enfocados en una ejecuci\u00f3n disciplinada hacia el cierre del a\u00f1o, lo que nos posiciona para seguir generando valor sostenible&#8221;, agreg\u00f3 Beltranena.<\/p>\n\n\n\n<p>En el acumulado anual, Volaris ha movilizado 25 millones 357 mil pasajeros de enero a octubre de 2025, esto significa un aumento de 4.9% respecto al mismo lapso de 2024. El tr\u00e1fico dom\u00e9stico ha mostrado el mejor repunte con 5.2%, al transportar 18 millones 762 mil clientes; en tanto, el mercado internacional report\u00f3 un incremento de 4.3%, con 6 millones 594 mil pasajeros. (<a href=\"https:\/\/nitu.mx\/index.php\/2025\/11\/03\/volaris-inicia-su-nueva-ruta-guadalajara-ixtapa-zihuatanejo\/\">Volaris inicia su nueva ruta Guadalajara- Ixtapa Zihuatanejo<\/a>).<\/p>\n","protected":false},"excerpt":{"rendered":"<p>Volaris, la aerol\u00ednea de ultra bajo costo que opera en M\u00e9xico, Estados Unidos, Centro y Sudam\u00e9rica, report\u00f3 sus resultados preliminares de tr\u00e1fico de\u00a0octubre de 2025, en el que registr\u00f3 2 millones 553 mil pasajeros, lo que representa un crecimiento de 0.6% comparado con el mismo mes del a\u00f1o pasado. En octubre, la capacidad en ASMs [&hellip;]<\/p>\n","protected":false},"author":17,"featured_media":2891,"comment_status":"closed","ping_status":"closed","sticky":false,"template":"","format":"standard","meta":{"footnotes":""},"categories":[29],"tags":[435,6280,5024,131],"yoast_head":"<!-- This site is optimized with the Yoast SEO plugin v22.2 - https:\/\/yoast.com\/wordpress\/plugins\/seo\/ -->\n<title>Volaris incrementa en 0.6% el n\u00famero de pasajeros con 2.6 millones en octubre - Nitu - Noticias de la Industria Turistica<\/title>\n<meta name=\"robots\" content=\"index, follow, max-snippet:-1, max-image-preview:large, max-video-preview:-1\" \/>\n<link rel=\"canonical\" href=\"https:\/\/nitu.mx\/index.php\/2025\/11\/09\/volaris-incrementa-en-0-6-el-numero-de-pasajeros-con-2-6-millones-en-octubre\/\" \/>\n<meta name=\"twitter:card\" content=\"summary_large_image\" \/>\n<meta name=\"twitter:title\" content=\"Volaris incrementa en 0.6% el n\u00famero de pasajeros con 2.6 millones en octubre - Nitu - Noticias de la Industria Turistica\" \/>\n<meta name=\"twitter:description\" content=\"Volaris, la aerol\u00ednea de ultra bajo costo que opera en M\u00e9xico, Estados Unidos, Centro y Sudam\u00e9rica, report\u00f3 sus resultados preliminares de tr\u00e1fico de\u00a0octubre de 2025, en el que registr\u00f3 2 millones 553 mil pasajeros, lo que representa un crecimiento de 0.6% comparado con el mismo mes del a\u00f1o pasado. En octubre, la capacidad en ASMs [&hellip;]\" \/>\n<meta name=\"twitter:image\" content=\"https:\/\/nitu.mx\/wp-content\/uploads\/2016\/10\/volaris-acapulco.jpg\" \/>\n<meta name=\"twitter:creator\" content=\"@NITUmx\" \/>\n<meta name=\"twitter:site\" content=\"@Arturo_Medina_G\" \/>\n<meta name=\"twitter:label1\" content=\"Escrito por\" \/>\n\t<meta name=\"twitter:data1\" content=\"Redacci\u00f3n\" \/>\n\t<meta name=\"twitter:label2\" content=\"Tiempo de lectura\" \/>\n\t<meta name=\"twitter:data2\" content=\"1 minuto\" \/>\n<script type=\"application\/ld+json\" class=\"yoast-schema-graph\">{\"@context\":\"https:\/\/schema.org\",\"@graph\":[{\"@type\":\"Article\",\"@id\":\"https:\/\/nitu.mx\/index.php\/2025\/11\/09\/volaris-incrementa-en-0-6-el-numero-de-pasajeros-con-2-6-millones-en-octubre\/#article\",\"isPartOf\":{\"@id\":\"https:\/\/nitu.mx\/index.php\/2025\/11\/09\/volaris-incrementa-en-0-6-el-numero-de-pasajeros-con-2-6-millones-en-octubre\/\"},\"author\":{\"name\":\"Redacci\u00f3n\",\"@id\":\"https:\/\/nitu.mx\/#\/schema\/person\/4a28fe9bd65924f7c90623773daf1b0b\"},\"headline\":\"Volaris incrementa en 0.6% el n\u00famero de pasajeros con 2.6 millones en octubre\",\"datePublished\":\"2025-11-10T02:49:46+00:00\",\"dateModified\":\"2025-11-10T02:49:48+00:00\",\"mainEntityOfPage\":{\"@id\":\"https:\/\/nitu.mx\/index.php\/2025\/11\/09\/volaris-incrementa-en-0-6-el-numero-de-pasajeros-con-2-6-millones-en-octubre\/\"},\"wordCount\":307,\"publisher\":{\"@id\":\"https:\/\/nitu.mx\/#\/schema\/person\/ae7a53426417292d3dd07b45a33e01bc\"},\"image\":{\"@id\":\"https:\/\/nitu.mx\/index.php\/2025\/11\/09\/volaris-incrementa-en-0-6-el-numero-de-pasajeros-con-2-6-millones-en-octubre\/#primaryimage\"},\"thumbnailUrl\":\"https:\/\/nitu.mx\/wp-content\/uploads\/2016\/10\/volaris-acapulco.jpg\",\"keywords\":[\"Enrique Beltranena\",\"ocupaci\u00f3n\",\"tr\u00e1fico de pasajeros\",\"Volaris\"],\"articleSection\":[\"Aerol\u00edneas\"],\"inLanguage\":\"es-MX\"},{\"@type\":\"WebPage\",\"@id\":\"https:\/\/nitu.mx\/index.php\/2025\/11\/09\/volaris-incrementa-en-0-6-el-numero-de-pasajeros-con-2-6-millones-en-octubre\/\",\"url\":\"https:\/\/nitu.mx\/index.php\/2025\/11\/09\/volaris-incrementa-en-0-6-el-numero-de-pasajeros-con-2-6-millones-en-octubre\/\",\"name\":\"Volaris incrementa en 0.6% el n\u00famero de pasajeros con 2.6 millones en octubre - Nitu - Noticias de la Industria Turistica\",\"isPartOf\":{\"@id\":\"https:\/\/nitu.mx\/#website\"},\"primaryImageOfPage\":{\"@id\":\"https:\/\/nitu.mx\/index.php\/2025\/11\/09\/volaris-incrementa-en-0-6-el-numero-de-pasajeros-con-2-6-millones-en-octubre\/#primaryimage\"},\"image\":{\"@id\":\"https:\/\/nitu.mx\/index.php\/2025\/11\/09\/volaris-incrementa-en-0-6-el-numero-de-pasajeros-con-2-6-millones-en-octubre\/#primaryimage\"},\"thumbnailUrl\":\"https:\/\/nitu.mx\/wp-content\/uploads\/2016\/10\/volaris-acapulco.jpg\",\"datePublished\":\"2025-11-10T02:49:46+00:00\",\"dateModified\":\"2025-11-10T02:49:48+00:00\",\"breadcrumb\":{\"@id\":\"https:\/\/nitu.mx\/index.php\/2025\/11\/09\/volaris-incrementa-en-0-6-el-numero-de-pasajeros-con-2-6-millones-en-octubre\/#breadcrumb\"},\"inLanguage\":\"es-MX\",\"potentialAction\":[{\"@type\":\"ReadAction\",\"target\":[\"https:\/\/nitu.mx\/index.php\/2025\/11\/09\/volaris-incrementa-en-0-6-el-numero-de-pasajeros-con-2-6-millones-en-octubre\/\"]}]},{\"@type\":\"ImageObject\",\"inLanguage\":\"es-MX\",\"@id\":\"https:\/\/nitu.mx\/index.php\/2025\/11\/09\/volaris-incrementa-en-0-6-el-numero-de-pasajeros-con-2-6-millones-en-octubre\/#primaryimage\",\"url\":\"https:\/\/nitu.mx\/wp-content\/uploads\/2016\/10\/volaris-acapulco.jpg\",\"contentUrl\":\"https:\/\/nitu.mx\/wp-content\/uploads\/2016\/10\/volaris-acapulco.jpg\",\"width\":1200,\"height\":743,\"caption\":\"Volaris Canc\u00fan\"},{\"@type\":\"BreadcrumbList\",\"@id\":\"https:\/\/nitu.mx\/index.php\/2025\/11\/09\/volaris-incrementa-en-0-6-el-numero-de-pasajeros-con-2-6-millones-en-octubre\/#breadcrumb\",\"itemListElement\":[{\"@type\":\"ListItem\",\"position\":1,\"name\":\"Inicio\",\"item\":\"https:\/\/nitu.mx\/\"},{\"@type\":\"ListItem\",\"position\":2,\"name\":\"Volaris incrementa en 0.6% el n\u00famero de pasajeros con 2.6 millones en octubre\"}]},{\"@type\":\"WebSite\",\"@id\":\"https:\/\/nitu.mx\/#website\",\"url\":\"https:\/\/nitu.mx\/\",\"name\":\"Nitu - Noticias de la Industria Turistica\",\"description\":\"Noticias de la Industria Turistica\",\"publisher\":{\"@id\":\"https:\/\/nitu.mx\/#\/schema\/person\/ae7a53426417292d3dd07b45a33e01bc\"},\"alternateName\":\"Noticias de la Industria Turistica\",\"potentialAction\":[{\"@type\":\"SearchAction\",\"target\":{\"@type\":\"EntryPoint\",\"urlTemplate\":\"https:\/\/nitu.mx\/?s={search_term_string}\"},\"query-input\":\"required name=search_term_string\"}],\"inLanguage\":\"es-MX\"},{\"@type\":[\"Person\",\"Organization\"],\"@id\":\"https:\/\/nitu.mx\/#\/schema\/person\/ae7a53426417292d3dd07b45a33e01bc\",\"name\":\"Arturo Medina\",\"image\":{\"@type\":\"ImageObject\",\"inLanguage\":\"es-MX\",\"@id\":\"https:\/\/nitu.mx\/#\/schema\/person\/image\/\",\"url\":\"https:\/\/nitu.mx\/wp-content\/uploads\/2024\/04\/4A315622-1904-4D5C-B022-878CDC840E04-90x90-1.jpeg\",\"contentUrl\":\"https:\/\/nitu.mx\/wp-content\/uploads\/2024\/04\/4A315622-1904-4D5C-B022-878CDC840E04-90x90-1.jpeg\",\"width\":90,\"height\":90,\"caption\":\"Arturo Medina\"},\"logo\":{\"@id\":\"https:\/\/nitu.mx\/#\/schema\/person\/image\/\"},\"description\":\"Director NITU.mx, Egresado de la Escuela de Periodismo Carlos Septi\u00e9n Garc\u00eda. Periodista y analista especializado en turismo desde hace 35 a\u00f1os, radicado en Canc\u00fan Q.Roo. arturo@nitu.mx\",\"sameAs\":[\"https:\/\/nitu.mx\",\"https:\/\/www.facebook.com\/NITUmx\/\",\"medinacancun\",\"https:\/\/twitter.com\/@Arturo_Medina_G\"]},{\"@type\":\"Person\",\"@id\":\"https:\/\/nitu.mx\/#\/schema\/person\/4a28fe9bd65924f7c90623773daf1b0b\",\"name\":\"Redacci\u00f3n\",\"image\":{\"@type\":\"ImageObject\",\"inLanguage\":\"es-MX\",\"@id\":\"https:\/\/nitu.mx\/#\/schema\/person\/image\/\",\"url\":\"https:\/\/secure.gravatar.com\/avatar\/5dd011c8ccfc5cd7e4c81e42252aab38?s=96&d=mm&r=g\",\"contentUrl\":\"https:\/\/secure.gravatar.com\/avatar\/5dd011c8ccfc5cd7e4c81e42252aab38?s=96&d=mm&r=g\",\"caption\":\"Redacci\u00f3n\"},\"url\":\"https:\/\/nitu.mx\/index.php\/author\/redaccion\/\"}]}<\/script>\n<!-- \/ Yoast SEO plugin. -->","yoast_head_json":{"title":"Volaris incrementa en 0.6% el n\u00famero de pasajeros con 2.6 millones en octubre - Nitu - Noticias de la Industria Turistica","robots":{"index":"index","follow":"follow","max-snippet":"max-snippet:-1","max-image-preview":"max-image-preview:large","max-video-preview":"max-video-preview:-1"},"canonical":"https:\/\/nitu.mx\/index.php\/2025\/11\/09\/volaris-incrementa-en-0-6-el-numero-de-pasajeros-con-2-6-millones-en-octubre\/","twitter_card":"summary_large_image","twitter_title":"Volaris incrementa en 0.6% el n\u00famero de pasajeros con 2.6 millones en octubre - Nitu - Noticias de la Industria Turistica","twitter_description":"Volaris, la aerol\u00ednea de ultra bajo costo que opera en M\u00e9xico, Estados Unidos, Centro y Sudam\u00e9rica, report\u00f3 sus resultados preliminares de tr\u00e1fico de\u00a0octubre de 2025, en el que registr\u00f3 2 millones 553 mil pasajeros, lo que representa un crecimiento de 0.6% comparado con el mismo mes del a\u00f1o pasado. En octubre, la capacidad en ASMs [&hellip;]","twitter_image":"https:\/\/nitu.mx\/wp-content\/uploads\/2016\/10\/volaris-acapulco.jpg","twitter_creator":"@NITUmx","twitter_site":"@Arturo_Medina_G","twitter_misc":{"Escrito por":"Redacci\u00f3n","Tiempo de lectura":"1 minuto"},"schema":{"@context":"https:\/\/schema.org","@graph":[{"@type":"Article","@id":"https:\/\/nitu.mx\/index.php\/2025\/11\/09\/volaris-incrementa-en-0-6-el-numero-de-pasajeros-con-2-6-millones-en-octubre\/#article","isPartOf":{"@id":"https:\/\/nitu.mx\/index.php\/2025\/11\/09\/volaris-incrementa-en-0-6-el-numero-de-pasajeros-con-2-6-millones-en-octubre\/"},"author":{"name":"Redacci\u00f3n","@id":"https:\/\/nitu.mx\/#\/schema\/person\/4a28fe9bd65924f7c90623773daf1b0b"},"headline":"Volaris incrementa en 0.6% el n\u00famero de pasajeros con 2.6 millones en octubre","datePublished":"2025-11-10T02:49:46+00:00","dateModified":"2025-11-10T02:49:48+00:00","mainEntityOfPage":{"@id":"https:\/\/nitu.mx\/index.php\/2025\/11\/09\/volaris-incrementa-en-0-6-el-numero-de-pasajeros-con-2-6-millones-en-octubre\/"},"wordCount":307,"publisher":{"@id":"https:\/\/nitu.mx\/#\/schema\/person\/ae7a53426417292d3dd07b45a33e01bc"},"image":{"@id":"https:\/\/nitu.mx\/index.php\/2025\/11\/09\/volaris-incrementa-en-0-6-el-numero-de-pasajeros-con-2-6-millones-en-octubre\/#primaryimage"},"thumbnailUrl":"https:\/\/nitu.mx\/wp-content\/uploads\/2016\/10\/volaris-acapulco.jpg","keywords":["Enrique Beltranena","ocupaci\u00f3n","tr\u00e1fico de pasajeros","Volaris"],"articleSection":["Aerol\u00edneas"],"inLanguage":"es-MX"},{"@type":"WebPage","@id":"https:\/\/nitu.mx\/index.php\/2025\/11\/09\/volaris-incrementa-en-0-6-el-numero-de-pasajeros-con-2-6-millones-en-octubre\/","url":"https:\/\/nitu.mx\/index.php\/2025\/11\/09\/volaris-incrementa-en-0-6-el-numero-de-pasajeros-con-2-6-millones-en-octubre\/","name":"Volaris incrementa en 0.6% el n\u00famero de pasajeros con 2.6 millones en octubre - Nitu - Noticias de la Industria Turistica","isPartOf":{"@id":"https:\/\/nitu.mx\/#website"},"primaryImageOfPage":{"@id":"https:\/\/nitu.mx\/index.php\/2025\/11\/09\/volaris-incrementa-en-0-6-el-numero-de-pasajeros-con-2-6-millones-en-octubre\/#primaryimage"},"image":{"@id":"https:\/\/nitu.mx\/index.php\/2025\/11\/09\/volaris-incrementa-en-0-6-el-numero-de-pasajeros-con-2-6-millones-en-octubre\/#primaryimage"},"thumbnailUrl":"https:\/\/nitu.mx\/wp-content\/uploads\/2016\/10\/volaris-acapulco.jpg","datePublished":"2025-11-10T02:49:46+00:00","dateModified":"2025-11-10T02:49:48+00:00","breadcrumb":{"@id":"https:\/\/nitu.mx\/index.php\/2025\/11\/09\/volaris-incrementa-en-0-6-el-numero-de-pasajeros-con-2-6-millones-en-octubre\/#breadcrumb"},"inLanguage":"es-MX","potentialAction":[{"@type":"ReadAction","target":["https:\/\/nitu.mx\/index.php\/2025\/11\/09\/volaris-incrementa-en-0-6-el-numero-de-pasajeros-con-2-6-millones-en-octubre\/"]}]},{"@type":"ImageObject","inLanguage":"es-MX","@id":"https:\/\/nitu.mx\/index.php\/2025\/11\/09\/volaris-incrementa-en-0-6-el-numero-de-pasajeros-con-2-6-millones-en-octubre\/#primaryimage","url":"https:\/\/nitu.mx\/wp-content\/uploads\/2016\/10\/volaris-acapulco.jpg","contentUrl":"https:\/\/nitu.mx\/wp-content\/uploads\/2016\/10\/volaris-acapulco.jpg","width":1200,"height":743,"caption":"Volaris Canc\u00fan"},{"@type":"BreadcrumbList","@id":"https:\/\/nitu.mx\/index.php\/2025\/11\/09\/volaris-incrementa-en-0-6-el-numero-de-pasajeros-con-2-6-millones-en-octubre\/#breadcrumb","itemListElement":[{"@type":"ListItem","position":1,"name":"Inicio","item":"https:\/\/nitu.mx\/"},{"@type":"ListItem","position":2,"name":"Volaris incrementa en 0.6% el n\u00famero de pasajeros con 2.6 millones en octubre"}]},{"@type":"WebSite","@id":"https:\/\/nitu.mx\/#website","url":"https:\/\/nitu.mx\/","name":"Nitu - Noticias de la Industria Turistica","description":"Noticias de la Industria Turistica","publisher":{"@id":"https:\/\/nitu.mx\/#\/schema\/person\/ae7a53426417292d3dd07b45a33e01bc"},"alternateName":"Noticias de la Industria Turistica","potentialAction":[{"@type":"SearchAction","target":{"@type":"EntryPoint","urlTemplate":"https:\/\/nitu.mx\/?s={search_term_string}"},"query-input":"required name=search_term_string"}],"inLanguage":"es-MX"},{"@type":["Person","Organization"],"@id":"https:\/\/nitu.mx\/#\/schema\/person\/ae7a53426417292d3dd07b45a33e01bc","name":"Arturo Medina","image":{"@type":"ImageObject","inLanguage":"es-MX","@id":"https:\/\/nitu.mx\/#\/schema\/person\/image\/","url":"https:\/\/nitu.mx\/wp-content\/uploads\/2024\/04\/4A315622-1904-4D5C-B022-878CDC840E04-90x90-1.jpeg","contentUrl":"https:\/\/nitu.mx\/wp-content\/uploads\/2024\/04\/4A315622-1904-4D5C-B022-878CDC840E04-90x90-1.jpeg","width":90,"height":90,"caption":"Arturo Medina"},"logo":{"@id":"https:\/\/nitu.mx\/#\/schema\/person\/image\/"},"description":"Director NITU.mx, Egresado de la Escuela de Periodismo Carlos Septi\u00e9n Garc\u00eda. Periodista y analista especializado en turismo desde hace 35 a\u00f1os, radicado en Canc\u00fan Q.Roo. arturo@nitu.mx","sameAs":["https:\/\/nitu.mx","https:\/\/www.facebook.com\/NITUmx\/","medinacancun","https:\/\/twitter.com\/@Arturo_Medina_G"]},{"@type":"Person","@id":"https:\/\/nitu.mx\/#\/schema\/person\/4a28fe9bd65924f7c90623773daf1b0b","name":"Redacci\u00f3n","image":{"@type":"ImageObject","inLanguage":"es-MX","@id":"https:\/\/nitu.mx\/#\/schema\/person\/image\/","url":"https:\/\/secure.gravatar.com\/avatar\/5dd011c8ccfc5cd7e4c81e42252aab38?s=96&d=mm&r=g","contentUrl":"https:\/\/secure.gravatar.com\/avatar\/5dd011c8ccfc5cd7e4c81e42252aab38?s=96&d=mm&r=g","caption":"Redacci\u00f3n"},"url":"https:\/\/nitu.mx\/index.php\/author\/redaccion\/"}]}},"views":367,"_links":{"self":[{"href":"https:\/\/nitu.mx\/index.php\/wp-json\/wp\/v2\/posts\/84406"}],"collection":[{"href":"https:\/\/nitu.mx\/index.php\/wp-json\/wp\/v2\/posts"}],"about":[{"href":"https:\/\/nitu.mx\/index.php\/wp-json\/wp\/v2\/types\/post"}],"author":[{"embeddable":true,"href":"https:\/\/nitu.mx\/index.php\/wp-json\/wp\/v2\/users\/17"}],"replies":[{"embeddable":true,"href":"https:\/\/nitu.mx\/index.php\/wp-json\/wp\/v2\/comments?post=84406"}],"version-history":[{"count":1,"href":"https:\/\/nitu.mx\/index.php\/wp-json\/wp\/v2\/posts\/84406\/revisions"}],"predecessor-version":[{"id":84408,"href":"https:\/\/nitu.mx\/index.php\/wp-json\/wp\/v2\/posts\/84406\/revisions\/84408"}],"wp:featuredmedia":[{"embeddable":true,"href":"https:\/\/nitu.mx\/index.php\/wp-json\/wp\/v2\/media\/2891"}],"wp:attachment":[{"href":"https:\/\/nitu.mx\/index.php\/wp-json\/wp\/v2\/media?parent=84406"}],"wp:term":[{"taxonomy":"category","embeddable":true,"href":"https:\/\/nitu.mx\/index.php\/wp-json\/wp\/v2\/categories?post=84406"},{"taxonomy":"post_tag","embeddable":true,"href":"https:\/\/nitu.mx\/index.php\/wp-json\/wp\/v2\/tags?post=84406"}],"curies":[{"name":"wp","href":"https:\/\/api.w.org\/{rel}","templated":true}]}}