{"id":84402,"date":"2025-11-09T20:37:16","date_gmt":"2025-11-10T02:37:16","guid":{"rendered":"https:\/\/nitu.mx\/?p=84402"},"modified":"2025-11-09T20:37:17","modified_gmt":"2025-11-10T02:37:17","slug":"air-canada-inaugura-su-nueva-ruta-de-temporada-guadalajara-toronto","status":"publish","type":"post","link":"https:\/\/nitu.mx\/index.php\/2025\/11\/09\/air-canada-inaugura-su-nueva-ruta-de-temporada-guadalajara-toronto\/","title":{"rendered":"Air Canada inaugura su nueva ruta de temporada Guadalajara\u2013Toronto"},"content":{"rendered":"\n<p>Air Canada celebr\u00f3 el inicio de su nueva ruta directa que conecta Guadalajara con Toronto, un hecho que ampl\u00eda las opciones de conexi\u00f3n entre Jalisco y Canad\u00e1, adem\u00e1s de fortalecer su compromiso por fomentar el intercambio tur\u00edstico, econ\u00f3mico y cultural entre ambos pa\u00edses.<\/p>\n\n\n\n<p>Los pasajeros procedentes de Toronto fueron recibidos en el Aeropuerto Internacional Miguel Hidalgo y Costilla de Guadalajara (GDL) con m\u00fasica de mariachi y obsequios, en un gesto de bienvenida organizado por Air Canada, la Secretar\u00eda de Turismo de Jalisco, la Oficina de Visitantes y Convenciones de Guadalajara y la autoridad aeroportuaria.<\/p>\n\n\n\n<p>A partir del 5 de noviembre de 2025 y hasta mediados de abril de 2026, la ruta Guadalajara-Toronto contar\u00e1 con tres frecuencias semanales, operando los mi\u00e9rcoles, viernes y domingos. Los vuelos son operados con un Airbus A220-300, equipado con dos cabinas de servicio: Business Class, con 12 asientos, y Economy Class, con 125, ofreciendo a los pasajeros comodidad y opciones adaptadas a distintos estilos de viaje.<\/p>\n\n\n\n<p>Como parte de su compromiso con la comodidad y conectividad de los pasajeros, a partir de este a\u00f1o Air Canada ofrece\u00a0<em>Wi-Fi<\/em>\u00a0gratuito de alta velocidad en todas sus rutas entre M\u00e9xico, Norteam\u00e9rica y el Caribe.<\/p>\n\n\n\n<p><strong>Horarios de la ruta Guadalajara-Toronto:<\/strong><\/p>\n\n\n\n<figure class=\"wp-block-table\"><table><tbody><tr><td><strong>Vuelo<\/strong><\/td><td><strong>Desde<\/strong><\/td><td><strong>Hacia<\/strong><\/td><td><strong>Salida<\/strong><\/td><td><strong>Llegada<\/strong><\/td><td><strong>Frecuencias<\/strong><\/td><td><strong>Temporada<\/strong><\/td><\/tr><tr><td>AC1361<\/td><td>Guadalajara<br>(GDL)<\/td><td>Toronto (YYZ)<\/td><td>08:30<\/td><td>14:05<\/td><td>Mi\u00e9rcoles, Viernes, Domingo<\/td><td>noviembre 05, 2025 \u2013<br>abril, 2026<\/td><\/tr><tr><td>AC1360<\/td><td>Toronto (YYZ)<\/td><td>Guadalajara<br>(GDL)<\/td><td>16:45<\/td><td>21:10<\/td><td>Martes, Jueves, S\u00e1bado<\/td><td>noviembre 04, 2025 \u2013<br>abril, 2026<\/td><\/tr><\/tbody><\/table><\/figure>\n\n\n\n<p>El vuelo inaugural desde Guadalajara fue celebrado con un corte de list\u00f3n al que asistieron representantes de la aerol\u00ednea, la secretaria de Turismo de Jalisco, Michelle Fridman Hirsch; el director del Aeropuerto Internacional de Guadalajara, Cryshtian Amador Lizardi; as\u00ed como la Vicec\u00f3nsul de Canad\u00e1 en Guadalajara, Sandy Rita Tannouri.<\/p>\n\n\n\n<p>\u201cA trav\u00e9s de nuestro hub en Toronto Pearson, los pasajeros que vuelen desde Guadalajara podr\u00e1n acceder con mayor facilidad a una amplia red de destinos en Canad\u00e1, Estados Unidos, Europa y Medio Oriente, consolidando as\u00ed nuestra posici\u00f3n como una de las aerol\u00edneas internacionales con mayor conectividad desde M\u00e9xico\u201d, expres\u00f3 Luis Noriega Benet, director para Am\u00e9rica Latina y el Caribe de Air Canada.<\/p>\n\n\n\n<p>\u201cLa llegada de Air Canada y la apertura de esta conexi\u00f3n directa a Toronto reflejan el dinamismo y la creciente proyecci\u00f3n internacional del Aeropuerto de Guadalajara, que, con una infraestructura en constante expansi\u00f3n y servicios de clase mundial, est\u00e1 preparado para recibir a nuevos visitantes canadienses\u201d, se\u00f1al\u00f3 Cryshtian Amador Lizardi, director del Aeropuerto Internacional de Guadalajara.<\/p>\n\n\n\n<p>El Aeropuerto Internacional de Guadalajara se posiciona como el s\u00e9ptimo aeropuerto del pa\u00eds con mayor tr\u00e1fico hacia y desde Canad\u00e1, al sumar 74 mil pasajeros en los primeros nueve meses del a\u00f1o.<\/p>\n\n\n\n<p>Michelle Fridman Hirsch, secretaria de Turismo del estado de Jalisco destac\u00f3 que el mercado canadiense contin\u00faa expandi\u00e9ndose de manera sostenida en el estado. \u201cEn lo que va de este a\u00f1o, traemos un crecimiento del 8% en la llegada del mercado canadiense a Jalisco, que representa el 15% de todo el turismo extranjero que recibimos en este estado\u201d.<\/p>\n\n\n\n<p>Ese mismo d\u00eda por la tarde, Air Canada ofreci\u00f3 un c\u00f3ctel para celebrar la inauguraci\u00f3n de su nueva ruta desde Guadalajara. El evento reuni\u00f3 a aliados estrat\u00e9gicos de la aerol\u00ednea, incluyendo a representantes del Gobierno de Jalisco, el Consulado de Canad\u00e1 en Guadalajara, la C\u00e1mara de Comercio de Canad\u00e1, el Grupo Aeroportuario del Pac\u00edfico, la Oficina de Visitantes y Convenciones de Guadalajara, as\u00ed como Agencias de Viajes y medios de comunicaci\u00f3n. <\/p>\n","protected":false},"excerpt":{"rendered":"<p>Air Canada celebr\u00f3 el inicio de su nueva ruta directa que conecta Guadalajara con Toronto, un hecho que ampl\u00eda las opciones de conexi\u00f3n entre Jalisco y Canad\u00e1, adem\u00e1s de fortalecer su compromiso por fomentar el intercambio tur\u00edstico, econ\u00f3mico y cultural entre ambos pa\u00edses. Los pasajeros procedentes de Toronto fueron recibidos en el Aeropuerto Internacional Miguel [&hellip;]<\/p>\n","protected":false},"author":17,"featured_media":84404,"comment_status":"closed","ping_status":"closed","sticky":false,"template":"","format":"standard","meta":{"footnotes":""},"categories":[29],"tags":[1700,1031,490,12599,1052],"yoast_head":"<!-- This site is optimized with the Yoast SEO plugin v22.2 - https:\/\/yoast.com\/wordpress\/plugins\/seo\/ -->\n<title>Air Canada inaugura su nueva ruta de temporada Guadalajara\u2013Toronto - Nitu - Noticias de la Industria Turistica<\/title>\n<meta name=\"robots\" content=\"index, follow, max-snippet:-1, max-image-preview:large, max-video-preview:-1\" \/>\n<link rel=\"canonical\" href=\"https:\/\/nitu.mx\/index.php\/2025\/11\/09\/air-canada-inaugura-su-nueva-ruta-de-temporada-guadalajara-toronto\/\" \/>\n<meta name=\"twitter:card\" content=\"summary_large_image\" \/>\n<meta name=\"twitter:title\" content=\"Air Canada inaugura su nueva ruta de temporada Guadalajara\u2013Toronto - Nitu - Noticias de la Industria Turistica\" \/>\n<meta name=\"twitter:description\" content=\"Air Canada celebr\u00f3 el inicio de su nueva ruta directa que conecta Guadalajara con Toronto, un hecho que ampl\u00eda las opciones de conexi\u00f3n entre Jalisco y Canad\u00e1, adem\u00e1s de fortalecer su compromiso por fomentar el intercambio tur\u00edstico, econ\u00f3mico y cultural entre ambos pa\u00edses. Los pasajeros procedentes de Toronto fueron recibidos en el Aeropuerto Internacional Miguel [&hellip;]\" \/>\n<meta name=\"twitter:image\" content=\"https:\/\/nitu.mx\/wp-content\/uploads\/2025\/11\/Air-Canada-Guadalajara-Toronto.jpg\" \/>\n<meta name=\"twitter:creator\" content=\"@NITUmx\" \/>\n<meta name=\"twitter:site\" content=\"@Arturo_Medina_G\" \/>\n<meta name=\"twitter:label1\" content=\"Escrito por\" \/>\n\t<meta name=\"twitter:data1\" content=\"Redacci\u00f3n\" \/>\n\t<meta name=\"twitter:label2\" content=\"Tiempo de lectura\" \/>\n\t<meta name=\"twitter:data2\" content=\"3 minutos\" \/>\n<script type=\"application\/ld+json\" class=\"yoast-schema-graph\">{\"@context\":\"https:\/\/schema.org\",\"@graph\":[{\"@type\":\"Article\",\"@id\":\"https:\/\/nitu.mx\/index.php\/2025\/11\/09\/air-canada-inaugura-su-nueva-ruta-de-temporada-guadalajara-toronto\/#article\",\"isPartOf\":{\"@id\":\"https:\/\/nitu.mx\/index.php\/2025\/11\/09\/air-canada-inaugura-su-nueva-ruta-de-temporada-guadalajara-toronto\/\"},\"author\":{\"name\":\"Redacci\u00f3n\",\"@id\":\"https:\/\/nitu.mx\/#\/schema\/person\/4a28fe9bd65924f7c90623773daf1b0b\"},\"headline\":\"Air Canada inaugura su nueva ruta de temporada Guadalajara\u2013Toronto\",\"datePublished\":\"2025-11-10T02:37:16+00:00\",\"dateModified\":\"2025-11-10T02:37:17+00:00\",\"mainEntityOfPage\":{\"@id\":\"https:\/\/nitu.mx\/index.php\/2025\/11\/09\/air-canada-inaugura-su-nueva-ruta-de-temporada-guadalajara-toronto\/\"},\"wordCount\":600,\"publisher\":{\"@id\":\"https:\/\/nitu.mx\/#\/schema\/person\/ae7a53426417292d3dd07b45a33e01bc\"},\"image\":{\"@id\":\"https:\/\/nitu.mx\/index.php\/2025\/11\/09\/air-canada-inaugura-su-nueva-ruta-de-temporada-guadalajara-toronto\/#primaryimage\"},\"thumbnailUrl\":\"https:\/\/nitu.mx\/wp-content\/uploads\/2025\/11\/Air-Canada-Guadalajara-Toronto.jpg\",\"keywords\":[\"Air Canada\",\"Canad\u00e1\",\"Guadalajara\",\"Michelle Fridman\",\"Toronto\"],\"articleSection\":[\"Aerol\u00edneas\"],\"inLanguage\":\"es-MX\"},{\"@type\":\"WebPage\",\"@id\":\"https:\/\/nitu.mx\/index.php\/2025\/11\/09\/air-canada-inaugura-su-nueva-ruta-de-temporada-guadalajara-toronto\/\",\"url\":\"https:\/\/nitu.mx\/index.php\/2025\/11\/09\/air-canada-inaugura-su-nueva-ruta-de-temporada-guadalajara-toronto\/\",\"name\":\"Air Canada inaugura su nueva ruta de temporada Guadalajara\u2013Toronto - Nitu - Noticias de la Industria Turistica\",\"isPartOf\":{\"@id\":\"https:\/\/nitu.mx\/#website\"},\"primaryImageOfPage\":{\"@id\":\"https:\/\/nitu.mx\/index.php\/2025\/11\/09\/air-canada-inaugura-su-nueva-ruta-de-temporada-guadalajara-toronto\/#primaryimage\"},\"image\":{\"@id\":\"https:\/\/nitu.mx\/index.php\/2025\/11\/09\/air-canada-inaugura-su-nueva-ruta-de-temporada-guadalajara-toronto\/#primaryimage\"},\"thumbnailUrl\":\"https:\/\/nitu.mx\/wp-content\/uploads\/2025\/11\/Air-Canada-Guadalajara-Toronto.jpg\",\"datePublished\":\"2025-11-10T02:37:16+00:00\",\"dateModified\":\"2025-11-10T02:37:17+00:00\",\"breadcrumb\":{\"@id\":\"https:\/\/nitu.mx\/index.php\/2025\/11\/09\/air-canada-inaugura-su-nueva-ruta-de-temporada-guadalajara-toronto\/#breadcrumb\"},\"inLanguage\":\"es-MX\",\"potentialAction\":[{\"@type\":\"ReadAction\",\"target\":[\"https:\/\/nitu.mx\/index.php\/2025\/11\/09\/air-canada-inaugura-su-nueva-ruta-de-temporada-guadalajara-toronto\/\"]}]},{\"@type\":\"ImageObject\",\"inLanguage\":\"es-MX\",\"@id\":\"https:\/\/nitu.mx\/index.php\/2025\/11\/09\/air-canada-inaugura-su-nueva-ruta-de-temporada-guadalajara-toronto\/#primaryimage\",\"url\":\"https:\/\/nitu.mx\/wp-content\/uploads\/2025\/11\/Air-Canada-Guadalajara-Toronto.jpg\",\"contentUrl\":\"https:\/\/nitu.mx\/wp-content\/uploads\/2025\/11\/Air-Canada-Guadalajara-Toronto.jpg\",\"width\":1200,\"height\":675,\"caption\":\"Air Canada Guadalajara-Toronto\"},{\"@type\":\"BreadcrumbList\",\"@id\":\"https:\/\/nitu.mx\/index.php\/2025\/11\/09\/air-canada-inaugura-su-nueva-ruta-de-temporada-guadalajara-toronto\/#breadcrumb\",\"itemListElement\":[{\"@type\":\"ListItem\",\"position\":1,\"name\":\"Inicio\",\"item\":\"https:\/\/nitu.mx\/\"},{\"@type\":\"ListItem\",\"position\":2,\"name\":\"Air Canada inaugura su nueva ruta de temporada Guadalajara\u2013Toronto\"}]},{\"@type\":\"WebSite\",\"@id\":\"https:\/\/nitu.mx\/#website\",\"url\":\"https:\/\/nitu.mx\/\",\"name\":\"Nitu - Noticias de la Industria Turistica\",\"description\":\"Noticias de la Industria Turistica\",\"publisher\":{\"@id\":\"https:\/\/nitu.mx\/#\/schema\/person\/ae7a53426417292d3dd07b45a33e01bc\"},\"alternateName\":\"Noticias de la Industria Turistica\",\"potentialAction\":[{\"@type\":\"SearchAction\",\"target\":{\"@type\":\"EntryPoint\",\"urlTemplate\":\"https:\/\/nitu.mx\/?s={search_term_string}\"},\"query-input\":\"required name=search_term_string\"}],\"inLanguage\":\"es-MX\"},{\"@type\":[\"Person\",\"Organization\"],\"@id\":\"https:\/\/nitu.mx\/#\/schema\/person\/ae7a53426417292d3dd07b45a33e01bc\",\"name\":\"Arturo Medina\",\"image\":{\"@type\":\"ImageObject\",\"inLanguage\":\"es-MX\",\"@id\":\"https:\/\/nitu.mx\/#\/schema\/person\/image\/\",\"url\":\"https:\/\/nitu.mx\/wp-content\/uploads\/2024\/04\/4A315622-1904-4D5C-B022-878CDC840E04-90x90-1.jpeg\",\"contentUrl\":\"https:\/\/nitu.mx\/wp-content\/uploads\/2024\/04\/4A315622-1904-4D5C-B022-878CDC840E04-90x90-1.jpeg\",\"width\":90,\"height\":90,\"caption\":\"Arturo Medina\"},\"logo\":{\"@id\":\"https:\/\/nitu.mx\/#\/schema\/person\/image\/\"},\"description\":\"Director NITU.mx, Egresado de la Escuela de Periodismo Carlos Septi\u00e9n Garc\u00eda. Periodista y analista especializado en turismo desde hace 35 a\u00f1os, radicado en Canc\u00fan Q.Roo. arturo@nitu.mx\",\"sameAs\":[\"https:\/\/nitu.mx\",\"https:\/\/www.facebook.com\/NITUmx\/\",\"medinacancun\",\"https:\/\/twitter.com\/@Arturo_Medina_G\"]},{\"@type\":\"Person\",\"@id\":\"https:\/\/nitu.mx\/#\/schema\/person\/4a28fe9bd65924f7c90623773daf1b0b\",\"name\":\"Redacci\u00f3n\",\"image\":{\"@type\":\"ImageObject\",\"inLanguage\":\"es-MX\",\"@id\":\"https:\/\/nitu.mx\/#\/schema\/person\/image\/\",\"url\":\"https:\/\/secure.gravatar.com\/avatar\/5dd011c8ccfc5cd7e4c81e42252aab38?s=96&d=mm&r=g\",\"contentUrl\":\"https:\/\/secure.gravatar.com\/avatar\/5dd011c8ccfc5cd7e4c81e42252aab38?s=96&d=mm&r=g\",\"caption\":\"Redacci\u00f3n\"},\"url\":\"https:\/\/nitu.mx\/index.php\/author\/redaccion\/\"}]}<\/script>\n<!-- \/ Yoast SEO plugin. -->","yoast_head_json":{"title":"Air Canada inaugura su nueva ruta de temporada Guadalajara\u2013Toronto - Nitu - Noticias de la Industria Turistica","robots":{"index":"index","follow":"follow","max-snippet":"max-snippet:-1","max-image-preview":"max-image-preview:large","max-video-preview":"max-video-preview:-1"},"canonical":"https:\/\/nitu.mx\/index.php\/2025\/11\/09\/air-canada-inaugura-su-nueva-ruta-de-temporada-guadalajara-toronto\/","twitter_card":"summary_large_image","twitter_title":"Air Canada inaugura su nueva ruta de temporada Guadalajara\u2013Toronto - Nitu - Noticias de la Industria Turistica","twitter_description":"Air Canada celebr\u00f3 el inicio de su nueva ruta directa que conecta Guadalajara con Toronto, un hecho que ampl\u00eda las opciones de conexi\u00f3n entre Jalisco y Canad\u00e1, adem\u00e1s de fortalecer su compromiso por fomentar el intercambio tur\u00edstico, econ\u00f3mico y cultural entre ambos pa\u00edses. Los pasajeros procedentes de Toronto fueron recibidos en el Aeropuerto Internacional Miguel [&hellip;]","twitter_image":"https:\/\/nitu.mx\/wp-content\/uploads\/2025\/11\/Air-Canada-Guadalajara-Toronto.jpg","twitter_creator":"@NITUmx","twitter_site":"@Arturo_Medina_G","twitter_misc":{"Escrito por":"Redacci\u00f3n","Tiempo de lectura":"3 minutos"},"schema":{"@context":"https:\/\/schema.org","@graph":[{"@type":"Article","@id":"https:\/\/nitu.mx\/index.php\/2025\/11\/09\/air-canada-inaugura-su-nueva-ruta-de-temporada-guadalajara-toronto\/#article","isPartOf":{"@id":"https:\/\/nitu.mx\/index.php\/2025\/11\/09\/air-canada-inaugura-su-nueva-ruta-de-temporada-guadalajara-toronto\/"},"author":{"name":"Redacci\u00f3n","@id":"https:\/\/nitu.mx\/#\/schema\/person\/4a28fe9bd65924f7c90623773daf1b0b"},"headline":"Air Canada inaugura su nueva ruta de temporada Guadalajara\u2013Toronto","datePublished":"2025-11-10T02:37:16+00:00","dateModified":"2025-11-10T02:37:17+00:00","mainEntityOfPage":{"@id":"https:\/\/nitu.mx\/index.php\/2025\/11\/09\/air-canada-inaugura-su-nueva-ruta-de-temporada-guadalajara-toronto\/"},"wordCount":600,"publisher":{"@id":"https:\/\/nitu.mx\/#\/schema\/person\/ae7a53426417292d3dd07b45a33e01bc"},"image":{"@id":"https:\/\/nitu.mx\/index.php\/2025\/11\/09\/air-canada-inaugura-su-nueva-ruta-de-temporada-guadalajara-toronto\/#primaryimage"},"thumbnailUrl":"https:\/\/nitu.mx\/wp-content\/uploads\/2025\/11\/Air-Canada-Guadalajara-Toronto.jpg","keywords":["Air Canada","Canad\u00e1","Guadalajara","Michelle Fridman","Toronto"],"articleSection":["Aerol\u00edneas"],"inLanguage":"es-MX"},{"@type":"WebPage","@id":"https:\/\/nitu.mx\/index.php\/2025\/11\/09\/air-canada-inaugura-su-nueva-ruta-de-temporada-guadalajara-toronto\/","url":"https:\/\/nitu.mx\/index.php\/2025\/11\/09\/air-canada-inaugura-su-nueva-ruta-de-temporada-guadalajara-toronto\/","name":"Air Canada inaugura su nueva ruta de temporada Guadalajara\u2013Toronto - Nitu - Noticias de la Industria Turistica","isPartOf":{"@id":"https:\/\/nitu.mx\/#website"},"primaryImageOfPage":{"@id":"https:\/\/nitu.mx\/index.php\/2025\/11\/09\/air-canada-inaugura-su-nueva-ruta-de-temporada-guadalajara-toronto\/#primaryimage"},"image":{"@id":"https:\/\/nitu.mx\/index.php\/2025\/11\/09\/air-canada-inaugura-su-nueva-ruta-de-temporada-guadalajara-toronto\/#primaryimage"},"thumbnailUrl":"https:\/\/nitu.mx\/wp-content\/uploads\/2025\/11\/Air-Canada-Guadalajara-Toronto.jpg","datePublished":"2025-11-10T02:37:16+00:00","dateModified":"2025-11-10T02:37:17+00:00","breadcrumb":{"@id":"https:\/\/nitu.mx\/index.php\/2025\/11\/09\/air-canada-inaugura-su-nueva-ruta-de-temporada-guadalajara-toronto\/#breadcrumb"},"inLanguage":"es-MX","potentialAction":[{"@type":"ReadAction","target":["https:\/\/nitu.mx\/index.php\/2025\/11\/09\/air-canada-inaugura-su-nueva-ruta-de-temporada-guadalajara-toronto\/"]}]},{"@type":"ImageObject","inLanguage":"es-MX","@id":"https:\/\/nitu.mx\/index.php\/2025\/11\/09\/air-canada-inaugura-su-nueva-ruta-de-temporada-guadalajara-toronto\/#primaryimage","url":"https:\/\/nitu.mx\/wp-content\/uploads\/2025\/11\/Air-Canada-Guadalajara-Toronto.jpg","contentUrl":"https:\/\/nitu.mx\/wp-content\/uploads\/2025\/11\/Air-Canada-Guadalajara-Toronto.jpg","width":1200,"height":675,"caption":"Air Canada Guadalajara-Toronto"},{"@type":"BreadcrumbList","@id":"https:\/\/nitu.mx\/index.php\/2025\/11\/09\/air-canada-inaugura-su-nueva-ruta-de-temporada-guadalajara-toronto\/#breadcrumb","itemListElement":[{"@type":"ListItem","position":1,"name":"Inicio","item":"https:\/\/nitu.mx\/"},{"@type":"ListItem","position":2,"name":"Air Canada inaugura su nueva ruta de temporada Guadalajara\u2013Toronto"}]},{"@type":"WebSite","@id":"https:\/\/nitu.mx\/#website","url":"https:\/\/nitu.mx\/","name":"Nitu - Noticias de la Industria Turistica","description":"Noticias de la Industria Turistica","publisher":{"@id":"https:\/\/nitu.mx\/#\/schema\/person\/ae7a53426417292d3dd07b45a33e01bc"},"alternateName":"Noticias de la Industria Turistica","potentialAction":[{"@type":"SearchAction","target":{"@type":"EntryPoint","urlTemplate":"https:\/\/nitu.mx\/?s={search_term_string}"},"query-input":"required name=search_term_string"}],"inLanguage":"es-MX"},{"@type":["Person","Organization"],"@id":"https:\/\/nitu.mx\/#\/schema\/person\/ae7a53426417292d3dd07b45a33e01bc","name":"Arturo Medina","image":{"@type":"ImageObject","inLanguage":"es-MX","@id":"https:\/\/nitu.mx\/#\/schema\/person\/image\/","url":"https:\/\/nitu.mx\/wp-content\/uploads\/2024\/04\/4A315622-1904-4D5C-B022-878CDC840E04-90x90-1.jpeg","contentUrl":"https:\/\/nitu.mx\/wp-content\/uploads\/2024\/04\/4A315622-1904-4D5C-B022-878CDC840E04-90x90-1.jpeg","width":90,"height":90,"caption":"Arturo Medina"},"logo":{"@id":"https:\/\/nitu.mx\/#\/schema\/person\/image\/"},"description":"Director NITU.mx, Egresado de la Escuela de Periodismo Carlos Septi\u00e9n Garc\u00eda. Periodista y analista especializado en turismo desde hace 35 a\u00f1os, radicado en Canc\u00fan Q.Roo. arturo@nitu.mx","sameAs":["https:\/\/nitu.mx","https:\/\/www.facebook.com\/NITUmx\/","medinacancun","https:\/\/twitter.com\/@Arturo_Medina_G"]},{"@type":"Person","@id":"https:\/\/nitu.mx\/#\/schema\/person\/4a28fe9bd65924f7c90623773daf1b0b","name":"Redacci\u00f3n","image":{"@type":"ImageObject","inLanguage":"es-MX","@id":"https:\/\/nitu.mx\/#\/schema\/person\/image\/","url":"https:\/\/secure.gravatar.com\/avatar\/5dd011c8ccfc5cd7e4c81e42252aab38?s=96&d=mm&r=g","contentUrl":"https:\/\/secure.gravatar.com\/avatar\/5dd011c8ccfc5cd7e4c81e42252aab38?s=96&d=mm&r=g","caption":"Redacci\u00f3n"},"url":"https:\/\/nitu.mx\/index.php\/author\/redaccion\/"}]}},"views":583,"_links":{"self":[{"href":"https:\/\/nitu.mx\/index.php\/wp-json\/wp\/v2\/posts\/84402"}],"collection":[{"href":"https:\/\/nitu.mx\/index.php\/wp-json\/wp\/v2\/posts"}],"about":[{"href":"https:\/\/nitu.mx\/index.php\/wp-json\/wp\/v2\/types\/post"}],"author":[{"embeddable":true,"href":"https:\/\/nitu.mx\/index.php\/wp-json\/wp\/v2\/users\/17"}],"replies":[{"embeddable":true,"href":"https:\/\/nitu.mx\/index.php\/wp-json\/wp\/v2\/comments?post=84402"}],"version-history":[{"count":1,"href":"https:\/\/nitu.mx\/index.php\/wp-json\/wp\/v2\/posts\/84402\/revisions"}],"predecessor-version":[{"id":84405,"href":"https:\/\/nitu.mx\/index.php\/wp-json\/wp\/v2\/posts\/84402\/revisions\/84405"}],"wp:featuredmedia":[{"embeddable":true,"href":"https:\/\/nitu.mx\/index.php\/wp-json\/wp\/v2\/media\/84404"}],"wp:attachment":[{"href":"https:\/\/nitu.mx\/index.php\/wp-json\/wp\/v2\/media?parent=84402"}],"wp:term":[{"taxonomy":"category","embeddable":true,"href":"https:\/\/nitu.mx\/index.php\/wp-json\/wp\/v2\/categories?post=84402"},{"taxonomy":"post_tag","embeddable":true,"href":"https:\/\/nitu.mx\/index.php\/wp-json\/wp\/v2\/tags?post=84402"}],"curies":[{"name":"wp","href":"https:\/\/api.w.org\/{rel}","templated":true}]}}