{"id":84393,"date":"2025-11-06T21:24:43","date_gmt":"2025-11-07T03:24:43","guid":{"rendered":"https:\/\/nitu.mx\/?p=84393"},"modified":"2025-11-06T21:24:43","modified_gmt":"2025-11-07T03:24:43","slug":"caribe-mexicano-cierra-con-exito-su-participacion-en-el-wtm-2025-en-londres","status":"publish","type":"post","link":"https:\/\/nitu.mx\/index.php\/2025\/11\/06\/caribe-mexicano-cierra-con-exito-su-participacion-en-el-wtm-2025-en-londres\/","title":{"rendered":"Caribe mexicano cierra con \u00e9xito su participaci\u00f3n en el WTM 2025 en Londres"},"content":{"rendered":"\n<p>La participaci\u00f3n del Caribe Mexicano en la World Travel Market (WTM) Londres 2025 concluy\u00f3 con resultados sobresalientes que consolidan la presencia de Quintana Roo en el mercado europeo, impulsando la promoci\u00f3n de los destinos tur\u00edsticos del estado ante los principales socios estrat\u00e9gicos de la industria global.<\/p>\n\n\n\n<p>Durante los tres d\u00edas de la feria, la Secretar\u00eda de Estatal Turismo (SEDETUR), junto con el Consejo de Promoci\u00f3n Tur\u00edstica de Quintana Roo (CPTQ), mantuvieron una amplia agenda de reuniones con importantes aerol\u00edneas, mayoristas y socios comerciales.<\/p>\n\n\n\n<p>La presencia del Caribe Mexicano dentro del pabell\u00f3n de M\u00e9xico fue destacada, contando con un \u00e1rea espec\u00edfica y una representaci\u00f3n especial de Tulum, junto a todos los destinos que conforman esta regi\u00f3n tur\u00edstica.<\/p>\n\n\n\n<p>Entre los principales acuerdos logrados, se concret\u00f3 con TUI Group, la mayor empresa de turismo integrado del mundo dedicada a la comercializaci\u00f3n de viajes a nivel global con diversos servicios como aerol\u00edneas, cruceros, hoteles, turoperadores y agencias de viajes, un apoyo conjunto en materia de marketing para fortalecer la presencia del Caribe Mexicano y aumentar la afluencia tur\u00edstica desde el Reino Unido.<\/p>\n\n\n\n<p>Como parte de esta colaboraci\u00f3n, TUI destin\u00f3 banners especiales dedicados a Tulum, Canc\u00fan y la Riviera Maya, impulsando la venta de estos destinos en coordinaci\u00f3n con el CPTQ.<\/p>\n\n\n\n<p>Por otro lado, la arol\u00ednea British Airways confirm\u00f3 la continuidad de su operaci\u00f3n diaria hacia Canc\u00fan durante 2026, gracias a los altos factores de ocupaci\u00f3n que registran sus vuelos, mientras que Virgin Atlantic consolida su retorno al destino con excelentes niveles de ocupaci\u00f3n y campa\u00f1as cooperativas respaldadas por el Gobierno del Estado.<\/p>\n\n\n<div class=\"wp-block-image\">\n<figure class=\"alignright size-large is-resized\"><img decoding=\"async\" loading=\"lazy\" width=\"1024\" height=\"576\" src=\"https:\/\/nitu.mx\/wp-content\/uploads\/2025\/11\/Caribe-Mexicano-en-WTM-2025-2-1024x576.jpg\" alt=\"\" class=\"wp-image-84395\" style=\"aspect-ratio:1.7777777777777777;width:456px;height:auto\" srcset=\"https:\/\/nitu.mx\/wp-content\/uploads\/2025\/11\/Caribe-Mexicano-en-WTM-2025-2-1024x576.jpg 1024w, https:\/\/nitu.mx\/wp-content\/uploads\/2025\/11\/Caribe-Mexicano-en-WTM-2025-2-300x168.jpg 300w, https:\/\/nitu.mx\/wp-content\/uploads\/2025\/11\/Caribe-Mexicano-en-WTM-2025-2-768x432.jpg 768w, https:\/\/nitu.mx\/wp-content\/uploads\/2025\/11\/Caribe-Mexicano-en-WTM-2025-2-990x557.jpg 990w, https:\/\/nitu.mx\/wp-content\/uploads\/2025\/11\/Caribe-Mexicano-en-WTM-2025-2-470x264.jpg 470w, https:\/\/nitu.mx\/wp-content\/uploads\/2025\/11\/Caribe-Mexicano-en-WTM-2025-2-640x360.jpg 640w, https:\/\/nitu.mx\/wp-content\/uploads\/2025\/11\/Caribe-Mexicano-en-WTM-2025-2-215x120.jpg 215w, https:\/\/nitu.mx\/wp-content\/uploads\/2025\/11\/Caribe-Mexicano-en-WTM-2025-2-414x232.jpg 414w, https:\/\/nitu.mx\/wp-content\/uploads\/2025\/11\/Caribe-Mexicano-en-WTM-2025-2.jpg 1200w\" sizes=\"(max-width: 1024px) 100vw, 1024px\" \/><\/figure><\/div>\n\n\n<p>Otro de los logros destacados fue el anuncio de Aer Lingus, que iniciar\u00e1 su vuelo directo Dubl\u00edn\u2013Canc\u00fan el pr\u00f3ximo 6 de enero de 2026, acompa\u00f1ado de una campa\u00f1a conjunta de promoci\u00f3n activa desde septiembre 2025, la cual ya ha tenido una excelente respuesta en reservas. <\/p>\n\n\n\n<p>Por su parte, HotelBeds proyect\u00f3 de manera permanente en su pantalla principal un video promocional con todos los destinos del Caribe Mexicano durante los d\u00edas de la feria, lo que contribuy\u00f3 significativamente a la visibilidad del destino entre los profesionales de la industria tur\u00edstica internacional.<\/p>\n\n\n\n<p>Durante la feria se sostuvieron reuniones estrat\u00e9gicas con \u00c1voris, Soltour, W2Meet y El Corte Ingl\u00e9s, con el prop\u00f3sito de reforzar la presencia del Caribe Mexicano rumbo a FITUR 2026 y asegurar el crecimiento del flujo tur\u00edstico proveniente de Espa\u00f1a y Portugal.<\/p>\n\n\n\n<p>Con estos resultados, Quintana Roo contin\u00faa fortaleciendo su presencia en los principales mercados emisores de Europa, consolidando su posici\u00f3n como l\u00edder tur\u00edstico de M\u00e9xico y Am\u00e9rica Latina y reafirmando su compromiso con el desarrollo econ\u00f3mico, social y ambiental del estado a trav\u00e9s de un turismo inclusivo y sustentable como se establece en el Nuevo Acuerdo por el Bienestar y Desarrollo que promueve la gobernadora Mara Lezama Espinosa.<\/p>\n\n\n\n<p>Asimismo, el titular de SEDETUR, Bernardo Cueto sostuvo una reuni\u00f3n clave con la Jefa de la Selecci\u00f3n de las Alertas de Viaje del Ministerio de Relaciones Exteriores del Reino Unido, un encuentro altamente productivo que refuerza la cooperaci\u00f3n bilateral y las estrategias para mejorar la percepci\u00f3n y seguridad de los destinos tur\u00edsticos del Caribe Mexicano entre los viajeros brit\u00e1nicos.<\/p>\n\n\n\n<p>Cueto Riestra, destac\u00f3 la relevancia de estos logros para la diversificaci\u00f3n de mercados y el posicionamiento internacional del Caribe Mexicano:<\/p>\n\n\n\n<p>\u201cLa participaci\u00f3n del Caribe Mexicano en WTM Londres 2025 reafirma el liderazgo tur\u00edstico de Quintana Roo en el \u00e1mbito global. Gracias al impulso y respaldo de la gobernadora Mara Lezama, seguimos consolidando acuerdos estrat\u00e9gicos que garantizan una promoci\u00f3n efectiva de todos nuestros destinos y fortalecen la conectividad con Europa, contribuyendo as\u00ed al bienestar de las y los quintanarroenses a trav\u00e9s del turismo sostenible y responsable\u201d dijo. (<a href=\"https:\/\/nitu.mx\/index.php\/2025\/11\/04\/fortalece-quintana-roo-su-presencia-en-el-mercado-britanico-al-participar-en-el-wtm-2025-en-londres\/\">Fortalece Quintana Roo su presencia en el mercado brit\u00e1nico al participar en el WTM 2025 en Londres<\/a>).<\/p>\n","protected":false},"excerpt":{"rendered":"<p>La participaci\u00f3n del Caribe Mexicano en la World Travel Market (WTM) Londres 2025 concluy\u00f3 con resultados sobresalientes que consolidan la presencia de Quintana Roo en el mercado europeo, impulsando la promoci\u00f3n de los destinos tur\u00edsticos del estado ante los principales socios estrat\u00e9gicos de la industria global. Durante los tres d\u00edas de la feria, la Secretar\u00eda [&hellip;]<\/p>\n","protected":false},"author":17,"featured_media":84396,"comment_status":"closed","ping_status":"closed","sticky":false,"template":"","format":"standard","meta":{"footnotes":""},"categories":[18475],"tags":[13931,1507,260,1153,7644,6499],"yoast_head":"<!-- This site is optimized with the Yoast SEO plugin v22.2 - https:\/\/yoast.com\/wordpress\/plugins\/seo\/ -->\n<title>Caribe mexicano cierra con \u00e9xito su participaci\u00f3n en el WTM 2025 en Londres - Nitu - Noticias de la Industria Turistica<\/title>\n<meta name=\"robots\" content=\"index, follow, max-snippet:-1, max-image-preview:large, max-video-preview:-1\" \/>\n<link rel=\"canonical\" href=\"https:\/\/nitu.mx\/index.php\/2025\/11\/06\/caribe-mexicano-cierra-con-exito-su-participacion-en-el-wtm-2025-en-londres\/\" \/>\n<meta name=\"twitter:card\" content=\"summary_large_image\" \/>\n<meta name=\"twitter:title\" content=\"Caribe mexicano cierra con \u00e9xito su participaci\u00f3n en el WTM 2025 en Londres - Nitu - Noticias de la Industria Turistica\" \/>\n<meta name=\"twitter:description\" content=\"La participaci\u00f3n del Caribe Mexicano en la World Travel Market (WTM) Londres 2025 concluy\u00f3 con resultados sobresalientes que consolidan la presencia de Quintana Roo en el mercado europeo, impulsando la promoci\u00f3n de los destinos tur\u00edsticos del estado ante los principales socios estrat\u00e9gicos de la industria global. Durante los tres d\u00edas de la feria, la Secretar\u00eda [&hellip;]\" \/>\n<meta name=\"twitter:image\" content=\"https:\/\/nitu.mx\/wp-content\/uploads\/2025\/11\/Caribe-Mexicano-en-WTM-2025.jpg\" \/>\n<meta name=\"twitter:creator\" content=\"@NITUmx\" \/>\n<meta name=\"twitter:site\" content=\"@Arturo_Medina_G\" \/>\n<meta name=\"twitter:label1\" content=\"Escrito por\" \/>\n\t<meta name=\"twitter:data1\" content=\"Redacci\u00f3n\" \/>\n\t<meta name=\"twitter:label2\" content=\"Tiempo de lectura\" \/>\n\t<meta name=\"twitter:data2\" content=\"3 minutos\" \/>\n<script type=\"application\/ld+json\" class=\"yoast-schema-graph\">{\"@context\":\"https:\/\/schema.org\",\"@graph\":[{\"@type\":\"Article\",\"@id\":\"https:\/\/nitu.mx\/index.php\/2025\/11\/06\/caribe-mexicano-cierra-con-exito-su-participacion-en-el-wtm-2025-en-londres\/#article\",\"isPartOf\":{\"@id\":\"https:\/\/nitu.mx\/index.php\/2025\/11\/06\/caribe-mexicano-cierra-con-exito-su-participacion-en-el-wtm-2025-en-londres\/\"},\"author\":{\"name\":\"Redacci\u00f3n\",\"@id\":\"https:\/\/nitu.mx\/#\/schema\/person\/4a28fe9bd65924f7c90623773daf1b0b\"},\"headline\":\"Caribe mexicano cierra con \u00e9xito su participaci\u00f3n en el WTM 2025 en Londres\",\"datePublished\":\"2025-11-07T03:24:43+00:00\",\"dateModified\":\"2025-11-07T03:24:43+00:00\",\"mainEntityOfPage\":{\"@id\":\"https:\/\/nitu.mx\/index.php\/2025\/11\/06\/caribe-mexicano-cierra-con-exito-su-participacion-en-el-wtm-2025-en-londres\/\"},\"wordCount\":686,\"publisher\":{\"@id\":\"https:\/\/nitu.mx\/#\/schema\/person\/ae7a53426417292d3dd07b45a33e01bc\"},\"image\":{\"@id\":\"https:\/\/nitu.mx\/index.php\/2025\/11\/06\/caribe-mexicano-cierra-con-exito-su-participacion-en-el-wtm-2025-en-londres\/#primaryimage\"},\"thumbnailUrl\":\"https:\/\/nitu.mx\/wp-content\/uploads\/2025\/11\/Caribe-Mexicano-en-WTM-2025.jpg\",\"keywords\":[\"Bernardo Cueto\",\"British Airways\",\"Quintana Roo\",\"Sedetur\",\"TUI\",\"WTM\"],\"articleSection\":[\"Caribe Mexicano\"],\"inLanguage\":\"es-MX\"},{\"@type\":\"WebPage\",\"@id\":\"https:\/\/nitu.mx\/index.php\/2025\/11\/06\/caribe-mexicano-cierra-con-exito-su-participacion-en-el-wtm-2025-en-londres\/\",\"url\":\"https:\/\/nitu.mx\/index.php\/2025\/11\/06\/caribe-mexicano-cierra-con-exito-su-participacion-en-el-wtm-2025-en-londres\/\",\"name\":\"Caribe mexicano cierra con \u00e9xito su participaci\u00f3n en el WTM 2025 en Londres - Nitu - Noticias de la Industria Turistica\",\"isPartOf\":{\"@id\":\"https:\/\/nitu.mx\/#website\"},\"primaryImageOfPage\":{\"@id\":\"https:\/\/nitu.mx\/index.php\/2025\/11\/06\/caribe-mexicano-cierra-con-exito-su-participacion-en-el-wtm-2025-en-londres\/#primaryimage\"},\"image\":{\"@id\":\"https:\/\/nitu.mx\/index.php\/2025\/11\/06\/caribe-mexicano-cierra-con-exito-su-participacion-en-el-wtm-2025-en-londres\/#primaryimage\"},\"thumbnailUrl\":\"https:\/\/nitu.mx\/wp-content\/uploads\/2025\/11\/Caribe-Mexicano-en-WTM-2025.jpg\",\"datePublished\":\"2025-11-07T03:24:43+00:00\",\"dateModified\":\"2025-11-07T03:24:43+00:00\",\"breadcrumb\":{\"@id\":\"https:\/\/nitu.mx\/index.php\/2025\/11\/06\/caribe-mexicano-cierra-con-exito-su-participacion-en-el-wtm-2025-en-londres\/#breadcrumb\"},\"inLanguage\":\"es-MX\",\"potentialAction\":[{\"@type\":\"ReadAction\",\"target\":[\"https:\/\/nitu.mx\/index.php\/2025\/11\/06\/caribe-mexicano-cierra-con-exito-su-participacion-en-el-wtm-2025-en-londres\/\"]}]},{\"@type\":\"ImageObject\",\"inLanguage\":\"es-MX\",\"@id\":\"https:\/\/nitu.mx\/index.php\/2025\/11\/06\/caribe-mexicano-cierra-con-exito-su-participacion-en-el-wtm-2025-en-londres\/#primaryimage\",\"url\":\"https:\/\/nitu.mx\/wp-content\/uploads\/2025\/11\/Caribe-Mexicano-en-WTM-2025.jpg\",\"contentUrl\":\"https:\/\/nitu.mx\/wp-content\/uploads\/2025\/11\/Caribe-Mexicano-en-WTM-2025.jpg\",\"width\":1200,\"height\":675,\"caption\":\"Caribe Mexicano en WTM 2025\"},{\"@type\":\"BreadcrumbList\",\"@id\":\"https:\/\/nitu.mx\/index.php\/2025\/11\/06\/caribe-mexicano-cierra-con-exito-su-participacion-en-el-wtm-2025-en-londres\/#breadcrumb\",\"itemListElement\":[{\"@type\":\"ListItem\",\"position\":1,\"name\":\"Inicio\",\"item\":\"https:\/\/nitu.mx\/\"},{\"@type\":\"ListItem\",\"position\":2,\"name\":\"Caribe mexicano cierra con \u00e9xito su participaci\u00f3n en el WTM 2025 en Londres\"}]},{\"@type\":\"WebSite\",\"@id\":\"https:\/\/nitu.mx\/#website\",\"url\":\"https:\/\/nitu.mx\/\",\"name\":\"Nitu - Noticias de la Industria Turistica\",\"description\":\"Noticias de la Industria Turistica\",\"publisher\":{\"@id\":\"https:\/\/nitu.mx\/#\/schema\/person\/ae7a53426417292d3dd07b45a33e01bc\"},\"alternateName\":\"Noticias de la Industria Turistica\",\"potentialAction\":[{\"@type\":\"SearchAction\",\"target\":{\"@type\":\"EntryPoint\",\"urlTemplate\":\"https:\/\/nitu.mx\/?s={search_term_string}\"},\"query-input\":\"required name=search_term_string\"}],\"inLanguage\":\"es-MX\"},{\"@type\":[\"Person\",\"Organization\"],\"@id\":\"https:\/\/nitu.mx\/#\/schema\/person\/ae7a53426417292d3dd07b45a33e01bc\",\"name\":\"Arturo Medina\",\"image\":{\"@type\":\"ImageObject\",\"inLanguage\":\"es-MX\",\"@id\":\"https:\/\/nitu.mx\/#\/schema\/person\/image\/\",\"url\":\"https:\/\/nitu.mx\/wp-content\/uploads\/2024\/04\/4A315622-1904-4D5C-B022-878CDC840E04-90x90-1.jpeg\",\"contentUrl\":\"https:\/\/nitu.mx\/wp-content\/uploads\/2024\/04\/4A315622-1904-4D5C-B022-878CDC840E04-90x90-1.jpeg\",\"width\":90,\"height\":90,\"caption\":\"Arturo Medina\"},\"logo\":{\"@id\":\"https:\/\/nitu.mx\/#\/schema\/person\/image\/\"},\"description\":\"Director NITU.mx, Egresado de la Escuela de Periodismo Carlos Septi\u00e9n Garc\u00eda. Periodista y analista especializado en turismo desde hace 35 a\u00f1os, radicado en Canc\u00fan Q.Roo. arturo@nitu.mx\",\"sameAs\":[\"https:\/\/nitu.mx\",\"https:\/\/www.facebook.com\/NITUmx\/\",\"medinacancun\",\"https:\/\/twitter.com\/@Arturo_Medina_G\"]},{\"@type\":\"Person\",\"@id\":\"https:\/\/nitu.mx\/#\/schema\/person\/4a28fe9bd65924f7c90623773daf1b0b\",\"name\":\"Redacci\u00f3n\",\"image\":{\"@type\":\"ImageObject\",\"inLanguage\":\"es-MX\",\"@id\":\"https:\/\/nitu.mx\/#\/schema\/person\/image\/\",\"url\":\"https:\/\/secure.gravatar.com\/avatar\/5dd011c8ccfc5cd7e4c81e42252aab38?s=96&d=mm&r=g\",\"contentUrl\":\"https:\/\/secure.gravatar.com\/avatar\/5dd011c8ccfc5cd7e4c81e42252aab38?s=96&d=mm&r=g\",\"caption\":\"Redacci\u00f3n\"},\"url\":\"https:\/\/nitu.mx\/index.php\/author\/redaccion\/\"}]}<\/script>\n<!-- \/ Yoast SEO plugin. -->","yoast_head_json":{"title":"Caribe mexicano cierra con \u00e9xito su participaci\u00f3n en el WTM 2025 en Londres - Nitu - Noticias de la Industria Turistica","robots":{"index":"index","follow":"follow","max-snippet":"max-snippet:-1","max-image-preview":"max-image-preview:large","max-video-preview":"max-video-preview:-1"},"canonical":"https:\/\/nitu.mx\/index.php\/2025\/11\/06\/caribe-mexicano-cierra-con-exito-su-participacion-en-el-wtm-2025-en-londres\/","twitter_card":"summary_large_image","twitter_title":"Caribe mexicano cierra con \u00e9xito su participaci\u00f3n en el WTM 2025 en Londres - Nitu - Noticias de la Industria Turistica","twitter_description":"La participaci\u00f3n del Caribe Mexicano en la World Travel Market (WTM) Londres 2025 concluy\u00f3 con resultados sobresalientes que consolidan la presencia de Quintana Roo en el mercado europeo, impulsando la promoci\u00f3n de los destinos tur\u00edsticos del estado ante los principales socios estrat\u00e9gicos de la industria global. Durante los tres d\u00edas de la feria, la Secretar\u00eda [&hellip;]","twitter_image":"https:\/\/nitu.mx\/wp-content\/uploads\/2025\/11\/Caribe-Mexicano-en-WTM-2025.jpg","twitter_creator":"@NITUmx","twitter_site":"@Arturo_Medina_G","twitter_misc":{"Escrito por":"Redacci\u00f3n","Tiempo de lectura":"3 minutos"},"schema":{"@context":"https:\/\/schema.org","@graph":[{"@type":"Article","@id":"https:\/\/nitu.mx\/index.php\/2025\/11\/06\/caribe-mexicano-cierra-con-exito-su-participacion-en-el-wtm-2025-en-londres\/#article","isPartOf":{"@id":"https:\/\/nitu.mx\/index.php\/2025\/11\/06\/caribe-mexicano-cierra-con-exito-su-participacion-en-el-wtm-2025-en-londres\/"},"author":{"name":"Redacci\u00f3n","@id":"https:\/\/nitu.mx\/#\/schema\/person\/4a28fe9bd65924f7c90623773daf1b0b"},"headline":"Caribe mexicano cierra con \u00e9xito su participaci\u00f3n en el WTM 2025 en Londres","datePublished":"2025-11-07T03:24:43+00:00","dateModified":"2025-11-07T03:24:43+00:00","mainEntityOfPage":{"@id":"https:\/\/nitu.mx\/index.php\/2025\/11\/06\/caribe-mexicano-cierra-con-exito-su-participacion-en-el-wtm-2025-en-londres\/"},"wordCount":686,"publisher":{"@id":"https:\/\/nitu.mx\/#\/schema\/person\/ae7a53426417292d3dd07b45a33e01bc"},"image":{"@id":"https:\/\/nitu.mx\/index.php\/2025\/11\/06\/caribe-mexicano-cierra-con-exito-su-participacion-en-el-wtm-2025-en-londres\/#primaryimage"},"thumbnailUrl":"https:\/\/nitu.mx\/wp-content\/uploads\/2025\/11\/Caribe-Mexicano-en-WTM-2025.jpg","keywords":["Bernardo Cueto","British Airways","Quintana Roo","Sedetur","TUI","WTM"],"articleSection":["Caribe Mexicano"],"inLanguage":"es-MX"},{"@type":"WebPage","@id":"https:\/\/nitu.mx\/index.php\/2025\/11\/06\/caribe-mexicano-cierra-con-exito-su-participacion-en-el-wtm-2025-en-londres\/","url":"https:\/\/nitu.mx\/index.php\/2025\/11\/06\/caribe-mexicano-cierra-con-exito-su-participacion-en-el-wtm-2025-en-londres\/","name":"Caribe mexicano cierra con \u00e9xito su participaci\u00f3n en el WTM 2025 en Londres - Nitu - Noticias de la Industria Turistica","isPartOf":{"@id":"https:\/\/nitu.mx\/#website"},"primaryImageOfPage":{"@id":"https:\/\/nitu.mx\/index.php\/2025\/11\/06\/caribe-mexicano-cierra-con-exito-su-participacion-en-el-wtm-2025-en-londres\/#primaryimage"},"image":{"@id":"https:\/\/nitu.mx\/index.php\/2025\/11\/06\/caribe-mexicano-cierra-con-exito-su-participacion-en-el-wtm-2025-en-londres\/#primaryimage"},"thumbnailUrl":"https:\/\/nitu.mx\/wp-content\/uploads\/2025\/11\/Caribe-Mexicano-en-WTM-2025.jpg","datePublished":"2025-11-07T03:24:43+00:00","dateModified":"2025-11-07T03:24:43+00:00","breadcrumb":{"@id":"https:\/\/nitu.mx\/index.php\/2025\/11\/06\/caribe-mexicano-cierra-con-exito-su-participacion-en-el-wtm-2025-en-londres\/#breadcrumb"},"inLanguage":"es-MX","potentialAction":[{"@type":"ReadAction","target":["https:\/\/nitu.mx\/index.php\/2025\/11\/06\/caribe-mexicano-cierra-con-exito-su-participacion-en-el-wtm-2025-en-londres\/"]}]},{"@type":"ImageObject","inLanguage":"es-MX","@id":"https:\/\/nitu.mx\/index.php\/2025\/11\/06\/caribe-mexicano-cierra-con-exito-su-participacion-en-el-wtm-2025-en-londres\/#primaryimage","url":"https:\/\/nitu.mx\/wp-content\/uploads\/2025\/11\/Caribe-Mexicano-en-WTM-2025.jpg","contentUrl":"https:\/\/nitu.mx\/wp-content\/uploads\/2025\/11\/Caribe-Mexicano-en-WTM-2025.jpg","width":1200,"height":675,"caption":"Caribe Mexicano en WTM 2025"},{"@type":"BreadcrumbList","@id":"https:\/\/nitu.mx\/index.php\/2025\/11\/06\/caribe-mexicano-cierra-con-exito-su-participacion-en-el-wtm-2025-en-londres\/#breadcrumb","itemListElement":[{"@type":"ListItem","position":1,"name":"Inicio","item":"https:\/\/nitu.mx\/"},{"@type":"ListItem","position":2,"name":"Caribe mexicano cierra con \u00e9xito su participaci\u00f3n en el WTM 2025 en Londres"}]},{"@type":"WebSite","@id":"https:\/\/nitu.mx\/#website","url":"https:\/\/nitu.mx\/","name":"Nitu - Noticias de la Industria Turistica","description":"Noticias de la Industria Turistica","publisher":{"@id":"https:\/\/nitu.mx\/#\/schema\/person\/ae7a53426417292d3dd07b45a33e01bc"},"alternateName":"Noticias de la Industria Turistica","potentialAction":[{"@type":"SearchAction","target":{"@type":"EntryPoint","urlTemplate":"https:\/\/nitu.mx\/?s={search_term_string}"},"query-input":"required name=search_term_string"}],"inLanguage":"es-MX"},{"@type":["Person","Organization"],"@id":"https:\/\/nitu.mx\/#\/schema\/person\/ae7a53426417292d3dd07b45a33e01bc","name":"Arturo Medina","image":{"@type":"ImageObject","inLanguage":"es-MX","@id":"https:\/\/nitu.mx\/#\/schema\/person\/image\/","url":"https:\/\/nitu.mx\/wp-content\/uploads\/2024\/04\/4A315622-1904-4D5C-B022-878CDC840E04-90x90-1.jpeg","contentUrl":"https:\/\/nitu.mx\/wp-content\/uploads\/2024\/04\/4A315622-1904-4D5C-B022-878CDC840E04-90x90-1.jpeg","width":90,"height":90,"caption":"Arturo Medina"},"logo":{"@id":"https:\/\/nitu.mx\/#\/schema\/person\/image\/"},"description":"Director NITU.mx, Egresado de la Escuela de Periodismo Carlos Septi\u00e9n Garc\u00eda. Periodista y analista especializado en turismo desde hace 35 a\u00f1os, radicado en Canc\u00fan Q.Roo. arturo@nitu.mx","sameAs":["https:\/\/nitu.mx","https:\/\/www.facebook.com\/NITUmx\/","medinacancun","https:\/\/twitter.com\/@Arturo_Medina_G"]},{"@type":"Person","@id":"https:\/\/nitu.mx\/#\/schema\/person\/4a28fe9bd65924f7c90623773daf1b0b","name":"Redacci\u00f3n","image":{"@type":"ImageObject","inLanguage":"es-MX","@id":"https:\/\/nitu.mx\/#\/schema\/person\/image\/","url":"https:\/\/secure.gravatar.com\/avatar\/5dd011c8ccfc5cd7e4c81e42252aab38?s=96&d=mm&r=g","contentUrl":"https:\/\/secure.gravatar.com\/avatar\/5dd011c8ccfc5cd7e4c81e42252aab38?s=96&d=mm&r=g","caption":"Redacci\u00f3n"},"url":"https:\/\/nitu.mx\/index.php\/author\/redaccion\/"}]}},"views":455,"_links":{"self":[{"href":"https:\/\/nitu.mx\/index.php\/wp-json\/wp\/v2\/posts\/84393"}],"collection":[{"href":"https:\/\/nitu.mx\/index.php\/wp-json\/wp\/v2\/posts"}],"about":[{"href":"https:\/\/nitu.mx\/index.php\/wp-json\/wp\/v2\/types\/post"}],"author":[{"embeddable":true,"href":"https:\/\/nitu.mx\/index.php\/wp-json\/wp\/v2\/users\/17"}],"replies":[{"embeddable":true,"href":"https:\/\/nitu.mx\/index.php\/wp-json\/wp\/v2\/comments?post=84393"}],"version-history":[{"count":1,"href":"https:\/\/nitu.mx\/index.php\/wp-json\/wp\/v2\/posts\/84393\/revisions"}],"predecessor-version":[{"id":84397,"href":"https:\/\/nitu.mx\/index.php\/wp-json\/wp\/v2\/posts\/84393\/revisions\/84397"}],"wp:featuredmedia":[{"embeddable":true,"href":"https:\/\/nitu.mx\/index.php\/wp-json\/wp\/v2\/media\/84396"}],"wp:attachment":[{"href":"https:\/\/nitu.mx\/index.php\/wp-json\/wp\/v2\/media?parent=84393"}],"wp:term":[{"taxonomy":"category","embeddable":true,"href":"https:\/\/nitu.mx\/index.php\/wp-json\/wp\/v2\/categories?post=84393"},{"taxonomy":"post_tag","embeddable":true,"href":"https:\/\/nitu.mx\/index.php\/wp-json\/wp\/v2\/tags?post=84393"}],"curies":[{"name":"wp","href":"https:\/\/api.w.org\/{rel}","templated":true}]}}