{"id":84384,"date":"2025-11-06T20:40:50","date_gmt":"2025-11-07T02:40:50","guid":{"rendered":"https:\/\/nitu.mx\/?p=84384"},"modified":"2025-11-06T20:40:51","modified_gmt":"2025-11-07T02:40:51","slug":"pricetravel-holding-recibe-el-premio-the-ultimate-xtar-de-xcaret","status":"publish","type":"post","link":"https:\/\/nitu.mx\/index.php\/2025\/11\/06\/pricetravel-holding-recibe-el-premio-the-ultimate-xtar-de-xcaret\/","title":{"rendered":"PriceTravel Holding recibe el premio \u201cThe Ultimate Xtar&#8221; de Xcaret"},"content":{"rendered":"\n<p>En el marco de los Xtar Awards organizados por Grupo Xcaret, PriceTravel Holding fue reconocido con el premio \u201cThe Ultimate Xtar\u201d, una distinci\u00f3n especial que se otorga al aliado que representa la lealtad, consistencia e integridad en su relaci\u00f3n comercial.<br>\u00a0<br>Este galard\u00f3n destaca la s\u00f3lida alianza entre Grupo Xcaret y PriceTravel Holding, empresa l\u00edder en distribuci\u00f3n tur\u00edstica en Latinoam\u00e9rica, que se distingue por su compromiso con la innovaci\u00f3n, la tecnolog\u00eda y la estrategia de crecimiento en conjunto con sus socios comerciales.<br>\u00a0<br>\u201cRecibir este reconocimiento de un grupo tan emblem\u00e1tico como Xcaret nos llena de orgullo. Representa no solo la confianza construida a lo largo de los a\u00f1os, sino tambi\u00e9n nuestra visi\u00f3n compartida de impulsar un turismo sostenible, aut\u00e9ntico y de alto valor para los viajeros\u201d, se\u00f1al\u00f3 Rafael Durand, COO de PriceTravel Holding.<br>\u00a0<br>Por su parte, Bellanira Hern\u00e1ndez, Head of Supply M\u00e9xico de PriceTravel Holding, coment\u00f3: \u201cTrabajar con un aliado del nivel de Grupo Xcaret es un verdadero privilegio. Su compromiso con la excelencia y la innovaci\u00f3n inspira a todo el sector. En PriceTravel Holding sabemos que ofrecer una estrategia s\u00f3lida de promoci\u00f3n, tecnolog\u00eda y servicio es clave para que los viajeros elijan y repitan experiencias tan memorables como las que brinda Xcaret.\u201d<br>\u00a0<br>Gracias a su robusta plataforma tecnol\u00f3gica, su enfoque omnicanal y una estrategia de distribuci\u00f3n integral, PriceTravel Holding contin\u00faa fortaleciendo su posici\u00f3n como uno de los principales aliados comerciales de los hoteles m\u00e1s reconocidos de M\u00e9xico y el Caribe.<br>\u00a0<br>Hoteles Xcaret se ubica entre los top sellers dentro del portafolio de PriceTravel Holding, reflejando la preferencia de los viajeros por experiencias \u00fanicas y un servicio de excelencia.<br>\u00a0<br>PriceTravel Holding reafirma su compromiso de generar valor a trav\u00e9s de la colaboraci\u00f3n, la confianza y la innovaci\u00f3n, contribuyendo activamente al fortalecimiento del sector tur\u00edstico en M\u00e9xico y la regi\u00f3n. (<a href=\"https:\/\/nitu.mx\/index.php\/2025\/10\/23\/pricetravel-holding-reconoce-la-excelencia-turistica-con-los-evm-awards-mexico-2025\/\">PriceTravel Holding reconoce la excelencia tur\u00edstica con los EVM Awards M\u00e9xico 2025<\/a>).<\/p>\n","protected":false},"excerpt":{"rendered":"<p>En el marco de los Xtar Awards organizados por Grupo Xcaret, PriceTravel Holding fue reconocido con el premio \u201cThe Ultimate Xtar\u201d, una distinci\u00f3n especial que se otorga al aliado que representa la lealtad, consistencia e integridad en su relaci\u00f3n comercial.\u00a0Este galard\u00f3n destaca la s\u00f3lida alianza entre Grupo Xcaret y PriceTravel Holding, empresa l\u00edder en distribuci\u00f3n [&hellip;]<\/p>\n","protected":false},"author":17,"featured_media":84386,"comment_status":"closed","ping_status":"closed","sticky":false,"template":"","format":"standard","meta":{"footnotes":""},"categories":[3],"tags":[3047,2840,3088,27806],"yoast_head":"<!-- This site is optimized with the Yoast SEO plugin v22.2 - https:\/\/yoast.com\/wordpress\/plugins\/seo\/ -->\n<title>PriceTravel Holding recibe el premio \u201cThe Ultimate Xtar&quot; de Xcaret - Nitu - Noticias de la Industria Turistica<\/title>\n<meta name=\"robots\" content=\"index, follow, max-snippet:-1, max-image-preview:large, max-video-preview:-1\" \/>\n<link rel=\"canonical\" href=\"https:\/\/nitu.mx\/index.php\/2025\/11\/06\/pricetravel-holding-recibe-el-premio-the-ultimate-xtar-de-xcaret\/\" \/>\n<meta name=\"twitter:card\" content=\"summary_large_image\" \/>\n<meta name=\"twitter:title\" content=\"PriceTravel Holding recibe el premio \u201cThe Ultimate Xtar&quot; de Xcaret - Nitu - Noticias de la Industria Turistica\" \/>\n<meta name=\"twitter:description\" content=\"En el marco de los Xtar Awards organizados por Grupo Xcaret, PriceTravel Holding fue reconocido con el premio \u201cThe Ultimate Xtar\u201d, una distinci\u00f3n especial que se otorga al aliado que representa la lealtad, consistencia e integridad en su relaci\u00f3n comercial.\u00a0Este galard\u00f3n destaca la s\u00f3lida alianza entre Grupo Xcaret y PriceTravel Holding, empresa l\u00edder en distribuci\u00f3n [&hellip;]\" \/>\n<meta name=\"twitter:image\" content=\"https:\/\/nitu.mx\/wp-content\/uploads\/2025\/11\/PriceTravel-Holding-Xtar-Xcaret.jpg\" \/>\n<meta name=\"twitter:creator\" content=\"@NITUmx\" \/>\n<meta name=\"twitter:site\" content=\"@Arturo_Medina_G\" \/>\n<meta name=\"twitter:label1\" content=\"Escrito por\" \/>\n\t<meta name=\"twitter:data1\" content=\"Redacci\u00f3n\" \/>\n\t<meta name=\"twitter:label2\" content=\"Tiempo de lectura\" \/>\n\t<meta name=\"twitter:data2\" content=\"2 minutos\" \/>\n<script type=\"application\/ld+json\" class=\"yoast-schema-graph\">{\"@context\":\"https:\/\/schema.org\",\"@graph\":[{\"@type\":\"Article\",\"@id\":\"https:\/\/nitu.mx\/index.php\/2025\/11\/06\/pricetravel-holding-recibe-el-premio-the-ultimate-xtar-de-xcaret\/#article\",\"isPartOf\":{\"@id\":\"https:\/\/nitu.mx\/index.php\/2025\/11\/06\/pricetravel-holding-recibe-el-premio-the-ultimate-xtar-de-xcaret\/\"},\"author\":{\"name\":\"Redacci\u00f3n\",\"@id\":\"https:\/\/nitu.mx\/#\/schema\/person\/4a28fe9bd65924f7c90623773daf1b0b\"},\"headline\":\"PriceTravel Holding recibe el premio \u201cThe Ultimate Xtar&#8221; de Xcaret\",\"datePublished\":\"2025-11-07T02:40:50+00:00\",\"dateModified\":\"2025-11-07T02:40:51+00:00\",\"mainEntityOfPage\":{\"@id\":\"https:\/\/nitu.mx\/index.php\/2025\/11\/06\/pricetravel-holding-recibe-el-premio-the-ultimate-xtar-de-xcaret\/\"},\"wordCount\":355,\"publisher\":{\"@id\":\"https:\/\/nitu.mx\/#\/schema\/person\/ae7a53426417292d3dd07b45a33e01bc\"},\"image\":{\"@id\":\"https:\/\/nitu.mx\/index.php\/2025\/11\/06\/pricetravel-holding-recibe-el-premio-the-ultimate-xtar-de-xcaret\/#primaryimage\"},\"thumbnailUrl\":\"https:\/\/nitu.mx\/wp-content\/uploads\/2025\/11\/PriceTravel-Holding-Xtar-Xcaret.jpg\",\"keywords\":[\"Grupo Xcaret\",\"PriceTravel Holding\",\"Rafael Durand\",\"The Ultimate Xtar\"],\"articleSection\":[\"Agencias de Viajes\"],\"inLanguage\":\"es-MX\"},{\"@type\":\"WebPage\",\"@id\":\"https:\/\/nitu.mx\/index.php\/2025\/11\/06\/pricetravel-holding-recibe-el-premio-the-ultimate-xtar-de-xcaret\/\",\"url\":\"https:\/\/nitu.mx\/index.php\/2025\/11\/06\/pricetravel-holding-recibe-el-premio-the-ultimate-xtar-de-xcaret\/\",\"name\":\"PriceTravel Holding recibe el premio \u201cThe Ultimate Xtar\\\" de Xcaret - Nitu - Noticias de la Industria Turistica\",\"isPartOf\":{\"@id\":\"https:\/\/nitu.mx\/#website\"},\"primaryImageOfPage\":{\"@id\":\"https:\/\/nitu.mx\/index.php\/2025\/11\/06\/pricetravel-holding-recibe-el-premio-the-ultimate-xtar-de-xcaret\/#primaryimage\"},\"image\":{\"@id\":\"https:\/\/nitu.mx\/index.php\/2025\/11\/06\/pricetravel-holding-recibe-el-premio-the-ultimate-xtar-de-xcaret\/#primaryimage\"},\"thumbnailUrl\":\"https:\/\/nitu.mx\/wp-content\/uploads\/2025\/11\/PriceTravel-Holding-Xtar-Xcaret.jpg\",\"datePublished\":\"2025-11-07T02:40:50+00:00\",\"dateModified\":\"2025-11-07T02:40:51+00:00\",\"breadcrumb\":{\"@id\":\"https:\/\/nitu.mx\/index.php\/2025\/11\/06\/pricetravel-holding-recibe-el-premio-the-ultimate-xtar-de-xcaret\/#breadcrumb\"},\"inLanguage\":\"es-MX\",\"potentialAction\":[{\"@type\":\"ReadAction\",\"target\":[\"https:\/\/nitu.mx\/index.php\/2025\/11\/06\/pricetravel-holding-recibe-el-premio-the-ultimate-xtar-de-xcaret\/\"]}]},{\"@type\":\"ImageObject\",\"inLanguage\":\"es-MX\",\"@id\":\"https:\/\/nitu.mx\/index.php\/2025\/11\/06\/pricetravel-holding-recibe-el-premio-the-ultimate-xtar-de-xcaret\/#primaryimage\",\"url\":\"https:\/\/nitu.mx\/wp-content\/uploads\/2025\/11\/PriceTravel-Holding-Xtar-Xcaret.jpg\",\"contentUrl\":\"https:\/\/nitu.mx\/wp-content\/uploads\/2025\/11\/PriceTravel-Holding-Xtar-Xcaret.jpg\",\"width\":879,\"height\":675,\"caption\":\"PriceTravel Holding Xtar Xcaret\"},{\"@type\":\"BreadcrumbList\",\"@id\":\"https:\/\/nitu.mx\/index.php\/2025\/11\/06\/pricetravel-holding-recibe-el-premio-the-ultimate-xtar-de-xcaret\/#breadcrumb\",\"itemListElement\":[{\"@type\":\"ListItem\",\"position\":1,\"name\":\"Inicio\",\"item\":\"https:\/\/nitu.mx\/\"},{\"@type\":\"ListItem\",\"position\":2,\"name\":\"PriceTravel Holding recibe el premio \u201cThe Ultimate Xtar&#8221; de Xcaret\"}]},{\"@type\":\"WebSite\",\"@id\":\"https:\/\/nitu.mx\/#website\",\"url\":\"https:\/\/nitu.mx\/\",\"name\":\"Nitu - Noticias de la Industria Turistica\",\"description\":\"Noticias de la Industria Turistica\",\"publisher\":{\"@id\":\"https:\/\/nitu.mx\/#\/schema\/person\/ae7a53426417292d3dd07b45a33e01bc\"},\"alternateName\":\"Noticias de la Industria Turistica\",\"potentialAction\":[{\"@type\":\"SearchAction\",\"target\":{\"@type\":\"EntryPoint\",\"urlTemplate\":\"https:\/\/nitu.mx\/?s={search_term_string}\"},\"query-input\":\"required name=search_term_string\"}],\"inLanguage\":\"es-MX\"},{\"@type\":[\"Person\",\"Organization\"],\"@id\":\"https:\/\/nitu.mx\/#\/schema\/person\/ae7a53426417292d3dd07b45a33e01bc\",\"name\":\"Arturo Medina\",\"image\":{\"@type\":\"ImageObject\",\"inLanguage\":\"es-MX\",\"@id\":\"https:\/\/nitu.mx\/#\/schema\/person\/image\/\",\"url\":\"https:\/\/nitu.mx\/wp-content\/uploads\/2024\/04\/4A315622-1904-4D5C-B022-878CDC840E04-90x90-1.jpeg\",\"contentUrl\":\"https:\/\/nitu.mx\/wp-content\/uploads\/2024\/04\/4A315622-1904-4D5C-B022-878CDC840E04-90x90-1.jpeg\",\"width\":90,\"height\":90,\"caption\":\"Arturo Medina\"},\"logo\":{\"@id\":\"https:\/\/nitu.mx\/#\/schema\/person\/image\/\"},\"description\":\"Director NITU.mx, Egresado de la Escuela de Periodismo Carlos Septi\u00e9n Garc\u00eda. Periodista y analista especializado en turismo desde hace 35 a\u00f1os, radicado en Canc\u00fan Q.Roo. arturo@nitu.mx\",\"sameAs\":[\"https:\/\/nitu.mx\",\"https:\/\/www.facebook.com\/NITUmx\/\",\"medinacancun\",\"https:\/\/twitter.com\/@Arturo_Medina_G\"]},{\"@type\":\"Person\",\"@id\":\"https:\/\/nitu.mx\/#\/schema\/person\/4a28fe9bd65924f7c90623773daf1b0b\",\"name\":\"Redacci\u00f3n\",\"image\":{\"@type\":\"ImageObject\",\"inLanguage\":\"es-MX\",\"@id\":\"https:\/\/nitu.mx\/#\/schema\/person\/image\/\",\"url\":\"https:\/\/secure.gravatar.com\/avatar\/5dd011c8ccfc5cd7e4c81e42252aab38?s=96&d=mm&r=g\",\"contentUrl\":\"https:\/\/secure.gravatar.com\/avatar\/5dd011c8ccfc5cd7e4c81e42252aab38?s=96&d=mm&r=g\",\"caption\":\"Redacci\u00f3n\"},\"url\":\"https:\/\/nitu.mx\/index.php\/author\/redaccion\/\"}]}<\/script>\n<!-- \/ Yoast SEO plugin. -->","yoast_head_json":{"title":"PriceTravel Holding recibe el premio \u201cThe Ultimate Xtar\" de Xcaret - Nitu - Noticias de la Industria Turistica","robots":{"index":"index","follow":"follow","max-snippet":"max-snippet:-1","max-image-preview":"max-image-preview:large","max-video-preview":"max-video-preview:-1"},"canonical":"https:\/\/nitu.mx\/index.php\/2025\/11\/06\/pricetravel-holding-recibe-el-premio-the-ultimate-xtar-de-xcaret\/","twitter_card":"summary_large_image","twitter_title":"PriceTravel Holding recibe el premio \u201cThe Ultimate Xtar\" de Xcaret - Nitu - Noticias de la Industria Turistica","twitter_description":"En el marco de los Xtar Awards organizados por Grupo Xcaret, PriceTravel Holding fue reconocido con el premio \u201cThe Ultimate Xtar\u201d, una distinci\u00f3n especial que se otorga al aliado que representa la lealtad, consistencia e integridad en su relaci\u00f3n comercial.\u00a0Este galard\u00f3n destaca la s\u00f3lida alianza entre Grupo Xcaret y PriceTravel Holding, empresa l\u00edder en distribuci\u00f3n [&hellip;]","twitter_image":"https:\/\/nitu.mx\/wp-content\/uploads\/2025\/11\/PriceTravel-Holding-Xtar-Xcaret.jpg","twitter_creator":"@NITUmx","twitter_site":"@Arturo_Medina_G","twitter_misc":{"Escrito por":"Redacci\u00f3n","Tiempo de lectura":"2 minutos"},"schema":{"@context":"https:\/\/schema.org","@graph":[{"@type":"Article","@id":"https:\/\/nitu.mx\/index.php\/2025\/11\/06\/pricetravel-holding-recibe-el-premio-the-ultimate-xtar-de-xcaret\/#article","isPartOf":{"@id":"https:\/\/nitu.mx\/index.php\/2025\/11\/06\/pricetravel-holding-recibe-el-premio-the-ultimate-xtar-de-xcaret\/"},"author":{"name":"Redacci\u00f3n","@id":"https:\/\/nitu.mx\/#\/schema\/person\/4a28fe9bd65924f7c90623773daf1b0b"},"headline":"PriceTravel Holding recibe el premio \u201cThe Ultimate Xtar&#8221; de Xcaret","datePublished":"2025-11-07T02:40:50+00:00","dateModified":"2025-11-07T02:40:51+00:00","mainEntityOfPage":{"@id":"https:\/\/nitu.mx\/index.php\/2025\/11\/06\/pricetravel-holding-recibe-el-premio-the-ultimate-xtar-de-xcaret\/"},"wordCount":355,"publisher":{"@id":"https:\/\/nitu.mx\/#\/schema\/person\/ae7a53426417292d3dd07b45a33e01bc"},"image":{"@id":"https:\/\/nitu.mx\/index.php\/2025\/11\/06\/pricetravel-holding-recibe-el-premio-the-ultimate-xtar-de-xcaret\/#primaryimage"},"thumbnailUrl":"https:\/\/nitu.mx\/wp-content\/uploads\/2025\/11\/PriceTravel-Holding-Xtar-Xcaret.jpg","keywords":["Grupo Xcaret","PriceTravel Holding","Rafael Durand","The Ultimate Xtar"],"articleSection":["Agencias de Viajes"],"inLanguage":"es-MX"},{"@type":"WebPage","@id":"https:\/\/nitu.mx\/index.php\/2025\/11\/06\/pricetravel-holding-recibe-el-premio-the-ultimate-xtar-de-xcaret\/","url":"https:\/\/nitu.mx\/index.php\/2025\/11\/06\/pricetravel-holding-recibe-el-premio-the-ultimate-xtar-de-xcaret\/","name":"PriceTravel Holding recibe el premio \u201cThe Ultimate Xtar\" de Xcaret - Nitu - Noticias de la Industria Turistica","isPartOf":{"@id":"https:\/\/nitu.mx\/#website"},"primaryImageOfPage":{"@id":"https:\/\/nitu.mx\/index.php\/2025\/11\/06\/pricetravel-holding-recibe-el-premio-the-ultimate-xtar-de-xcaret\/#primaryimage"},"image":{"@id":"https:\/\/nitu.mx\/index.php\/2025\/11\/06\/pricetravel-holding-recibe-el-premio-the-ultimate-xtar-de-xcaret\/#primaryimage"},"thumbnailUrl":"https:\/\/nitu.mx\/wp-content\/uploads\/2025\/11\/PriceTravel-Holding-Xtar-Xcaret.jpg","datePublished":"2025-11-07T02:40:50+00:00","dateModified":"2025-11-07T02:40:51+00:00","breadcrumb":{"@id":"https:\/\/nitu.mx\/index.php\/2025\/11\/06\/pricetravel-holding-recibe-el-premio-the-ultimate-xtar-de-xcaret\/#breadcrumb"},"inLanguage":"es-MX","potentialAction":[{"@type":"ReadAction","target":["https:\/\/nitu.mx\/index.php\/2025\/11\/06\/pricetravel-holding-recibe-el-premio-the-ultimate-xtar-de-xcaret\/"]}]},{"@type":"ImageObject","inLanguage":"es-MX","@id":"https:\/\/nitu.mx\/index.php\/2025\/11\/06\/pricetravel-holding-recibe-el-premio-the-ultimate-xtar-de-xcaret\/#primaryimage","url":"https:\/\/nitu.mx\/wp-content\/uploads\/2025\/11\/PriceTravel-Holding-Xtar-Xcaret.jpg","contentUrl":"https:\/\/nitu.mx\/wp-content\/uploads\/2025\/11\/PriceTravel-Holding-Xtar-Xcaret.jpg","width":879,"height":675,"caption":"PriceTravel Holding Xtar Xcaret"},{"@type":"BreadcrumbList","@id":"https:\/\/nitu.mx\/index.php\/2025\/11\/06\/pricetravel-holding-recibe-el-premio-the-ultimate-xtar-de-xcaret\/#breadcrumb","itemListElement":[{"@type":"ListItem","position":1,"name":"Inicio","item":"https:\/\/nitu.mx\/"},{"@type":"ListItem","position":2,"name":"PriceTravel Holding recibe el premio \u201cThe Ultimate Xtar&#8221; de Xcaret"}]},{"@type":"WebSite","@id":"https:\/\/nitu.mx\/#website","url":"https:\/\/nitu.mx\/","name":"Nitu - Noticias de la Industria Turistica","description":"Noticias de la Industria Turistica","publisher":{"@id":"https:\/\/nitu.mx\/#\/schema\/person\/ae7a53426417292d3dd07b45a33e01bc"},"alternateName":"Noticias de la Industria Turistica","potentialAction":[{"@type":"SearchAction","target":{"@type":"EntryPoint","urlTemplate":"https:\/\/nitu.mx\/?s={search_term_string}"},"query-input":"required name=search_term_string"}],"inLanguage":"es-MX"},{"@type":["Person","Organization"],"@id":"https:\/\/nitu.mx\/#\/schema\/person\/ae7a53426417292d3dd07b45a33e01bc","name":"Arturo Medina","image":{"@type":"ImageObject","inLanguage":"es-MX","@id":"https:\/\/nitu.mx\/#\/schema\/person\/image\/","url":"https:\/\/nitu.mx\/wp-content\/uploads\/2024\/04\/4A315622-1904-4D5C-B022-878CDC840E04-90x90-1.jpeg","contentUrl":"https:\/\/nitu.mx\/wp-content\/uploads\/2024\/04\/4A315622-1904-4D5C-B022-878CDC840E04-90x90-1.jpeg","width":90,"height":90,"caption":"Arturo Medina"},"logo":{"@id":"https:\/\/nitu.mx\/#\/schema\/person\/image\/"},"description":"Director NITU.mx, Egresado de la Escuela de Periodismo Carlos Septi\u00e9n Garc\u00eda. Periodista y analista especializado en turismo desde hace 35 a\u00f1os, radicado en Canc\u00fan Q.Roo. arturo@nitu.mx","sameAs":["https:\/\/nitu.mx","https:\/\/www.facebook.com\/NITUmx\/","medinacancun","https:\/\/twitter.com\/@Arturo_Medina_G"]},{"@type":"Person","@id":"https:\/\/nitu.mx\/#\/schema\/person\/4a28fe9bd65924f7c90623773daf1b0b","name":"Redacci\u00f3n","image":{"@type":"ImageObject","inLanguage":"es-MX","@id":"https:\/\/nitu.mx\/#\/schema\/person\/image\/","url":"https:\/\/secure.gravatar.com\/avatar\/5dd011c8ccfc5cd7e4c81e42252aab38?s=96&d=mm&r=g","contentUrl":"https:\/\/secure.gravatar.com\/avatar\/5dd011c8ccfc5cd7e4c81e42252aab38?s=96&d=mm&r=g","caption":"Redacci\u00f3n"},"url":"https:\/\/nitu.mx\/index.php\/author\/redaccion\/"}]}},"views":654,"_links":{"self":[{"href":"https:\/\/nitu.mx\/index.php\/wp-json\/wp\/v2\/posts\/84384"}],"collection":[{"href":"https:\/\/nitu.mx\/index.php\/wp-json\/wp\/v2\/posts"}],"about":[{"href":"https:\/\/nitu.mx\/index.php\/wp-json\/wp\/v2\/types\/post"}],"author":[{"embeddable":true,"href":"https:\/\/nitu.mx\/index.php\/wp-json\/wp\/v2\/users\/17"}],"replies":[{"embeddable":true,"href":"https:\/\/nitu.mx\/index.php\/wp-json\/wp\/v2\/comments?post=84384"}],"version-history":[{"count":1,"href":"https:\/\/nitu.mx\/index.php\/wp-json\/wp\/v2\/posts\/84384\/revisions"}],"predecessor-version":[{"id":84387,"href":"https:\/\/nitu.mx\/index.php\/wp-json\/wp\/v2\/posts\/84384\/revisions\/84387"}],"wp:featuredmedia":[{"embeddable":true,"href":"https:\/\/nitu.mx\/index.php\/wp-json\/wp\/v2\/media\/84386"}],"wp:attachment":[{"href":"https:\/\/nitu.mx\/index.php\/wp-json\/wp\/v2\/media?parent=84384"}],"wp:term":[{"taxonomy":"category","embeddable":true,"href":"https:\/\/nitu.mx\/index.php\/wp-json\/wp\/v2\/categories?post=84384"},{"taxonomy":"post_tag","embeddable":true,"href":"https:\/\/nitu.mx\/index.php\/wp-json\/wp\/v2\/tags?post=84384"}],"curies":[{"name":"wp","href":"https:\/\/api.w.org\/{rel}","templated":true}]}}