{"id":84381,"date":"2025-11-06T20:35:51","date_gmt":"2025-11-07T02:35:51","guid":{"rendered":"https:\/\/nitu.mx\/?p=84381"},"modified":"2025-11-06T20:35:52","modified_gmt":"2025-11-07T02:35:52","slug":"fin-de-semana-largo-de-noviembre-generara-mas-de-43-mil-mdp-por-turismo","status":"publish","type":"post","link":"https:\/\/nitu.mx\/index.php\/2025\/11\/06\/fin-de-semana-largo-de-noviembre-generara-mas-de-43-mil-mdp-por-turismo\/","title":{"rendered":"Fin de semana largo de noviembre generar\u00e1 m\u00e1s de 43 mil MDP por turismo"},"content":{"rendered":"\n<p>La secretaria de Turismo federal, Josefina Rodr\u00edguez Zamora, inform\u00f3 que, durante el pr\u00f3ximo fin de semana largo, del jueves 13 al lunes 17 de noviembre de 2025, con motivo del aniversario de la Revoluci\u00f3n Mexicana y en el marco de El Buen Fin 2025, se prev\u00e9 la movilizaci\u00f3n de 1.15 millones de turistas, quienes se espera, dejen una derrama econ\u00f3mica por concepto de hospedaje y servicios tur\u00edsticos \u2014alimentos, transporte y compras\u2014 de 43 mil 127 millones de pesos (mdp), equivalente a un incremento de 1.5 por ciento frente a 2024.<\/p>\n\n\n\n<p>\u201cEste puente vacacional representa una gran oportunidad para que m\u00e1s familias viajen, conozcan y disfruten de los destinos del pa\u00eds, generando al mismo tiempo beneficios econ\u00f3micos para las comunidades receptoras\u201d, afirm\u00f3.<\/p>\n\n\n\n<p>La titular de la Secretar\u00eda de Turismo (Sectur) detall\u00f3 que, en este periodo, la ocupaci\u00f3n hotelera promedio nacional se estima en 68.2 por ciento, lo que significar\u00eda un aumento de 1.3 puntos porcentuales en comparaci\u00f3n con el registro del a\u00f1o anterior.<\/p>\n\n\n\n<p>En tanto que la movilizaci\u00f3n de 1.15 millones de turistas representa un incremento de 0.7 por ciento respecto al mismo periodo de 2024.<\/p>\n\n\n\n<p>Entre los principales destinos tur\u00edsticos con mayor afluencia durante este periodo destacan: Riviera Maya, con 82.7 por ciento de ocupaci\u00f3n; Puerto Vallarta, 82.2 por ciento; Los Cabos, 79.1 por ciento; Canc\u00fan, 77.5 por ciento; y M\u00e9rida, 74.5 por ciento. Tambi\u00e9n sobresalen Ciudad de M\u00e9xico, Guadalajara, Puebla, Acapulco y Monterrey, con expectativas superiores al 65 por ciento.<\/p>\n\n\n\n<p>Rodr\u00edguez Zamora destac\u00f3 que este \u201cpuente del 20 de Noviembre\u201d coincidir\u00e1 con la edici\u00f3n n\u00famero 15 de El Buen Fin, para la cual la Confederaci\u00f3n de C\u00e1maras Nacionales de Comercio, Servicios y Turismo (Concanaco-Servytur) \u2014presidida por Octavio de la Torre de St\u00e9ffano\u2014 prev\u00e9 ventas por 200 mil millones de pesos, con la participaci\u00f3n de alrededor de 200 mil empresas en todo el pa\u00eds.<\/p>\n\n\n\n<p>\u201cEl turismo interno contin\u00faa consolid\u00e1ndose como un motor econ\u00f3mico fundamental, impulsando la reactivaci\u00f3n de las econom\u00edas locales y el fortalecimiento de las micro, peque\u00f1as y medianas empresas tur\u00edsticas en los destinos del pa\u00eds\u201d, afirm\u00f3 la secretaria.<\/p>\n\n\n\n<p>En este sentido, record\u00f3 que, adem\u00e1s del Buen Fin, la dependencia a su cargo \u2014en coordinaci\u00f3n con Concanaco-Servytur y la Procuradur\u00eda Federal del Consumidor (Profeco)\u2014 present\u00f3 la primera edici\u00f3n de La Gran Escapada: El Buen Fin del Turismo, una estrategia de ofertas, promociones y descuentos dise\u00f1ada para fortalecer la actividad tur\u00edstica.<\/p>\n\n\n\n<p>Durante esta iniciativa, realizada del 30 de mayo al 1 de junio, se alcanz\u00f3 una derrama de 40 mil mdp derivada de las compras y reservas de viajes. Asimismo, se registraron 250 millones de impactos en redes sociales y se ofertaron m\u00e1s de 108 mil experiencias tur\u00edsticas. (<a href=\"https:\/\/nitu.mx\/index.php\/2025\/10\/26\/gran-premio-de-mexico-genera-mas-de-4-mil-mdp-por-servicios-turisticos\/\">Gran Premio de M\u00e9xico genera m\u00e1s de 4 mil MDP por servicios tur\u00edsticos<\/a>).<\/p>\n","protected":false},"excerpt":{"rendered":"<p>La secretaria de Turismo federal, Josefina Rodr\u00edguez Zamora, inform\u00f3 que, durante el pr\u00f3ximo fin de semana largo, del jueves 13 al lunes 17 de noviembre de 2025, con motivo del aniversario de la Revoluci\u00f3n Mexicana y en el marco de El Buen Fin 2025, se prev\u00e9 la movilizaci\u00f3n de 1.15 millones de turistas, quienes se [&hellip;]<\/p>\n","protected":false},"author":17,"featured_media":69816,"comment_status":"closed","ping_status":"closed","sticky":false,"template":"","format":"standard","meta":{"footnotes":""},"categories":[12],"tags":[43,13146,25659,80,93],"yoast_head":"<!-- This site is optimized with the Yoast SEO plugin v22.2 - https:\/\/yoast.com\/wordpress\/plugins\/seo\/ -->\n<title>Fin de semana largo de noviembre generar\u00e1 m\u00e1s de 43 mil MDP por turismo - Nitu - Noticias de la Industria Turistica<\/title>\n<meta name=\"robots\" content=\"index, follow, max-snippet:-1, max-image-preview:large, max-video-preview:-1\" \/>\n<link rel=\"canonical\" href=\"https:\/\/nitu.mx\/index.php\/2025\/11\/06\/fin-de-semana-largo-de-noviembre-generara-mas-de-43-mil-mdp-por-turismo\/\" \/>\n<meta name=\"twitter:card\" content=\"summary_large_image\" \/>\n<meta name=\"twitter:title\" content=\"Fin de semana largo de noviembre generar\u00e1 m\u00e1s de 43 mil MDP por turismo - Nitu - Noticias de la Industria Turistica\" \/>\n<meta name=\"twitter:description\" content=\"La secretaria de Turismo federal, Josefina Rodr\u00edguez Zamora, inform\u00f3 que, durante el pr\u00f3ximo fin de semana largo, del jueves 13 al lunes 17 de noviembre de 2025, con motivo del aniversario de la Revoluci\u00f3n Mexicana y en el marco de El Buen Fin 2025, se prev\u00e9 la movilizaci\u00f3n de 1.15 millones de turistas, quienes se [&hellip;]\" \/>\n<meta name=\"twitter:image\" content=\"https:\/\/nitu.mx\/wp-content\/uploads\/2024\/04\/Quintana-Roo-recibe-a-560-mil-turistas-en-una-semana.jpeg\" \/>\n<meta name=\"twitter:creator\" content=\"@NITUmx\" \/>\n<meta name=\"twitter:site\" content=\"@Arturo_Medina_G\" \/>\n<meta name=\"twitter:label1\" content=\"Escrito por\" \/>\n\t<meta name=\"twitter:data1\" content=\"Redacci\u00f3n\" \/>\n\t<meta name=\"twitter:label2\" content=\"Tiempo de lectura\" \/>\n\t<meta name=\"twitter:data2\" content=\"2 minutos\" \/>\n<script type=\"application\/ld+json\" class=\"yoast-schema-graph\">{\"@context\":\"https:\/\/schema.org\",\"@graph\":[{\"@type\":\"Article\",\"@id\":\"https:\/\/nitu.mx\/index.php\/2025\/11\/06\/fin-de-semana-largo-de-noviembre-generara-mas-de-43-mil-mdp-por-turismo\/#article\",\"isPartOf\":{\"@id\":\"https:\/\/nitu.mx\/index.php\/2025\/11\/06\/fin-de-semana-largo-de-noviembre-generara-mas-de-43-mil-mdp-por-turismo\/\"},\"author\":{\"name\":\"Redacci\u00f3n\",\"@id\":\"https:\/\/nitu.mx\/#\/schema\/person\/4a28fe9bd65924f7c90623773daf1b0b\"},\"headline\":\"Fin de semana largo de noviembre generar\u00e1 m\u00e1s de 43 mil MDP por turismo\",\"datePublished\":\"2025-11-07T02:35:51+00:00\",\"dateModified\":\"2025-11-07T02:35:52+00:00\",\"mainEntityOfPage\":{\"@id\":\"https:\/\/nitu.mx\/index.php\/2025\/11\/06\/fin-de-semana-largo-de-noviembre-generara-mas-de-43-mil-mdp-por-turismo\/\"},\"wordCount\":483,\"publisher\":{\"@id\":\"https:\/\/nitu.mx\/#\/schema\/person\/ae7a53426417292d3dd07b45a33e01bc\"},\"image\":{\"@id\":\"https:\/\/nitu.mx\/index.php\/2025\/11\/06\/fin-de-semana-largo-de-noviembre-generara-mas-de-43-mil-mdp-por-turismo\/#primaryimage\"},\"thumbnailUrl\":\"https:\/\/nitu.mx\/wp-content\/uploads\/2024\/04\/Quintana-Roo-recibe-a-560-mil-turistas-en-una-semana.jpeg\",\"keywords\":[\"Canc\u00fan\",\"Fin de semana largo\",\"Josefina Rodr\u00edguez\",\"Riviera Maya\",\"Sectur\"],\"articleSection\":[\"Marketing\"],\"inLanguage\":\"es-MX\"},{\"@type\":\"WebPage\",\"@id\":\"https:\/\/nitu.mx\/index.php\/2025\/11\/06\/fin-de-semana-largo-de-noviembre-generara-mas-de-43-mil-mdp-por-turismo\/\",\"url\":\"https:\/\/nitu.mx\/index.php\/2025\/11\/06\/fin-de-semana-largo-de-noviembre-generara-mas-de-43-mil-mdp-por-turismo\/\",\"name\":\"Fin de semana largo de noviembre generar\u00e1 m\u00e1s de 43 mil MDP por turismo - Nitu - Noticias de la Industria Turistica\",\"isPartOf\":{\"@id\":\"https:\/\/nitu.mx\/#website\"},\"primaryImageOfPage\":{\"@id\":\"https:\/\/nitu.mx\/index.php\/2025\/11\/06\/fin-de-semana-largo-de-noviembre-generara-mas-de-43-mil-mdp-por-turismo\/#primaryimage\"},\"image\":{\"@id\":\"https:\/\/nitu.mx\/index.php\/2025\/11\/06\/fin-de-semana-largo-de-noviembre-generara-mas-de-43-mil-mdp-por-turismo\/#primaryimage\"},\"thumbnailUrl\":\"https:\/\/nitu.mx\/wp-content\/uploads\/2024\/04\/Quintana-Roo-recibe-a-560-mil-turistas-en-una-semana.jpeg\",\"datePublished\":\"2025-11-07T02:35:51+00:00\",\"dateModified\":\"2025-11-07T02:35:52+00:00\",\"breadcrumb\":{\"@id\":\"https:\/\/nitu.mx\/index.php\/2025\/11\/06\/fin-de-semana-largo-de-noviembre-generara-mas-de-43-mil-mdp-por-turismo\/#breadcrumb\"},\"inLanguage\":\"es-MX\",\"potentialAction\":[{\"@type\":\"ReadAction\",\"target\":[\"https:\/\/nitu.mx\/index.php\/2025\/11\/06\/fin-de-semana-largo-de-noviembre-generara-mas-de-43-mil-mdp-por-turismo\/\"]}]},{\"@type\":\"ImageObject\",\"inLanguage\":\"es-MX\",\"@id\":\"https:\/\/nitu.mx\/index.php\/2025\/11\/06\/fin-de-semana-largo-de-noviembre-generara-mas-de-43-mil-mdp-por-turismo\/#primaryimage\",\"url\":\"https:\/\/nitu.mx\/wp-content\/uploads\/2024\/04\/Quintana-Roo-recibe-a-560-mil-turistas-en-una-semana.jpeg\",\"contentUrl\":\"https:\/\/nitu.mx\/wp-content\/uploads\/2024\/04\/Quintana-Roo-recibe-a-560-mil-turistas-en-una-semana.jpeg\",\"width\":1200,\"height\":675,\"caption\":\"Quintana Roo recibe a 560 mil turistas en una semana\"},{\"@type\":\"BreadcrumbList\",\"@id\":\"https:\/\/nitu.mx\/index.php\/2025\/11\/06\/fin-de-semana-largo-de-noviembre-generara-mas-de-43-mil-mdp-por-turismo\/#breadcrumb\",\"itemListElement\":[{\"@type\":\"ListItem\",\"position\":1,\"name\":\"Inicio\",\"item\":\"https:\/\/nitu.mx\/\"},{\"@type\":\"ListItem\",\"position\":2,\"name\":\"Fin de semana largo de noviembre generar\u00e1 m\u00e1s de 43 mil MDP por turismo\"}]},{\"@type\":\"WebSite\",\"@id\":\"https:\/\/nitu.mx\/#website\",\"url\":\"https:\/\/nitu.mx\/\",\"name\":\"Nitu - Noticias de la Industria Turistica\",\"description\":\"Noticias de la Industria Turistica\",\"publisher\":{\"@id\":\"https:\/\/nitu.mx\/#\/schema\/person\/ae7a53426417292d3dd07b45a33e01bc\"},\"alternateName\":\"Noticias de la Industria Turistica\",\"potentialAction\":[{\"@type\":\"SearchAction\",\"target\":{\"@type\":\"EntryPoint\",\"urlTemplate\":\"https:\/\/nitu.mx\/?s={search_term_string}\"},\"query-input\":\"required name=search_term_string\"}],\"inLanguage\":\"es-MX\"},{\"@type\":[\"Person\",\"Organization\"],\"@id\":\"https:\/\/nitu.mx\/#\/schema\/person\/ae7a53426417292d3dd07b45a33e01bc\",\"name\":\"Arturo Medina\",\"image\":{\"@type\":\"ImageObject\",\"inLanguage\":\"es-MX\",\"@id\":\"https:\/\/nitu.mx\/#\/schema\/person\/image\/\",\"url\":\"https:\/\/nitu.mx\/wp-content\/uploads\/2024\/04\/4A315622-1904-4D5C-B022-878CDC840E04-90x90-1.jpeg\",\"contentUrl\":\"https:\/\/nitu.mx\/wp-content\/uploads\/2024\/04\/4A315622-1904-4D5C-B022-878CDC840E04-90x90-1.jpeg\",\"width\":90,\"height\":90,\"caption\":\"Arturo Medina\"},\"logo\":{\"@id\":\"https:\/\/nitu.mx\/#\/schema\/person\/image\/\"},\"description\":\"Director NITU.mx, Egresado de la Escuela de Periodismo Carlos Septi\u00e9n Garc\u00eda. Periodista y analista especializado en turismo desde hace 35 a\u00f1os, radicado en Canc\u00fan Q.Roo. arturo@nitu.mx\",\"sameAs\":[\"https:\/\/nitu.mx\",\"https:\/\/www.facebook.com\/NITUmx\/\",\"medinacancun\",\"https:\/\/twitter.com\/@Arturo_Medina_G\"]},{\"@type\":\"Person\",\"@id\":\"https:\/\/nitu.mx\/#\/schema\/person\/4a28fe9bd65924f7c90623773daf1b0b\",\"name\":\"Redacci\u00f3n\",\"image\":{\"@type\":\"ImageObject\",\"inLanguage\":\"es-MX\",\"@id\":\"https:\/\/nitu.mx\/#\/schema\/person\/image\/\",\"url\":\"https:\/\/secure.gravatar.com\/avatar\/5dd011c8ccfc5cd7e4c81e42252aab38?s=96&d=mm&r=g\",\"contentUrl\":\"https:\/\/secure.gravatar.com\/avatar\/5dd011c8ccfc5cd7e4c81e42252aab38?s=96&d=mm&r=g\",\"caption\":\"Redacci\u00f3n\"},\"url\":\"https:\/\/nitu.mx\/index.php\/author\/redaccion\/\"}]}<\/script>\n<!-- \/ Yoast SEO plugin. -->","yoast_head_json":{"title":"Fin de semana largo de noviembre generar\u00e1 m\u00e1s de 43 mil MDP por turismo - Nitu - Noticias de la Industria Turistica","robots":{"index":"index","follow":"follow","max-snippet":"max-snippet:-1","max-image-preview":"max-image-preview:large","max-video-preview":"max-video-preview:-1"},"canonical":"https:\/\/nitu.mx\/index.php\/2025\/11\/06\/fin-de-semana-largo-de-noviembre-generara-mas-de-43-mil-mdp-por-turismo\/","twitter_card":"summary_large_image","twitter_title":"Fin de semana largo de noviembre generar\u00e1 m\u00e1s de 43 mil MDP por turismo - Nitu - Noticias de la Industria Turistica","twitter_description":"La secretaria de Turismo federal, Josefina Rodr\u00edguez Zamora, inform\u00f3 que, durante el pr\u00f3ximo fin de semana largo, del jueves 13 al lunes 17 de noviembre de 2025, con motivo del aniversario de la Revoluci\u00f3n Mexicana y en el marco de El Buen Fin 2025, se prev\u00e9 la movilizaci\u00f3n de 1.15 millones de turistas, quienes se [&hellip;]","twitter_image":"https:\/\/nitu.mx\/wp-content\/uploads\/2024\/04\/Quintana-Roo-recibe-a-560-mil-turistas-en-una-semana.jpeg","twitter_creator":"@NITUmx","twitter_site":"@Arturo_Medina_G","twitter_misc":{"Escrito por":"Redacci\u00f3n","Tiempo de lectura":"2 minutos"},"schema":{"@context":"https:\/\/schema.org","@graph":[{"@type":"Article","@id":"https:\/\/nitu.mx\/index.php\/2025\/11\/06\/fin-de-semana-largo-de-noviembre-generara-mas-de-43-mil-mdp-por-turismo\/#article","isPartOf":{"@id":"https:\/\/nitu.mx\/index.php\/2025\/11\/06\/fin-de-semana-largo-de-noviembre-generara-mas-de-43-mil-mdp-por-turismo\/"},"author":{"name":"Redacci\u00f3n","@id":"https:\/\/nitu.mx\/#\/schema\/person\/4a28fe9bd65924f7c90623773daf1b0b"},"headline":"Fin de semana largo de noviembre generar\u00e1 m\u00e1s de 43 mil MDP por turismo","datePublished":"2025-11-07T02:35:51+00:00","dateModified":"2025-11-07T02:35:52+00:00","mainEntityOfPage":{"@id":"https:\/\/nitu.mx\/index.php\/2025\/11\/06\/fin-de-semana-largo-de-noviembre-generara-mas-de-43-mil-mdp-por-turismo\/"},"wordCount":483,"publisher":{"@id":"https:\/\/nitu.mx\/#\/schema\/person\/ae7a53426417292d3dd07b45a33e01bc"},"image":{"@id":"https:\/\/nitu.mx\/index.php\/2025\/11\/06\/fin-de-semana-largo-de-noviembre-generara-mas-de-43-mil-mdp-por-turismo\/#primaryimage"},"thumbnailUrl":"https:\/\/nitu.mx\/wp-content\/uploads\/2024\/04\/Quintana-Roo-recibe-a-560-mil-turistas-en-una-semana.jpeg","keywords":["Canc\u00fan","Fin de semana largo","Josefina Rodr\u00edguez","Riviera Maya","Sectur"],"articleSection":["Marketing"],"inLanguage":"es-MX"},{"@type":"WebPage","@id":"https:\/\/nitu.mx\/index.php\/2025\/11\/06\/fin-de-semana-largo-de-noviembre-generara-mas-de-43-mil-mdp-por-turismo\/","url":"https:\/\/nitu.mx\/index.php\/2025\/11\/06\/fin-de-semana-largo-de-noviembre-generara-mas-de-43-mil-mdp-por-turismo\/","name":"Fin de semana largo de noviembre generar\u00e1 m\u00e1s de 43 mil MDP por turismo - Nitu - Noticias de la Industria Turistica","isPartOf":{"@id":"https:\/\/nitu.mx\/#website"},"primaryImageOfPage":{"@id":"https:\/\/nitu.mx\/index.php\/2025\/11\/06\/fin-de-semana-largo-de-noviembre-generara-mas-de-43-mil-mdp-por-turismo\/#primaryimage"},"image":{"@id":"https:\/\/nitu.mx\/index.php\/2025\/11\/06\/fin-de-semana-largo-de-noviembre-generara-mas-de-43-mil-mdp-por-turismo\/#primaryimage"},"thumbnailUrl":"https:\/\/nitu.mx\/wp-content\/uploads\/2024\/04\/Quintana-Roo-recibe-a-560-mil-turistas-en-una-semana.jpeg","datePublished":"2025-11-07T02:35:51+00:00","dateModified":"2025-11-07T02:35:52+00:00","breadcrumb":{"@id":"https:\/\/nitu.mx\/index.php\/2025\/11\/06\/fin-de-semana-largo-de-noviembre-generara-mas-de-43-mil-mdp-por-turismo\/#breadcrumb"},"inLanguage":"es-MX","potentialAction":[{"@type":"ReadAction","target":["https:\/\/nitu.mx\/index.php\/2025\/11\/06\/fin-de-semana-largo-de-noviembre-generara-mas-de-43-mil-mdp-por-turismo\/"]}]},{"@type":"ImageObject","inLanguage":"es-MX","@id":"https:\/\/nitu.mx\/index.php\/2025\/11\/06\/fin-de-semana-largo-de-noviembre-generara-mas-de-43-mil-mdp-por-turismo\/#primaryimage","url":"https:\/\/nitu.mx\/wp-content\/uploads\/2024\/04\/Quintana-Roo-recibe-a-560-mil-turistas-en-una-semana.jpeg","contentUrl":"https:\/\/nitu.mx\/wp-content\/uploads\/2024\/04\/Quintana-Roo-recibe-a-560-mil-turistas-en-una-semana.jpeg","width":1200,"height":675,"caption":"Quintana Roo recibe a 560 mil turistas en una semana"},{"@type":"BreadcrumbList","@id":"https:\/\/nitu.mx\/index.php\/2025\/11\/06\/fin-de-semana-largo-de-noviembre-generara-mas-de-43-mil-mdp-por-turismo\/#breadcrumb","itemListElement":[{"@type":"ListItem","position":1,"name":"Inicio","item":"https:\/\/nitu.mx\/"},{"@type":"ListItem","position":2,"name":"Fin de semana largo de noviembre generar\u00e1 m\u00e1s de 43 mil MDP por turismo"}]},{"@type":"WebSite","@id":"https:\/\/nitu.mx\/#website","url":"https:\/\/nitu.mx\/","name":"Nitu - Noticias de la Industria Turistica","description":"Noticias de la Industria Turistica","publisher":{"@id":"https:\/\/nitu.mx\/#\/schema\/person\/ae7a53426417292d3dd07b45a33e01bc"},"alternateName":"Noticias de la Industria Turistica","potentialAction":[{"@type":"SearchAction","target":{"@type":"EntryPoint","urlTemplate":"https:\/\/nitu.mx\/?s={search_term_string}"},"query-input":"required name=search_term_string"}],"inLanguage":"es-MX"},{"@type":["Person","Organization"],"@id":"https:\/\/nitu.mx\/#\/schema\/person\/ae7a53426417292d3dd07b45a33e01bc","name":"Arturo Medina","image":{"@type":"ImageObject","inLanguage":"es-MX","@id":"https:\/\/nitu.mx\/#\/schema\/person\/image\/","url":"https:\/\/nitu.mx\/wp-content\/uploads\/2024\/04\/4A315622-1904-4D5C-B022-878CDC840E04-90x90-1.jpeg","contentUrl":"https:\/\/nitu.mx\/wp-content\/uploads\/2024\/04\/4A315622-1904-4D5C-B022-878CDC840E04-90x90-1.jpeg","width":90,"height":90,"caption":"Arturo Medina"},"logo":{"@id":"https:\/\/nitu.mx\/#\/schema\/person\/image\/"},"description":"Director NITU.mx, Egresado de la Escuela de Periodismo Carlos Septi\u00e9n Garc\u00eda. Periodista y analista especializado en turismo desde hace 35 a\u00f1os, radicado en Canc\u00fan Q.Roo. arturo@nitu.mx","sameAs":["https:\/\/nitu.mx","https:\/\/www.facebook.com\/NITUmx\/","medinacancun","https:\/\/twitter.com\/@Arturo_Medina_G"]},{"@type":"Person","@id":"https:\/\/nitu.mx\/#\/schema\/person\/4a28fe9bd65924f7c90623773daf1b0b","name":"Redacci\u00f3n","image":{"@type":"ImageObject","inLanguage":"es-MX","@id":"https:\/\/nitu.mx\/#\/schema\/person\/image\/","url":"https:\/\/secure.gravatar.com\/avatar\/5dd011c8ccfc5cd7e4c81e42252aab38?s=96&d=mm&r=g","contentUrl":"https:\/\/secure.gravatar.com\/avatar\/5dd011c8ccfc5cd7e4c81e42252aab38?s=96&d=mm&r=g","caption":"Redacci\u00f3n"},"url":"https:\/\/nitu.mx\/index.php\/author\/redaccion\/"}]}},"views":510,"_links":{"self":[{"href":"https:\/\/nitu.mx\/index.php\/wp-json\/wp\/v2\/posts\/84381"}],"collection":[{"href":"https:\/\/nitu.mx\/index.php\/wp-json\/wp\/v2\/posts"}],"about":[{"href":"https:\/\/nitu.mx\/index.php\/wp-json\/wp\/v2\/types\/post"}],"author":[{"embeddable":true,"href":"https:\/\/nitu.mx\/index.php\/wp-json\/wp\/v2\/users\/17"}],"replies":[{"embeddable":true,"href":"https:\/\/nitu.mx\/index.php\/wp-json\/wp\/v2\/comments?post=84381"}],"version-history":[{"count":1,"href":"https:\/\/nitu.mx\/index.php\/wp-json\/wp\/v2\/posts\/84381\/revisions"}],"predecessor-version":[{"id":84383,"href":"https:\/\/nitu.mx\/index.php\/wp-json\/wp\/v2\/posts\/84381\/revisions\/84383"}],"wp:featuredmedia":[{"embeddable":true,"href":"https:\/\/nitu.mx\/index.php\/wp-json\/wp\/v2\/media\/69816"}],"wp:attachment":[{"href":"https:\/\/nitu.mx\/index.php\/wp-json\/wp\/v2\/media?parent=84381"}],"wp:term":[{"taxonomy":"category","embeddable":true,"href":"https:\/\/nitu.mx\/index.php\/wp-json\/wp\/v2\/categories?post=84381"},{"taxonomy":"post_tag","embeddable":true,"href":"https:\/\/nitu.mx\/index.php\/wp-json\/wp\/v2\/tags?post=84381"}],"curies":[{"name":"wp","href":"https:\/\/api.w.org\/{rel}","templated":true}]}}