{"id":84368,"date":"2025-11-05T22:02:02","date_gmt":"2025-11-06T04:02:02","guid":{"rendered":"https:\/\/nitu.mx\/?p=84368"},"modified":"2025-11-05T22:02:03","modified_gmt":"2025-11-06T04:02:03","slug":"grupo-aeromexico-inicia-hoy-su-cotizacion-en-la-bolsa-mexicana-de-valores-y-en-nueva-york","status":"publish","type":"post","link":"https:\/\/nitu.mx\/index.php\/2025\/11\/05\/grupo-aeromexico-inicia-hoy-su-cotizacion-en-la-bolsa-mexicana-de-valores-y-en-nueva-york\/","title":{"rendered":"Grupo Aerom\u00e9xico inicia hoy su cotizaci\u00f3n en la Bolsa Mexicana de Valores y en Nueva York"},"content":{"rendered":"\n<p>Grupo Aerom\u00e9xico, S.A.B. de C.V. (\u201cAerom\u00e9xico\u201d) anunci\u00f3 hoy los resultados de su oferta p\u00fablica mixta global de 27,463,590 acciones a un precio de MXN$35.34 por acci\u00f3n en M\u00e9xico (la \u201cOferta en M\u00e9xico\u201d) y de 11,727,325&nbsp;<em>American Depositary Shares<\/em>&nbsp;(\u201cADS\u201d) a un precio de EUA$19.00 por ADS en los Estados Unidos (la \u201cOferta Internacional\u201d y en conjunto con la Oferta en M\u00e9xico, la \u201cOferta Global\u201d). Cada ADS tiene como valor subyacente 10 acciones de Aerom\u00e9xico.<\/p>\n\n\n\n<p>Las acciones de Aerom\u00e9xico iniciar\u00e1n su cotizaci\u00f3n en la Bolsa Mexicana de Valores, S.A.B. de C.V. (\u201cBMV\u201d), y los ADSs iniciar\u00e1n su cotizaci\u00f3n en la Bolsa de Valores de Nueva York (<em>New York Stock Exchange<\/em>; \u201cNYSE\u201d), el 6 de noviembre de 2025 bajo la clave de pizarra \u201cAERO\u201d. La Oferta Global se liquidar\u00e1 y concluir\u00e1 el 7 de noviembre de 2025, sujeto a condiciones de cierre habituales.&nbsp; Se hace del conocimiento del p\u00fablico inversionista, que las cotizaciones citadas, podr\u00e1n iniciarse despu\u00e9s de la apertura, para cotizaci\u00f3n, de cada una de la BMV y el NYSE.<\/p>\n\n\n\n<p>La Oferta Global consiste en (i) una oferta primaria de suscripci\u00f3n y pago de 7,000,000 de acciones en M\u00e9xico y 7,394,409 ADSs en Estados Unidos, y (ii) una oferta secundaria de enajenaci\u00f3n de 20,463,590 acciones en M\u00e9xico y 4,332,916 ADSs en Estados Unidos, realizada por ciertos accionistas de Aerom\u00e9xico (los \u201cAccionistas Vendedores\u201d). Los Accionistas Vendedores han otorgado a los intermediarios colocadores de la Oferta Internacional una opci\u00f3n de sobreasignaci\u00f3n para adquirir hasta 2,171,050 ADSs adicionales, la cual estar\u00e1 vigente por un plazo de 30 d\u00edas contados desde la fecha de dicha oferta. No se otorg\u00f3 opci\u00f3n de sobreasignaci\u00f3n alguna respecto de la Oferta en M\u00e9xico. Delta, actual accionista y socio comercial estrat\u00e9gico de largo plazo de Aerom\u00e9xico, no particip\u00f3 en la Oferta Global y firm\u00f3 un convenio de no enajenaci\u00f3n (<em>lock-up agreement<\/em>) de cuatro a\u00f1os.<\/p>\n\n\n\n<p>En adici\u00f3n a la Oferta Global, Aerom\u00e9xico anunci\u00f3 una colocaci\u00f3n privada de acciones por un monto de aproximadamente EUA$25,000,000.00, a un precio de EUA$1.805 por acci\u00f3n, a PAR Investment Partners, L.P. (la \u201cColocaci\u00f3n Privada Simult\u00e1nea\u201d). La enajenaci\u00f3n de acciones en la Colocaci\u00f3n Privada Simultanea no ser\u00e1 registrada conforme a la Ley de Valores de 1933 (seg\u00fan la misma ha sido modificada, la \u201cLey de Valores\u201d), la cual se realizar\u00e1 en virtud de la excepci\u00f3n del registro prevista en el art\u00edculo 4(a)(2) de la Ley de Valores. Se espera que la Colocaci\u00f3n Privada Simult\u00e1nea concluya el 7 de noviembre de 2025, sujeto a condiciones de cierre habituales.<\/p>\n\n\n\n<p>Aerom\u00e9xico espera que los recursos del componente primario de la Oferta Global y de la Colocaci\u00f3n Privada Simult\u00e1nea sean aproximadamente EUA$178.8 millones, antes de la deducci\u00f3n de los descuentos y comisiones de los intermediarios colocadores de la Oferta en M\u00e9xico y de la Oferta Internacional. Aerom\u00e9xico tiene la intenci\u00f3n de utilizar una parte de los recursos netos del componente primario de la Oferta Global y de la Colocaci\u00f3n Privada Simult\u00e1nea para usos corporativos generales, incluyendo pagos relacionados con la ampliaci\u00f3n de su flota, inversiones en la infraestructura de experiencia al cliente y obligaciones de mantenimiento de la flota.<\/p>\n\n\n\n<p>Con respecto a la Oferta Internacional, Barclays, Morgan Stanley, J.P. Morgan y Evercore act\u00faan como intermediarios colocadores l\u00edderes conjuntos (<em>joint lead book-running managers<\/em>); Apollo Global Securities, Citigroup, Deutsche Bank Securities, Goldman Sachs &amp; Co. LLC, BNP PARIBAS, BTG Pactual y Santander act\u00faan como intermediarios colocadores conjuntos (<em>book-running managers<\/em>), y Academy Securities y Siebert Williams Shank act\u00faan como co-administradores (<em>co-managers<\/em>). En relaci\u00f3n con la Oferta en M\u00e9xico, Barclays Capital Casa de Bolsa, S.A. de C.V., Grupo Financiero Barclays M\u00e9xico, y Morgan Stanley M\u00e9xico, Casa de Bolsa, S.A. de C.V. act\u00faan como intermediarios colocadores l\u00edderes.<\/p>\n\n\n\n<p>La Oferta Internacional y la Oferta en M\u00e9xico se realizan \u00fanicamente de conformidad con un prospecto de colocaci\u00f3n. Los ejemplares del prospecto preliminar podr\u00e1n obtenerse contactando a: Barclays Capital Inc., c\/o Broadridge Financial Solutions, 1155 Long Island Avenue, Edgewood, NY 11717, o por correo electr\u00f3nico:&nbsp;<a href=\"mailto:barclaysprospectus@broadridge.com\" target=\"_blank\" rel=\"noreferrer noopener\">barclaysprospectus@broadridge.com<\/a>&nbsp;o por tel\u00e9fono: (888) 603-5847; o Morgan Stanley &amp; Co. LLC, A la atenci\u00f3n de: Prospectus Department, 180 Varick Street, 2nd Floor, New York, NY 10014; o J.P. Morgan Securities LLC, c\/o Broadridge Financial Solutions, 1155 Long Island Avenue, Edgewood, NY 11717, o por correo electr\u00f3nico a&nbsp;<a href=\"mailto:prospectus-eq_fi@jpmchase.com\" target=\"_blank\" rel=\"noreferrer noopener\">prospectus-eq_fi@jpmchase.com<\/a>&nbsp;y&nbsp;<a href=\"mailto:postalemanualrequests@broadridge.com\" target=\"_blank\" rel=\"noreferrer noopener\">postalemanualrequests@broadridge.com<\/a>; o Evercore Group L.L.C., a la atenci\u00f3n de&nbsp;<em>Equity Capital Markets<\/em>, 55 East 52nd Street, 35th Floor, New York, NY 10055, o por tel\u00e9fono al (888) 474-0200, o por correo electr\u00f3nico a&nbsp;<a href=\"mailto:ecm.prospectus@evercore.com\" target=\"_blank\" rel=\"noreferrer noopener\">ecm.prospectus@evercore.com<\/a>.<\/p>\n\n\n\n<p>El prospecto para la Oferta en M\u00e9xico se encuentra a disposici\u00f3n con los intermediarios colocadores de la Oferta en M\u00e9xico y puede consultarse en&nbsp;<a href=\"http:\/\/www.gob.mx\/cnbv\" target=\"_blank\" rel=\"noreferrer noopener\">www.gob.mx\/cnbv<\/a>.<\/p>\n\n\n\n<p>Se ha presentado ante la Comisi\u00f3n de Valores de Estados Unidos<em>&nbsp;(Securities and Exchange Commiss<\/em>ion, \u201cSEC\u201d) una declaraci\u00f3n de registro bajo el formato F-1 con relaci\u00f3n a estos valores, el cual entr\u00f3 autom\u00e1ticamente en vigor el 5 de noviembre de 2025, de conformidad con la Secci\u00f3n 8(a) de la Ley de Valores. La publicaci\u00f3n del prospecto de colocaci\u00f3n de la Oferta en Mexico, y la Oferta en M\u00e9xico, han sido autorizadas por la Comisi\u00f3n Nacional Bancaria y de Valores (\u201cCNBV\u201d).<\/p>\n\n\n\n<p>El presente evento relevante no constituye una oferta para enajenar o una solicitud de oferta para adquirir cualesquier valores, ni tampoco se realizar\u00e1 la enajenaci\u00f3n de valores en ning\u00fan estado o jurisdicci\u00f3n en la que dicha oferta, solicitud o enajenaci\u00f3n sea il\u00edcita antes de la inscripci\u00f3n o registro conforme a las leyes de valores de cualquiera de dichos estados o jurisdicciones.<\/p>\n\n\n\n<p>Los ADSs no est\u00e1n y no ser\u00e1n inscritos en el Registro Nacional de Valores (\u201cRNV\u201d). Las acciones que son valor subyacente de los ADSs y las acciones materia de la Oferta en M\u00e9xico, han sido inscritas en el RNV y estar\u00e1n listadas para cotizaci\u00f3n en la BMV. La inscripci\u00f3n de las acciones en el RNV no implica certificaci\u00f3n sobre la bondad de los valores, solvencia de la Emisora o sobre la exactitud o veracidad de la informaci\u00f3n contenida en el prospecto, ni convalida los actos que, en su caso, hubieren sido realizados en contravenci\u00f3n de las leyes aplicables. (<a href=\"https:\/\/nitu.mx\/index.php\/2025\/10\/14\/aeromexico-su-bahia-de-check-in-para-clientes-skypriority-y-premier-one-en-el-aicm\/\">Aerom\u00e9xico renueva su bah\u00eda de check-in para clientes SkyPriority y Premier One en el AICM<\/a>).<\/p>\n","protected":false},"excerpt":{"rendered":"<p>Grupo Aerom\u00e9xico, S.A.B. de C.V. (\u201cAerom\u00e9xico\u201d) anunci\u00f3 hoy los resultados de su oferta p\u00fablica mixta global de 27,463,590 acciones a un precio de MXN$35.34 por acci\u00f3n en M\u00e9xico (la \u201cOferta en M\u00e9xico\u201d) y de 11,727,325&nbsp;American Depositary Shares&nbsp;(\u201cADS\u201d) a un precio de EUA$19.00 por ADS en los Estados Unidos (la \u201cOferta Internacional\u201d y en conjunto con [&hellip;]<\/p>\n","protected":false},"author":17,"featured_media":84370,"comment_status":"closed","ping_status":"closed","sticky":false,"template":"","format":"standard","meta":{"footnotes":""},"categories":[29],"tags":[6383,30,2543,25170],"yoast_head":"<!-- This site is optimized with the Yoast SEO plugin v22.2 - https:\/\/yoast.com\/wordpress\/plugins\/seo\/ -->\n<title>Grupo Aerom\u00e9xico inicia hoy su cotizaci\u00f3n en la Bolsa Mexicana de Valores y en Nueva York - Nitu - Noticias de la Industria Turistica<\/title>\n<meta name=\"robots\" content=\"index, follow, max-snippet:-1, max-image-preview:large, max-video-preview:-1\" \/>\n<link rel=\"canonical\" href=\"https:\/\/nitu.mx\/index.php\/2025\/11\/05\/grupo-aeromexico-inicia-hoy-su-cotizacion-en-la-bolsa-mexicana-de-valores-y-en-nueva-york\/\" \/>\n<meta name=\"twitter:card\" content=\"summary_large_image\" \/>\n<meta name=\"twitter:title\" content=\"Grupo Aerom\u00e9xico inicia hoy su cotizaci\u00f3n en la Bolsa Mexicana de Valores y en Nueva York - Nitu - Noticias de la Industria Turistica\" \/>\n<meta name=\"twitter:description\" content=\"Grupo Aerom\u00e9xico, S.A.B. de C.V. (\u201cAerom\u00e9xico\u201d) anunci\u00f3 hoy los resultados de su oferta p\u00fablica mixta global de 27,463,590 acciones a un precio de MXN$35.34 por acci\u00f3n en M\u00e9xico (la \u201cOferta en M\u00e9xico\u201d) y de 11,727,325&nbsp;American Depositary Shares&nbsp;(\u201cADS\u201d) a un precio de EUA$19.00 por ADS en los Estados Unidos (la \u201cOferta Internacional\u201d y en conjunto con [&hellip;]\" \/>\n<meta name=\"twitter:image\" content=\"https:\/\/nitu.mx\/wp-content\/uploads\/2025\/11\/Aeromexico-Flota-03.jpg\" \/>\n<meta name=\"twitter:creator\" content=\"@NITUmx\" \/>\n<meta name=\"twitter:site\" content=\"@Arturo_Medina_G\" \/>\n<meta name=\"twitter:label1\" content=\"Escrito por\" \/>\n\t<meta name=\"twitter:data1\" content=\"Redacci\u00f3n\" \/>\n\t<meta name=\"twitter:label2\" content=\"Tiempo de lectura\" \/>\n\t<meta name=\"twitter:data2\" content=\"6 minutos\" \/>\n<script type=\"application\/ld+json\" class=\"yoast-schema-graph\">{\"@context\":\"https:\/\/schema.org\",\"@graph\":[{\"@type\":\"Article\",\"@id\":\"https:\/\/nitu.mx\/index.php\/2025\/11\/05\/grupo-aeromexico-inicia-hoy-su-cotizacion-en-la-bolsa-mexicana-de-valores-y-en-nueva-york\/#article\",\"isPartOf\":{\"@id\":\"https:\/\/nitu.mx\/index.php\/2025\/11\/05\/grupo-aeromexico-inicia-hoy-su-cotizacion-en-la-bolsa-mexicana-de-valores-y-en-nueva-york\/\"},\"author\":{\"name\":\"Redacci\u00f3n\",\"@id\":\"https:\/\/nitu.mx\/#\/schema\/person\/4a28fe9bd65924f7c90623773daf1b0b\"},\"headline\":\"Grupo Aerom\u00e9xico inicia hoy su cotizaci\u00f3n en la Bolsa Mexicana de Valores y en Nueva York\",\"datePublished\":\"2025-11-06T04:02:02+00:00\",\"dateModified\":\"2025-11-06T04:02:03+00:00\",\"mainEntityOfPage\":{\"@id\":\"https:\/\/nitu.mx\/index.php\/2025\/11\/05\/grupo-aeromexico-inicia-hoy-su-cotizacion-en-la-bolsa-mexicana-de-valores-y-en-nueva-york\/\"},\"wordCount\":1145,\"publisher\":{\"@id\":\"https:\/\/nitu.mx\/#\/schema\/person\/ae7a53426417292d3dd07b45a33e01bc\"},\"image\":{\"@id\":\"https:\/\/nitu.mx\/index.php\/2025\/11\/05\/grupo-aeromexico-inicia-hoy-su-cotizacion-en-la-bolsa-mexicana-de-valores-y-en-nueva-york\/#primaryimage\"},\"thumbnailUrl\":\"https:\/\/nitu.mx\/wp-content\/uploads\/2025\/11\/Aeromexico-Flota-03.jpg\",\"keywords\":[\"Acciones\",\"Aerom\u00e9xico\",\"BMV\",\"NYSE\"],\"articleSection\":[\"Aerol\u00edneas\"],\"inLanguage\":\"es-MX\"},{\"@type\":\"WebPage\",\"@id\":\"https:\/\/nitu.mx\/index.php\/2025\/11\/05\/grupo-aeromexico-inicia-hoy-su-cotizacion-en-la-bolsa-mexicana-de-valores-y-en-nueva-york\/\",\"url\":\"https:\/\/nitu.mx\/index.php\/2025\/11\/05\/grupo-aeromexico-inicia-hoy-su-cotizacion-en-la-bolsa-mexicana-de-valores-y-en-nueva-york\/\",\"name\":\"Grupo Aerom\u00e9xico inicia hoy su cotizaci\u00f3n en la Bolsa Mexicana de Valores y en Nueva York - Nitu - Noticias de la Industria Turistica\",\"isPartOf\":{\"@id\":\"https:\/\/nitu.mx\/#website\"},\"primaryImageOfPage\":{\"@id\":\"https:\/\/nitu.mx\/index.php\/2025\/11\/05\/grupo-aeromexico-inicia-hoy-su-cotizacion-en-la-bolsa-mexicana-de-valores-y-en-nueva-york\/#primaryimage\"},\"image\":{\"@id\":\"https:\/\/nitu.mx\/index.php\/2025\/11\/05\/grupo-aeromexico-inicia-hoy-su-cotizacion-en-la-bolsa-mexicana-de-valores-y-en-nueva-york\/#primaryimage\"},\"thumbnailUrl\":\"https:\/\/nitu.mx\/wp-content\/uploads\/2025\/11\/Aeromexico-Flota-03.jpg\",\"datePublished\":\"2025-11-06T04:02:02+00:00\",\"dateModified\":\"2025-11-06T04:02:03+00:00\",\"breadcrumb\":{\"@id\":\"https:\/\/nitu.mx\/index.php\/2025\/11\/05\/grupo-aeromexico-inicia-hoy-su-cotizacion-en-la-bolsa-mexicana-de-valores-y-en-nueva-york\/#breadcrumb\"},\"inLanguage\":\"es-MX\",\"potentialAction\":[{\"@type\":\"ReadAction\",\"target\":[\"https:\/\/nitu.mx\/index.php\/2025\/11\/05\/grupo-aeromexico-inicia-hoy-su-cotizacion-en-la-bolsa-mexicana-de-valores-y-en-nueva-york\/\"]}]},{\"@type\":\"ImageObject\",\"inLanguage\":\"es-MX\",\"@id\":\"https:\/\/nitu.mx\/index.php\/2025\/11\/05\/grupo-aeromexico-inicia-hoy-su-cotizacion-en-la-bolsa-mexicana-de-valores-y-en-nueva-york\/#primaryimage\",\"url\":\"https:\/\/nitu.mx\/wp-content\/uploads\/2025\/11\/Aeromexico-Flota-03.jpg\",\"contentUrl\":\"https:\/\/nitu.mx\/wp-content\/uploads\/2025\/11\/Aeromexico-Flota-03.jpg\",\"width\":1200,\"height\":675,\"caption\":\"Aerom\u00e9xico Flota 03\"},{\"@type\":\"BreadcrumbList\",\"@id\":\"https:\/\/nitu.mx\/index.php\/2025\/11\/05\/grupo-aeromexico-inicia-hoy-su-cotizacion-en-la-bolsa-mexicana-de-valores-y-en-nueva-york\/#breadcrumb\",\"itemListElement\":[{\"@type\":\"ListItem\",\"position\":1,\"name\":\"Inicio\",\"item\":\"https:\/\/nitu.mx\/\"},{\"@type\":\"ListItem\",\"position\":2,\"name\":\"Grupo Aerom\u00e9xico inicia hoy su cotizaci\u00f3n en la Bolsa Mexicana de Valores y en Nueva York\"}]},{\"@type\":\"WebSite\",\"@id\":\"https:\/\/nitu.mx\/#website\",\"url\":\"https:\/\/nitu.mx\/\",\"name\":\"Nitu - Noticias de la Industria Turistica\",\"description\":\"Noticias de la Industria Turistica\",\"publisher\":{\"@id\":\"https:\/\/nitu.mx\/#\/schema\/person\/ae7a53426417292d3dd07b45a33e01bc\"},\"alternateName\":\"Noticias de la Industria Turistica\",\"potentialAction\":[{\"@type\":\"SearchAction\",\"target\":{\"@type\":\"EntryPoint\",\"urlTemplate\":\"https:\/\/nitu.mx\/?s={search_term_string}\"},\"query-input\":\"required name=search_term_string\"}],\"inLanguage\":\"es-MX\"},{\"@type\":[\"Person\",\"Organization\"],\"@id\":\"https:\/\/nitu.mx\/#\/schema\/person\/ae7a53426417292d3dd07b45a33e01bc\",\"name\":\"Arturo Medina\",\"image\":{\"@type\":\"ImageObject\",\"inLanguage\":\"es-MX\",\"@id\":\"https:\/\/nitu.mx\/#\/schema\/person\/image\/\",\"url\":\"https:\/\/nitu.mx\/wp-content\/uploads\/2024\/04\/4A315622-1904-4D5C-B022-878CDC840E04-90x90-1.jpeg\",\"contentUrl\":\"https:\/\/nitu.mx\/wp-content\/uploads\/2024\/04\/4A315622-1904-4D5C-B022-878CDC840E04-90x90-1.jpeg\",\"width\":90,\"height\":90,\"caption\":\"Arturo Medina\"},\"logo\":{\"@id\":\"https:\/\/nitu.mx\/#\/schema\/person\/image\/\"},\"description\":\"Director NITU.mx, Egresado de la Escuela de Periodismo Carlos Septi\u00e9n Garc\u00eda. Periodista y analista especializado en turismo desde hace 35 a\u00f1os, radicado en Canc\u00fan Q.Roo. arturo@nitu.mx\",\"sameAs\":[\"https:\/\/nitu.mx\",\"https:\/\/www.facebook.com\/NITUmx\/\",\"medinacancun\",\"https:\/\/twitter.com\/@Arturo_Medina_G\"]},{\"@type\":\"Person\",\"@id\":\"https:\/\/nitu.mx\/#\/schema\/person\/4a28fe9bd65924f7c90623773daf1b0b\",\"name\":\"Redacci\u00f3n\",\"image\":{\"@type\":\"ImageObject\",\"inLanguage\":\"es-MX\",\"@id\":\"https:\/\/nitu.mx\/#\/schema\/person\/image\/\",\"url\":\"https:\/\/secure.gravatar.com\/avatar\/5dd011c8ccfc5cd7e4c81e42252aab38?s=96&d=mm&r=g\",\"contentUrl\":\"https:\/\/secure.gravatar.com\/avatar\/5dd011c8ccfc5cd7e4c81e42252aab38?s=96&d=mm&r=g\",\"caption\":\"Redacci\u00f3n\"},\"url\":\"https:\/\/nitu.mx\/index.php\/author\/redaccion\/\"}]}<\/script>\n<!-- \/ Yoast SEO plugin. -->","yoast_head_json":{"title":"Grupo Aerom\u00e9xico inicia hoy su cotizaci\u00f3n en la Bolsa Mexicana de Valores y en Nueva York - Nitu - Noticias de la Industria Turistica","robots":{"index":"index","follow":"follow","max-snippet":"max-snippet:-1","max-image-preview":"max-image-preview:large","max-video-preview":"max-video-preview:-1"},"canonical":"https:\/\/nitu.mx\/index.php\/2025\/11\/05\/grupo-aeromexico-inicia-hoy-su-cotizacion-en-la-bolsa-mexicana-de-valores-y-en-nueva-york\/","twitter_card":"summary_large_image","twitter_title":"Grupo Aerom\u00e9xico inicia hoy su cotizaci\u00f3n en la Bolsa Mexicana de Valores y en Nueva York - Nitu - Noticias de la Industria Turistica","twitter_description":"Grupo Aerom\u00e9xico, S.A.B. de C.V. (\u201cAerom\u00e9xico\u201d) anunci\u00f3 hoy los resultados de su oferta p\u00fablica mixta global de 27,463,590 acciones a un precio de MXN$35.34 por acci\u00f3n en M\u00e9xico (la \u201cOferta en M\u00e9xico\u201d) y de 11,727,325&nbsp;American Depositary Shares&nbsp;(\u201cADS\u201d) a un precio de EUA$19.00 por ADS en los Estados Unidos (la \u201cOferta Internacional\u201d y en conjunto con [&hellip;]","twitter_image":"https:\/\/nitu.mx\/wp-content\/uploads\/2025\/11\/Aeromexico-Flota-03.jpg","twitter_creator":"@NITUmx","twitter_site":"@Arturo_Medina_G","twitter_misc":{"Escrito por":"Redacci\u00f3n","Tiempo de lectura":"6 minutos"},"schema":{"@context":"https:\/\/schema.org","@graph":[{"@type":"Article","@id":"https:\/\/nitu.mx\/index.php\/2025\/11\/05\/grupo-aeromexico-inicia-hoy-su-cotizacion-en-la-bolsa-mexicana-de-valores-y-en-nueva-york\/#article","isPartOf":{"@id":"https:\/\/nitu.mx\/index.php\/2025\/11\/05\/grupo-aeromexico-inicia-hoy-su-cotizacion-en-la-bolsa-mexicana-de-valores-y-en-nueva-york\/"},"author":{"name":"Redacci\u00f3n","@id":"https:\/\/nitu.mx\/#\/schema\/person\/4a28fe9bd65924f7c90623773daf1b0b"},"headline":"Grupo Aerom\u00e9xico inicia hoy su cotizaci\u00f3n en la Bolsa Mexicana de Valores y en Nueva York","datePublished":"2025-11-06T04:02:02+00:00","dateModified":"2025-11-06T04:02:03+00:00","mainEntityOfPage":{"@id":"https:\/\/nitu.mx\/index.php\/2025\/11\/05\/grupo-aeromexico-inicia-hoy-su-cotizacion-en-la-bolsa-mexicana-de-valores-y-en-nueva-york\/"},"wordCount":1145,"publisher":{"@id":"https:\/\/nitu.mx\/#\/schema\/person\/ae7a53426417292d3dd07b45a33e01bc"},"image":{"@id":"https:\/\/nitu.mx\/index.php\/2025\/11\/05\/grupo-aeromexico-inicia-hoy-su-cotizacion-en-la-bolsa-mexicana-de-valores-y-en-nueva-york\/#primaryimage"},"thumbnailUrl":"https:\/\/nitu.mx\/wp-content\/uploads\/2025\/11\/Aeromexico-Flota-03.jpg","keywords":["Acciones","Aerom\u00e9xico","BMV","NYSE"],"articleSection":["Aerol\u00edneas"],"inLanguage":"es-MX"},{"@type":"WebPage","@id":"https:\/\/nitu.mx\/index.php\/2025\/11\/05\/grupo-aeromexico-inicia-hoy-su-cotizacion-en-la-bolsa-mexicana-de-valores-y-en-nueva-york\/","url":"https:\/\/nitu.mx\/index.php\/2025\/11\/05\/grupo-aeromexico-inicia-hoy-su-cotizacion-en-la-bolsa-mexicana-de-valores-y-en-nueva-york\/","name":"Grupo Aerom\u00e9xico inicia hoy su cotizaci\u00f3n en la Bolsa Mexicana de Valores y en Nueva York - Nitu - Noticias de la Industria Turistica","isPartOf":{"@id":"https:\/\/nitu.mx\/#website"},"primaryImageOfPage":{"@id":"https:\/\/nitu.mx\/index.php\/2025\/11\/05\/grupo-aeromexico-inicia-hoy-su-cotizacion-en-la-bolsa-mexicana-de-valores-y-en-nueva-york\/#primaryimage"},"image":{"@id":"https:\/\/nitu.mx\/index.php\/2025\/11\/05\/grupo-aeromexico-inicia-hoy-su-cotizacion-en-la-bolsa-mexicana-de-valores-y-en-nueva-york\/#primaryimage"},"thumbnailUrl":"https:\/\/nitu.mx\/wp-content\/uploads\/2025\/11\/Aeromexico-Flota-03.jpg","datePublished":"2025-11-06T04:02:02+00:00","dateModified":"2025-11-06T04:02:03+00:00","breadcrumb":{"@id":"https:\/\/nitu.mx\/index.php\/2025\/11\/05\/grupo-aeromexico-inicia-hoy-su-cotizacion-en-la-bolsa-mexicana-de-valores-y-en-nueva-york\/#breadcrumb"},"inLanguage":"es-MX","potentialAction":[{"@type":"ReadAction","target":["https:\/\/nitu.mx\/index.php\/2025\/11\/05\/grupo-aeromexico-inicia-hoy-su-cotizacion-en-la-bolsa-mexicana-de-valores-y-en-nueva-york\/"]}]},{"@type":"ImageObject","inLanguage":"es-MX","@id":"https:\/\/nitu.mx\/index.php\/2025\/11\/05\/grupo-aeromexico-inicia-hoy-su-cotizacion-en-la-bolsa-mexicana-de-valores-y-en-nueva-york\/#primaryimage","url":"https:\/\/nitu.mx\/wp-content\/uploads\/2025\/11\/Aeromexico-Flota-03.jpg","contentUrl":"https:\/\/nitu.mx\/wp-content\/uploads\/2025\/11\/Aeromexico-Flota-03.jpg","width":1200,"height":675,"caption":"Aerom\u00e9xico Flota 03"},{"@type":"BreadcrumbList","@id":"https:\/\/nitu.mx\/index.php\/2025\/11\/05\/grupo-aeromexico-inicia-hoy-su-cotizacion-en-la-bolsa-mexicana-de-valores-y-en-nueva-york\/#breadcrumb","itemListElement":[{"@type":"ListItem","position":1,"name":"Inicio","item":"https:\/\/nitu.mx\/"},{"@type":"ListItem","position":2,"name":"Grupo Aerom\u00e9xico inicia hoy su cotizaci\u00f3n en la Bolsa Mexicana de Valores y en Nueva York"}]},{"@type":"WebSite","@id":"https:\/\/nitu.mx\/#website","url":"https:\/\/nitu.mx\/","name":"Nitu - Noticias de la Industria Turistica","description":"Noticias de la Industria Turistica","publisher":{"@id":"https:\/\/nitu.mx\/#\/schema\/person\/ae7a53426417292d3dd07b45a33e01bc"},"alternateName":"Noticias de la Industria Turistica","potentialAction":[{"@type":"SearchAction","target":{"@type":"EntryPoint","urlTemplate":"https:\/\/nitu.mx\/?s={search_term_string}"},"query-input":"required name=search_term_string"}],"inLanguage":"es-MX"},{"@type":["Person","Organization"],"@id":"https:\/\/nitu.mx\/#\/schema\/person\/ae7a53426417292d3dd07b45a33e01bc","name":"Arturo Medina","image":{"@type":"ImageObject","inLanguage":"es-MX","@id":"https:\/\/nitu.mx\/#\/schema\/person\/image\/","url":"https:\/\/nitu.mx\/wp-content\/uploads\/2024\/04\/4A315622-1904-4D5C-B022-878CDC840E04-90x90-1.jpeg","contentUrl":"https:\/\/nitu.mx\/wp-content\/uploads\/2024\/04\/4A315622-1904-4D5C-B022-878CDC840E04-90x90-1.jpeg","width":90,"height":90,"caption":"Arturo Medina"},"logo":{"@id":"https:\/\/nitu.mx\/#\/schema\/person\/image\/"},"description":"Director NITU.mx, Egresado de la Escuela de Periodismo Carlos Septi\u00e9n Garc\u00eda. Periodista y analista especializado en turismo desde hace 35 a\u00f1os, radicado en Canc\u00fan Q.Roo. arturo@nitu.mx","sameAs":["https:\/\/nitu.mx","https:\/\/www.facebook.com\/NITUmx\/","medinacancun","https:\/\/twitter.com\/@Arturo_Medina_G"]},{"@type":"Person","@id":"https:\/\/nitu.mx\/#\/schema\/person\/4a28fe9bd65924f7c90623773daf1b0b","name":"Redacci\u00f3n","image":{"@type":"ImageObject","inLanguage":"es-MX","@id":"https:\/\/nitu.mx\/#\/schema\/person\/image\/","url":"https:\/\/secure.gravatar.com\/avatar\/5dd011c8ccfc5cd7e4c81e42252aab38?s=96&d=mm&r=g","contentUrl":"https:\/\/secure.gravatar.com\/avatar\/5dd011c8ccfc5cd7e4c81e42252aab38?s=96&d=mm&r=g","caption":"Redacci\u00f3n"},"url":"https:\/\/nitu.mx\/index.php\/author\/redaccion\/"}]}},"views":722,"_links":{"self":[{"href":"https:\/\/nitu.mx\/index.php\/wp-json\/wp\/v2\/posts\/84368"}],"collection":[{"href":"https:\/\/nitu.mx\/index.php\/wp-json\/wp\/v2\/posts"}],"about":[{"href":"https:\/\/nitu.mx\/index.php\/wp-json\/wp\/v2\/types\/post"}],"author":[{"embeddable":true,"href":"https:\/\/nitu.mx\/index.php\/wp-json\/wp\/v2\/users\/17"}],"replies":[{"embeddable":true,"href":"https:\/\/nitu.mx\/index.php\/wp-json\/wp\/v2\/comments?post=84368"}],"version-history":[{"count":1,"href":"https:\/\/nitu.mx\/index.php\/wp-json\/wp\/v2\/posts\/84368\/revisions"}],"predecessor-version":[{"id":84371,"href":"https:\/\/nitu.mx\/index.php\/wp-json\/wp\/v2\/posts\/84368\/revisions\/84371"}],"wp:featuredmedia":[{"embeddable":true,"href":"https:\/\/nitu.mx\/index.php\/wp-json\/wp\/v2\/media\/84370"}],"wp:attachment":[{"href":"https:\/\/nitu.mx\/index.php\/wp-json\/wp\/v2\/media?parent=84368"}],"wp:term":[{"taxonomy":"category","embeddable":true,"href":"https:\/\/nitu.mx\/index.php\/wp-json\/wp\/v2\/categories?post=84368"},{"taxonomy":"post_tag","embeddable":true,"href":"https:\/\/nitu.mx\/index.php\/wp-json\/wp\/v2\/tags?post=84368"}],"curies":[{"name":"wp","href":"https:\/\/api.w.org\/{rel}","templated":true}]}}