{"id":84362,"date":"2025-11-05T21:30:00","date_gmt":"2025-11-06T03:30:00","guid":{"rendered":"https:\/\/nitu.mx\/?p=84362"},"modified":"2025-11-05T20:16:06","modified_gmt":"2025-11-06T02:16:06","slug":"sectur-anuncia-nuevos-accesos-publicos-y-gratuitos-a-las-playas-de-tulum","status":"publish","type":"post","link":"https:\/\/nitu.mx\/index.php\/2025\/11\/05\/sectur-anuncia-nuevos-accesos-publicos-y-gratuitos-a-las-playas-de-tulum\/","title":{"rendered":"Sectur anuncia nuevos accesos p\u00fablicos y gratuitos a las playas de Tulum"},"content":{"rendered":"\n<p>La secretaria de Turismo federal, Josefina Rodr\u00edguez Zamora, anunci\u00f3 la apertura de nuevos accesos p\u00fablicos y gratuitos a las playas de Tulum en las instalaciones del Parque del Jaguar, as\u00ed como la implementaci\u00f3n de otras v\u00edas de ingreso dentro del \u00c1rea Natural Protegida (ANP).<\/p>\n\n\n\n<p>Actualmente, ya est\u00e1 operando el acceso sur para visitar las playas, mientras que el \u201ctradicional\u201d estar\u00e1 listo en los pr\u00f3ximos d\u00edas. Estas acciones se realizan en cumplimiento a la instrucci\u00f3n de la presidenta Claudia Sheinbaum, para atender la demanda de visitantes y turistas de permitir el libre acceso a las playas de este destino de Quintana Roo respetando las reglas del ANP.<\/p>\n\n\n\n<p>Asimismo, se inform\u00f3 que ya est\u00e1n disponibles otros dos nuevos accesos p\u00fablicos a las playas de Tulum, que est\u00e1n ubicados en la zona hotelera, en las playas conocidas como \u201cConchitas\u201d y \u201cDel Pueblo\u201d, en los kil\u00f3metros 4.5 y 5.5, respectivamente.<\/p>\n\n\n\n<p>La apertura de estos accesos se da en cumplimiento a la encomienda realizada durante la Conferencia del Pueblo del 8 de octubre, y tras una serie de visitas, recorridos y reuniones de trabajo en Tulum y Ciudad de M\u00e9xico entre autoridades federales, estatales y municipales y prestadores tur\u00edsticos.<\/p>\n\n\n\n<p>\u201cEl objetivo es garantizar que el acceso a las playas sea libre y gratuito, tanto para nacionales como para extranjeros, todos los d\u00edas del a\u00f1o; adem\u00e1s, asegurar que el desarrollo del destino se d\u00e9 de manera sostenible, en beneficio de la comunidad y de quienes visitan esta ANP\u201d, se\u00f1al\u00f3 Rodr\u00edguez Zamora.<\/p>\n\n\n\n<p>Adicionalmente, se estableci\u00f3 un esquema de tarifas unificadas para quienes visiten el Parque del Jaguar y la Zona Arqueol\u00f3gica de Tulum. Dichas tarifas estar\u00e1n vigentes desde mediados de noviembre y hasta finales de diciembre, de lunes a s\u00e1bado, con una cuota unificada para visitantes nacionales y otra para extranjeros. Se determin\u00f3 que para 2026 se aplicar\u00e1 una medida similar.<\/p>\n\n\n\n<p>Los domingos, el acceso se mantiene con cuota de 60 pesos para visitantes nacionales y 220 pesos para extranjeros que deseen ingresar a la Zona Arqueol\u00f3gica. Quienes s\u00f3lo deseen disfrutar de las experiencias del Parque del Jaguar podr\u00e1n hacerlo sin costo alguno ese d\u00eda.<\/p>\n\n\n\n<p>Estas opciones, atienden el reglamento del \u00c1rea Natural Protegida en cuanto a horarios espec\u00edficos y estar\u00e1n disponibles en cualquiera de los tres accesos del Parque del Jaguar: el Norte, donde se ubica el CATVI; el Centro o Tradicional, y el Sur; entre estos dos \u00faltimos puntos de acceso, se habilitar\u00e1 un corredor para actividades deportivas y recreativas que ser\u00e1 p\u00fablico y gratuito para nacionales y extranjeros.<\/p>\n\n\n\n<p>En los acuerdos de la Mesa de Trabajo se refrend\u00f3 que los residentes de Tulum, como ha sido desde la apertura, continuar\u00e1n contando con acceso libre y gratuito al \u00c1rea Natural Protegida durante todo el a\u00f1o, con la posibilidad de disfrutar de las experiencias y servicios que ofrece el Parque del Jaguar. Asimismo, se reiter\u00f3 que ning\u00fan visitante deber\u00e1 pagar por ingresar a las playas en ning\u00fan momento del a\u00f1o.<\/p>\n\n\n\n<p>Estas acciones forman parte de las mesas de trabajo en las que participan 14 dependencias de la Administraci\u00f3n P\u00fablica Federal, el Grupo Mundo Maya, el Gobierno del Estado de Quintana Roo y la Presidencia Municipal de Tulum. <\/p>\n\n\n\n<p>De estos trabajos se definieron los ejes de la estrategia integral para Tulum: din\u00e1mica tur\u00edstica, regulaci\u00f3n tur\u00edstica, manejo urbano-ambiental, infraestructura y desarrollo urbano, promoci\u00f3n tur\u00edstica, y monitoreo de precios y tarifas al p\u00fablico. (<a href=\"https:\/\/nitu.mx\/index.php\/2025\/10\/22\/tulum-avanza-acuerdo-de-sectur-y-qroo-para-garantizar-acceso-libre-a-playas-y-reimpulsar-el-destino\/\">Tulum: Avanza acuerdo de Sectur y QRoo para garantizar acceso libre a playas y reimpulsar el destino<\/a>).<\/p>\n","protected":false},"excerpt":{"rendered":"<p>La secretaria de Turismo federal, Josefina Rodr\u00edguez Zamora, anunci\u00f3 la apertura de nuevos accesos p\u00fablicos y gratuitos a las playas de Tulum en las instalaciones del Parque del Jaguar, as\u00ed como la implementaci\u00f3n de otras v\u00edas de ingreso dentro del \u00c1rea Natural Protegida (ANP). Actualmente, ya est\u00e1 operando el acceso sur para visitar las playas, [&hellip;]<\/p>\n","protected":false},"author":17,"featured_media":84365,"comment_status":"closed","ping_status":"closed","sticky":false,"template":"","format":"standard","meta":{"footnotes":""},"categories":[18475],"tags":[27051,25659,24629,3555,93,390],"yoast_head":"<!-- This site is optimized with the Yoast SEO plugin v22.2 - https:\/\/yoast.com\/wordpress\/plugins\/seo\/ -->\n<title>Sectur anuncia nuevos accesos p\u00fablicos y gratuitos a las playas de Tulum - Nitu - Noticias de la Industria Turistica<\/title>\n<meta name=\"robots\" content=\"index, follow, max-snippet:-1, max-image-preview:large, max-video-preview:-1\" \/>\n<link rel=\"canonical\" href=\"https:\/\/nitu.mx\/index.php\/2025\/11\/05\/sectur-anuncia-nuevos-accesos-publicos-y-gratuitos-a-las-playas-de-tulum\/\" \/>\n<meta name=\"twitter:card\" content=\"summary_large_image\" \/>\n<meta name=\"twitter:title\" content=\"Sectur anuncia nuevos accesos p\u00fablicos y gratuitos a las playas de Tulum - Nitu - Noticias de la Industria Turistica\" \/>\n<meta name=\"twitter:description\" content=\"La secretaria de Turismo federal, Josefina Rodr\u00edguez Zamora, anunci\u00f3 la apertura de nuevos accesos p\u00fablicos y gratuitos a las playas de Tulum en las instalaciones del Parque del Jaguar, as\u00ed como la implementaci\u00f3n de otras v\u00edas de ingreso dentro del \u00c1rea Natural Protegida (ANP). Actualmente, ya est\u00e1 operando el acceso sur para visitar las playas, [&hellip;]\" \/>\n<meta name=\"twitter:image\" content=\"https:\/\/nitu.mx\/wp-content\/uploads\/2025\/11\/Tulum-acceso-a-playas.jpg\" \/>\n<meta name=\"twitter:creator\" content=\"@NITUmx\" \/>\n<meta name=\"twitter:site\" content=\"@Arturo_Medina_G\" \/>\n<meta name=\"twitter:label1\" content=\"Escrito por\" \/>\n\t<meta name=\"twitter:data1\" content=\"Redacci\u00f3n\" \/>\n\t<meta name=\"twitter:label2\" content=\"Tiempo de lectura\" \/>\n\t<meta name=\"twitter:data2\" content=\"3 minutos\" \/>\n<script type=\"application\/ld+json\" class=\"yoast-schema-graph\">{\"@context\":\"https:\/\/schema.org\",\"@graph\":[{\"@type\":\"Article\",\"@id\":\"https:\/\/nitu.mx\/index.php\/2025\/11\/05\/sectur-anuncia-nuevos-accesos-publicos-y-gratuitos-a-las-playas-de-tulum\/#article\",\"isPartOf\":{\"@id\":\"https:\/\/nitu.mx\/index.php\/2025\/11\/05\/sectur-anuncia-nuevos-accesos-publicos-y-gratuitos-a-las-playas-de-tulum\/\"},\"author\":{\"name\":\"Redacci\u00f3n\",\"@id\":\"https:\/\/nitu.mx\/#\/schema\/person\/4a28fe9bd65924f7c90623773daf1b0b\"},\"headline\":\"Sectur anuncia nuevos accesos p\u00fablicos y gratuitos a las playas de Tulum\",\"datePublished\":\"2025-11-06T03:30:00+00:00\",\"dateModified\":\"2025-11-06T02:16:06+00:00\",\"mainEntityOfPage\":{\"@id\":\"https:\/\/nitu.mx\/index.php\/2025\/11\/05\/sectur-anuncia-nuevos-accesos-publicos-y-gratuitos-a-las-playas-de-tulum\/\"},\"wordCount\":619,\"publisher\":{\"@id\":\"https:\/\/nitu.mx\/#\/schema\/person\/ae7a53426417292d3dd07b45a33e01bc\"},\"image\":{\"@id\":\"https:\/\/nitu.mx\/index.php\/2025\/11\/05\/sectur-anuncia-nuevos-accesos-publicos-y-gratuitos-a-las-playas-de-tulum\/#primaryimage\"},\"thumbnailUrl\":\"https:\/\/nitu.mx\/wp-content\/uploads\/2025\/11\/Tulum-acceso-a-playas.jpg\",\"keywords\":[\"acceso\",\"Josefina Rodr\u00edguez\",\"Parque del Jaguar\",\"playas\",\"Sectur\",\"Tulum\"],\"articleSection\":[\"Caribe Mexicano\"],\"inLanguage\":\"es-MX\"},{\"@type\":\"WebPage\",\"@id\":\"https:\/\/nitu.mx\/index.php\/2025\/11\/05\/sectur-anuncia-nuevos-accesos-publicos-y-gratuitos-a-las-playas-de-tulum\/\",\"url\":\"https:\/\/nitu.mx\/index.php\/2025\/11\/05\/sectur-anuncia-nuevos-accesos-publicos-y-gratuitos-a-las-playas-de-tulum\/\",\"name\":\"Sectur anuncia nuevos accesos p\u00fablicos y gratuitos a las playas de Tulum - Nitu - Noticias de la Industria Turistica\",\"isPartOf\":{\"@id\":\"https:\/\/nitu.mx\/#website\"},\"primaryImageOfPage\":{\"@id\":\"https:\/\/nitu.mx\/index.php\/2025\/11\/05\/sectur-anuncia-nuevos-accesos-publicos-y-gratuitos-a-las-playas-de-tulum\/#primaryimage\"},\"image\":{\"@id\":\"https:\/\/nitu.mx\/index.php\/2025\/11\/05\/sectur-anuncia-nuevos-accesos-publicos-y-gratuitos-a-las-playas-de-tulum\/#primaryimage\"},\"thumbnailUrl\":\"https:\/\/nitu.mx\/wp-content\/uploads\/2025\/11\/Tulum-acceso-a-playas.jpg\",\"datePublished\":\"2025-11-06T03:30:00+00:00\",\"dateModified\":\"2025-11-06T02:16:06+00:00\",\"breadcrumb\":{\"@id\":\"https:\/\/nitu.mx\/index.php\/2025\/11\/05\/sectur-anuncia-nuevos-accesos-publicos-y-gratuitos-a-las-playas-de-tulum\/#breadcrumb\"},\"inLanguage\":\"es-MX\",\"potentialAction\":[{\"@type\":\"ReadAction\",\"target\":[\"https:\/\/nitu.mx\/index.php\/2025\/11\/05\/sectur-anuncia-nuevos-accesos-publicos-y-gratuitos-a-las-playas-de-tulum\/\"]}]},{\"@type\":\"ImageObject\",\"inLanguage\":\"es-MX\",\"@id\":\"https:\/\/nitu.mx\/index.php\/2025\/11\/05\/sectur-anuncia-nuevos-accesos-publicos-y-gratuitos-a-las-playas-de-tulum\/#primaryimage\",\"url\":\"https:\/\/nitu.mx\/wp-content\/uploads\/2025\/11\/Tulum-acceso-a-playas.jpg\",\"contentUrl\":\"https:\/\/nitu.mx\/wp-content\/uploads\/2025\/11\/Tulum-acceso-a-playas.jpg\",\"width\":1200,\"height\":675,\"caption\":\"Tulum acceso a playas\"},{\"@type\":\"BreadcrumbList\",\"@id\":\"https:\/\/nitu.mx\/index.php\/2025\/11\/05\/sectur-anuncia-nuevos-accesos-publicos-y-gratuitos-a-las-playas-de-tulum\/#breadcrumb\",\"itemListElement\":[{\"@type\":\"ListItem\",\"position\":1,\"name\":\"Inicio\",\"item\":\"https:\/\/nitu.mx\/\"},{\"@type\":\"ListItem\",\"position\":2,\"name\":\"Sectur anuncia nuevos accesos p\u00fablicos y gratuitos a las playas de Tulum\"}]},{\"@type\":\"WebSite\",\"@id\":\"https:\/\/nitu.mx\/#website\",\"url\":\"https:\/\/nitu.mx\/\",\"name\":\"Nitu - Noticias de la Industria Turistica\",\"description\":\"Noticias de la Industria Turistica\",\"publisher\":{\"@id\":\"https:\/\/nitu.mx\/#\/schema\/person\/ae7a53426417292d3dd07b45a33e01bc\"},\"alternateName\":\"Noticias de la Industria Turistica\",\"potentialAction\":[{\"@type\":\"SearchAction\",\"target\":{\"@type\":\"EntryPoint\",\"urlTemplate\":\"https:\/\/nitu.mx\/?s={search_term_string}\"},\"query-input\":\"required name=search_term_string\"}],\"inLanguage\":\"es-MX\"},{\"@type\":[\"Person\",\"Organization\"],\"@id\":\"https:\/\/nitu.mx\/#\/schema\/person\/ae7a53426417292d3dd07b45a33e01bc\",\"name\":\"Arturo Medina\",\"image\":{\"@type\":\"ImageObject\",\"inLanguage\":\"es-MX\",\"@id\":\"https:\/\/nitu.mx\/#\/schema\/person\/image\/\",\"url\":\"https:\/\/nitu.mx\/wp-content\/uploads\/2024\/04\/4A315622-1904-4D5C-B022-878CDC840E04-90x90-1.jpeg\",\"contentUrl\":\"https:\/\/nitu.mx\/wp-content\/uploads\/2024\/04\/4A315622-1904-4D5C-B022-878CDC840E04-90x90-1.jpeg\",\"width\":90,\"height\":90,\"caption\":\"Arturo Medina\"},\"logo\":{\"@id\":\"https:\/\/nitu.mx\/#\/schema\/person\/image\/\"},\"description\":\"Director NITU.mx, Egresado de la Escuela de Periodismo Carlos Septi\u00e9n Garc\u00eda. Periodista y analista especializado en turismo desde hace 35 a\u00f1os, radicado en Canc\u00fan Q.Roo. arturo@nitu.mx\",\"sameAs\":[\"https:\/\/nitu.mx\",\"https:\/\/www.facebook.com\/NITUmx\/\",\"medinacancun\",\"https:\/\/twitter.com\/@Arturo_Medina_G\"]},{\"@type\":\"Person\",\"@id\":\"https:\/\/nitu.mx\/#\/schema\/person\/4a28fe9bd65924f7c90623773daf1b0b\",\"name\":\"Redacci\u00f3n\",\"image\":{\"@type\":\"ImageObject\",\"inLanguage\":\"es-MX\",\"@id\":\"https:\/\/nitu.mx\/#\/schema\/person\/image\/\",\"url\":\"https:\/\/secure.gravatar.com\/avatar\/5dd011c8ccfc5cd7e4c81e42252aab38?s=96&d=mm&r=g\",\"contentUrl\":\"https:\/\/secure.gravatar.com\/avatar\/5dd011c8ccfc5cd7e4c81e42252aab38?s=96&d=mm&r=g\",\"caption\":\"Redacci\u00f3n\"},\"url\":\"https:\/\/nitu.mx\/index.php\/author\/redaccion\/\"}]}<\/script>\n<!-- \/ Yoast SEO plugin. -->","yoast_head_json":{"title":"Sectur anuncia nuevos accesos p\u00fablicos y gratuitos a las playas de Tulum - Nitu - Noticias de la Industria Turistica","robots":{"index":"index","follow":"follow","max-snippet":"max-snippet:-1","max-image-preview":"max-image-preview:large","max-video-preview":"max-video-preview:-1"},"canonical":"https:\/\/nitu.mx\/index.php\/2025\/11\/05\/sectur-anuncia-nuevos-accesos-publicos-y-gratuitos-a-las-playas-de-tulum\/","twitter_card":"summary_large_image","twitter_title":"Sectur anuncia nuevos accesos p\u00fablicos y gratuitos a las playas de Tulum - Nitu - Noticias de la Industria Turistica","twitter_description":"La secretaria de Turismo federal, Josefina Rodr\u00edguez Zamora, anunci\u00f3 la apertura de nuevos accesos p\u00fablicos y gratuitos a las playas de Tulum en las instalaciones del Parque del Jaguar, as\u00ed como la implementaci\u00f3n de otras v\u00edas de ingreso dentro del \u00c1rea Natural Protegida (ANP). Actualmente, ya est\u00e1 operando el acceso sur para visitar las playas, [&hellip;]","twitter_image":"https:\/\/nitu.mx\/wp-content\/uploads\/2025\/11\/Tulum-acceso-a-playas.jpg","twitter_creator":"@NITUmx","twitter_site":"@Arturo_Medina_G","twitter_misc":{"Escrito por":"Redacci\u00f3n","Tiempo de lectura":"3 minutos"},"schema":{"@context":"https:\/\/schema.org","@graph":[{"@type":"Article","@id":"https:\/\/nitu.mx\/index.php\/2025\/11\/05\/sectur-anuncia-nuevos-accesos-publicos-y-gratuitos-a-las-playas-de-tulum\/#article","isPartOf":{"@id":"https:\/\/nitu.mx\/index.php\/2025\/11\/05\/sectur-anuncia-nuevos-accesos-publicos-y-gratuitos-a-las-playas-de-tulum\/"},"author":{"name":"Redacci\u00f3n","@id":"https:\/\/nitu.mx\/#\/schema\/person\/4a28fe9bd65924f7c90623773daf1b0b"},"headline":"Sectur anuncia nuevos accesos p\u00fablicos y gratuitos a las playas de Tulum","datePublished":"2025-11-06T03:30:00+00:00","dateModified":"2025-11-06T02:16:06+00:00","mainEntityOfPage":{"@id":"https:\/\/nitu.mx\/index.php\/2025\/11\/05\/sectur-anuncia-nuevos-accesos-publicos-y-gratuitos-a-las-playas-de-tulum\/"},"wordCount":619,"publisher":{"@id":"https:\/\/nitu.mx\/#\/schema\/person\/ae7a53426417292d3dd07b45a33e01bc"},"image":{"@id":"https:\/\/nitu.mx\/index.php\/2025\/11\/05\/sectur-anuncia-nuevos-accesos-publicos-y-gratuitos-a-las-playas-de-tulum\/#primaryimage"},"thumbnailUrl":"https:\/\/nitu.mx\/wp-content\/uploads\/2025\/11\/Tulum-acceso-a-playas.jpg","keywords":["acceso","Josefina Rodr\u00edguez","Parque del Jaguar","playas","Sectur","Tulum"],"articleSection":["Caribe Mexicano"],"inLanguage":"es-MX"},{"@type":"WebPage","@id":"https:\/\/nitu.mx\/index.php\/2025\/11\/05\/sectur-anuncia-nuevos-accesos-publicos-y-gratuitos-a-las-playas-de-tulum\/","url":"https:\/\/nitu.mx\/index.php\/2025\/11\/05\/sectur-anuncia-nuevos-accesos-publicos-y-gratuitos-a-las-playas-de-tulum\/","name":"Sectur anuncia nuevos accesos p\u00fablicos y gratuitos a las playas de Tulum - Nitu - Noticias de la Industria Turistica","isPartOf":{"@id":"https:\/\/nitu.mx\/#website"},"primaryImageOfPage":{"@id":"https:\/\/nitu.mx\/index.php\/2025\/11\/05\/sectur-anuncia-nuevos-accesos-publicos-y-gratuitos-a-las-playas-de-tulum\/#primaryimage"},"image":{"@id":"https:\/\/nitu.mx\/index.php\/2025\/11\/05\/sectur-anuncia-nuevos-accesos-publicos-y-gratuitos-a-las-playas-de-tulum\/#primaryimage"},"thumbnailUrl":"https:\/\/nitu.mx\/wp-content\/uploads\/2025\/11\/Tulum-acceso-a-playas.jpg","datePublished":"2025-11-06T03:30:00+00:00","dateModified":"2025-11-06T02:16:06+00:00","breadcrumb":{"@id":"https:\/\/nitu.mx\/index.php\/2025\/11\/05\/sectur-anuncia-nuevos-accesos-publicos-y-gratuitos-a-las-playas-de-tulum\/#breadcrumb"},"inLanguage":"es-MX","potentialAction":[{"@type":"ReadAction","target":["https:\/\/nitu.mx\/index.php\/2025\/11\/05\/sectur-anuncia-nuevos-accesos-publicos-y-gratuitos-a-las-playas-de-tulum\/"]}]},{"@type":"ImageObject","inLanguage":"es-MX","@id":"https:\/\/nitu.mx\/index.php\/2025\/11\/05\/sectur-anuncia-nuevos-accesos-publicos-y-gratuitos-a-las-playas-de-tulum\/#primaryimage","url":"https:\/\/nitu.mx\/wp-content\/uploads\/2025\/11\/Tulum-acceso-a-playas.jpg","contentUrl":"https:\/\/nitu.mx\/wp-content\/uploads\/2025\/11\/Tulum-acceso-a-playas.jpg","width":1200,"height":675,"caption":"Tulum acceso a playas"},{"@type":"BreadcrumbList","@id":"https:\/\/nitu.mx\/index.php\/2025\/11\/05\/sectur-anuncia-nuevos-accesos-publicos-y-gratuitos-a-las-playas-de-tulum\/#breadcrumb","itemListElement":[{"@type":"ListItem","position":1,"name":"Inicio","item":"https:\/\/nitu.mx\/"},{"@type":"ListItem","position":2,"name":"Sectur anuncia nuevos accesos p\u00fablicos y gratuitos a las playas de Tulum"}]},{"@type":"WebSite","@id":"https:\/\/nitu.mx\/#website","url":"https:\/\/nitu.mx\/","name":"Nitu - Noticias de la Industria Turistica","description":"Noticias de la Industria Turistica","publisher":{"@id":"https:\/\/nitu.mx\/#\/schema\/person\/ae7a53426417292d3dd07b45a33e01bc"},"alternateName":"Noticias de la Industria Turistica","potentialAction":[{"@type":"SearchAction","target":{"@type":"EntryPoint","urlTemplate":"https:\/\/nitu.mx\/?s={search_term_string}"},"query-input":"required name=search_term_string"}],"inLanguage":"es-MX"},{"@type":["Person","Organization"],"@id":"https:\/\/nitu.mx\/#\/schema\/person\/ae7a53426417292d3dd07b45a33e01bc","name":"Arturo Medina","image":{"@type":"ImageObject","inLanguage":"es-MX","@id":"https:\/\/nitu.mx\/#\/schema\/person\/image\/","url":"https:\/\/nitu.mx\/wp-content\/uploads\/2024\/04\/4A315622-1904-4D5C-B022-878CDC840E04-90x90-1.jpeg","contentUrl":"https:\/\/nitu.mx\/wp-content\/uploads\/2024\/04\/4A315622-1904-4D5C-B022-878CDC840E04-90x90-1.jpeg","width":90,"height":90,"caption":"Arturo Medina"},"logo":{"@id":"https:\/\/nitu.mx\/#\/schema\/person\/image\/"},"description":"Director NITU.mx, Egresado de la Escuela de Periodismo Carlos Septi\u00e9n Garc\u00eda. Periodista y analista especializado en turismo desde hace 35 a\u00f1os, radicado en Canc\u00fan Q.Roo. arturo@nitu.mx","sameAs":["https:\/\/nitu.mx","https:\/\/www.facebook.com\/NITUmx\/","medinacancun","https:\/\/twitter.com\/@Arturo_Medina_G"]},{"@type":"Person","@id":"https:\/\/nitu.mx\/#\/schema\/person\/4a28fe9bd65924f7c90623773daf1b0b","name":"Redacci\u00f3n","image":{"@type":"ImageObject","inLanguage":"es-MX","@id":"https:\/\/nitu.mx\/#\/schema\/person\/image\/","url":"https:\/\/secure.gravatar.com\/avatar\/5dd011c8ccfc5cd7e4c81e42252aab38?s=96&d=mm&r=g","contentUrl":"https:\/\/secure.gravatar.com\/avatar\/5dd011c8ccfc5cd7e4c81e42252aab38?s=96&d=mm&r=g","caption":"Redacci\u00f3n"},"url":"https:\/\/nitu.mx\/index.php\/author\/redaccion\/"}]}},"views":567,"_links":{"self":[{"href":"https:\/\/nitu.mx\/index.php\/wp-json\/wp\/v2\/posts\/84362"}],"collection":[{"href":"https:\/\/nitu.mx\/index.php\/wp-json\/wp\/v2\/posts"}],"about":[{"href":"https:\/\/nitu.mx\/index.php\/wp-json\/wp\/v2\/types\/post"}],"author":[{"embeddable":true,"href":"https:\/\/nitu.mx\/index.php\/wp-json\/wp\/v2\/users\/17"}],"replies":[{"embeddable":true,"href":"https:\/\/nitu.mx\/index.php\/wp-json\/wp\/v2\/comments?post=84362"}],"version-history":[{"count":2,"href":"https:\/\/nitu.mx\/index.php\/wp-json\/wp\/v2\/posts\/84362\/revisions"}],"predecessor-version":[{"id":84367,"href":"https:\/\/nitu.mx\/index.php\/wp-json\/wp\/v2\/posts\/84362\/revisions\/84367"}],"wp:featuredmedia":[{"embeddable":true,"href":"https:\/\/nitu.mx\/index.php\/wp-json\/wp\/v2\/media\/84365"}],"wp:attachment":[{"href":"https:\/\/nitu.mx\/index.php\/wp-json\/wp\/v2\/media?parent=84362"}],"wp:term":[{"taxonomy":"category","embeddable":true,"href":"https:\/\/nitu.mx\/index.php\/wp-json\/wp\/v2\/categories?post=84362"},{"taxonomy":"post_tag","embeddable":true,"href":"https:\/\/nitu.mx\/index.php\/wp-json\/wp\/v2\/tags?post=84362"}],"curies":[{"name":"wp","href":"https:\/\/api.w.org\/{rel}","templated":true}]}}