{"id":84346,"date":"2025-11-05T17:53:35","date_gmt":"2025-11-05T23:53:35","guid":{"rendered":"https:\/\/nitu.mx\/?p=84346"},"modified":"2025-11-05T17:53:36","modified_gmt":"2025-11-05T23:53:36","slug":"mexico-registra-mas-de-90-millones-de-pasajeros-aereos-de-enero-a-septiembre","status":"publish","type":"post","link":"https:\/\/nitu.mx\/index.php\/2025\/11\/05\/mexico-registra-mas-de-90-millones-de-pasajeros-aereos-de-enero-a-septiembre\/","title":{"rendered":"M\u00e9xico registra m\u00e1s de 90 millones de pasajeros a\u00e9reos de enero a septiembre"},"content":{"rendered":"\n<p>La secretaria de Turismo federal, Josefina Rodr\u00edguez Zamora, dio a conocer que, durante los primeros nueve meses de 2025, el transporte a\u00e9reo nacional e internacional mantuvo un crecimiento sostenido, al registrar 90.9 millones de pasajeros transportados en vuelos regulares, lo que representa un incremento de 2.4 por ciento en comparaci\u00f3n con el mismo periodo de 2024 y de 20.4 por ciento respecto a 2019, antes de la pandemia.<\/p>\n\n\n\n<p>La titular de la Secretar\u00eda de Turismo (Sectur) destac\u00f3 que \u2014de acuerdo con datos de la Agencia Federal de Aviaci\u00f3n Civil (AFAC)\u2014 entre enero y septiembre de este a\u00f1o se registraron 47.1 millones de pasajeros en vuelos nacionales, lo que representa un incremento de 3.3 por ciento respecto a 2024 y 19.2 por ciento m\u00e1s que en el a\u00f1o 2019.<\/p>\n\n\n\n<p>Destac\u00f3 que, en lo referente a vuelos internacionales, se transportaron 43.8 millones de pasajeros, 1.4 por ciento m\u00e1s que en 2024 y 21.6 por ciento por encima de los niveles de 2019, lo que refleja el dinamismo del turismo y el fortalecimiento de la conectividad a\u00e9rea del pa\u00eds.<\/p>\n\n\n\n<p>Rodr\u00edguez Zamora mencion\u00f3 que estos resultados son muestra del liderazgo y la certeza que brinda el Gobierno de M\u00e9xico, encabezado por la presidenta Claudia Sheinbaum Pardo, quien impulsa pol\u00edticas p\u00fablicas orientadas a fortalecer la infraestructura, la conectividad y la competitividad nacional.<\/p>\n\n\n\n<p>\u201cSeguimos avanzando con paso firme, fortaleciendo nuestras rutas, destinos y alianzas estrat\u00e9gicas, con la confianza de que M\u00e9xico es y seguir\u00e1 siendo un referente del turismo y la aviaci\u00f3n en el mundo\u201d, concluy\u00f3. (<a href=\"https:\/\/nitu.mx\/index.php\/2025\/09\/29\/mexico-registra-mas-de-82-millones-de-pasajeros-aereos-de-enero-a-agosto\/\">M\u00e9xico registra m\u00e1s de 82 millones de pasajeros a\u00e9reos de enero a agosto<\/a>).<\/p>\n","protected":false},"excerpt":{"rendered":"<p>La secretaria de Turismo federal, Josefina Rodr\u00edguez Zamora, dio a conocer que, durante los primeros nueve meses de 2025, el transporte a\u00e9reo nacional e internacional mantuvo un crecimiento sostenido, al registrar 90.9 millones de pasajeros transportados en vuelos regulares, lo que representa un incremento de 2.4 por ciento en comparaci\u00f3n con el mismo periodo de [&hellip;]<\/p>\n","protected":false},"author":17,"featured_media":58737,"comment_status":"closed","ping_status":"closed","sticky":false,"template":"","format":"standard","meta":{"footnotes":""},"categories":[29],"tags":[25659,5692,93],"yoast_head":"<!-- This site is optimized with the Yoast SEO plugin v22.2 - https:\/\/yoast.com\/wordpress\/plugins\/seo\/ -->\n<title>M\u00e9xico registra m\u00e1s de 90 millones de pasajeros a\u00e9reos de enero a septiembre - Nitu - Noticias de la Industria Turistica<\/title>\n<meta name=\"robots\" content=\"index, follow, max-snippet:-1, max-image-preview:large, max-video-preview:-1\" \/>\n<link rel=\"canonical\" href=\"https:\/\/nitu.mx\/index.php\/2025\/11\/05\/mexico-registra-mas-de-90-millones-de-pasajeros-aereos-de-enero-a-septiembre\/\" \/>\n<meta name=\"twitter:card\" content=\"summary_large_image\" \/>\n<meta name=\"twitter:title\" content=\"M\u00e9xico registra m\u00e1s de 90 millones de pasajeros a\u00e9reos de enero a septiembre - Nitu - Noticias de la Industria Turistica\" \/>\n<meta name=\"twitter:description\" content=\"La secretaria de Turismo federal, Josefina Rodr\u00edguez Zamora, dio a conocer que, durante los primeros nueve meses de 2025, el transporte a\u00e9reo nacional e internacional mantuvo un crecimiento sostenido, al registrar 90.9 millones de pasajeros transportados en vuelos regulares, lo que representa un incremento de 2.4 por ciento en comparaci\u00f3n con el mismo periodo de [&hellip;]\" \/>\n<meta name=\"twitter:image\" content=\"https:\/\/nitu.mx\/wp-content\/uploads\/2022\/03\/Aeropuerto-Cancu\u0301n.jpg\" \/>\n<meta name=\"twitter:creator\" content=\"@NITUmx\" \/>\n<meta name=\"twitter:site\" content=\"@Arturo_Medina_G\" \/>\n<meta name=\"twitter:label1\" content=\"Escrito por\" \/>\n\t<meta name=\"twitter:data1\" content=\"Redacci\u00f3n\" \/>\n\t<meta name=\"twitter:label2\" content=\"Tiempo de lectura\" \/>\n\t<meta name=\"twitter:data2\" content=\"1 minuto\" \/>\n<script type=\"application\/ld+json\" class=\"yoast-schema-graph\">{\"@context\":\"https:\/\/schema.org\",\"@graph\":[{\"@type\":\"Article\",\"@id\":\"https:\/\/nitu.mx\/index.php\/2025\/11\/05\/mexico-registra-mas-de-90-millones-de-pasajeros-aereos-de-enero-a-septiembre\/#article\",\"isPartOf\":{\"@id\":\"https:\/\/nitu.mx\/index.php\/2025\/11\/05\/mexico-registra-mas-de-90-millones-de-pasajeros-aereos-de-enero-a-septiembre\/\"},\"author\":{\"name\":\"Redacci\u00f3n\",\"@id\":\"https:\/\/nitu.mx\/#\/schema\/person\/4a28fe9bd65924f7c90623773daf1b0b\"},\"headline\":\"M\u00e9xico registra m\u00e1s de 90 millones de pasajeros a\u00e9reos de enero a septiembre\",\"datePublished\":\"2025-11-05T23:53:35+00:00\",\"dateModified\":\"2025-11-05T23:53:36+00:00\",\"mainEntityOfPage\":{\"@id\":\"https:\/\/nitu.mx\/index.php\/2025\/11\/05\/mexico-registra-mas-de-90-millones-de-pasajeros-aereos-de-enero-a-septiembre\/\"},\"wordCount\":282,\"publisher\":{\"@id\":\"https:\/\/nitu.mx\/#\/schema\/person\/ae7a53426417292d3dd07b45a33e01bc\"},\"image\":{\"@id\":\"https:\/\/nitu.mx\/index.php\/2025\/11\/05\/mexico-registra-mas-de-90-millones-de-pasajeros-aereos-de-enero-a-septiembre\/#primaryimage\"},\"thumbnailUrl\":\"https:\/\/nitu.mx\/wp-content\/uploads\/2022\/03\/Aeropuerto-Cancu\u0301n.jpg\",\"keywords\":[\"Josefina Rodr\u00edguez\",\"pasajeros a\u00e9reos\",\"Sectur\"],\"articleSection\":[\"Aerol\u00edneas\"],\"inLanguage\":\"es-MX\"},{\"@type\":\"WebPage\",\"@id\":\"https:\/\/nitu.mx\/index.php\/2025\/11\/05\/mexico-registra-mas-de-90-millones-de-pasajeros-aereos-de-enero-a-septiembre\/\",\"url\":\"https:\/\/nitu.mx\/index.php\/2025\/11\/05\/mexico-registra-mas-de-90-millones-de-pasajeros-aereos-de-enero-a-septiembre\/\",\"name\":\"M\u00e9xico registra m\u00e1s de 90 millones de pasajeros a\u00e9reos de enero a septiembre - Nitu - Noticias de la Industria Turistica\",\"isPartOf\":{\"@id\":\"https:\/\/nitu.mx\/#website\"},\"primaryImageOfPage\":{\"@id\":\"https:\/\/nitu.mx\/index.php\/2025\/11\/05\/mexico-registra-mas-de-90-millones-de-pasajeros-aereos-de-enero-a-septiembre\/#primaryimage\"},\"image\":{\"@id\":\"https:\/\/nitu.mx\/index.php\/2025\/11\/05\/mexico-registra-mas-de-90-millones-de-pasajeros-aereos-de-enero-a-septiembre\/#primaryimage\"},\"thumbnailUrl\":\"https:\/\/nitu.mx\/wp-content\/uploads\/2022\/03\/Aeropuerto-Cancu\u0301n.jpg\",\"datePublished\":\"2025-11-05T23:53:35+00:00\",\"dateModified\":\"2025-11-05T23:53:36+00:00\",\"breadcrumb\":{\"@id\":\"https:\/\/nitu.mx\/index.php\/2025\/11\/05\/mexico-registra-mas-de-90-millones-de-pasajeros-aereos-de-enero-a-septiembre\/#breadcrumb\"},\"inLanguage\":\"es-MX\",\"potentialAction\":[{\"@type\":\"ReadAction\",\"target\":[\"https:\/\/nitu.mx\/index.php\/2025\/11\/05\/mexico-registra-mas-de-90-millones-de-pasajeros-aereos-de-enero-a-septiembre\/\"]}]},{\"@type\":\"ImageObject\",\"inLanguage\":\"es-MX\",\"@id\":\"https:\/\/nitu.mx\/index.php\/2025\/11\/05\/mexico-registra-mas-de-90-millones-de-pasajeros-aereos-de-enero-a-septiembre\/#primaryimage\",\"url\":\"https:\/\/nitu.mx\/wp-content\/uploads\/2022\/03\/Aeropuerto-Cancu\u0301n.jpg\",\"contentUrl\":\"https:\/\/nitu.mx\/wp-content\/uploads\/2022\/03\/Aeropuerto-Cancu\u0301n.jpg\",\"width\":1200,\"height\":675,\"caption\":\"Quintana Roo ocupaci\u00f3n turistas a\u00e9reos\"},{\"@type\":\"BreadcrumbList\",\"@id\":\"https:\/\/nitu.mx\/index.php\/2025\/11\/05\/mexico-registra-mas-de-90-millones-de-pasajeros-aereos-de-enero-a-septiembre\/#breadcrumb\",\"itemListElement\":[{\"@type\":\"ListItem\",\"position\":1,\"name\":\"Inicio\",\"item\":\"https:\/\/nitu.mx\/\"},{\"@type\":\"ListItem\",\"position\":2,\"name\":\"M\u00e9xico registra m\u00e1s de 90 millones de pasajeros a\u00e9reos de enero a septiembre\"}]},{\"@type\":\"WebSite\",\"@id\":\"https:\/\/nitu.mx\/#website\",\"url\":\"https:\/\/nitu.mx\/\",\"name\":\"Nitu - Noticias de la Industria Turistica\",\"description\":\"Noticias de la Industria Turistica\",\"publisher\":{\"@id\":\"https:\/\/nitu.mx\/#\/schema\/person\/ae7a53426417292d3dd07b45a33e01bc\"},\"alternateName\":\"Noticias de la Industria Turistica\",\"potentialAction\":[{\"@type\":\"SearchAction\",\"target\":{\"@type\":\"EntryPoint\",\"urlTemplate\":\"https:\/\/nitu.mx\/?s={search_term_string}\"},\"query-input\":\"required name=search_term_string\"}],\"inLanguage\":\"es-MX\"},{\"@type\":[\"Person\",\"Organization\"],\"@id\":\"https:\/\/nitu.mx\/#\/schema\/person\/ae7a53426417292d3dd07b45a33e01bc\",\"name\":\"Arturo Medina\",\"image\":{\"@type\":\"ImageObject\",\"inLanguage\":\"es-MX\",\"@id\":\"https:\/\/nitu.mx\/#\/schema\/person\/image\/\",\"url\":\"https:\/\/nitu.mx\/wp-content\/uploads\/2024\/04\/4A315622-1904-4D5C-B022-878CDC840E04-90x90-1.jpeg\",\"contentUrl\":\"https:\/\/nitu.mx\/wp-content\/uploads\/2024\/04\/4A315622-1904-4D5C-B022-878CDC840E04-90x90-1.jpeg\",\"width\":90,\"height\":90,\"caption\":\"Arturo Medina\"},\"logo\":{\"@id\":\"https:\/\/nitu.mx\/#\/schema\/person\/image\/\"},\"description\":\"Director NITU.mx, Egresado de la Escuela de Periodismo Carlos Septi\u00e9n Garc\u00eda. Periodista y analista especializado en turismo desde hace 35 a\u00f1os, radicado en Canc\u00fan Q.Roo. arturo@nitu.mx\",\"sameAs\":[\"https:\/\/nitu.mx\",\"https:\/\/www.facebook.com\/NITUmx\/\",\"medinacancun\",\"https:\/\/twitter.com\/@Arturo_Medina_G\"]},{\"@type\":\"Person\",\"@id\":\"https:\/\/nitu.mx\/#\/schema\/person\/4a28fe9bd65924f7c90623773daf1b0b\",\"name\":\"Redacci\u00f3n\",\"image\":{\"@type\":\"ImageObject\",\"inLanguage\":\"es-MX\",\"@id\":\"https:\/\/nitu.mx\/#\/schema\/person\/image\/\",\"url\":\"https:\/\/secure.gravatar.com\/avatar\/5dd011c8ccfc5cd7e4c81e42252aab38?s=96&d=mm&r=g\",\"contentUrl\":\"https:\/\/secure.gravatar.com\/avatar\/5dd011c8ccfc5cd7e4c81e42252aab38?s=96&d=mm&r=g\",\"caption\":\"Redacci\u00f3n\"},\"url\":\"https:\/\/nitu.mx\/index.php\/author\/redaccion\/\"}]}<\/script>\n<!-- \/ Yoast SEO plugin. -->","yoast_head_json":{"title":"M\u00e9xico registra m\u00e1s de 90 millones de pasajeros a\u00e9reos de enero a septiembre - Nitu - Noticias de la Industria Turistica","robots":{"index":"index","follow":"follow","max-snippet":"max-snippet:-1","max-image-preview":"max-image-preview:large","max-video-preview":"max-video-preview:-1"},"canonical":"https:\/\/nitu.mx\/index.php\/2025\/11\/05\/mexico-registra-mas-de-90-millones-de-pasajeros-aereos-de-enero-a-septiembre\/","twitter_card":"summary_large_image","twitter_title":"M\u00e9xico registra m\u00e1s de 90 millones de pasajeros a\u00e9reos de enero a septiembre - Nitu - Noticias de la Industria Turistica","twitter_description":"La secretaria de Turismo federal, Josefina Rodr\u00edguez Zamora, dio a conocer que, durante los primeros nueve meses de 2025, el transporte a\u00e9reo nacional e internacional mantuvo un crecimiento sostenido, al registrar 90.9 millones de pasajeros transportados en vuelos regulares, lo que representa un incremento de 2.4 por ciento en comparaci\u00f3n con el mismo periodo de [&hellip;]","twitter_image":"https:\/\/nitu.mx\/wp-content\/uploads\/2022\/03\/Aeropuerto-Cancu\u0301n.jpg","twitter_creator":"@NITUmx","twitter_site":"@Arturo_Medina_G","twitter_misc":{"Escrito por":"Redacci\u00f3n","Tiempo de lectura":"1 minuto"},"schema":{"@context":"https:\/\/schema.org","@graph":[{"@type":"Article","@id":"https:\/\/nitu.mx\/index.php\/2025\/11\/05\/mexico-registra-mas-de-90-millones-de-pasajeros-aereos-de-enero-a-septiembre\/#article","isPartOf":{"@id":"https:\/\/nitu.mx\/index.php\/2025\/11\/05\/mexico-registra-mas-de-90-millones-de-pasajeros-aereos-de-enero-a-septiembre\/"},"author":{"name":"Redacci\u00f3n","@id":"https:\/\/nitu.mx\/#\/schema\/person\/4a28fe9bd65924f7c90623773daf1b0b"},"headline":"M\u00e9xico registra m\u00e1s de 90 millones de pasajeros a\u00e9reos de enero a septiembre","datePublished":"2025-11-05T23:53:35+00:00","dateModified":"2025-11-05T23:53:36+00:00","mainEntityOfPage":{"@id":"https:\/\/nitu.mx\/index.php\/2025\/11\/05\/mexico-registra-mas-de-90-millones-de-pasajeros-aereos-de-enero-a-septiembre\/"},"wordCount":282,"publisher":{"@id":"https:\/\/nitu.mx\/#\/schema\/person\/ae7a53426417292d3dd07b45a33e01bc"},"image":{"@id":"https:\/\/nitu.mx\/index.php\/2025\/11\/05\/mexico-registra-mas-de-90-millones-de-pasajeros-aereos-de-enero-a-septiembre\/#primaryimage"},"thumbnailUrl":"https:\/\/nitu.mx\/wp-content\/uploads\/2022\/03\/Aeropuerto-Cancu\u0301n.jpg","keywords":["Josefina Rodr\u00edguez","pasajeros a\u00e9reos","Sectur"],"articleSection":["Aerol\u00edneas"],"inLanguage":"es-MX"},{"@type":"WebPage","@id":"https:\/\/nitu.mx\/index.php\/2025\/11\/05\/mexico-registra-mas-de-90-millones-de-pasajeros-aereos-de-enero-a-septiembre\/","url":"https:\/\/nitu.mx\/index.php\/2025\/11\/05\/mexico-registra-mas-de-90-millones-de-pasajeros-aereos-de-enero-a-septiembre\/","name":"M\u00e9xico registra m\u00e1s de 90 millones de pasajeros a\u00e9reos de enero a septiembre - Nitu - Noticias de la Industria Turistica","isPartOf":{"@id":"https:\/\/nitu.mx\/#website"},"primaryImageOfPage":{"@id":"https:\/\/nitu.mx\/index.php\/2025\/11\/05\/mexico-registra-mas-de-90-millones-de-pasajeros-aereos-de-enero-a-septiembre\/#primaryimage"},"image":{"@id":"https:\/\/nitu.mx\/index.php\/2025\/11\/05\/mexico-registra-mas-de-90-millones-de-pasajeros-aereos-de-enero-a-septiembre\/#primaryimage"},"thumbnailUrl":"https:\/\/nitu.mx\/wp-content\/uploads\/2022\/03\/Aeropuerto-Cancu\u0301n.jpg","datePublished":"2025-11-05T23:53:35+00:00","dateModified":"2025-11-05T23:53:36+00:00","breadcrumb":{"@id":"https:\/\/nitu.mx\/index.php\/2025\/11\/05\/mexico-registra-mas-de-90-millones-de-pasajeros-aereos-de-enero-a-septiembre\/#breadcrumb"},"inLanguage":"es-MX","potentialAction":[{"@type":"ReadAction","target":["https:\/\/nitu.mx\/index.php\/2025\/11\/05\/mexico-registra-mas-de-90-millones-de-pasajeros-aereos-de-enero-a-septiembre\/"]}]},{"@type":"ImageObject","inLanguage":"es-MX","@id":"https:\/\/nitu.mx\/index.php\/2025\/11\/05\/mexico-registra-mas-de-90-millones-de-pasajeros-aereos-de-enero-a-septiembre\/#primaryimage","url":"https:\/\/nitu.mx\/wp-content\/uploads\/2022\/03\/Aeropuerto-Cancu\u0301n.jpg","contentUrl":"https:\/\/nitu.mx\/wp-content\/uploads\/2022\/03\/Aeropuerto-Cancu\u0301n.jpg","width":1200,"height":675,"caption":"Quintana Roo ocupaci\u00f3n turistas a\u00e9reos"},{"@type":"BreadcrumbList","@id":"https:\/\/nitu.mx\/index.php\/2025\/11\/05\/mexico-registra-mas-de-90-millones-de-pasajeros-aereos-de-enero-a-septiembre\/#breadcrumb","itemListElement":[{"@type":"ListItem","position":1,"name":"Inicio","item":"https:\/\/nitu.mx\/"},{"@type":"ListItem","position":2,"name":"M\u00e9xico registra m\u00e1s de 90 millones de pasajeros a\u00e9reos de enero a septiembre"}]},{"@type":"WebSite","@id":"https:\/\/nitu.mx\/#website","url":"https:\/\/nitu.mx\/","name":"Nitu - Noticias de la Industria Turistica","description":"Noticias de la Industria Turistica","publisher":{"@id":"https:\/\/nitu.mx\/#\/schema\/person\/ae7a53426417292d3dd07b45a33e01bc"},"alternateName":"Noticias de la Industria Turistica","potentialAction":[{"@type":"SearchAction","target":{"@type":"EntryPoint","urlTemplate":"https:\/\/nitu.mx\/?s={search_term_string}"},"query-input":"required name=search_term_string"}],"inLanguage":"es-MX"},{"@type":["Person","Organization"],"@id":"https:\/\/nitu.mx\/#\/schema\/person\/ae7a53426417292d3dd07b45a33e01bc","name":"Arturo Medina","image":{"@type":"ImageObject","inLanguage":"es-MX","@id":"https:\/\/nitu.mx\/#\/schema\/person\/image\/","url":"https:\/\/nitu.mx\/wp-content\/uploads\/2024\/04\/4A315622-1904-4D5C-B022-878CDC840E04-90x90-1.jpeg","contentUrl":"https:\/\/nitu.mx\/wp-content\/uploads\/2024\/04\/4A315622-1904-4D5C-B022-878CDC840E04-90x90-1.jpeg","width":90,"height":90,"caption":"Arturo Medina"},"logo":{"@id":"https:\/\/nitu.mx\/#\/schema\/person\/image\/"},"description":"Director NITU.mx, Egresado de la Escuela de Periodismo Carlos Septi\u00e9n Garc\u00eda. Periodista y analista especializado en turismo desde hace 35 a\u00f1os, radicado en Canc\u00fan Q.Roo. arturo@nitu.mx","sameAs":["https:\/\/nitu.mx","https:\/\/www.facebook.com\/NITUmx\/","medinacancun","https:\/\/twitter.com\/@Arturo_Medina_G"]},{"@type":"Person","@id":"https:\/\/nitu.mx\/#\/schema\/person\/4a28fe9bd65924f7c90623773daf1b0b","name":"Redacci\u00f3n","image":{"@type":"ImageObject","inLanguage":"es-MX","@id":"https:\/\/nitu.mx\/#\/schema\/person\/image\/","url":"https:\/\/secure.gravatar.com\/avatar\/5dd011c8ccfc5cd7e4c81e42252aab38?s=96&d=mm&r=g","contentUrl":"https:\/\/secure.gravatar.com\/avatar\/5dd011c8ccfc5cd7e4c81e42252aab38?s=96&d=mm&r=g","caption":"Redacci\u00f3n"},"url":"https:\/\/nitu.mx\/index.php\/author\/redaccion\/"}]}},"views":355,"_links":{"self":[{"href":"https:\/\/nitu.mx\/index.php\/wp-json\/wp\/v2\/posts\/84346"}],"collection":[{"href":"https:\/\/nitu.mx\/index.php\/wp-json\/wp\/v2\/posts"}],"about":[{"href":"https:\/\/nitu.mx\/index.php\/wp-json\/wp\/v2\/types\/post"}],"author":[{"embeddable":true,"href":"https:\/\/nitu.mx\/index.php\/wp-json\/wp\/v2\/users\/17"}],"replies":[{"embeddable":true,"href":"https:\/\/nitu.mx\/index.php\/wp-json\/wp\/v2\/comments?post=84346"}],"version-history":[{"count":2,"href":"https:\/\/nitu.mx\/index.php\/wp-json\/wp\/v2\/posts\/84346\/revisions"}],"predecessor-version":[{"id":84350,"href":"https:\/\/nitu.mx\/index.php\/wp-json\/wp\/v2\/posts\/84346\/revisions\/84350"}],"wp:featuredmedia":[{"embeddable":true,"href":"https:\/\/nitu.mx\/index.php\/wp-json\/wp\/v2\/media\/58737"}],"wp:attachment":[{"href":"https:\/\/nitu.mx\/index.php\/wp-json\/wp\/v2\/media?parent=84346"}],"wp:term":[{"taxonomy":"category","embeddable":true,"href":"https:\/\/nitu.mx\/index.php\/wp-json\/wp\/v2\/categories?post=84346"},{"taxonomy":"post_tag","embeddable":true,"href":"https:\/\/nitu.mx\/index.php\/wp-json\/wp\/v2\/tags?post=84346"}],"curies":[{"name":"wp","href":"https:\/\/api.w.org\/{rel}","templated":true}]}}