{"id":84328,"date":"2025-11-04T19:52:15","date_gmt":"2025-11-05T01:52:15","guid":{"rendered":"https:\/\/nitu.mx\/?p=84328"},"modified":"2025-11-04T19:52:16","modified_gmt":"2025-11-05T01:52:16","slug":"fortalece-quintana-roo-su-presencia-en-el-mercado-britanico-al-participar-en-el-wtm-2025-en-londres","status":"publish","type":"post","link":"https:\/\/nitu.mx\/index.php\/2025\/11\/04\/fortalece-quintana-roo-su-presencia-en-el-mercado-britanico-al-participar-en-el-wtm-2025-en-londres\/","title":{"rendered":"Fortalece Quintana Roo su presencia en el mercado brit\u00e1nico al participar en el WTM 2025 en Londres"},"content":{"rendered":"\n<p>Quintana Roo participa en la Feria Mundial de Turismo de Londres, World Travel Market, (WTM) que se lleva a cabo a partir de este martes y hasta el pr\u00f3ximo jueves, con el objetivo de consolidar la presencia del Caribe Mexicano en uno de los mercados europeos m\u00e1s relevantes para el estado.<\/p>\n\n\n\n<p>En el marco de la WTM, el pasado lunes se realiz\u00f3 la presentaci\u00f3n de los 12 destinos tur\u00edsticos, por el Consejo de Promoci\u00f3n Tur\u00edstica de Quintana Roo (CPTQ), ante mayoristas, agencias de viajes y medios de comunicaci\u00f3n especializados, con el prop\u00f3sito de mostrar la riqueza natural, cultural y gastron\u00f3mica del Caribe Mexicano.<\/p>\n\n\n\n<p>El mercado brit\u00e1nico se mantiene como uno de los m\u00e1s importantes para Quintana Roo. De enero a agosto de 2025, m\u00e1s de 245 mil turistas brit\u00e1nicos volaron al Caribe Mexicano, lo que representa el 78.9% del total de visitantes del Reino Unido a M\u00e9xico.<\/p>\n\n\n\n<p>La estancia promedio de estos viajeros en el estado es de 10 d\u00edas, lo que contribuye de manera significativa a la derrama econ\u00f3mica del sector tur\u00edstico.<\/p>\n\n\n\n<p>\u201cNuestra participaci\u00f3n en la Feria de Londres reafirma el compromiso de la gobernadora Mara Lezama por fortalecer la promoci\u00f3n internacional del Caribe Mexicano. El Reino Unido es un mercado estrat\u00e9gico que valora la belleza natural, la cultura y la hospitalidad de nuestros destinos, y seguiremos trabajando para atraer a m\u00e1s visitantes que generen desarrollo y bienestar para las familias quintanarroenses,\u201d se\u00f1al\u00f3 el titular de la Secretar\u00eda Estatal de Turismo (SEDETUR) Bernardo Cueto Riestra.<\/p>\n\n\n\n<p>Como parte de las actividades del pabell\u00f3n, este martes se llev\u00f3 a cabo el corte del list\u00f3n del Caribe Mexicano. Este acto simboliza el inicio formal de las jornadas de promoci\u00f3n de los destinos quintanarroenses ante el p\u00fablico internacional.<\/p>\n\n\n\n<p>La World Travel Market (WTM) es considerada uno de los eventos m\u00e1s influyentes del sector tur\u00edstico a nivel mundial, reuniendo a m\u00e1s de 4 mil expositores, 180 pa\u00edses representados y m\u00e1s de 46 mil asistentes, entre operadores, inversionistas y profesionales del turismo global.<\/p>\n\n\n\n<p>Su relevancia ofrece una plataforma clave para fortalecer alianzas estrat\u00e9gicas y promover la diversificaci\u00f3n de mercados internacionales hacia el Caribe Mexicano.<\/p>\n\n\n\n<p>Con esta participaci\u00f3n, la Secretar\u00eda Estatal de Turismo y el CPTQ reafirman su estrategia de promoci\u00f3n internacional, impulsando la competitividad del Caribe Mexicano y posicionando a Quintana Roo como un destino l\u00edder a nivel mundial como se establece en la Nueva Era del Turismo que promueve la gobernadora Mara Lezama. (<a href=\"https:\/\/nitu.mx\/index.php\/2025\/02\/10\/confirma-sectur-presencia-de-mexico-en-itb-berlin-wtm-anato-y-otras-importantes-ferias-internacionales\/\">Confirma Sectur presencia de M\u00e9xico en ITB Berl\u00edn, WTM, Anato y otras importantes ferias internacionales<\/a>)<\/p>\n","protected":false},"excerpt":{"rendered":"<p>Quintana Roo participa en la Feria Mundial de Turismo de Londres, World Travel Market, (WTM) que se lleva a cabo a partir de este martes y hasta el pr\u00f3ximo jueves, con el objetivo de consolidar la presencia del Caribe Mexicano en uno de los mercados europeos m\u00e1s relevantes para el estado. En el marco de [&hellip;]<\/p>\n","protected":false},"author":17,"featured_media":84330,"comment_status":"closed","ping_status":"closed","sticky":false,"template":"","format":"standard","meta":{"footnotes":""},"categories":[18475],"tags":[13931,14028,260,1153,17419,6499],"yoast_head":"<!-- This site is optimized with the Yoast SEO plugin v22.2 - https:\/\/yoast.com\/wordpress\/plugins\/seo\/ -->\n<title>Fortalece Quintana Roo su presencia en el mercado brit\u00e1nico al participar en el WTM 2025 en Londres - Nitu - Noticias de la Industria Turistica<\/title>\n<meta name=\"robots\" content=\"index, follow, max-snippet:-1, max-image-preview:large, max-video-preview:-1\" \/>\n<link rel=\"canonical\" href=\"https:\/\/nitu.mx\/index.php\/2025\/11\/04\/fortalece-quintana-roo-su-presencia-en-el-mercado-britanico-al-participar-en-el-wtm-2025-en-londres\/\" \/>\n<meta name=\"twitter:card\" content=\"summary_large_image\" \/>\n<meta name=\"twitter:title\" content=\"Fortalece Quintana Roo su presencia en el mercado brit\u00e1nico al participar en el WTM 2025 en Londres - Nitu - Noticias de la Industria Turistica\" \/>\n<meta name=\"twitter:description\" content=\"Quintana Roo participa en la Feria Mundial de Turismo de Londres, World Travel Market, (WTM) que se lleva a cabo a partir de este martes y hasta el pr\u00f3ximo jueves, con el objetivo de consolidar la presencia del Caribe Mexicano en uno de los mercados europeos m\u00e1s relevantes para el estado. En el marco de [&hellip;]\" \/>\n<meta name=\"twitter:image\" content=\"https:\/\/nitu.mx\/wp-content\/uploads\/2025\/11\/Quintana-Roo-WTM-2025.jpg\" \/>\n<meta name=\"twitter:creator\" content=\"@NITUmx\" \/>\n<meta name=\"twitter:site\" content=\"@Arturo_Medina_G\" \/>\n<meta name=\"twitter:label1\" content=\"Escrito por\" \/>\n\t<meta name=\"twitter:data1\" content=\"Redacci\u00f3n\" \/>\n\t<meta name=\"twitter:label2\" content=\"Tiempo de lectura\" \/>\n\t<meta name=\"twitter:data2\" content=\"2 minutos\" \/>\n<script type=\"application\/ld+json\" class=\"yoast-schema-graph\">{\"@context\":\"https:\/\/schema.org\",\"@graph\":[{\"@type\":\"Article\",\"@id\":\"https:\/\/nitu.mx\/index.php\/2025\/11\/04\/fortalece-quintana-roo-su-presencia-en-el-mercado-britanico-al-participar-en-el-wtm-2025-en-londres\/#article\",\"isPartOf\":{\"@id\":\"https:\/\/nitu.mx\/index.php\/2025\/11\/04\/fortalece-quintana-roo-su-presencia-en-el-mercado-britanico-al-participar-en-el-wtm-2025-en-londres\/\"},\"author\":{\"name\":\"Redacci\u00f3n\",\"@id\":\"https:\/\/nitu.mx\/#\/schema\/person\/4a28fe9bd65924f7c90623773daf1b0b\"},\"headline\":\"Fortalece Quintana Roo su presencia en el mercado brit\u00e1nico al participar en el WTM 2025 en Londres\",\"datePublished\":\"2025-11-05T01:52:15+00:00\",\"dateModified\":\"2025-11-05T01:52:16+00:00\",\"mainEntityOfPage\":{\"@id\":\"https:\/\/nitu.mx\/index.php\/2025\/11\/04\/fortalece-quintana-roo-su-presencia-en-el-mercado-britanico-al-participar-en-el-wtm-2025-en-londres\/\"},\"wordCount\":463,\"publisher\":{\"@id\":\"https:\/\/nitu.mx\/#\/schema\/person\/ae7a53426417292d3dd07b45a33e01bc\"},\"image\":{\"@id\":\"https:\/\/nitu.mx\/index.php\/2025\/11\/04\/fortalece-quintana-roo-su-presencia-en-el-mercado-britanico-al-participar-en-el-wtm-2025-en-londres\/#primaryimage\"},\"thumbnailUrl\":\"https:\/\/nitu.mx\/wp-content\/uploads\/2025\/11\/Quintana-Roo-WTM-2025.jpg\",\"keywords\":[\"Bernardo Cueto\",\"Mara Lezama\",\"Quintana Roo\",\"Sedetur\",\"turismo brit\u00e1nico\",\"WTM\"],\"articleSection\":[\"Caribe Mexicano\"],\"inLanguage\":\"es-MX\"},{\"@type\":\"WebPage\",\"@id\":\"https:\/\/nitu.mx\/index.php\/2025\/11\/04\/fortalece-quintana-roo-su-presencia-en-el-mercado-britanico-al-participar-en-el-wtm-2025-en-londres\/\",\"url\":\"https:\/\/nitu.mx\/index.php\/2025\/11\/04\/fortalece-quintana-roo-su-presencia-en-el-mercado-britanico-al-participar-en-el-wtm-2025-en-londres\/\",\"name\":\"Fortalece Quintana Roo su presencia en el mercado brit\u00e1nico al participar en el WTM 2025 en Londres - Nitu - Noticias de la Industria Turistica\",\"isPartOf\":{\"@id\":\"https:\/\/nitu.mx\/#website\"},\"primaryImageOfPage\":{\"@id\":\"https:\/\/nitu.mx\/index.php\/2025\/11\/04\/fortalece-quintana-roo-su-presencia-en-el-mercado-britanico-al-participar-en-el-wtm-2025-en-londres\/#primaryimage\"},\"image\":{\"@id\":\"https:\/\/nitu.mx\/index.php\/2025\/11\/04\/fortalece-quintana-roo-su-presencia-en-el-mercado-britanico-al-participar-en-el-wtm-2025-en-londres\/#primaryimage\"},\"thumbnailUrl\":\"https:\/\/nitu.mx\/wp-content\/uploads\/2025\/11\/Quintana-Roo-WTM-2025.jpg\",\"datePublished\":\"2025-11-05T01:52:15+00:00\",\"dateModified\":\"2025-11-05T01:52:16+00:00\",\"breadcrumb\":{\"@id\":\"https:\/\/nitu.mx\/index.php\/2025\/11\/04\/fortalece-quintana-roo-su-presencia-en-el-mercado-britanico-al-participar-en-el-wtm-2025-en-londres\/#breadcrumb\"},\"inLanguage\":\"es-MX\",\"potentialAction\":[{\"@type\":\"ReadAction\",\"target\":[\"https:\/\/nitu.mx\/index.php\/2025\/11\/04\/fortalece-quintana-roo-su-presencia-en-el-mercado-britanico-al-participar-en-el-wtm-2025-en-londres\/\"]}]},{\"@type\":\"ImageObject\",\"inLanguage\":\"es-MX\",\"@id\":\"https:\/\/nitu.mx\/index.php\/2025\/11\/04\/fortalece-quintana-roo-su-presencia-en-el-mercado-britanico-al-participar-en-el-wtm-2025-en-londres\/#primaryimage\",\"url\":\"https:\/\/nitu.mx\/wp-content\/uploads\/2025\/11\/Quintana-Roo-WTM-2025.jpg\",\"contentUrl\":\"https:\/\/nitu.mx\/wp-content\/uploads\/2025\/11\/Quintana-Roo-WTM-2025.jpg\",\"width\":1200,\"height\":675,\"caption\":\"Quintana Roo WTM 2025\"},{\"@type\":\"BreadcrumbList\",\"@id\":\"https:\/\/nitu.mx\/index.php\/2025\/11\/04\/fortalece-quintana-roo-su-presencia-en-el-mercado-britanico-al-participar-en-el-wtm-2025-en-londres\/#breadcrumb\",\"itemListElement\":[{\"@type\":\"ListItem\",\"position\":1,\"name\":\"Inicio\",\"item\":\"https:\/\/nitu.mx\/\"},{\"@type\":\"ListItem\",\"position\":2,\"name\":\"Fortalece Quintana Roo su presencia en el mercado brit\u00e1nico al participar en el WTM 2025 en Londres\"}]},{\"@type\":\"WebSite\",\"@id\":\"https:\/\/nitu.mx\/#website\",\"url\":\"https:\/\/nitu.mx\/\",\"name\":\"Nitu - Noticias de la Industria Turistica\",\"description\":\"Noticias de la Industria Turistica\",\"publisher\":{\"@id\":\"https:\/\/nitu.mx\/#\/schema\/person\/ae7a53426417292d3dd07b45a33e01bc\"},\"alternateName\":\"Noticias de la Industria Turistica\",\"potentialAction\":[{\"@type\":\"SearchAction\",\"target\":{\"@type\":\"EntryPoint\",\"urlTemplate\":\"https:\/\/nitu.mx\/?s={search_term_string}\"},\"query-input\":\"required name=search_term_string\"}],\"inLanguage\":\"es-MX\"},{\"@type\":[\"Person\",\"Organization\"],\"@id\":\"https:\/\/nitu.mx\/#\/schema\/person\/ae7a53426417292d3dd07b45a33e01bc\",\"name\":\"Arturo Medina\",\"image\":{\"@type\":\"ImageObject\",\"inLanguage\":\"es-MX\",\"@id\":\"https:\/\/nitu.mx\/#\/schema\/person\/image\/\",\"url\":\"https:\/\/nitu.mx\/wp-content\/uploads\/2024\/04\/4A315622-1904-4D5C-B022-878CDC840E04-90x90-1.jpeg\",\"contentUrl\":\"https:\/\/nitu.mx\/wp-content\/uploads\/2024\/04\/4A315622-1904-4D5C-B022-878CDC840E04-90x90-1.jpeg\",\"width\":90,\"height\":90,\"caption\":\"Arturo Medina\"},\"logo\":{\"@id\":\"https:\/\/nitu.mx\/#\/schema\/person\/image\/\"},\"description\":\"Director NITU.mx, Egresado de la Escuela de Periodismo Carlos Septi\u00e9n Garc\u00eda. Periodista y analista especializado en turismo desde hace 35 a\u00f1os, radicado en Canc\u00fan Q.Roo. arturo@nitu.mx\",\"sameAs\":[\"https:\/\/nitu.mx\",\"https:\/\/www.facebook.com\/NITUmx\/\",\"medinacancun\",\"https:\/\/twitter.com\/@Arturo_Medina_G\"]},{\"@type\":\"Person\",\"@id\":\"https:\/\/nitu.mx\/#\/schema\/person\/4a28fe9bd65924f7c90623773daf1b0b\",\"name\":\"Redacci\u00f3n\",\"image\":{\"@type\":\"ImageObject\",\"inLanguage\":\"es-MX\",\"@id\":\"https:\/\/nitu.mx\/#\/schema\/person\/image\/\",\"url\":\"https:\/\/secure.gravatar.com\/avatar\/5dd011c8ccfc5cd7e4c81e42252aab38?s=96&d=mm&r=g\",\"contentUrl\":\"https:\/\/secure.gravatar.com\/avatar\/5dd011c8ccfc5cd7e4c81e42252aab38?s=96&d=mm&r=g\",\"caption\":\"Redacci\u00f3n\"},\"url\":\"https:\/\/nitu.mx\/index.php\/author\/redaccion\/\"}]}<\/script>\n<!-- \/ Yoast SEO plugin. -->","yoast_head_json":{"title":"Fortalece Quintana Roo su presencia en el mercado brit\u00e1nico al participar en el WTM 2025 en Londres - Nitu - Noticias de la Industria Turistica","robots":{"index":"index","follow":"follow","max-snippet":"max-snippet:-1","max-image-preview":"max-image-preview:large","max-video-preview":"max-video-preview:-1"},"canonical":"https:\/\/nitu.mx\/index.php\/2025\/11\/04\/fortalece-quintana-roo-su-presencia-en-el-mercado-britanico-al-participar-en-el-wtm-2025-en-londres\/","twitter_card":"summary_large_image","twitter_title":"Fortalece Quintana Roo su presencia en el mercado brit\u00e1nico al participar en el WTM 2025 en Londres - Nitu - Noticias de la Industria Turistica","twitter_description":"Quintana Roo participa en la Feria Mundial de Turismo de Londres, World Travel Market, (WTM) que se lleva a cabo a partir de este martes y hasta el pr\u00f3ximo jueves, con el objetivo de consolidar la presencia del Caribe Mexicano en uno de los mercados europeos m\u00e1s relevantes para el estado. En el marco de [&hellip;]","twitter_image":"https:\/\/nitu.mx\/wp-content\/uploads\/2025\/11\/Quintana-Roo-WTM-2025.jpg","twitter_creator":"@NITUmx","twitter_site":"@Arturo_Medina_G","twitter_misc":{"Escrito por":"Redacci\u00f3n","Tiempo de lectura":"2 minutos"},"schema":{"@context":"https:\/\/schema.org","@graph":[{"@type":"Article","@id":"https:\/\/nitu.mx\/index.php\/2025\/11\/04\/fortalece-quintana-roo-su-presencia-en-el-mercado-britanico-al-participar-en-el-wtm-2025-en-londres\/#article","isPartOf":{"@id":"https:\/\/nitu.mx\/index.php\/2025\/11\/04\/fortalece-quintana-roo-su-presencia-en-el-mercado-britanico-al-participar-en-el-wtm-2025-en-londres\/"},"author":{"name":"Redacci\u00f3n","@id":"https:\/\/nitu.mx\/#\/schema\/person\/4a28fe9bd65924f7c90623773daf1b0b"},"headline":"Fortalece Quintana Roo su presencia en el mercado brit\u00e1nico al participar en el WTM 2025 en Londres","datePublished":"2025-11-05T01:52:15+00:00","dateModified":"2025-11-05T01:52:16+00:00","mainEntityOfPage":{"@id":"https:\/\/nitu.mx\/index.php\/2025\/11\/04\/fortalece-quintana-roo-su-presencia-en-el-mercado-britanico-al-participar-en-el-wtm-2025-en-londres\/"},"wordCount":463,"publisher":{"@id":"https:\/\/nitu.mx\/#\/schema\/person\/ae7a53426417292d3dd07b45a33e01bc"},"image":{"@id":"https:\/\/nitu.mx\/index.php\/2025\/11\/04\/fortalece-quintana-roo-su-presencia-en-el-mercado-britanico-al-participar-en-el-wtm-2025-en-londres\/#primaryimage"},"thumbnailUrl":"https:\/\/nitu.mx\/wp-content\/uploads\/2025\/11\/Quintana-Roo-WTM-2025.jpg","keywords":["Bernardo Cueto","Mara Lezama","Quintana Roo","Sedetur","turismo brit\u00e1nico","WTM"],"articleSection":["Caribe Mexicano"],"inLanguage":"es-MX"},{"@type":"WebPage","@id":"https:\/\/nitu.mx\/index.php\/2025\/11\/04\/fortalece-quintana-roo-su-presencia-en-el-mercado-britanico-al-participar-en-el-wtm-2025-en-londres\/","url":"https:\/\/nitu.mx\/index.php\/2025\/11\/04\/fortalece-quintana-roo-su-presencia-en-el-mercado-britanico-al-participar-en-el-wtm-2025-en-londres\/","name":"Fortalece Quintana Roo su presencia en el mercado brit\u00e1nico al participar en el WTM 2025 en Londres - Nitu - Noticias de la Industria Turistica","isPartOf":{"@id":"https:\/\/nitu.mx\/#website"},"primaryImageOfPage":{"@id":"https:\/\/nitu.mx\/index.php\/2025\/11\/04\/fortalece-quintana-roo-su-presencia-en-el-mercado-britanico-al-participar-en-el-wtm-2025-en-londres\/#primaryimage"},"image":{"@id":"https:\/\/nitu.mx\/index.php\/2025\/11\/04\/fortalece-quintana-roo-su-presencia-en-el-mercado-britanico-al-participar-en-el-wtm-2025-en-londres\/#primaryimage"},"thumbnailUrl":"https:\/\/nitu.mx\/wp-content\/uploads\/2025\/11\/Quintana-Roo-WTM-2025.jpg","datePublished":"2025-11-05T01:52:15+00:00","dateModified":"2025-11-05T01:52:16+00:00","breadcrumb":{"@id":"https:\/\/nitu.mx\/index.php\/2025\/11\/04\/fortalece-quintana-roo-su-presencia-en-el-mercado-britanico-al-participar-en-el-wtm-2025-en-londres\/#breadcrumb"},"inLanguage":"es-MX","potentialAction":[{"@type":"ReadAction","target":["https:\/\/nitu.mx\/index.php\/2025\/11\/04\/fortalece-quintana-roo-su-presencia-en-el-mercado-britanico-al-participar-en-el-wtm-2025-en-londres\/"]}]},{"@type":"ImageObject","inLanguage":"es-MX","@id":"https:\/\/nitu.mx\/index.php\/2025\/11\/04\/fortalece-quintana-roo-su-presencia-en-el-mercado-britanico-al-participar-en-el-wtm-2025-en-londres\/#primaryimage","url":"https:\/\/nitu.mx\/wp-content\/uploads\/2025\/11\/Quintana-Roo-WTM-2025.jpg","contentUrl":"https:\/\/nitu.mx\/wp-content\/uploads\/2025\/11\/Quintana-Roo-WTM-2025.jpg","width":1200,"height":675,"caption":"Quintana Roo WTM 2025"},{"@type":"BreadcrumbList","@id":"https:\/\/nitu.mx\/index.php\/2025\/11\/04\/fortalece-quintana-roo-su-presencia-en-el-mercado-britanico-al-participar-en-el-wtm-2025-en-londres\/#breadcrumb","itemListElement":[{"@type":"ListItem","position":1,"name":"Inicio","item":"https:\/\/nitu.mx\/"},{"@type":"ListItem","position":2,"name":"Fortalece Quintana Roo su presencia en el mercado brit\u00e1nico al participar en el WTM 2025 en Londres"}]},{"@type":"WebSite","@id":"https:\/\/nitu.mx\/#website","url":"https:\/\/nitu.mx\/","name":"Nitu - Noticias de la Industria Turistica","description":"Noticias de la Industria Turistica","publisher":{"@id":"https:\/\/nitu.mx\/#\/schema\/person\/ae7a53426417292d3dd07b45a33e01bc"},"alternateName":"Noticias de la Industria Turistica","potentialAction":[{"@type":"SearchAction","target":{"@type":"EntryPoint","urlTemplate":"https:\/\/nitu.mx\/?s={search_term_string}"},"query-input":"required name=search_term_string"}],"inLanguage":"es-MX"},{"@type":["Person","Organization"],"@id":"https:\/\/nitu.mx\/#\/schema\/person\/ae7a53426417292d3dd07b45a33e01bc","name":"Arturo Medina","image":{"@type":"ImageObject","inLanguage":"es-MX","@id":"https:\/\/nitu.mx\/#\/schema\/person\/image\/","url":"https:\/\/nitu.mx\/wp-content\/uploads\/2024\/04\/4A315622-1904-4D5C-B022-878CDC840E04-90x90-1.jpeg","contentUrl":"https:\/\/nitu.mx\/wp-content\/uploads\/2024\/04\/4A315622-1904-4D5C-B022-878CDC840E04-90x90-1.jpeg","width":90,"height":90,"caption":"Arturo Medina"},"logo":{"@id":"https:\/\/nitu.mx\/#\/schema\/person\/image\/"},"description":"Director NITU.mx, Egresado de la Escuela de Periodismo Carlos Septi\u00e9n Garc\u00eda. Periodista y analista especializado en turismo desde hace 35 a\u00f1os, radicado en Canc\u00fan Q.Roo. arturo@nitu.mx","sameAs":["https:\/\/nitu.mx","https:\/\/www.facebook.com\/NITUmx\/","medinacancun","https:\/\/twitter.com\/@Arturo_Medina_G"]},{"@type":"Person","@id":"https:\/\/nitu.mx\/#\/schema\/person\/4a28fe9bd65924f7c90623773daf1b0b","name":"Redacci\u00f3n","image":{"@type":"ImageObject","inLanguage":"es-MX","@id":"https:\/\/nitu.mx\/#\/schema\/person\/image\/","url":"https:\/\/secure.gravatar.com\/avatar\/5dd011c8ccfc5cd7e4c81e42252aab38?s=96&d=mm&r=g","contentUrl":"https:\/\/secure.gravatar.com\/avatar\/5dd011c8ccfc5cd7e4c81e42252aab38?s=96&d=mm&r=g","caption":"Redacci\u00f3n"},"url":"https:\/\/nitu.mx\/index.php\/author\/redaccion\/"}]}},"views":390,"_links":{"self":[{"href":"https:\/\/nitu.mx\/index.php\/wp-json\/wp\/v2\/posts\/84328"}],"collection":[{"href":"https:\/\/nitu.mx\/index.php\/wp-json\/wp\/v2\/posts"}],"about":[{"href":"https:\/\/nitu.mx\/index.php\/wp-json\/wp\/v2\/types\/post"}],"author":[{"embeddable":true,"href":"https:\/\/nitu.mx\/index.php\/wp-json\/wp\/v2\/users\/17"}],"replies":[{"embeddable":true,"href":"https:\/\/nitu.mx\/index.php\/wp-json\/wp\/v2\/comments?post=84328"}],"version-history":[{"count":1,"href":"https:\/\/nitu.mx\/index.php\/wp-json\/wp\/v2\/posts\/84328\/revisions"}],"predecessor-version":[{"id":84331,"href":"https:\/\/nitu.mx\/index.php\/wp-json\/wp\/v2\/posts\/84328\/revisions\/84331"}],"wp:featuredmedia":[{"embeddable":true,"href":"https:\/\/nitu.mx\/index.php\/wp-json\/wp\/v2\/media\/84330"}],"wp:attachment":[{"href":"https:\/\/nitu.mx\/index.php\/wp-json\/wp\/v2\/media?parent=84328"}],"wp:term":[{"taxonomy":"category","embeddable":true,"href":"https:\/\/nitu.mx\/index.php\/wp-json\/wp\/v2\/categories?post=84328"},{"taxonomy":"post_tag","embeddable":true,"href":"https:\/\/nitu.mx\/index.php\/wp-json\/wp\/v2\/tags?post=84328"}],"curies":[{"name":"wp","href":"https:\/\/api.w.org\/{rel}","templated":true}]}}