{"id":84324,"date":"2025-11-04T19:29:16","date_gmt":"2025-11-05T01:29:16","guid":{"rendered":"https:\/\/nitu.mx\/?p=84324"},"modified":"2025-11-04T19:29:17","modified_gmt":"2025-11-05T01:29:17","slug":"posadas-se-expande-en-quintana-roo-con-la-apertura-de-fiesta-inn-express-cancun-cumbres","status":"publish","type":"post","link":"https:\/\/nitu.mx\/index.php\/2025\/11\/04\/posadas-se-expande-en-quintana-roo-con-la-apertura-de-fiesta-inn-express-cancun-cumbres\/","title":{"rendered":"Posadas se expande en Quintana Roo con la apertura de Fiesta Inn Express Canc\u00fan Cumbres"},"content":{"rendered":"\n<p>Posadas contin\u00faa fortaleciendo su presencia en el sureste del pa\u00eds con la apertura del nuevo Fiesta Inn Express Canc\u00fan Cumbres, con el que la compa\u00f1\u00eda alcanza 14 hoteles bajo este concepto y m\u00e1s de 75 bajo la marca Fiesta Inn (incluyendo Fiesta Inn, Fiesta Inn Suites y Fiesta Inn Express), sumando m\u00e1s de 11 mil habitaciones en operaci\u00f3n.<\/p>\n\n\n\n<p>Dise\u00f1ado para el viajero que busca eficiencia, comodidad y una experiencia moderna, Fiesta Inn Express Canc\u00fan Cumbres pertenece a la categor\u00eda midscale e integra los valores de funcionalidad y calidez que distinguen a la marca.<\/p>\n\n\n\n<p>Seg\u00fan datos de la Secretar\u00eda de Turismo de Quintana Roo, el estado alcanzar\u00e1 al cierre del a\u00f1o una cifra cercana a 20 millones de turistas y una ocupaci\u00f3n hotelera promedio del 70%. <\/p>\n\n\n\n<p>Este crecimiento se ver\u00e1 impulsado por las temporadas de D\u00eda de Muertos y Thanksgiving, que atraen a un gran n\u00famero de visitantes nacionales e internacionales. En este panorama, la apertura de Fiesta Inn Express Canc\u00fan Cumbres representa una propuesta estrat\u00e9gica para atender la creciente demanda de hospedaje en el destino.<\/p>\n\n\n\n<p>Ubicado en Plaza Canc\u00fan Cumbres, a solo unos minutos del aeropuerto internacional y con acceso directo a zonas corporativas, centros comerciales y espacios de convenciones, el hotel es una excelente opci\u00f3n para quienes desean aprovechar al m\u00e1ximo su estancia en la ciudad.<\/p>\n\n\n\n<p>Adri\u00e1n Correa, director de Operaciones Midscale &amp; Economy de Posadas, asegur\u00f3: \u201cEstamos muy felices con esta apertura, misma que forma parte de nuestro compromiso de brindar m\u00e1s y mejores opciones para los viajeros, haciendo del mundo un mejor lugar para viajar. Estamos convencidos que Fiesta Inn Express Canc\u00fan Cumbres se convertir\u00e1 en uno de los hoteles predilectos de los viajeros debido a su ubicaci\u00f3n privilegiada y conectividad, adem\u00e1s de ser un polo para crear una red de crecimiento econ\u00f3mico y social para la ciudad\u201d.<\/p>\n\n\n\n<p>El hotel ofrece desayuno incluido, con opciones frescas y nutritivas que inspiran a comenzar el d\u00eda con energ\u00eda. Sus salas de juntas brindan privacidad, conectividad y comodidad para realizar reuniones o presentaciones en un entorno profesional y acogedor.<\/p>\n\n\n\n<p>Con esta apertura, Fiesta Inn Express Canc\u00fan Cumbres refuerza el posicionamiento de Fiesta Inn como una marca de referencia en el segmento midscale de negocios y viajes pr\u00e1cticos, al tiempo que fortalece la presencia de Posadas en el sureste del pa\u00eds. (<a href=\"https:\/\/nitu.mx\/index.php\/2025\/09\/24\/posadas-reafirma-su-compromiso-con-las-comunidades-a-traves-de-fundacion-posadas\/\">Posadas reafirma su compromiso con las comunidades a trav\u00e9s de Fundaci\u00f3n Posadas<\/a>).<\/p>\n","protected":false},"excerpt":{"rendered":"<p>Posadas contin\u00faa fortaleciendo su presencia en el sureste del pa\u00eds con la apertura del nuevo Fiesta Inn Express Canc\u00fan Cumbres, con el que la compa\u00f1\u00eda alcanza 14 hoteles bajo este concepto y m\u00e1s de 75 bajo la marca Fiesta Inn (incluyendo Fiesta Inn, Fiesta Inn Suites y Fiesta Inn Express), sumando m\u00e1s de 11 mil [&hellip;]<\/p>\n","protected":false},"author":17,"featured_media":84326,"comment_status":"closed","ping_status":"closed","sticky":false,"template":"","format":"standard","meta":{"footnotes":""},"categories":[2],"tags":[23060,43,16109,730],"yoast_head":"<!-- This site is optimized with the Yoast SEO plugin v22.2 - https:\/\/yoast.com\/wordpress\/plugins\/seo\/ -->\n<title>Posadas se expande en Quintana Roo con la apertura de Fiesta Inn Express Canc\u00fan Cumbres - Nitu - Noticias de la Industria Turistica<\/title>\n<meta name=\"robots\" content=\"index, follow, max-snippet:-1, max-image-preview:large, max-video-preview:-1\" \/>\n<link rel=\"canonical\" href=\"https:\/\/nitu.mx\/index.php\/2025\/11\/04\/posadas-se-expande-en-quintana-roo-con-la-apertura-de-fiesta-inn-express-cancun-cumbres\/\" \/>\n<meta name=\"twitter:card\" content=\"summary_large_image\" \/>\n<meta name=\"twitter:title\" content=\"Posadas se expande en Quintana Roo con la apertura de Fiesta Inn Express Canc\u00fan Cumbres - Nitu - Noticias de la Industria Turistica\" \/>\n<meta name=\"twitter:description\" content=\"Posadas contin\u00faa fortaleciendo su presencia en el sureste del pa\u00eds con la apertura del nuevo Fiesta Inn Express Canc\u00fan Cumbres, con el que la compa\u00f1\u00eda alcanza 14 hoteles bajo este concepto y m\u00e1s de 75 bajo la marca Fiesta Inn (incluyendo Fiesta Inn, Fiesta Inn Suites y Fiesta Inn Express), sumando m\u00e1s de 11 mil [&hellip;]\" \/>\n<meta name=\"twitter:image\" content=\"https:\/\/nitu.mx\/wp-content\/uploads\/2025\/11\/Fiesta-Inn-Express-Cancun-Cumbres.jpg\" \/>\n<meta name=\"twitter:creator\" content=\"@NITUmx\" \/>\n<meta name=\"twitter:site\" content=\"@Arturo_Medina_G\" \/>\n<meta name=\"twitter:label1\" content=\"Escrito por\" \/>\n\t<meta name=\"twitter:data1\" content=\"Redacci\u00f3n\" \/>\n\t<meta name=\"twitter:label2\" content=\"Tiempo de lectura\" \/>\n\t<meta name=\"twitter:data2\" content=\"2 minutos\" \/>\n<script type=\"application\/ld+json\" class=\"yoast-schema-graph\">{\"@context\":\"https:\/\/schema.org\",\"@graph\":[{\"@type\":\"Article\",\"@id\":\"https:\/\/nitu.mx\/index.php\/2025\/11\/04\/posadas-se-expande-en-quintana-roo-con-la-apertura-de-fiesta-inn-express-cancun-cumbres\/#article\",\"isPartOf\":{\"@id\":\"https:\/\/nitu.mx\/index.php\/2025\/11\/04\/posadas-se-expande-en-quintana-roo-con-la-apertura-de-fiesta-inn-express-cancun-cumbres\/\"},\"author\":{\"name\":\"Redacci\u00f3n\",\"@id\":\"https:\/\/nitu.mx\/#\/schema\/person\/4a28fe9bd65924f7c90623773daf1b0b\"},\"headline\":\"Posadas se expande en Quintana Roo con la apertura de Fiesta Inn Express Canc\u00fan Cumbres\",\"datePublished\":\"2025-11-05T01:29:16+00:00\",\"dateModified\":\"2025-11-05T01:29:17+00:00\",\"mainEntityOfPage\":{\"@id\":\"https:\/\/nitu.mx\/index.php\/2025\/11\/04\/posadas-se-expande-en-quintana-roo-con-la-apertura-de-fiesta-inn-express-cancun-cumbres\/\"},\"wordCount\":437,\"publisher\":{\"@id\":\"https:\/\/nitu.mx\/#\/schema\/person\/ae7a53426417292d3dd07b45a33e01bc\"},\"image\":{\"@id\":\"https:\/\/nitu.mx\/index.php\/2025\/11\/04\/posadas-se-expande-en-quintana-roo-con-la-apertura-de-fiesta-inn-express-cancun-cumbres\/#primaryimage\"},\"thumbnailUrl\":\"https:\/\/nitu.mx\/wp-content\/uploads\/2025\/11\/Fiesta-Inn-Express-Cancun-Cumbres.jpg\",\"keywords\":[\"Adri\u00e1n Correa\",\"Canc\u00fan\",\"Fiesta Inn Express\",\"Posadas\"],\"articleSection\":[\"Hoteles\"],\"inLanguage\":\"es-MX\"},{\"@type\":\"WebPage\",\"@id\":\"https:\/\/nitu.mx\/index.php\/2025\/11\/04\/posadas-se-expande-en-quintana-roo-con-la-apertura-de-fiesta-inn-express-cancun-cumbres\/\",\"url\":\"https:\/\/nitu.mx\/index.php\/2025\/11\/04\/posadas-se-expande-en-quintana-roo-con-la-apertura-de-fiesta-inn-express-cancun-cumbres\/\",\"name\":\"Posadas se expande en Quintana Roo con la apertura de Fiesta Inn Express Canc\u00fan Cumbres - Nitu - Noticias de la Industria Turistica\",\"isPartOf\":{\"@id\":\"https:\/\/nitu.mx\/#website\"},\"primaryImageOfPage\":{\"@id\":\"https:\/\/nitu.mx\/index.php\/2025\/11\/04\/posadas-se-expande-en-quintana-roo-con-la-apertura-de-fiesta-inn-express-cancun-cumbres\/#primaryimage\"},\"image\":{\"@id\":\"https:\/\/nitu.mx\/index.php\/2025\/11\/04\/posadas-se-expande-en-quintana-roo-con-la-apertura-de-fiesta-inn-express-cancun-cumbres\/#primaryimage\"},\"thumbnailUrl\":\"https:\/\/nitu.mx\/wp-content\/uploads\/2025\/11\/Fiesta-Inn-Express-Cancun-Cumbres.jpg\",\"datePublished\":\"2025-11-05T01:29:16+00:00\",\"dateModified\":\"2025-11-05T01:29:17+00:00\",\"breadcrumb\":{\"@id\":\"https:\/\/nitu.mx\/index.php\/2025\/11\/04\/posadas-se-expande-en-quintana-roo-con-la-apertura-de-fiesta-inn-express-cancun-cumbres\/#breadcrumb\"},\"inLanguage\":\"es-MX\",\"potentialAction\":[{\"@type\":\"ReadAction\",\"target\":[\"https:\/\/nitu.mx\/index.php\/2025\/11\/04\/posadas-se-expande-en-quintana-roo-con-la-apertura-de-fiesta-inn-express-cancun-cumbres\/\"]}]},{\"@type\":\"ImageObject\",\"inLanguage\":\"es-MX\",\"@id\":\"https:\/\/nitu.mx\/index.php\/2025\/11\/04\/posadas-se-expande-en-quintana-roo-con-la-apertura-de-fiesta-inn-express-cancun-cumbres\/#primaryimage\",\"url\":\"https:\/\/nitu.mx\/wp-content\/uploads\/2025\/11\/Fiesta-Inn-Express-Cancun-Cumbres.jpg\",\"contentUrl\":\"https:\/\/nitu.mx\/wp-content\/uploads\/2025\/11\/Fiesta-Inn-Express-Cancun-Cumbres.jpg\",\"width\":1200,\"height\":675,\"caption\":\"Fiesta Inn Express Canc\u00fan Cumbres\"},{\"@type\":\"BreadcrumbList\",\"@id\":\"https:\/\/nitu.mx\/index.php\/2025\/11\/04\/posadas-se-expande-en-quintana-roo-con-la-apertura-de-fiesta-inn-express-cancun-cumbres\/#breadcrumb\",\"itemListElement\":[{\"@type\":\"ListItem\",\"position\":1,\"name\":\"Inicio\",\"item\":\"https:\/\/nitu.mx\/\"},{\"@type\":\"ListItem\",\"position\":2,\"name\":\"Posadas se expande en Quintana Roo con la apertura de Fiesta Inn Express Canc\u00fan Cumbres\"}]},{\"@type\":\"WebSite\",\"@id\":\"https:\/\/nitu.mx\/#website\",\"url\":\"https:\/\/nitu.mx\/\",\"name\":\"Nitu - Noticias de la Industria Turistica\",\"description\":\"Noticias de la Industria Turistica\",\"publisher\":{\"@id\":\"https:\/\/nitu.mx\/#\/schema\/person\/ae7a53426417292d3dd07b45a33e01bc\"},\"alternateName\":\"Noticias de la Industria Turistica\",\"potentialAction\":[{\"@type\":\"SearchAction\",\"target\":{\"@type\":\"EntryPoint\",\"urlTemplate\":\"https:\/\/nitu.mx\/?s={search_term_string}\"},\"query-input\":\"required name=search_term_string\"}],\"inLanguage\":\"es-MX\"},{\"@type\":[\"Person\",\"Organization\"],\"@id\":\"https:\/\/nitu.mx\/#\/schema\/person\/ae7a53426417292d3dd07b45a33e01bc\",\"name\":\"Arturo Medina\",\"image\":{\"@type\":\"ImageObject\",\"inLanguage\":\"es-MX\",\"@id\":\"https:\/\/nitu.mx\/#\/schema\/person\/image\/\",\"url\":\"https:\/\/nitu.mx\/wp-content\/uploads\/2024\/04\/4A315622-1904-4D5C-B022-878CDC840E04-90x90-1.jpeg\",\"contentUrl\":\"https:\/\/nitu.mx\/wp-content\/uploads\/2024\/04\/4A315622-1904-4D5C-B022-878CDC840E04-90x90-1.jpeg\",\"width\":90,\"height\":90,\"caption\":\"Arturo Medina\"},\"logo\":{\"@id\":\"https:\/\/nitu.mx\/#\/schema\/person\/image\/\"},\"description\":\"Director NITU.mx, Egresado de la Escuela de Periodismo Carlos Septi\u00e9n Garc\u00eda. Periodista y analista especializado en turismo desde hace 35 a\u00f1os, radicado en Canc\u00fan Q.Roo. arturo@nitu.mx\",\"sameAs\":[\"https:\/\/nitu.mx\",\"https:\/\/www.facebook.com\/NITUmx\/\",\"medinacancun\",\"https:\/\/twitter.com\/@Arturo_Medina_G\"]},{\"@type\":\"Person\",\"@id\":\"https:\/\/nitu.mx\/#\/schema\/person\/4a28fe9bd65924f7c90623773daf1b0b\",\"name\":\"Redacci\u00f3n\",\"image\":{\"@type\":\"ImageObject\",\"inLanguage\":\"es-MX\",\"@id\":\"https:\/\/nitu.mx\/#\/schema\/person\/image\/\",\"url\":\"https:\/\/secure.gravatar.com\/avatar\/5dd011c8ccfc5cd7e4c81e42252aab38?s=96&d=mm&r=g\",\"contentUrl\":\"https:\/\/secure.gravatar.com\/avatar\/5dd011c8ccfc5cd7e4c81e42252aab38?s=96&d=mm&r=g\",\"caption\":\"Redacci\u00f3n\"},\"url\":\"https:\/\/nitu.mx\/index.php\/author\/redaccion\/\"}]}<\/script>\n<!-- \/ Yoast SEO plugin. -->","yoast_head_json":{"title":"Posadas se expande en Quintana Roo con la apertura de Fiesta Inn Express Canc\u00fan Cumbres - Nitu - Noticias de la Industria Turistica","robots":{"index":"index","follow":"follow","max-snippet":"max-snippet:-1","max-image-preview":"max-image-preview:large","max-video-preview":"max-video-preview:-1"},"canonical":"https:\/\/nitu.mx\/index.php\/2025\/11\/04\/posadas-se-expande-en-quintana-roo-con-la-apertura-de-fiesta-inn-express-cancun-cumbres\/","twitter_card":"summary_large_image","twitter_title":"Posadas se expande en Quintana Roo con la apertura de Fiesta Inn Express Canc\u00fan Cumbres - Nitu - Noticias de la Industria Turistica","twitter_description":"Posadas contin\u00faa fortaleciendo su presencia en el sureste del pa\u00eds con la apertura del nuevo Fiesta Inn Express Canc\u00fan Cumbres, con el que la compa\u00f1\u00eda alcanza 14 hoteles bajo este concepto y m\u00e1s de 75 bajo la marca Fiesta Inn (incluyendo Fiesta Inn, Fiesta Inn Suites y Fiesta Inn Express), sumando m\u00e1s de 11 mil [&hellip;]","twitter_image":"https:\/\/nitu.mx\/wp-content\/uploads\/2025\/11\/Fiesta-Inn-Express-Cancun-Cumbres.jpg","twitter_creator":"@NITUmx","twitter_site":"@Arturo_Medina_G","twitter_misc":{"Escrito por":"Redacci\u00f3n","Tiempo de lectura":"2 minutos"},"schema":{"@context":"https:\/\/schema.org","@graph":[{"@type":"Article","@id":"https:\/\/nitu.mx\/index.php\/2025\/11\/04\/posadas-se-expande-en-quintana-roo-con-la-apertura-de-fiesta-inn-express-cancun-cumbres\/#article","isPartOf":{"@id":"https:\/\/nitu.mx\/index.php\/2025\/11\/04\/posadas-se-expande-en-quintana-roo-con-la-apertura-de-fiesta-inn-express-cancun-cumbres\/"},"author":{"name":"Redacci\u00f3n","@id":"https:\/\/nitu.mx\/#\/schema\/person\/4a28fe9bd65924f7c90623773daf1b0b"},"headline":"Posadas se expande en Quintana Roo con la apertura de Fiesta Inn Express Canc\u00fan Cumbres","datePublished":"2025-11-05T01:29:16+00:00","dateModified":"2025-11-05T01:29:17+00:00","mainEntityOfPage":{"@id":"https:\/\/nitu.mx\/index.php\/2025\/11\/04\/posadas-se-expande-en-quintana-roo-con-la-apertura-de-fiesta-inn-express-cancun-cumbres\/"},"wordCount":437,"publisher":{"@id":"https:\/\/nitu.mx\/#\/schema\/person\/ae7a53426417292d3dd07b45a33e01bc"},"image":{"@id":"https:\/\/nitu.mx\/index.php\/2025\/11\/04\/posadas-se-expande-en-quintana-roo-con-la-apertura-de-fiesta-inn-express-cancun-cumbres\/#primaryimage"},"thumbnailUrl":"https:\/\/nitu.mx\/wp-content\/uploads\/2025\/11\/Fiesta-Inn-Express-Cancun-Cumbres.jpg","keywords":["Adri\u00e1n Correa","Canc\u00fan","Fiesta Inn Express","Posadas"],"articleSection":["Hoteles"],"inLanguage":"es-MX"},{"@type":"WebPage","@id":"https:\/\/nitu.mx\/index.php\/2025\/11\/04\/posadas-se-expande-en-quintana-roo-con-la-apertura-de-fiesta-inn-express-cancun-cumbres\/","url":"https:\/\/nitu.mx\/index.php\/2025\/11\/04\/posadas-se-expande-en-quintana-roo-con-la-apertura-de-fiesta-inn-express-cancun-cumbres\/","name":"Posadas se expande en Quintana Roo con la apertura de Fiesta Inn Express Canc\u00fan Cumbres - Nitu - Noticias de la Industria Turistica","isPartOf":{"@id":"https:\/\/nitu.mx\/#website"},"primaryImageOfPage":{"@id":"https:\/\/nitu.mx\/index.php\/2025\/11\/04\/posadas-se-expande-en-quintana-roo-con-la-apertura-de-fiesta-inn-express-cancun-cumbres\/#primaryimage"},"image":{"@id":"https:\/\/nitu.mx\/index.php\/2025\/11\/04\/posadas-se-expande-en-quintana-roo-con-la-apertura-de-fiesta-inn-express-cancun-cumbres\/#primaryimage"},"thumbnailUrl":"https:\/\/nitu.mx\/wp-content\/uploads\/2025\/11\/Fiesta-Inn-Express-Cancun-Cumbres.jpg","datePublished":"2025-11-05T01:29:16+00:00","dateModified":"2025-11-05T01:29:17+00:00","breadcrumb":{"@id":"https:\/\/nitu.mx\/index.php\/2025\/11\/04\/posadas-se-expande-en-quintana-roo-con-la-apertura-de-fiesta-inn-express-cancun-cumbres\/#breadcrumb"},"inLanguage":"es-MX","potentialAction":[{"@type":"ReadAction","target":["https:\/\/nitu.mx\/index.php\/2025\/11\/04\/posadas-se-expande-en-quintana-roo-con-la-apertura-de-fiesta-inn-express-cancun-cumbres\/"]}]},{"@type":"ImageObject","inLanguage":"es-MX","@id":"https:\/\/nitu.mx\/index.php\/2025\/11\/04\/posadas-se-expande-en-quintana-roo-con-la-apertura-de-fiesta-inn-express-cancun-cumbres\/#primaryimage","url":"https:\/\/nitu.mx\/wp-content\/uploads\/2025\/11\/Fiesta-Inn-Express-Cancun-Cumbres.jpg","contentUrl":"https:\/\/nitu.mx\/wp-content\/uploads\/2025\/11\/Fiesta-Inn-Express-Cancun-Cumbres.jpg","width":1200,"height":675,"caption":"Fiesta Inn Express Canc\u00fan Cumbres"},{"@type":"BreadcrumbList","@id":"https:\/\/nitu.mx\/index.php\/2025\/11\/04\/posadas-se-expande-en-quintana-roo-con-la-apertura-de-fiesta-inn-express-cancun-cumbres\/#breadcrumb","itemListElement":[{"@type":"ListItem","position":1,"name":"Inicio","item":"https:\/\/nitu.mx\/"},{"@type":"ListItem","position":2,"name":"Posadas se expande en Quintana Roo con la apertura de Fiesta Inn Express Canc\u00fan Cumbres"}]},{"@type":"WebSite","@id":"https:\/\/nitu.mx\/#website","url":"https:\/\/nitu.mx\/","name":"Nitu - Noticias de la Industria Turistica","description":"Noticias de la Industria Turistica","publisher":{"@id":"https:\/\/nitu.mx\/#\/schema\/person\/ae7a53426417292d3dd07b45a33e01bc"},"alternateName":"Noticias de la Industria Turistica","potentialAction":[{"@type":"SearchAction","target":{"@type":"EntryPoint","urlTemplate":"https:\/\/nitu.mx\/?s={search_term_string}"},"query-input":"required name=search_term_string"}],"inLanguage":"es-MX"},{"@type":["Person","Organization"],"@id":"https:\/\/nitu.mx\/#\/schema\/person\/ae7a53426417292d3dd07b45a33e01bc","name":"Arturo Medina","image":{"@type":"ImageObject","inLanguage":"es-MX","@id":"https:\/\/nitu.mx\/#\/schema\/person\/image\/","url":"https:\/\/nitu.mx\/wp-content\/uploads\/2024\/04\/4A315622-1904-4D5C-B022-878CDC840E04-90x90-1.jpeg","contentUrl":"https:\/\/nitu.mx\/wp-content\/uploads\/2024\/04\/4A315622-1904-4D5C-B022-878CDC840E04-90x90-1.jpeg","width":90,"height":90,"caption":"Arturo Medina"},"logo":{"@id":"https:\/\/nitu.mx\/#\/schema\/person\/image\/"},"description":"Director NITU.mx, Egresado de la Escuela de Periodismo Carlos Septi\u00e9n Garc\u00eda. Periodista y analista especializado en turismo desde hace 35 a\u00f1os, radicado en Canc\u00fan Q.Roo. arturo@nitu.mx","sameAs":["https:\/\/nitu.mx","https:\/\/www.facebook.com\/NITUmx\/","medinacancun","https:\/\/twitter.com\/@Arturo_Medina_G"]},{"@type":"Person","@id":"https:\/\/nitu.mx\/#\/schema\/person\/4a28fe9bd65924f7c90623773daf1b0b","name":"Redacci\u00f3n","image":{"@type":"ImageObject","inLanguage":"es-MX","@id":"https:\/\/nitu.mx\/#\/schema\/person\/image\/","url":"https:\/\/secure.gravatar.com\/avatar\/5dd011c8ccfc5cd7e4c81e42252aab38?s=96&d=mm&r=g","contentUrl":"https:\/\/secure.gravatar.com\/avatar\/5dd011c8ccfc5cd7e4c81e42252aab38?s=96&d=mm&r=g","caption":"Redacci\u00f3n"},"url":"https:\/\/nitu.mx\/index.php\/author\/redaccion\/"}]}},"views":688,"_links":{"self":[{"href":"https:\/\/nitu.mx\/index.php\/wp-json\/wp\/v2\/posts\/84324"}],"collection":[{"href":"https:\/\/nitu.mx\/index.php\/wp-json\/wp\/v2\/posts"}],"about":[{"href":"https:\/\/nitu.mx\/index.php\/wp-json\/wp\/v2\/types\/post"}],"author":[{"embeddable":true,"href":"https:\/\/nitu.mx\/index.php\/wp-json\/wp\/v2\/users\/17"}],"replies":[{"embeddable":true,"href":"https:\/\/nitu.mx\/index.php\/wp-json\/wp\/v2\/comments?post=84324"}],"version-history":[{"count":1,"href":"https:\/\/nitu.mx\/index.php\/wp-json\/wp\/v2\/posts\/84324\/revisions"}],"predecessor-version":[{"id":84327,"href":"https:\/\/nitu.mx\/index.php\/wp-json\/wp\/v2\/posts\/84324\/revisions\/84327"}],"wp:featuredmedia":[{"embeddable":true,"href":"https:\/\/nitu.mx\/index.php\/wp-json\/wp\/v2\/media\/84326"}],"wp:attachment":[{"href":"https:\/\/nitu.mx\/index.php\/wp-json\/wp\/v2\/media?parent=84324"}],"wp:term":[{"taxonomy":"category","embeddable":true,"href":"https:\/\/nitu.mx\/index.php\/wp-json\/wp\/v2\/categories?post=84324"},{"taxonomy":"post_tag","embeddable":true,"href":"https:\/\/nitu.mx\/index.php\/wp-json\/wp\/v2\/tags?post=84324"}],"curies":[{"name":"wp","href":"https:\/\/api.w.org\/{rel}","templated":true}]}}