{"id":84321,"date":"2025-11-04T19:59:48","date_gmt":"2025-11-05T01:59:48","guid":{"rendered":"https:\/\/nitu.mx\/?p=84321"},"modified":"2025-11-04T19:59:49","modified_gmt":"2025-11-05T01:59:49","slug":"foro-de-sostenibilidad-busca-replantear-el-futuro-del-turismo-en-quintana-roo","status":"publish","type":"post","link":"https:\/\/nitu.mx\/index.php\/2025\/11\/04\/foro-de-sostenibilidad-busca-replantear-el-futuro-del-turismo-en-quintana-roo\/","title":{"rendered":"Foro de Sostenibilidad busca replantear el futuro del turismo en Quintana Roo"},"content":{"rendered":"<p>Durante d\u00e9cadas, el turismo fue considerado la \u201cindustria sin chimeneas\u201d, un sector limpio y generador de bienestar. Sin embargo, el consumo de energ\u00eda por sistemas de aire acondicionado, el uso intensivo de agua, la generaci\u00f3n de residuos y el impacto de la cadena alimentaria han demostrado que la actividad tur\u00edstica tambi\u00e9n contribuye significativamente a la huella ambiental.<\/p>\n<p>Con la intenci\u00f3n de replantear este modelo y promover pr\u00e1cticas m\u00e1s responsables, el 2\u00b0 Foro de Sostenibilidad Quintana Roo 2025 se llevar\u00e1 a cabo el 19 de noviembre en el Hotel Moon Palace Canc\u00fan, bajo el lema \u201cConstruyendo destinos que cuidan el futuro\u201d.<\/p>\n<p>El evento, organizado por Original Group y respaldado por instituciones p\u00fablicas y privadas, reunir\u00e1 a l\u00edderes empresariales, acad\u00e9micos, especialistas y autoridades para analizar los avances, retos y acciones necesarias para transitar hacia un turismo verdaderamente sostenible.<\/p>\n<p>El programa incluye conferencias y paneles sobre temas como econom\u00eda circular aplicada al turismo, inclusi\u00f3n financiera y digitalizaci\u00f3n en la hoteler\u00eda, turismo regenerativo y conservaci\u00f3n de ecosistemas costeros. Entre los ponentes figuran expertos como Ricardo Fern\u00e1ndez de Mazarrambroz, de BBVA; Erika Harms, directora ejecutiva de Planet Happiness; y Bernardo Cueto, secretario de Turismo de Quintana Roo.<\/p>\n<p>Destaca tambi\u00e9n el panel magistral \u201cHerencia tur\u00edstica: habla la nueva generaci\u00f3n de l\u00edderes\u201d, en el que participar\u00e1n Jos\u00e9 Chapur, Anuar Chapur, Patricio de la Pe\u00f1a, Rodrigo de la Pe\u00f1a, Miguel Quintana y David Quintana, empresarios representativos del sector tur\u00edstico mexicano, moderados por Vicente Ferreyra, director de Sustentur.<\/p>\n<p>El foro busca generar un espacio de reflexi\u00f3n y colaboraci\u00f3n para impulsar pol\u00edticas, alianzas y proyectos que permitan al Caribe Mexicano mantener su liderazgo tur\u00edstico sin comprometer los recursos naturales y sociales que lo sostienen.<\/p>\n<p>Las actividades se desarrollar\u00e1n de 8:00 a 16:00 horas, en el Sal\u00f3n Arena del Moon Palace Canc\u00fan, con la participaci\u00f3n de instituciones como The Palace Company, Sustentur, la Secretar\u00eda de Turismo de Quintana Roo y el Consejo Coordinador Empresarial del Caribe.<\/p>\n<p>El encuentro pretende dejar claro que el turismo del futuro no solo debe atraer visitantes, sino tambi\u00e9n preservar los ecosistemas y mejorar la calidad de vida de las comunidades locales. (<a href=\"https:\/\/nitu.mx\/index.php\/2025\/05\/25\/mara-lezama-y-el-embajador-de-suecia-en-mexico-fortalecen-sectores-del-turismo-y-la-sustentabilidad\/\">Mara Lezama y el embajador de Suecia en M\u00e9xico fortalecen sectores del turismo y la sustentabilidad<\/a>).<\/p>\n","protected":false},"excerpt":{"rendered":"<p>Durante d\u00e9cadas, el turismo fue considerado la \u201cindustria sin chimeneas\u201d, un sector limpio y generador de bienestar. Sin embargo, el consumo de energ\u00eda por sistemas de aire acondicionado, el uso intensivo de agua, la generaci\u00f3n de residuos y el impacto de la cadena alimentaria han demostrado que la actividad tur\u00edstica tambi\u00e9n contribuye significativamente a la [&hellip;]<\/p>\n","protected":false},"author":3,"featured_media":84322,"comment_status":"closed","ping_status":"closed","sticky":false,"template":"","format":"standard","meta":{"footnotes":""},"categories":[2,23427],"tags":[26473,5661,12757],"yoast_head":"<!-- This site is optimized with the Yoast SEO plugin v22.2 - https:\/\/yoast.com\/wordpress\/plugins\/seo\/ -->\n<title>Foro de Sostenibilidad busca replantear el futuro del turismo en Quintana Roo - Nitu - Noticias de la Industria Turistica<\/title>\n<meta name=\"robots\" content=\"index, follow, max-snippet:-1, max-image-preview:large, max-video-preview:-1\" \/>\n<link rel=\"canonical\" href=\"https:\/\/nitu.mx\/index.php\/2025\/11\/04\/foro-de-sostenibilidad-busca-replantear-el-futuro-del-turismo-en-quintana-roo\/\" \/>\n<meta name=\"twitter:card\" content=\"summary_large_image\" \/>\n<meta name=\"twitter:title\" content=\"Foro de Sostenibilidad busca replantear el futuro del turismo en Quintana Roo - Nitu - Noticias de la Industria Turistica\" \/>\n<meta name=\"twitter:description\" content=\"Durante d\u00e9cadas, el turismo fue considerado la \u201cindustria sin chimeneas\u201d, un sector limpio y generador de bienestar. Sin embargo, el consumo de energ\u00eda por sistemas de aire acondicionado, el uso intensivo de agua, la generaci\u00f3n de residuos y el impacto de la cadena alimentaria han demostrado que la actividad tur\u00edstica tambi\u00e9n contribuye significativamente a la [&hellip;]\" \/>\n<meta name=\"twitter:image\" content=\"https:\/\/nitu.mx\/wp-content\/uploads\/2025\/11\/WhatsApp-Image-2025-11-04-at-1.33.14-PM-1.jpeg\" \/>\n<meta name=\"twitter:creator\" content=\"@NITUmx\" \/>\n<meta name=\"twitter:site\" content=\"@Arturo_Medina_G\" \/>\n<meta name=\"twitter:label1\" content=\"Escrito por\" \/>\n\t<meta name=\"twitter:data1\" content=\"Alejandra Moncisbays\" \/>\n\t<meta name=\"twitter:label2\" content=\"Tiempo de lectura\" \/>\n\t<meta name=\"twitter:data2\" content=\"2 minutos\" \/>\n<script type=\"application\/ld+json\" class=\"yoast-schema-graph\">{\"@context\":\"https:\/\/schema.org\",\"@graph\":[{\"@type\":\"Article\",\"@id\":\"https:\/\/nitu.mx\/index.php\/2025\/11\/04\/foro-de-sostenibilidad-busca-replantear-el-futuro-del-turismo-en-quintana-roo\/#article\",\"isPartOf\":{\"@id\":\"https:\/\/nitu.mx\/index.php\/2025\/11\/04\/foro-de-sostenibilidad-busca-replantear-el-futuro-del-turismo-en-quintana-roo\/\"},\"author\":{\"name\":\"Alejandra Moncisbays\",\"@id\":\"https:\/\/nitu.mx\/#\/schema\/person\/2ecd887b19dfd3382d1f14fc5acf24a8\"},\"headline\":\"Foro de Sostenibilidad busca replantear el futuro del turismo en Quintana Roo\",\"datePublished\":\"2025-11-05T01:59:48+00:00\",\"dateModified\":\"2025-11-05T01:59:49+00:00\",\"mainEntityOfPage\":{\"@id\":\"https:\/\/nitu.mx\/index.php\/2025\/11\/04\/foro-de-sostenibilidad-busca-replantear-el-futuro-del-turismo-en-quintana-roo\/\"},\"wordCount\":405,\"publisher\":{\"@id\":\"https:\/\/nitu.mx\/#\/schema\/person\/ae7a53426417292d3dd07b45a33e01bc\"},\"image\":{\"@id\":\"https:\/\/nitu.mx\/index.php\/2025\/11\/04\/foro-de-sostenibilidad-busca-replantear-el-futuro-del-turismo-en-quintana-roo\/#primaryimage\"},\"thumbnailUrl\":\"https:\/\/nitu.mx\/wp-content\/uploads\/2025\/11\/WhatsApp-Image-2025-11-04-at-1.33.14-PM-1.jpeg\",\"keywords\":[\"Foro de Sostenibilidad\",\"Moon Palace Canc\u00fan\",\"Original Group\"],\"articleSection\":[\"Hoteles\",\"Medio Ambiente\"],\"inLanguage\":\"es-MX\"},{\"@type\":\"WebPage\",\"@id\":\"https:\/\/nitu.mx\/index.php\/2025\/11\/04\/foro-de-sostenibilidad-busca-replantear-el-futuro-del-turismo-en-quintana-roo\/\",\"url\":\"https:\/\/nitu.mx\/index.php\/2025\/11\/04\/foro-de-sostenibilidad-busca-replantear-el-futuro-del-turismo-en-quintana-roo\/\",\"name\":\"Foro de Sostenibilidad busca replantear el futuro del turismo en Quintana Roo - Nitu - Noticias de la Industria Turistica\",\"isPartOf\":{\"@id\":\"https:\/\/nitu.mx\/#website\"},\"primaryImageOfPage\":{\"@id\":\"https:\/\/nitu.mx\/index.php\/2025\/11\/04\/foro-de-sostenibilidad-busca-replantear-el-futuro-del-turismo-en-quintana-roo\/#primaryimage\"},\"image\":{\"@id\":\"https:\/\/nitu.mx\/index.php\/2025\/11\/04\/foro-de-sostenibilidad-busca-replantear-el-futuro-del-turismo-en-quintana-roo\/#primaryimage\"},\"thumbnailUrl\":\"https:\/\/nitu.mx\/wp-content\/uploads\/2025\/11\/WhatsApp-Image-2025-11-04-at-1.33.14-PM-1.jpeg\",\"datePublished\":\"2025-11-05T01:59:48+00:00\",\"dateModified\":\"2025-11-05T01:59:49+00:00\",\"breadcrumb\":{\"@id\":\"https:\/\/nitu.mx\/index.php\/2025\/11\/04\/foro-de-sostenibilidad-busca-replantear-el-futuro-del-turismo-en-quintana-roo\/#breadcrumb\"},\"inLanguage\":\"es-MX\",\"potentialAction\":[{\"@type\":\"ReadAction\",\"target\":[\"https:\/\/nitu.mx\/index.php\/2025\/11\/04\/foro-de-sostenibilidad-busca-replantear-el-futuro-del-turismo-en-quintana-roo\/\"]}]},{\"@type\":\"ImageObject\",\"inLanguage\":\"es-MX\",\"@id\":\"https:\/\/nitu.mx\/index.php\/2025\/11\/04\/foro-de-sostenibilidad-busca-replantear-el-futuro-del-turismo-en-quintana-roo\/#primaryimage\",\"url\":\"https:\/\/nitu.mx\/wp-content\/uploads\/2025\/11\/WhatsApp-Image-2025-11-04-at-1.33.14-PM-1.jpeg\",\"contentUrl\":\"https:\/\/nitu.mx\/wp-content\/uploads\/2025\/11\/WhatsApp-Image-2025-11-04-at-1.33.14-PM-1.jpeg\",\"width\":1024,\"height\":1280},{\"@type\":\"BreadcrumbList\",\"@id\":\"https:\/\/nitu.mx\/index.php\/2025\/11\/04\/foro-de-sostenibilidad-busca-replantear-el-futuro-del-turismo-en-quintana-roo\/#breadcrumb\",\"itemListElement\":[{\"@type\":\"ListItem\",\"position\":1,\"name\":\"Inicio\",\"item\":\"https:\/\/nitu.mx\/\"},{\"@type\":\"ListItem\",\"position\":2,\"name\":\"Foro de Sostenibilidad busca replantear el futuro del turismo en Quintana Roo\"}]},{\"@type\":\"WebSite\",\"@id\":\"https:\/\/nitu.mx\/#website\",\"url\":\"https:\/\/nitu.mx\/\",\"name\":\"Nitu - Noticias de la Industria Turistica\",\"description\":\"Noticias de la Industria Turistica\",\"publisher\":{\"@id\":\"https:\/\/nitu.mx\/#\/schema\/person\/ae7a53426417292d3dd07b45a33e01bc\"},\"alternateName\":\"Noticias de la Industria Turistica\",\"potentialAction\":[{\"@type\":\"SearchAction\",\"target\":{\"@type\":\"EntryPoint\",\"urlTemplate\":\"https:\/\/nitu.mx\/?s={search_term_string}\"},\"query-input\":\"required name=search_term_string\"}],\"inLanguage\":\"es-MX\"},{\"@type\":[\"Person\",\"Organization\"],\"@id\":\"https:\/\/nitu.mx\/#\/schema\/person\/ae7a53426417292d3dd07b45a33e01bc\",\"name\":\"Arturo Medina\",\"image\":{\"@type\":\"ImageObject\",\"inLanguage\":\"es-MX\",\"@id\":\"https:\/\/nitu.mx\/#\/schema\/person\/image\/\",\"url\":\"https:\/\/nitu.mx\/wp-content\/uploads\/2024\/04\/4A315622-1904-4D5C-B022-878CDC840E04-90x90-1.jpeg\",\"contentUrl\":\"https:\/\/nitu.mx\/wp-content\/uploads\/2024\/04\/4A315622-1904-4D5C-B022-878CDC840E04-90x90-1.jpeg\",\"width\":90,\"height\":90,\"caption\":\"Arturo Medina\"},\"logo\":{\"@id\":\"https:\/\/nitu.mx\/#\/schema\/person\/image\/\"},\"description\":\"Director NITU.mx, Egresado de la Escuela de Periodismo Carlos Septi\u00e9n Garc\u00eda. Periodista y analista especializado en turismo desde hace 35 a\u00f1os, radicado en Canc\u00fan Q.Roo. arturo@nitu.mx\",\"sameAs\":[\"https:\/\/nitu.mx\",\"https:\/\/www.facebook.com\/NITUmx\/\",\"medinacancun\",\"https:\/\/twitter.com\/@Arturo_Medina_G\"]},{\"@type\":\"Person\",\"@id\":\"https:\/\/nitu.mx\/#\/schema\/person\/2ecd887b19dfd3382d1f14fc5acf24a8\",\"name\":\"Alejandra Moncisbays\",\"image\":{\"@type\":\"ImageObject\",\"inLanguage\":\"es-MX\",\"@id\":\"https:\/\/nitu.mx\/#\/schema\/person\/image\/\",\"url\":\"https:\/\/secure.gravatar.com\/avatar\/e74f7af0be172b7804dacfd0bfbef787?s=96&d=mm&r=g\",\"contentUrl\":\"https:\/\/secure.gravatar.com\/avatar\/e74f7af0be172b7804dacfd0bfbef787?s=96&d=mm&r=g\",\"caption\":\"Alejandra Moncisbays\"},\"description\":\"Curs\u00e9 la carrera de Periodismo y Comunicaci\u00f3n en la Facultad de Estudios Profesionales Acatl\u00e1n. Vivo en Canc\u00fan desde hace 24 a\u00f1os. Fui reportera de La Tarde de Canc\u00fan, y Novedades de Quintana Roo, colabor\u00e9 en TVCUN, edit\u00e9 Cancun\u00edssimo y colabor\u00e9 en las revistas Latitud21, entre otras, con principal enfoque en los sectores empresarial y tur\u00edstico. Desde hace varios a\u00f1os soy Agente de Seguros con c\u00e9dula de la Comisi\u00f3n Nacional de Seguros y Fianzas. Actualmente, me desarrollo en los \u00e1mbitos del periodismo y el sector asegurador.\",\"sameAs\":[\"https:\/\/nitu.mx\"],\"url\":\"https:\/\/nitu.mx\/index.php\/author\/alejandra\/\"}]}<\/script>\n<!-- \/ Yoast SEO plugin. -->","yoast_head_json":{"title":"Foro de Sostenibilidad busca replantear el futuro del turismo en Quintana Roo - Nitu - Noticias de la Industria Turistica","robots":{"index":"index","follow":"follow","max-snippet":"max-snippet:-1","max-image-preview":"max-image-preview:large","max-video-preview":"max-video-preview:-1"},"canonical":"https:\/\/nitu.mx\/index.php\/2025\/11\/04\/foro-de-sostenibilidad-busca-replantear-el-futuro-del-turismo-en-quintana-roo\/","twitter_card":"summary_large_image","twitter_title":"Foro de Sostenibilidad busca replantear el futuro del turismo en Quintana Roo - Nitu - Noticias de la Industria Turistica","twitter_description":"Durante d\u00e9cadas, el turismo fue considerado la \u201cindustria sin chimeneas\u201d, un sector limpio y generador de bienestar. Sin embargo, el consumo de energ\u00eda por sistemas de aire acondicionado, el uso intensivo de agua, la generaci\u00f3n de residuos y el impacto de la cadena alimentaria han demostrado que la actividad tur\u00edstica tambi\u00e9n contribuye significativamente a la [&hellip;]","twitter_image":"https:\/\/nitu.mx\/wp-content\/uploads\/2025\/11\/WhatsApp-Image-2025-11-04-at-1.33.14-PM-1.jpeg","twitter_creator":"@NITUmx","twitter_site":"@Arturo_Medina_G","twitter_misc":{"Escrito por":"Alejandra Moncisbays","Tiempo de lectura":"2 minutos"},"schema":{"@context":"https:\/\/schema.org","@graph":[{"@type":"Article","@id":"https:\/\/nitu.mx\/index.php\/2025\/11\/04\/foro-de-sostenibilidad-busca-replantear-el-futuro-del-turismo-en-quintana-roo\/#article","isPartOf":{"@id":"https:\/\/nitu.mx\/index.php\/2025\/11\/04\/foro-de-sostenibilidad-busca-replantear-el-futuro-del-turismo-en-quintana-roo\/"},"author":{"name":"Alejandra Moncisbays","@id":"https:\/\/nitu.mx\/#\/schema\/person\/2ecd887b19dfd3382d1f14fc5acf24a8"},"headline":"Foro de Sostenibilidad busca replantear el futuro del turismo en Quintana Roo","datePublished":"2025-11-05T01:59:48+00:00","dateModified":"2025-11-05T01:59:49+00:00","mainEntityOfPage":{"@id":"https:\/\/nitu.mx\/index.php\/2025\/11\/04\/foro-de-sostenibilidad-busca-replantear-el-futuro-del-turismo-en-quintana-roo\/"},"wordCount":405,"publisher":{"@id":"https:\/\/nitu.mx\/#\/schema\/person\/ae7a53426417292d3dd07b45a33e01bc"},"image":{"@id":"https:\/\/nitu.mx\/index.php\/2025\/11\/04\/foro-de-sostenibilidad-busca-replantear-el-futuro-del-turismo-en-quintana-roo\/#primaryimage"},"thumbnailUrl":"https:\/\/nitu.mx\/wp-content\/uploads\/2025\/11\/WhatsApp-Image-2025-11-04-at-1.33.14-PM-1.jpeg","keywords":["Foro de Sostenibilidad","Moon Palace Canc\u00fan","Original Group"],"articleSection":["Hoteles","Medio Ambiente"],"inLanguage":"es-MX"},{"@type":"WebPage","@id":"https:\/\/nitu.mx\/index.php\/2025\/11\/04\/foro-de-sostenibilidad-busca-replantear-el-futuro-del-turismo-en-quintana-roo\/","url":"https:\/\/nitu.mx\/index.php\/2025\/11\/04\/foro-de-sostenibilidad-busca-replantear-el-futuro-del-turismo-en-quintana-roo\/","name":"Foro de Sostenibilidad busca replantear el futuro del turismo en Quintana Roo - Nitu - Noticias de la Industria Turistica","isPartOf":{"@id":"https:\/\/nitu.mx\/#website"},"primaryImageOfPage":{"@id":"https:\/\/nitu.mx\/index.php\/2025\/11\/04\/foro-de-sostenibilidad-busca-replantear-el-futuro-del-turismo-en-quintana-roo\/#primaryimage"},"image":{"@id":"https:\/\/nitu.mx\/index.php\/2025\/11\/04\/foro-de-sostenibilidad-busca-replantear-el-futuro-del-turismo-en-quintana-roo\/#primaryimage"},"thumbnailUrl":"https:\/\/nitu.mx\/wp-content\/uploads\/2025\/11\/WhatsApp-Image-2025-11-04-at-1.33.14-PM-1.jpeg","datePublished":"2025-11-05T01:59:48+00:00","dateModified":"2025-11-05T01:59:49+00:00","breadcrumb":{"@id":"https:\/\/nitu.mx\/index.php\/2025\/11\/04\/foro-de-sostenibilidad-busca-replantear-el-futuro-del-turismo-en-quintana-roo\/#breadcrumb"},"inLanguage":"es-MX","potentialAction":[{"@type":"ReadAction","target":["https:\/\/nitu.mx\/index.php\/2025\/11\/04\/foro-de-sostenibilidad-busca-replantear-el-futuro-del-turismo-en-quintana-roo\/"]}]},{"@type":"ImageObject","inLanguage":"es-MX","@id":"https:\/\/nitu.mx\/index.php\/2025\/11\/04\/foro-de-sostenibilidad-busca-replantear-el-futuro-del-turismo-en-quintana-roo\/#primaryimage","url":"https:\/\/nitu.mx\/wp-content\/uploads\/2025\/11\/WhatsApp-Image-2025-11-04-at-1.33.14-PM-1.jpeg","contentUrl":"https:\/\/nitu.mx\/wp-content\/uploads\/2025\/11\/WhatsApp-Image-2025-11-04-at-1.33.14-PM-1.jpeg","width":1024,"height":1280},{"@type":"BreadcrumbList","@id":"https:\/\/nitu.mx\/index.php\/2025\/11\/04\/foro-de-sostenibilidad-busca-replantear-el-futuro-del-turismo-en-quintana-roo\/#breadcrumb","itemListElement":[{"@type":"ListItem","position":1,"name":"Inicio","item":"https:\/\/nitu.mx\/"},{"@type":"ListItem","position":2,"name":"Foro de Sostenibilidad busca replantear el futuro del turismo en Quintana Roo"}]},{"@type":"WebSite","@id":"https:\/\/nitu.mx\/#website","url":"https:\/\/nitu.mx\/","name":"Nitu - Noticias de la Industria Turistica","description":"Noticias de la Industria Turistica","publisher":{"@id":"https:\/\/nitu.mx\/#\/schema\/person\/ae7a53426417292d3dd07b45a33e01bc"},"alternateName":"Noticias de la Industria Turistica","potentialAction":[{"@type":"SearchAction","target":{"@type":"EntryPoint","urlTemplate":"https:\/\/nitu.mx\/?s={search_term_string}"},"query-input":"required name=search_term_string"}],"inLanguage":"es-MX"},{"@type":["Person","Organization"],"@id":"https:\/\/nitu.mx\/#\/schema\/person\/ae7a53426417292d3dd07b45a33e01bc","name":"Arturo Medina","image":{"@type":"ImageObject","inLanguage":"es-MX","@id":"https:\/\/nitu.mx\/#\/schema\/person\/image\/","url":"https:\/\/nitu.mx\/wp-content\/uploads\/2024\/04\/4A315622-1904-4D5C-B022-878CDC840E04-90x90-1.jpeg","contentUrl":"https:\/\/nitu.mx\/wp-content\/uploads\/2024\/04\/4A315622-1904-4D5C-B022-878CDC840E04-90x90-1.jpeg","width":90,"height":90,"caption":"Arturo Medina"},"logo":{"@id":"https:\/\/nitu.mx\/#\/schema\/person\/image\/"},"description":"Director NITU.mx, Egresado de la Escuela de Periodismo Carlos Septi\u00e9n Garc\u00eda. Periodista y analista especializado en turismo desde hace 35 a\u00f1os, radicado en Canc\u00fan Q.Roo. arturo@nitu.mx","sameAs":["https:\/\/nitu.mx","https:\/\/www.facebook.com\/NITUmx\/","medinacancun","https:\/\/twitter.com\/@Arturo_Medina_G"]},{"@type":"Person","@id":"https:\/\/nitu.mx\/#\/schema\/person\/2ecd887b19dfd3382d1f14fc5acf24a8","name":"Alejandra Moncisbays","image":{"@type":"ImageObject","inLanguage":"es-MX","@id":"https:\/\/nitu.mx\/#\/schema\/person\/image\/","url":"https:\/\/secure.gravatar.com\/avatar\/e74f7af0be172b7804dacfd0bfbef787?s=96&d=mm&r=g","contentUrl":"https:\/\/secure.gravatar.com\/avatar\/e74f7af0be172b7804dacfd0bfbef787?s=96&d=mm&r=g","caption":"Alejandra Moncisbays"},"description":"Curs\u00e9 la carrera de Periodismo y Comunicaci\u00f3n en la Facultad de Estudios Profesionales Acatl\u00e1n. Vivo en Canc\u00fan desde hace 24 a\u00f1os. Fui reportera de La Tarde de Canc\u00fan, y Novedades de Quintana Roo, colabor\u00e9 en TVCUN, edit\u00e9 Cancun\u00edssimo y colabor\u00e9 en las revistas Latitud21, entre otras, con principal enfoque en los sectores empresarial y tur\u00edstico. Desde hace varios a\u00f1os soy Agente de Seguros con c\u00e9dula de la Comisi\u00f3n Nacional de Seguros y Fianzas. Actualmente, me desarrollo en los \u00e1mbitos del periodismo y el sector asegurador.","sameAs":["https:\/\/nitu.mx"],"url":"https:\/\/nitu.mx\/index.php\/author\/alejandra\/"}]}},"views":725,"_links":{"self":[{"href":"https:\/\/nitu.mx\/index.php\/wp-json\/wp\/v2\/posts\/84321"}],"collection":[{"href":"https:\/\/nitu.mx\/index.php\/wp-json\/wp\/v2\/posts"}],"about":[{"href":"https:\/\/nitu.mx\/index.php\/wp-json\/wp\/v2\/types\/post"}],"author":[{"embeddable":true,"href":"https:\/\/nitu.mx\/index.php\/wp-json\/wp\/v2\/users\/3"}],"replies":[{"embeddable":true,"href":"https:\/\/nitu.mx\/index.php\/wp-json\/wp\/v2\/comments?post=84321"}],"version-history":[{"count":3,"href":"https:\/\/nitu.mx\/index.php\/wp-json\/wp\/v2\/posts\/84321\/revisions"}],"predecessor-version":[{"id":84336,"href":"https:\/\/nitu.mx\/index.php\/wp-json\/wp\/v2\/posts\/84321\/revisions\/84336"}],"wp:featuredmedia":[{"embeddable":true,"href":"https:\/\/nitu.mx\/index.php\/wp-json\/wp\/v2\/media\/84322"}],"wp:attachment":[{"href":"https:\/\/nitu.mx\/index.php\/wp-json\/wp\/v2\/media?parent=84321"}],"wp:term":[{"taxonomy":"category","embeddable":true,"href":"https:\/\/nitu.mx\/index.php\/wp-json\/wp\/v2\/categories?post=84321"},{"taxonomy":"post_tag","embeddable":true,"href":"https:\/\/nitu.mx\/index.php\/wp-json\/wp\/v2\/tags?post=84321"}],"curies":[{"name":"wp","href":"https:\/\/api.w.org\/{rel}","templated":true}]}}