{"id":84318,"date":"2025-11-04T19:56:31","date_gmt":"2025-11-05T01:56:31","guid":{"rendered":"https:\/\/nitu.mx\/?p=84318"},"modified":"2025-11-04T19:56:32","modified_gmt":"2025-11-05T01:56:32","slug":"fundacion-lomas-impulsa-la-formacion-profesional-de-jovenes-en-el-caribe-mexicano","status":"publish","type":"post","link":"https:\/\/nitu.mx\/index.php\/2025\/11\/04\/fundacion-lomas-impulsa-la-formacion-profesional-de-jovenes-en-el-caribe-mexicano\/","title":{"rendered":"Fundaci\u00f3n Lomas impulsa la formaci\u00f3n profesional de j\u00f3venes en el Caribe Mexicano"},"content":{"rendered":"<p>Con una ceremonia realizada en el Planetario Ka\u2019Yok\u2019 de Canc\u00fan, la Fundaci\u00f3n Lomas I.A.P. celebr\u00f3 la graduaci\u00f3n de 32 j\u00f3venes que concluyeron sus programas Sue\u00f1a, Vive y Transforma y Educaci\u00f3n con Rumbo, con los que la instituci\u00f3n busca fortalecer la preparaci\u00f3n acad\u00e9mica y laboral de estudiantes del Caribe Mexicano.<\/p>\n<p>Desde su creaci\u00f3n en 2015, la fundaci\u00f3n \u2014vinculada a Grupo Lomas\u2014 ha trabajado para brindar oportunidades a j\u00f3venes de la regi\u00f3n mediante becas, talleres y pasant\u00edas orientadas al desarrollo de competencias profesionales y personales.<\/p>\n<p>Durante el evento, al que asistieron familiares, directivos de la empresa, mentores y representantes de instituciones educativas, se destac\u00f3 que 20 de los egresados fueron mujeres y 12 hombres, originarios de Canc\u00fan, Chetumal y Playa del Carmen, y que cursaban 22 carreras distintas, desde \u00e1reas administrativas y econ\u00f3micas hasta ingenier\u00edas, humanidades y salud.<\/p>\n<p>El programa Sue\u00f1a, Vive y Transforma ofreci\u00f3 pasant\u00edas remuneradas a 15 estudiantes universitarios, quienes desarrollaron habilidades profesionales y blandas con un acompa\u00f1amiento promedio de 19 meses. De este grupo, cuatro j\u00f3venes fueron contratados por Grupo Lomas, mientras que seis m\u00e1s encontraron empleo en otras empresas.<\/p>\n<p>Por su parte, Educaci\u00f3n con Rumbo benefici\u00f3 a 17 estudiantes de nivel medio superior y superior, enfocado en fortalecer competencias acad\u00e9micas, psicoemocionales y de responsabilidad social a trav\u00e9s de talleres y proyectos comunitarios.<\/p>\n<p>La fundaci\u00f3n inform\u00f3 que las becas y apoyos provienen principalmente de donativos de Grupo Lomas, de la Fundaci\u00f3n Sancus y de la Secretar\u00eda de Bienestar de Quintana Roo, mediante el programa Unidos para Transformar. En 2023, la instituci\u00f3n destin\u00f3 1.7 millones de pesos al programa Sue\u00f1a, Vive y Transforma y 2.2 millones de pesos a Educaci\u00f3n con Rumbo, en beneficio de m\u00e1s de 370 ni\u00f1as, ni\u00f1os y j\u00f3venes.<\/p>\n<p>Con estas acciones, Fundaci\u00f3n Lomas I.A.P. mantiene su enfoque en el impulso a la educaci\u00f3n y la empleabilidad juvenil en el Caribe Mexicano, con la finalidad de contribuir a la formaci\u00f3n de una generaci\u00f3n m\u00e1s preparada y comprometida con su entorno social y profesional. (<a href=\"https:\/\/nitu.mx\/index.php\/2025\/03\/25\/fundacion-lomas-destino-6-2-mdp-en-becas-y-apoyos-educativos-en-2024\/\">Fundaci\u00f3n Lomas destin\u00f3 6.2 mdp en becas y apoyos educativos en 2024<\/a>).<\/p>\n","protected":false},"excerpt":{"rendered":"<p>Con una ceremonia realizada en el Planetario Ka\u2019Yok\u2019 de Canc\u00fan, la Fundaci\u00f3n Lomas I.A.P. celebr\u00f3 la graduaci\u00f3n de 32 j\u00f3venes que concluyeron sus programas Sue\u00f1a, Vive y Transforma y Educaci\u00f3n con Rumbo, con los que la instituci\u00f3n busca fortalecer la preparaci\u00f3n acad\u00e9mica y laboral de estudiantes del Caribe Mexicano. Desde su creaci\u00f3n en 2015, la [&hellip;]<\/p>\n","protected":false},"author":3,"featured_media":84319,"comment_status":"closed","ping_status":"closed","sticky":false,"template":"","format":"standard","meta":{"footnotes":""},"categories":[18475,2],"tags":[27796,18360,21807],"yoast_head":"<!-- This site is optimized with the Yoast SEO plugin v22.2 - https:\/\/yoast.com\/wordpress\/plugins\/seo\/ -->\n<title>Fundaci\u00f3n Lomas impulsa la formaci\u00f3n profesional de j\u00f3venes en el Caribe Mexicano - Nitu - Noticias de la Industria Turistica<\/title>\n<meta name=\"robots\" content=\"index, follow, max-snippet:-1, max-image-preview:large, max-video-preview:-1\" \/>\n<link rel=\"canonical\" href=\"https:\/\/nitu.mx\/index.php\/2025\/11\/04\/fundacion-lomas-impulsa-la-formacion-profesional-de-jovenes-en-el-caribe-mexicano\/\" \/>\n<meta name=\"twitter:card\" content=\"summary_large_image\" \/>\n<meta name=\"twitter:title\" content=\"Fundaci\u00f3n Lomas impulsa la formaci\u00f3n profesional de j\u00f3venes en el Caribe Mexicano - Nitu - Noticias de la Industria Turistica\" \/>\n<meta name=\"twitter:description\" content=\"Con una ceremonia realizada en el Planetario Ka\u2019Yok\u2019 de Canc\u00fan, la Fundaci\u00f3n Lomas I.A.P. celebr\u00f3 la graduaci\u00f3n de 32 j\u00f3venes que concluyeron sus programas Sue\u00f1a, Vive y Transforma y Educaci\u00f3n con Rumbo, con los que la instituci\u00f3n busca fortalecer la preparaci\u00f3n acad\u00e9mica y laboral de estudiantes del Caribe Mexicano. Desde su creaci\u00f3n en 2015, la [&hellip;]\" \/>\n<meta name=\"twitter:image\" content=\"https:\/\/nitu.mx\/wp-content\/uploads\/2025\/11\/WhatsApp-Image-2025-11-03-at-11.58.52-AM.jpeg\" \/>\n<meta name=\"twitter:creator\" content=\"@NITUmx\" \/>\n<meta name=\"twitter:site\" content=\"@Arturo_Medina_G\" \/>\n<meta name=\"twitter:label1\" content=\"Escrito por\" \/>\n\t<meta name=\"twitter:data1\" content=\"Alejandra Moncisbays\" \/>\n\t<meta name=\"twitter:label2\" content=\"Tiempo de lectura\" \/>\n\t<meta name=\"twitter:data2\" content=\"2 minutos\" \/>\n<script type=\"application\/ld+json\" class=\"yoast-schema-graph\">{\"@context\":\"https:\/\/schema.org\",\"@graph\":[{\"@type\":\"Article\",\"@id\":\"https:\/\/nitu.mx\/index.php\/2025\/11\/04\/fundacion-lomas-impulsa-la-formacion-profesional-de-jovenes-en-el-caribe-mexicano\/#article\",\"isPartOf\":{\"@id\":\"https:\/\/nitu.mx\/index.php\/2025\/11\/04\/fundacion-lomas-impulsa-la-formacion-profesional-de-jovenes-en-el-caribe-mexicano\/\"},\"author\":{\"name\":\"Alejandra Moncisbays\",\"@id\":\"https:\/\/nitu.mx\/#\/schema\/person\/2ecd887b19dfd3382d1f14fc5acf24a8\"},\"headline\":\"Fundaci\u00f3n Lomas impulsa la formaci\u00f3n profesional de j\u00f3venes en el Caribe Mexicano\",\"datePublished\":\"2025-11-05T01:56:31+00:00\",\"dateModified\":\"2025-11-05T01:56:32+00:00\",\"mainEntityOfPage\":{\"@id\":\"https:\/\/nitu.mx\/index.php\/2025\/11\/04\/fundacion-lomas-impulsa-la-formacion-profesional-de-jovenes-en-el-caribe-mexicano\/\"},\"wordCount\":385,\"publisher\":{\"@id\":\"https:\/\/nitu.mx\/#\/schema\/person\/ae7a53426417292d3dd07b45a33e01bc\"},\"image\":{\"@id\":\"https:\/\/nitu.mx\/index.php\/2025\/11\/04\/fundacion-lomas-impulsa-la-formacion-profesional-de-jovenes-en-el-caribe-mexicano\/#primaryimage\"},\"thumbnailUrl\":\"https:\/\/nitu.mx\/wp-content\/uploads\/2025\/11\/WhatsApp-Image-2025-11-03-at-11.58.52-AM.jpeg\",\"keywords\":[\"formaci\u00f3n\",\"Fundaci\u00f3n Lomas\",\"j\u00f3venes\"],\"articleSection\":[\"Caribe Mexicano\",\"Hoteles\"],\"inLanguage\":\"es-MX\"},{\"@type\":\"WebPage\",\"@id\":\"https:\/\/nitu.mx\/index.php\/2025\/11\/04\/fundacion-lomas-impulsa-la-formacion-profesional-de-jovenes-en-el-caribe-mexicano\/\",\"url\":\"https:\/\/nitu.mx\/index.php\/2025\/11\/04\/fundacion-lomas-impulsa-la-formacion-profesional-de-jovenes-en-el-caribe-mexicano\/\",\"name\":\"Fundaci\u00f3n Lomas impulsa la formaci\u00f3n profesional de j\u00f3venes en el Caribe Mexicano - Nitu - Noticias de la Industria Turistica\",\"isPartOf\":{\"@id\":\"https:\/\/nitu.mx\/#website\"},\"primaryImageOfPage\":{\"@id\":\"https:\/\/nitu.mx\/index.php\/2025\/11\/04\/fundacion-lomas-impulsa-la-formacion-profesional-de-jovenes-en-el-caribe-mexicano\/#primaryimage\"},\"image\":{\"@id\":\"https:\/\/nitu.mx\/index.php\/2025\/11\/04\/fundacion-lomas-impulsa-la-formacion-profesional-de-jovenes-en-el-caribe-mexicano\/#primaryimage\"},\"thumbnailUrl\":\"https:\/\/nitu.mx\/wp-content\/uploads\/2025\/11\/WhatsApp-Image-2025-11-03-at-11.58.52-AM.jpeg\",\"datePublished\":\"2025-11-05T01:56:31+00:00\",\"dateModified\":\"2025-11-05T01:56:32+00:00\",\"breadcrumb\":{\"@id\":\"https:\/\/nitu.mx\/index.php\/2025\/11\/04\/fundacion-lomas-impulsa-la-formacion-profesional-de-jovenes-en-el-caribe-mexicano\/#breadcrumb\"},\"inLanguage\":\"es-MX\",\"potentialAction\":[{\"@type\":\"ReadAction\",\"target\":[\"https:\/\/nitu.mx\/index.php\/2025\/11\/04\/fundacion-lomas-impulsa-la-formacion-profesional-de-jovenes-en-el-caribe-mexicano\/\"]}]},{\"@type\":\"ImageObject\",\"inLanguage\":\"es-MX\",\"@id\":\"https:\/\/nitu.mx\/index.php\/2025\/11\/04\/fundacion-lomas-impulsa-la-formacion-profesional-de-jovenes-en-el-caribe-mexicano\/#primaryimage\",\"url\":\"https:\/\/nitu.mx\/wp-content\/uploads\/2025\/11\/WhatsApp-Image-2025-11-03-at-11.58.52-AM.jpeg\",\"contentUrl\":\"https:\/\/nitu.mx\/wp-content\/uploads\/2025\/11\/WhatsApp-Image-2025-11-03-at-11.58.52-AM.jpeg\",\"width\":1600,\"height\":1190},{\"@type\":\"BreadcrumbList\",\"@id\":\"https:\/\/nitu.mx\/index.php\/2025\/11\/04\/fundacion-lomas-impulsa-la-formacion-profesional-de-jovenes-en-el-caribe-mexicano\/#breadcrumb\",\"itemListElement\":[{\"@type\":\"ListItem\",\"position\":1,\"name\":\"Inicio\",\"item\":\"https:\/\/nitu.mx\/\"},{\"@type\":\"ListItem\",\"position\":2,\"name\":\"Fundaci\u00f3n Lomas impulsa la formaci\u00f3n profesional de j\u00f3venes en el Caribe Mexicano\"}]},{\"@type\":\"WebSite\",\"@id\":\"https:\/\/nitu.mx\/#website\",\"url\":\"https:\/\/nitu.mx\/\",\"name\":\"Nitu - Noticias de la Industria Turistica\",\"description\":\"Noticias de la Industria Turistica\",\"publisher\":{\"@id\":\"https:\/\/nitu.mx\/#\/schema\/person\/ae7a53426417292d3dd07b45a33e01bc\"},\"alternateName\":\"Noticias de la Industria Turistica\",\"potentialAction\":[{\"@type\":\"SearchAction\",\"target\":{\"@type\":\"EntryPoint\",\"urlTemplate\":\"https:\/\/nitu.mx\/?s={search_term_string}\"},\"query-input\":\"required name=search_term_string\"}],\"inLanguage\":\"es-MX\"},{\"@type\":[\"Person\",\"Organization\"],\"@id\":\"https:\/\/nitu.mx\/#\/schema\/person\/ae7a53426417292d3dd07b45a33e01bc\",\"name\":\"Arturo Medina\",\"image\":{\"@type\":\"ImageObject\",\"inLanguage\":\"es-MX\",\"@id\":\"https:\/\/nitu.mx\/#\/schema\/person\/image\/\",\"url\":\"https:\/\/nitu.mx\/wp-content\/uploads\/2024\/04\/4A315622-1904-4D5C-B022-878CDC840E04-90x90-1.jpeg\",\"contentUrl\":\"https:\/\/nitu.mx\/wp-content\/uploads\/2024\/04\/4A315622-1904-4D5C-B022-878CDC840E04-90x90-1.jpeg\",\"width\":90,\"height\":90,\"caption\":\"Arturo Medina\"},\"logo\":{\"@id\":\"https:\/\/nitu.mx\/#\/schema\/person\/image\/\"},\"description\":\"Director NITU.mx, Egresado de la Escuela de Periodismo Carlos Septi\u00e9n Garc\u00eda. Periodista y analista especializado en turismo desde hace 35 a\u00f1os, radicado en Canc\u00fan Q.Roo. arturo@nitu.mx\",\"sameAs\":[\"https:\/\/nitu.mx\",\"https:\/\/www.facebook.com\/NITUmx\/\",\"medinacancun\",\"https:\/\/twitter.com\/@Arturo_Medina_G\"]},{\"@type\":\"Person\",\"@id\":\"https:\/\/nitu.mx\/#\/schema\/person\/2ecd887b19dfd3382d1f14fc5acf24a8\",\"name\":\"Alejandra Moncisbays\",\"image\":{\"@type\":\"ImageObject\",\"inLanguage\":\"es-MX\",\"@id\":\"https:\/\/nitu.mx\/#\/schema\/person\/image\/\",\"url\":\"https:\/\/secure.gravatar.com\/avatar\/e74f7af0be172b7804dacfd0bfbef787?s=96&d=mm&r=g\",\"contentUrl\":\"https:\/\/secure.gravatar.com\/avatar\/e74f7af0be172b7804dacfd0bfbef787?s=96&d=mm&r=g\",\"caption\":\"Alejandra Moncisbays\"},\"description\":\"Curs\u00e9 la carrera de Periodismo y Comunicaci\u00f3n en la Facultad de Estudios Profesionales Acatl\u00e1n. Vivo en Canc\u00fan desde hace 24 a\u00f1os. Fui reportera de La Tarde de Canc\u00fan, y Novedades de Quintana Roo, colabor\u00e9 en TVCUN, edit\u00e9 Cancun\u00edssimo y colabor\u00e9 en las revistas Latitud21, entre otras, con principal enfoque en los sectores empresarial y tur\u00edstico. Desde hace varios a\u00f1os soy Agente de Seguros con c\u00e9dula de la Comisi\u00f3n Nacional de Seguros y Fianzas. Actualmente, me desarrollo en los \u00e1mbitos del periodismo y el sector asegurador.\",\"sameAs\":[\"https:\/\/nitu.mx\"],\"url\":\"https:\/\/nitu.mx\/index.php\/author\/alejandra\/\"}]}<\/script>\n<!-- \/ Yoast SEO plugin. -->","yoast_head_json":{"title":"Fundaci\u00f3n Lomas impulsa la formaci\u00f3n profesional de j\u00f3venes en el Caribe Mexicano - Nitu - Noticias de la Industria Turistica","robots":{"index":"index","follow":"follow","max-snippet":"max-snippet:-1","max-image-preview":"max-image-preview:large","max-video-preview":"max-video-preview:-1"},"canonical":"https:\/\/nitu.mx\/index.php\/2025\/11\/04\/fundacion-lomas-impulsa-la-formacion-profesional-de-jovenes-en-el-caribe-mexicano\/","twitter_card":"summary_large_image","twitter_title":"Fundaci\u00f3n Lomas impulsa la formaci\u00f3n profesional de j\u00f3venes en el Caribe Mexicano - Nitu - Noticias de la Industria Turistica","twitter_description":"Con una ceremonia realizada en el Planetario Ka\u2019Yok\u2019 de Canc\u00fan, la Fundaci\u00f3n Lomas I.A.P. celebr\u00f3 la graduaci\u00f3n de 32 j\u00f3venes que concluyeron sus programas Sue\u00f1a, Vive y Transforma y Educaci\u00f3n con Rumbo, con los que la instituci\u00f3n busca fortalecer la preparaci\u00f3n acad\u00e9mica y laboral de estudiantes del Caribe Mexicano. Desde su creaci\u00f3n en 2015, la [&hellip;]","twitter_image":"https:\/\/nitu.mx\/wp-content\/uploads\/2025\/11\/WhatsApp-Image-2025-11-03-at-11.58.52-AM.jpeg","twitter_creator":"@NITUmx","twitter_site":"@Arturo_Medina_G","twitter_misc":{"Escrito por":"Alejandra Moncisbays","Tiempo de lectura":"2 minutos"},"schema":{"@context":"https:\/\/schema.org","@graph":[{"@type":"Article","@id":"https:\/\/nitu.mx\/index.php\/2025\/11\/04\/fundacion-lomas-impulsa-la-formacion-profesional-de-jovenes-en-el-caribe-mexicano\/#article","isPartOf":{"@id":"https:\/\/nitu.mx\/index.php\/2025\/11\/04\/fundacion-lomas-impulsa-la-formacion-profesional-de-jovenes-en-el-caribe-mexicano\/"},"author":{"name":"Alejandra Moncisbays","@id":"https:\/\/nitu.mx\/#\/schema\/person\/2ecd887b19dfd3382d1f14fc5acf24a8"},"headline":"Fundaci\u00f3n Lomas impulsa la formaci\u00f3n profesional de j\u00f3venes en el Caribe Mexicano","datePublished":"2025-11-05T01:56:31+00:00","dateModified":"2025-11-05T01:56:32+00:00","mainEntityOfPage":{"@id":"https:\/\/nitu.mx\/index.php\/2025\/11\/04\/fundacion-lomas-impulsa-la-formacion-profesional-de-jovenes-en-el-caribe-mexicano\/"},"wordCount":385,"publisher":{"@id":"https:\/\/nitu.mx\/#\/schema\/person\/ae7a53426417292d3dd07b45a33e01bc"},"image":{"@id":"https:\/\/nitu.mx\/index.php\/2025\/11\/04\/fundacion-lomas-impulsa-la-formacion-profesional-de-jovenes-en-el-caribe-mexicano\/#primaryimage"},"thumbnailUrl":"https:\/\/nitu.mx\/wp-content\/uploads\/2025\/11\/WhatsApp-Image-2025-11-03-at-11.58.52-AM.jpeg","keywords":["formaci\u00f3n","Fundaci\u00f3n Lomas","j\u00f3venes"],"articleSection":["Caribe Mexicano","Hoteles"],"inLanguage":"es-MX"},{"@type":"WebPage","@id":"https:\/\/nitu.mx\/index.php\/2025\/11\/04\/fundacion-lomas-impulsa-la-formacion-profesional-de-jovenes-en-el-caribe-mexicano\/","url":"https:\/\/nitu.mx\/index.php\/2025\/11\/04\/fundacion-lomas-impulsa-la-formacion-profesional-de-jovenes-en-el-caribe-mexicano\/","name":"Fundaci\u00f3n Lomas impulsa la formaci\u00f3n profesional de j\u00f3venes en el Caribe Mexicano - Nitu - Noticias de la Industria Turistica","isPartOf":{"@id":"https:\/\/nitu.mx\/#website"},"primaryImageOfPage":{"@id":"https:\/\/nitu.mx\/index.php\/2025\/11\/04\/fundacion-lomas-impulsa-la-formacion-profesional-de-jovenes-en-el-caribe-mexicano\/#primaryimage"},"image":{"@id":"https:\/\/nitu.mx\/index.php\/2025\/11\/04\/fundacion-lomas-impulsa-la-formacion-profesional-de-jovenes-en-el-caribe-mexicano\/#primaryimage"},"thumbnailUrl":"https:\/\/nitu.mx\/wp-content\/uploads\/2025\/11\/WhatsApp-Image-2025-11-03-at-11.58.52-AM.jpeg","datePublished":"2025-11-05T01:56:31+00:00","dateModified":"2025-11-05T01:56:32+00:00","breadcrumb":{"@id":"https:\/\/nitu.mx\/index.php\/2025\/11\/04\/fundacion-lomas-impulsa-la-formacion-profesional-de-jovenes-en-el-caribe-mexicano\/#breadcrumb"},"inLanguage":"es-MX","potentialAction":[{"@type":"ReadAction","target":["https:\/\/nitu.mx\/index.php\/2025\/11\/04\/fundacion-lomas-impulsa-la-formacion-profesional-de-jovenes-en-el-caribe-mexicano\/"]}]},{"@type":"ImageObject","inLanguage":"es-MX","@id":"https:\/\/nitu.mx\/index.php\/2025\/11\/04\/fundacion-lomas-impulsa-la-formacion-profesional-de-jovenes-en-el-caribe-mexicano\/#primaryimage","url":"https:\/\/nitu.mx\/wp-content\/uploads\/2025\/11\/WhatsApp-Image-2025-11-03-at-11.58.52-AM.jpeg","contentUrl":"https:\/\/nitu.mx\/wp-content\/uploads\/2025\/11\/WhatsApp-Image-2025-11-03-at-11.58.52-AM.jpeg","width":1600,"height":1190},{"@type":"BreadcrumbList","@id":"https:\/\/nitu.mx\/index.php\/2025\/11\/04\/fundacion-lomas-impulsa-la-formacion-profesional-de-jovenes-en-el-caribe-mexicano\/#breadcrumb","itemListElement":[{"@type":"ListItem","position":1,"name":"Inicio","item":"https:\/\/nitu.mx\/"},{"@type":"ListItem","position":2,"name":"Fundaci\u00f3n Lomas impulsa la formaci\u00f3n profesional de j\u00f3venes en el Caribe Mexicano"}]},{"@type":"WebSite","@id":"https:\/\/nitu.mx\/#website","url":"https:\/\/nitu.mx\/","name":"Nitu - Noticias de la Industria Turistica","description":"Noticias de la Industria Turistica","publisher":{"@id":"https:\/\/nitu.mx\/#\/schema\/person\/ae7a53426417292d3dd07b45a33e01bc"},"alternateName":"Noticias de la Industria Turistica","potentialAction":[{"@type":"SearchAction","target":{"@type":"EntryPoint","urlTemplate":"https:\/\/nitu.mx\/?s={search_term_string}"},"query-input":"required name=search_term_string"}],"inLanguage":"es-MX"},{"@type":["Person","Organization"],"@id":"https:\/\/nitu.mx\/#\/schema\/person\/ae7a53426417292d3dd07b45a33e01bc","name":"Arturo Medina","image":{"@type":"ImageObject","inLanguage":"es-MX","@id":"https:\/\/nitu.mx\/#\/schema\/person\/image\/","url":"https:\/\/nitu.mx\/wp-content\/uploads\/2024\/04\/4A315622-1904-4D5C-B022-878CDC840E04-90x90-1.jpeg","contentUrl":"https:\/\/nitu.mx\/wp-content\/uploads\/2024\/04\/4A315622-1904-4D5C-B022-878CDC840E04-90x90-1.jpeg","width":90,"height":90,"caption":"Arturo Medina"},"logo":{"@id":"https:\/\/nitu.mx\/#\/schema\/person\/image\/"},"description":"Director NITU.mx, Egresado de la Escuela de Periodismo Carlos Septi\u00e9n Garc\u00eda. Periodista y analista especializado en turismo desde hace 35 a\u00f1os, radicado en Canc\u00fan Q.Roo. arturo@nitu.mx","sameAs":["https:\/\/nitu.mx","https:\/\/www.facebook.com\/NITUmx\/","medinacancun","https:\/\/twitter.com\/@Arturo_Medina_G"]},{"@type":"Person","@id":"https:\/\/nitu.mx\/#\/schema\/person\/2ecd887b19dfd3382d1f14fc5acf24a8","name":"Alejandra Moncisbays","image":{"@type":"ImageObject","inLanguage":"es-MX","@id":"https:\/\/nitu.mx\/#\/schema\/person\/image\/","url":"https:\/\/secure.gravatar.com\/avatar\/e74f7af0be172b7804dacfd0bfbef787?s=96&d=mm&r=g","contentUrl":"https:\/\/secure.gravatar.com\/avatar\/e74f7af0be172b7804dacfd0bfbef787?s=96&d=mm&r=g","caption":"Alejandra Moncisbays"},"description":"Curs\u00e9 la carrera de Periodismo y Comunicaci\u00f3n en la Facultad de Estudios Profesionales Acatl\u00e1n. Vivo en Canc\u00fan desde hace 24 a\u00f1os. Fui reportera de La Tarde de Canc\u00fan, y Novedades de Quintana Roo, colabor\u00e9 en TVCUN, edit\u00e9 Cancun\u00edssimo y colabor\u00e9 en las revistas Latitud21, entre otras, con principal enfoque en los sectores empresarial y tur\u00edstico. Desde hace varios a\u00f1os soy Agente de Seguros con c\u00e9dula de la Comisi\u00f3n Nacional de Seguros y Fianzas. Actualmente, me desarrollo en los \u00e1mbitos del periodismo y el sector asegurador.","sameAs":["https:\/\/nitu.mx"],"url":"https:\/\/nitu.mx\/index.php\/author\/alejandra\/"}]}},"views":942,"_links":{"self":[{"href":"https:\/\/nitu.mx\/index.php\/wp-json\/wp\/v2\/posts\/84318"}],"collection":[{"href":"https:\/\/nitu.mx\/index.php\/wp-json\/wp\/v2\/posts"}],"about":[{"href":"https:\/\/nitu.mx\/index.php\/wp-json\/wp\/v2\/types\/post"}],"author":[{"embeddable":true,"href":"https:\/\/nitu.mx\/index.php\/wp-json\/wp\/v2\/users\/3"}],"replies":[{"embeddable":true,"href":"https:\/\/nitu.mx\/index.php\/wp-json\/wp\/v2\/comments?post=84318"}],"version-history":[{"count":2,"href":"https:\/\/nitu.mx\/index.php\/wp-json\/wp\/v2\/posts\/84318\/revisions"}],"predecessor-version":[{"id":84333,"href":"https:\/\/nitu.mx\/index.php\/wp-json\/wp\/v2\/posts\/84318\/revisions\/84333"}],"wp:featuredmedia":[{"embeddable":true,"href":"https:\/\/nitu.mx\/index.php\/wp-json\/wp\/v2\/media\/84319"}],"wp:attachment":[{"href":"https:\/\/nitu.mx\/index.php\/wp-json\/wp\/v2\/media?parent=84318"}],"wp:term":[{"taxonomy":"category","embeddable":true,"href":"https:\/\/nitu.mx\/index.php\/wp-json\/wp\/v2\/categories?post=84318"},{"taxonomy":"post_tag","embeddable":true,"href":"https:\/\/nitu.mx\/index.php\/wp-json\/wp\/v2\/tags?post=84318"}],"curies":[{"name":"wp","href":"https:\/\/api.w.org\/{rel}","templated":true}]}}