{"id":84310,"date":"2025-11-03T20:36:30","date_gmt":"2025-11-04T02:36:30","guid":{"rendered":"https:\/\/nitu.mx\/?p=84310"},"modified":"2025-11-03T20:36:31","modified_gmt":"2025-11-04T02:36:31","slug":"viva-se-suma-a-esfuerzos-del-gobierno-de-nuevo-leon-para-apoyar-a-cuba-haiti-y-jamaica","status":"publish","type":"post","link":"https:\/\/nitu.mx\/index.php\/2025\/11\/03\/viva-se-suma-a-esfuerzos-del-gobierno-de-nuevo-leon-para-apoyar-a-cuba-haiti-y-jamaica\/","title":{"rendered":"Viva se suma a esfuerzos del Gobierno de Nuevo Le\u00f3n para apoyar a Cuba, Hait\u00ed y Jamaica"},"content":{"rendered":"\n<p>Viva se sum\u00f3 a los esfuerzos del Gobierno de Nuevo Le\u00f3n para apoyar a las comunidades afectadas por el hurac\u00e1n Melissa en Cuba, Hait\u00ed y Jamaica.<\/p>\n\n\n\n<p>Con el fin de hacer posible la entrega, el gobernador Samuel Garc\u00eda se puso en contacto con los embajadores de estos pa\u00edses para coordinar la ayuda. Dicha ayuda fue enviada este 1 de noviembre a las 15:35 hrs en el vuelo de Viva VB642 que cubre la ruta Monterrey \u2013 La Habana.<\/p>\n\n\n\n<p>Aproximadamente entre 2 y 3 toneladas de v\u00edveres fueron donados por miles de regiomontanos en diversos centros de acopio ubicados en puntos clave del estado. Al contar con una ruta directa a La Habana, Viva se convirti\u00f3 en el aliado perfecto para trasladar este apoyo de manera r\u00e1pida y eficiente.<\/p>\n\n\n\n<p>&#8220;Desde que recibimos el llamado, nuestro equipo se activ\u00f3 para sumarse a la causa. Hoy no solo estamos transportando v\u00edveres, estamos llevando esperanza a quienes m\u00e1s la necesitan. Porque nosotros estamos muy conscientes de que, en estos momentos<br>cr\u00edticos, es el deber de la industria aeron\u00e1utica conectar comunidades para enviar y recibir apoyo\u201d, agreg\u00f3 Jes\u00fas Horacio Gonz\u00e1lez, vicepresidente de Asuntos Corporativos de Viva.<\/p>\n\n\n\n<p>A lo largo de los a\u00f1os, Viva se ha solidarizado con las comunidades afectadas por diversos desastres naturales, transportando ayuda y aprovechando su red de conectividad para trasladar personal de apoyo. En 2023, la aerol\u00ednea fue de las primeras organizaciones en<br>sumarse al llamado para apoyar al puerto de Acapulco tras el paso del hurac\u00e1n Otis. (<a href=\"https:\/\/nitu.mx\/index.php\/2025\/11\/02\/viva-inicia-operaciones-de-la-ruta-monterrey-san-jose-costa-rica\/\">Viva inicia operaciones de la ruta Monterrey-San Jos\u00e9, Costa Rica<\/a>).<\/p>\n","protected":false},"excerpt":{"rendered":"<p>Viva se sum\u00f3 a los esfuerzos del Gobierno de Nuevo Le\u00f3n para apoyar a las comunidades afectadas por el hurac\u00e1n Melissa en Cuba, Hait\u00ed y Jamaica. Con el fin de hacer posible la entrega, el gobernador Samuel Garc\u00eda se puso en contacto con los embajadores de estos pa\u00edses para coordinar la ayuda. Dicha ayuda fue [&hellip;]<\/p>\n","protected":false},"author":17,"featured_media":84312,"comment_status":"closed","ping_status":"closed","sticky":false,"template":"","format":"standard","meta":{"footnotes":""},"categories":[29],"tags":[27794,850,27795,2628],"yoast_head":"<!-- This site is optimized with the Yoast SEO plugin v22.2 - https:\/\/yoast.com\/wordpress\/plugins\/seo\/ -->\n<title>Viva se suma a esfuerzos del Gobierno de Nuevo Le\u00f3n para apoyar a Cuba, Hait\u00ed y Jamaica - Nitu - Noticias de la Industria Turistica<\/title>\n<meta name=\"robots\" content=\"index, follow, max-snippet:-1, max-image-preview:large, max-video-preview:-1\" \/>\n<link rel=\"canonical\" href=\"https:\/\/nitu.mx\/index.php\/2025\/11\/03\/viva-se-suma-a-esfuerzos-del-gobierno-de-nuevo-leon-para-apoyar-a-cuba-haiti-y-jamaica\/\" \/>\n<meta name=\"twitter:card\" content=\"summary_large_image\" \/>\n<meta name=\"twitter:title\" content=\"Viva se suma a esfuerzos del Gobierno de Nuevo Le\u00f3n para apoyar a Cuba, Hait\u00ed y Jamaica - Nitu - Noticias de la Industria Turistica\" \/>\n<meta name=\"twitter:description\" content=\"Viva se sum\u00f3 a los esfuerzos del Gobierno de Nuevo Le\u00f3n para apoyar a las comunidades afectadas por el hurac\u00e1n Melissa en Cuba, Hait\u00ed y Jamaica. Con el fin de hacer posible la entrega, el gobernador Samuel Garc\u00eda se puso en contacto con los embajadores de estos pa\u00edses para coordinar la ayuda. Dicha ayuda fue [&hellip;]\" \/>\n<meta name=\"twitter:image\" content=\"https:\/\/nitu.mx\/wp-content\/uploads\/2025\/11\/Viva-apoyo-cuba-haii-Jamaica.jpg\" \/>\n<meta name=\"twitter:creator\" content=\"@NITUmx\" \/>\n<meta name=\"twitter:site\" content=\"@Arturo_Medina_G\" \/>\n<meta name=\"twitter:label1\" content=\"Escrito por\" \/>\n\t<meta name=\"twitter:data1\" content=\"Redacci\u00f3n\" \/>\n\t<meta name=\"twitter:label2\" content=\"Tiempo de lectura\" \/>\n\t<meta name=\"twitter:data2\" content=\"1 minuto\" \/>\n<script type=\"application\/ld+json\" class=\"yoast-schema-graph\">{\"@context\":\"https:\/\/schema.org\",\"@graph\":[{\"@type\":\"Article\",\"@id\":\"https:\/\/nitu.mx\/index.php\/2025\/11\/03\/viva-se-suma-a-esfuerzos-del-gobierno-de-nuevo-leon-para-apoyar-a-cuba-haiti-y-jamaica\/#article\",\"isPartOf\":{\"@id\":\"https:\/\/nitu.mx\/index.php\/2025\/11\/03\/viva-se-suma-a-esfuerzos-del-gobierno-de-nuevo-leon-para-apoyar-a-cuba-haiti-y-jamaica\/\"},\"author\":{\"name\":\"Redacci\u00f3n\",\"@id\":\"https:\/\/nitu.mx\/#\/schema\/person\/4a28fe9bd65924f7c90623773daf1b0b\"},\"headline\":\"Viva se suma a esfuerzos del Gobierno de Nuevo Le\u00f3n para apoyar a Cuba, Hait\u00ed y Jamaica\",\"datePublished\":\"2025-11-04T02:36:30+00:00\",\"dateModified\":\"2025-11-04T02:36:31+00:00\",\"mainEntityOfPage\":{\"@id\":\"https:\/\/nitu.mx\/index.php\/2025\/11\/03\/viva-se-suma-a-esfuerzos-del-gobierno-de-nuevo-leon-para-apoyar-a-cuba-haiti-y-jamaica\/\"},\"wordCount\":282,\"publisher\":{\"@id\":\"https:\/\/nitu.mx\/#\/schema\/person\/ae7a53426417292d3dd07b45a33e01bc\"},\"image\":{\"@id\":\"https:\/\/nitu.mx\/index.php\/2025\/11\/03\/viva-se-suma-a-esfuerzos-del-gobierno-de-nuevo-leon-para-apoyar-a-cuba-haiti-y-jamaica\/#primaryimage\"},\"thumbnailUrl\":\"https:\/\/nitu.mx\/wp-content\/uploads\/2025\/11\/Viva-apoyo-cuba-haii-Jamaica.jpg\",\"keywords\":[\"hurac\u00e1n Melissa\",\"Nuevo Le\u00f3n\",\"Samuel Garc\u00eda\",\"Viva\"],\"articleSection\":[\"Aerol\u00edneas\"],\"inLanguage\":\"es-MX\"},{\"@type\":\"WebPage\",\"@id\":\"https:\/\/nitu.mx\/index.php\/2025\/11\/03\/viva-se-suma-a-esfuerzos-del-gobierno-de-nuevo-leon-para-apoyar-a-cuba-haiti-y-jamaica\/\",\"url\":\"https:\/\/nitu.mx\/index.php\/2025\/11\/03\/viva-se-suma-a-esfuerzos-del-gobierno-de-nuevo-leon-para-apoyar-a-cuba-haiti-y-jamaica\/\",\"name\":\"Viva se suma a esfuerzos del Gobierno de Nuevo Le\u00f3n para apoyar a Cuba, Hait\u00ed y Jamaica - Nitu - Noticias de la Industria Turistica\",\"isPartOf\":{\"@id\":\"https:\/\/nitu.mx\/#website\"},\"primaryImageOfPage\":{\"@id\":\"https:\/\/nitu.mx\/index.php\/2025\/11\/03\/viva-se-suma-a-esfuerzos-del-gobierno-de-nuevo-leon-para-apoyar-a-cuba-haiti-y-jamaica\/#primaryimage\"},\"image\":{\"@id\":\"https:\/\/nitu.mx\/index.php\/2025\/11\/03\/viva-se-suma-a-esfuerzos-del-gobierno-de-nuevo-leon-para-apoyar-a-cuba-haiti-y-jamaica\/#primaryimage\"},\"thumbnailUrl\":\"https:\/\/nitu.mx\/wp-content\/uploads\/2025\/11\/Viva-apoyo-cuba-haii-Jamaica.jpg\",\"datePublished\":\"2025-11-04T02:36:30+00:00\",\"dateModified\":\"2025-11-04T02:36:31+00:00\",\"breadcrumb\":{\"@id\":\"https:\/\/nitu.mx\/index.php\/2025\/11\/03\/viva-se-suma-a-esfuerzos-del-gobierno-de-nuevo-leon-para-apoyar-a-cuba-haiti-y-jamaica\/#breadcrumb\"},\"inLanguage\":\"es-MX\",\"potentialAction\":[{\"@type\":\"ReadAction\",\"target\":[\"https:\/\/nitu.mx\/index.php\/2025\/11\/03\/viva-se-suma-a-esfuerzos-del-gobierno-de-nuevo-leon-para-apoyar-a-cuba-haiti-y-jamaica\/\"]}]},{\"@type\":\"ImageObject\",\"inLanguage\":\"es-MX\",\"@id\":\"https:\/\/nitu.mx\/index.php\/2025\/11\/03\/viva-se-suma-a-esfuerzos-del-gobierno-de-nuevo-leon-para-apoyar-a-cuba-haiti-y-jamaica\/#primaryimage\",\"url\":\"https:\/\/nitu.mx\/wp-content\/uploads\/2025\/11\/Viva-apoyo-cuba-haii-Jamaica.jpg\",\"contentUrl\":\"https:\/\/nitu.mx\/wp-content\/uploads\/2025\/11\/Viva-apoyo-cuba-haii-Jamaica.jpg\",\"width\":1200,\"height\":675,\"caption\":\"Viva apoyo cuba hait\u00ed Jamaica\"},{\"@type\":\"BreadcrumbList\",\"@id\":\"https:\/\/nitu.mx\/index.php\/2025\/11\/03\/viva-se-suma-a-esfuerzos-del-gobierno-de-nuevo-leon-para-apoyar-a-cuba-haiti-y-jamaica\/#breadcrumb\",\"itemListElement\":[{\"@type\":\"ListItem\",\"position\":1,\"name\":\"Inicio\",\"item\":\"https:\/\/nitu.mx\/\"},{\"@type\":\"ListItem\",\"position\":2,\"name\":\"Viva se suma a esfuerzos del Gobierno de Nuevo Le\u00f3n para apoyar a Cuba, Hait\u00ed y Jamaica\"}]},{\"@type\":\"WebSite\",\"@id\":\"https:\/\/nitu.mx\/#website\",\"url\":\"https:\/\/nitu.mx\/\",\"name\":\"Nitu - Noticias de la Industria Turistica\",\"description\":\"Noticias de la Industria Turistica\",\"publisher\":{\"@id\":\"https:\/\/nitu.mx\/#\/schema\/person\/ae7a53426417292d3dd07b45a33e01bc\"},\"alternateName\":\"Noticias de la Industria Turistica\",\"potentialAction\":[{\"@type\":\"SearchAction\",\"target\":{\"@type\":\"EntryPoint\",\"urlTemplate\":\"https:\/\/nitu.mx\/?s={search_term_string}\"},\"query-input\":\"required name=search_term_string\"}],\"inLanguage\":\"es-MX\"},{\"@type\":[\"Person\",\"Organization\"],\"@id\":\"https:\/\/nitu.mx\/#\/schema\/person\/ae7a53426417292d3dd07b45a33e01bc\",\"name\":\"Arturo Medina\",\"image\":{\"@type\":\"ImageObject\",\"inLanguage\":\"es-MX\",\"@id\":\"https:\/\/nitu.mx\/#\/schema\/person\/image\/\",\"url\":\"https:\/\/nitu.mx\/wp-content\/uploads\/2024\/04\/4A315622-1904-4D5C-B022-878CDC840E04-90x90-1.jpeg\",\"contentUrl\":\"https:\/\/nitu.mx\/wp-content\/uploads\/2024\/04\/4A315622-1904-4D5C-B022-878CDC840E04-90x90-1.jpeg\",\"width\":90,\"height\":90,\"caption\":\"Arturo Medina\"},\"logo\":{\"@id\":\"https:\/\/nitu.mx\/#\/schema\/person\/image\/\"},\"description\":\"Director NITU.mx, Egresado de la Escuela de Periodismo Carlos Septi\u00e9n Garc\u00eda. Periodista y analista especializado en turismo desde hace 35 a\u00f1os, radicado en Canc\u00fan Q.Roo. arturo@nitu.mx\",\"sameAs\":[\"https:\/\/nitu.mx\",\"https:\/\/www.facebook.com\/NITUmx\/\",\"medinacancun\",\"https:\/\/twitter.com\/@Arturo_Medina_G\"]},{\"@type\":\"Person\",\"@id\":\"https:\/\/nitu.mx\/#\/schema\/person\/4a28fe9bd65924f7c90623773daf1b0b\",\"name\":\"Redacci\u00f3n\",\"image\":{\"@type\":\"ImageObject\",\"inLanguage\":\"es-MX\",\"@id\":\"https:\/\/nitu.mx\/#\/schema\/person\/image\/\",\"url\":\"https:\/\/secure.gravatar.com\/avatar\/5dd011c8ccfc5cd7e4c81e42252aab38?s=96&d=mm&r=g\",\"contentUrl\":\"https:\/\/secure.gravatar.com\/avatar\/5dd011c8ccfc5cd7e4c81e42252aab38?s=96&d=mm&r=g\",\"caption\":\"Redacci\u00f3n\"},\"url\":\"https:\/\/nitu.mx\/index.php\/author\/redaccion\/\"}]}<\/script>\n<!-- \/ Yoast SEO plugin. -->","yoast_head_json":{"title":"Viva se suma a esfuerzos del Gobierno de Nuevo Le\u00f3n para apoyar a Cuba, Hait\u00ed y Jamaica - Nitu - Noticias de la Industria Turistica","robots":{"index":"index","follow":"follow","max-snippet":"max-snippet:-1","max-image-preview":"max-image-preview:large","max-video-preview":"max-video-preview:-1"},"canonical":"https:\/\/nitu.mx\/index.php\/2025\/11\/03\/viva-se-suma-a-esfuerzos-del-gobierno-de-nuevo-leon-para-apoyar-a-cuba-haiti-y-jamaica\/","twitter_card":"summary_large_image","twitter_title":"Viva se suma a esfuerzos del Gobierno de Nuevo Le\u00f3n para apoyar a Cuba, Hait\u00ed y Jamaica - Nitu - Noticias de la Industria Turistica","twitter_description":"Viva se sum\u00f3 a los esfuerzos del Gobierno de Nuevo Le\u00f3n para apoyar a las comunidades afectadas por el hurac\u00e1n Melissa en Cuba, Hait\u00ed y Jamaica. Con el fin de hacer posible la entrega, el gobernador Samuel Garc\u00eda se puso en contacto con los embajadores de estos pa\u00edses para coordinar la ayuda. Dicha ayuda fue [&hellip;]","twitter_image":"https:\/\/nitu.mx\/wp-content\/uploads\/2025\/11\/Viva-apoyo-cuba-haii-Jamaica.jpg","twitter_creator":"@NITUmx","twitter_site":"@Arturo_Medina_G","twitter_misc":{"Escrito por":"Redacci\u00f3n","Tiempo de lectura":"1 minuto"},"schema":{"@context":"https:\/\/schema.org","@graph":[{"@type":"Article","@id":"https:\/\/nitu.mx\/index.php\/2025\/11\/03\/viva-se-suma-a-esfuerzos-del-gobierno-de-nuevo-leon-para-apoyar-a-cuba-haiti-y-jamaica\/#article","isPartOf":{"@id":"https:\/\/nitu.mx\/index.php\/2025\/11\/03\/viva-se-suma-a-esfuerzos-del-gobierno-de-nuevo-leon-para-apoyar-a-cuba-haiti-y-jamaica\/"},"author":{"name":"Redacci\u00f3n","@id":"https:\/\/nitu.mx\/#\/schema\/person\/4a28fe9bd65924f7c90623773daf1b0b"},"headline":"Viva se suma a esfuerzos del Gobierno de Nuevo Le\u00f3n para apoyar a Cuba, Hait\u00ed y Jamaica","datePublished":"2025-11-04T02:36:30+00:00","dateModified":"2025-11-04T02:36:31+00:00","mainEntityOfPage":{"@id":"https:\/\/nitu.mx\/index.php\/2025\/11\/03\/viva-se-suma-a-esfuerzos-del-gobierno-de-nuevo-leon-para-apoyar-a-cuba-haiti-y-jamaica\/"},"wordCount":282,"publisher":{"@id":"https:\/\/nitu.mx\/#\/schema\/person\/ae7a53426417292d3dd07b45a33e01bc"},"image":{"@id":"https:\/\/nitu.mx\/index.php\/2025\/11\/03\/viva-se-suma-a-esfuerzos-del-gobierno-de-nuevo-leon-para-apoyar-a-cuba-haiti-y-jamaica\/#primaryimage"},"thumbnailUrl":"https:\/\/nitu.mx\/wp-content\/uploads\/2025\/11\/Viva-apoyo-cuba-haii-Jamaica.jpg","keywords":["hurac\u00e1n Melissa","Nuevo Le\u00f3n","Samuel Garc\u00eda","Viva"],"articleSection":["Aerol\u00edneas"],"inLanguage":"es-MX"},{"@type":"WebPage","@id":"https:\/\/nitu.mx\/index.php\/2025\/11\/03\/viva-se-suma-a-esfuerzos-del-gobierno-de-nuevo-leon-para-apoyar-a-cuba-haiti-y-jamaica\/","url":"https:\/\/nitu.mx\/index.php\/2025\/11\/03\/viva-se-suma-a-esfuerzos-del-gobierno-de-nuevo-leon-para-apoyar-a-cuba-haiti-y-jamaica\/","name":"Viva se suma a esfuerzos del Gobierno de Nuevo Le\u00f3n para apoyar a Cuba, Hait\u00ed y Jamaica - Nitu - Noticias de la Industria Turistica","isPartOf":{"@id":"https:\/\/nitu.mx\/#website"},"primaryImageOfPage":{"@id":"https:\/\/nitu.mx\/index.php\/2025\/11\/03\/viva-se-suma-a-esfuerzos-del-gobierno-de-nuevo-leon-para-apoyar-a-cuba-haiti-y-jamaica\/#primaryimage"},"image":{"@id":"https:\/\/nitu.mx\/index.php\/2025\/11\/03\/viva-se-suma-a-esfuerzos-del-gobierno-de-nuevo-leon-para-apoyar-a-cuba-haiti-y-jamaica\/#primaryimage"},"thumbnailUrl":"https:\/\/nitu.mx\/wp-content\/uploads\/2025\/11\/Viva-apoyo-cuba-haii-Jamaica.jpg","datePublished":"2025-11-04T02:36:30+00:00","dateModified":"2025-11-04T02:36:31+00:00","breadcrumb":{"@id":"https:\/\/nitu.mx\/index.php\/2025\/11\/03\/viva-se-suma-a-esfuerzos-del-gobierno-de-nuevo-leon-para-apoyar-a-cuba-haiti-y-jamaica\/#breadcrumb"},"inLanguage":"es-MX","potentialAction":[{"@type":"ReadAction","target":["https:\/\/nitu.mx\/index.php\/2025\/11\/03\/viva-se-suma-a-esfuerzos-del-gobierno-de-nuevo-leon-para-apoyar-a-cuba-haiti-y-jamaica\/"]}]},{"@type":"ImageObject","inLanguage":"es-MX","@id":"https:\/\/nitu.mx\/index.php\/2025\/11\/03\/viva-se-suma-a-esfuerzos-del-gobierno-de-nuevo-leon-para-apoyar-a-cuba-haiti-y-jamaica\/#primaryimage","url":"https:\/\/nitu.mx\/wp-content\/uploads\/2025\/11\/Viva-apoyo-cuba-haii-Jamaica.jpg","contentUrl":"https:\/\/nitu.mx\/wp-content\/uploads\/2025\/11\/Viva-apoyo-cuba-haii-Jamaica.jpg","width":1200,"height":675,"caption":"Viva apoyo cuba hait\u00ed Jamaica"},{"@type":"BreadcrumbList","@id":"https:\/\/nitu.mx\/index.php\/2025\/11\/03\/viva-se-suma-a-esfuerzos-del-gobierno-de-nuevo-leon-para-apoyar-a-cuba-haiti-y-jamaica\/#breadcrumb","itemListElement":[{"@type":"ListItem","position":1,"name":"Inicio","item":"https:\/\/nitu.mx\/"},{"@type":"ListItem","position":2,"name":"Viva se suma a esfuerzos del Gobierno de Nuevo Le\u00f3n para apoyar a Cuba, Hait\u00ed y Jamaica"}]},{"@type":"WebSite","@id":"https:\/\/nitu.mx\/#website","url":"https:\/\/nitu.mx\/","name":"Nitu - Noticias de la Industria Turistica","description":"Noticias de la Industria Turistica","publisher":{"@id":"https:\/\/nitu.mx\/#\/schema\/person\/ae7a53426417292d3dd07b45a33e01bc"},"alternateName":"Noticias de la Industria Turistica","potentialAction":[{"@type":"SearchAction","target":{"@type":"EntryPoint","urlTemplate":"https:\/\/nitu.mx\/?s={search_term_string}"},"query-input":"required name=search_term_string"}],"inLanguage":"es-MX"},{"@type":["Person","Organization"],"@id":"https:\/\/nitu.mx\/#\/schema\/person\/ae7a53426417292d3dd07b45a33e01bc","name":"Arturo Medina","image":{"@type":"ImageObject","inLanguage":"es-MX","@id":"https:\/\/nitu.mx\/#\/schema\/person\/image\/","url":"https:\/\/nitu.mx\/wp-content\/uploads\/2024\/04\/4A315622-1904-4D5C-B022-878CDC840E04-90x90-1.jpeg","contentUrl":"https:\/\/nitu.mx\/wp-content\/uploads\/2024\/04\/4A315622-1904-4D5C-B022-878CDC840E04-90x90-1.jpeg","width":90,"height":90,"caption":"Arturo Medina"},"logo":{"@id":"https:\/\/nitu.mx\/#\/schema\/person\/image\/"},"description":"Director NITU.mx, Egresado de la Escuela de Periodismo Carlos Septi\u00e9n Garc\u00eda. Periodista y analista especializado en turismo desde hace 35 a\u00f1os, radicado en Canc\u00fan Q.Roo. arturo@nitu.mx","sameAs":["https:\/\/nitu.mx","https:\/\/www.facebook.com\/NITUmx\/","medinacancun","https:\/\/twitter.com\/@Arturo_Medina_G"]},{"@type":"Person","@id":"https:\/\/nitu.mx\/#\/schema\/person\/4a28fe9bd65924f7c90623773daf1b0b","name":"Redacci\u00f3n","image":{"@type":"ImageObject","inLanguage":"es-MX","@id":"https:\/\/nitu.mx\/#\/schema\/person\/image\/","url":"https:\/\/secure.gravatar.com\/avatar\/5dd011c8ccfc5cd7e4c81e42252aab38?s=96&d=mm&r=g","contentUrl":"https:\/\/secure.gravatar.com\/avatar\/5dd011c8ccfc5cd7e4c81e42252aab38?s=96&d=mm&r=g","caption":"Redacci\u00f3n"},"url":"https:\/\/nitu.mx\/index.php\/author\/redaccion\/"}]}},"views":364,"_links":{"self":[{"href":"https:\/\/nitu.mx\/index.php\/wp-json\/wp\/v2\/posts\/84310"}],"collection":[{"href":"https:\/\/nitu.mx\/index.php\/wp-json\/wp\/v2\/posts"}],"about":[{"href":"https:\/\/nitu.mx\/index.php\/wp-json\/wp\/v2\/types\/post"}],"author":[{"embeddable":true,"href":"https:\/\/nitu.mx\/index.php\/wp-json\/wp\/v2\/users\/17"}],"replies":[{"embeddable":true,"href":"https:\/\/nitu.mx\/index.php\/wp-json\/wp\/v2\/comments?post=84310"}],"version-history":[{"count":1,"href":"https:\/\/nitu.mx\/index.php\/wp-json\/wp\/v2\/posts\/84310\/revisions"}],"predecessor-version":[{"id":84313,"href":"https:\/\/nitu.mx\/index.php\/wp-json\/wp\/v2\/posts\/84310\/revisions\/84313"}],"wp:featuredmedia":[{"embeddable":true,"href":"https:\/\/nitu.mx\/index.php\/wp-json\/wp\/v2\/media\/84312"}],"wp:attachment":[{"href":"https:\/\/nitu.mx\/index.php\/wp-json\/wp\/v2\/media?parent=84310"}],"wp:term":[{"taxonomy":"category","embeddable":true,"href":"https:\/\/nitu.mx\/index.php\/wp-json\/wp\/v2\/categories?post=84310"},{"taxonomy":"post_tag","embeddable":true,"href":"https:\/\/nitu.mx\/index.php\/wp-json\/wp\/v2\/tags?post=84310"}],"curies":[{"name":"wp","href":"https:\/\/api.w.org\/{rel}","templated":true}]}}