{"id":84302,"date":"2025-11-03T20:17:42","date_gmt":"2025-11-04T02:17:42","guid":{"rendered":"https:\/\/nitu.mx\/?p=84302"},"modified":"2025-11-03T20:17:42","modified_gmt":"2025-11-04T02:17:42","slug":"volaris-inicia-su-nueva-ruta-guadalajara-ixtapa-zihuatanejo","status":"publish","type":"post","link":"https:\/\/nitu.mx\/index.php\/2025\/11\/03\/volaris-inicia-su-nueva-ruta-guadalajara-ixtapa-zihuatanejo\/","title":{"rendered":"Volaris inicia su nueva ruta Guadalajara- Ixtapa Zihuatanejo"},"content":{"rendered":"\n<p>Volaris, la aerol\u00ednea mexicana de ultra bajo costo que opera en M\u00e9xico, Estados Unidos, Centro y Sudam\u00e9rica, celebr\u00f3 el inicio de operaciones de su nueva ruta Guadalajara-Zihuatanejo, la cual operar\u00e1 cuatro veces por semana: lunes, mi\u00e9rcoles, viernes y domingo, facilitando viajes de negocios y placer con mayor frecuencia y comodidad.<\/p>\n\n\n\n<p>Guadalajara es uno de los principales hubs o centro operativo de la aerol\u00ednea mexicana l\u00edder en pasajeros transportados, y uno de los destinos de negocios clave en M\u00e9xico por su constante crecimiento. <\/p>\n\n\n\n<p>En la capital de Jalisco, Volaris cuenta con el mayor n\u00famero de destinos internacionales, con 23 rutas, de las cuales 21 conectan con ciudades en los Estados Unidos, adem\u00e1s de San Jos\u00e9, Costa Rica y Bogot\u00e1, Colombia. Con esta nueva conexi\u00f3n, los zihuatanejenses tendr\u00e1n m\u00e1s opciones para conectar con destinos de negocios, estudio o para visitar amigos y familiares.<\/p>\n\n\n\n<p>\u201cPara nuestra aerol\u00ednea, volar es un detonador de progreso. Al conectar a personas y lugares estimulamos las econom\u00edas locales, fomentamos el desarrollo regional, ayudamos a las peque\u00f1as y medianas empresas a crecer y llevamos mayor bienestar a las familias. Hoy, en Volaris no sumamos al proyecto de Zihuatanejo para seguir construyendo un futuro y una ciudad para todos&#8221;, dijo Jorge Roberto Garc\u00eda Rojas, director de Distribuci\u00f3n, Desarrollo de Mercados y Cargo de Volaris.<\/p>\n\n\n\n<p>Desde que inici\u00f3 operaciones en Zihuatanejo en 2016, Volaris ha transportado a m\u00e1s de 900 mil clientes a trav\u00e9s de las 4 rutas que opera actualmente hacia la Ciudad de M\u00e9xico, Morelia, Quer\u00e9taro y Tijuana, a las cuales hoy se suma Guadalajara.<\/p>\n\n\n\n<p>Volaris es la aerol\u00ednea que m\u00e1s pasajeros transporta dentro de M\u00e9xico. El a\u00f1o pasado movi\u00f3 m\u00e1s de 29 millones de pasajeros, lo que la consolida como la aerol\u00ednea m\u00e1s grande del pa\u00eds en volumen de pasajeros. Actualmente opera 225 rutas, 128 nacionales y 97 internacionales. (<a href=\"https:\/\/nitu.mx\/index.php\/2025\/11\/02\/operaciones-de-volaris-hacia-ee-uu-continuan-con-normalidad-y-crecimiento-proyectado\/\">Operaciones de Volaris hacia EE. UU. contin\u00faan con normalidad y crecimiento proyectado<\/a>).<\/p>\n","protected":false},"excerpt":{"rendered":"<p>Volaris, la aerol\u00ednea mexicana de ultra bajo costo que opera en M\u00e9xico, Estados Unidos, Centro y Sudam\u00e9rica, celebr\u00f3 el inicio de operaciones de su nueva ruta Guadalajara-Zihuatanejo, la cual operar\u00e1 cuatro veces por semana: lunes, mi\u00e9rcoles, viernes y domingo, facilitando viajes de negocios y placer con mayor frecuencia y comodidad. Guadalajara es uno de los [&hellip;]<\/p>\n","protected":false},"author":17,"featured_media":84305,"comment_status":"closed","ping_status":"closed","sticky":false,"template":"","format":"standard","meta":{"footnotes":""},"categories":[29],"tags":[490,214,27095,131],"yoast_head":"<!-- This site is optimized with the Yoast SEO plugin v22.2 - https:\/\/yoast.com\/wordpress\/plugins\/seo\/ -->\n<title>Volaris inicia su nueva ruta Guadalajara- Ixtapa Zihuatanejo - Nitu - Noticias de la Industria Turistica<\/title>\n<meta name=\"robots\" content=\"index, follow, max-snippet:-1, max-image-preview:large, max-video-preview:-1\" \/>\n<link rel=\"canonical\" href=\"https:\/\/nitu.mx\/index.php\/2025\/11\/03\/volaris-inicia-su-nueva-ruta-guadalajara-ixtapa-zihuatanejo\/\" \/>\n<meta name=\"twitter:card\" content=\"summary_large_image\" \/>\n<meta name=\"twitter:title\" content=\"Volaris inicia su nueva ruta Guadalajara- Ixtapa Zihuatanejo - Nitu - Noticias de la Industria Turistica\" \/>\n<meta name=\"twitter:description\" content=\"Volaris, la aerol\u00ednea mexicana de ultra bajo costo que opera en M\u00e9xico, Estados Unidos, Centro y Sudam\u00e9rica, celebr\u00f3 el inicio de operaciones de su nueva ruta Guadalajara-Zihuatanejo, la cual operar\u00e1 cuatro veces por semana: lunes, mi\u00e9rcoles, viernes y domingo, facilitando viajes de negocios y placer con mayor frecuencia y comodidad. Guadalajara es uno de los [&hellip;]\" \/>\n<meta name=\"twitter:image\" content=\"https:\/\/nitu.mx\/wp-content\/uploads\/2025\/11\/Volaris-ruta-Guadalajara-Zihuatanejo-inicio.jpg\" \/>\n<meta name=\"twitter:creator\" content=\"@NITUmx\" \/>\n<meta name=\"twitter:site\" content=\"@Arturo_Medina_G\" \/>\n<meta name=\"twitter:label1\" content=\"Escrito por\" \/>\n\t<meta name=\"twitter:data1\" content=\"Redacci\u00f3n\" \/>\n\t<meta name=\"twitter:label2\" content=\"Tiempo de lectura\" \/>\n\t<meta name=\"twitter:data2\" content=\"2 minutos\" \/>\n<script type=\"application\/ld+json\" class=\"yoast-schema-graph\">{\"@context\":\"https:\/\/schema.org\",\"@graph\":[{\"@type\":\"Article\",\"@id\":\"https:\/\/nitu.mx\/index.php\/2025\/11\/03\/volaris-inicia-su-nueva-ruta-guadalajara-ixtapa-zihuatanejo\/#article\",\"isPartOf\":{\"@id\":\"https:\/\/nitu.mx\/index.php\/2025\/11\/03\/volaris-inicia-su-nueva-ruta-guadalajara-ixtapa-zihuatanejo\/\"},\"author\":{\"name\":\"Redacci\u00f3n\",\"@id\":\"https:\/\/nitu.mx\/#\/schema\/person\/4a28fe9bd65924f7c90623773daf1b0b\"},\"headline\":\"Volaris inicia su nueva ruta Guadalajara- Ixtapa Zihuatanejo\",\"datePublished\":\"2025-11-04T02:17:42+00:00\",\"dateModified\":\"2025-11-04T02:17:42+00:00\",\"mainEntityOfPage\":{\"@id\":\"https:\/\/nitu.mx\/index.php\/2025\/11\/03\/volaris-inicia-su-nueva-ruta-guadalajara-ixtapa-zihuatanejo\/\"},\"wordCount\":342,\"publisher\":{\"@id\":\"https:\/\/nitu.mx\/#\/schema\/person\/ae7a53426417292d3dd07b45a33e01bc\"},\"image\":{\"@id\":\"https:\/\/nitu.mx\/index.php\/2025\/11\/03\/volaris-inicia-su-nueva-ruta-guadalajara-ixtapa-zihuatanejo\/#primaryimage\"},\"thumbnailUrl\":\"https:\/\/nitu.mx\/wp-content\/uploads\/2025\/11\/Volaris-ruta-Guadalajara-Zihuatanejo-inicio.jpg\",\"keywords\":[\"Guadalajara\",\"Ixtapa Zihuatanejo\",\"Jorge Garc\u00eda\",\"Volaris\"],\"articleSection\":[\"Aerol\u00edneas\"],\"inLanguage\":\"es-MX\"},{\"@type\":\"WebPage\",\"@id\":\"https:\/\/nitu.mx\/index.php\/2025\/11\/03\/volaris-inicia-su-nueva-ruta-guadalajara-ixtapa-zihuatanejo\/\",\"url\":\"https:\/\/nitu.mx\/index.php\/2025\/11\/03\/volaris-inicia-su-nueva-ruta-guadalajara-ixtapa-zihuatanejo\/\",\"name\":\"Volaris inicia su nueva ruta Guadalajara- Ixtapa Zihuatanejo - Nitu - Noticias de la Industria Turistica\",\"isPartOf\":{\"@id\":\"https:\/\/nitu.mx\/#website\"},\"primaryImageOfPage\":{\"@id\":\"https:\/\/nitu.mx\/index.php\/2025\/11\/03\/volaris-inicia-su-nueva-ruta-guadalajara-ixtapa-zihuatanejo\/#primaryimage\"},\"image\":{\"@id\":\"https:\/\/nitu.mx\/index.php\/2025\/11\/03\/volaris-inicia-su-nueva-ruta-guadalajara-ixtapa-zihuatanejo\/#primaryimage\"},\"thumbnailUrl\":\"https:\/\/nitu.mx\/wp-content\/uploads\/2025\/11\/Volaris-ruta-Guadalajara-Zihuatanejo-inicio.jpg\",\"datePublished\":\"2025-11-04T02:17:42+00:00\",\"dateModified\":\"2025-11-04T02:17:42+00:00\",\"breadcrumb\":{\"@id\":\"https:\/\/nitu.mx\/index.php\/2025\/11\/03\/volaris-inicia-su-nueva-ruta-guadalajara-ixtapa-zihuatanejo\/#breadcrumb\"},\"inLanguage\":\"es-MX\",\"potentialAction\":[{\"@type\":\"ReadAction\",\"target\":[\"https:\/\/nitu.mx\/index.php\/2025\/11\/03\/volaris-inicia-su-nueva-ruta-guadalajara-ixtapa-zihuatanejo\/\"]}]},{\"@type\":\"ImageObject\",\"inLanguage\":\"es-MX\",\"@id\":\"https:\/\/nitu.mx\/index.php\/2025\/11\/03\/volaris-inicia-su-nueva-ruta-guadalajara-ixtapa-zihuatanejo\/#primaryimage\",\"url\":\"https:\/\/nitu.mx\/wp-content\/uploads\/2025\/11\/Volaris-ruta-Guadalajara-Zihuatanejo-inicio.jpg\",\"contentUrl\":\"https:\/\/nitu.mx\/wp-content\/uploads\/2025\/11\/Volaris-ruta-Guadalajara-Zihuatanejo-inicio.jpg\",\"width\":1200,\"height\":675,\"caption\":\"Volaris ruta Guadalajara-Zihuatanejo inicio\"},{\"@type\":\"BreadcrumbList\",\"@id\":\"https:\/\/nitu.mx\/index.php\/2025\/11\/03\/volaris-inicia-su-nueva-ruta-guadalajara-ixtapa-zihuatanejo\/#breadcrumb\",\"itemListElement\":[{\"@type\":\"ListItem\",\"position\":1,\"name\":\"Inicio\",\"item\":\"https:\/\/nitu.mx\/\"},{\"@type\":\"ListItem\",\"position\":2,\"name\":\"Volaris inicia su nueva ruta Guadalajara- Ixtapa Zihuatanejo\"}]},{\"@type\":\"WebSite\",\"@id\":\"https:\/\/nitu.mx\/#website\",\"url\":\"https:\/\/nitu.mx\/\",\"name\":\"Nitu - Noticias de la Industria Turistica\",\"description\":\"Noticias de la Industria Turistica\",\"publisher\":{\"@id\":\"https:\/\/nitu.mx\/#\/schema\/person\/ae7a53426417292d3dd07b45a33e01bc\"},\"alternateName\":\"Noticias de la Industria Turistica\",\"potentialAction\":[{\"@type\":\"SearchAction\",\"target\":{\"@type\":\"EntryPoint\",\"urlTemplate\":\"https:\/\/nitu.mx\/?s={search_term_string}\"},\"query-input\":\"required name=search_term_string\"}],\"inLanguage\":\"es-MX\"},{\"@type\":[\"Person\",\"Organization\"],\"@id\":\"https:\/\/nitu.mx\/#\/schema\/person\/ae7a53426417292d3dd07b45a33e01bc\",\"name\":\"Arturo Medina\",\"image\":{\"@type\":\"ImageObject\",\"inLanguage\":\"es-MX\",\"@id\":\"https:\/\/nitu.mx\/#\/schema\/person\/image\/\",\"url\":\"https:\/\/nitu.mx\/wp-content\/uploads\/2024\/04\/4A315622-1904-4D5C-B022-878CDC840E04-90x90-1.jpeg\",\"contentUrl\":\"https:\/\/nitu.mx\/wp-content\/uploads\/2024\/04\/4A315622-1904-4D5C-B022-878CDC840E04-90x90-1.jpeg\",\"width\":90,\"height\":90,\"caption\":\"Arturo Medina\"},\"logo\":{\"@id\":\"https:\/\/nitu.mx\/#\/schema\/person\/image\/\"},\"description\":\"Director NITU.mx, Egresado de la Escuela de Periodismo Carlos Septi\u00e9n Garc\u00eda. Periodista y analista especializado en turismo desde hace 35 a\u00f1os, radicado en Canc\u00fan Q.Roo. arturo@nitu.mx\",\"sameAs\":[\"https:\/\/nitu.mx\",\"https:\/\/www.facebook.com\/NITUmx\/\",\"medinacancun\",\"https:\/\/twitter.com\/@Arturo_Medina_G\"]},{\"@type\":\"Person\",\"@id\":\"https:\/\/nitu.mx\/#\/schema\/person\/4a28fe9bd65924f7c90623773daf1b0b\",\"name\":\"Redacci\u00f3n\",\"image\":{\"@type\":\"ImageObject\",\"inLanguage\":\"es-MX\",\"@id\":\"https:\/\/nitu.mx\/#\/schema\/person\/image\/\",\"url\":\"https:\/\/secure.gravatar.com\/avatar\/5dd011c8ccfc5cd7e4c81e42252aab38?s=96&d=mm&r=g\",\"contentUrl\":\"https:\/\/secure.gravatar.com\/avatar\/5dd011c8ccfc5cd7e4c81e42252aab38?s=96&d=mm&r=g\",\"caption\":\"Redacci\u00f3n\"},\"url\":\"https:\/\/nitu.mx\/index.php\/author\/redaccion\/\"}]}<\/script>\n<!-- \/ Yoast SEO plugin. -->","yoast_head_json":{"title":"Volaris inicia su nueva ruta Guadalajara- Ixtapa Zihuatanejo - Nitu - Noticias de la Industria Turistica","robots":{"index":"index","follow":"follow","max-snippet":"max-snippet:-1","max-image-preview":"max-image-preview:large","max-video-preview":"max-video-preview:-1"},"canonical":"https:\/\/nitu.mx\/index.php\/2025\/11\/03\/volaris-inicia-su-nueva-ruta-guadalajara-ixtapa-zihuatanejo\/","twitter_card":"summary_large_image","twitter_title":"Volaris inicia su nueva ruta Guadalajara- Ixtapa Zihuatanejo - Nitu - Noticias de la Industria Turistica","twitter_description":"Volaris, la aerol\u00ednea mexicana de ultra bajo costo que opera en M\u00e9xico, Estados Unidos, Centro y Sudam\u00e9rica, celebr\u00f3 el inicio de operaciones de su nueva ruta Guadalajara-Zihuatanejo, la cual operar\u00e1 cuatro veces por semana: lunes, mi\u00e9rcoles, viernes y domingo, facilitando viajes de negocios y placer con mayor frecuencia y comodidad. Guadalajara es uno de los [&hellip;]","twitter_image":"https:\/\/nitu.mx\/wp-content\/uploads\/2025\/11\/Volaris-ruta-Guadalajara-Zihuatanejo-inicio.jpg","twitter_creator":"@NITUmx","twitter_site":"@Arturo_Medina_G","twitter_misc":{"Escrito por":"Redacci\u00f3n","Tiempo de lectura":"2 minutos"},"schema":{"@context":"https:\/\/schema.org","@graph":[{"@type":"Article","@id":"https:\/\/nitu.mx\/index.php\/2025\/11\/03\/volaris-inicia-su-nueva-ruta-guadalajara-ixtapa-zihuatanejo\/#article","isPartOf":{"@id":"https:\/\/nitu.mx\/index.php\/2025\/11\/03\/volaris-inicia-su-nueva-ruta-guadalajara-ixtapa-zihuatanejo\/"},"author":{"name":"Redacci\u00f3n","@id":"https:\/\/nitu.mx\/#\/schema\/person\/4a28fe9bd65924f7c90623773daf1b0b"},"headline":"Volaris inicia su nueva ruta Guadalajara- Ixtapa Zihuatanejo","datePublished":"2025-11-04T02:17:42+00:00","dateModified":"2025-11-04T02:17:42+00:00","mainEntityOfPage":{"@id":"https:\/\/nitu.mx\/index.php\/2025\/11\/03\/volaris-inicia-su-nueva-ruta-guadalajara-ixtapa-zihuatanejo\/"},"wordCount":342,"publisher":{"@id":"https:\/\/nitu.mx\/#\/schema\/person\/ae7a53426417292d3dd07b45a33e01bc"},"image":{"@id":"https:\/\/nitu.mx\/index.php\/2025\/11\/03\/volaris-inicia-su-nueva-ruta-guadalajara-ixtapa-zihuatanejo\/#primaryimage"},"thumbnailUrl":"https:\/\/nitu.mx\/wp-content\/uploads\/2025\/11\/Volaris-ruta-Guadalajara-Zihuatanejo-inicio.jpg","keywords":["Guadalajara","Ixtapa Zihuatanejo","Jorge Garc\u00eda","Volaris"],"articleSection":["Aerol\u00edneas"],"inLanguage":"es-MX"},{"@type":"WebPage","@id":"https:\/\/nitu.mx\/index.php\/2025\/11\/03\/volaris-inicia-su-nueva-ruta-guadalajara-ixtapa-zihuatanejo\/","url":"https:\/\/nitu.mx\/index.php\/2025\/11\/03\/volaris-inicia-su-nueva-ruta-guadalajara-ixtapa-zihuatanejo\/","name":"Volaris inicia su nueva ruta Guadalajara- Ixtapa Zihuatanejo - Nitu - Noticias de la Industria Turistica","isPartOf":{"@id":"https:\/\/nitu.mx\/#website"},"primaryImageOfPage":{"@id":"https:\/\/nitu.mx\/index.php\/2025\/11\/03\/volaris-inicia-su-nueva-ruta-guadalajara-ixtapa-zihuatanejo\/#primaryimage"},"image":{"@id":"https:\/\/nitu.mx\/index.php\/2025\/11\/03\/volaris-inicia-su-nueva-ruta-guadalajara-ixtapa-zihuatanejo\/#primaryimage"},"thumbnailUrl":"https:\/\/nitu.mx\/wp-content\/uploads\/2025\/11\/Volaris-ruta-Guadalajara-Zihuatanejo-inicio.jpg","datePublished":"2025-11-04T02:17:42+00:00","dateModified":"2025-11-04T02:17:42+00:00","breadcrumb":{"@id":"https:\/\/nitu.mx\/index.php\/2025\/11\/03\/volaris-inicia-su-nueva-ruta-guadalajara-ixtapa-zihuatanejo\/#breadcrumb"},"inLanguage":"es-MX","potentialAction":[{"@type":"ReadAction","target":["https:\/\/nitu.mx\/index.php\/2025\/11\/03\/volaris-inicia-su-nueva-ruta-guadalajara-ixtapa-zihuatanejo\/"]}]},{"@type":"ImageObject","inLanguage":"es-MX","@id":"https:\/\/nitu.mx\/index.php\/2025\/11\/03\/volaris-inicia-su-nueva-ruta-guadalajara-ixtapa-zihuatanejo\/#primaryimage","url":"https:\/\/nitu.mx\/wp-content\/uploads\/2025\/11\/Volaris-ruta-Guadalajara-Zihuatanejo-inicio.jpg","contentUrl":"https:\/\/nitu.mx\/wp-content\/uploads\/2025\/11\/Volaris-ruta-Guadalajara-Zihuatanejo-inicio.jpg","width":1200,"height":675,"caption":"Volaris ruta Guadalajara-Zihuatanejo inicio"},{"@type":"BreadcrumbList","@id":"https:\/\/nitu.mx\/index.php\/2025\/11\/03\/volaris-inicia-su-nueva-ruta-guadalajara-ixtapa-zihuatanejo\/#breadcrumb","itemListElement":[{"@type":"ListItem","position":1,"name":"Inicio","item":"https:\/\/nitu.mx\/"},{"@type":"ListItem","position":2,"name":"Volaris inicia su nueva ruta Guadalajara- Ixtapa Zihuatanejo"}]},{"@type":"WebSite","@id":"https:\/\/nitu.mx\/#website","url":"https:\/\/nitu.mx\/","name":"Nitu - Noticias de la Industria Turistica","description":"Noticias de la Industria Turistica","publisher":{"@id":"https:\/\/nitu.mx\/#\/schema\/person\/ae7a53426417292d3dd07b45a33e01bc"},"alternateName":"Noticias de la Industria Turistica","potentialAction":[{"@type":"SearchAction","target":{"@type":"EntryPoint","urlTemplate":"https:\/\/nitu.mx\/?s={search_term_string}"},"query-input":"required name=search_term_string"}],"inLanguage":"es-MX"},{"@type":["Person","Organization"],"@id":"https:\/\/nitu.mx\/#\/schema\/person\/ae7a53426417292d3dd07b45a33e01bc","name":"Arturo Medina","image":{"@type":"ImageObject","inLanguage":"es-MX","@id":"https:\/\/nitu.mx\/#\/schema\/person\/image\/","url":"https:\/\/nitu.mx\/wp-content\/uploads\/2024\/04\/4A315622-1904-4D5C-B022-878CDC840E04-90x90-1.jpeg","contentUrl":"https:\/\/nitu.mx\/wp-content\/uploads\/2024\/04\/4A315622-1904-4D5C-B022-878CDC840E04-90x90-1.jpeg","width":90,"height":90,"caption":"Arturo Medina"},"logo":{"@id":"https:\/\/nitu.mx\/#\/schema\/person\/image\/"},"description":"Director NITU.mx, Egresado de la Escuela de Periodismo Carlos Septi\u00e9n Garc\u00eda. Periodista y analista especializado en turismo desde hace 35 a\u00f1os, radicado en Canc\u00fan Q.Roo. arturo@nitu.mx","sameAs":["https:\/\/nitu.mx","https:\/\/www.facebook.com\/NITUmx\/","medinacancun","https:\/\/twitter.com\/@Arturo_Medina_G"]},{"@type":"Person","@id":"https:\/\/nitu.mx\/#\/schema\/person\/4a28fe9bd65924f7c90623773daf1b0b","name":"Redacci\u00f3n","image":{"@type":"ImageObject","inLanguage":"es-MX","@id":"https:\/\/nitu.mx\/#\/schema\/person\/image\/","url":"https:\/\/secure.gravatar.com\/avatar\/5dd011c8ccfc5cd7e4c81e42252aab38?s=96&d=mm&r=g","contentUrl":"https:\/\/secure.gravatar.com\/avatar\/5dd011c8ccfc5cd7e4c81e42252aab38?s=96&d=mm&r=g","caption":"Redacci\u00f3n"},"url":"https:\/\/nitu.mx\/index.php\/author\/redaccion\/"}]}},"views":380,"_links":{"self":[{"href":"https:\/\/nitu.mx\/index.php\/wp-json\/wp\/v2\/posts\/84302"}],"collection":[{"href":"https:\/\/nitu.mx\/index.php\/wp-json\/wp\/v2\/posts"}],"about":[{"href":"https:\/\/nitu.mx\/index.php\/wp-json\/wp\/v2\/types\/post"}],"author":[{"embeddable":true,"href":"https:\/\/nitu.mx\/index.php\/wp-json\/wp\/v2\/users\/17"}],"replies":[{"embeddable":true,"href":"https:\/\/nitu.mx\/index.php\/wp-json\/wp\/v2\/comments?post=84302"}],"version-history":[{"count":1,"href":"https:\/\/nitu.mx\/index.php\/wp-json\/wp\/v2\/posts\/84302\/revisions"}],"predecessor-version":[{"id":84304,"href":"https:\/\/nitu.mx\/index.php\/wp-json\/wp\/v2\/posts\/84302\/revisions\/84304"}],"wp:featuredmedia":[{"embeddable":true,"href":"https:\/\/nitu.mx\/index.php\/wp-json\/wp\/v2\/media\/84305"}],"wp:attachment":[{"href":"https:\/\/nitu.mx\/index.php\/wp-json\/wp\/v2\/media?parent=84302"}],"wp:term":[{"taxonomy":"category","embeddable":true,"href":"https:\/\/nitu.mx\/index.php\/wp-json\/wp\/v2\/categories?post=84302"},{"taxonomy":"post_tag","embeddable":true,"href":"https:\/\/nitu.mx\/index.php\/wp-json\/wp\/v2\/tags?post=84302"}],"curies":[{"name":"wp","href":"https:\/\/api.w.org\/{rel}","templated":true}]}}