{"id":84299,"date":"2025-11-03T20:08:18","date_gmt":"2025-11-04T02:08:18","guid":{"rendered":"https:\/\/nitu.mx\/?p=84299"},"modified":"2025-11-03T20:08:19","modified_gmt":"2025-11-04T02:08:19","slug":"copa-airlines-eleva-de-6-a-8-frecuencias-semanales-su-ruta-de-panama-a-guadalajara","status":"publish","type":"post","link":"https:\/\/nitu.mx\/index.php\/2025\/11\/03\/copa-airlines-eleva-de-6-a-8-frecuencias-semanales-su-ruta-de-panama-a-guadalajara\/","title":{"rendered":"Copa Airlines eleva de 6 a 8 frecuencias semanales su ruta de Panam\u00e1 a Guadalajara"},"content":{"rendered":"\n<p>Copa Airlines anunci\u00f3 el aumento en sus operaciones entre Ciudad de Panam\u00e1 y Guadalajara, incrementando de 6 a 8 vuelos semanales a partir del pr\u00f3ximo 6 de noviembre.<\/p>\n\n\n\n<p>Las nuevas frecuencias de vuelos que se integra a los itinerarios de Copa Airlines partir\u00e1n del Aeropuerto Internacional de Tocumen, en la ciudad de Panam\u00e1 los d\u00edas domingo, lunes, martes y mi\u00e9rcoles a las 19:25 hrs llegando al Aeropuerto Internacional de Guadalajara a las 22:51; los jueves, viernes, s\u00e1bados y domingos a las 07:24 hrs. Los vuelos de regreso saldr\u00e1n de Guadalajara los lunes, martes, mi\u00e9rcoles y jueves a las a las 00:10 hrs y llegar\u00e1 a Panam\u00e1 a las 05:24 hrs. Los d\u00edas jueves, viernes, s\u00e1bados y domingo a las 12:10 hrs llegando a Panam\u00e1 a las 17:24 hrs.<\/p>\n\n\n\n<p>\u201cNos complace anunciar el aumento de frecuencias entre Ciudad de Panam\u00e1 y Guadalajara, ambos, destinos internacionales de gran importancia para el turismo. Las nuevas frecuencias de vuelos nos permiten ofrecer un servicio m\u00e1s conveniente y completo para nuestros clientes. A trav\u00e9s del Hub de las Am\u00e9ricas en Panam\u00e1, nuestros pasajeros pueden aprovechar las m\u00faltiples oportunidades de conexiones a las principales ciudades de Latinoam\u00e9rica y el Caribe\u201d apunt\u00f3 Mauro Arredondo, Gerente General de la aerol\u00ednea en M\u00e9xico. <\/p>\n\n\n\n<p>\u201cCopa contin\u00faa fortaleciendo el crecimiento de los mercados entre Latinoam\u00e9rica, el Caribe y Guadalajara apoyando el desarrollo tur\u00edstico entre nuestras regiones\u201d, agreg\u00f3 Arredondo.<\/p>\n\n\n\n<p>Michelle Fridman Hirsch, secretaria de Turismo de Jalisco, asegur\u00f3 que: \u201cLa ampliaci\u00f3n de frecuencias de Copa Airlines refuerza a Guadalajara como un punto estrat\u00e9gico de conexi\u00f3n entre M\u00e9xico y Latinoam\u00e9rica. Esta conectividad no s\u00f3lo acerca a Jalisco con m\u00e1s de 60 destinos del continente, sino que impulsa el turismo, la inversi\u00f3n y la proyecci\u00f3n internacional del estado m\u00e1s mexicano. Con estas nuevas opciones reafirmamos que somos un destino l\u00edder y ampliamente conectado\u201d.<\/p>\n\n\n\n<p>Gustavo Staufer, director general de la Oficina de Visitantes y Convenciones de Guadalajara: \u201cCopa, a trav\u00e9s de los \u00faltimos 18 a\u00f1os, ha probado ser una ruta exitosa qu\u00e9, ha construido un puente con Centro, Sudam\u00e9rica y el Caribe\u201d. La Oficina de Visitantes y Convenciones de Guadalajara celebra la ampliaci\u00f3n de las frecuencias, hacia y desde, Panam\u00e1. Esperando que la alianza entre nuestros destinos contin\u00fae: fuerte y poderosa.<\/p>\n\n\n\n<p>Copa Airlines inici\u00f3 sus vuelos a Guadalajara en julio de 2007 con cinco frecuencias de vuelos por semana, convirti\u00e9ndose en la primera aerol\u00ednea con conexiones entre el Estado de Jalisco y Am\u00e9rica Latina; con estas nuevas frecuencias de vuelos, que operar\u00e1n directo y sin escalas a la ciudad de Panam\u00e1, la aerol\u00ednea aumentar\u00e1 de 6 a 8 vuelos semanales, proporcionando a los pasajeros m\u00e1s opciones de horarios con una conectividad inigualable a m\u00e1s de 60 destinos en 32 pa\u00edses de Am\u00e9rica. (<a href=\"https:\/\/nitu.mx\/index.php\/2025\/07\/03\/los-cabos-conectara-con-latinoamerica-via-panama-con-ruta-directa-de-copa-airlines\/\">Los Cabos conectar\u00e1 con Latinoam\u00e9rica v\u00eda Panam\u00e1 con ruta directa de Copa Airlines<\/a>).<\/p>\n","protected":false},"excerpt":{"rendered":"<p>Copa Airlines anunci\u00f3 el aumento en sus operaciones entre Ciudad de Panam\u00e1 y Guadalajara, incrementando de 6 a 8 vuelos semanales a partir del pr\u00f3ximo 6 de noviembre. Las nuevas frecuencias de vuelos que se integra a los itinerarios de Copa Airlines partir\u00e1n del Aeropuerto Internacional de Tocumen, en la ciudad de Panam\u00e1 los d\u00edas [&hellip;]<\/p>\n","protected":false},"author":17,"featured_media":16549,"comment_status":"closed","ping_status":"closed","sticky":false,"template":"","format":"standard","meta":{"footnotes":""},"categories":[29],"tags":[1257,490,1381,12599,1260],"yoast_head":"<!-- This site is optimized with the Yoast SEO plugin v22.2 - https:\/\/yoast.com\/wordpress\/plugins\/seo\/ -->\n<title>Copa Airlines eleva de 6 a 8 frecuencias semanales su ruta de Panam\u00e1 a Guadalajara - Nitu - Noticias de la Industria Turistica<\/title>\n<meta name=\"robots\" content=\"index, follow, max-snippet:-1, max-image-preview:large, max-video-preview:-1\" \/>\n<link rel=\"canonical\" href=\"https:\/\/nitu.mx\/index.php\/2025\/11\/03\/copa-airlines-eleva-de-6-a-8-frecuencias-semanales-su-ruta-de-panama-a-guadalajara\/\" \/>\n<meta name=\"twitter:card\" content=\"summary_large_image\" \/>\n<meta name=\"twitter:title\" content=\"Copa Airlines eleva de 6 a 8 frecuencias semanales su ruta de Panam\u00e1 a Guadalajara - Nitu - Noticias de la Industria Turistica\" \/>\n<meta name=\"twitter:description\" content=\"Copa Airlines anunci\u00f3 el aumento en sus operaciones entre Ciudad de Panam\u00e1 y Guadalajara, incrementando de 6 a 8 vuelos semanales a partir del pr\u00f3ximo 6 de noviembre. Las nuevas frecuencias de vuelos que se integra a los itinerarios de Copa Airlines partir\u00e1n del Aeropuerto Internacional de Tocumen, en la ciudad de Panam\u00e1 los d\u00edas [&hellip;]\" \/>\n<meta name=\"twitter:image\" content=\"https:\/\/nitu.mx\/wp-content\/uploads\/2018\/01\/copa-airlines.jpg\" \/>\n<meta name=\"twitter:creator\" content=\"@NITUmx\" \/>\n<meta name=\"twitter:site\" content=\"@Arturo_Medina_G\" \/>\n<meta name=\"twitter:label1\" content=\"Escrito por\" \/>\n\t<meta name=\"twitter:data1\" content=\"Redacci\u00f3n\" \/>\n\t<meta name=\"twitter:label2\" content=\"Tiempo de lectura\" \/>\n\t<meta name=\"twitter:data2\" content=\"2 minutos\" \/>\n<script type=\"application\/ld+json\" class=\"yoast-schema-graph\">{\"@context\":\"https:\/\/schema.org\",\"@graph\":[{\"@type\":\"Article\",\"@id\":\"https:\/\/nitu.mx\/index.php\/2025\/11\/03\/copa-airlines-eleva-de-6-a-8-frecuencias-semanales-su-ruta-de-panama-a-guadalajara\/#article\",\"isPartOf\":{\"@id\":\"https:\/\/nitu.mx\/index.php\/2025\/11\/03\/copa-airlines-eleva-de-6-a-8-frecuencias-semanales-su-ruta-de-panama-a-guadalajara\/\"},\"author\":{\"name\":\"Redacci\u00f3n\",\"@id\":\"https:\/\/nitu.mx\/#\/schema\/person\/4a28fe9bd65924f7c90623773daf1b0b\"},\"headline\":\"Copa Airlines eleva de 6 a 8 frecuencias semanales su ruta de Panam\u00e1 a Guadalajara\",\"datePublished\":\"2025-11-04T02:08:18+00:00\",\"dateModified\":\"2025-11-04T02:08:19+00:00\",\"mainEntityOfPage\":{\"@id\":\"https:\/\/nitu.mx\/index.php\/2025\/11\/03\/copa-airlines-eleva-de-6-a-8-frecuencias-semanales-su-ruta-de-panama-a-guadalajara\/\"},\"wordCount\":502,\"publisher\":{\"@id\":\"https:\/\/nitu.mx\/#\/schema\/person\/ae7a53426417292d3dd07b45a33e01bc\"},\"image\":{\"@id\":\"https:\/\/nitu.mx\/index.php\/2025\/11\/03\/copa-airlines-eleva-de-6-a-8-frecuencias-semanales-su-ruta-de-panama-a-guadalajara\/#primaryimage\"},\"thumbnailUrl\":\"https:\/\/nitu.mx\/wp-content\/uploads\/2018\/01\/copa-airlines.jpg\",\"keywords\":[\"Copa Airlines\",\"Guadalajara\",\"mauro Arredondo\",\"Michelle Fridman\",\"Panam\u00e1\"],\"articleSection\":[\"Aerol\u00edneas\"],\"inLanguage\":\"es-MX\"},{\"@type\":\"WebPage\",\"@id\":\"https:\/\/nitu.mx\/index.php\/2025\/11\/03\/copa-airlines-eleva-de-6-a-8-frecuencias-semanales-su-ruta-de-panama-a-guadalajara\/\",\"url\":\"https:\/\/nitu.mx\/index.php\/2025\/11\/03\/copa-airlines-eleva-de-6-a-8-frecuencias-semanales-su-ruta-de-panama-a-guadalajara\/\",\"name\":\"Copa Airlines eleva de 6 a 8 frecuencias semanales su ruta de Panam\u00e1 a Guadalajara - Nitu - Noticias de la Industria Turistica\",\"isPartOf\":{\"@id\":\"https:\/\/nitu.mx\/#website\"},\"primaryImageOfPage\":{\"@id\":\"https:\/\/nitu.mx\/index.php\/2025\/11\/03\/copa-airlines-eleva-de-6-a-8-frecuencias-semanales-su-ruta-de-panama-a-guadalajara\/#primaryimage\"},\"image\":{\"@id\":\"https:\/\/nitu.mx\/index.php\/2025\/11\/03\/copa-airlines-eleva-de-6-a-8-frecuencias-semanales-su-ruta-de-panama-a-guadalajara\/#primaryimage\"},\"thumbnailUrl\":\"https:\/\/nitu.mx\/wp-content\/uploads\/2018\/01\/copa-airlines.jpg\",\"datePublished\":\"2025-11-04T02:08:18+00:00\",\"dateModified\":\"2025-11-04T02:08:19+00:00\",\"breadcrumb\":{\"@id\":\"https:\/\/nitu.mx\/index.php\/2025\/11\/03\/copa-airlines-eleva-de-6-a-8-frecuencias-semanales-su-ruta-de-panama-a-guadalajara\/#breadcrumb\"},\"inLanguage\":\"es-MX\",\"potentialAction\":[{\"@type\":\"ReadAction\",\"target\":[\"https:\/\/nitu.mx\/index.php\/2025\/11\/03\/copa-airlines-eleva-de-6-a-8-frecuencias-semanales-su-ruta-de-panama-a-guadalajara\/\"]}]},{\"@type\":\"ImageObject\",\"inLanguage\":\"es-MX\",\"@id\":\"https:\/\/nitu.mx\/index.php\/2025\/11\/03\/copa-airlines-eleva-de-6-a-8-frecuencias-semanales-su-ruta-de-panama-a-guadalajara\/#primaryimage\",\"url\":\"https:\/\/nitu.mx\/wp-content\/uploads\/2018\/01\/copa-airlines.jpg\",\"contentUrl\":\"https:\/\/nitu.mx\/wp-content\/uploads\/2018\/01\/copa-airlines.jpg\",\"width\":850,\"height\":480,\"caption\":\"salta copa airlines\"},{\"@type\":\"BreadcrumbList\",\"@id\":\"https:\/\/nitu.mx\/index.php\/2025\/11\/03\/copa-airlines-eleva-de-6-a-8-frecuencias-semanales-su-ruta-de-panama-a-guadalajara\/#breadcrumb\",\"itemListElement\":[{\"@type\":\"ListItem\",\"position\":1,\"name\":\"Inicio\",\"item\":\"https:\/\/nitu.mx\/\"},{\"@type\":\"ListItem\",\"position\":2,\"name\":\"Copa Airlines eleva de 6 a 8 frecuencias semanales su ruta de Panam\u00e1 a Guadalajara\"}]},{\"@type\":\"WebSite\",\"@id\":\"https:\/\/nitu.mx\/#website\",\"url\":\"https:\/\/nitu.mx\/\",\"name\":\"Nitu - Noticias de la Industria Turistica\",\"description\":\"Noticias de la Industria Turistica\",\"publisher\":{\"@id\":\"https:\/\/nitu.mx\/#\/schema\/person\/ae7a53426417292d3dd07b45a33e01bc\"},\"alternateName\":\"Noticias de la Industria Turistica\",\"potentialAction\":[{\"@type\":\"SearchAction\",\"target\":{\"@type\":\"EntryPoint\",\"urlTemplate\":\"https:\/\/nitu.mx\/?s={search_term_string}\"},\"query-input\":\"required name=search_term_string\"}],\"inLanguage\":\"es-MX\"},{\"@type\":[\"Person\",\"Organization\"],\"@id\":\"https:\/\/nitu.mx\/#\/schema\/person\/ae7a53426417292d3dd07b45a33e01bc\",\"name\":\"Arturo Medina\",\"image\":{\"@type\":\"ImageObject\",\"inLanguage\":\"es-MX\",\"@id\":\"https:\/\/nitu.mx\/#\/schema\/person\/image\/\",\"url\":\"https:\/\/nitu.mx\/wp-content\/uploads\/2024\/04\/4A315622-1904-4D5C-B022-878CDC840E04-90x90-1.jpeg\",\"contentUrl\":\"https:\/\/nitu.mx\/wp-content\/uploads\/2024\/04\/4A315622-1904-4D5C-B022-878CDC840E04-90x90-1.jpeg\",\"width\":90,\"height\":90,\"caption\":\"Arturo Medina\"},\"logo\":{\"@id\":\"https:\/\/nitu.mx\/#\/schema\/person\/image\/\"},\"description\":\"Director NITU.mx, Egresado de la Escuela de Periodismo Carlos Septi\u00e9n Garc\u00eda. Periodista y analista especializado en turismo desde hace 35 a\u00f1os, radicado en Canc\u00fan Q.Roo. arturo@nitu.mx\",\"sameAs\":[\"https:\/\/nitu.mx\",\"https:\/\/www.facebook.com\/NITUmx\/\",\"medinacancun\",\"https:\/\/twitter.com\/@Arturo_Medina_G\"]},{\"@type\":\"Person\",\"@id\":\"https:\/\/nitu.mx\/#\/schema\/person\/4a28fe9bd65924f7c90623773daf1b0b\",\"name\":\"Redacci\u00f3n\",\"image\":{\"@type\":\"ImageObject\",\"inLanguage\":\"es-MX\",\"@id\":\"https:\/\/nitu.mx\/#\/schema\/person\/image\/\",\"url\":\"https:\/\/secure.gravatar.com\/avatar\/5dd011c8ccfc5cd7e4c81e42252aab38?s=96&d=mm&r=g\",\"contentUrl\":\"https:\/\/secure.gravatar.com\/avatar\/5dd011c8ccfc5cd7e4c81e42252aab38?s=96&d=mm&r=g\",\"caption\":\"Redacci\u00f3n\"},\"url\":\"https:\/\/nitu.mx\/index.php\/author\/redaccion\/\"}]}<\/script>\n<!-- \/ Yoast SEO plugin. -->","yoast_head_json":{"title":"Copa Airlines eleva de 6 a 8 frecuencias semanales su ruta de Panam\u00e1 a Guadalajara - Nitu - Noticias de la Industria Turistica","robots":{"index":"index","follow":"follow","max-snippet":"max-snippet:-1","max-image-preview":"max-image-preview:large","max-video-preview":"max-video-preview:-1"},"canonical":"https:\/\/nitu.mx\/index.php\/2025\/11\/03\/copa-airlines-eleva-de-6-a-8-frecuencias-semanales-su-ruta-de-panama-a-guadalajara\/","twitter_card":"summary_large_image","twitter_title":"Copa Airlines eleva de 6 a 8 frecuencias semanales su ruta de Panam\u00e1 a Guadalajara - Nitu - Noticias de la Industria Turistica","twitter_description":"Copa Airlines anunci\u00f3 el aumento en sus operaciones entre Ciudad de Panam\u00e1 y Guadalajara, incrementando de 6 a 8 vuelos semanales a partir del pr\u00f3ximo 6 de noviembre. Las nuevas frecuencias de vuelos que se integra a los itinerarios de Copa Airlines partir\u00e1n del Aeropuerto Internacional de Tocumen, en la ciudad de Panam\u00e1 los d\u00edas [&hellip;]","twitter_image":"https:\/\/nitu.mx\/wp-content\/uploads\/2018\/01\/copa-airlines.jpg","twitter_creator":"@NITUmx","twitter_site":"@Arturo_Medina_G","twitter_misc":{"Escrito por":"Redacci\u00f3n","Tiempo de lectura":"2 minutos"},"schema":{"@context":"https:\/\/schema.org","@graph":[{"@type":"Article","@id":"https:\/\/nitu.mx\/index.php\/2025\/11\/03\/copa-airlines-eleva-de-6-a-8-frecuencias-semanales-su-ruta-de-panama-a-guadalajara\/#article","isPartOf":{"@id":"https:\/\/nitu.mx\/index.php\/2025\/11\/03\/copa-airlines-eleva-de-6-a-8-frecuencias-semanales-su-ruta-de-panama-a-guadalajara\/"},"author":{"name":"Redacci\u00f3n","@id":"https:\/\/nitu.mx\/#\/schema\/person\/4a28fe9bd65924f7c90623773daf1b0b"},"headline":"Copa Airlines eleva de 6 a 8 frecuencias semanales su ruta de Panam\u00e1 a Guadalajara","datePublished":"2025-11-04T02:08:18+00:00","dateModified":"2025-11-04T02:08:19+00:00","mainEntityOfPage":{"@id":"https:\/\/nitu.mx\/index.php\/2025\/11\/03\/copa-airlines-eleva-de-6-a-8-frecuencias-semanales-su-ruta-de-panama-a-guadalajara\/"},"wordCount":502,"publisher":{"@id":"https:\/\/nitu.mx\/#\/schema\/person\/ae7a53426417292d3dd07b45a33e01bc"},"image":{"@id":"https:\/\/nitu.mx\/index.php\/2025\/11\/03\/copa-airlines-eleva-de-6-a-8-frecuencias-semanales-su-ruta-de-panama-a-guadalajara\/#primaryimage"},"thumbnailUrl":"https:\/\/nitu.mx\/wp-content\/uploads\/2018\/01\/copa-airlines.jpg","keywords":["Copa Airlines","Guadalajara","mauro Arredondo","Michelle Fridman","Panam\u00e1"],"articleSection":["Aerol\u00edneas"],"inLanguage":"es-MX"},{"@type":"WebPage","@id":"https:\/\/nitu.mx\/index.php\/2025\/11\/03\/copa-airlines-eleva-de-6-a-8-frecuencias-semanales-su-ruta-de-panama-a-guadalajara\/","url":"https:\/\/nitu.mx\/index.php\/2025\/11\/03\/copa-airlines-eleva-de-6-a-8-frecuencias-semanales-su-ruta-de-panama-a-guadalajara\/","name":"Copa Airlines eleva de 6 a 8 frecuencias semanales su ruta de Panam\u00e1 a Guadalajara - Nitu - Noticias de la Industria Turistica","isPartOf":{"@id":"https:\/\/nitu.mx\/#website"},"primaryImageOfPage":{"@id":"https:\/\/nitu.mx\/index.php\/2025\/11\/03\/copa-airlines-eleva-de-6-a-8-frecuencias-semanales-su-ruta-de-panama-a-guadalajara\/#primaryimage"},"image":{"@id":"https:\/\/nitu.mx\/index.php\/2025\/11\/03\/copa-airlines-eleva-de-6-a-8-frecuencias-semanales-su-ruta-de-panama-a-guadalajara\/#primaryimage"},"thumbnailUrl":"https:\/\/nitu.mx\/wp-content\/uploads\/2018\/01\/copa-airlines.jpg","datePublished":"2025-11-04T02:08:18+00:00","dateModified":"2025-11-04T02:08:19+00:00","breadcrumb":{"@id":"https:\/\/nitu.mx\/index.php\/2025\/11\/03\/copa-airlines-eleva-de-6-a-8-frecuencias-semanales-su-ruta-de-panama-a-guadalajara\/#breadcrumb"},"inLanguage":"es-MX","potentialAction":[{"@type":"ReadAction","target":["https:\/\/nitu.mx\/index.php\/2025\/11\/03\/copa-airlines-eleva-de-6-a-8-frecuencias-semanales-su-ruta-de-panama-a-guadalajara\/"]}]},{"@type":"ImageObject","inLanguage":"es-MX","@id":"https:\/\/nitu.mx\/index.php\/2025\/11\/03\/copa-airlines-eleva-de-6-a-8-frecuencias-semanales-su-ruta-de-panama-a-guadalajara\/#primaryimage","url":"https:\/\/nitu.mx\/wp-content\/uploads\/2018\/01\/copa-airlines.jpg","contentUrl":"https:\/\/nitu.mx\/wp-content\/uploads\/2018\/01\/copa-airlines.jpg","width":850,"height":480,"caption":"salta copa airlines"},{"@type":"BreadcrumbList","@id":"https:\/\/nitu.mx\/index.php\/2025\/11\/03\/copa-airlines-eleva-de-6-a-8-frecuencias-semanales-su-ruta-de-panama-a-guadalajara\/#breadcrumb","itemListElement":[{"@type":"ListItem","position":1,"name":"Inicio","item":"https:\/\/nitu.mx\/"},{"@type":"ListItem","position":2,"name":"Copa Airlines eleva de 6 a 8 frecuencias semanales su ruta de Panam\u00e1 a Guadalajara"}]},{"@type":"WebSite","@id":"https:\/\/nitu.mx\/#website","url":"https:\/\/nitu.mx\/","name":"Nitu - Noticias de la Industria Turistica","description":"Noticias de la Industria Turistica","publisher":{"@id":"https:\/\/nitu.mx\/#\/schema\/person\/ae7a53426417292d3dd07b45a33e01bc"},"alternateName":"Noticias de la Industria Turistica","potentialAction":[{"@type":"SearchAction","target":{"@type":"EntryPoint","urlTemplate":"https:\/\/nitu.mx\/?s={search_term_string}"},"query-input":"required name=search_term_string"}],"inLanguage":"es-MX"},{"@type":["Person","Organization"],"@id":"https:\/\/nitu.mx\/#\/schema\/person\/ae7a53426417292d3dd07b45a33e01bc","name":"Arturo Medina","image":{"@type":"ImageObject","inLanguage":"es-MX","@id":"https:\/\/nitu.mx\/#\/schema\/person\/image\/","url":"https:\/\/nitu.mx\/wp-content\/uploads\/2024\/04\/4A315622-1904-4D5C-B022-878CDC840E04-90x90-1.jpeg","contentUrl":"https:\/\/nitu.mx\/wp-content\/uploads\/2024\/04\/4A315622-1904-4D5C-B022-878CDC840E04-90x90-1.jpeg","width":90,"height":90,"caption":"Arturo Medina"},"logo":{"@id":"https:\/\/nitu.mx\/#\/schema\/person\/image\/"},"description":"Director NITU.mx, Egresado de la Escuela de Periodismo Carlos Septi\u00e9n Garc\u00eda. Periodista y analista especializado en turismo desde hace 35 a\u00f1os, radicado en Canc\u00fan Q.Roo. arturo@nitu.mx","sameAs":["https:\/\/nitu.mx","https:\/\/www.facebook.com\/NITUmx\/","medinacancun","https:\/\/twitter.com\/@Arturo_Medina_G"]},{"@type":"Person","@id":"https:\/\/nitu.mx\/#\/schema\/person\/4a28fe9bd65924f7c90623773daf1b0b","name":"Redacci\u00f3n","image":{"@type":"ImageObject","inLanguage":"es-MX","@id":"https:\/\/nitu.mx\/#\/schema\/person\/image\/","url":"https:\/\/secure.gravatar.com\/avatar\/5dd011c8ccfc5cd7e4c81e42252aab38?s=96&d=mm&r=g","contentUrl":"https:\/\/secure.gravatar.com\/avatar\/5dd011c8ccfc5cd7e4c81e42252aab38?s=96&d=mm&r=g","caption":"Redacci\u00f3n"},"url":"https:\/\/nitu.mx\/index.php\/author\/redaccion\/"}]}},"views":384,"_links":{"self":[{"href":"https:\/\/nitu.mx\/index.php\/wp-json\/wp\/v2\/posts\/84299"}],"collection":[{"href":"https:\/\/nitu.mx\/index.php\/wp-json\/wp\/v2\/posts"}],"about":[{"href":"https:\/\/nitu.mx\/index.php\/wp-json\/wp\/v2\/types\/post"}],"author":[{"embeddable":true,"href":"https:\/\/nitu.mx\/index.php\/wp-json\/wp\/v2\/users\/17"}],"replies":[{"embeddable":true,"href":"https:\/\/nitu.mx\/index.php\/wp-json\/wp\/v2\/comments?post=84299"}],"version-history":[{"count":1,"href":"https:\/\/nitu.mx\/index.php\/wp-json\/wp\/v2\/posts\/84299\/revisions"}],"predecessor-version":[{"id":84301,"href":"https:\/\/nitu.mx\/index.php\/wp-json\/wp\/v2\/posts\/84299\/revisions\/84301"}],"wp:featuredmedia":[{"embeddable":true,"href":"https:\/\/nitu.mx\/index.php\/wp-json\/wp\/v2\/media\/16549"}],"wp:attachment":[{"href":"https:\/\/nitu.mx\/index.php\/wp-json\/wp\/v2\/media?parent=84299"}],"wp:term":[{"taxonomy":"category","embeddable":true,"href":"https:\/\/nitu.mx\/index.php\/wp-json\/wp\/v2\/categories?post=84299"},{"taxonomy":"post_tag","embeddable":true,"href":"https:\/\/nitu.mx\/index.php\/wp-json\/wp\/v2\/tags?post=84299"}],"curies":[{"name":"wp","href":"https:\/\/api.w.org\/{rel}","templated":true}]}}