{"id":84290,"date":"2025-11-02T21:16:51","date_gmt":"2025-11-03T03:16:51","guid":{"rendered":"https:\/\/nitu.mx\/?p=84290"},"modified":"2025-11-02T21:16:52","modified_gmt":"2025-11-03T03:16:52","slug":"sectur-fortalece-la-profesionalizacion-en-pueblos-magicos-con-diplomado-en-innovacion-turistica","status":"publish","type":"post","link":"https:\/\/nitu.mx\/index.php\/2025\/11\/02\/sectur-fortalece-la-profesionalizacion-en-pueblos-magicos-con-diplomado-en-innovacion-turistica\/","title":{"rendered":"Sectur fortalece la profesionalizaci\u00f3n en Pueblos M\u00e1gicos con Diplomado en Innovaci\u00f3n Tur\u00edstica"},"content":{"rendered":"\n<p>La secretaria de Turismo federal, Josefina Rodr\u00edguez Zamora, inform\u00f3 que concluy\u00f3 con \u00e9xito el Diplomado en Innovaci\u00f3n Tur\u00edstica, un programa de capacitaci\u00f3n de seis meses dirigido a las y los directores de Turismo de los 177 Pueblos M\u00e1gicos y a representantes de las 32 entidades federativas.<\/p>\n\n\n\n<p>\u201cEl turismo es una herramienta poderosa de desarrollo, capaz de transformar comunidades y generar Prosperidad Compartida. Este diplomado nos recuerda que innovar tambi\u00e9n es incluir, profesionalizar y so\u00f1ar con un M\u00e9xico que crece desde sus destinos\u201d, manifest\u00f3.<\/p>\n\n\n\n<p>La titular de la Secretar\u00eda de Turismo (Sectur) precis\u00f3 que, a trav\u00e9s de este diplomado \u2014desarrollado por la Direcci\u00f3n General de Gesti\u00f3n Social de Destinos y la Direcci\u00f3n General de Profesionalizaci\u00f3n y Competitividad Tur\u00edstica\u2014, las y los participantes fortalecieron sus capacidades t\u00e9cnicas, creativas y de liderazgo para transformar sus destinos en espacios m\u00e1s sostenibles, inclusivos y competitivos.<\/p>\n\n\n\n<p>A\u00f1adi\u00f3 que este programa forma parte del Eje III: Capacitaci\u00f3n, Profesionalizaci\u00f3n y Calidad de la Estrategia Nacional para el Fortalecimiento de los Pueblos M\u00e1gicos, cuyo objetivo es dotar a los actores locales del conocimiento y las herramientas necesarias para hacer del turismo un motor de bienestar social y desarrollo econ\u00f3mico, con una visi\u00f3n sustentable y moderna.<\/p>\n\n\n\n<p>Destac\u00f3 que, a lo largo de seis meses, las y los participantes cursaron m\u00e1s de 120 horas de formaci\u00f3n especializada impartidas por m\u00e1s de 80 expertos nacionales e internacionales.<\/p>\n\n\n\n<p>\u201cEn este proceso se abordaron temas de gran relevancia para la nueva era del turismo, como las tendencias tur\u00edsticas de 2025 y los nuevos segmentos de mercado: turismo deportivo, gastron\u00f3mico, de salud y comunitario. Tambi\u00e9n se profundiz\u00f3 en estrategias de marketing digital y ventas; uso de inteligencia artificial aplicada al turismo, liderazgo y gesti\u00f3n de equipos, comunicaci\u00f3n efectiva y toma de decisiones estrat\u00e9gicas\u201d, explic\u00f3.<\/p>\n\n\n\n<p>Rodr\u00edguez Zamora a\u00f1adi\u00f3 que tambi\u00e9n se revisaron modelos de turismo sustentable, regenerativo e incluyente, entendidos como ejes de bienestar y responsabilidad social, y se destac\u00f3 el valor patrimonial y cultural de los Pueblos M\u00e1gicos como una de las principales fortalezas de M\u00e9xico y como impulsores de la identidad nacional.<\/p>\n\n\n\n<p>Los conocimientos adquiridos permitir\u00e1n a las y los participantes dise\u00f1ar proyectos tur\u00edsticos innovadores y sostenibles, con base en el modelo de negocios canvas con cuadrante de sostenibilidad, y fortalecer la competitividad de sus destinos mediante la mejora continua, el trabajo colaborativo y la creaci\u00f3n de alianzas estrat\u00e9gicas con los sectores p\u00fablico, privado y comunitario.<\/p>\n\n\n\n<p>Adem\u00e1s, el programa contribuye a promover la inclusi\u00f3n laboral, la equidad de g\u00e9nero y la profesionalizaci\u00f3n de los servicios tur\u00edsticos en las regiones del pa\u00eds.<\/p>\n\n\n\n<p>En este tenor, el director general de Gesti\u00f3n Social de Destinos, Marte Luis Molina Orozco, subray\u00f3 que \u201cM\u00e9xico cuenta con talento, creatividad y pasi\u00f3n. Este diplomado demuestra que, cuando unimos capacidades y prop\u00f3sito, construimos destinos m\u00e1s fuertes, sostenibles y pr\u00f3speros para todos\u201d.<\/p>\n\n\n\n<p>Resalt\u00f3 que, con este esfuerzo, la Secretar\u00eda de Turismo refrenda su compromiso con el fortalecimiento del capital humano como eje fundamental para el desarrollo del sector.<\/p>\n\n\n\n<p>El Diplomado en Innovaci\u00f3n Tur\u00edstica representa un paso m\u00e1s hacia la construcci\u00f3n de un turismo sostenible y regenerativo, orientado a la prosperidad compartida y al bienestar de las comunidades anfitrionas. (<a href=\"https:\/\/nitu.mx\/index.php\/2025\/10\/06\/sectur-presenta-la-estrategia-nacional-para-el-fortalecimiento-de-los-pueblos-magicos\/\">Sectur presenta la Estrategia Nacional para el Fortalecimiento de los Pueblos M\u00e1gicos<\/a>).<\/p>\n","protected":false},"excerpt":{"rendered":"<p>La secretaria de Turismo federal, Josefina Rodr\u00edguez Zamora, inform\u00f3 que concluy\u00f3 con \u00e9xito el Diplomado en Innovaci\u00f3n Tur\u00edstica, un programa de capacitaci\u00f3n de seis meses dirigido a las y los directores de Turismo de los 177 Pueblos M\u00e1gicos y a representantes de las 32 entidades federativas. \u201cEl turismo es una herramienta poderosa de desarrollo, capaz [&hellip;]<\/p>\n","protected":false},"author":17,"featured_media":11985,"comment_status":"closed","ping_status":"closed","sticky":false,"template":"","format":"standard","meta":{"footnotes":""},"categories":[5],"tags":[25659,335,93],"yoast_head":"<!-- This site is optimized with the Yoast SEO plugin v22.2 - https:\/\/yoast.com\/wordpress\/plugins\/seo\/ -->\n<title>Sectur fortalece la profesionalizaci\u00f3n en Pueblos M\u00e1gicos con Diplomado en Innovaci\u00f3n Tur\u00edstica - Nitu - Noticias de la Industria Turistica<\/title>\n<meta name=\"robots\" content=\"index, follow, max-snippet:-1, max-image-preview:large, max-video-preview:-1\" \/>\n<link rel=\"canonical\" href=\"https:\/\/nitu.mx\/index.php\/2025\/11\/02\/sectur-fortalece-la-profesionalizacion-en-pueblos-magicos-con-diplomado-en-innovacion-turistica\/\" \/>\n<meta name=\"twitter:card\" content=\"summary_large_image\" \/>\n<meta name=\"twitter:title\" content=\"Sectur fortalece la profesionalizaci\u00f3n en Pueblos M\u00e1gicos con Diplomado en Innovaci\u00f3n Tur\u00edstica - Nitu - Noticias de la Industria Turistica\" \/>\n<meta name=\"twitter:description\" content=\"La secretaria de Turismo federal, Josefina Rodr\u00edguez Zamora, inform\u00f3 que concluy\u00f3 con \u00e9xito el Diplomado en Innovaci\u00f3n Tur\u00edstica, un programa de capacitaci\u00f3n de seis meses dirigido a las y los directores de Turismo de los 177 Pueblos M\u00e1gicos y a representantes de las 32 entidades federativas. \u201cEl turismo es una herramienta poderosa de desarrollo, capaz [&hellip;]\" \/>\n<meta name=\"twitter:image\" content=\"https:\/\/nitu.mx\/wp-content\/uploads\/2017\/08\/pueblosmagicos2.jpg\" \/>\n<meta name=\"twitter:creator\" content=\"@NITUmx\" \/>\n<meta name=\"twitter:site\" content=\"@Arturo_Medina_G\" \/>\n<meta name=\"twitter:label1\" content=\"Escrito por\" \/>\n\t<meta name=\"twitter:data1\" content=\"Redacci\u00f3n\" \/>\n\t<meta name=\"twitter:label2\" content=\"Tiempo de lectura\" \/>\n\t<meta name=\"twitter:data2\" content=\"3 minutos\" \/>\n<script type=\"application\/ld+json\" class=\"yoast-schema-graph\">{\"@context\":\"https:\/\/schema.org\",\"@graph\":[{\"@type\":\"Article\",\"@id\":\"https:\/\/nitu.mx\/index.php\/2025\/11\/02\/sectur-fortalece-la-profesionalizacion-en-pueblos-magicos-con-diplomado-en-innovacion-turistica\/#article\",\"isPartOf\":{\"@id\":\"https:\/\/nitu.mx\/index.php\/2025\/11\/02\/sectur-fortalece-la-profesionalizacion-en-pueblos-magicos-con-diplomado-en-innovacion-turistica\/\"},\"author\":{\"name\":\"Redacci\u00f3n\",\"@id\":\"https:\/\/nitu.mx\/#\/schema\/person\/4a28fe9bd65924f7c90623773daf1b0b\"},\"headline\":\"Sectur fortalece la profesionalizaci\u00f3n en Pueblos M\u00e1gicos con Diplomado en Innovaci\u00f3n Tur\u00edstica\",\"datePublished\":\"2025-11-03T03:16:51+00:00\",\"dateModified\":\"2025-11-03T03:16:52+00:00\",\"mainEntityOfPage\":{\"@id\":\"https:\/\/nitu.mx\/index.php\/2025\/11\/02\/sectur-fortalece-la-profesionalizacion-en-pueblos-magicos-con-diplomado-en-innovacion-turistica\/\"},\"wordCount\":599,\"publisher\":{\"@id\":\"https:\/\/nitu.mx\/#\/schema\/person\/ae7a53426417292d3dd07b45a33e01bc\"},\"image\":{\"@id\":\"https:\/\/nitu.mx\/index.php\/2025\/11\/02\/sectur-fortalece-la-profesionalizacion-en-pueblos-magicos-con-diplomado-en-innovacion-turistica\/#primaryimage\"},\"thumbnailUrl\":\"https:\/\/nitu.mx\/wp-content\/uploads\/2017\/08\/pueblosmagicos2.jpg\",\"keywords\":[\"Josefina Rodr\u00edguez\",\"Pueblos M\u00e1gicos\",\"Sectur\"],\"articleSection\":[\"Destinos\"],\"inLanguage\":\"es-MX\"},{\"@type\":\"WebPage\",\"@id\":\"https:\/\/nitu.mx\/index.php\/2025\/11\/02\/sectur-fortalece-la-profesionalizacion-en-pueblos-magicos-con-diplomado-en-innovacion-turistica\/\",\"url\":\"https:\/\/nitu.mx\/index.php\/2025\/11\/02\/sectur-fortalece-la-profesionalizacion-en-pueblos-magicos-con-diplomado-en-innovacion-turistica\/\",\"name\":\"Sectur fortalece la profesionalizaci\u00f3n en Pueblos M\u00e1gicos con Diplomado en Innovaci\u00f3n Tur\u00edstica - Nitu - Noticias de la Industria Turistica\",\"isPartOf\":{\"@id\":\"https:\/\/nitu.mx\/#website\"},\"primaryImageOfPage\":{\"@id\":\"https:\/\/nitu.mx\/index.php\/2025\/11\/02\/sectur-fortalece-la-profesionalizacion-en-pueblos-magicos-con-diplomado-en-innovacion-turistica\/#primaryimage\"},\"image\":{\"@id\":\"https:\/\/nitu.mx\/index.php\/2025\/11\/02\/sectur-fortalece-la-profesionalizacion-en-pueblos-magicos-con-diplomado-en-innovacion-turistica\/#primaryimage\"},\"thumbnailUrl\":\"https:\/\/nitu.mx\/wp-content\/uploads\/2017\/08\/pueblosmagicos2.jpg\",\"datePublished\":\"2025-11-03T03:16:51+00:00\",\"dateModified\":\"2025-11-03T03:16:52+00:00\",\"breadcrumb\":{\"@id\":\"https:\/\/nitu.mx\/index.php\/2025\/11\/02\/sectur-fortalece-la-profesionalizacion-en-pueblos-magicos-con-diplomado-en-innovacion-turistica\/#breadcrumb\"},\"inLanguage\":\"es-MX\",\"potentialAction\":[{\"@type\":\"ReadAction\",\"target\":[\"https:\/\/nitu.mx\/index.php\/2025\/11\/02\/sectur-fortalece-la-profesionalizacion-en-pueblos-magicos-con-diplomado-en-innovacion-turistica\/\"]}]},{\"@type\":\"ImageObject\",\"inLanguage\":\"es-MX\",\"@id\":\"https:\/\/nitu.mx\/index.php\/2025\/11\/02\/sectur-fortalece-la-profesionalizacion-en-pueblos-magicos-con-diplomado-en-innovacion-turistica\/#primaryimage\",\"url\":\"https:\/\/nitu.mx\/wp-content\/uploads\/2017\/08\/pueblosmagicos2.jpg\",\"contentUrl\":\"https:\/\/nitu.mx\/wp-content\/uploads\/2017\/08\/pueblosmagicos2.jpg\",\"width\":850,\"height\":480,\"caption\":\"Pueblos M\u00e1gicos\"},{\"@type\":\"BreadcrumbList\",\"@id\":\"https:\/\/nitu.mx\/index.php\/2025\/11\/02\/sectur-fortalece-la-profesionalizacion-en-pueblos-magicos-con-diplomado-en-innovacion-turistica\/#breadcrumb\",\"itemListElement\":[{\"@type\":\"ListItem\",\"position\":1,\"name\":\"Inicio\",\"item\":\"https:\/\/nitu.mx\/\"},{\"@type\":\"ListItem\",\"position\":2,\"name\":\"Sectur fortalece la profesionalizaci\u00f3n en Pueblos M\u00e1gicos con Diplomado en Innovaci\u00f3n Tur\u00edstica\"}]},{\"@type\":\"WebSite\",\"@id\":\"https:\/\/nitu.mx\/#website\",\"url\":\"https:\/\/nitu.mx\/\",\"name\":\"Nitu - Noticias de la Industria Turistica\",\"description\":\"Noticias de la Industria Turistica\",\"publisher\":{\"@id\":\"https:\/\/nitu.mx\/#\/schema\/person\/ae7a53426417292d3dd07b45a33e01bc\"},\"alternateName\":\"Noticias de la Industria Turistica\",\"potentialAction\":[{\"@type\":\"SearchAction\",\"target\":{\"@type\":\"EntryPoint\",\"urlTemplate\":\"https:\/\/nitu.mx\/?s={search_term_string}\"},\"query-input\":\"required name=search_term_string\"}],\"inLanguage\":\"es-MX\"},{\"@type\":[\"Person\",\"Organization\"],\"@id\":\"https:\/\/nitu.mx\/#\/schema\/person\/ae7a53426417292d3dd07b45a33e01bc\",\"name\":\"Arturo Medina\",\"image\":{\"@type\":\"ImageObject\",\"inLanguage\":\"es-MX\",\"@id\":\"https:\/\/nitu.mx\/#\/schema\/person\/image\/\",\"url\":\"https:\/\/nitu.mx\/wp-content\/uploads\/2024\/04\/4A315622-1904-4D5C-B022-878CDC840E04-90x90-1.jpeg\",\"contentUrl\":\"https:\/\/nitu.mx\/wp-content\/uploads\/2024\/04\/4A315622-1904-4D5C-B022-878CDC840E04-90x90-1.jpeg\",\"width\":90,\"height\":90,\"caption\":\"Arturo Medina\"},\"logo\":{\"@id\":\"https:\/\/nitu.mx\/#\/schema\/person\/image\/\"},\"description\":\"Director NITU.mx, Egresado de la Escuela de Periodismo Carlos Septi\u00e9n Garc\u00eda. Periodista y analista especializado en turismo desde hace 35 a\u00f1os, radicado en Canc\u00fan Q.Roo. arturo@nitu.mx\",\"sameAs\":[\"https:\/\/nitu.mx\",\"https:\/\/www.facebook.com\/NITUmx\/\",\"medinacancun\",\"https:\/\/twitter.com\/@Arturo_Medina_G\"]},{\"@type\":\"Person\",\"@id\":\"https:\/\/nitu.mx\/#\/schema\/person\/4a28fe9bd65924f7c90623773daf1b0b\",\"name\":\"Redacci\u00f3n\",\"image\":{\"@type\":\"ImageObject\",\"inLanguage\":\"es-MX\",\"@id\":\"https:\/\/nitu.mx\/#\/schema\/person\/image\/\",\"url\":\"https:\/\/secure.gravatar.com\/avatar\/5dd011c8ccfc5cd7e4c81e42252aab38?s=96&d=mm&r=g\",\"contentUrl\":\"https:\/\/secure.gravatar.com\/avatar\/5dd011c8ccfc5cd7e4c81e42252aab38?s=96&d=mm&r=g\",\"caption\":\"Redacci\u00f3n\"},\"url\":\"https:\/\/nitu.mx\/index.php\/author\/redaccion\/\"}]}<\/script>\n<!-- \/ Yoast SEO plugin. -->","yoast_head_json":{"title":"Sectur fortalece la profesionalizaci\u00f3n en Pueblos M\u00e1gicos con Diplomado en Innovaci\u00f3n Tur\u00edstica - Nitu - Noticias de la Industria Turistica","robots":{"index":"index","follow":"follow","max-snippet":"max-snippet:-1","max-image-preview":"max-image-preview:large","max-video-preview":"max-video-preview:-1"},"canonical":"https:\/\/nitu.mx\/index.php\/2025\/11\/02\/sectur-fortalece-la-profesionalizacion-en-pueblos-magicos-con-diplomado-en-innovacion-turistica\/","twitter_card":"summary_large_image","twitter_title":"Sectur fortalece la profesionalizaci\u00f3n en Pueblos M\u00e1gicos con Diplomado en Innovaci\u00f3n Tur\u00edstica - Nitu - Noticias de la Industria Turistica","twitter_description":"La secretaria de Turismo federal, Josefina Rodr\u00edguez Zamora, inform\u00f3 que concluy\u00f3 con \u00e9xito el Diplomado en Innovaci\u00f3n Tur\u00edstica, un programa de capacitaci\u00f3n de seis meses dirigido a las y los directores de Turismo de los 177 Pueblos M\u00e1gicos y a representantes de las 32 entidades federativas. \u201cEl turismo es una herramienta poderosa de desarrollo, capaz [&hellip;]","twitter_image":"https:\/\/nitu.mx\/wp-content\/uploads\/2017\/08\/pueblosmagicos2.jpg","twitter_creator":"@NITUmx","twitter_site":"@Arturo_Medina_G","twitter_misc":{"Escrito por":"Redacci\u00f3n","Tiempo de lectura":"3 minutos"},"schema":{"@context":"https:\/\/schema.org","@graph":[{"@type":"Article","@id":"https:\/\/nitu.mx\/index.php\/2025\/11\/02\/sectur-fortalece-la-profesionalizacion-en-pueblos-magicos-con-diplomado-en-innovacion-turistica\/#article","isPartOf":{"@id":"https:\/\/nitu.mx\/index.php\/2025\/11\/02\/sectur-fortalece-la-profesionalizacion-en-pueblos-magicos-con-diplomado-en-innovacion-turistica\/"},"author":{"name":"Redacci\u00f3n","@id":"https:\/\/nitu.mx\/#\/schema\/person\/4a28fe9bd65924f7c90623773daf1b0b"},"headline":"Sectur fortalece la profesionalizaci\u00f3n en Pueblos M\u00e1gicos con Diplomado en Innovaci\u00f3n Tur\u00edstica","datePublished":"2025-11-03T03:16:51+00:00","dateModified":"2025-11-03T03:16:52+00:00","mainEntityOfPage":{"@id":"https:\/\/nitu.mx\/index.php\/2025\/11\/02\/sectur-fortalece-la-profesionalizacion-en-pueblos-magicos-con-diplomado-en-innovacion-turistica\/"},"wordCount":599,"publisher":{"@id":"https:\/\/nitu.mx\/#\/schema\/person\/ae7a53426417292d3dd07b45a33e01bc"},"image":{"@id":"https:\/\/nitu.mx\/index.php\/2025\/11\/02\/sectur-fortalece-la-profesionalizacion-en-pueblos-magicos-con-diplomado-en-innovacion-turistica\/#primaryimage"},"thumbnailUrl":"https:\/\/nitu.mx\/wp-content\/uploads\/2017\/08\/pueblosmagicos2.jpg","keywords":["Josefina Rodr\u00edguez","Pueblos M\u00e1gicos","Sectur"],"articleSection":["Destinos"],"inLanguage":"es-MX"},{"@type":"WebPage","@id":"https:\/\/nitu.mx\/index.php\/2025\/11\/02\/sectur-fortalece-la-profesionalizacion-en-pueblos-magicos-con-diplomado-en-innovacion-turistica\/","url":"https:\/\/nitu.mx\/index.php\/2025\/11\/02\/sectur-fortalece-la-profesionalizacion-en-pueblos-magicos-con-diplomado-en-innovacion-turistica\/","name":"Sectur fortalece la profesionalizaci\u00f3n en Pueblos M\u00e1gicos con Diplomado en Innovaci\u00f3n Tur\u00edstica - Nitu - Noticias de la Industria Turistica","isPartOf":{"@id":"https:\/\/nitu.mx\/#website"},"primaryImageOfPage":{"@id":"https:\/\/nitu.mx\/index.php\/2025\/11\/02\/sectur-fortalece-la-profesionalizacion-en-pueblos-magicos-con-diplomado-en-innovacion-turistica\/#primaryimage"},"image":{"@id":"https:\/\/nitu.mx\/index.php\/2025\/11\/02\/sectur-fortalece-la-profesionalizacion-en-pueblos-magicos-con-diplomado-en-innovacion-turistica\/#primaryimage"},"thumbnailUrl":"https:\/\/nitu.mx\/wp-content\/uploads\/2017\/08\/pueblosmagicos2.jpg","datePublished":"2025-11-03T03:16:51+00:00","dateModified":"2025-11-03T03:16:52+00:00","breadcrumb":{"@id":"https:\/\/nitu.mx\/index.php\/2025\/11\/02\/sectur-fortalece-la-profesionalizacion-en-pueblos-magicos-con-diplomado-en-innovacion-turistica\/#breadcrumb"},"inLanguage":"es-MX","potentialAction":[{"@type":"ReadAction","target":["https:\/\/nitu.mx\/index.php\/2025\/11\/02\/sectur-fortalece-la-profesionalizacion-en-pueblos-magicos-con-diplomado-en-innovacion-turistica\/"]}]},{"@type":"ImageObject","inLanguage":"es-MX","@id":"https:\/\/nitu.mx\/index.php\/2025\/11\/02\/sectur-fortalece-la-profesionalizacion-en-pueblos-magicos-con-diplomado-en-innovacion-turistica\/#primaryimage","url":"https:\/\/nitu.mx\/wp-content\/uploads\/2017\/08\/pueblosmagicos2.jpg","contentUrl":"https:\/\/nitu.mx\/wp-content\/uploads\/2017\/08\/pueblosmagicos2.jpg","width":850,"height":480,"caption":"Pueblos M\u00e1gicos"},{"@type":"BreadcrumbList","@id":"https:\/\/nitu.mx\/index.php\/2025\/11\/02\/sectur-fortalece-la-profesionalizacion-en-pueblos-magicos-con-diplomado-en-innovacion-turistica\/#breadcrumb","itemListElement":[{"@type":"ListItem","position":1,"name":"Inicio","item":"https:\/\/nitu.mx\/"},{"@type":"ListItem","position":2,"name":"Sectur fortalece la profesionalizaci\u00f3n en Pueblos M\u00e1gicos con Diplomado en Innovaci\u00f3n Tur\u00edstica"}]},{"@type":"WebSite","@id":"https:\/\/nitu.mx\/#website","url":"https:\/\/nitu.mx\/","name":"Nitu - Noticias de la Industria Turistica","description":"Noticias de la Industria Turistica","publisher":{"@id":"https:\/\/nitu.mx\/#\/schema\/person\/ae7a53426417292d3dd07b45a33e01bc"},"alternateName":"Noticias de la Industria Turistica","potentialAction":[{"@type":"SearchAction","target":{"@type":"EntryPoint","urlTemplate":"https:\/\/nitu.mx\/?s={search_term_string}"},"query-input":"required name=search_term_string"}],"inLanguage":"es-MX"},{"@type":["Person","Organization"],"@id":"https:\/\/nitu.mx\/#\/schema\/person\/ae7a53426417292d3dd07b45a33e01bc","name":"Arturo Medina","image":{"@type":"ImageObject","inLanguage":"es-MX","@id":"https:\/\/nitu.mx\/#\/schema\/person\/image\/","url":"https:\/\/nitu.mx\/wp-content\/uploads\/2024\/04\/4A315622-1904-4D5C-B022-878CDC840E04-90x90-1.jpeg","contentUrl":"https:\/\/nitu.mx\/wp-content\/uploads\/2024\/04\/4A315622-1904-4D5C-B022-878CDC840E04-90x90-1.jpeg","width":90,"height":90,"caption":"Arturo Medina"},"logo":{"@id":"https:\/\/nitu.mx\/#\/schema\/person\/image\/"},"description":"Director NITU.mx, Egresado de la Escuela de Periodismo Carlos Septi\u00e9n Garc\u00eda. Periodista y analista especializado en turismo desde hace 35 a\u00f1os, radicado en Canc\u00fan Q.Roo. arturo@nitu.mx","sameAs":["https:\/\/nitu.mx","https:\/\/www.facebook.com\/NITUmx\/","medinacancun","https:\/\/twitter.com\/@Arturo_Medina_G"]},{"@type":"Person","@id":"https:\/\/nitu.mx\/#\/schema\/person\/4a28fe9bd65924f7c90623773daf1b0b","name":"Redacci\u00f3n","image":{"@type":"ImageObject","inLanguage":"es-MX","@id":"https:\/\/nitu.mx\/#\/schema\/person\/image\/","url":"https:\/\/secure.gravatar.com\/avatar\/5dd011c8ccfc5cd7e4c81e42252aab38?s=96&d=mm&r=g","contentUrl":"https:\/\/secure.gravatar.com\/avatar\/5dd011c8ccfc5cd7e4c81e42252aab38?s=96&d=mm&r=g","caption":"Redacci\u00f3n"},"url":"https:\/\/nitu.mx\/index.php\/author\/redaccion\/"}]}},"views":479,"_links":{"self":[{"href":"https:\/\/nitu.mx\/index.php\/wp-json\/wp\/v2\/posts\/84290"}],"collection":[{"href":"https:\/\/nitu.mx\/index.php\/wp-json\/wp\/v2\/posts"}],"about":[{"href":"https:\/\/nitu.mx\/index.php\/wp-json\/wp\/v2\/types\/post"}],"author":[{"embeddable":true,"href":"https:\/\/nitu.mx\/index.php\/wp-json\/wp\/v2\/users\/17"}],"replies":[{"embeddable":true,"href":"https:\/\/nitu.mx\/index.php\/wp-json\/wp\/v2\/comments?post=84290"}],"version-history":[{"count":1,"href":"https:\/\/nitu.mx\/index.php\/wp-json\/wp\/v2\/posts\/84290\/revisions"}],"predecessor-version":[{"id":84292,"href":"https:\/\/nitu.mx\/index.php\/wp-json\/wp\/v2\/posts\/84290\/revisions\/84292"}],"wp:featuredmedia":[{"embeddable":true,"href":"https:\/\/nitu.mx\/index.php\/wp-json\/wp\/v2\/media\/11985"}],"wp:attachment":[{"href":"https:\/\/nitu.mx\/index.php\/wp-json\/wp\/v2\/media?parent=84290"}],"wp:term":[{"taxonomy":"category","embeddable":true,"href":"https:\/\/nitu.mx\/index.php\/wp-json\/wp\/v2\/categories?post=84290"},{"taxonomy":"post_tag","embeddable":true,"href":"https:\/\/nitu.mx\/index.php\/wp-json\/wp\/v2\/tags?post=84290"}],"curies":[{"name":"wp","href":"https:\/\/api.w.org\/{rel}","templated":true}]}}