{"id":84283,"date":"2025-11-02T21:00:02","date_gmt":"2025-11-03T03:00:02","guid":{"rendered":"https:\/\/nitu.mx\/?p=84283"},"modified":"2025-11-02T21:00:03","modified_gmt":"2025-11-03T03:00:03","slug":"viva-inicia-operaciones-de-la-ruta-monterrey-san-jose-costa-rica","status":"publish","type":"post","link":"https:\/\/nitu.mx\/index.php\/2025\/11\/02\/viva-inicia-operaciones-de-la-ruta-monterrey-san-jose-costa-rica\/","title":{"rendered":"Viva inicia operaciones de la ruta Monterrey-San Jos\u00e9, Costa Rica"},"content":{"rendered":"\n<p>La Secretar\u00eda de Turismo de Nuevo Le\u00f3n acompa\u00f1\u00f3 el inicio de operaciones del vuelo Monterrey\u2013San Jos\u00e9, Costa Rica, realizado por Viva en el Aeropuerto Internacional de Monterrey, como parte del fortalecimiento de la conectividad a\u00e9rea y la cooperaci\u00f3n con aerol\u00edneas que apuestan por el crecimiento del estado.<\/p>\n\n\n\n<p>La secretaria Maricarmen Mart\u00ednez Villarreal destac\u00f3 que esta nueva ruta contribuye a consolidar a Nuevo Le\u00f3n como un punto estrat\u00e9gico del turismo y los negocios en el norte de M\u00e9xico, ampliando las conexiones internacionales hacia Centroam\u00e9rica.<\/p>\n\n\n\n<p>\u201cCada nueva conexi\u00f3n internacional representa progreso y confianza. Con este vuelo a Costa Rica seguimos fortaleciendo la conectividad y ampliando las oportunidades para que todas y todos los visitantes lleguen a Nuevo Le\u00f3n y desde aqu\u00ed se conecten con el mundo\u201d, expres\u00f3 Mart\u00ednez Villarreal.<\/p>\n\n\n\n<p>Esta ruta permitir\u00e1 fortalecer los flujos tur\u00edsticos y comerciales entre ambos destinos, adem\u00e1s de posicionar a Nuevo Le\u00f3n como uno de los estados con mayor conectividad internacional en el norte del pa\u00eds.<\/p>\n\n\n\n<figure class=\"wp-block-table\"><table><thead><tr><td><strong>Ruta<\/strong><strong><\/strong><\/td><td><strong>D\u00edas de operaci\u00f3n<\/strong><strong><\/strong><\/td><td><strong>Horario de salida<\/strong><strong><\/strong><\/td><td><strong>Horario de llegada<\/strong><strong><\/strong><\/td><\/tr><\/thead><tbody><tr><td><strong>Monterrey \u2013 San Jos\u00e9<\/strong><\/td><td>Lunes y viernes<\/td><td>21:50 h<\/td><td>01:20 h (del d\u00eda siguiente)<\/td><\/tr><tr><td><strong>San Jos\u00e9 \u2013 Monterrey<\/strong><\/td><td>Martes y s\u00e1bados<\/td><td>02:20 h<\/td><td>06:50 h<\/td><\/tr><\/tbody><\/table><\/figure>\n\n\n\n<p>El Aeropuerto Internacional de Monterrey cuenta con 60 rutas activas, de las cuales 35 son nacionales y 25 internacionales, conectando con 9 pa\u00edses y con 11 de las 16 sedes del Mundial 2026. Gracias al trabajo coordinado entre OMA, las aerol\u00edneas y la Secretar\u00eda de Turismo de Nuevo Le\u00f3n, el aeropuerto se consolida como el segundo con m\u00e1s vuelos nacionales del pa\u00eds y un referente en conectividad a\u00e9rea en el norte de M\u00e9xico.<\/p>\n\n\n\n<p>\u201cLa apertura del nuevo servicio a\u00e9reo entre los Aeropuertos Internacionales de Monterrey y San Jos\u00e9, Costa Rica, refleja la visi\u00f3n y el esfuerzo para fortalecer la conectividad del hub del norte de M\u00e9xico. Con esta ruta, se detonar\u00e1 el intercambio comercial y cultural entre ambas ciudades e impulsar\u00e1 el turismo, los negocios y las visitas a familiares y amigos\u201d, se\u00f1al\u00f3 Ricardo Due\u00f1as, director general de OMA.<\/p>\n\n\n\n<p>\u201cEn el marco de nuestro aniversario n\u00famero 19, nos enorgullece seguir creando nuevas conexiones. Hoy estamos de fiesta, ya que estamos aterrizando en un destino completamente nuevo para nosotros. Costa Rica es uno de los destinos tur\u00edsticos m\u00e1s buscados en todo el continente, por lo que esta conexi\u00f3n refuerza nuestro estatus como l\u00edderes en la industria. Quiero invitar a todos nuestros pasajeros a que disfruten de esta nueva ruta a bordo de la flota m\u00e1s joven de M\u00e9xico y con el boleto de avi\u00f3n m\u00e1s poderoso en el mercado\u201d, afirm\u00f3 Juan Carlos Zuazua, director general de Viva.<\/p>\n\n\n\n<p>La Secretar\u00eda de Turismo de Nuevo Le\u00f3n impulsa una estrategia integral de conectividad a\u00e9rea que incluye la colaboraci\u00f3n con aerol\u00edneas nacionales e internacionales, con el objetivo de fortalecer la movilidad, la competitividad y la proyecci\u00f3n global del estado.<\/p>\n\n\n\n<p>Con esta nueva operaci\u00f3n, Nuevo Le\u00f3n refuerza su liderazgo nacional e internacional en conectividad a\u00e9rea y avanza en la consolidaci\u00f3n de su estrategia \u201cPonte Nuevo, Ponte Mundial\u201d, en sinton\u00eda con la campa\u00f1a estatal \u201cEl Mundial m\u00e1s norte\u00f1o est\u00e1 en Nuevo Le\u00f3n\u201d, que promueve el orgullo, la hospitalidad y la identidad regia rumbo al Mundial 2026. (<a href=\"https:\/\/nitu.mx\/index.php\/2025\/10\/08\/nuevo-leon-y-avianca-fortalecen-la-promocion-turistica-entre-monterrey-y-bogota\/\">Nuevo Le\u00f3n y Avianca fortalecen la promoci\u00f3n tur\u00edstica entre Monterrey y Bogot\u00e1<\/a>).<\/p>\n","protected":false},"excerpt":{"rendered":"<p>La Secretar\u00eda de Turismo de Nuevo Le\u00f3n acompa\u00f1\u00f3 el inicio de operaciones del vuelo Monterrey\u2013San Jos\u00e9, Costa Rica, realizado por Viva en el Aeropuerto Internacional de Monterrey, como parte del fortalecimiento de la conectividad a\u00e9rea y la cooperaci\u00f3n con aerol\u00edneas que apuestan por el crecimiento del estado. La secretaria Maricarmen Mart\u00ednez Villarreal destac\u00f3 que esta [&hellip;]<\/p>\n","protected":false},"author":17,"featured_media":84285,"comment_status":"closed","ping_status":"closed","sticky":false,"template":"","format":"standard","meta":{"footnotes":""},"categories":[29,5],"tags":[3953,491,850,701,1420,2628],"yoast_head":"<!-- This site is optimized with the Yoast SEO plugin v22.2 - https:\/\/yoast.com\/wordpress\/plugins\/seo\/ -->\n<title>Viva inicia operaciones de la ruta Monterrey-San Jos\u00e9, Costa Rica - Nitu - Noticias de la Industria Turistica<\/title>\n<meta name=\"robots\" content=\"index, follow, max-snippet:-1, max-image-preview:large, max-video-preview:-1\" \/>\n<link rel=\"canonical\" href=\"https:\/\/nitu.mx\/index.php\/2025\/11\/02\/viva-inicia-operaciones-de-la-ruta-monterrey-san-jose-costa-rica\/\" \/>\n<meta name=\"twitter:card\" content=\"summary_large_image\" \/>\n<meta name=\"twitter:title\" content=\"Viva inicia operaciones de la ruta Monterrey-San Jos\u00e9, Costa Rica - Nitu - Noticias de la Industria Turistica\" \/>\n<meta name=\"twitter:description\" content=\"La Secretar\u00eda de Turismo de Nuevo Le\u00f3n acompa\u00f1\u00f3 el inicio de operaciones del vuelo Monterrey\u2013San Jos\u00e9, Costa Rica, realizado por Viva en el Aeropuerto Internacional de Monterrey, como parte del fortalecimiento de la conectividad a\u00e9rea y la cooperaci\u00f3n con aerol\u00edneas que apuestan por el crecimiento del estado. La secretaria Maricarmen Mart\u00ednez Villarreal destac\u00f3 que esta [&hellip;]\" \/>\n<meta name=\"twitter:image\" content=\"https:\/\/nitu.mx\/wp-content\/uploads\/2025\/11\/vuelo-Monterrey-\u2013-San-Jose-Costa-Rica_01.jpg\" \/>\n<meta name=\"twitter:creator\" content=\"@NITUmx\" \/>\n<meta name=\"twitter:site\" content=\"@Arturo_Medina_G\" \/>\n<meta name=\"twitter:label1\" content=\"Escrito por\" \/>\n\t<meta name=\"twitter:data1\" content=\"Redacci\u00f3n\" \/>\n\t<meta name=\"twitter:label2\" content=\"Tiempo de lectura\" \/>\n\t<meta name=\"twitter:data2\" content=\"3 minutos\" \/>\n<script type=\"application\/ld+json\" class=\"yoast-schema-graph\">{\"@context\":\"https:\/\/schema.org\",\"@graph\":[{\"@type\":\"Article\",\"@id\":\"https:\/\/nitu.mx\/index.php\/2025\/11\/02\/viva-inicia-operaciones-de-la-ruta-monterrey-san-jose-costa-rica\/#article\",\"isPartOf\":{\"@id\":\"https:\/\/nitu.mx\/index.php\/2025\/11\/02\/viva-inicia-operaciones-de-la-ruta-monterrey-san-jose-costa-rica\/\"},\"author\":{\"name\":\"Redacci\u00f3n\",\"@id\":\"https:\/\/nitu.mx\/#\/schema\/person\/4a28fe9bd65924f7c90623773daf1b0b\"},\"headline\":\"Viva inicia operaciones de la ruta Monterrey-San Jos\u00e9, Costa Rica\",\"datePublished\":\"2025-11-03T03:00:02+00:00\",\"dateModified\":\"2025-11-03T03:00:03+00:00\",\"mainEntityOfPage\":{\"@id\":\"https:\/\/nitu.mx\/index.php\/2025\/11\/02\/viva-inicia-operaciones-de-la-ruta-monterrey-san-jose-costa-rica\/\"},\"wordCount\":592,\"publisher\":{\"@id\":\"https:\/\/nitu.mx\/#\/schema\/person\/ae7a53426417292d3dd07b45a33e01bc\"},\"image\":{\"@id\":\"https:\/\/nitu.mx\/index.php\/2025\/11\/02\/viva-inicia-operaciones-de-la-ruta-monterrey-san-jose-costa-rica\/#primaryimage\"},\"thumbnailUrl\":\"https:\/\/nitu.mx\/wp-content\/uploads\/2025\/11\/vuelo-Monterrey-\u2013-San-Jose-Costa-Rica_01.jpg\",\"keywords\":[\"conectividad\",\"Monterrey\",\"Nuevo Le\u00f3n\",\"OMA\",\"San Jos\u00e9\",\"Viva\"],\"articleSection\":[\"Aerol\u00edneas\",\"Destinos\"],\"inLanguage\":\"es-MX\"},{\"@type\":\"WebPage\",\"@id\":\"https:\/\/nitu.mx\/index.php\/2025\/11\/02\/viva-inicia-operaciones-de-la-ruta-monterrey-san-jose-costa-rica\/\",\"url\":\"https:\/\/nitu.mx\/index.php\/2025\/11\/02\/viva-inicia-operaciones-de-la-ruta-monterrey-san-jose-costa-rica\/\",\"name\":\"Viva inicia operaciones de la ruta Monterrey-San Jos\u00e9, Costa Rica - Nitu - Noticias de la Industria Turistica\",\"isPartOf\":{\"@id\":\"https:\/\/nitu.mx\/#website\"},\"primaryImageOfPage\":{\"@id\":\"https:\/\/nitu.mx\/index.php\/2025\/11\/02\/viva-inicia-operaciones-de-la-ruta-monterrey-san-jose-costa-rica\/#primaryimage\"},\"image\":{\"@id\":\"https:\/\/nitu.mx\/index.php\/2025\/11\/02\/viva-inicia-operaciones-de-la-ruta-monterrey-san-jose-costa-rica\/#primaryimage\"},\"thumbnailUrl\":\"https:\/\/nitu.mx\/wp-content\/uploads\/2025\/11\/vuelo-Monterrey-\u2013-San-Jose-Costa-Rica_01.jpg\",\"datePublished\":\"2025-11-03T03:00:02+00:00\",\"dateModified\":\"2025-11-03T03:00:03+00:00\",\"breadcrumb\":{\"@id\":\"https:\/\/nitu.mx\/index.php\/2025\/11\/02\/viva-inicia-operaciones-de-la-ruta-monterrey-san-jose-costa-rica\/#breadcrumb\"},\"inLanguage\":\"es-MX\",\"potentialAction\":[{\"@type\":\"ReadAction\",\"target\":[\"https:\/\/nitu.mx\/index.php\/2025\/11\/02\/viva-inicia-operaciones-de-la-ruta-monterrey-san-jose-costa-rica\/\"]}]},{\"@type\":\"ImageObject\",\"inLanguage\":\"es-MX\",\"@id\":\"https:\/\/nitu.mx\/index.php\/2025\/11\/02\/viva-inicia-operaciones-de-la-ruta-monterrey-san-jose-costa-rica\/#primaryimage\",\"url\":\"https:\/\/nitu.mx\/wp-content\/uploads\/2025\/11\/vuelo-Monterrey-\u2013-San-Jose-Costa-Rica_01.jpg\",\"contentUrl\":\"https:\/\/nitu.mx\/wp-content\/uploads\/2025\/11\/vuelo-Monterrey-\u2013-San-Jose-Costa-Rica_01.jpg\",\"width\":1200,\"height\":675,\"caption\":\"vuelo Monterrey \u2013 San Jose\u0301, Costa Rica_01\"},{\"@type\":\"BreadcrumbList\",\"@id\":\"https:\/\/nitu.mx\/index.php\/2025\/11\/02\/viva-inicia-operaciones-de-la-ruta-monterrey-san-jose-costa-rica\/#breadcrumb\",\"itemListElement\":[{\"@type\":\"ListItem\",\"position\":1,\"name\":\"Inicio\",\"item\":\"https:\/\/nitu.mx\/\"},{\"@type\":\"ListItem\",\"position\":2,\"name\":\"Viva inicia operaciones de la ruta Monterrey-San Jos\u00e9, Costa Rica\"}]},{\"@type\":\"WebSite\",\"@id\":\"https:\/\/nitu.mx\/#website\",\"url\":\"https:\/\/nitu.mx\/\",\"name\":\"Nitu - Noticias de la Industria Turistica\",\"description\":\"Noticias de la Industria Turistica\",\"publisher\":{\"@id\":\"https:\/\/nitu.mx\/#\/schema\/person\/ae7a53426417292d3dd07b45a33e01bc\"},\"alternateName\":\"Noticias de la Industria Turistica\",\"potentialAction\":[{\"@type\":\"SearchAction\",\"target\":{\"@type\":\"EntryPoint\",\"urlTemplate\":\"https:\/\/nitu.mx\/?s={search_term_string}\"},\"query-input\":\"required name=search_term_string\"}],\"inLanguage\":\"es-MX\"},{\"@type\":[\"Person\",\"Organization\"],\"@id\":\"https:\/\/nitu.mx\/#\/schema\/person\/ae7a53426417292d3dd07b45a33e01bc\",\"name\":\"Arturo Medina\",\"image\":{\"@type\":\"ImageObject\",\"inLanguage\":\"es-MX\",\"@id\":\"https:\/\/nitu.mx\/#\/schema\/person\/image\/\",\"url\":\"https:\/\/nitu.mx\/wp-content\/uploads\/2024\/04\/4A315622-1904-4D5C-B022-878CDC840E04-90x90-1.jpeg\",\"contentUrl\":\"https:\/\/nitu.mx\/wp-content\/uploads\/2024\/04\/4A315622-1904-4D5C-B022-878CDC840E04-90x90-1.jpeg\",\"width\":90,\"height\":90,\"caption\":\"Arturo Medina\"},\"logo\":{\"@id\":\"https:\/\/nitu.mx\/#\/schema\/person\/image\/\"},\"description\":\"Director NITU.mx, Egresado de la Escuela de Periodismo Carlos Septi\u00e9n Garc\u00eda. Periodista y analista especializado en turismo desde hace 35 a\u00f1os, radicado en Canc\u00fan Q.Roo. arturo@nitu.mx\",\"sameAs\":[\"https:\/\/nitu.mx\",\"https:\/\/www.facebook.com\/NITUmx\/\",\"medinacancun\",\"https:\/\/twitter.com\/@Arturo_Medina_G\"]},{\"@type\":\"Person\",\"@id\":\"https:\/\/nitu.mx\/#\/schema\/person\/4a28fe9bd65924f7c90623773daf1b0b\",\"name\":\"Redacci\u00f3n\",\"image\":{\"@type\":\"ImageObject\",\"inLanguage\":\"es-MX\",\"@id\":\"https:\/\/nitu.mx\/#\/schema\/person\/image\/\",\"url\":\"https:\/\/secure.gravatar.com\/avatar\/5dd011c8ccfc5cd7e4c81e42252aab38?s=96&d=mm&r=g\",\"contentUrl\":\"https:\/\/secure.gravatar.com\/avatar\/5dd011c8ccfc5cd7e4c81e42252aab38?s=96&d=mm&r=g\",\"caption\":\"Redacci\u00f3n\"},\"url\":\"https:\/\/nitu.mx\/index.php\/author\/redaccion\/\"}]}<\/script>\n<!-- \/ Yoast SEO plugin. -->","yoast_head_json":{"title":"Viva inicia operaciones de la ruta Monterrey-San Jos\u00e9, Costa Rica - Nitu - Noticias de la Industria Turistica","robots":{"index":"index","follow":"follow","max-snippet":"max-snippet:-1","max-image-preview":"max-image-preview:large","max-video-preview":"max-video-preview:-1"},"canonical":"https:\/\/nitu.mx\/index.php\/2025\/11\/02\/viva-inicia-operaciones-de-la-ruta-monterrey-san-jose-costa-rica\/","twitter_card":"summary_large_image","twitter_title":"Viva inicia operaciones de la ruta Monterrey-San Jos\u00e9, Costa Rica - Nitu - Noticias de la Industria Turistica","twitter_description":"La Secretar\u00eda de Turismo de Nuevo Le\u00f3n acompa\u00f1\u00f3 el inicio de operaciones del vuelo Monterrey\u2013San Jos\u00e9, Costa Rica, realizado por Viva en el Aeropuerto Internacional de Monterrey, como parte del fortalecimiento de la conectividad a\u00e9rea y la cooperaci\u00f3n con aerol\u00edneas que apuestan por el crecimiento del estado. La secretaria Maricarmen Mart\u00ednez Villarreal destac\u00f3 que esta [&hellip;]","twitter_image":"https:\/\/nitu.mx\/wp-content\/uploads\/2025\/11\/vuelo-Monterrey-\u2013-San-Jose-Costa-Rica_01.jpg","twitter_creator":"@NITUmx","twitter_site":"@Arturo_Medina_G","twitter_misc":{"Escrito por":"Redacci\u00f3n","Tiempo de lectura":"3 minutos"},"schema":{"@context":"https:\/\/schema.org","@graph":[{"@type":"Article","@id":"https:\/\/nitu.mx\/index.php\/2025\/11\/02\/viva-inicia-operaciones-de-la-ruta-monterrey-san-jose-costa-rica\/#article","isPartOf":{"@id":"https:\/\/nitu.mx\/index.php\/2025\/11\/02\/viva-inicia-operaciones-de-la-ruta-monterrey-san-jose-costa-rica\/"},"author":{"name":"Redacci\u00f3n","@id":"https:\/\/nitu.mx\/#\/schema\/person\/4a28fe9bd65924f7c90623773daf1b0b"},"headline":"Viva inicia operaciones de la ruta Monterrey-San Jos\u00e9, Costa Rica","datePublished":"2025-11-03T03:00:02+00:00","dateModified":"2025-11-03T03:00:03+00:00","mainEntityOfPage":{"@id":"https:\/\/nitu.mx\/index.php\/2025\/11\/02\/viva-inicia-operaciones-de-la-ruta-monterrey-san-jose-costa-rica\/"},"wordCount":592,"publisher":{"@id":"https:\/\/nitu.mx\/#\/schema\/person\/ae7a53426417292d3dd07b45a33e01bc"},"image":{"@id":"https:\/\/nitu.mx\/index.php\/2025\/11\/02\/viva-inicia-operaciones-de-la-ruta-monterrey-san-jose-costa-rica\/#primaryimage"},"thumbnailUrl":"https:\/\/nitu.mx\/wp-content\/uploads\/2025\/11\/vuelo-Monterrey-\u2013-San-Jose-Costa-Rica_01.jpg","keywords":["conectividad","Monterrey","Nuevo Le\u00f3n","OMA","San Jos\u00e9","Viva"],"articleSection":["Aerol\u00edneas","Destinos"],"inLanguage":"es-MX"},{"@type":"WebPage","@id":"https:\/\/nitu.mx\/index.php\/2025\/11\/02\/viva-inicia-operaciones-de-la-ruta-monterrey-san-jose-costa-rica\/","url":"https:\/\/nitu.mx\/index.php\/2025\/11\/02\/viva-inicia-operaciones-de-la-ruta-monterrey-san-jose-costa-rica\/","name":"Viva inicia operaciones de la ruta Monterrey-San Jos\u00e9, Costa Rica - Nitu - Noticias de la Industria Turistica","isPartOf":{"@id":"https:\/\/nitu.mx\/#website"},"primaryImageOfPage":{"@id":"https:\/\/nitu.mx\/index.php\/2025\/11\/02\/viva-inicia-operaciones-de-la-ruta-monterrey-san-jose-costa-rica\/#primaryimage"},"image":{"@id":"https:\/\/nitu.mx\/index.php\/2025\/11\/02\/viva-inicia-operaciones-de-la-ruta-monterrey-san-jose-costa-rica\/#primaryimage"},"thumbnailUrl":"https:\/\/nitu.mx\/wp-content\/uploads\/2025\/11\/vuelo-Monterrey-\u2013-San-Jose-Costa-Rica_01.jpg","datePublished":"2025-11-03T03:00:02+00:00","dateModified":"2025-11-03T03:00:03+00:00","breadcrumb":{"@id":"https:\/\/nitu.mx\/index.php\/2025\/11\/02\/viva-inicia-operaciones-de-la-ruta-monterrey-san-jose-costa-rica\/#breadcrumb"},"inLanguage":"es-MX","potentialAction":[{"@type":"ReadAction","target":["https:\/\/nitu.mx\/index.php\/2025\/11\/02\/viva-inicia-operaciones-de-la-ruta-monterrey-san-jose-costa-rica\/"]}]},{"@type":"ImageObject","inLanguage":"es-MX","@id":"https:\/\/nitu.mx\/index.php\/2025\/11\/02\/viva-inicia-operaciones-de-la-ruta-monterrey-san-jose-costa-rica\/#primaryimage","url":"https:\/\/nitu.mx\/wp-content\/uploads\/2025\/11\/vuelo-Monterrey-\u2013-San-Jose-Costa-Rica_01.jpg","contentUrl":"https:\/\/nitu.mx\/wp-content\/uploads\/2025\/11\/vuelo-Monterrey-\u2013-San-Jose-Costa-Rica_01.jpg","width":1200,"height":675,"caption":"vuelo Monterrey \u2013 San Jose\u0301, Costa Rica_01"},{"@type":"BreadcrumbList","@id":"https:\/\/nitu.mx\/index.php\/2025\/11\/02\/viva-inicia-operaciones-de-la-ruta-monterrey-san-jose-costa-rica\/#breadcrumb","itemListElement":[{"@type":"ListItem","position":1,"name":"Inicio","item":"https:\/\/nitu.mx\/"},{"@type":"ListItem","position":2,"name":"Viva inicia operaciones de la ruta Monterrey-San Jos\u00e9, Costa Rica"}]},{"@type":"WebSite","@id":"https:\/\/nitu.mx\/#website","url":"https:\/\/nitu.mx\/","name":"Nitu - Noticias de la Industria Turistica","description":"Noticias de la Industria Turistica","publisher":{"@id":"https:\/\/nitu.mx\/#\/schema\/person\/ae7a53426417292d3dd07b45a33e01bc"},"alternateName":"Noticias de la Industria Turistica","potentialAction":[{"@type":"SearchAction","target":{"@type":"EntryPoint","urlTemplate":"https:\/\/nitu.mx\/?s={search_term_string}"},"query-input":"required name=search_term_string"}],"inLanguage":"es-MX"},{"@type":["Person","Organization"],"@id":"https:\/\/nitu.mx\/#\/schema\/person\/ae7a53426417292d3dd07b45a33e01bc","name":"Arturo Medina","image":{"@type":"ImageObject","inLanguage":"es-MX","@id":"https:\/\/nitu.mx\/#\/schema\/person\/image\/","url":"https:\/\/nitu.mx\/wp-content\/uploads\/2024\/04\/4A315622-1904-4D5C-B022-878CDC840E04-90x90-1.jpeg","contentUrl":"https:\/\/nitu.mx\/wp-content\/uploads\/2024\/04\/4A315622-1904-4D5C-B022-878CDC840E04-90x90-1.jpeg","width":90,"height":90,"caption":"Arturo Medina"},"logo":{"@id":"https:\/\/nitu.mx\/#\/schema\/person\/image\/"},"description":"Director NITU.mx, Egresado de la Escuela de Periodismo Carlos Septi\u00e9n Garc\u00eda. Periodista y analista especializado en turismo desde hace 35 a\u00f1os, radicado en Canc\u00fan Q.Roo. arturo@nitu.mx","sameAs":["https:\/\/nitu.mx","https:\/\/www.facebook.com\/NITUmx\/","medinacancun","https:\/\/twitter.com\/@Arturo_Medina_G"]},{"@type":"Person","@id":"https:\/\/nitu.mx\/#\/schema\/person\/4a28fe9bd65924f7c90623773daf1b0b","name":"Redacci\u00f3n","image":{"@type":"ImageObject","inLanguage":"es-MX","@id":"https:\/\/nitu.mx\/#\/schema\/person\/image\/","url":"https:\/\/secure.gravatar.com\/avatar\/5dd011c8ccfc5cd7e4c81e42252aab38?s=96&d=mm&r=g","contentUrl":"https:\/\/secure.gravatar.com\/avatar\/5dd011c8ccfc5cd7e4c81e42252aab38?s=96&d=mm&r=g","caption":"Redacci\u00f3n"},"url":"https:\/\/nitu.mx\/index.php\/author\/redaccion\/"}]}},"views":496,"_links":{"self":[{"href":"https:\/\/nitu.mx\/index.php\/wp-json\/wp\/v2\/posts\/84283"}],"collection":[{"href":"https:\/\/nitu.mx\/index.php\/wp-json\/wp\/v2\/posts"}],"about":[{"href":"https:\/\/nitu.mx\/index.php\/wp-json\/wp\/v2\/types\/post"}],"author":[{"embeddable":true,"href":"https:\/\/nitu.mx\/index.php\/wp-json\/wp\/v2\/users\/17"}],"replies":[{"embeddable":true,"href":"https:\/\/nitu.mx\/index.php\/wp-json\/wp\/v2\/comments?post=84283"}],"version-history":[{"count":1,"href":"https:\/\/nitu.mx\/index.php\/wp-json\/wp\/v2\/posts\/84283\/revisions"}],"predecessor-version":[{"id":84286,"href":"https:\/\/nitu.mx\/index.php\/wp-json\/wp\/v2\/posts\/84283\/revisions\/84286"}],"wp:featuredmedia":[{"embeddable":true,"href":"https:\/\/nitu.mx\/index.php\/wp-json\/wp\/v2\/media\/84285"}],"wp:attachment":[{"href":"https:\/\/nitu.mx\/index.php\/wp-json\/wp\/v2\/media?parent=84283"}],"wp:term":[{"taxonomy":"category","embeddable":true,"href":"https:\/\/nitu.mx\/index.php\/wp-json\/wp\/v2\/categories?post=84283"},{"taxonomy":"post_tag","embeddable":true,"href":"https:\/\/nitu.mx\/index.php\/wp-json\/wp\/v2\/tags?post=84283"}],"curies":[{"name":"wp","href":"https:\/\/api.w.org\/{rel}","templated":true}]}}