{"id":84280,"date":"2025-11-02T20:34:57","date_gmt":"2025-11-03T02:34:57","guid":{"rendered":"https:\/\/nitu.mx\/?p=84280"},"modified":"2025-11-02T20:34:58","modified_gmt":"2025-11-03T02:34:58","slug":"pib-turistico-crece-0-4-en-el-segundo-trimestre-de-2025","status":"publish","type":"post","link":"https:\/\/nitu.mx\/index.php\/2025\/11\/02\/pib-turistico-crece-0-4-en-el-segundo-trimestre-de-2025\/","title":{"rendered":"PIB Tur\u00edstico crece 0.4% en el segundo trimestre de 2025"},"content":{"rendered":"\n<p>La secretaria de Turismo federal, Josefina Rodr\u00edguez Zamora, inform\u00f3 que, de acuerdo con los resultados de los Indicadores Trimestrales de la Actividad Tur\u00edstica (ITAT) del Instituto Nacional de Estad\u00edstica y Geograf\u00eda (INEGI), el Indicador Trimestral del PIB Tur\u00edstico, registr\u00f3 un crecimiento de de 0.4 por ciento en comparaci\u00f3n con el primer trimestre de 2025 y de 0.3 por ciento respecto al mismo periodo de 2024.<\/p>\n\n\n\n<p>Asimismo, destac\u00f3 que el Consumo Tur\u00edstico Interior mostr\u00f3 un comportamiento positivo, con un aumento de 0.8 por ciento respecto al trimestre anterior, y de 1.9 por ciento anual, reflejando una mayor movilidad y dinamismo del turismo interno.<\/p>\n\n\n\n<p>Agreg\u00f3 que estos resultados reafirman el compromiso del Gobierno de M\u00e9xico con la innovaci\u00f3n, la sostenibilidad y la inclusi\u00f3n en el desarrollo de los destinos tur\u00edsticos del pa\u00eds.<\/p>\n\n\n\n<p>Rodr\u00edguez Zamora destac\u00f3 que el ingreso derivado de la actividad tur\u00edstica mantiene una tendencia ascendente gracias a la colaboraci\u00f3n con los gobiernos estatales y municipales.<\/p>\n\n\n\n<p>Resalt\u00f3 que la consolidaci\u00f3n del turismo nacional es reflejo de una estrategia coordinada que fomenta la inversi\u00f3n, la capacitaci\u00f3n y la diversificaci\u00f3n de la oferta tur\u00edstica en todo el pa\u00eds. Por otra parte, manifest\u00f3 que el trabajo conjunto con los sectores p\u00fablico y privado seguir\u00e1 enfocado en fortalecer el consumo interno y las econom\u00edas locales.<\/p>\n\n\n\n<p>\u201cEl turismo es una fuerza viva que impulsa el desarrollo y la unidad de M\u00e9xico. Seguiremos trabajando para que sus beneficios lleguen a todas y todos\u201d, concluy\u00f3. (<a href=\"https:\/\/nitu.mx\/index.php\/2025\/02\/09\/pib-turistico-crece-1-2-en-el-tercer-trimestre-de-2024-reporta-sectur\/\">PIB Tur\u00edstico crece 1.2% en el tercer trimestre de 2024, reporta Sectur<\/a>).<\/p>\n","protected":false},"excerpt":{"rendered":"<p>La secretaria de Turismo federal, Josefina Rodr\u00edguez Zamora, inform\u00f3 que, de acuerdo con los resultados de los Indicadores Trimestrales de la Actividad Tur\u00edstica (ITAT) del Instituto Nacional de Estad\u00edstica y Geograf\u00eda (INEGI), el Indicador Trimestral del PIB Tur\u00edstico, registr\u00f3 un crecimiento de de 0.4 por ciento en comparaci\u00f3n con el primer trimestre de 2025 y [&hellip;]<\/p>\n","protected":false},"author":17,"featured_media":83553,"comment_status":"closed","ping_status":"closed","sticky":false,"template":"","format":"standard","meta":{"footnotes":""},"categories":[12],"tags":[25659,10066,93],"yoast_head":"<!-- This site is optimized with the Yoast SEO plugin v22.2 - https:\/\/yoast.com\/wordpress\/plugins\/seo\/ -->\n<title>PIB Tur\u00edstico crece 0.4% en el segundo trimestre de 2025 - Nitu - Noticias de la Industria Turistica<\/title>\n<meta name=\"robots\" content=\"index, follow, max-snippet:-1, max-image-preview:large, max-video-preview:-1\" \/>\n<link rel=\"canonical\" href=\"https:\/\/nitu.mx\/index.php\/2025\/11\/02\/pib-turistico-crece-0-4-en-el-segundo-trimestre-de-2025\/\" \/>\n<meta name=\"twitter:card\" content=\"summary_large_image\" \/>\n<meta name=\"twitter:title\" content=\"PIB Tur\u00edstico crece 0.4% en el segundo trimestre de 2025 - Nitu - Noticias de la Industria Turistica\" \/>\n<meta name=\"twitter:description\" content=\"La secretaria de Turismo federal, Josefina Rodr\u00edguez Zamora, inform\u00f3 que, de acuerdo con los resultados de los Indicadores Trimestrales de la Actividad Tur\u00edstica (ITAT) del Instituto Nacional de Estad\u00edstica y Geograf\u00eda (INEGI), el Indicador Trimestral del PIB Tur\u00edstico, registr\u00f3 un crecimiento de de 0.4 por ciento en comparaci\u00f3n con el primer trimestre de 2025 y [&hellip;]\" \/>\n<meta name=\"twitter:image\" content=\"https:\/\/nitu.mx\/wp-content\/uploads\/2025\/09\/Cancun-turistas-playa-inversion-turistica.jpg\" \/>\n<meta name=\"twitter:creator\" content=\"@NITUmx\" \/>\n<meta name=\"twitter:site\" content=\"@Arturo_Medina_G\" \/>\n<meta name=\"twitter:label1\" content=\"Escrito por\" \/>\n\t<meta name=\"twitter:data1\" content=\"Redacci\u00f3n\" \/>\n\t<meta name=\"twitter:label2\" content=\"Tiempo de lectura\" \/>\n\t<meta name=\"twitter:data2\" content=\"1 minuto\" \/>\n<script type=\"application\/ld+json\" class=\"yoast-schema-graph\">{\"@context\":\"https:\/\/schema.org\",\"@graph\":[{\"@type\":\"Article\",\"@id\":\"https:\/\/nitu.mx\/index.php\/2025\/11\/02\/pib-turistico-crece-0-4-en-el-segundo-trimestre-de-2025\/#article\",\"isPartOf\":{\"@id\":\"https:\/\/nitu.mx\/index.php\/2025\/11\/02\/pib-turistico-crece-0-4-en-el-segundo-trimestre-de-2025\/\"},\"author\":{\"name\":\"Redacci\u00f3n\",\"@id\":\"https:\/\/nitu.mx\/#\/schema\/person\/4a28fe9bd65924f7c90623773daf1b0b\"},\"headline\":\"PIB Tur\u00edstico crece 0.4% en el segundo trimestre de 2025\",\"datePublished\":\"2025-11-03T02:34:57+00:00\",\"dateModified\":\"2025-11-03T02:34:58+00:00\",\"mainEntityOfPage\":{\"@id\":\"https:\/\/nitu.mx\/index.php\/2025\/11\/02\/pib-turistico-crece-0-4-en-el-segundo-trimestre-de-2025\/\"},\"wordCount\":275,\"publisher\":{\"@id\":\"https:\/\/nitu.mx\/#\/schema\/person\/ae7a53426417292d3dd07b45a33e01bc\"},\"image\":{\"@id\":\"https:\/\/nitu.mx\/index.php\/2025\/11\/02\/pib-turistico-crece-0-4-en-el-segundo-trimestre-de-2025\/#primaryimage\"},\"thumbnailUrl\":\"https:\/\/nitu.mx\/wp-content\/uploads\/2025\/09\/Cancun-turistas-playa-inversion-turistica.jpg\",\"keywords\":[\"Josefina Rodr\u00edguez\",\"PIB tur\u00edstico\",\"Sectur\"],\"articleSection\":[\"Marketing\"],\"inLanguage\":\"es-MX\"},{\"@type\":\"WebPage\",\"@id\":\"https:\/\/nitu.mx\/index.php\/2025\/11\/02\/pib-turistico-crece-0-4-en-el-segundo-trimestre-de-2025\/\",\"url\":\"https:\/\/nitu.mx\/index.php\/2025\/11\/02\/pib-turistico-crece-0-4-en-el-segundo-trimestre-de-2025\/\",\"name\":\"PIB Tur\u00edstico crece 0.4% en el segundo trimestre de 2025 - Nitu - Noticias de la Industria Turistica\",\"isPartOf\":{\"@id\":\"https:\/\/nitu.mx\/#website\"},\"primaryImageOfPage\":{\"@id\":\"https:\/\/nitu.mx\/index.php\/2025\/11\/02\/pib-turistico-crece-0-4-en-el-segundo-trimestre-de-2025\/#primaryimage\"},\"image\":{\"@id\":\"https:\/\/nitu.mx\/index.php\/2025\/11\/02\/pib-turistico-crece-0-4-en-el-segundo-trimestre-de-2025\/#primaryimage\"},\"thumbnailUrl\":\"https:\/\/nitu.mx\/wp-content\/uploads\/2025\/09\/Cancun-turistas-playa-inversion-turistica.jpg\",\"datePublished\":\"2025-11-03T02:34:57+00:00\",\"dateModified\":\"2025-11-03T02:34:58+00:00\",\"breadcrumb\":{\"@id\":\"https:\/\/nitu.mx\/index.php\/2025\/11\/02\/pib-turistico-crece-0-4-en-el-segundo-trimestre-de-2025\/#breadcrumb\"},\"inLanguage\":\"es-MX\",\"potentialAction\":[{\"@type\":\"ReadAction\",\"target\":[\"https:\/\/nitu.mx\/index.php\/2025\/11\/02\/pib-turistico-crece-0-4-en-el-segundo-trimestre-de-2025\/\"]}]},{\"@type\":\"ImageObject\",\"inLanguage\":\"es-MX\",\"@id\":\"https:\/\/nitu.mx\/index.php\/2025\/11\/02\/pib-turistico-crece-0-4-en-el-segundo-trimestre-de-2025\/#primaryimage\",\"url\":\"https:\/\/nitu.mx\/wp-content\/uploads\/2025\/09\/Cancun-turistas-playa-inversion-turistica.jpg\",\"contentUrl\":\"https:\/\/nitu.mx\/wp-content\/uploads\/2025\/09\/Cancun-turistas-playa-inversion-turistica.jpg\",\"width\":1200,\"height\":675,\"caption\":\"Canc\u00fan turistas playa inversi\u00f3n tur\u00edstica\"},{\"@type\":\"BreadcrumbList\",\"@id\":\"https:\/\/nitu.mx\/index.php\/2025\/11\/02\/pib-turistico-crece-0-4-en-el-segundo-trimestre-de-2025\/#breadcrumb\",\"itemListElement\":[{\"@type\":\"ListItem\",\"position\":1,\"name\":\"Inicio\",\"item\":\"https:\/\/nitu.mx\/\"},{\"@type\":\"ListItem\",\"position\":2,\"name\":\"PIB Tur\u00edstico crece 0.4% en el segundo trimestre de 2025\"}]},{\"@type\":\"WebSite\",\"@id\":\"https:\/\/nitu.mx\/#website\",\"url\":\"https:\/\/nitu.mx\/\",\"name\":\"Nitu - Noticias de la Industria Turistica\",\"description\":\"Noticias de la Industria Turistica\",\"publisher\":{\"@id\":\"https:\/\/nitu.mx\/#\/schema\/person\/ae7a53426417292d3dd07b45a33e01bc\"},\"alternateName\":\"Noticias de la Industria Turistica\",\"potentialAction\":[{\"@type\":\"SearchAction\",\"target\":{\"@type\":\"EntryPoint\",\"urlTemplate\":\"https:\/\/nitu.mx\/?s={search_term_string}\"},\"query-input\":\"required name=search_term_string\"}],\"inLanguage\":\"es-MX\"},{\"@type\":[\"Person\",\"Organization\"],\"@id\":\"https:\/\/nitu.mx\/#\/schema\/person\/ae7a53426417292d3dd07b45a33e01bc\",\"name\":\"Arturo Medina\",\"image\":{\"@type\":\"ImageObject\",\"inLanguage\":\"es-MX\",\"@id\":\"https:\/\/nitu.mx\/#\/schema\/person\/image\/\",\"url\":\"https:\/\/nitu.mx\/wp-content\/uploads\/2024\/04\/4A315622-1904-4D5C-B022-878CDC840E04-90x90-1.jpeg\",\"contentUrl\":\"https:\/\/nitu.mx\/wp-content\/uploads\/2024\/04\/4A315622-1904-4D5C-B022-878CDC840E04-90x90-1.jpeg\",\"width\":90,\"height\":90,\"caption\":\"Arturo Medina\"},\"logo\":{\"@id\":\"https:\/\/nitu.mx\/#\/schema\/person\/image\/\"},\"description\":\"Director NITU.mx, Egresado de la Escuela de Periodismo Carlos Septi\u00e9n Garc\u00eda. Periodista y analista especializado en turismo desde hace 35 a\u00f1os, radicado en Canc\u00fan Q.Roo. arturo@nitu.mx\",\"sameAs\":[\"https:\/\/nitu.mx\",\"https:\/\/www.facebook.com\/NITUmx\/\",\"medinacancun\",\"https:\/\/twitter.com\/@Arturo_Medina_G\"]},{\"@type\":\"Person\",\"@id\":\"https:\/\/nitu.mx\/#\/schema\/person\/4a28fe9bd65924f7c90623773daf1b0b\",\"name\":\"Redacci\u00f3n\",\"image\":{\"@type\":\"ImageObject\",\"inLanguage\":\"es-MX\",\"@id\":\"https:\/\/nitu.mx\/#\/schema\/person\/image\/\",\"url\":\"https:\/\/secure.gravatar.com\/avatar\/5dd011c8ccfc5cd7e4c81e42252aab38?s=96&d=mm&r=g\",\"contentUrl\":\"https:\/\/secure.gravatar.com\/avatar\/5dd011c8ccfc5cd7e4c81e42252aab38?s=96&d=mm&r=g\",\"caption\":\"Redacci\u00f3n\"},\"url\":\"https:\/\/nitu.mx\/index.php\/author\/redaccion\/\"}]}<\/script>\n<!-- \/ Yoast SEO plugin. -->","yoast_head_json":{"title":"PIB Tur\u00edstico crece 0.4% en el segundo trimestre de 2025 - Nitu - Noticias de la Industria Turistica","robots":{"index":"index","follow":"follow","max-snippet":"max-snippet:-1","max-image-preview":"max-image-preview:large","max-video-preview":"max-video-preview:-1"},"canonical":"https:\/\/nitu.mx\/index.php\/2025\/11\/02\/pib-turistico-crece-0-4-en-el-segundo-trimestre-de-2025\/","twitter_card":"summary_large_image","twitter_title":"PIB Tur\u00edstico crece 0.4% en el segundo trimestre de 2025 - Nitu - Noticias de la Industria Turistica","twitter_description":"La secretaria de Turismo federal, Josefina Rodr\u00edguez Zamora, inform\u00f3 que, de acuerdo con los resultados de los Indicadores Trimestrales de la Actividad Tur\u00edstica (ITAT) del Instituto Nacional de Estad\u00edstica y Geograf\u00eda (INEGI), el Indicador Trimestral del PIB Tur\u00edstico, registr\u00f3 un crecimiento de de 0.4 por ciento en comparaci\u00f3n con el primer trimestre de 2025 y [&hellip;]","twitter_image":"https:\/\/nitu.mx\/wp-content\/uploads\/2025\/09\/Cancun-turistas-playa-inversion-turistica.jpg","twitter_creator":"@NITUmx","twitter_site":"@Arturo_Medina_G","twitter_misc":{"Escrito por":"Redacci\u00f3n","Tiempo de lectura":"1 minuto"},"schema":{"@context":"https:\/\/schema.org","@graph":[{"@type":"Article","@id":"https:\/\/nitu.mx\/index.php\/2025\/11\/02\/pib-turistico-crece-0-4-en-el-segundo-trimestre-de-2025\/#article","isPartOf":{"@id":"https:\/\/nitu.mx\/index.php\/2025\/11\/02\/pib-turistico-crece-0-4-en-el-segundo-trimestre-de-2025\/"},"author":{"name":"Redacci\u00f3n","@id":"https:\/\/nitu.mx\/#\/schema\/person\/4a28fe9bd65924f7c90623773daf1b0b"},"headline":"PIB Tur\u00edstico crece 0.4% en el segundo trimestre de 2025","datePublished":"2025-11-03T02:34:57+00:00","dateModified":"2025-11-03T02:34:58+00:00","mainEntityOfPage":{"@id":"https:\/\/nitu.mx\/index.php\/2025\/11\/02\/pib-turistico-crece-0-4-en-el-segundo-trimestre-de-2025\/"},"wordCount":275,"publisher":{"@id":"https:\/\/nitu.mx\/#\/schema\/person\/ae7a53426417292d3dd07b45a33e01bc"},"image":{"@id":"https:\/\/nitu.mx\/index.php\/2025\/11\/02\/pib-turistico-crece-0-4-en-el-segundo-trimestre-de-2025\/#primaryimage"},"thumbnailUrl":"https:\/\/nitu.mx\/wp-content\/uploads\/2025\/09\/Cancun-turistas-playa-inversion-turistica.jpg","keywords":["Josefina Rodr\u00edguez","PIB tur\u00edstico","Sectur"],"articleSection":["Marketing"],"inLanguage":"es-MX"},{"@type":"WebPage","@id":"https:\/\/nitu.mx\/index.php\/2025\/11\/02\/pib-turistico-crece-0-4-en-el-segundo-trimestre-de-2025\/","url":"https:\/\/nitu.mx\/index.php\/2025\/11\/02\/pib-turistico-crece-0-4-en-el-segundo-trimestre-de-2025\/","name":"PIB Tur\u00edstico crece 0.4% en el segundo trimestre de 2025 - Nitu - Noticias de la Industria Turistica","isPartOf":{"@id":"https:\/\/nitu.mx\/#website"},"primaryImageOfPage":{"@id":"https:\/\/nitu.mx\/index.php\/2025\/11\/02\/pib-turistico-crece-0-4-en-el-segundo-trimestre-de-2025\/#primaryimage"},"image":{"@id":"https:\/\/nitu.mx\/index.php\/2025\/11\/02\/pib-turistico-crece-0-4-en-el-segundo-trimestre-de-2025\/#primaryimage"},"thumbnailUrl":"https:\/\/nitu.mx\/wp-content\/uploads\/2025\/09\/Cancun-turistas-playa-inversion-turistica.jpg","datePublished":"2025-11-03T02:34:57+00:00","dateModified":"2025-11-03T02:34:58+00:00","breadcrumb":{"@id":"https:\/\/nitu.mx\/index.php\/2025\/11\/02\/pib-turistico-crece-0-4-en-el-segundo-trimestre-de-2025\/#breadcrumb"},"inLanguage":"es-MX","potentialAction":[{"@type":"ReadAction","target":["https:\/\/nitu.mx\/index.php\/2025\/11\/02\/pib-turistico-crece-0-4-en-el-segundo-trimestre-de-2025\/"]}]},{"@type":"ImageObject","inLanguage":"es-MX","@id":"https:\/\/nitu.mx\/index.php\/2025\/11\/02\/pib-turistico-crece-0-4-en-el-segundo-trimestre-de-2025\/#primaryimage","url":"https:\/\/nitu.mx\/wp-content\/uploads\/2025\/09\/Cancun-turistas-playa-inversion-turistica.jpg","contentUrl":"https:\/\/nitu.mx\/wp-content\/uploads\/2025\/09\/Cancun-turistas-playa-inversion-turistica.jpg","width":1200,"height":675,"caption":"Canc\u00fan turistas playa inversi\u00f3n tur\u00edstica"},{"@type":"BreadcrumbList","@id":"https:\/\/nitu.mx\/index.php\/2025\/11\/02\/pib-turistico-crece-0-4-en-el-segundo-trimestre-de-2025\/#breadcrumb","itemListElement":[{"@type":"ListItem","position":1,"name":"Inicio","item":"https:\/\/nitu.mx\/"},{"@type":"ListItem","position":2,"name":"PIB Tur\u00edstico crece 0.4% en el segundo trimestre de 2025"}]},{"@type":"WebSite","@id":"https:\/\/nitu.mx\/#website","url":"https:\/\/nitu.mx\/","name":"Nitu - Noticias de la Industria Turistica","description":"Noticias de la Industria Turistica","publisher":{"@id":"https:\/\/nitu.mx\/#\/schema\/person\/ae7a53426417292d3dd07b45a33e01bc"},"alternateName":"Noticias de la Industria Turistica","potentialAction":[{"@type":"SearchAction","target":{"@type":"EntryPoint","urlTemplate":"https:\/\/nitu.mx\/?s={search_term_string}"},"query-input":"required name=search_term_string"}],"inLanguage":"es-MX"},{"@type":["Person","Organization"],"@id":"https:\/\/nitu.mx\/#\/schema\/person\/ae7a53426417292d3dd07b45a33e01bc","name":"Arturo Medina","image":{"@type":"ImageObject","inLanguage":"es-MX","@id":"https:\/\/nitu.mx\/#\/schema\/person\/image\/","url":"https:\/\/nitu.mx\/wp-content\/uploads\/2024\/04\/4A315622-1904-4D5C-B022-878CDC840E04-90x90-1.jpeg","contentUrl":"https:\/\/nitu.mx\/wp-content\/uploads\/2024\/04\/4A315622-1904-4D5C-B022-878CDC840E04-90x90-1.jpeg","width":90,"height":90,"caption":"Arturo Medina"},"logo":{"@id":"https:\/\/nitu.mx\/#\/schema\/person\/image\/"},"description":"Director NITU.mx, Egresado de la Escuela de Periodismo Carlos Septi\u00e9n Garc\u00eda. Periodista y analista especializado en turismo desde hace 35 a\u00f1os, radicado en Canc\u00fan Q.Roo. arturo@nitu.mx","sameAs":["https:\/\/nitu.mx","https:\/\/www.facebook.com\/NITUmx\/","medinacancun","https:\/\/twitter.com\/@Arturo_Medina_G"]},{"@type":"Person","@id":"https:\/\/nitu.mx\/#\/schema\/person\/4a28fe9bd65924f7c90623773daf1b0b","name":"Redacci\u00f3n","image":{"@type":"ImageObject","inLanguage":"es-MX","@id":"https:\/\/nitu.mx\/#\/schema\/person\/image\/","url":"https:\/\/secure.gravatar.com\/avatar\/5dd011c8ccfc5cd7e4c81e42252aab38?s=96&d=mm&r=g","contentUrl":"https:\/\/secure.gravatar.com\/avatar\/5dd011c8ccfc5cd7e4c81e42252aab38?s=96&d=mm&r=g","caption":"Redacci\u00f3n"},"url":"https:\/\/nitu.mx\/index.php\/author\/redaccion\/"}]}},"views":383,"_links":{"self":[{"href":"https:\/\/nitu.mx\/index.php\/wp-json\/wp\/v2\/posts\/84280"}],"collection":[{"href":"https:\/\/nitu.mx\/index.php\/wp-json\/wp\/v2\/posts"}],"about":[{"href":"https:\/\/nitu.mx\/index.php\/wp-json\/wp\/v2\/types\/post"}],"author":[{"embeddable":true,"href":"https:\/\/nitu.mx\/index.php\/wp-json\/wp\/v2\/users\/17"}],"replies":[{"embeddable":true,"href":"https:\/\/nitu.mx\/index.php\/wp-json\/wp\/v2\/comments?post=84280"}],"version-history":[{"count":1,"href":"https:\/\/nitu.mx\/index.php\/wp-json\/wp\/v2\/posts\/84280\/revisions"}],"predecessor-version":[{"id":84282,"href":"https:\/\/nitu.mx\/index.php\/wp-json\/wp\/v2\/posts\/84280\/revisions\/84282"}],"wp:featuredmedia":[{"embeddable":true,"href":"https:\/\/nitu.mx\/index.php\/wp-json\/wp\/v2\/media\/83553"}],"wp:attachment":[{"href":"https:\/\/nitu.mx\/index.php\/wp-json\/wp\/v2\/media?parent=84280"}],"wp:term":[{"taxonomy":"category","embeddable":true,"href":"https:\/\/nitu.mx\/index.php\/wp-json\/wp\/v2\/categories?post=84280"},{"taxonomy":"post_tag","embeddable":true,"href":"https:\/\/nitu.mx\/index.php\/wp-json\/wp\/v2\/tags?post=84280"}],"curies":[{"name":"wp","href":"https:\/\/api.w.org\/{rel}","templated":true}]}}