{"id":84264,"date":"2025-10-30T13:44:34","date_gmt":"2025-10-30T19:44:34","guid":{"rendered":"https:\/\/nitu.mx\/?p=84264"},"modified":"2025-10-30T13:44:35","modified_gmt":"2025-10-30T19:44:35","slug":"espera-sectur-aumento-de-2-3-puntos-en-la-ocupacion-por-dia-de-muertos","status":"publish","type":"post","link":"https:\/\/nitu.mx\/index.php\/2025\/10\/30\/espera-sectur-aumento-de-2-3-puntos-en-la-ocupacion-por-dia-de-muertos\/","title":{"rendered":"Espera SECTUR aumento de 2.3 puntos en la ocupaci\u00f3n por dia de muertos"},"content":{"rendered":"\n<p>Con la llegada de las celebraciones del D\u00eda de Muertos, se estima que la ocupaci\u00f3n hotelera en M\u00e9xico crecer\u00e1 un 2.3% respecto al a\u00f1o anterior, alcanzando la cifra de 1 mill\u00f3n 608 mil turistas entre el 27 de octubre y el 2 de noviembre, seg\u00fan datos proporcionados por la secretaria de Turismo, Josefina Rodr\u00edguez Zamora.<\/p>\n\n\n\n<p>De ese total, el 73% de los visitantes ser\u00e1n nacionales y el 27% extranjeros, lo que evidencia el atractivo internacional de las tradiciones mexicanas. \u201cEl D\u00eda de Muertos es una festividad \u00fanica, llena de color y alegr\u00eda, en la que honramos la vida a trav\u00e9s de nuestras costumbres. No existe en ning\u00fan otro lugar del mundo una manifestaci\u00f3n tan vibrante y emotiva, capaz de unir familias, despertar el inter\u00e9s de millones y llenarnos de orgullo como pa\u00eds\u201d, resalt\u00f3 la funcionaria.<\/p>\n\n\n\n<p>Los destinos que recibir\u00e1n la mayor afluencia tur\u00edstica incluyen la Ciudad de M\u00e9xico, Canc\u00fan, Riviera Maya, Guadalajara y Monterrey. Asimismo, ciudades como Acapulco, Puerto Vallarta y Mazatl\u00e1n contin\u00faan mostrando un crecimiento sostenido, lo que fortalece el turismo regional.<\/p>\n\n\n\n<p>Durante esta semana festiva, se espera que la ocupaci\u00f3n hotelera promedio alcance el 60.8%, lo que representa un incremento de 1.4 puntos porcentuales en comparaci\u00f3n con 2024. Esto confirma la relevancia del turismo cultural en M\u00e9xico y el impacto econ\u00f3mico de esta tradici\u00f3n ancestral.<\/p>\n\n\n\n<p>Finalmente, la Secretar\u00eda de Turismo reiter\u00f3 su compromiso de impulsar y proteger las expresiones culturales del pa\u00eds, destacando que celebraciones como el D\u00eda de Muertos ofrecen experiencias \u00fanicas que trascienden fronteras y refuerzan la identidad mexicana.<\/p>\n","protected":false},"excerpt":{"rendered":"<p>Con la llegada de las celebraciones del D\u00eda de Muertos, se estima que la ocupaci\u00f3n hotelera en M\u00e9xico crecer\u00e1 un 2.3% respecto al a\u00f1o anterior, alcanzando la cifra de 1 mill\u00f3n 608 mil turistas entre el 27 de octubre y el 2 de noviembre, seg\u00fan datos proporcionados por la secretaria de Turismo, Josefina Rodr\u00edguez Zamora. [&hellip;]<\/p>\n","protected":false},"author":2,"featured_media":84266,"comment_status":"closed","ping_status":"closed","sticky":false,"template":"","format":"standard","meta":{"footnotes":""},"categories":[5,6],"tags":[25747,93],"yoast_head":"<!-- This site is optimized with the Yoast SEO plugin v22.2 - https:\/\/yoast.com\/wordpress\/plugins\/seo\/ -->\n<title>Espera SECTUR aumento de 2.3 puntos en la ocupaci\u00f3n por dia de muertos - Nitu - Noticias de la Industria Turistica<\/title>\n<meta name=\"robots\" content=\"index, follow, max-snippet:-1, max-image-preview:large, max-video-preview:-1\" \/>\n<link rel=\"canonical\" href=\"https:\/\/nitu.mx\/index.php\/2025\/10\/30\/espera-sectur-aumento-de-2-3-puntos-en-la-ocupacion-por-dia-de-muertos\/\" \/>\n<meta name=\"twitter:card\" content=\"summary_large_image\" \/>\n<meta name=\"twitter:title\" content=\"Espera SECTUR aumento de 2.3 puntos en la ocupaci\u00f3n por dia de muertos - Nitu - Noticias de la Industria Turistica\" \/>\n<meta name=\"twitter:description\" content=\"Con la llegada de las celebraciones del D\u00eda de Muertos, se estima que la ocupaci\u00f3n hotelera en M\u00e9xico crecer\u00e1 un 2.3% respecto al a\u00f1o anterior, alcanzando la cifra de 1 mill\u00f3n 608 mil turistas entre el 27 de octubre y el 2 de noviembre, seg\u00fan datos proporcionados por la secretaria de Turismo, Josefina Rodr\u00edguez Zamora. [&hellip;]\" \/>\n<meta name=\"twitter:image\" content=\"https:\/\/nitu.mx\/wp-content\/uploads\/2025\/10\/Captura-de-pantalla-2025-10-30-a-las-2.43.39\u202fp.m.png\" \/>\n<meta name=\"twitter:creator\" content=\"@Arturo_Medina_G\" \/>\n<meta name=\"twitter:site\" content=\"@Arturo_Medina_G\" \/>\n<meta name=\"twitter:label1\" content=\"Escrito por\" \/>\n\t<meta name=\"twitter:data1\" content=\"Arturo Medina\" \/>\n\t<meta name=\"twitter:label2\" content=\"Tiempo de lectura\" \/>\n\t<meta name=\"twitter:data2\" content=\"1 minuto\" \/>\n<script type=\"application\/ld+json\" class=\"yoast-schema-graph\">{\"@context\":\"https:\/\/schema.org\",\"@graph\":[{\"@type\":\"Article\",\"@id\":\"https:\/\/nitu.mx\/index.php\/2025\/10\/30\/espera-sectur-aumento-de-2-3-puntos-en-la-ocupacion-por-dia-de-muertos\/#article\",\"isPartOf\":{\"@id\":\"https:\/\/nitu.mx\/index.php\/2025\/10\/30\/espera-sectur-aumento-de-2-3-puntos-en-la-ocupacion-por-dia-de-muertos\/\"},\"author\":{\"name\":\"Arturo Medina\",\"@id\":\"https:\/\/nitu.mx\/#\/schema\/person\/ae7a53426417292d3dd07b45a33e01bc\"},\"headline\":\"Espera SECTUR aumento de 2.3 puntos en la ocupaci\u00f3n por dia de muertos\",\"datePublished\":\"2025-10-30T19:44:34+00:00\",\"dateModified\":\"2025-10-30T19:44:35+00:00\",\"mainEntityOfPage\":{\"@id\":\"https:\/\/nitu.mx\/index.php\/2025\/10\/30\/espera-sectur-aumento-de-2-3-puntos-en-la-ocupacion-por-dia-de-muertos\/\"},\"wordCount\":285,\"publisher\":{\"@id\":\"https:\/\/nitu.mx\/#\/schema\/person\/ae7a53426417292d3dd07b45a33e01bc\"},\"image\":{\"@id\":\"https:\/\/nitu.mx\/index.php\/2025\/10\/30\/espera-sectur-aumento-de-2-3-puntos-en-la-ocupacion-por-dia-de-muertos\/#primaryimage\"},\"thumbnailUrl\":\"https:\/\/nitu.mx\/wp-content\/uploads\/2025\/10\/Captura-de-pantalla-2025-10-30-a-las-2.43.39\u202fp.m.png\",\"keywords\":[\"Josefina Rodr\u00edguez Zamora\",\"Sectur\"],\"articleSection\":[\"Destinos\",\"M\u00e9xico\"],\"inLanguage\":\"es-MX\"},{\"@type\":\"WebPage\",\"@id\":\"https:\/\/nitu.mx\/index.php\/2025\/10\/30\/espera-sectur-aumento-de-2-3-puntos-en-la-ocupacion-por-dia-de-muertos\/\",\"url\":\"https:\/\/nitu.mx\/index.php\/2025\/10\/30\/espera-sectur-aumento-de-2-3-puntos-en-la-ocupacion-por-dia-de-muertos\/\",\"name\":\"Espera SECTUR aumento de 2.3 puntos en la ocupaci\u00f3n por dia de muertos - Nitu - Noticias de la Industria Turistica\",\"isPartOf\":{\"@id\":\"https:\/\/nitu.mx\/#website\"},\"primaryImageOfPage\":{\"@id\":\"https:\/\/nitu.mx\/index.php\/2025\/10\/30\/espera-sectur-aumento-de-2-3-puntos-en-la-ocupacion-por-dia-de-muertos\/#primaryimage\"},\"image\":{\"@id\":\"https:\/\/nitu.mx\/index.php\/2025\/10\/30\/espera-sectur-aumento-de-2-3-puntos-en-la-ocupacion-por-dia-de-muertos\/#primaryimage\"},\"thumbnailUrl\":\"https:\/\/nitu.mx\/wp-content\/uploads\/2025\/10\/Captura-de-pantalla-2025-10-30-a-las-2.43.39\u202fp.m.png\",\"datePublished\":\"2025-10-30T19:44:34+00:00\",\"dateModified\":\"2025-10-30T19:44:35+00:00\",\"breadcrumb\":{\"@id\":\"https:\/\/nitu.mx\/index.php\/2025\/10\/30\/espera-sectur-aumento-de-2-3-puntos-en-la-ocupacion-por-dia-de-muertos\/#breadcrumb\"},\"inLanguage\":\"es-MX\",\"potentialAction\":[{\"@type\":\"ReadAction\",\"target\":[\"https:\/\/nitu.mx\/index.php\/2025\/10\/30\/espera-sectur-aumento-de-2-3-puntos-en-la-ocupacion-por-dia-de-muertos\/\"]}]},{\"@type\":\"ImageObject\",\"inLanguage\":\"es-MX\",\"@id\":\"https:\/\/nitu.mx\/index.php\/2025\/10\/30\/espera-sectur-aumento-de-2-3-puntos-en-la-ocupacion-por-dia-de-muertos\/#primaryimage\",\"url\":\"https:\/\/nitu.mx\/wp-content\/uploads\/2025\/10\/Captura-de-pantalla-2025-10-30-a-las-2.43.39\u202fp.m.png\",\"contentUrl\":\"https:\/\/nitu.mx\/wp-content\/uploads\/2025\/10\/Captura-de-pantalla-2025-10-30-a-las-2.43.39\u202fp.m.png\",\"width\":1326,\"height\":764},{\"@type\":\"BreadcrumbList\",\"@id\":\"https:\/\/nitu.mx\/index.php\/2025\/10\/30\/espera-sectur-aumento-de-2-3-puntos-en-la-ocupacion-por-dia-de-muertos\/#breadcrumb\",\"itemListElement\":[{\"@type\":\"ListItem\",\"position\":1,\"name\":\"Inicio\",\"item\":\"https:\/\/nitu.mx\/\"},{\"@type\":\"ListItem\",\"position\":2,\"name\":\"Espera SECTUR aumento de 2.3 puntos en la ocupaci\u00f3n por dia de muertos\"}]},{\"@type\":\"WebSite\",\"@id\":\"https:\/\/nitu.mx\/#website\",\"url\":\"https:\/\/nitu.mx\/\",\"name\":\"Nitu - Noticias de la Industria Turistica\",\"description\":\"Noticias de la Industria Turistica\",\"publisher\":{\"@id\":\"https:\/\/nitu.mx\/#\/schema\/person\/ae7a53426417292d3dd07b45a33e01bc\"},\"alternateName\":\"Noticias de la Industria Turistica\",\"potentialAction\":[{\"@type\":\"SearchAction\",\"target\":{\"@type\":\"EntryPoint\",\"urlTemplate\":\"https:\/\/nitu.mx\/?s={search_term_string}\"},\"query-input\":\"required name=search_term_string\"}],\"inLanguage\":\"es-MX\"},{\"@type\":[\"Person\",\"Organization\"],\"@id\":\"https:\/\/nitu.mx\/#\/schema\/person\/ae7a53426417292d3dd07b45a33e01bc\",\"name\":\"Arturo Medina\",\"image\":{\"@type\":\"ImageObject\",\"inLanguage\":\"es-MX\",\"@id\":\"https:\/\/nitu.mx\/#\/schema\/person\/image\/\",\"url\":\"https:\/\/nitu.mx\/wp-content\/uploads\/2024\/04\/4A315622-1904-4D5C-B022-878CDC840E04-90x90-1.jpeg\",\"contentUrl\":\"https:\/\/nitu.mx\/wp-content\/uploads\/2024\/04\/4A315622-1904-4D5C-B022-878CDC840E04-90x90-1.jpeg\",\"width\":90,\"height\":90,\"caption\":\"Arturo Medina\"},\"logo\":{\"@id\":\"https:\/\/nitu.mx\/#\/schema\/person\/image\/\"},\"description\":\"Director NITU.mx, Egresado de la Escuela de Periodismo Carlos Septi\u00e9n Garc\u00eda. Periodista y analista especializado en turismo desde hace 35 a\u00f1os, radicado en Canc\u00fan Q.Roo. arturo@nitu.mx\",\"sameAs\":[\"https:\/\/nitu.mx\",\"https:\/\/www.facebook.com\/NITUmx\/\",\"medinacancun\",\"https:\/\/twitter.com\/@Arturo_Medina_G\"],\"url\":\"https:\/\/nitu.mx\/index.php\/author\/arturo-medina\/\"}]}<\/script>\n<!-- \/ Yoast SEO plugin. -->","yoast_head_json":{"title":"Espera SECTUR aumento de 2.3 puntos en la ocupaci\u00f3n por dia de muertos - Nitu - Noticias de la Industria Turistica","robots":{"index":"index","follow":"follow","max-snippet":"max-snippet:-1","max-image-preview":"max-image-preview:large","max-video-preview":"max-video-preview:-1"},"canonical":"https:\/\/nitu.mx\/index.php\/2025\/10\/30\/espera-sectur-aumento-de-2-3-puntos-en-la-ocupacion-por-dia-de-muertos\/","twitter_card":"summary_large_image","twitter_title":"Espera SECTUR aumento de 2.3 puntos en la ocupaci\u00f3n por dia de muertos - Nitu - Noticias de la Industria Turistica","twitter_description":"Con la llegada de las celebraciones del D\u00eda de Muertos, se estima que la ocupaci\u00f3n hotelera en M\u00e9xico crecer\u00e1 un 2.3% respecto al a\u00f1o anterior, alcanzando la cifra de 1 mill\u00f3n 608 mil turistas entre el 27 de octubre y el 2 de noviembre, seg\u00fan datos proporcionados por la secretaria de Turismo, Josefina Rodr\u00edguez Zamora. [&hellip;]","twitter_image":"https:\/\/nitu.mx\/wp-content\/uploads\/2025\/10\/Captura-de-pantalla-2025-10-30-a-las-2.43.39\u202fp.m.png","twitter_creator":"@Arturo_Medina_G","twitter_site":"@Arturo_Medina_G","twitter_misc":{"Escrito por":"Arturo Medina","Tiempo de lectura":"1 minuto"},"schema":{"@context":"https:\/\/schema.org","@graph":[{"@type":"Article","@id":"https:\/\/nitu.mx\/index.php\/2025\/10\/30\/espera-sectur-aumento-de-2-3-puntos-en-la-ocupacion-por-dia-de-muertos\/#article","isPartOf":{"@id":"https:\/\/nitu.mx\/index.php\/2025\/10\/30\/espera-sectur-aumento-de-2-3-puntos-en-la-ocupacion-por-dia-de-muertos\/"},"author":{"name":"Arturo Medina","@id":"https:\/\/nitu.mx\/#\/schema\/person\/ae7a53426417292d3dd07b45a33e01bc"},"headline":"Espera SECTUR aumento de 2.3 puntos en la ocupaci\u00f3n por dia de muertos","datePublished":"2025-10-30T19:44:34+00:00","dateModified":"2025-10-30T19:44:35+00:00","mainEntityOfPage":{"@id":"https:\/\/nitu.mx\/index.php\/2025\/10\/30\/espera-sectur-aumento-de-2-3-puntos-en-la-ocupacion-por-dia-de-muertos\/"},"wordCount":285,"publisher":{"@id":"https:\/\/nitu.mx\/#\/schema\/person\/ae7a53426417292d3dd07b45a33e01bc"},"image":{"@id":"https:\/\/nitu.mx\/index.php\/2025\/10\/30\/espera-sectur-aumento-de-2-3-puntos-en-la-ocupacion-por-dia-de-muertos\/#primaryimage"},"thumbnailUrl":"https:\/\/nitu.mx\/wp-content\/uploads\/2025\/10\/Captura-de-pantalla-2025-10-30-a-las-2.43.39\u202fp.m.png","keywords":["Josefina Rodr\u00edguez Zamora","Sectur"],"articleSection":["Destinos","M\u00e9xico"],"inLanguage":"es-MX"},{"@type":"WebPage","@id":"https:\/\/nitu.mx\/index.php\/2025\/10\/30\/espera-sectur-aumento-de-2-3-puntos-en-la-ocupacion-por-dia-de-muertos\/","url":"https:\/\/nitu.mx\/index.php\/2025\/10\/30\/espera-sectur-aumento-de-2-3-puntos-en-la-ocupacion-por-dia-de-muertos\/","name":"Espera SECTUR aumento de 2.3 puntos en la ocupaci\u00f3n por dia de muertos - Nitu - Noticias de la Industria Turistica","isPartOf":{"@id":"https:\/\/nitu.mx\/#website"},"primaryImageOfPage":{"@id":"https:\/\/nitu.mx\/index.php\/2025\/10\/30\/espera-sectur-aumento-de-2-3-puntos-en-la-ocupacion-por-dia-de-muertos\/#primaryimage"},"image":{"@id":"https:\/\/nitu.mx\/index.php\/2025\/10\/30\/espera-sectur-aumento-de-2-3-puntos-en-la-ocupacion-por-dia-de-muertos\/#primaryimage"},"thumbnailUrl":"https:\/\/nitu.mx\/wp-content\/uploads\/2025\/10\/Captura-de-pantalla-2025-10-30-a-las-2.43.39\u202fp.m.png","datePublished":"2025-10-30T19:44:34+00:00","dateModified":"2025-10-30T19:44:35+00:00","breadcrumb":{"@id":"https:\/\/nitu.mx\/index.php\/2025\/10\/30\/espera-sectur-aumento-de-2-3-puntos-en-la-ocupacion-por-dia-de-muertos\/#breadcrumb"},"inLanguage":"es-MX","potentialAction":[{"@type":"ReadAction","target":["https:\/\/nitu.mx\/index.php\/2025\/10\/30\/espera-sectur-aumento-de-2-3-puntos-en-la-ocupacion-por-dia-de-muertos\/"]}]},{"@type":"ImageObject","inLanguage":"es-MX","@id":"https:\/\/nitu.mx\/index.php\/2025\/10\/30\/espera-sectur-aumento-de-2-3-puntos-en-la-ocupacion-por-dia-de-muertos\/#primaryimage","url":"https:\/\/nitu.mx\/wp-content\/uploads\/2025\/10\/Captura-de-pantalla-2025-10-30-a-las-2.43.39\u202fp.m.png","contentUrl":"https:\/\/nitu.mx\/wp-content\/uploads\/2025\/10\/Captura-de-pantalla-2025-10-30-a-las-2.43.39\u202fp.m.png","width":1326,"height":764},{"@type":"BreadcrumbList","@id":"https:\/\/nitu.mx\/index.php\/2025\/10\/30\/espera-sectur-aumento-de-2-3-puntos-en-la-ocupacion-por-dia-de-muertos\/#breadcrumb","itemListElement":[{"@type":"ListItem","position":1,"name":"Inicio","item":"https:\/\/nitu.mx\/"},{"@type":"ListItem","position":2,"name":"Espera SECTUR aumento de 2.3 puntos en la ocupaci\u00f3n por dia de muertos"}]},{"@type":"WebSite","@id":"https:\/\/nitu.mx\/#website","url":"https:\/\/nitu.mx\/","name":"Nitu - Noticias de la Industria Turistica","description":"Noticias de la Industria Turistica","publisher":{"@id":"https:\/\/nitu.mx\/#\/schema\/person\/ae7a53426417292d3dd07b45a33e01bc"},"alternateName":"Noticias de la Industria Turistica","potentialAction":[{"@type":"SearchAction","target":{"@type":"EntryPoint","urlTemplate":"https:\/\/nitu.mx\/?s={search_term_string}"},"query-input":"required name=search_term_string"}],"inLanguage":"es-MX"},{"@type":["Person","Organization"],"@id":"https:\/\/nitu.mx\/#\/schema\/person\/ae7a53426417292d3dd07b45a33e01bc","name":"Arturo Medina","image":{"@type":"ImageObject","inLanguage":"es-MX","@id":"https:\/\/nitu.mx\/#\/schema\/person\/image\/","url":"https:\/\/nitu.mx\/wp-content\/uploads\/2024\/04\/4A315622-1904-4D5C-B022-878CDC840E04-90x90-1.jpeg","contentUrl":"https:\/\/nitu.mx\/wp-content\/uploads\/2024\/04\/4A315622-1904-4D5C-B022-878CDC840E04-90x90-1.jpeg","width":90,"height":90,"caption":"Arturo Medina"},"logo":{"@id":"https:\/\/nitu.mx\/#\/schema\/person\/image\/"},"description":"Director NITU.mx, Egresado de la Escuela de Periodismo Carlos Septi\u00e9n Garc\u00eda. Periodista y analista especializado en turismo desde hace 35 a\u00f1os, radicado en Canc\u00fan Q.Roo. arturo@nitu.mx","sameAs":["https:\/\/nitu.mx","https:\/\/www.facebook.com\/NITUmx\/","medinacancun","https:\/\/twitter.com\/@Arturo_Medina_G"],"url":"https:\/\/nitu.mx\/index.php\/author\/arturo-medina\/"}]}},"views":565,"_links":{"self":[{"href":"https:\/\/nitu.mx\/index.php\/wp-json\/wp\/v2\/posts\/84264"}],"collection":[{"href":"https:\/\/nitu.mx\/index.php\/wp-json\/wp\/v2\/posts"}],"about":[{"href":"https:\/\/nitu.mx\/index.php\/wp-json\/wp\/v2\/types\/post"}],"author":[{"embeddable":true,"href":"https:\/\/nitu.mx\/index.php\/wp-json\/wp\/v2\/users\/2"}],"replies":[{"embeddable":true,"href":"https:\/\/nitu.mx\/index.php\/wp-json\/wp\/v2\/comments?post=84264"}],"version-history":[{"count":1,"href":"https:\/\/nitu.mx\/index.php\/wp-json\/wp\/v2\/posts\/84264\/revisions"}],"predecessor-version":[{"id":84267,"href":"https:\/\/nitu.mx\/index.php\/wp-json\/wp\/v2\/posts\/84264\/revisions\/84267"}],"wp:featuredmedia":[{"embeddable":true,"href":"https:\/\/nitu.mx\/index.php\/wp-json\/wp\/v2\/media\/84266"}],"wp:attachment":[{"href":"https:\/\/nitu.mx\/index.php\/wp-json\/wp\/v2\/media?parent=84264"}],"wp:term":[{"taxonomy":"category","embeddable":true,"href":"https:\/\/nitu.mx\/index.php\/wp-json\/wp\/v2\/categories?post=84264"},{"taxonomy":"post_tag","embeddable":true,"href":"https:\/\/nitu.mx\/index.php\/wp-json\/wp\/v2\/tags?post=84264"}],"curies":[{"name":"wp","href":"https:\/\/api.w.org\/{rel}","templated":true}]}}