{"id":84254,"date":"2025-10-29T21:47:06","date_gmt":"2025-10-30T03:47:06","guid":{"rendered":"https:\/\/nitu.mx\/?p=84254"},"modified":"2025-10-29T21:47:07","modified_gmt":"2025-10-30T03:47:07","slug":"hyatt-acelera-crecimiento-en-europa-africa-y-oriente-medio","status":"publish","type":"post","link":"https:\/\/nitu.mx\/index.php\/2025\/10\/29\/hyatt-acelera-crecimiento-en-europa-africa-y-oriente-medio\/","title":{"rendered":"Hyatt acelera crecimiento en Europa, Africa y Oriente Medio"},"content":{"rendered":"\n<p>Hyatt Hotels Corporation anunci\u00f3 una ambiciosa agenda de aperturas en Europa, \u00c1frica y Oriente Medio para 2025 y 2026, consolidando su presencia en mercados estrat\u00e9gicos y elevando su propuesta de valor en el sector tur\u00edstico.<\/p>\n\n\n\n<p>Entre las novedades m\u00e1s llamativas destaca el Grand Hyatt Dubai, que estrenar\u00e1 un parque acu\u00e1tico de m\u00e1s de 20,000 m\u00b2 con 16 atracciones, posicion\u00e1ndose como un referente regional en entretenimiento familiar. En Portugal, el Andaz Lisbon abrir\u00e1 sus puertas en la ic\u00f3nica Pra\u00e7a do Com\u00e9rcio con 256 habitaciones que celebran el legado hist\u00f3rico y la diversidad cultural de la capital lusa.<\/p>\n\n\n\n<p>Italia sumar\u00e1 el Hyatt Regency Rome Central, ubicado a pasos del Coliseo, con 238 habitaciones, terraza con piscina y espacios para eventos. Tambi\u00e9n en Portugal, el Hyatt Regency Vilamoura Algarve ofrecer\u00e1 257 habitaciones y suites renovadas, junto a una propuesta gastron\u00f3mica y de bienestar pensada para el viajero exigente.<\/p>\n\n\n\n<p>Francia recibir\u00e1 el Hyatt Centric Reims, con 155 habitaciones cerca de la Catedral de Notre Dame, mientras que en Alemania debutar\u00e1 Kennedy89, The Unbound Collection by Hyatt, un hotel boutique de lujo con 181 habitaciones y vistas privilegiadas al skyline de Fr\u00e1ncfort. En Arabia Saud\u00ed, Miraval The Red Sea ofrecer\u00e1 un exclusivo retiro de bienestar solo para adultos, con 180 suites y villas privadas en la isla Shura.<\/p>\n\n\n\n<p>Para 2026, destacan el Hyatt Regency London Olympia, conectado directamente al recinto ferial; el Thompson Sevilla, primera incursi\u00f3n de la marca en la capital andaluza, con 101 habitaciones y rooftop con piscina; The Standard Lisbon, que combinar\u00e1 historia y dise\u00f1o contempor\u00e1neo en un edificio emblem\u00e1tico; y el Grand Hyatt The Red Sea, un resort de 430 habitaciones que fusionar\u00e1 lujo y naturaleza en la isla Shura. Adem\u00e1s, el Hyatt Place AlUla ser\u00e1 el primer hotel de la marca en esa regi\u00f3n saud\u00ed, con 215 habitaciones modernas cerca de sitios culturales como Hegra y Old Town.<\/p>\n\n\n\n<p>Con estas aperturas, Hyatt refuerza su compromiso con el crecimiento sostenible en la regi\u00f3n EAME, apostando por experiencias de alto nivel que integran dise\u00f1o, hospitalidad y conexi\u00f3n con el entorno.<\/p>\n","protected":false},"excerpt":{"rendered":"<p>Hyatt Hotels Corporation anunci\u00f3 una ambiciosa agenda de aperturas en Europa, \u00c1frica y Oriente Medio para 2025 y 2026, consolidando su presencia en mercados estrat\u00e9gicos y elevando su propuesta de valor en el sector tur\u00edstico. Entre las novedades m\u00e1s llamativas destaca el Grand Hyatt Dubai, que estrenar\u00e1 un parque acu\u00e1tico de m\u00e1s de 20,000 m\u00b2 [&hellip;]<\/p>\n","protected":false},"author":2,"featured_media":84257,"comment_status":"closed","ping_status":"closed","sticky":false,"template":"","format":"standard","meta":{"footnotes":""},"categories":[2],"tags":[],"yoast_head":"<!-- This site is optimized with the Yoast SEO plugin v22.2 - https:\/\/yoast.com\/wordpress\/plugins\/seo\/ -->\n<title>Hyatt acelera crecimiento en Europa, Africa y Oriente Medio - Nitu - Noticias de la Industria Turistica<\/title>\n<meta name=\"robots\" content=\"index, follow, max-snippet:-1, max-image-preview:large, max-video-preview:-1\" \/>\n<link rel=\"canonical\" href=\"https:\/\/nitu.mx\/index.php\/2025\/10\/29\/hyatt-acelera-crecimiento-en-europa-africa-y-oriente-medio\/\" \/>\n<meta name=\"twitter:card\" content=\"summary_large_image\" \/>\n<meta name=\"twitter:title\" content=\"Hyatt acelera crecimiento en Europa, Africa y Oriente Medio - Nitu - Noticias de la Industria Turistica\" \/>\n<meta name=\"twitter:description\" content=\"Hyatt Hotels Corporation anunci\u00f3 una ambiciosa agenda de aperturas en Europa, \u00c1frica y Oriente Medio para 2025 y 2026, consolidando su presencia en mercados estrat\u00e9gicos y elevando su propuesta de valor en el sector tur\u00edstico. Entre las novedades m\u00e1s llamativas destaca el Grand Hyatt Dubai, que estrenar\u00e1 un parque acu\u00e1tico de m\u00e1s de 20,000 m\u00b2 [&hellip;]\" \/>\n<meta name=\"twitter:image\" content=\"https:\/\/nitu.mx\/wp-content\/uploads\/2025\/10\/ANDAZ.jpg\" \/>\n<meta name=\"twitter:creator\" content=\"@Arturo_Medina_G\" \/>\n<meta name=\"twitter:site\" content=\"@Arturo_Medina_G\" \/>\n<meta name=\"twitter:label1\" content=\"Escrito por\" \/>\n\t<meta name=\"twitter:data1\" content=\"Arturo Medina\" \/>\n\t<meta name=\"twitter:label2\" content=\"Tiempo de lectura\" \/>\n\t<meta name=\"twitter:data2\" content=\"2 minutos\" \/>\n<script type=\"application\/ld+json\" class=\"yoast-schema-graph\">{\"@context\":\"https:\/\/schema.org\",\"@graph\":[{\"@type\":\"Article\",\"@id\":\"https:\/\/nitu.mx\/index.php\/2025\/10\/29\/hyatt-acelera-crecimiento-en-europa-africa-y-oriente-medio\/#article\",\"isPartOf\":{\"@id\":\"https:\/\/nitu.mx\/index.php\/2025\/10\/29\/hyatt-acelera-crecimiento-en-europa-africa-y-oriente-medio\/\"},\"author\":{\"name\":\"Arturo Medina\",\"@id\":\"https:\/\/nitu.mx\/#\/schema\/person\/ae7a53426417292d3dd07b45a33e01bc\"},\"headline\":\"Hyatt acelera crecimiento en Europa, Africa y Oriente Medio\",\"datePublished\":\"2025-10-30T03:47:06+00:00\",\"dateModified\":\"2025-10-30T03:47:07+00:00\",\"mainEntityOfPage\":{\"@id\":\"https:\/\/nitu.mx\/index.php\/2025\/10\/29\/hyatt-acelera-crecimiento-en-europa-africa-y-oriente-medio\/\"},\"wordCount\":355,\"publisher\":{\"@id\":\"https:\/\/nitu.mx\/#\/schema\/person\/ae7a53426417292d3dd07b45a33e01bc\"},\"image\":{\"@id\":\"https:\/\/nitu.mx\/index.php\/2025\/10\/29\/hyatt-acelera-crecimiento-en-europa-africa-y-oriente-medio\/#primaryimage\"},\"thumbnailUrl\":\"https:\/\/nitu.mx\/wp-content\/uploads\/2025\/10\/ANDAZ.jpg\",\"articleSection\":[\"Hoteles\"],\"inLanguage\":\"es-MX\"},{\"@type\":\"WebPage\",\"@id\":\"https:\/\/nitu.mx\/index.php\/2025\/10\/29\/hyatt-acelera-crecimiento-en-europa-africa-y-oriente-medio\/\",\"url\":\"https:\/\/nitu.mx\/index.php\/2025\/10\/29\/hyatt-acelera-crecimiento-en-europa-africa-y-oriente-medio\/\",\"name\":\"Hyatt acelera crecimiento en Europa, Africa y Oriente Medio - Nitu - Noticias de la Industria Turistica\",\"isPartOf\":{\"@id\":\"https:\/\/nitu.mx\/#website\"},\"primaryImageOfPage\":{\"@id\":\"https:\/\/nitu.mx\/index.php\/2025\/10\/29\/hyatt-acelera-crecimiento-en-europa-africa-y-oriente-medio\/#primaryimage\"},\"image\":{\"@id\":\"https:\/\/nitu.mx\/index.php\/2025\/10\/29\/hyatt-acelera-crecimiento-en-europa-africa-y-oriente-medio\/#primaryimage\"},\"thumbnailUrl\":\"https:\/\/nitu.mx\/wp-content\/uploads\/2025\/10\/ANDAZ.jpg\",\"datePublished\":\"2025-10-30T03:47:06+00:00\",\"dateModified\":\"2025-10-30T03:47:07+00:00\",\"breadcrumb\":{\"@id\":\"https:\/\/nitu.mx\/index.php\/2025\/10\/29\/hyatt-acelera-crecimiento-en-europa-africa-y-oriente-medio\/#breadcrumb\"},\"inLanguage\":\"es-MX\",\"potentialAction\":[{\"@type\":\"ReadAction\",\"target\":[\"https:\/\/nitu.mx\/index.php\/2025\/10\/29\/hyatt-acelera-crecimiento-en-europa-africa-y-oriente-medio\/\"]}]},{\"@type\":\"ImageObject\",\"inLanguage\":\"es-MX\",\"@id\":\"https:\/\/nitu.mx\/index.php\/2025\/10\/29\/hyatt-acelera-crecimiento-en-europa-africa-y-oriente-medio\/#primaryimage\",\"url\":\"https:\/\/nitu.mx\/wp-content\/uploads\/2025\/10\/ANDAZ.jpg\",\"contentUrl\":\"https:\/\/nitu.mx\/wp-content\/uploads\/2025\/10\/ANDAZ.jpg\",\"width\":1024,\"height\":748},{\"@type\":\"BreadcrumbList\",\"@id\":\"https:\/\/nitu.mx\/index.php\/2025\/10\/29\/hyatt-acelera-crecimiento-en-europa-africa-y-oriente-medio\/#breadcrumb\",\"itemListElement\":[{\"@type\":\"ListItem\",\"position\":1,\"name\":\"Inicio\",\"item\":\"https:\/\/nitu.mx\/\"},{\"@type\":\"ListItem\",\"position\":2,\"name\":\"Hyatt acelera crecimiento en Europa, Africa y Oriente Medio\"}]},{\"@type\":\"WebSite\",\"@id\":\"https:\/\/nitu.mx\/#website\",\"url\":\"https:\/\/nitu.mx\/\",\"name\":\"Nitu - Noticias de la Industria Turistica\",\"description\":\"Noticias de la Industria Turistica\",\"publisher\":{\"@id\":\"https:\/\/nitu.mx\/#\/schema\/person\/ae7a53426417292d3dd07b45a33e01bc\"},\"alternateName\":\"Noticias de la Industria Turistica\",\"potentialAction\":[{\"@type\":\"SearchAction\",\"target\":{\"@type\":\"EntryPoint\",\"urlTemplate\":\"https:\/\/nitu.mx\/?s={search_term_string}\"},\"query-input\":\"required name=search_term_string\"}],\"inLanguage\":\"es-MX\"},{\"@type\":[\"Person\",\"Organization\"],\"@id\":\"https:\/\/nitu.mx\/#\/schema\/person\/ae7a53426417292d3dd07b45a33e01bc\",\"name\":\"Arturo Medina\",\"image\":{\"@type\":\"ImageObject\",\"inLanguage\":\"es-MX\",\"@id\":\"https:\/\/nitu.mx\/#\/schema\/person\/image\/\",\"url\":\"https:\/\/nitu.mx\/wp-content\/uploads\/2024\/04\/4A315622-1904-4D5C-B022-878CDC840E04-90x90-1.jpeg\",\"contentUrl\":\"https:\/\/nitu.mx\/wp-content\/uploads\/2024\/04\/4A315622-1904-4D5C-B022-878CDC840E04-90x90-1.jpeg\",\"width\":90,\"height\":90,\"caption\":\"Arturo Medina\"},\"logo\":{\"@id\":\"https:\/\/nitu.mx\/#\/schema\/person\/image\/\"},\"description\":\"Director NITU.mx, Egresado de la Escuela de Periodismo Carlos Septi\u00e9n Garc\u00eda. Periodista y analista especializado en turismo desde hace 35 a\u00f1os, radicado en Canc\u00fan Q.Roo. arturo@nitu.mx\",\"sameAs\":[\"https:\/\/nitu.mx\",\"https:\/\/www.facebook.com\/NITUmx\/\",\"medinacancun\",\"https:\/\/twitter.com\/@Arturo_Medina_G\"],\"url\":\"https:\/\/nitu.mx\/index.php\/author\/arturo-medina\/\"}]}<\/script>\n<!-- \/ Yoast SEO plugin. -->","yoast_head_json":{"title":"Hyatt acelera crecimiento en Europa, Africa y Oriente Medio - Nitu - Noticias de la Industria Turistica","robots":{"index":"index","follow":"follow","max-snippet":"max-snippet:-1","max-image-preview":"max-image-preview:large","max-video-preview":"max-video-preview:-1"},"canonical":"https:\/\/nitu.mx\/index.php\/2025\/10\/29\/hyatt-acelera-crecimiento-en-europa-africa-y-oriente-medio\/","twitter_card":"summary_large_image","twitter_title":"Hyatt acelera crecimiento en Europa, Africa y Oriente Medio - Nitu - Noticias de la Industria Turistica","twitter_description":"Hyatt Hotels Corporation anunci\u00f3 una ambiciosa agenda de aperturas en Europa, \u00c1frica y Oriente Medio para 2025 y 2026, consolidando su presencia en mercados estrat\u00e9gicos y elevando su propuesta de valor en el sector tur\u00edstico. Entre las novedades m\u00e1s llamativas destaca el Grand Hyatt Dubai, que estrenar\u00e1 un parque acu\u00e1tico de m\u00e1s de 20,000 m\u00b2 [&hellip;]","twitter_image":"https:\/\/nitu.mx\/wp-content\/uploads\/2025\/10\/ANDAZ.jpg","twitter_creator":"@Arturo_Medina_G","twitter_site":"@Arturo_Medina_G","twitter_misc":{"Escrito por":"Arturo Medina","Tiempo de lectura":"2 minutos"},"schema":{"@context":"https:\/\/schema.org","@graph":[{"@type":"Article","@id":"https:\/\/nitu.mx\/index.php\/2025\/10\/29\/hyatt-acelera-crecimiento-en-europa-africa-y-oriente-medio\/#article","isPartOf":{"@id":"https:\/\/nitu.mx\/index.php\/2025\/10\/29\/hyatt-acelera-crecimiento-en-europa-africa-y-oriente-medio\/"},"author":{"name":"Arturo Medina","@id":"https:\/\/nitu.mx\/#\/schema\/person\/ae7a53426417292d3dd07b45a33e01bc"},"headline":"Hyatt acelera crecimiento en Europa, Africa y Oriente Medio","datePublished":"2025-10-30T03:47:06+00:00","dateModified":"2025-10-30T03:47:07+00:00","mainEntityOfPage":{"@id":"https:\/\/nitu.mx\/index.php\/2025\/10\/29\/hyatt-acelera-crecimiento-en-europa-africa-y-oriente-medio\/"},"wordCount":355,"publisher":{"@id":"https:\/\/nitu.mx\/#\/schema\/person\/ae7a53426417292d3dd07b45a33e01bc"},"image":{"@id":"https:\/\/nitu.mx\/index.php\/2025\/10\/29\/hyatt-acelera-crecimiento-en-europa-africa-y-oriente-medio\/#primaryimage"},"thumbnailUrl":"https:\/\/nitu.mx\/wp-content\/uploads\/2025\/10\/ANDAZ.jpg","articleSection":["Hoteles"],"inLanguage":"es-MX"},{"@type":"WebPage","@id":"https:\/\/nitu.mx\/index.php\/2025\/10\/29\/hyatt-acelera-crecimiento-en-europa-africa-y-oriente-medio\/","url":"https:\/\/nitu.mx\/index.php\/2025\/10\/29\/hyatt-acelera-crecimiento-en-europa-africa-y-oriente-medio\/","name":"Hyatt acelera crecimiento en Europa, Africa y Oriente Medio - Nitu - Noticias de la Industria Turistica","isPartOf":{"@id":"https:\/\/nitu.mx\/#website"},"primaryImageOfPage":{"@id":"https:\/\/nitu.mx\/index.php\/2025\/10\/29\/hyatt-acelera-crecimiento-en-europa-africa-y-oriente-medio\/#primaryimage"},"image":{"@id":"https:\/\/nitu.mx\/index.php\/2025\/10\/29\/hyatt-acelera-crecimiento-en-europa-africa-y-oriente-medio\/#primaryimage"},"thumbnailUrl":"https:\/\/nitu.mx\/wp-content\/uploads\/2025\/10\/ANDAZ.jpg","datePublished":"2025-10-30T03:47:06+00:00","dateModified":"2025-10-30T03:47:07+00:00","breadcrumb":{"@id":"https:\/\/nitu.mx\/index.php\/2025\/10\/29\/hyatt-acelera-crecimiento-en-europa-africa-y-oriente-medio\/#breadcrumb"},"inLanguage":"es-MX","potentialAction":[{"@type":"ReadAction","target":["https:\/\/nitu.mx\/index.php\/2025\/10\/29\/hyatt-acelera-crecimiento-en-europa-africa-y-oriente-medio\/"]}]},{"@type":"ImageObject","inLanguage":"es-MX","@id":"https:\/\/nitu.mx\/index.php\/2025\/10\/29\/hyatt-acelera-crecimiento-en-europa-africa-y-oriente-medio\/#primaryimage","url":"https:\/\/nitu.mx\/wp-content\/uploads\/2025\/10\/ANDAZ.jpg","contentUrl":"https:\/\/nitu.mx\/wp-content\/uploads\/2025\/10\/ANDAZ.jpg","width":1024,"height":748},{"@type":"BreadcrumbList","@id":"https:\/\/nitu.mx\/index.php\/2025\/10\/29\/hyatt-acelera-crecimiento-en-europa-africa-y-oriente-medio\/#breadcrumb","itemListElement":[{"@type":"ListItem","position":1,"name":"Inicio","item":"https:\/\/nitu.mx\/"},{"@type":"ListItem","position":2,"name":"Hyatt acelera crecimiento en Europa, Africa y Oriente Medio"}]},{"@type":"WebSite","@id":"https:\/\/nitu.mx\/#website","url":"https:\/\/nitu.mx\/","name":"Nitu - Noticias de la Industria Turistica","description":"Noticias de la Industria Turistica","publisher":{"@id":"https:\/\/nitu.mx\/#\/schema\/person\/ae7a53426417292d3dd07b45a33e01bc"},"alternateName":"Noticias de la Industria Turistica","potentialAction":[{"@type":"SearchAction","target":{"@type":"EntryPoint","urlTemplate":"https:\/\/nitu.mx\/?s={search_term_string}"},"query-input":"required name=search_term_string"}],"inLanguage":"es-MX"},{"@type":["Person","Organization"],"@id":"https:\/\/nitu.mx\/#\/schema\/person\/ae7a53426417292d3dd07b45a33e01bc","name":"Arturo Medina","image":{"@type":"ImageObject","inLanguage":"es-MX","@id":"https:\/\/nitu.mx\/#\/schema\/person\/image\/","url":"https:\/\/nitu.mx\/wp-content\/uploads\/2024\/04\/4A315622-1904-4D5C-B022-878CDC840E04-90x90-1.jpeg","contentUrl":"https:\/\/nitu.mx\/wp-content\/uploads\/2024\/04\/4A315622-1904-4D5C-B022-878CDC840E04-90x90-1.jpeg","width":90,"height":90,"caption":"Arturo Medina"},"logo":{"@id":"https:\/\/nitu.mx\/#\/schema\/person\/image\/"},"description":"Director NITU.mx, Egresado de la Escuela de Periodismo Carlos Septi\u00e9n Garc\u00eda. Periodista y analista especializado en turismo desde hace 35 a\u00f1os, radicado en Canc\u00fan Q.Roo. arturo@nitu.mx","sameAs":["https:\/\/nitu.mx","https:\/\/www.facebook.com\/NITUmx\/","medinacancun","https:\/\/twitter.com\/@Arturo_Medina_G"],"url":"https:\/\/nitu.mx\/index.php\/author\/arturo-medina\/"}]}},"views":465,"_links":{"self":[{"href":"https:\/\/nitu.mx\/index.php\/wp-json\/wp\/v2\/posts\/84254"}],"collection":[{"href":"https:\/\/nitu.mx\/index.php\/wp-json\/wp\/v2\/posts"}],"about":[{"href":"https:\/\/nitu.mx\/index.php\/wp-json\/wp\/v2\/types\/post"}],"author":[{"embeddable":true,"href":"https:\/\/nitu.mx\/index.php\/wp-json\/wp\/v2\/users\/2"}],"replies":[{"embeddable":true,"href":"https:\/\/nitu.mx\/index.php\/wp-json\/wp\/v2\/comments?post=84254"}],"version-history":[{"count":1,"href":"https:\/\/nitu.mx\/index.php\/wp-json\/wp\/v2\/posts\/84254\/revisions"}],"predecessor-version":[{"id":84258,"href":"https:\/\/nitu.mx\/index.php\/wp-json\/wp\/v2\/posts\/84254\/revisions\/84258"}],"wp:featuredmedia":[{"embeddable":true,"href":"https:\/\/nitu.mx\/index.php\/wp-json\/wp\/v2\/media\/84257"}],"wp:attachment":[{"href":"https:\/\/nitu.mx\/index.php\/wp-json\/wp\/v2\/media?parent=84254"}],"wp:term":[{"taxonomy":"category","embeddable":true,"href":"https:\/\/nitu.mx\/index.php\/wp-json\/wp\/v2\/categories?post=84254"},{"taxonomy":"post_tag","embeddable":true,"href":"https:\/\/nitu.mx\/index.php\/wp-json\/wp\/v2\/tags?post=84254"}],"curies":[{"name":"wp","href":"https:\/\/api.w.org\/{rel}","templated":true}]}}