{"id":84238,"date":"2025-10-29T19:30:00","date_gmt":"2025-10-30T01:30:00","guid":{"rendered":"https:\/\/nitu.mx\/?p=84238"},"modified":"2025-10-29T18:36:16","modified_gmt":"2025-10-30T00:36:16","slug":"universal-assistance-nombra-a-diana-olivares-como-su-nueva-directora-para-mexico","status":"publish","type":"post","link":"https:\/\/nitu.mx\/index.php\/2025\/10\/29\/universal-assistance-nombra-a-diana-olivares-como-su-nueva-directora-para-mexico\/","title":{"rendered":"Universal Assistance nombra a Diana Olivares como su nueva directora para M\u00e9xico"},"content":{"rendered":"\n<p>Universal Assistance design\u00f3 a Diana Olivares como su nueva Country Manager de M\u00e9xico. Diana cuenta con una trayectoria destacada en el sector tur\u00edstico y de viajes, con m\u00e1s de 26 a\u00f1os de experiencia en LATAM Airlines, donde ocup\u00f3 diversas posiciones clave de liderazgo y desarrollo estrat\u00e9gico en la regi\u00f3n; adem\u00e1s presidi\u00f3 la C\u00e1mara Nacional de Aerotransportes (CANAERO).<\/p>\n\n\n\n<p>Su llegada representa una nueva etapa para la compa\u00f1\u00eda en el pa\u00eds, en la que se continuar\u00e1 apostando por la innovaci\u00f3n, la cercan\u00eda con los clientes y la b\u00fasqueda constante de excelencia en el servicio de acuerdo con el ADN que distingue a la corporaci\u00f3n.<\/p>\n\n\n\n<p>\u2019M\u00e9xico agradece a Silvina Garcia Fillol su gesti\u00f3n con enorme gratitud, cari\u00f1o y admiraci\u00f3n. Su paso deja una huella imborrable en el equipo\u201d destac\u00f3 Lourdes Croskey, Directora Comercial para M\u00e9xico, y a\u00f1adi\u00f3 \u201cEstamos entusiasmados de recibir y trabajar en conjunto con Diana, quien aportar\u00e1 una mirada estrat\u00e9gica y una enorme experiencia en el sector, la cual potenciar\u00e1 nuestro crecimiento\u201d.<\/p>\n\n\n\n<p>Durante su gesti\u00f3n, Silvina logr\u00f3 consolidar la presencia de Universal Assistance en el mercado mexicano, impulsando un crecimiento sostenido y fortaleciendo la relaci\u00f3n con el trade tur\u00edstico, socios estrat\u00e9gicos y canales de distribuci\u00f3n. <\/p>\n\n\n\n<p>Su liderazgo estuvo marcado por una profunda vocaci\u00f3n por el servicio y una visi\u00f3n comercial que posicionaron a la compa\u00f1\u00eda como referente de asistencia al viajero en el pa\u00eds.<\/p>\n\n\n\n<p>Silvina continuar\u00e1 su recorrido profesional manteniendo su rol como Directora de Canales Comerciales LATAM, con base en Argentina, desde el cual seguir\u00e1 contribuyendo al crecimiento regional de la compa\u00f1\u00eda. (<a href=\"https:\/\/nitu.mx\/index.php\/2024\/12\/26\/universal-assistance-5-razones-esenciales-para-viajar-seguro-fuera-de-casa\/\">Universal Assistance: 5 razones esenciales para viajar seguro fuera de casa<\/a>).<\/p>\n","protected":false},"excerpt":{"rendered":"<p>Universal Assistance design\u00f3 a Diana Olivares como su nueva Country Manager de M\u00e9xico. Diana cuenta con una trayectoria destacada en el sector tur\u00edstico y de viajes, con m\u00e1s de 26 a\u00f1os de experiencia en LATAM Airlines, donde ocup\u00f3 diversas posiciones clave de liderazgo y desarrollo estrat\u00e9gico en la regi\u00f3n; adem\u00e1s presidi\u00f3 la C\u00e1mara Nacional de [&hellip;]<\/p>\n","protected":false},"author":17,"featured_media":84240,"comment_status":"closed","ping_status":"closed","sticky":false,"template":"","format":"standard","meta":{"footnotes":""},"categories":[12],"tags":[416,11849,165,24137,20050],"yoast_head":"<!-- This site is optimized with the Yoast SEO plugin v22.2 - https:\/\/yoast.com\/wordpress\/plugins\/seo\/ -->\n<title>Universal Assistance nombra a Diana Olivares como su nueva directora para M\u00e9xico - Nitu - Noticias de la Industria Turistica<\/title>\n<meta name=\"robots\" content=\"index, follow, max-snippet:-1, max-image-preview:large, max-video-preview:-1\" \/>\n<link rel=\"canonical\" href=\"https:\/\/nitu.mx\/index.php\/2025\/10\/29\/universal-assistance-nombra-a-diana-olivares-como-su-nueva-directora-para-mexico\/\" \/>\n<meta name=\"twitter:card\" content=\"summary_large_image\" \/>\n<meta name=\"twitter:title\" content=\"Universal Assistance nombra a Diana Olivares como su nueva directora para M\u00e9xico - Nitu - Noticias de la Industria Turistica\" \/>\n<meta name=\"twitter:description\" content=\"Universal Assistance design\u00f3 a Diana Olivares como su nueva Country Manager de M\u00e9xico. Diana cuenta con una trayectoria destacada en el sector tur\u00edstico y de viajes, con m\u00e1s de 26 a\u00f1os de experiencia en LATAM Airlines, donde ocup\u00f3 diversas posiciones clave de liderazgo y desarrollo estrat\u00e9gico en la regi\u00f3n; adem\u00e1s presidi\u00f3 la C\u00e1mara Nacional de [&hellip;]\" \/>\n<meta name=\"twitter:image\" content=\"https:\/\/nitu.mx\/wp-content\/uploads\/2025\/10\/Universal-Assistance-Diana-Olivares.jpg\" \/>\n<meta name=\"twitter:creator\" content=\"@NITUmx\" \/>\n<meta name=\"twitter:site\" content=\"@Arturo_Medina_G\" \/>\n<meta name=\"twitter:label1\" content=\"Escrito por\" \/>\n\t<meta name=\"twitter:data1\" content=\"Redacci\u00f3n\" \/>\n\t<meta name=\"twitter:label2\" content=\"Tiempo de lectura\" \/>\n\t<meta name=\"twitter:data2\" content=\"1 minuto\" \/>\n<script type=\"application\/ld+json\" class=\"yoast-schema-graph\">{\"@context\":\"https:\/\/schema.org\",\"@graph\":[{\"@type\":\"Article\",\"@id\":\"https:\/\/nitu.mx\/index.php\/2025\/10\/29\/universal-assistance-nombra-a-diana-olivares-como-su-nueva-directora-para-mexico\/#article\",\"isPartOf\":{\"@id\":\"https:\/\/nitu.mx\/index.php\/2025\/10\/29\/universal-assistance-nombra-a-diana-olivares-como-su-nueva-directora-para-mexico\/\"},\"author\":{\"name\":\"Redacci\u00f3n\",\"@id\":\"https:\/\/nitu.mx\/#\/schema\/person\/4a28fe9bd65924f7c90623773daf1b0b\"},\"headline\":\"Universal Assistance nombra a Diana Olivares como su nueva directora para M\u00e9xico\",\"datePublished\":\"2025-10-30T01:30:00+00:00\",\"dateModified\":\"2025-10-30T00:36:16+00:00\",\"mainEntityOfPage\":{\"@id\":\"https:\/\/nitu.mx\/index.php\/2025\/10\/29\/universal-assistance-nombra-a-diana-olivares-como-su-nueva-directora-para-mexico\/\"},\"wordCount\":305,\"publisher\":{\"@id\":\"https:\/\/nitu.mx\/#\/schema\/person\/ae7a53426417292d3dd07b45a33e01bc\"},\"image\":{\"@id\":\"https:\/\/nitu.mx\/index.php\/2025\/10\/29\/universal-assistance-nombra-a-diana-olivares-como-su-nueva-directora-para-mexico\/#primaryimage\"},\"thumbnailUrl\":\"https:\/\/nitu.mx\/wp-content\/uploads\/2025\/10\/Universal-Assistance-Diana-Olivares.jpg\",\"keywords\":[\"Canaero\",\"Diana Olivares\",\"LATAM Airlines\",\"Silvina Garc\u00eda\",\"Universal Assistance\"],\"articleSection\":[\"Marketing\"],\"inLanguage\":\"es-MX\"},{\"@type\":\"WebPage\",\"@id\":\"https:\/\/nitu.mx\/index.php\/2025\/10\/29\/universal-assistance-nombra-a-diana-olivares-como-su-nueva-directora-para-mexico\/\",\"url\":\"https:\/\/nitu.mx\/index.php\/2025\/10\/29\/universal-assistance-nombra-a-diana-olivares-como-su-nueva-directora-para-mexico\/\",\"name\":\"Universal Assistance nombra a Diana Olivares como su nueva directora para M\u00e9xico - Nitu - Noticias de la Industria Turistica\",\"isPartOf\":{\"@id\":\"https:\/\/nitu.mx\/#website\"},\"primaryImageOfPage\":{\"@id\":\"https:\/\/nitu.mx\/index.php\/2025\/10\/29\/universal-assistance-nombra-a-diana-olivares-como-su-nueva-directora-para-mexico\/#primaryimage\"},\"image\":{\"@id\":\"https:\/\/nitu.mx\/index.php\/2025\/10\/29\/universal-assistance-nombra-a-diana-olivares-como-su-nueva-directora-para-mexico\/#primaryimage\"},\"thumbnailUrl\":\"https:\/\/nitu.mx\/wp-content\/uploads\/2025\/10\/Universal-Assistance-Diana-Olivares.jpg\",\"datePublished\":\"2025-10-30T01:30:00+00:00\",\"dateModified\":\"2025-10-30T00:36:16+00:00\",\"breadcrumb\":{\"@id\":\"https:\/\/nitu.mx\/index.php\/2025\/10\/29\/universal-assistance-nombra-a-diana-olivares-como-su-nueva-directora-para-mexico\/#breadcrumb\"},\"inLanguage\":\"es-MX\",\"potentialAction\":[{\"@type\":\"ReadAction\",\"target\":[\"https:\/\/nitu.mx\/index.php\/2025\/10\/29\/universal-assistance-nombra-a-diana-olivares-como-su-nueva-directora-para-mexico\/\"]}]},{\"@type\":\"ImageObject\",\"inLanguage\":\"es-MX\",\"@id\":\"https:\/\/nitu.mx\/index.php\/2025\/10\/29\/universal-assistance-nombra-a-diana-olivares-como-su-nueva-directora-para-mexico\/#primaryimage\",\"url\":\"https:\/\/nitu.mx\/wp-content\/uploads\/2025\/10\/Universal-Assistance-Diana-Olivares.jpg\",\"contentUrl\":\"https:\/\/nitu.mx\/wp-content\/uploads\/2025\/10\/Universal-Assistance-Diana-Olivares.jpg\",\"width\":1200,\"height\":675,\"caption\":\"Universal Assistance Diana Olivares\"},{\"@type\":\"BreadcrumbList\",\"@id\":\"https:\/\/nitu.mx\/index.php\/2025\/10\/29\/universal-assistance-nombra-a-diana-olivares-como-su-nueva-directora-para-mexico\/#breadcrumb\",\"itemListElement\":[{\"@type\":\"ListItem\",\"position\":1,\"name\":\"Inicio\",\"item\":\"https:\/\/nitu.mx\/\"},{\"@type\":\"ListItem\",\"position\":2,\"name\":\"Universal Assistance nombra a Diana Olivares como su nueva directora para M\u00e9xico\"}]},{\"@type\":\"WebSite\",\"@id\":\"https:\/\/nitu.mx\/#website\",\"url\":\"https:\/\/nitu.mx\/\",\"name\":\"Nitu - Noticias de la Industria Turistica\",\"description\":\"Noticias de la Industria Turistica\",\"publisher\":{\"@id\":\"https:\/\/nitu.mx\/#\/schema\/person\/ae7a53426417292d3dd07b45a33e01bc\"},\"alternateName\":\"Noticias de la Industria Turistica\",\"potentialAction\":[{\"@type\":\"SearchAction\",\"target\":{\"@type\":\"EntryPoint\",\"urlTemplate\":\"https:\/\/nitu.mx\/?s={search_term_string}\"},\"query-input\":\"required name=search_term_string\"}],\"inLanguage\":\"es-MX\"},{\"@type\":[\"Person\",\"Organization\"],\"@id\":\"https:\/\/nitu.mx\/#\/schema\/person\/ae7a53426417292d3dd07b45a33e01bc\",\"name\":\"Arturo Medina\",\"image\":{\"@type\":\"ImageObject\",\"inLanguage\":\"es-MX\",\"@id\":\"https:\/\/nitu.mx\/#\/schema\/person\/image\/\",\"url\":\"https:\/\/nitu.mx\/wp-content\/uploads\/2024\/04\/4A315622-1904-4D5C-B022-878CDC840E04-90x90-1.jpeg\",\"contentUrl\":\"https:\/\/nitu.mx\/wp-content\/uploads\/2024\/04\/4A315622-1904-4D5C-B022-878CDC840E04-90x90-1.jpeg\",\"width\":90,\"height\":90,\"caption\":\"Arturo Medina\"},\"logo\":{\"@id\":\"https:\/\/nitu.mx\/#\/schema\/person\/image\/\"},\"description\":\"Director NITU.mx, Egresado de la Escuela de Periodismo Carlos Septi\u00e9n Garc\u00eda. Periodista y analista especializado en turismo desde hace 35 a\u00f1os, radicado en Canc\u00fan Q.Roo. arturo@nitu.mx\",\"sameAs\":[\"https:\/\/nitu.mx\",\"https:\/\/www.facebook.com\/NITUmx\/\",\"medinacancun\",\"https:\/\/twitter.com\/@Arturo_Medina_G\"]},{\"@type\":\"Person\",\"@id\":\"https:\/\/nitu.mx\/#\/schema\/person\/4a28fe9bd65924f7c90623773daf1b0b\",\"name\":\"Redacci\u00f3n\",\"image\":{\"@type\":\"ImageObject\",\"inLanguage\":\"es-MX\",\"@id\":\"https:\/\/nitu.mx\/#\/schema\/person\/image\/\",\"url\":\"https:\/\/secure.gravatar.com\/avatar\/5dd011c8ccfc5cd7e4c81e42252aab38?s=96&d=mm&r=g\",\"contentUrl\":\"https:\/\/secure.gravatar.com\/avatar\/5dd011c8ccfc5cd7e4c81e42252aab38?s=96&d=mm&r=g\",\"caption\":\"Redacci\u00f3n\"},\"url\":\"https:\/\/nitu.mx\/index.php\/author\/redaccion\/\"}]}<\/script>\n<!-- \/ Yoast SEO plugin. -->","yoast_head_json":{"title":"Universal Assistance nombra a Diana Olivares como su nueva directora para M\u00e9xico - Nitu - Noticias de la Industria Turistica","robots":{"index":"index","follow":"follow","max-snippet":"max-snippet:-1","max-image-preview":"max-image-preview:large","max-video-preview":"max-video-preview:-1"},"canonical":"https:\/\/nitu.mx\/index.php\/2025\/10\/29\/universal-assistance-nombra-a-diana-olivares-como-su-nueva-directora-para-mexico\/","twitter_card":"summary_large_image","twitter_title":"Universal Assistance nombra a Diana Olivares como su nueva directora para M\u00e9xico - Nitu - Noticias de la Industria Turistica","twitter_description":"Universal Assistance design\u00f3 a Diana Olivares como su nueva Country Manager de M\u00e9xico. Diana cuenta con una trayectoria destacada en el sector tur\u00edstico y de viajes, con m\u00e1s de 26 a\u00f1os de experiencia en LATAM Airlines, donde ocup\u00f3 diversas posiciones clave de liderazgo y desarrollo estrat\u00e9gico en la regi\u00f3n; adem\u00e1s presidi\u00f3 la C\u00e1mara Nacional de [&hellip;]","twitter_image":"https:\/\/nitu.mx\/wp-content\/uploads\/2025\/10\/Universal-Assistance-Diana-Olivares.jpg","twitter_creator":"@NITUmx","twitter_site":"@Arturo_Medina_G","twitter_misc":{"Escrito por":"Redacci\u00f3n","Tiempo de lectura":"1 minuto"},"schema":{"@context":"https:\/\/schema.org","@graph":[{"@type":"Article","@id":"https:\/\/nitu.mx\/index.php\/2025\/10\/29\/universal-assistance-nombra-a-diana-olivares-como-su-nueva-directora-para-mexico\/#article","isPartOf":{"@id":"https:\/\/nitu.mx\/index.php\/2025\/10\/29\/universal-assistance-nombra-a-diana-olivares-como-su-nueva-directora-para-mexico\/"},"author":{"name":"Redacci\u00f3n","@id":"https:\/\/nitu.mx\/#\/schema\/person\/4a28fe9bd65924f7c90623773daf1b0b"},"headline":"Universal Assistance nombra a Diana Olivares como su nueva directora para M\u00e9xico","datePublished":"2025-10-30T01:30:00+00:00","dateModified":"2025-10-30T00:36:16+00:00","mainEntityOfPage":{"@id":"https:\/\/nitu.mx\/index.php\/2025\/10\/29\/universal-assistance-nombra-a-diana-olivares-como-su-nueva-directora-para-mexico\/"},"wordCount":305,"publisher":{"@id":"https:\/\/nitu.mx\/#\/schema\/person\/ae7a53426417292d3dd07b45a33e01bc"},"image":{"@id":"https:\/\/nitu.mx\/index.php\/2025\/10\/29\/universal-assistance-nombra-a-diana-olivares-como-su-nueva-directora-para-mexico\/#primaryimage"},"thumbnailUrl":"https:\/\/nitu.mx\/wp-content\/uploads\/2025\/10\/Universal-Assistance-Diana-Olivares.jpg","keywords":["Canaero","Diana Olivares","LATAM Airlines","Silvina Garc\u00eda","Universal Assistance"],"articleSection":["Marketing"],"inLanguage":"es-MX"},{"@type":"WebPage","@id":"https:\/\/nitu.mx\/index.php\/2025\/10\/29\/universal-assistance-nombra-a-diana-olivares-como-su-nueva-directora-para-mexico\/","url":"https:\/\/nitu.mx\/index.php\/2025\/10\/29\/universal-assistance-nombra-a-diana-olivares-como-su-nueva-directora-para-mexico\/","name":"Universal Assistance nombra a Diana Olivares como su nueva directora para M\u00e9xico - Nitu - Noticias de la Industria Turistica","isPartOf":{"@id":"https:\/\/nitu.mx\/#website"},"primaryImageOfPage":{"@id":"https:\/\/nitu.mx\/index.php\/2025\/10\/29\/universal-assistance-nombra-a-diana-olivares-como-su-nueva-directora-para-mexico\/#primaryimage"},"image":{"@id":"https:\/\/nitu.mx\/index.php\/2025\/10\/29\/universal-assistance-nombra-a-diana-olivares-como-su-nueva-directora-para-mexico\/#primaryimage"},"thumbnailUrl":"https:\/\/nitu.mx\/wp-content\/uploads\/2025\/10\/Universal-Assistance-Diana-Olivares.jpg","datePublished":"2025-10-30T01:30:00+00:00","dateModified":"2025-10-30T00:36:16+00:00","breadcrumb":{"@id":"https:\/\/nitu.mx\/index.php\/2025\/10\/29\/universal-assistance-nombra-a-diana-olivares-como-su-nueva-directora-para-mexico\/#breadcrumb"},"inLanguage":"es-MX","potentialAction":[{"@type":"ReadAction","target":["https:\/\/nitu.mx\/index.php\/2025\/10\/29\/universal-assistance-nombra-a-diana-olivares-como-su-nueva-directora-para-mexico\/"]}]},{"@type":"ImageObject","inLanguage":"es-MX","@id":"https:\/\/nitu.mx\/index.php\/2025\/10\/29\/universal-assistance-nombra-a-diana-olivares-como-su-nueva-directora-para-mexico\/#primaryimage","url":"https:\/\/nitu.mx\/wp-content\/uploads\/2025\/10\/Universal-Assistance-Diana-Olivares.jpg","contentUrl":"https:\/\/nitu.mx\/wp-content\/uploads\/2025\/10\/Universal-Assistance-Diana-Olivares.jpg","width":1200,"height":675,"caption":"Universal Assistance Diana Olivares"},{"@type":"BreadcrumbList","@id":"https:\/\/nitu.mx\/index.php\/2025\/10\/29\/universal-assistance-nombra-a-diana-olivares-como-su-nueva-directora-para-mexico\/#breadcrumb","itemListElement":[{"@type":"ListItem","position":1,"name":"Inicio","item":"https:\/\/nitu.mx\/"},{"@type":"ListItem","position":2,"name":"Universal Assistance nombra a Diana Olivares como su nueva directora para M\u00e9xico"}]},{"@type":"WebSite","@id":"https:\/\/nitu.mx\/#website","url":"https:\/\/nitu.mx\/","name":"Nitu - Noticias de la Industria Turistica","description":"Noticias de la Industria Turistica","publisher":{"@id":"https:\/\/nitu.mx\/#\/schema\/person\/ae7a53426417292d3dd07b45a33e01bc"},"alternateName":"Noticias de la Industria Turistica","potentialAction":[{"@type":"SearchAction","target":{"@type":"EntryPoint","urlTemplate":"https:\/\/nitu.mx\/?s={search_term_string}"},"query-input":"required name=search_term_string"}],"inLanguage":"es-MX"},{"@type":["Person","Organization"],"@id":"https:\/\/nitu.mx\/#\/schema\/person\/ae7a53426417292d3dd07b45a33e01bc","name":"Arturo Medina","image":{"@type":"ImageObject","inLanguage":"es-MX","@id":"https:\/\/nitu.mx\/#\/schema\/person\/image\/","url":"https:\/\/nitu.mx\/wp-content\/uploads\/2024\/04\/4A315622-1904-4D5C-B022-878CDC840E04-90x90-1.jpeg","contentUrl":"https:\/\/nitu.mx\/wp-content\/uploads\/2024\/04\/4A315622-1904-4D5C-B022-878CDC840E04-90x90-1.jpeg","width":90,"height":90,"caption":"Arturo Medina"},"logo":{"@id":"https:\/\/nitu.mx\/#\/schema\/person\/image\/"},"description":"Director NITU.mx, Egresado de la Escuela de Periodismo Carlos Septi\u00e9n Garc\u00eda. Periodista y analista especializado en turismo desde hace 35 a\u00f1os, radicado en Canc\u00fan Q.Roo. arturo@nitu.mx","sameAs":["https:\/\/nitu.mx","https:\/\/www.facebook.com\/NITUmx\/","medinacancun","https:\/\/twitter.com\/@Arturo_Medina_G"]},{"@type":"Person","@id":"https:\/\/nitu.mx\/#\/schema\/person\/4a28fe9bd65924f7c90623773daf1b0b","name":"Redacci\u00f3n","image":{"@type":"ImageObject","inLanguage":"es-MX","@id":"https:\/\/nitu.mx\/#\/schema\/person\/image\/","url":"https:\/\/secure.gravatar.com\/avatar\/5dd011c8ccfc5cd7e4c81e42252aab38?s=96&d=mm&r=g","contentUrl":"https:\/\/secure.gravatar.com\/avatar\/5dd011c8ccfc5cd7e4c81e42252aab38?s=96&d=mm&r=g","caption":"Redacci\u00f3n"},"url":"https:\/\/nitu.mx\/index.php\/author\/redaccion\/"}]}},"views":626,"_links":{"self":[{"href":"https:\/\/nitu.mx\/index.php\/wp-json\/wp\/v2\/posts\/84238"}],"collection":[{"href":"https:\/\/nitu.mx\/index.php\/wp-json\/wp\/v2\/posts"}],"about":[{"href":"https:\/\/nitu.mx\/index.php\/wp-json\/wp\/v2\/types\/post"}],"author":[{"embeddable":true,"href":"https:\/\/nitu.mx\/index.php\/wp-json\/wp\/v2\/users\/17"}],"replies":[{"embeddable":true,"href":"https:\/\/nitu.mx\/index.php\/wp-json\/wp\/v2\/comments?post=84238"}],"version-history":[{"count":1,"href":"https:\/\/nitu.mx\/index.php\/wp-json\/wp\/v2\/posts\/84238\/revisions"}],"predecessor-version":[{"id":84241,"href":"https:\/\/nitu.mx\/index.php\/wp-json\/wp\/v2\/posts\/84238\/revisions\/84241"}],"wp:featuredmedia":[{"embeddable":true,"href":"https:\/\/nitu.mx\/index.php\/wp-json\/wp\/v2\/media\/84240"}],"wp:attachment":[{"href":"https:\/\/nitu.mx\/index.php\/wp-json\/wp\/v2\/media?parent=84238"}],"wp:term":[{"taxonomy":"category","embeddable":true,"href":"https:\/\/nitu.mx\/index.php\/wp-json\/wp\/v2\/categories?post=84238"},{"taxonomy":"post_tag","embeddable":true,"href":"https:\/\/nitu.mx\/index.php\/wp-json\/wp\/v2\/tags?post=84238"}],"curies":[{"name":"wp","href":"https:\/\/api.w.org\/{rel}","templated":true}]}}