{"id":84233,"date":"2025-10-29T18:18:57","date_gmt":"2025-10-30T00:18:57","guid":{"rendered":"https:\/\/nitu.mx\/?p=84233"},"modified":"2025-10-29T18:18:58","modified_gmt":"2025-10-30T00:18:58","slug":"interes-politico-o-economico-sheinbaum-frente-al-cierre-de-rutas-entre-mexico-y-usa-ordenadas-por-el-dot","status":"publish","type":"post","link":"https:\/\/nitu.mx\/index.php\/2025\/10\/29\/interes-politico-o-economico-sheinbaum-frente-al-cierre-de-rutas-entre-mexico-y-usa-ordenadas-por-el-dot\/","title":{"rendered":"Inter\u00e9s pol\u00edtico o econ\u00f3mico: Sheinbaum frente al cierre de rutas entre M\u00e9xico y USA ordenadas por el DOT"},"content":{"rendered":"\n<p>Respecto a la orden del Departamento de Transporte de Estados Unidos (DOT) que obliga al cierre de 13 rutas entre M\u00e9xico y USA por parte de aerol\u00edneas mexicanas, la presidenta de M\u00e9xico, Claudia Sheinbaum Pardo, expres\u00f3 que la decisi\u00f3n puede obedecer a un inter\u00e9s pol\u00edtico o puede ser un inter\u00e9s de apoyar a algunas empresas frente a otras, incluso estadounidenses.<\/p>\n\n\n\n<p>En su conferencia de prensa matutina, la mandataria explic\u00f3 que el d\u00eda de ayer, el secretario del Departamento de Transporte de Estados Unidos hizo una publicaci\u00f3n en el sentido de que no habr\u00e1 nuevos vuelos del Aeropuerto Internacional \u201cFelipe \u00c1ngeles\u201d hacia los Estados Unidos; y el argumento que plantea son dos, que ya ven\u00edan de antes y que se han contestado con toda prontitud:<\/p>\n\n\n\n<p>Uno. Es un decreto que hizo el Presidente L\u00f3pez Obrador para que la carga dedicada se moviera del Aeropuerto Internacional \u201cBenito Ju\u00e1rez\u201d de la Ciudad de M\u00e9xico al Aeropuerto Internacional \u201cFelipe \u00c1ngeles\u201d. Ellos dicen que ese decreto no est\u00e1 acorde con un acuerdo firmado en el 2015. Y tambi\u00e9n la distribuci\u00f3n de los\u00a0<em>slots<\/em>\u00a0 en el Aeropuerto Internacional \u201cBenito Ju\u00e1rez\u201d de la Ciudad de M\u00e9xico.<\/p>\n\n\n\n<p>Estos, y otras solicitudes que hizo hace meses el Departamento de Transporte, se contestaron con toda prontitud, afirm\u00f3 Sheinbaum. En primer lugar, la decisi\u00f3n de llevar la carga al AIFA fue una decisi\u00f3n soberana y que tiene que ver con protecci\u00f3n civil. El Aeropuerto Internacional de la Ciudad de M\u00e9xico estaba muy saturado; de hecho, esa era la raz\u00f3n por la cual iban a construir el de Texcoco. Entonces, la saturaci\u00f3n del Aeropuerto Internacional de la Ciudad de M\u00e9xico pon\u00eda en riesgo a los pasajeros, a los usuarios que utilizan el AICM. Se construye el AIFA, comienzan a trasladarse algunas l\u00edneas al AIFA, pero no tomaban la decisi\u00f3n de trasladarse de manera adecuada para disminuir los riesgos en el \u201cBenito Ju\u00e1rez\u201d.<\/p>\n\n\n\n<p>Sheinbaum asegura que ahora, todas las empresas que se fueron al AIFA est\u00e1n felices, de carga dedicada: tienen m\u00e1s espacio, hay m\u00e1s seguridad a la salida de los contenedores. Es decir, la manera en que se est\u00e1 operando en este momento, todas las empresas, incluidas las estadounidenses, est\u00e1n muy contentas con la carga dedicada en el AIFA. &#8220;Entonces, no estamos de acuerdo con esta decisi\u00f3n del Departamento de Transporte. Y lo decimos, adem\u00e1s, con toda certeza: M\u00e9xico no es pi\u00f1ata de nadie, a M\u00e9xico se le respeta&#8221;.<\/p>\n\n\n\n<p>Respecto a las acciones a seguir, la presidenta de M\u00e9xico inform\u00f3 que le pidi\u00f3 Y lo decimos, adem\u00e1s, con toda certeza: M\u00e9xico no es pi\u00f1ata de nadie, a M\u00e9xico se le respeta. <\/p>\n\n\n\n<p>&#8220;Le ped\u00ed tambi\u00e9n ayer a Andrea Marv\u00e1n, que es de la nueva Comisi\u00f3n Nacional Antimonopolio (CNA), que si pod\u00eda hacer un an\u00e1lisis de esto para que soportara los argumentos de que \u201csupuestamente\u201d se est\u00e1 violentando la competencia de las empresas estadounidenses en nuestro pa\u00eds. Entonces, que la hoy llamada CNA haga un an\u00e1lisis de si realmente se est\u00e1 afectando la competencia de las aerol\u00edneas, que de nuestra perspectiva no hay ninguna afectaci\u00f3n a las aerol\u00edneas.<\/p>\n\n\n\n<p>Entonces, lo que queremos es respeto y que, en todo caso, se analice conjuntamente si es que lo que ellos dicen tiene alg\u00fan fundamento, que es que se est\u00e1 violentando la competencia, que desde nuestra perspectiva no es ninguna. El AIFA est\u00e1 funcionando bien y no hay raz\u00f3n para que se limiten los vuelos hacia los Estados Unidos.<\/p>\n\n\n\n<p>Este viernes me re\u00fano con las tres aerol\u00edneas mexicanas, con Aerom\u00e9xico, Viva y Volaris, para conocer tambi\u00e9n su punto de vista.<\/p>\n\n\n\n<p>Y esperamos que la pr\u00f3xima semana, hoy la mayor parte de\u2026 El secretario de Estado o del Departamento de Estado, de Comercio, est\u00e1n junto con el presidente Trump en Asia; entendemos que regresan la pr\u00f3xima semana, y estamos buscando una reuni\u00f3n para poder \u2014como siempre lo hemos hecho\u2014 a trav\u00e9s del di\u00e1logo y el entendimiento, evitar que prosigan estas sanciones que desde nuestro punto de vista no tienen fundamento.<\/p>\n\n\n\n<h2 class=\"wp-block-heading\">SICT explica el proceso de la decisi\u00f3n del DOT<\/h2>\n\n\n\n<p>La Secretar\u00eda de Infraestructura, Comunicaciones y Transportes (SICT) inform\u00f3 que con relaci\u00f3n a esta orden, el DOT concede 14 d\u00edas, es decir al 11 de noviembre de 2025 para comentarios y 7 d\u00edas adicionales, al 18 de noviembre de 2025, para r\u00e9plicas.\u00a0<\/p>\n\n\n\n<p>En caso de que se confirme y la orden sea final, la prohibici\u00f3n entrar\u00e1 en vigor 108 d\u00edas h\u00e1biles posteriores a esa fecha.<\/p>\n\n\n\n<p>La SICT informa que se han llevado a cabo acciones en las que se busca privilegiar la seguridad y operaci\u00f3n del Sistema Aeron\u00e1utico Mexicano en apego al Acuerdo Bilateral y con respeto a la Soberan\u00eda Nacional.<\/p>\n\n\n\n<p>El Gobierno de M\u00e9xico reafirm\u00f3 su compromiso con una aviaci\u00f3n segura, eficiente y competitiva, que responda a las necesidades de los usuarios, promueva el desarrollo del sector y fortalezca la conectividad internacional.\u00a0<\/p>\n\n\n\n<p>Se continuar\u00e1 con las mesas de trabajo de manera coordinada con los actores involucrados para asegurar que las decisiones adoptadas se traduzcan en beneficios tangibles para los pasajeros y en un crecimiento sostenible para la industria a\u00e9rea.\u00a0(<a href=\"https:\/\/nitu.mx\/index.php\/2025\/10\/29\/canaero-aspa-y-viva-reaccionan-ante-el-cierre-de-13-rutas-entre-mexico-y-eeuu\/\">Canaero, ASPA y Viva reaccionan ante el cierre de 13 rutas entre M\u00e9xico y EEUU<\/a>).<\/p>\n","protected":false},"excerpt":{"rendered":"<p>Respecto a la orden del Departamento de Transporte de Estados Unidos (DOT) que obliga al cierre de 13 rutas entre M\u00e9xico y USA por parte de aerol\u00edneas mexicanas, la presidenta de M\u00e9xico, Claudia Sheinbaum Pardo, expres\u00f3 que la decisi\u00f3n puede obedecer a un inter\u00e9s pol\u00edtico o puede ser un inter\u00e9s de apoyar a algunas empresas [&hellip;]<\/p>\n","protected":false},"author":17,"featured_media":61637,"comment_status":"closed","ping_status":"closed","sticky":false,"template":"","format":"standard","meta":{"footnotes":""},"categories":[29],"tags":[294,21925,13802,3953,1737],"yoast_head":"<!-- This site is optimized with the Yoast SEO plugin v22.2 - https:\/\/yoast.com\/wordpress\/plugins\/seo\/ -->\n<title>Inter\u00e9s pol\u00edtico o econ\u00f3mico: Sheinbaum frente al cierre de rutas entre M\u00e9xico y USA ordenadas por el DOT - Nitu - Noticias de la Industria Turistica<\/title>\n<meta name=\"robots\" content=\"index, follow, max-snippet:-1, max-image-preview:large, max-video-preview:-1\" \/>\n<link rel=\"canonical\" href=\"https:\/\/nitu.mx\/index.php\/2025\/10\/29\/interes-politico-o-economico-sheinbaum-frente-al-cierre-de-rutas-entre-mexico-y-usa-ordenadas-por-el-dot\/\" \/>\n<meta name=\"twitter:card\" content=\"summary_large_image\" \/>\n<meta name=\"twitter:title\" content=\"Inter\u00e9s pol\u00edtico o econ\u00f3mico: Sheinbaum frente al cierre de rutas entre M\u00e9xico y USA ordenadas por el DOT - Nitu - Noticias de la Industria Turistica\" \/>\n<meta name=\"twitter:description\" content=\"Respecto a la orden del Departamento de Transporte de Estados Unidos (DOT) que obliga al cierre de 13 rutas entre M\u00e9xico y USA por parte de aerol\u00edneas mexicanas, la presidenta de M\u00e9xico, Claudia Sheinbaum Pardo, expres\u00f3 que la decisi\u00f3n puede obedecer a un inter\u00e9s pol\u00edtico o puede ser un inter\u00e9s de apoyar a algunas empresas [&hellip;]\" \/>\n<meta name=\"twitter:image\" content=\"https:\/\/nitu.mx\/wp-content\/uploads\/2022\/10\/AIFA.jpeg\" \/>\n<meta name=\"twitter:creator\" content=\"@NITUmx\" \/>\n<meta name=\"twitter:site\" content=\"@Arturo_Medina_G\" \/>\n<meta name=\"twitter:label1\" content=\"Escrito por\" \/>\n\t<meta name=\"twitter:data1\" content=\"Redacci\u00f3n\" \/>\n\t<meta name=\"twitter:label2\" content=\"Tiempo de lectura\" \/>\n\t<meta name=\"twitter:data2\" content=\"5 minutos\" \/>\n<script type=\"application\/ld+json\" class=\"yoast-schema-graph\">{\"@context\":\"https:\/\/schema.org\",\"@graph\":[{\"@type\":\"Article\",\"@id\":\"https:\/\/nitu.mx\/index.php\/2025\/10\/29\/interes-politico-o-economico-sheinbaum-frente-al-cierre-de-rutas-entre-mexico-y-usa-ordenadas-por-el-dot\/#article\",\"isPartOf\":{\"@id\":\"https:\/\/nitu.mx\/index.php\/2025\/10\/29\/interes-politico-o-economico-sheinbaum-frente-al-cierre-de-rutas-entre-mexico-y-usa-ordenadas-por-el-dot\/\"},\"author\":{\"name\":\"Redacci\u00f3n\",\"@id\":\"https:\/\/nitu.mx\/#\/schema\/person\/4a28fe9bd65924f7c90623773daf1b0b\"},\"headline\":\"Inter\u00e9s pol\u00edtico o econ\u00f3mico: Sheinbaum frente al cierre de rutas entre M\u00e9xico y USA ordenadas por el DOT\",\"datePublished\":\"2025-10-30T00:18:57+00:00\",\"dateModified\":\"2025-10-30T00:18:58+00:00\",\"mainEntityOfPage\":{\"@id\":\"https:\/\/nitu.mx\/index.php\/2025\/10\/29\/interes-politico-o-economico-sheinbaum-frente-al-cierre-de-rutas-entre-mexico-y-usa-ordenadas-por-el-dot\/\"},\"wordCount\":938,\"publisher\":{\"@id\":\"https:\/\/nitu.mx\/#\/schema\/person\/ae7a53426417292d3dd07b45a33e01bc\"},\"image\":{\"@id\":\"https:\/\/nitu.mx\/index.php\/2025\/10\/29\/interes-politico-o-economico-sheinbaum-frente-al-cierre-de-rutas-entre-mexico-y-usa-ordenadas-por-el-dot\/#primaryimage\"},\"thumbnailUrl\":\"https:\/\/nitu.mx\/wp-content\/uploads\/2022\/10\/AIFA.jpeg\",\"keywords\":[\"AICM\",\"AIFA\",\"Claudia Sheinbaum\",\"conectividad\",\"DOT\"],\"articleSection\":[\"Aerol\u00edneas\"],\"inLanguage\":\"es-MX\"},{\"@type\":\"WebPage\",\"@id\":\"https:\/\/nitu.mx\/index.php\/2025\/10\/29\/interes-politico-o-economico-sheinbaum-frente-al-cierre-de-rutas-entre-mexico-y-usa-ordenadas-por-el-dot\/\",\"url\":\"https:\/\/nitu.mx\/index.php\/2025\/10\/29\/interes-politico-o-economico-sheinbaum-frente-al-cierre-de-rutas-entre-mexico-y-usa-ordenadas-por-el-dot\/\",\"name\":\"Inter\u00e9s pol\u00edtico o econ\u00f3mico: Sheinbaum frente al cierre de rutas entre M\u00e9xico y USA ordenadas por el DOT - Nitu - Noticias de la Industria Turistica\",\"isPartOf\":{\"@id\":\"https:\/\/nitu.mx\/#website\"},\"primaryImageOfPage\":{\"@id\":\"https:\/\/nitu.mx\/index.php\/2025\/10\/29\/interes-politico-o-economico-sheinbaum-frente-al-cierre-de-rutas-entre-mexico-y-usa-ordenadas-por-el-dot\/#primaryimage\"},\"image\":{\"@id\":\"https:\/\/nitu.mx\/index.php\/2025\/10\/29\/interes-politico-o-economico-sheinbaum-frente-al-cierre-de-rutas-entre-mexico-y-usa-ordenadas-por-el-dot\/#primaryimage\"},\"thumbnailUrl\":\"https:\/\/nitu.mx\/wp-content\/uploads\/2022\/10\/AIFA.jpeg\",\"datePublished\":\"2025-10-30T00:18:57+00:00\",\"dateModified\":\"2025-10-30T00:18:58+00:00\",\"breadcrumb\":{\"@id\":\"https:\/\/nitu.mx\/index.php\/2025\/10\/29\/interes-politico-o-economico-sheinbaum-frente-al-cierre-de-rutas-entre-mexico-y-usa-ordenadas-por-el-dot\/#breadcrumb\"},\"inLanguage\":\"es-MX\",\"potentialAction\":[{\"@type\":\"ReadAction\",\"target\":[\"https:\/\/nitu.mx\/index.php\/2025\/10\/29\/interes-politico-o-economico-sheinbaum-frente-al-cierre-de-rutas-entre-mexico-y-usa-ordenadas-por-el-dot\/\"]}]},{\"@type\":\"ImageObject\",\"inLanguage\":\"es-MX\",\"@id\":\"https:\/\/nitu.mx\/index.php\/2025\/10\/29\/interes-politico-o-economico-sheinbaum-frente-al-cierre-de-rutas-entre-mexico-y-usa-ordenadas-por-el-dot\/#primaryimage\",\"url\":\"https:\/\/nitu.mx\/wp-content\/uploads\/2022\/10\/AIFA.jpeg\",\"contentUrl\":\"https:\/\/nitu.mx\/wp-content\/uploads\/2022\/10\/AIFA.jpeg\",\"width\":1024,\"height\":576,\"caption\":\"AIFA\"},{\"@type\":\"BreadcrumbList\",\"@id\":\"https:\/\/nitu.mx\/index.php\/2025\/10\/29\/interes-politico-o-economico-sheinbaum-frente-al-cierre-de-rutas-entre-mexico-y-usa-ordenadas-por-el-dot\/#breadcrumb\",\"itemListElement\":[{\"@type\":\"ListItem\",\"position\":1,\"name\":\"Inicio\",\"item\":\"https:\/\/nitu.mx\/\"},{\"@type\":\"ListItem\",\"position\":2,\"name\":\"Inter\u00e9s pol\u00edtico o econ\u00f3mico: Sheinbaum frente al cierre de rutas entre M\u00e9xico y USA ordenadas por el DOT\"}]},{\"@type\":\"WebSite\",\"@id\":\"https:\/\/nitu.mx\/#website\",\"url\":\"https:\/\/nitu.mx\/\",\"name\":\"Nitu - Noticias de la Industria Turistica\",\"description\":\"Noticias de la Industria Turistica\",\"publisher\":{\"@id\":\"https:\/\/nitu.mx\/#\/schema\/person\/ae7a53426417292d3dd07b45a33e01bc\"},\"alternateName\":\"Noticias de la Industria Turistica\",\"potentialAction\":[{\"@type\":\"SearchAction\",\"target\":{\"@type\":\"EntryPoint\",\"urlTemplate\":\"https:\/\/nitu.mx\/?s={search_term_string}\"},\"query-input\":\"required name=search_term_string\"}],\"inLanguage\":\"es-MX\"},{\"@type\":[\"Person\",\"Organization\"],\"@id\":\"https:\/\/nitu.mx\/#\/schema\/person\/ae7a53426417292d3dd07b45a33e01bc\",\"name\":\"Arturo Medina\",\"image\":{\"@type\":\"ImageObject\",\"inLanguage\":\"es-MX\",\"@id\":\"https:\/\/nitu.mx\/#\/schema\/person\/image\/\",\"url\":\"https:\/\/nitu.mx\/wp-content\/uploads\/2024\/04\/4A315622-1904-4D5C-B022-878CDC840E04-90x90-1.jpeg\",\"contentUrl\":\"https:\/\/nitu.mx\/wp-content\/uploads\/2024\/04\/4A315622-1904-4D5C-B022-878CDC840E04-90x90-1.jpeg\",\"width\":90,\"height\":90,\"caption\":\"Arturo Medina\"},\"logo\":{\"@id\":\"https:\/\/nitu.mx\/#\/schema\/person\/image\/\"},\"description\":\"Director NITU.mx, Egresado de la Escuela de Periodismo Carlos Septi\u00e9n Garc\u00eda. Periodista y analista especializado en turismo desde hace 35 a\u00f1os, radicado en Canc\u00fan Q.Roo. arturo@nitu.mx\",\"sameAs\":[\"https:\/\/nitu.mx\",\"https:\/\/www.facebook.com\/NITUmx\/\",\"medinacancun\",\"https:\/\/twitter.com\/@Arturo_Medina_G\"]},{\"@type\":\"Person\",\"@id\":\"https:\/\/nitu.mx\/#\/schema\/person\/4a28fe9bd65924f7c90623773daf1b0b\",\"name\":\"Redacci\u00f3n\",\"image\":{\"@type\":\"ImageObject\",\"inLanguage\":\"es-MX\",\"@id\":\"https:\/\/nitu.mx\/#\/schema\/person\/image\/\",\"url\":\"https:\/\/secure.gravatar.com\/avatar\/5dd011c8ccfc5cd7e4c81e42252aab38?s=96&d=mm&r=g\",\"contentUrl\":\"https:\/\/secure.gravatar.com\/avatar\/5dd011c8ccfc5cd7e4c81e42252aab38?s=96&d=mm&r=g\",\"caption\":\"Redacci\u00f3n\"},\"url\":\"https:\/\/nitu.mx\/index.php\/author\/redaccion\/\"}]}<\/script>\n<!-- \/ Yoast SEO plugin. -->","yoast_head_json":{"title":"Inter\u00e9s pol\u00edtico o econ\u00f3mico: Sheinbaum frente al cierre de rutas entre M\u00e9xico y USA ordenadas por el DOT - Nitu - Noticias de la Industria Turistica","robots":{"index":"index","follow":"follow","max-snippet":"max-snippet:-1","max-image-preview":"max-image-preview:large","max-video-preview":"max-video-preview:-1"},"canonical":"https:\/\/nitu.mx\/index.php\/2025\/10\/29\/interes-politico-o-economico-sheinbaum-frente-al-cierre-de-rutas-entre-mexico-y-usa-ordenadas-por-el-dot\/","twitter_card":"summary_large_image","twitter_title":"Inter\u00e9s pol\u00edtico o econ\u00f3mico: Sheinbaum frente al cierre de rutas entre M\u00e9xico y USA ordenadas por el DOT - Nitu - Noticias de la Industria Turistica","twitter_description":"Respecto a la orden del Departamento de Transporte de Estados Unidos (DOT) que obliga al cierre de 13 rutas entre M\u00e9xico y USA por parte de aerol\u00edneas mexicanas, la presidenta de M\u00e9xico, Claudia Sheinbaum Pardo, expres\u00f3 que la decisi\u00f3n puede obedecer a un inter\u00e9s pol\u00edtico o puede ser un inter\u00e9s de apoyar a algunas empresas [&hellip;]","twitter_image":"https:\/\/nitu.mx\/wp-content\/uploads\/2022\/10\/AIFA.jpeg","twitter_creator":"@NITUmx","twitter_site":"@Arturo_Medina_G","twitter_misc":{"Escrito por":"Redacci\u00f3n","Tiempo de lectura":"5 minutos"},"schema":{"@context":"https:\/\/schema.org","@graph":[{"@type":"Article","@id":"https:\/\/nitu.mx\/index.php\/2025\/10\/29\/interes-politico-o-economico-sheinbaum-frente-al-cierre-de-rutas-entre-mexico-y-usa-ordenadas-por-el-dot\/#article","isPartOf":{"@id":"https:\/\/nitu.mx\/index.php\/2025\/10\/29\/interes-politico-o-economico-sheinbaum-frente-al-cierre-de-rutas-entre-mexico-y-usa-ordenadas-por-el-dot\/"},"author":{"name":"Redacci\u00f3n","@id":"https:\/\/nitu.mx\/#\/schema\/person\/4a28fe9bd65924f7c90623773daf1b0b"},"headline":"Inter\u00e9s pol\u00edtico o econ\u00f3mico: Sheinbaum frente al cierre de rutas entre M\u00e9xico y USA ordenadas por el DOT","datePublished":"2025-10-30T00:18:57+00:00","dateModified":"2025-10-30T00:18:58+00:00","mainEntityOfPage":{"@id":"https:\/\/nitu.mx\/index.php\/2025\/10\/29\/interes-politico-o-economico-sheinbaum-frente-al-cierre-de-rutas-entre-mexico-y-usa-ordenadas-por-el-dot\/"},"wordCount":938,"publisher":{"@id":"https:\/\/nitu.mx\/#\/schema\/person\/ae7a53426417292d3dd07b45a33e01bc"},"image":{"@id":"https:\/\/nitu.mx\/index.php\/2025\/10\/29\/interes-politico-o-economico-sheinbaum-frente-al-cierre-de-rutas-entre-mexico-y-usa-ordenadas-por-el-dot\/#primaryimage"},"thumbnailUrl":"https:\/\/nitu.mx\/wp-content\/uploads\/2022\/10\/AIFA.jpeg","keywords":["AICM","AIFA","Claudia Sheinbaum","conectividad","DOT"],"articleSection":["Aerol\u00edneas"],"inLanguage":"es-MX"},{"@type":"WebPage","@id":"https:\/\/nitu.mx\/index.php\/2025\/10\/29\/interes-politico-o-economico-sheinbaum-frente-al-cierre-de-rutas-entre-mexico-y-usa-ordenadas-por-el-dot\/","url":"https:\/\/nitu.mx\/index.php\/2025\/10\/29\/interes-politico-o-economico-sheinbaum-frente-al-cierre-de-rutas-entre-mexico-y-usa-ordenadas-por-el-dot\/","name":"Inter\u00e9s pol\u00edtico o econ\u00f3mico: Sheinbaum frente al cierre de rutas entre M\u00e9xico y USA ordenadas por el DOT - Nitu - Noticias de la Industria Turistica","isPartOf":{"@id":"https:\/\/nitu.mx\/#website"},"primaryImageOfPage":{"@id":"https:\/\/nitu.mx\/index.php\/2025\/10\/29\/interes-politico-o-economico-sheinbaum-frente-al-cierre-de-rutas-entre-mexico-y-usa-ordenadas-por-el-dot\/#primaryimage"},"image":{"@id":"https:\/\/nitu.mx\/index.php\/2025\/10\/29\/interes-politico-o-economico-sheinbaum-frente-al-cierre-de-rutas-entre-mexico-y-usa-ordenadas-por-el-dot\/#primaryimage"},"thumbnailUrl":"https:\/\/nitu.mx\/wp-content\/uploads\/2022\/10\/AIFA.jpeg","datePublished":"2025-10-30T00:18:57+00:00","dateModified":"2025-10-30T00:18:58+00:00","breadcrumb":{"@id":"https:\/\/nitu.mx\/index.php\/2025\/10\/29\/interes-politico-o-economico-sheinbaum-frente-al-cierre-de-rutas-entre-mexico-y-usa-ordenadas-por-el-dot\/#breadcrumb"},"inLanguage":"es-MX","potentialAction":[{"@type":"ReadAction","target":["https:\/\/nitu.mx\/index.php\/2025\/10\/29\/interes-politico-o-economico-sheinbaum-frente-al-cierre-de-rutas-entre-mexico-y-usa-ordenadas-por-el-dot\/"]}]},{"@type":"ImageObject","inLanguage":"es-MX","@id":"https:\/\/nitu.mx\/index.php\/2025\/10\/29\/interes-politico-o-economico-sheinbaum-frente-al-cierre-de-rutas-entre-mexico-y-usa-ordenadas-por-el-dot\/#primaryimage","url":"https:\/\/nitu.mx\/wp-content\/uploads\/2022\/10\/AIFA.jpeg","contentUrl":"https:\/\/nitu.mx\/wp-content\/uploads\/2022\/10\/AIFA.jpeg","width":1024,"height":576,"caption":"AIFA"},{"@type":"BreadcrumbList","@id":"https:\/\/nitu.mx\/index.php\/2025\/10\/29\/interes-politico-o-economico-sheinbaum-frente-al-cierre-de-rutas-entre-mexico-y-usa-ordenadas-por-el-dot\/#breadcrumb","itemListElement":[{"@type":"ListItem","position":1,"name":"Inicio","item":"https:\/\/nitu.mx\/"},{"@type":"ListItem","position":2,"name":"Inter\u00e9s pol\u00edtico o econ\u00f3mico: Sheinbaum frente al cierre de rutas entre M\u00e9xico y USA ordenadas por el DOT"}]},{"@type":"WebSite","@id":"https:\/\/nitu.mx\/#website","url":"https:\/\/nitu.mx\/","name":"Nitu - Noticias de la Industria Turistica","description":"Noticias de la Industria Turistica","publisher":{"@id":"https:\/\/nitu.mx\/#\/schema\/person\/ae7a53426417292d3dd07b45a33e01bc"},"alternateName":"Noticias de la Industria Turistica","potentialAction":[{"@type":"SearchAction","target":{"@type":"EntryPoint","urlTemplate":"https:\/\/nitu.mx\/?s={search_term_string}"},"query-input":"required name=search_term_string"}],"inLanguage":"es-MX"},{"@type":["Person","Organization"],"@id":"https:\/\/nitu.mx\/#\/schema\/person\/ae7a53426417292d3dd07b45a33e01bc","name":"Arturo Medina","image":{"@type":"ImageObject","inLanguage":"es-MX","@id":"https:\/\/nitu.mx\/#\/schema\/person\/image\/","url":"https:\/\/nitu.mx\/wp-content\/uploads\/2024\/04\/4A315622-1904-4D5C-B022-878CDC840E04-90x90-1.jpeg","contentUrl":"https:\/\/nitu.mx\/wp-content\/uploads\/2024\/04\/4A315622-1904-4D5C-B022-878CDC840E04-90x90-1.jpeg","width":90,"height":90,"caption":"Arturo Medina"},"logo":{"@id":"https:\/\/nitu.mx\/#\/schema\/person\/image\/"},"description":"Director NITU.mx, Egresado de la Escuela de Periodismo Carlos Septi\u00e9n Garc\u00eda. Periodista y analista especializado en turismo desde hace 35 a\u00f1os, radicado en Canc\u00fan Q.Roo. arturo@nitu.mx","sameAs":["https:\/\/nitu.mx","https:\/\/www.facebook.com\/NITUmx\/","medinacancun","https:\/\/twitter.com\/@Arturo_Medina_G"]},{"@type":"Person","@id":"https:\/\/nitu.mx\/#\/schema\/person\/4a28fe9bd65924f7c90623773daf1b0b","name":"Redacci\u00f3n","image":{"@type":"ImageObject","inLanguage":"es-MX","@id":"https:\/\/nitu.mx\/#\/schema\/person\/image\/","url":"https:\/\/secure.gravatar.com\/avatar\/5dd011c8ccfc5cd7e4c81e42252aab38?s=96&d=mm&r=g","contentUrl":"https:\/\/secure.gravatar.com\/avatar\/5dd011c8ccfc5cd7e4c81e42252aab38?s=96&d=mm&r=g","caption":"Redacci\u00f3n"},"url":"https:\/\/nitu.mx\/index.php\/author\/redaccion\/"}]}},"views":693,"_links":{"self":[{"href":"https:\/\/nitu.mx\/index.php\/wp-json\/wp\/v2\/posts\/84233"}],"collection":[{"href":"https:\/\/nitu.mx\/index.php\/wp-json\/wp\/v2\/posts"}],"about":[{"href":"https:\/\/nitu.mx\/index.php\/wp-json\/wp\/v2\/types\/post"}],"author":[{"embeddable":true,"href":"https:\/\/nitu.mx\/index.php\/wp-json\/wp\/v2\/users\/17"}],"replies":[{"embeddable":true,"href":"https:\/\/nitu.mx\/index.php\/wp-json\/wp\/v2\/comments?post=84233"}],"version-history":[{"count":2,"href":"https:\/\/nitu.mx\/index.php\/wp-json\/wp\/v2\/posts\/84233\/revisions"}],"predecessor-version":[{"id":84237,"href":"https:\/\/nitu.mx\/index.php\/wp-json\/wp\/v2\/posts\/84233\/revisions\/84237"}],"wp:featuredmedia":[{"embeddable":true,"href":"https:\/\/nitu.mx\/index.php\/wp-json\/wp\/v2\/media\/61637"}],"wp:attachment":[{"href":"https:\/\/nitu.mx\/index.php\/wp-json\/wp\/v2\/media?parent=84233"}],"wp:term":[{"taxonomy":"category","embeddable":true,"href":"https:\/\/nitu.mx\/index.php\/wp-json\/wp\/v2\/categories?post=84233"},{"taxonomy":"post_tag","embeddable":true,"href":"https:\/\/nitu.mx\/index.php\/wp-json\/wp\/v2\/tags?post=84233"}],"curies":[{"name":"wp","href":"https:\/\/api.w.org\/{rel}","templated":true}]}}