{"id":84228,"date":"2025-10-29T17:04:48","date_gmt":"2025-10-29T23:04:48","guid":{"rendered":"https:\/\/nitu.mx\/?p=84228"},"modified":"2025-10-29T17:04:48","modified_gmt":"2025-10-29T23:04:48","slug":"canaero-aspa-y-viva-reaccionan-ante-el-cierre-de-13-rutas-entre-mexico-y-eeuu","status":"publish","type":"post","link":"https:\/\/nitu.mx\/index.php\/2025\/10\/29\/canaero-aspa-y-viva-reaccionan-ante-el-cierre-de-13-rutas-entre-mexico-y-eeuu\/","title":{"rendered":"Canaero, ASPA y Viva reaccionan ante el cierre de 13 rutas entre M\u00e9xico y EEUU"},"content":{"rendered":"\n<p>Tras el anuncio del Departamento de Transporte de Estados Unidos (DOT) que proh\u00edbe el inicio de 13 nuevas rutas entre M\u00e9xico y la Uni\u00f3n Americana, acusando el incumplimiento de acuerdos en materia de aviaci\u00f3n, la C\u00e1mara Nacional de Aerotransportes (Canaero), la Asociaci\u00f3n Sindical de Pilotos Aviadores de M\u00e9xico (ASPA) y la aerol\u00ednea mexicana de bajo costo, Viva, externaron sus reacciones hacia la decisi\u00f3n y al Gobierno de M\u00e9xico (<a href=\"https:\/\/nitu.mx\/index.php\/2025\/10\/28\/presiona-trump-a-mexico-por-represalias-del-tema-delta-en-aicm-prohibe-13-nuevas-rutas\/\">Presiona Trump a M\u00e9xico por represalias por limitar operaciones en AICM; proh\u00edbe 13 nuevas rutas a EUA<\/a>).<\/p>\n\n\n\n<h2 class=\"wp-block-heading\">Canaero urge acciones del Gobierno de M\u00e9xico y reitera compromiso con el di\u00e1logo<\/h2>\n\n\n\n<p>Canaero extern\u00f3 su preocupaci\u00f3n ante las recientes \u00f3rdenes emitidas por el DOT, que impactan las operaciones de aerol\u00edneas mexicanas de pasajeros y carga.<\/p>\n\n\n\n<p>Indic\u00f3 que el sector a\u00e9reo mexicano reconoce la importancia de mantener una relaci\u00f3n bilateral basada en la cooperaci\u00f3n, la certidumbre y el beneficio mutuo. En este sentido, hace un respetuoso llamado al Gobierno de M\u00e9xico y a sus contrapartes estadounidenses, para fortalecer los canales de di\u00e1logo que permitan alcanzar soluciones que restablezcan las condiciones de competencia y conectividad entre ambos pa\u00edses a la brevedad posible.<\/p>\n\n\n\n<p>La C\u00e1mara reitera su disposici\u00f3n para trabajar de manera coordinada con los distintos actores del sector, a fin de identificar alternativas que mitiguen el impacto para pasajeros, empresas y cadenas log\u00edsticas, que contribuyan a la continuidad de los servicios a\u00e9reos en beneficio del comercio, el turismo y la integraci\u00f3n econ\u00f3mica regional.<\/p>\n\n\n\n<p>Canaero conf\u00eda en que, mediante una interlocuci\u00f3n abierta y constructiva, ser\u00e1 posible avanzar hacia un marco de cooperaci\u00f3n que preserve los intereses de M\u00e9xico, fortalezca el desarrollo sostenible del sector a\u00e9reo nacional y vele siempre por los intereses de sus pasajeros. <\/p>\n\n\n\n<h3 class=\"wp-block-heading\">ASPA expresa preocupaci\u00f3n y destaca falla del Gobierno<\/h3>\n\n\n\n<p>Por su parte, ASPA expresa su profunda preocupaci\u00f3n ante las \u00f3rdenes emitidas por el DOT, que limitan y condicionan las operaciones de las aerol\u00edneas mexicanas hacia ese pa\u00eds. Estas disposiciones incluyen la desaprobaci\u00f3n de servicios programados y la propuesta de prohibir el transporte de carga en vuelos combinados desde el Aeropuerto Internacional de la Ciudad de M\u00e9xico, lo cual podr\u00eda afectar gravemente la conectividad a\u00e9rea, la competitividad de la aviaci\u00f3n nacional y los miles de empleos que dependen\u00a0 directamente de este sector, impactando a pasajeros, trabajadores y empresas vinculadas con la industria a\u00e9rea.<\/p>\n\n\n\n<p>En diversas ocasiones, ASPA ha reiterado su disposici\u00f3n a colaborar con las autoridades nacionales en favor de pol\u00edticas que fortalezcan a la aviaci\u00f3n mexicana; sin embargo, nuestra voz no ha encontrado el eco necesario. <\/p>\n\n\n\n<p>Esta situaci\u00f3n evidencia la falta de una visi\u00f3n de Estado que reconozca la importancia estrat\u00e9gica de la aviaci\u00f3n como motor de conectividad, desarrollo y empleo. Lo advertimos con antelaci\u00f3n: las decisiones adoptadas sin una perspectiva t\u00e9cnica ni de largo plazo han derivado en un escenario de incertidumbre laboral y econ\u00f3mica que hoy se materializa a ra\u00edz de las \u00f3rdenes emitidas por el DOT.<\/p>\n\n\n\n<p>ASPA exhorta al Gobierno Federal a actuar con responsabilidad, urgencia y visi\u00f3n estrat\u00e9gica, privilegiando el di\u00e1logo t\u00e9cnico y diplom\u00e1tico con las autoridades estadounidenses para restablecer las condiciones de equidad previstas en el Acuerdo Bilateral de Transporte A\u00e9reo de 2015. <\/p>\n\n\n\n<p>Defender los intereses de la aviaci\u00f3n mexicana, de sus aerol\u00edneas, de su conectividad y de sus trabajadores debe ser una prioridad nacional, garantizando el cumplimiento de los compromisos internacionales y la estabilidad de un sector fundamental para el desarrollo econ\u00f3mico y social del pa\u00eds.<\/p>\n\n\n\n<p>Viva mantiene cautela para tomar acciones<\/p>\n\n\n\n<p>En relaci\u00f3n con la reciente orden DOT-OST-2025-0436 (2025-10-13) emitida ayer por el DOT, Viva Aerobus inform\u00f3: <\/p>\n\n\n\n<p>Estamos evaluando cuidadosamente el impacto de esta orden en nuestras operaciones y en los servicios de transporte para todos nuestros usuarios con el fin de informarles oportunamente y de minimizar afectaciones a los mismos.<\/p>\n\n\n\n<p>La decisi\u00f3n unilateral anunciada por el gobierno de Estados Unidos, y la poca antelaci\u00f3n con la que emiten esta orden, tendr\u00e1 un impacto en miles de pasajeros norte americanos y mexicanos en plena temporada vacacional.<\/p>\n\n\n\n<p>Confiamos en el dialogo entre las autoridades de nuestro Gobierno con su contraparte en Estados Unidos para buscar una soluci\u00f3n razonable a este conflicto, y minimizar las afectaciones a los pasajeros.<\/p>\n\n\n\n<p>Mientras eso sucede estamos en comunicaci\u00f3n permanente con las autoridades correspondientes, tanto en M\u00e9xico como en Estados Unidos, as\u00ed como con la industria, con el fin de entender a fondo los alcances de esta decisi\u00f3n y exhortando llegar a una soluci\u00f3n<br>inmediata para evitar futuras afectaciones en este importante sector para ambas naciones.<\/p>\n\n\n\n<p>La medida anunciada por el gobierno de Estados Unidos afecta a los vuelos de Viva que iniciar\u00edan operaciones saliendo desde el nuevo Aeropuerto de la Ciudad de M\u00e9xico (AIFA) a partir de noviembre: Esto incluye las ciudades de Los \u00c1ngeles, Chicago, Orlando, Austin, Dallas, Denver, Houston, Miami y Nueva York.<\/p>\n\n\n\n<p>Los vuelos que actualmente operan desde el resto de los aeropuertos del pa\u00eds y el AICM hacia Estados Unidos no tienen afectaci\u00f3n alguna. <\/p>\n\n\n\n<p>En Viva Aerobus nuestra prioridad siempre ser\u00e1 poner por delante a nuestros pasajeros. Reiteramos nuestro compromiso de cumplir con las regulaciones nacionales e internacionales y de promover la equidad en el mercado de transporte a\u00e9reo. <\/p>\n\n\n\n<p>Nos comprometemos a mantenerlos informados sobre cualquier actualizaci\u00f3n relacionada con esta situaci\u00f3n. Agradecemos su confianza y comprensi\u00f3n mientras trabajamos para resolver esta situaci\u00f3n. <\/p>\n","protected":false},"excerpt":{"rendered":"<p>Tras el anuncio del Departamento de Transporte de Estados Unidos (DOT) que proh\u00edbe el inicio de 13 nuevas rutas entre M\u00e9xico y la Uni\u00f3n Americana, acusando el incumplimiento de acuerdos en materia de aviaci\u00f3n, la C\u00e1mara Nacional de Aerotransportes (Canaero), la Asociaci\u00f3n Sindical de Pilotos Aviadores de M\u00e9xico (ASPA) y la aerol\u00ednea mexicana de bajo [&hellip;]<\/p>\n","protected":false},"author":17,"featured_media":83275,"comment_status":"closed","ping_status":"closed","sticky":false,"template":"","format":"standard","meta":{"footnotes":""},"categories":[29],"tags":[415,416,3953,1737,2628],"yoast_head":"<!-- This site is optimized with the Yoast SEO plugin v22.2 - https:\/\/yoast.com\/wordpress\/plugins\/seo\/ -->\n<title>Canaero, ASPA y Viva reaccionan ante el cierre de 13 rutas entre M\u00e9xico y EEUU - Nitu - Noticias de la Industria Turistica<\/title>\n<meta name=\"robots\" content=\"index, follow, max-snippet:-1, max-image-preview:large, max-video-preview:-1\" \/>\n<link rel=\"canonical\" href=\"https:\/\/nitu.mx\/index.php\/2025\/10\/29\/canaero-aspa-y-viva-reaccionan-ante-el-cierre-de-13-rutas-entre-mexico-y-eeuu\/\" \/>\n<meta name=\"twitter:card\" content=\"summary_large_image\" \/>\n<meta name=\"twitter:title\" content=\"Canaero, ASPA y Viva reaccionan ante el cierre de 13 rutas entre M\u00e9xico y EEUU - Nitu - Noticias de la Industria Turistica\" \/>\n<meta name=\"twitter:description\" content=\"Tras el anuncio del Departamento de Transporte de Estados Unidos (DOT) que proh\u00edbe el inicio de 13 nuevas rutas entre M\u00e9xico y la Uni\u00f3n Americana, acusando el incumplimiento de acuerdos en materia de aviaci\u00f3n, la C\u00e1mara Nacional de Aerotransportes (Canaero), la Asociaci\u00f3n Sindical de Pilotos Aviadores de M\u00e9xico (ASPA) y la aerol\u00ednea mexicana de bajo [&hellip;]\" \/>\n<meta name=\"twitter:image\" content=\"https:\/\/nitu.mx\/wp-content\/uploads\/2025\/09\/AIFA-inversion-publica.jpg\" \/>\n<meta name=\"twitter:creator\" content=\"@NITUmx\" \/>\n<meta name=\"twitter:site\" content=\"@Arturo_Medina_G\" \/>\n<meta name=\"twitter:label1\" content=\"Escrito por\" \/>\n\t<meta name=\"twitter:data1\" content=\"Redacci\u00f3n\" \/>\n\t<meta name=\"twitter:label2\" content=\"Tiempo de lectura\" \/>\n\t<meta name=\"twitter:data2\" content=\"5 minutos\" \/>\n<script type=\"application\/ld+json\" class=\"yoast-schema-graph\">{\"@context\":\"https:\/\/schema.org\",\"@graph\":[{\"@type\":\"Article\",\"@id\":\"https:\/\/nitu.mx\/index.php\/2025\/10\/29\/canaero-aspa-y-viva-reaccionan-ante-el-cierre-de-13-rutas-entre-mexico-y-eeuu\/#article\",\"isPartOf\":{\"@id\":\"https:\/\/nitu.mx\/index.php\/2025\/10\/29\/canaero-aspa-y-viva-reaccionan-ante-el-cierre-de-13-rutas-entre-mexico-y-eeuu\/\"},\"author\":{\"name\":\"Redacci\u00f3n\",\"@id\":\"https:\/\/nitu.mx\/#\/schema\/person\/4a28fe9bd65924f7c90623773daf1b0b\"},\"headline\":\"Canaero, ASPA y Viva reaccionan ante el cierre de 13 rutas entre M\u00e9xico y EEUU\",\"datePublished\":\"2025-10-29T23:04:48+00:00\",\"dateModified\":\"2025-10-29T23:04:48+00:00\",\"mainEntityOfPage\":{\"@id\":\"https:\/\/nitu.mx\/index.php\/2025\/10\/29\/canaero-aspa-y-viva-reaccionan-ante-el-cierre-de-13-rutas-entre-mexico-y-eeuu\/\"},\"wordCount\":959,\"publisher\":{\"@id\":\"https:\/\/nitu.mx\/#\/schema\/person\/ae7a53426417292d3dd07b45a33e01bc\"},\"image\":{\"@id\":\"https:\/\/nitu.mx\/index.php\/2025\/10\/29\/canaero-aspa-y-viva-reaccionan-ante-el-cierre-de-13-rutas-entre-mexico-y-eeuu\/#primaryimage\"},\"thumbnailUrl\":\"https:\/\/nitu.mx\/wp-content\/uploads\/2025\/09\/AIFA-inversion-publica.jpg\",\"keywords\":[\"ASPA\",\"Canaero\",\"conectividad\",\"DOT\",\"Viva\"],\"articleSection\":[\"Aerol\u00edneas\"],\"inLanguage\":\"es-MX\"},{\"@type\":\"WebPage\",\"@id\":\"https:\/\/nitu.mx\/index.php\/2025\/10\/29\/canaero-aspa-y-viva-reaccionan-ante-el-cierre-de-13-rutas-entre-mexico-y-eeuu\/\",\"url\":\"https:\/\/nitu.mx\/index.php\/2025\/10\/29\/canaero-aspa-y-viva-reaccionan-ante-el-cierre-de-13-rutas-entre-mexico-y-eeuu\/\",\"name\":\"Canaero, ASPA y Viva reaccionan ante el cierre de 13 rutas entre M\u00e9xico y EEUU - Nitu - Noticias de la Industria Turistica\",\"isPartOf\":{\"@id\":\"https:\/\/nitu.mx\/#website\"},\"primaryImageOfPage\":{\"@id\":\"https:\/\/nitu.mx\/index.php\/2025\/10\/29\/canaero-aspa-y-viva-reaccionan-ante-el-cierre-de-13-rutas-entre-mexico-y-eeuu\/#primaryimage\"},\"image\":{\"@id\":\"https:\/\/nitu.mx\/index.php\/2025\/10\/29\/canaero-aspa-y-viva-reaccionan-ante-el-cierre-de-13-rutas-entre-mexico-y-eeuu\/#primaryimage\"},\"thumbnailUrl\":\"https:\/\/nitu.mx\/wp-content\/uploads\/2025\/09\/AIFA-inversion-publica.jpg\",\"datePublished\":\"2025-10-29T23:04:48+00:00\",\"dateModified\":\"2025-10-29T23:04:48+00:00\",\"breadcrumb\":{\"@id\":\"https:\/\/nitu.mx\/index.php\/2025\/10\/29\/canaero-aspa-y-viva-reaccionan-ante-el-cierre-de-13-rutas-entre-mexico-y-eeuu\/#breadcrumb\"},\"inLanguage\":\"es-MX\",\"potentialAction\":[{\"@type\":\"ReadAction\",\"target\":[\"https:\/\/nitu.mx\/index.php\/2025\/10\/29\/canaero-aspa-y-viva-reaccionan-ante-el-cierre-de-13-rutas-entre-mexico-y-eeuu\/\"]}]},{\"@type\":\"ImageObject\",\"inLanguage\":\"es-MX\",\"@id\":\"https:\/\/nitu.mx\/index.php\/2025\/10\/29\/canaero-aspa-y-viva-reaccionan-ante-el-cierre-de-13-rutas-entre-mexico-y-eeuu\/#primaryimage\",\"url\":\"https:\/\/nitu.mx\/wp-content\/uploads\/2025\/09\/AIFA-inversion-publica.jpg\",\"contentUrl\":\"https:\/\/nitu.mx\/wp-content\/uploads\/2025\/09\/AIFA-inversion-publica.jpg\",\"width\":1200,\"height\":675,\"caption\":\"AIFA inversi\u00f3n p\u00fablica\"},{\"@type\":\"BreadcrumbList\",\"@id\":\"https:\/\/nitu.mx\/index.php\/2025\/10\/29\/canaero-aspa-y-viva-reaccionan-ante-el-cierre-de-13-rutas-entre-mexico-y-eeuu\/#breadcrumb\",\"itemListElement\":[{\"@type\":\"ListItem\",\"position\":1,\"name\":\"Inicio\",\"item\":\"https:\/\/nitu.mx\/\"},{\"@type\":\"ListItem\",\"position\":2,\"name\":\"Canaero, ASPA y Viva reaccionan ante el cierre de 13 rutas entre M\u00e9xico y EEUU\"}]},{\"@type\":\"WebSite\",\"@id\":\"https:\/\/nitu.mx\/#website\",\"url\":\"https:\/\/nitu.mx\/\",\"name\":\"Nitu - Noticias de la Industria Turistica\",\"description\":\"Noticias de la Industria Turistica\",\"publisher\":{\"@id\":\"https:\/\/nitu.mx\/#\/schema\/person\/ae7a53426417292d3dd07b45a33e01bc\"},\"alternateName\":\"Noticias de la Industria Turistica\",\"potentialAction\":[{\"@type\":\"SearchAction\",\"target\":{\"@type\":\"EntryPoint\",\"urlTemplate\":\"https:\/\/nitu.mx\/?s={search_term_string}\"},\"query-input\":\"required name=search_term_string\"}],\"inLanguage\":\"es-MX\"},{\"@type\":[\"Person\",\"Organization\"],\"@id\":\"https:\/\/nitu.mx\/#\/schema\/person\/ae7a53426417292d3dd07b45a33e01bc\",\"name\":\"Arturo Medina\",\"image\":{\"@type\":\"ImageObject\",\"inLanguage\":\"es-MX\",\"@id\":\"https:\/\/nitu.mx\/#\/schema\/person\/image\/\",\"url\":\"https:\/\/nitu.mx\/wp-content\/uploads\/2024\/04\/4A315622-1904-4D5C-B022-878CDC840E04-90x90-1.jpeg\",\"contentUrl\":\"https:\/\/nitu.mx\/wp-content\/uploads\/2024\/04\/4A315622-1904-4D5C-B022-878CDC840E04-90x90-1.jpeg\",\"width\":90,\"height\":90,\"caption\":\"Arturo Medina\"},\"logo\":{\"@id\":\"https:\/\/nitu.mx\/#\/schema\/person\/image\/\"},\"description\":\"Director NITU.mx, Egresado de la Escuela de Periodismo Carlos Septi\u00e9n Garc\u00eda. Periodista y analista especializado en turismo desde hace 35 a\u00f1os, radicado en Canc\u00fan Q.Roo. arturo@nitu.mx\",\"sameAs\":[\"https:\/\/nitu.mx\",\"https:\/\/www.facebook.com\/NITUmx\/\",\"medinacancun\",\"https:\/\/twitter.com\/@Arturo_Medina_G\"]},{\"@type\":\"Person\",\"@id\":\"https:\/\/nitu.mx\/#\/schema\/person\/4a28fe9bd65924f7c90623773daf1b0b\",\"name\":\"Redacci\u00f3n\",\"image\":{\"@type\":\"ImageObject\",\"inLanguage\":\"es-MX\",\"@id\":\"https:\/\/nitu.mx\/#\/schema\/person\/image\/\",\"url\":\"https:\/\/secure.gravatar.com\/avatar\/5dd011c8ccfc5cd7e4c81e42252aab38?s=96&d=mm&r=g\",\"contentUrl\":\"https:\/\/secure.gravatar.com\/avatar\/5dd011c8ccfc5cd7e4c81e42252aab38?s=96&d=mm&r=g\",\"caption\":\"Redacci\u00f3n\"},\"url\":\"https:\/\/nitu.mx\/index.php\/author\/redaccion\/\"}]}<\/script>\n<!-- \/ Yoast SEO plugin. -->","yoast_head_json":{"title":"Canaero, ASPA y Viva reaccionan ante el cierre de 13 rutas entre M\u00e9xico y EEUU - Nitu - Noticias de la Industria Turistica","robots":{"index":"index","follow":"follow","max-snippet":"max-snippet:-1","max-image-preview":"max-image-preview:large","max-video-preview":"max-video-preview:-1"},"canonical":"https:\/\/nitu.mx\/index.php\/2025\/10\/29\/canaero-aspa-y-viva-reaccionan-ante-el-cierre-de-13-rutas-entre-mexico-y-eeuu\/","twitter_card":"summary_large_image","twitter_title":"Canaero, ASPA y Viva reaccionan ante el cierre de 13 rutas entre M\u00e9xico y EEUU - Nitu - Noticias de la Industria Turistica","twitter_description":"Tras el anuncio del Departamento de Transporte de Estados Unidos (DOT) que proh\u00edbe el inicio de 13 nuevas rutas entre M\u00e9xico y la Uni\u00f3n Americana, acusando el incumplimiento de acuerdos en materia de aviaci\u00f3n, la C\u00e1mara Nacional de Aerotransportes (Canaero), la Asociaci\u00f3n Sindical de Pilotos Aviadores de M\u00e9xico (ASPA) y la aerol\u00ednea mexicana de bajo [&hellip;]","twitter_image":"https:\/\/nitu.mx\/wp-content\/uploads\/2025\/09\/AIFA-inversion-publica.jpg","twitter_creator":"@NITUmx","twitter_site":"@Arturo_Medina_G","twitter_misc":{"Escrito por":"Redacci\u00f3n","Tiempo de lectura":"5 minutos"},"schema":{"@context":"https:\/\/schema.org","@graph":[{"@type":"Article","@id":"https:\/\/nitu.mx\/index.php\/2025\/10\/29\/canaero-aspa-y-viva-reaccionan-ante-el-cierre-de-13-rutas-entre-mexico-y-eeuu\/#article","isPartOf":{"@id":"https:\/\/nitu.mx\/index.php\/2025\/10\/29\/canaero-aspa-y-viva-reaccionan-ante-el-cierre-de-13-rutas-entre-mexico-y-eeuu\/"},"author":{"name":"Redacci\u00f3n","@id":"https:\/\/nitu.mx\/#\/schema\/person\/4a28fe9bd65924f7c90623773daf1b0b"},"headline":"Canaero, ASPA y Viva reaccionan ante el cierre de 13 rutas entre M\u00e9xico y EEUU","datePublished":"2025-10-29T23:04:48+00:00","dateModified":"2025-10-29T23:04:48+00:00","mainEntityOfPage":{"@id":"https:\/\/nitu.mx\/index.php\/2025\/10\/29\/canaero-aspa-y-viva-reaccionan-ante-el-cierre-de-13-rutas-entre-mexico-y-eeuu\/"},"wordCount":959,"publisher":{"@id":"https:\/\/nitu.mx\/#\/schema\/person\/ae7a53426417292d3dd07b45a33e01bc"},"image":{"@id":"https:\/\/nitu.mx\/index.php\/2025\/10\/29\/canaero-aspa-y-viva-reaccionan-ante-el-cierre-de-13-rutas-entre-mexico-y-eeuu\/#primaryimage"},"thumbnailUrl":"https:\/\/nitu.mx\/wp-content\/uploads\/2025\/09\/AIFA-inversion-publica.jpg","keywords":["ASPA","Canaero","conectividad","DOT","Viva"],"articleSection":["Aerol\u00edneas"],"inLanguage":"es-MX"},{"@type":"WebPage","@id":"https:\/\/nitu.mx\/index.php\/2025\/10\/29\/canaero-aspa-y-viva-reaccionan-ante-el-cierre-de-13-rutas-entre-mexico-y-eeuu\/","url":"https:\/\/nitu.mx\/index.php\/2025\/10\/29\/canaero-aspa-y-viva-reaccionan-ante-el-cierre-de-13-rutas-entre-mexico-y-eeuu\/","name":"Canaero, ASPA y Viva reaccionan ante el cierre de 13 rutas entre M\u00e9xico y EEUU - Nitu - Noticias de la Industria Turistica","isPartOf":{"@id":"https:\/\/nitu.mx\/#website"},"primaryImageOfPage":{"@id":"https:\/\/nitu.mx\/index.php\/2025\/10\/29\/canaero-aspa-y-viva-reaccionan-ante-el-cierre-de-13-rutas-entre-mexico-y-eeuu\/#primaryimage"},"image":{"@id":"https:\/\/nitu.mx\/index.php\/2025\/10\/29\/canaero-aspa-y-viva-reaccionan-ante-el-cierre-de-13-rutas-entre-mexico-y-eeuu\/#primaryimage"},"thumbnailUrl":"https:\/\/nitu.mx\/wp-content\/uploads\/2025\/09\/AIFA-inversion-publica.jpg","datePublished":"2025-10-29T23:04:48+00:00","dateModified":"2025-10-29T23:04:48+00:00","breadcrumb":{"@id":"https:\/\/nitu.mx\/index.php\/2025\/10\/29\/canaero-aspa-y-viva-reaccionan-ante-el-cierre-de-13-rutas-entre-mexico-y-eeuu\/#breadcrumb"},"inLanguage":"es-MX","potentialAction":[{"@type":"ReadAction","target":["https:\/\/nitu.mx\/index.php\/2025\/10\/29\/canaero-aspa-y-viva-reaccionan-ante-el-cierre-de-13-rutas-entre-mexico-y-eeuu\/"]}]},{"@type":"ImageObject","inLanguage":"es-MX","@id":"https:\/\/nitu.mx\/index.php\/2025\/10\/29\/canaero-aspa-y-viva-reaccionan-ante-el-cierre-de-13-rutas-entre-mexico-y-eeuu\/#primaryimage","url":"https:\/\/nitu.mx\/wp-content\/uploads\/2025\/09\/AIFA-inversion-publica.jpg","contentUrl":"https:\/\/nitu.mx\/wp-content\/uploads\/2025\/09\/AIFA-inversion-publica.jpg","width":1200,"height":675,"caption":"AIFA inversi\u00f3n p\u00fablica"},{"@type":"BreadcrumbList","@id":"https:\/\/nitu.mx\/index.php\/2025\/10\/29\/canaero-aspa-y-viva-reaccionan-ante-el-cierre-de-13-rutas-entre-mexico-y-eeuu\/#breadcrumb","itemListElement":[{"@type":"ListItem","position":1,"name":"Inicio","item":"https:\/\/nitu.mx\/"},{"@type":"ListItem","position":2,"name":"Canaero, ASPA y Viva reaccionan ante el cierre de 13 rutas entre M\u00e9xico y EEUU"}]},{"@type":"WebSite","@id":"https:\/\/nitu.mx\/#website","url":"https:\/\/nitu.mx\/","name":"Nitu - Noticias de la Industria Turistica","description":"Noticias de la Industria Turistica","publisher":{"@id":"https:\/\/nitu.mx\/#\/schema\/person\/ae7a53426417292d3dd07b45a33e01bc"},"alternateName":"Noticias de la Industria Turistica","potentialAction":[{"@type":"SearchAction","target":{"@type":"EntryPoint","urlTemplate":"https:\/\/nitu.mx\/?s={search_term_string}"},"query-input":"required name=search_term_string"}],"inLanguage":"es-MX"},{"@type":["Person","Organization"],"@id":"https:\/\/nitu.mx\/#\/schema\/person\/ae7a53426417292d3dd07b45a33e01bc","name":"Arturo Medina","image":{"@type":"ImageObject","inLanguage":"es-MX","@id":"https:\/\/nitu.mx\/#\/schema\/person\/image\/","url":"https:\/\/nitu.mx\/wp-content\/uploads\/2024\/04\/4A315622-1904-4D5C-B022-878CDC840E04-90x90-1.jpeg","contentUrl":"https:\/\/nitu.mx\/wp-content\/uploads\/2024\/04\/4A315622-1904-4D5C-B022-878CDC840E04-90x90-1.jpeg","width":90,"height":90,"caption":"Arturo Medina"},"logo":{"@id":"https:\/\/nitu.mx\/#\/schema\/person\/image\/"},"description":"Director NITU.mx, Egresado de la Escuela de Periodismo Carlos Septi\u00e9n Garc\u00eda. Periodista y analista especializado en turismo desde hace 35 a\u00f1os, radicado en Canc\u00fan Q.Roo. arturo@nitu.mx","sameAs":["https:\/\/nitu.mx","https:\/\/www.facebook.com\/NITUmx\/","medinacancun","https:\/\/twitter.com\/@Arturo_Medina_G"]},{"@type":"Person","@id":"https:\/\/nitu.mx\/#\/schema\/person\/4a28fe9bd65924f7c90623773daf1b0b","name":"Redacci\u00f3n","image":{"@type":"ImageObject","inLanguage":"es-MX","@id":"https:\/\/nitu.mx\/#\/schema\/person\/image\/","url":"https:\/\/secure.gravatar.com\/avatar\/5dd011c8ccfc5cd7e4c81e42252aab38?s=96&d=mm&r=g","contentUrl":"https:\/\/secure.gravatar.com\/avatar\/5dd011c8ccfc5cd7e4c81e42252aab38?s=96&d=mm&r=g","caption":"Redacci\u00f3n"},"url":"https:\/\/nitu.mx\/index.php\/author\/redaccion\/"}]}},"views":436,"_links":{"self":[{"href":"https:\/\/nitu.mx\/index.php\/wp-json\/wp\/v2\/posts\/84228"}],"collection":[{"href":"https:\/\/nitu.mx\/index.php\/wp-json\/wp\/v2\/posts"}],"about":[{"href":"https:\/\/nitu.mx\/index.php\/wp-json\/wp\/v2\/types\/post"}],"author":[{"embeddable":true,"href":"https:\/\/nitu.mx\/index.php\/wp-json\/wp\/v2\/users\/17"}],"replies":[{"embeddable":true,"href":"https:\/\/nitu.mx\/index.php\/wp-json\/wp\/v2\/comments?post=84228"}],"version-history":[{"count":2,"href":"https:\/\/nitu.mx\/index.php\/wp-json\/wp\/v2\/posts\/84228\/revisions"}],"predecessor-version":[{"id":84232,"href":"https:\/\/nitu.mx\/index.php\/wp-json\/wp\/v2\/posts\/84228\/revisions\/84232"}],"wp:featuredmedia":[{"embeddable":true,"href":"https:\/\/nitu.mx\/index.php\/wp-json\/wp\/v2\/media\/83275"}],"wp:attachment":[{"href":"https:\/\/nitu.mx\/index.php\/wp-json\/wp\/v2\/media?parent=84228"}],"wp:term":[{"taxonomy":"category","embeddable":true,"href":"https:\/\/nitu.mx\/index.php\/wp-json\/wp\/v2\/categories?post=84228"},{"taxonomy":"post_tag","embeddable":true,"href":"https:\/\/nitu.mx\/index.php\/wp-json\/wp\/v2\/tags?post=84228"}],"curies":[{"name":"wp","href":"https:\/\/api.w.org\/{rel}","templated":true}]}}