{"id":84222,"date":"2025-10-29T00:40:16","date_gmt":"2025-10-29T06:40:16","guid":{"rendered":"https:\/\/nitu.mx\/?p=84222"},"modified":"2025-10-29T00:40:17","modified_gmt":"2025-10-29T06:40:17","slug":"wttc-analiza-cambiar-sede-de-reino-unido-considera-italia-espana-o-suiza","status":"publish","type":"post","link":"https:\/\/nitu.mx\/index.php\/2025\/10\/29\/wttc-analiza-cambiar-sede-de-reino-unido-considera-italia-espana-o-suiza\/","title":{"rendered":"WTTC analiza cambiar sede de Reino Unido; considera Italia, Espa\u00f1a o Suiza"},"content":{"rendered":"\n<p>El Consejo Mundial de Viajes y Turismo (WTTC, por sus siglas en ingl\u00e9s)\u00a0que representa al sector privado global de esta industria,\u00a0analiza el cambio de su sede fuera de Reino Unido.<br>\u00a0<br>El Consejo de Administraci\u00f3n del WTTC ha respaldado un plan para garantizar que la organizaci\u00f3n siga desempe\u00f1ando el papel principal en los viajes y el turismo a nivel mundial y abogar por un crecimiento sostenible a largo plazo en el sector.<br>\u00a0<br>El WTTC considera ubicar su sede en Italia, Espa\u00f1a o Suiza.\u00a0Ha iniciado una evaluaci\u00f3n y una consulta\u00a0con todo su personal con sede actualmente en Londres.<br>\u00a0<br>El presidente del Consejo de Administraci\u00f3n del\u00a0\u00a0WTTC, Manfredi Lefebvre, coment\u00f3: \u201cEl WTTC es una organizaci\u00f3n centrada en los miembros y por eso estamos explorando todas las opciones para nuestra estructura futura. El Brexit es uno de los principales factores en nuestra decisi\u00f3n de trasladar potencialmente nuestra sede m\u00e1s all\u00e1 del Reino Unido. Los beneficios de una sede europea incluyen costos operativos m\u00e1s bajos, el acceso al mercado \u00fanico de la UE y la flexibilidad de contrataci\u00f3n de un grupo multiling\u00fce de talentos.<br>\u00a0<br>\u201cEl alto nivel de servicios de investigaci\u00f3n que reciben nuestros miembros, gobiernos y partes interesadas de todo el mundo seguir\u00e1 estando a la vanguardia de nuestro trabajo y confiamos en que atraeremos talento de alta calidad en el mercado europeo,\u00a0en general para todos nuestros servicios a los miembros de todo el mundo\u201d.<br>\u00a0<br>Seg\u00fan los \u00faltimos reportes del WTTC, para el cierre de este a\u00f1o, se prev\u00e9 que el sector aporte\u00a011,7 billones de d\u00f3lares, equivalente al\u00a010,3% del PIB mundial.\u00a0Asimismo, se proyecta que genere\u00a0371 millones de empleos, es decir, el\u00a011% del empleo total global, lo que se traduce en\u00a0uno de cada tres nuevos puestos de trabajo creados\u00a0en el mundo. (<a href=\"https:\/\/nitu.mx\/index.php\/2025\/10\/16\/sector-de-viajes-y-turismo-reduce-sus-emisiones-de-gases-de-efecto-invernadero-wttc\/\">Sector de Viajes y Turismo reduce sus emisiones de gases de efecto invernadero: WTTC<\/a>).<br>\u00a0<\/p>\n","protected":false},"excerpt":{"rendered":"<p>El Consejo Mundial de Viajes y Turismo (WTTC, por sus siglas en ingl\u00e9s)\u00a0que representa al sector privado global de esta industria,\u00a0analiza el cambio de su sede fuera de Reino Unido.\u00a0El Consejo de Administraci\u00f3n del WTTC ha respaldado un plan para garantizar que la organizaci\u00f3n siga desempe\u00f1ando el papel principal en los viajes y el turismo [&hellip;]<\/p>\n","protected":false},"author":17,"featured_media":84226,"comment_status":"closed","ping_status":"closed","sticky":false,"template":"","format":"standard","meta":{"footnotes":""},"categories":[12],"tags":[27786,78,4931],"yoast_head":"<!-- This site is optimized with the Yoast SEO plugin v22.2 - https:\/\/yoast.com\/wordpress\/plugins\/seo\/ -->\n<title>WTTC analiza cambiar sede de Reino Unido; considera Italia, Espa\u00f1a o Suiza - Nitu - Noticias de la Industria Turistica<\/title>\n<meta name=\"robots\" content=\"index, follow, max-snippet:-1, max-image-preview:large, max-video-preview:-1\" \/>\n<link rel=\"canonical\" href=\"https:\/\/nitu.mx\/index.php\/2025\/10\/29\/wttc-analiza-cambiar-sede-de-reino-unido-considera-italia-espana-o-suiza\/\" \/>\n<meta name=\"twitter:card\" content=\"summary_large_image\" \/>\n<meta name=\"twitter:title\" content=\"WTTC analiza cambiar sede de Reino Unido; considera Italia, Espa\u00f1a o Suiza - Nitu - Noticias de la Industria Turistica\" \/>\n<meta name=\"twitter:description\" content=\"El Consejo Mundial de Viajes y Turismo (WTTC, por sus siglas en ingl\u00e9s)\u00a0que representa al sector privado global de esta industria,\u00a0analiza el cambio de su sede fuera de Reino Unido.\u00a0El Consejo de Administraci\u00f3n del WTTC ha respaldado un plan para garantizar que la organizaci\u00f3n siga desempe\u00f1ando el papel principal en los viajes y el turismo [&hellip;]\" \/>\n<meta name=\"twitter:image\" content=\"https:\/\/nitu.mx\/wp-content\/uploads\/2025\/10\/WTTC-Cambio-de-sede.jpg\" \/>\n<meta name=\"twitter:creator\" content=\"@NITUmx\" \/>\n<meta name=\"twitter:site\" content=\"@Arturo_Medina_G\" \/>\n<meta name=\"twitter:label1\" content=\"Escrito por\" \/>\n\t<meta name=\"twitter:data1\" content=\"Redacci\u00f3n\" \/>\n\t<meta name=\"twitter:label2\" content=\"Tiempo de lectura\" \/>\n\t<meta name=\"twitter:data2\" content=\"2 minutos\" \/>\n<script type=\"application\/ld+json\" class=\"yoast-schema-graph\">{\"@context\":\"https:\/\/schema.org\",\"@graph\":[{\"@type\":\"Article\",\"@id\":\"https:\/\/nitu.mx\/index.php\/2025\/10\/29\/wttc-analiza-cambiar-sede-de-reino-unido-considera-italia-espana-o-suiza\/#article\",\"isPartOf\":{\"@id\":\"https:\/\/nitu.mx\/index.php\/2025\/10\/29\/wttc-analiza-cambiar-sede-de-reino-unido-considera-italia-espana-o-suiza\/\"},\"author\":{\"name\":\"Redacci\u00f3n\",\"@id\":\"https:\/\/nitu.mx\/#\/schema\/person\/4a28fe9bd65924f7c90623773daf1b0b\"},\"headline\":\"WTTC analiza cambiar sede de Reino Unido; considera Italia, Espa\u00f1a o Suiza\",\"datePublished\":\"2025-10-29T06:40:16+00:00\",\"dateModified\":\"2025-10-29T06:40:17+00:00\",\"mainEntityOfPage\":{\"@id\":\"https:\/\/nitu.mx\/index.php\/2025\/10\/29\/wttc-analiza-cambiar-sede-de-reino-unido-considera-italia-espana-o-suiza\/\"},\"wordCount\":338,\"publisher\":{\"@id\":\"https:\/\/nitu.mx\/#\/schema\/person\/ae7a53426417292d3dd07b45a33e01bc\"},\"image\":{\"@id\":\"https:\/\/nitu.mx\/index.php\/2025\/10\/29\/wttc-analiza-cambiar-sede-de-reino-unido-considera-italia-espana-o-suiza\/#primaryimage\"},\"thumbnailUrl\":\"https:\/\/nitu.mx\/wp-content\/uploads\/2025\/10\/WTTC-Cambio-de-sede.jpg\",\"keywords\":[\"Manfredi Lefebvre\",\"Reino Unido\",\"WTTC\"],\"articleSection\":[\"Marketing\"],\"inLanguage\":\"es-MX\"},{\"@type\":\"WebPage\",\"@id\":\"https:\/\/nitu.mx\/index.php\/2025\/10\/29\/wttc-analiza-cambiar-sede-de-reino-unido-considera-italia-espana-o-suiza\/\",\"url\":\"https:\/\/nitu.mx\/index.php\/2025\/10\/29\/wttc-analiza-cambiar-sede-de-reino-unido-considera-italia-espana-o-suiza\/\",\"name\":\"WTTC analiza cambiar sede de Reino Unido; considera Italia, Espa\u00f1a o Suiza - Nitu - Noticias de la Industria Turistica\",\"isPartOf\":{\"@id\":\"https:\/\/nitu.mx\/#website\"},\"primaryImageOfPage\":{\"@id\":\"https:\/\/nitu.mx\/index.php\/2025\/10\/29\/wttc-analiza-cambiar-sede-de-reino-unido-considera-italia-espana-o-suiza\/#primaryimage\"},\"image\":{\"@id\":\"https:\/\/nitu.mx\/index.php\/2025\/10\/29\/wttc-analiza-cambiar-sede-de-reino-unido-considera-italia-espana-o-suiza\/#primaryimage\"},\"thumbnailUrl\":\"https:\/\/nitu.mx\/wp-content\/uploads\/2025\/10\/WTTC-Cambio-de-sede.jpg\",\"datePublished\":\"2025-10-29T06:40:16+00:00\",\"dateModified\":\"2025-10-29T06:40:17+00:00\",\"breadcrumb\":{\"@id\":\"https:\/\/nitu.mx\/index.php\/2025\/10\/29\/wttc-analiza-cambiar-sede-de-reino-unido-considera-italia-espana-o-suiza\/#breadcrumb\"},\"inLanguage\":\"es-MX\",\"potentialAction\":[{\"@type\":\"ReadAction\",\"target\":[\"https:\/\/nitu.mx\/index.php\/2025\/10\/29\/wttc-analiza-cambiar-sede-de-reino-unido-considera-italia-espana-o-suiza\/\"]}]},{\"@type\":\"ImageObject\",\"inLanguage\":\"es-MX\",\"@id\":\"https:\/\/nitu.mx\/index.php\/2025\/10\/29\/wttc-analiza-cambiar-sede-de-reino-unido-considera-italia-espana-o-suiza\/#primaryimage\",\"url\":\"https:\/\/nitu.mx\/wp-content\/uploads\/2025\/10\/WTTC-Cambio-de-sede.jpg\",\"contentUrl\":\"https:\/\/nitu.mx\/wp-content\/uploads\/2025\/10\/WTTC-Cambio-de-sede.jpg\",\"width\":886,\"height\":675,\"caption\":\"WTTC Cambio de sede\"},{\"@type\":\"BreadcrumbList\",\"@id\":\"https:\/\/nitu.mx\/index.php\/2025\/10\/29\/wttc-analiza-cambiar-sede-de-reino-unido-considera-italia-espana-o-suiza\/#breadcrumb\",\"itemListElement\":[{\"@type\":\"ListItem\",\"position\":1,\"name\":\"Inicio\",\"item\":\"https:\/\/nitu.mx\/\"},{\"@type\":\"ListItem\",\"position\":2,\"name\":\"WTTC analiza cambiar sede de Reino Unido; considera Italia, Espa\u00f1a o Suiza\"}]},{\"@type\":\"WebSite\",\"@id\":\"https:\/\/nitu.mx\/#website\",\"url\":\"https:\/\/nitu.mx\/\",\"name\":\"Nitu - Noticias de la Industria Turistica\",\"description\":\"Noticias de la Industria Turistica\",\"publisher\":{\"@id\":\"https:\/\/nitu.mx\/#\/schema\/person\/ae7a53426417292d3dd07b45a33e01bc\"},\"alternateName\":\"Noticias de la Industria Turistica\",\"potentialAction\":[{\"@type\":\"SearchAction\",\"target\":{\"@type\":\"EntryPoint\",\"urlTemplate\":\"https:\/\/nitu.mx\/?s={search_term_string}\"},\"query-input\":\"required name=search_term_string\"}],\"inLanguage\":\"es-MX\"},{\"@type\":[\"Person\",\"Organization\"],\"@id\":\"https:\/\/nitu.mx\/#\/schema\/person\/ae7a53426417292d3dd07b45a33e01bc\",\"name\":\"Arturo Medina\",\"image\":{\"@type\":\"ImageObject\",\"inLanguage\":\"es-MX\",\"@id\":\"https:\/\/nitu.mx\/#\/schema\/person\/image\/\",\"url\":\"https:\/\/nitu.mx\/wp-content\/uploads\/2024\/04\/4A315622-1904-4D5C-B022-878CDC840E04-90x90-1.jpeg\",\"contentUrl\":\"https:\/\/nitu.mx\/wp-content\/uploads\/2024\/04\/4A315622-1904-4D5C-B022-878CDC840E04-90x90-1.jpeg\",\"width\":90,\"height\":90,\"caption\":\"Arturo Medina\"},\"logo\":{\"@id\":\"https:\/\/nitu.mx\/#\/schema\/person\/image\/\"},\"description\":\"Director NITU.mx, Egresado de la Escuela de Periodismo Carlos Septi\u00e9n Garc\u00eda. Periodista y analista especializado en turismo desde hace 35 a\u00f1os, radicado en Canc\u00fan Q.Roo. arturo@nitu.mx\",\"sameAs\":[\"https:\/\/nitu.mx\",\"https:\/\/www.facebook.com\/NITUmx\/\",\"medinacancun\",\"https:\/\/twitter.com\/@Arturo_Medina_G\"]},{\"@type\":\"Person\",\"@id\":\"https:\/\/nitu.mx\/#\/schema\/person\/4a28fe9bd65924f7c90623773daf1b0b\",\"name\":\"Redacci\u00f3n\",\"image\":{\"@type\":\"ImageObject\",\"inLanguage\":\"es-MX\",\"@id\":\"https:\/\/nitu.mx\/#\/schema\/person\/image\/\",\"url\":\"https:\/\/secure.gravatar.com\/avatar\/5dd011c8ccfc5cd7e4c81e42252aab38?s=96&d=mm&r=g\",\"contentUrl\":\"https:\/\/secure.gravatar.com\/avatar\/5dd011c8ccfc5cd7e4c81e42252aab38?s=96&d=mm&r=g\",\"caption\":\"Redacci\u00f3n\"},\"url\":\"https:\/\/nitu.mx\/index.php\/author\/redaccion\/\"}]}<\/script>\n<!-- \/ Yoast SEO plugin. -->","yoast_head_json":{"title":"WTTC analiza cambiar sede de Reino Unido; considera Italia, Espa\u00f1a o Suiza - Nitu - Noticias de la Industria Turistica","robots":{"index":"index","follow":"follow","max-snippet":"max-snippet:-1","max-image-preview":"max-image-preview:large","max-video-preview":"max-video-preview:-1"},"canonical":"https:\/\/nitu.mx\/index.php\/2025\/10\/29\/wttc-analiza-cambiar-sede-de-reino-unido-considera-italia-espana-o-suiza\/","twitter_card":"summary_large_image","twitter_title":"WTTC analiza cambiar sede de Reino Unido; considera Italia, Espa\u00f1a o Suiza - Nitu - Noticias de la Industria Turistica","twitter_description":"El Consejo Mundial de Viajes y Turismo (WTTC, por sus siglas en ingl\u00e9s)\u00a0que representa al sector privado global de esta industria,\u00a0analiza el cambio de su sede fuera de Reino Unido.\u00a0El Consejo de Administraci\u00f3n del WTTC ha respaldado un plan para garantizar que la organizaci\u00f3n siga desempe\u00f1ando el papel principal en los viajes y el turismo [&hellip;]","twitter_image":"https:\/\/nitu.mx\/wp-content\/uploads\/2025\/10\/WTTC-Cambio-de-sede.jpg","twitter_creator":"@NITUmx","twitter_site":"@Arturo_Medina_G","twitter_misc":{"Escrito por":"Redacci\u00f3n","Tiempo de lectura":"2 minutos"},"schema":{"@context":"https:\/\/schema.org","@graph":[{"@type":"Article","@id":"https:\/\/nitu.mx\/index.php\/2025\/10\/29\/wttc-analiza-cambiar-sede-de-reino-unido-considera-italia-espana-o-suiza\/#article","isPartOf":{"@id":"https:\/\/nitu.mx\/index.php\/2025\/10\/29\/wttc-analiza-cambiar-sede-de-reino-unido-considera-italia-espana-o-suiza\/"},"author":{"name":"Redacci\u00f3n","@id":"https:\/\/nitu.mx\/#\/schema\/person\/4a28fe9bd65924f7c90623773daf1b0b"},"headline":"WTTC analiza cambiar sede de Reino Unido; considera Italia, Espa\u00f1a o Suiza","datePublished":"2025-10-29T06:40:16+00:00","dateModified":"2025-10-29T06:40:17+00:00","mainEntityOfPage":{"@id":"https:\/\/nitu.mx\/index.php\/2025\/10\/29\/wttc-analiza-cambiar-sede-de-reino-unido-considera-italia-espana-o-suiza\/"},"wordCount":338,"publisher":{"@id":"https:\/\/nitu.mx\/#\/schema\/person\/ae7a53426417292d3dd07b45a33e01bc"},"image":{"@id":"https:\/\/nitu.mx\/index.php\/2025\/10\/29\/wttc-analiza-cambiar-sede-de-reino-unido-considera-italia-espana-o-suiza\/#primaryimage"},"thumbnailUrl":"https:\/\/nitu.mx\/wp-content\/uploads\/2025\/10\/WTTC-Cambio-de-sede.jpg","keywords":["Manfredi Lefebvre","Reino Unido","WTTC"],"articleSection":["Marketing"],"inLanguage":"es-MX"},{"@type":"WebPage","@id":"https:\/\/nitu.mx\/index.php\/2025\/10\/29\/wttc-analiza-cambiar-sede-de-reino-unido-considera-italia-espana-o-suiza\/","url":"https:\/\/nitu.mx\/index.php\/2025\/10\/29\/wttc-analiza-cambiar-sede-de-reino-unido-considera-italia-espana-o-suiza\/","name":"WTTC analiza cambiar sede de Reino Unido; considera Italia, Espa\u00f1a o Suiza - Nitu - Noticias de la Industria Turistica","isPartOf":{"@id":"https:\/\/nitu.mx\/#website"},"primaryImageOfPage":{"@id":"https:\/\/nitu.mx\/index.php\/2025\/10\/29\/wttc-analiza-cambiar-sede-de-reino-unido-considera-italia-espana-o-suiza\/#primaryimage"},"image":{"@id":"https:\/\/nitu.mx\/index.php\/2025\/10\/29\/wttc-analiza-cambiar-sede-de-reino-unido-considera-italia-espana-o-suiza\/#primaryimage"},"thumbnailUrl":"https:\/\/nitu.mx\/wp-content\/uploads\/2025\/10\/WTTC-Cambio-de-sede.jpg","datePublished":"2025-10-29T06:40:16+00:00","dateModified":"2025-10-29T06:40:17+00:00","breadcrumb":{"@id":"https:\/\/nitu.mx\/index.php\/2025\/10\/29\/wttc-analiza-cambiar-sede-de-reino-unido-considera-italia-espana-o-suiza\/#breadcrumb"},"inLanguage":"es-MX","potentialAction":[{"@type":"ReadAction","target":["https:\/\/nitu.mx\/index.php\/2025\/10\/29\/wttc-analiza-cambiar-sede-de-reino-unido-considera-italia-espana-o-suiza\/"]}]},{"@type":"ImageObject","inLanguage":"es-MX","@id":"https:\/\/nitu.mx\/index.php\/2025\/10\/29\/wttc-analiza-cambiar-sede-de-reino-unido-considera-italia-espana-o-suiza\/#primaryimage","url":"https:\/\/nitu.mx\/wp-content\/uploads\/2025\/10\/WTTC-Cambio-de-sede.jpg","contentUrl":"https:\/\/nitu.mx\/wp-content\/uploads\/2025\/10\/WTTC-Cambio-de-sede.jpg","width":886,"height":675,"caption":"WTTC Cambio de sede"},{"@type":"BreadcrumbList","@id":"https:\/\/nitu.mx\/index.php\/2025\/10\/29\/wttc-analiza-cambiar-sede-de-reino-unido-considera-italia-espana-o-suiza\/#breadcrumb","itemListElement":[{"@type":"ListItem","position":1,"name":"Inicio","item":"https:\/\/nitu.mx\/"},{"@type":"ListItem","position":2,"name":"WTTC analiza cambiar sede de Reino Unido; considera Italia, Espa\u00f1a o Suiza"}]},{"@type":"WebSite","@id":"https:\/\/nitu.mx\/#website","url":"https:\/\/nitu.mx\/","name":"Nitu - Noticias de la Industria Turistica","description":"Noticias de la Industria Turistica","publisher":{"@id":"https:\/\/nitu.mx\/#\/schema\/person\/ae7a53426417292d3dd07b45a33e01bc"},"alternateName":"Noticias de la Industria Turistica","potentialAction":[{"@type":"SearchAction","target":{"@type":"EntryPoint","urlTemplate":"https:\/\/nitu.mx\/?s={search_term_string}"},"query-input":"required name=search_term_string"}],"inLanguage":"es-MX"},{"@type":["Person","Organization"],"@id":"https:\/\/nitu.mx\/#\/schema\/person\/ae7a53426417292d3dd07b45a33e01bc","name":"Arturo Medina","image":{"@type":"ImageObject","inLanguage":"es-MX","@id":"https:\/\/nitu.mx\/#\/schema\/person\/image\/","url":"https:\/\/nitu.mx\/wp-content\/uploads\/2024\/04\/4A315622-1904-4D5C-B022-878CDC840E04-90x90-1.jpeg","contentUrl":"https:\/\/nitu.mx\/wp-content\/uploads\/2024\/04\/4A315622-1904-4D5C-B022-878CDC840E04-90x90-1.jpeg","width":90,"height":90,"caption":"Arturo Medina"},"logo":{"@id":"https:\/\/nitu.mx\/#\/schema\/person\/image\/"},"description":"Director NITU.mx, Egresado de la Escuela de Periodismo Carlos Septi\u00e9n Garc\u00eda. Periodista y analista especializado en turismo desde hace 35 a\u00f1os, radicado en Canc\u00fan Q.Roo. arturo@nitu.mx","sameAs":["https:\/\/nitu.mx","https:\/\/www.facebook.com\/NITUmx\/","medinacancun","https:\/\/twitter.com\/@Arturo_Medina_G"]},{"@type":"Person","@id":"https:\/\/nitu.mx\/#\/schema\/person\/4a28fe9bd65924f7c90623773daf1b0b","name":"Redacci\u00f3n","image":{"@type":"ImageObject","inLanguage":"es-MX","@id":"https:\/\/nitu.mx\/#\/schema\/person\/image\/","url":"https:\/\/secure.gravatar.com\/avatar\/5dd011c8ccfc5cd7e4c81e42252aab38?s=96&d=mm&r=g","contentUrl":"https:\/\/secure.gravatar.com\/avatar\/5dd011c8ccfc5cd7e4c81e42252aab38?s=96&d=mm&r=g","caption":"Redacci\u00f3n"},"url":"https:\/\/nitu.mx\/index.php\/author\/redaccion\/"}]}},"views":391,"_links":{"self":[{"href":"https:\/\/nitu.mx\/index.php\/wp-json\/wp\/v2\/posts\/84222"}],"collection":[{"href":"https:\/\/nitu.mx\/index.php\/wp-json\/wp\/v2\/posts"}],"about":[{"href":"https:\/\/nitu.mx\/index.php\/wp-json\/wp\/v2\/types\/post"}],"author":[{"embeddable":true,"href":"https:\/\/nitu.mx\/index.php\/wp-json\/wp\/v2\/users\/17"}],"replies":[{"embeddable":true,"href":"https:\/\/nitu.mx\/index.php\/wp-json\/wp\/v2\/comments?post=84222"}],"version-history":[{"count":1,"href":"https:\/\/nitu.mx\/index.php\/wp-json\/wp\/v2\/posts\/84222\/revisions"}],"predecessor-version":[{"id":84227,"href":"https:\/\/nitu.mx\/index.php\/wp-json\/wp\/v2\/posts\/84222\/revisions\/84227"}],"wp:featuredmedia":[{"embeddable":true,"href":"https:\/\/nitu.mx\/index.php\/wp-json\/wp\/v2\/media\/84226"}],"wp:attachment":[{"href":"https:\/\/nitu.mx\/index.php\/wp-json\/wp\/v2\/media?parent=84222"}],"wp:term":[{"taxonomy":"category","embeddable":true,"href":"https:\/\/nitu.mx\/index.php\/wp-json\/wp\/v2\/categories?post=84222"},{"taxonomy":"post_tag","embeddable":true,"href":"https:\/\/nitu.mx\/index.php\/wp-json\/wp\/v2\/tags?post=84222"}],"curies":[{"name":"wp","href":"https:\/\/api.w.org\/{rel}","templated":true}]}}