{"id":84209,"date":"2025-10-29T00:28:53","date_gmt":"2025-10-29T06:28:53","guid":{"rendered":"https:\/\/nitu.mx\/?p=84209"},"modified":"2025-10-29T00:28:53","modified_gmt":"2025-10-29T06:28:53","slug":"asetur-proyecta-la-presencia-de-mexico-a-nivel-internacional","status":"publish","type":"post","link":"https:\/\/nitu.mx\/index.php\/2025\/10\/29\/asetur-proyecta-la-presencia-de-mexico-a-nivel-internacional\/","title":{"rendered":"ASETUR proyecta la presencia de M\u00e9xico a nivel internacional"},"content":{"rendered":"\n<p>En conferencia de prensa virtual, el presidente delas Secretarias y Secretarios de Turismo de M\u00e9xico (ASETUR), Bernardo Cueto Riestra, expuso las acciones realizadas en los \u00faltimos meses para proyectar la presencia de M\u00e9xico a nivel internacional en importantes ferias tur\u00edsticas y foros con el prop\u00f3sito de impulsar este sector.<\/p>\n\n\n\n<p>Al presentar los avances en la estrategia de posicionamiento y plan de acci\u00f3n de ASETUR, Cueto Riestra, indic\u00f3 que acompa\u00f1\u00f3, junto con secretarias y secretarios de Turismo de M\u00e9xico, a la secretaria de Turismo del Gobierno de M\u00e9xico, Josefina Rodr\u00edguez Zamora y al embajador de M\u00e9xico en Espa\u00f1a, Quirino Ordaz Coppel, a la presentaci\u00f3n de M\u00e9xico como Pa\u00eds Socio en la Feria Internacional de Turismo (FITUR) 2026, evento realizado en la Residencia de la Embajada de M\u00e9xico en Espa\u00f1a.<\/p>\n\n\n\n<p>En este evento, se destac\u00f3 que por primera vez en la historia de esta Feria participar\u00e1n los 32 estados de la Rep\u00fablica mostrando al mundo la grandeza de M\u00e9xico: su cultura, naturaleza, gastronom\u00eda y hospitalidad. Se\u00f1al\u00f3 que adem\u00e1s de las actividades en el pabell\u00f3n de exposici\u00f3n habr\u00e1 activaciones emblem\u00e1ticas alusivas al D\u00eda de Muertos, alebrijes, trajineras, lucha libre, papel picado, taxis brandeados, exposiciones y campa\u00f1as publicitarias; as\u00ed como la inauguraci\u00f3n de pabell\u00f3n M\u00e9xico, presentaciones de destino y \u201cVentana a M\u00e9xico\u201d, una serie de muestras en la Embajada.<\/p>\n\n\n\n<p>Como parte de la agenda de actividades para proyectar a M\u00e9xico en el plano tur\u00edstico internacional, el presidente de ASETUR, inform\u00f3 que, en septiembre pasado, nuestro pa\u00eds tuvo una importante presencia en IFTM Top Resa 2025 en la ciudad de Par\u00eds, el evento m\u00e1s relevante del sector tur\u00edstico en Francia; en la cual participaron m\u00e1s de 1,500 marcas y 450 expositores internacionales.<\/p>\n\n\n\n<p>Asimismo, el 29 y 30 de septiembre Cueto Riestra particip\u00f3 en la Cumbre Global del Consejo Mundial de Viajes y Turismo (WTTC) 2025, celebrada en Roma, Italia; evento que re\u00fane a l\u00edderes y CEO\u2019s globales del sector tur\u00edstico.<\/p>\n\n\n\n<p>En el marco de la Cumbre, el presidente de ASETUR sostuvo un encuentro con Shaikha Al Nowais, secretaria general electa de ONU Turismo; expuso el posicionamiento de M\u00e9xico como referente del turismo de bienestar y sostenibilidad, particip\u00f3 en el panel \u201cMajor Events\u201d y present\u00f3 la visi\u00f3n de M\u00e9xico rumbo al Mundial de la FIFA 2026 junto a EE.UU. y Canad\u00e1.<\/p>\n\n\n\n<p>En coordinaci\u00f3n con Sectur federal, tambi\u00e9n se llev\u00f3 a cabo el Primer Tianguis Tur\u00edstico de M\u00e9xico en China, el 25 y 26 de septiembre pasado. Durante estos d\u00edas de intensa actividad, este evento se consolid\u00f3 como un espacio clave para fortalecer la relaci\u00f3n tur\u00edstica y econ\u00f3mica en este importante mercado tur\u00edstico internacional.<\/p>\n\n\n\n<p>El evento incluy\u00f3 seminarios especializados, citas de negocio, foros de inversi\u00f3n, experiencias culturales y encuentros con m\u00e1s de 450 profesionales del sector tur\u00edstico; y cont\u00f3 con la participaci\u00f3n de los estados de Baja California, Nayarit, Guerrero, Guanajuato, Michoac\u00e1n, Chiapas y la Ciudad de M\u00e9xico, as\u00ed como el Tren Maya, Hoteles Grupo Mundo Maya, tour operadores y aerol\u00edneas nacionales e internacionales.<\/p>\n\n\n\n<p>Tambi\u00e9n, se acompa\u00f1\u00f3 a la gira \u201cMeet M\u00e9xico Road Show 2025\u201d que visit\u00f3 las ciudades de Chicago, Toronto, Dallas, Houston, San Francisco y Los \u00c1ngeles, como una oportunidad estrat\u00e9gica para fortalecer la presencia de los destinos tur\u00edsticos de M\u00e9xico ante actores clave de los mercados de Norteam\u00e9rica; y adelant\u00f3 que, del 4 al 6 de noviembre, M\u00e9xico participar\u00e1 en el World Travel Market (WTM) en Londres, uno de los mercados emisores m\u00e1s relevantes para nuestro pa\u00eds.<\/p>\n\n\n\n<p>Durante la conferencia de prensa, el presidente de ASETUR detall\u00f3 los acuerdos alcanzados con la secretaria de Turismo federal, Josefina Rodr\u00edguez Zamora, en la pasada reuni\u00f3n que sostuvo con las secretarias y secretarios de Truismo estatales, en donde se present\u00f3 el Programa Sectorial de Turismo 2025-2030 que incluye objetivos clave como desarrollo comunitario y turismo sostenible, atracci\u00f3n de inversi\u00f3n y fortalecimiento de infraestructura, la propuesta de reforma a la Ley General de Turismo y el nuevo modelo de promoci\u00f3n tur\u00edstica con el fortalecimiento de la Marca M\u00e9xico, entre otros.&nbsp;<\/p>\n\n\n\n<p>\u201cEstamos todos trabajando en unidad por el turismo de M\u00e9xico, por atraer m\u00e1s turistas, por generar un producto tur\u00edstico de calidad, competitivo, sustentable y en coordinaci\u00f3n con Sectur federal, convencidos de que todo lo que hacemos en materia de ordenaci\u00f3n, promoci\u00f3n, conectividad y diversificaci\u00f3n va a rendir muchos y muy buenos frutos en los pr\u00f3ximos meses\u201d, subray\u00f3 Bernardo Cueto Riestra.<\/p>\n\n\n\n<p>Por su parte, la secretaria de Turismo de Nuevo Le\u00f3n y coordinadora de la Comisi\u00f3n de Sustentabilidad de ASETUR, Maricarmen Mart\u00ednez Villarreal, present\u00f3 las acciones emprendidas para impulsar el turismo sostenible de M\u00e9xico; entre estas, se trabaja en un compendio de las mejores pr\u00e1cticas de sostenibilidad en cada una de las entidades, y en un curso on line en la materia.<\/p>\n\n\n\n<p>Aunado a ello, se han llevado a cabo sesiones de trabajo para revisi\u00f3n de pol\u00edtica y necesidades de capacitaci\u00f3n; se realiz\u00f3 la Detecci\u00f3n de Necesidades de Capacitaci\u00f3n (DNC), y el 4 noviembre se llevar\u00e1 a cabo la reuni\u00f3n de alto nivel de seguimiento entre ASETUR e importantes organismos como ANAAE, AMSDE, y GIZ.<\/p>\n\n\n\n<p>En su oportunidad, la secretaria de Turismo de San Luis Potos\u00ed, Yolanda Josefina Cepeda Chavarr\u00eda, inform\u00f3 que esta entidad es la sede de la 64 Asamblea de ASETUR, este 28 de octubre, y reiter\u00f3 la invitaci\u00f3n para conocer los atractivos culturales, hist\u00f3ricos y naturales, desde su Huasteca, sus Pueblos M\u00e1gicos y la capital, que lo hacen el destino surrealista de M\u00e9xico.<\/p>\n\n\n\n<p><strong>Actividades de las Secretar\u00edas de Turismo y Miembros de ASETUR<\/strong><\/p>\n\n\n\n<p>Como parte de la agenda en las diferentes entidades del pa\u00eds, la subsecretaria de Turismo de Baja California, Celeste G\u00f3mez Ju\u00e1rez, habl\u00f3 de las actividades que habr\u00e1 en la entidad con motivo del D\u00eda de Muertos, del 31 de octubre al 2 de noviembre, entre las que destacan el XXV Festival del D\u00eda de Muertos en Tecate, la Noche de Catrinas en Rosarito, y el Festival de los Muertos en el Trompo 2025 en Tijuana.<\/p>\n\n\n\n<p>Por su parte, el secretario de Turismo de Zacatecas, Le Roy Barrag\u00e1n Ocampo invit\u00f3 a asistir al Festival del D\u00eda de Muertos Zacatecas 2025, del 27 de octubre al 3 de noviembre, que este a\u00f1o tiene como invitado al estado de Veracruz, y en el que se llevan a cabo conferencias, participaciones art\u00edsticas, culturales, talleres, entre otras actividades.<\/p>\n\n\n\n<p>En tanto, el secretario de Turismo de Tlaxcala, Fabricio Mena Rodr\u00edguez, habl\u00f3 de \u201cTlaxcala, la Feria de Ferias 2025\u201d, que inici\u00f3 el 23 de octubre y concluye el 17 de noviembre, con un amplio programa que incluye conciertos en el Palenque y el Teatro del Pueblo con artistas de talla nacional e internacional.<\/p>\n\n\n\n<p>Finalmente, Margarita Carbajal Carmona, presidenta de la Federaci\u00f3n de Empresarios Tur\u00edsticos (FETUR), Miembro Afiliado de ASETUR, describi\u00f3 el World Tourism Trends Summit, que tendr\u00e1 lugar en Cozumel, Quintana Roo, este 26 &amp; 27 de noviembre. El evento re\u00fane a l\u00edderes del sector quienes analizan la b\u00fasqueda de soluciones e implementaciones tecnol\u00f3gicas para mejorar las experiencias del viajero; y en el que ya est\u00e1 confirmada la participaci\u00f3n de secretarias y secretarios de Turismo estatales.<\/p>\n\n\n\n<p>El presidente de ASETUR agradeci\u00f3 el compromiso de las secretarias y secretarios de Turismo por el trabajo realizado en los \u00faltimos meses que contribuye a impulsar a nuestro pa\u00eds en el plano internacional y con el firme objetivo de que juntos hagamos del turismo una prioridad para M\u00e9xico. (<a href=\"https:\/\/nitu.mx\/index.php\/2025\/10\/20\/sectur-y-asetur-unen-esfuerzos-para-cumplir-el-programa-sectorial-de-turismo-2025-2030\/\">Sectur y Asetur unen esfuerzos para cumplir el Programa Sectorial de Turismo 2025-2030<\/a>)<\/p>\n","protected":false},"excerpt":{"rendered":"<p>En conferencia de prensa virtual, el presidente delas Secretarias y Secretarios de Turismo de M\u00e9xico (ASETUR), Bernardo Cueto Riestra, expuso las acciones realizadas en los \u00faltimos meses para proyectar la presencia de M\u00e9xico a nivel internacional en importantes ferias tur\u00edsticas y foros con el prop\u00f3sito de impulsar este sector. Al presentar los avances en la [&hellip;]<\/p>\n","protected":false},"author":17,"featured_media":84215,"comment_status":"closed","ping_status":"closed","sticky":false,"template":"","format":"standard","meta":{"footnotes":""},"categories":[12],"tags":[1118,13931,27785,68,13546],"yoast_head":"<!-- This site is optimized with the Yoast SEO plugin v22.2 - https:\/\/yoast.com\/wordpress\/plugins\/seo\/ -->\n<title>ASETUR proyecta la presencia de M\u00e9xico a nivel internacional - Nitu - Noticias de la Industria Turistica<\/title>\n<meta name=\"robots\" content=\"index, follow, max-snippet:-1, max-image-preview:large, max-video-preview:-1\" \/>\n<link rel=\"canonical\" href=\"https:\/\/nitu.mx\/index.php\/2025\/10\/29\/asetur-proyecta-la-presencia-de-mexico-a-nivel-internacional\/\" \/>\n<meta name=\"twitter:card\" content=\"summary_large_image\" \/>\n<meta name=\"twitter:title\" content=\"ASETUR proyecta la presencia de M\u00e9xico a nivel internacional - Nitu - Noticias de la Industria Turistica\" \/>\n<meta name=\"twitter:description\" content=\"En conferencia de prensa virtual, el presidente delas Secretarias y Secretarios de Turismo de M\u00e9xico (ASETUR), Bernardo Cueto Riestra, expuso las acciones realizadas en los \u00faltimos meses para proyectar la presencia de M\u00e9xico a nivel internacional en importantes ferias tur\u00edsticas y foros con el prop\u00f3sito de impulsar este sector. Al presentar los avances en la [&hellip;]\" \/>\n<meta name=\"twitter:image\" content=\"https:\/\/nitu.mx\/wp-content\/uploads\/2025\/10\/ASETUR-MEXICO-TURISMO-INTERNACIONAL.jpg\" \/>\n<meta name=\"twitter:creator\" content=\"@NITUmx\" \/>\n<meta name=\"twitter:site\" content=\"@Arturo_Medina_G\" \/>\n<meta name=\"twitter:label1\" content=\"Escrito por\" \/>\n\t<meta name=\"twitter:data1\" content=\"Redacci\u00f3n\" \/>\n\t<meta name=\"twitter:label2\" content=\"Tiempo de lectura\" \/>\n\t<meta name=\"twitter:data2\" content=\"7 minutos\" \/>\n<script type=\"application\/ld+json\" class=\"yoast-schema-graph\">{\"@context\":\"https:\/\/schema.org\",\"@graph\":[{\"@type\":\"Article\",\"@id\":\"https:\/\/nitu.mx\/index.php\/2025\/10\/29\/asetur-proyecta-la-presencia-de-mexico-a-nivel-internacional\/#article\",\"isPartOf\":{\"@id\":\"https:\/\/nitu.mx\/index.php\/2025\/10\/29\/asetur-proyecta-la-presencia-de-mexico-a-nivel-internacional\/\"},\"author\":{\"name\":\"Redacci\u00f3n\",\"@id\":\"https:\/\/nitu.mx\/#\/schema\/person\/4a28fe9bd65924f7c90623773daf1b0b\"},\"headline\":\"ASETUR proyecta la presencia de M\u00e9xico a nivel internacional\",\"datePublished\":\"2025-10-29T06:28:53+00:00\",\"dateModified\":\"2025-10-29T06:28:53+00:00\",\"mainEntityOfPage\":{\"@id\":\"https:\/\/nitu.mx\/index.php\/2025\/10\/29\/asetur-proyecta-la-presencia-de-mexico-a-nivel-internacional\/\"},\"wordCount\":1320,\"publisher\":{\"@id\":\"https:\/\/nitu.mx\/#\/schema\/person\/ae7a53426417292d3dd07b45a33e01bc\"},\"image\":{\"@id\":\"https:\/\/nitu.mx\/index.php\/2025\/10\/29\/asetur-proyecta-la-presencia-de-mexico-a-nivel-internacional\/#primaryimage\"},\"thumbnailUrl\":\"https:\/\/nitu.mx\/wp-content\/uploads\/2025\/10\/ASETUR-MEXICO-TURISMO-INTERNACIONAL.jpg\",\"keywords\":[\"Asetur\",\"Bernardo Cueto\",\"Meet M\u00e9xico Road Show\",\"M\u00e9xico\",\"secretarios de turismo\"],\"articleSection\":[\"Marketing\"],\"inLanguage\":\"es-MX\"},{\"@type\":\"WebPage\",\"@id\":\"https:\/\/nitu.mx\/index.php\/2025\/10\/29\/asetur-proyecta-la-presencia-de-mexico-a-nivel-internacional\/\",\"url\":\"https:\/\/nitu.mx\/index.php\/2025\/10\/29\/asetur-proyecta-la-presencia-de-mexico-a-nivel-internacional\/\",\"name\":\"ASETUR proyecta la presencia de M\u00e9xico a nivel internacional - Nitu - Noticias de la Industria Turistica\",\"isPartOf\":{\"@id\":\"https:\/\/nitu.mx\/#website\"},\"primaryImageOfPage\":{\"@id\":\"https:\/\/nitu.mx\/index.php\/2025\/10\/29\/asetur-proyecta-la-presencia-de-mexico-a-nivel-internacional\/#primaryimage\"},\"image\":{\"@id\":\"https:\/\/nitu.mx\/index.php\/2025\/10\/29\/asetur-proyecta-la-presencia-de-mexico-a-nivel-internacional\/#primaryimage\"},\"thumbnailUrl\":\"https:\/\/nitu.mx\/wp-content\/uploads\/2025\/10\/ASETUR-MEXICO-TURISMO-INTERNACIONAL.jpg\",\"datePublished\":\"2025-10-29T06:28:53+00:00\",\"dateModified\":\"2025-10-29T06:28:53+00:00\",\"breadcrumb\":{\"@id\":\"https:\/\/nitu.mx\/index.php\/2025\/10\/29\/asetur-proyecta-la-presencia-de-mexico-a-nivel-internacional\/#breadcrumb\"},\"inLanguage\":\"es-MX\",\"potentialAction\":[{\"@type\":\"ReadAction\",\"target\":[\"https:\/\/nitu.mx\/index.php\/2025\/10\/29\/asetur-proyecta-la-presencia-de-mexico-a-nivel-internacional\/\"]}]},{\"@type\":\"ImageObject\",\"inLanguage\":\"es-MX\",\"@id\":\"https:\/\/nitu.mx\/index.php\/2025\/10\/29\/asetur-proyecta-la-presencia-de-mexico-a-nivel-internacional\/#primaryimage\",\"url\":\"https:\/\/nitu.mx\/wp-content\/uploads\/2025\/10\/ASETUR-MEXICO-TURISMO-INTERNACIONAL.jpg\",\"contentUrl\":\"https:\/\/nitu.mx\/wp-content\/uploads\/2025\/10\/ASETUR-MEXICO-TURISMO-INTERNACIONAL.jpg\",\"width\":1200,\"height\":675,\"caption\":\"Asetur\"},{\"@type\":\"BreadcrumbList\",\"@id\":\"https:\/\/nitu.mx\/index.php\/2025\/10\/29\/asetur-proyecta-la-presencia-de-mexico-a-nivel-internacional\/#breadcrumb\",\"itemListElement\":[{\"@type\":\"ListItem\",\"position\":1,\"name\":\"Inicio\",\"item\":\"https:\/\/nitu.mx\/\"},{\"@type\":\"ListItem\",\"position\":2,\"name\":\"ASETUR proyecta la presencia de M\u00e9xico a nivel internacional\"}]},{\"@type\":\"WebSite\",\"@id\":\"https:\/\/nitu.mx\/#website\",\"url\":\"https:\/\/nitu.mx\/\",\"name\":\"Nitu - Noticias de la Industria Turistica\",\"description\":\"Noticias de la Industria Turistica\",\"publisher\":{\"@id\":\"https:\/\/nitu.mx\/#\/schema\/person\/ae7a53426417292d3dd07b45a33e01bc\"},\"alternateName\":\"Noticias de la Industria Turistica\",\"potentialAction\":[{\"@type\":\"SearchAction\",\"target\":{\"@type\":\"EntryPoint\",\"urlTemplate\":\"https:\/\/nitu.mx\/?s={search_term_string}\"},\"query-input\":\"required name=search_term_string\"}],\"inLanguage\":\"es-MX\"},{\"@type\":[\"Person\",\"Organization\"],\"@id\":\"https:\/\/nitu.mx\/#\/schema\/person\/ae7a53426417292d3dd07b45a33e01bc\",\"name\":\"Arturo Medina\",\"image\":{\"@type\":\"ImageObject\",\"inLanguage\":\"es-MX\",\"@id\":\"https:\/\/nitu.mx\/#\/schema\/person\/image\/\",\"url\":\"https:\/\/nitu.mx\/wp-content\/uploads\/2024\/04\/4A315622-1904-4D5C-B022-878CDC840E04-90x90-1.jpeg\",\"contentUrl\":\"https:\/\/nitu.mx\/wp-content\/uploads\/2024\/04\/4A315622-1904-4D5C-B022-878CDC840E04-90x90-1.jpeg\",\"width\":90,\"height\":90,\"caption\":\"Arturo Medina\"},\"logo\":{\"@id\":\"https:\/\/nitu.mx\/#\/schema\/person\/image\/\"},\"description\":\"Director NITU.mx, Egresado de la Escuela de Periodismo Carlos Septi\u00e9n Garc\u00eda. Periodista y analista especializado en turismo desde hace 35 a\u00f1os, radicado en Canc\u00fan Q.Roo. arturo@nitu.mx\",\"sameAs\":[\"https:\/\/nitu.mx\",\"https:\/\/www.facebook.com\/NITUmx\/\",\"medinacancun\",\"https:\/\/twitter.com\/@Arturo_Medina_G\"]},{\"@type\":\"Person\",\"@id\":\"https:\/\/nitu.mx\/#\/schema\/person\/4a28fe9bd65924f7c90623773daf1b0b\",\"name\":\"Redacci\u00f3n\",\"image\":{\"@type\":\"ImageObject\",\"inLanguage\":\"es-MX\",\"@id\":\"https:\/\/nitu.mx\/#\/schema\/person\/image\/\",\"url\":\"https:\/\/secure.gravatar.com\/avatar\/5dd011c8ccfc5cd7e4c81e42252aab38?s=96&d=mm&r=g\",\"contentUrl\":\"https:\/\/secure.gravatar.com\/avatar\/5dd011c8ccfc5cd7e4c81e42252aab38?s=96&d=mm&r=g\",\"caption\":\"Redacci\u00f3n\"},\"url\":\"https:\/\/nitu.mx\/index.php\/author\/redaccion\/\"}]}<\/script>\n<!-- \/ Yoast SEO plugin. -->","yoast_head_json":{"title":"ASETUR proyecta la presencia de M\u00e9xico a nivel internacional - Nitu - Noticias de la Industria Turistica","robots":{"index":"index","follow":"follow","max-snippet":"max-snippet:-1","max-image-preview":"max-image-preview:large","max-video-preview":"max-video-preview:-1"},"canonical":"https:\/\/nitu.mx\/index.php\/2025\/10\/29\/asetur-proyecta-la-presencia-de-mexico-a-nivel-internacional\/","twitter_card":"summary_large_image","twitter_title":"ASETUR proyecta la presencia de M\u00e9xico a nivel internacional - Nitu - Noticias de la Industria Turistica","twitter_description":"En conferencia de prensa virtual, el presidente delas Secretarias y Secretarios de Turismo de M\u00e9xico (ASETUR), Bernardo Cueto Riestra, expuso las acciones realizadas en los \u00faltimos meses para proyectar la presencia de M\u00e9xico a nivel internacional en importantes ferias tur\u00edsticas y foros con el prop\u00f3sito de impulsar este sector. Al presentar los avances en la [&hellip;]","twitter_image":"https:\/\/nitu.mx\/wp-content\/uploads\/2025\/10\/ASETUR-MEXICO-TURISMO-INTERNACIONAL.jpg","twitter_creator":"@NITUmx","twitter_site":"@Arturo_Medina_G","twitter_misc":{"Escrito por":"Redacci\u00f3n","Tiempo de lectura":"7 minutos"},"schema":{"@context":"https:\/\/schema.org","@graph":[{"@type":"Article","@id":"https:\/\/nitu.mx\/index.php\/2025\/10\/29\/asetur-proyecta-la-presencia-de-mexico-a-nivel-internacional\/#article","isPartOf":{"@id":"https:\/\/nitu.mx\/index.php\/2025\/10\/29\/asetur-proyecta-la-presencia-de-mexico-a-nivel-internacional\/"},"author":{"name":"Redacci\u00f3n","@id":"https:\/\/nitu.mx\/#\/schema\/person\/4a28fe9bd65924f7c90623773daf1b0b"},"headline":"ASETUR proyecta la presencia de M\u00e9xico a nivel internacional","datePublished":"2025-10-29T06:28:53+00:00","dateModified":"2025-10-29T06:28:53+00:00","mainEntityOfPage":{"@id":"https:\/\/nitu.mx\/index.php\/2025\/10\/29\/asetur-proyecta-la-presencia-de-mexico-a-nivel-internacional\/"},"wordCount":1320,"publisher":{"@id":"https:\/\/nitu.mx\/#\/schema\/person\/ae7a53426417292d3dd07b45a33e01bc"},"image":{"@id":"https:\/\/nitu.mx\/index.php\/2025\/10\/29\/asetur-proyecta-la-presencia-de-mexico-a-nivel-internacional\/#primaryimage"},"thumbnailUrl":"https:\/\/nitu.mx\/wp-content\/uploads\/2025\/10\/ASETUR-MEXICO-TURISMO-INTERNACIONAL.jpg","keywords":["Asetur","Bernardo Cueto","Meet M\u00e9xico Road Show","M\u00e9xico","secretarios de turismo"],"articleSection":["Marketing"],"inLanguage":"es-MX"},{"@type":"WebPage","@id":"https:\/\/nitu.mx\/index.php\/2025\/10\/29\/asetur-proyecta-la-presencia-de-mexico-a-nivel-internacional\/","url":"https:\/\/nitu.mx\/index.php\/2025\/10\/29\/asetur-proyecta-la-presencia-de-mexico-a-nivel-internacional\/","name":"ASETUR proyecta la presencia de M\u00e9xico a nivel internacional - Nitu - Noticias de la Industria Turistica","isPartOf":{"@id":"https:\/\/nitu.mx\/#website"},"primaryImageOfPage":{"@id":"https:\/\/nitu.mx\/index.php\/2025\/10\/29\/asetur-proyecta-la-presencia-de-mexico-a-nivel-internacional\/#primaryimage"},"image":{"@id":"https:\/\/nitu.mx\/index.php\/2025\/10\/29\/asetur-proyecta-la-presencia-de-mexico-a-nivel-internacional\/#primaryimage"},"thumbnailUrl":"https:\/\/nitu.mx\/wp-content\/uploads\/2025\/10\/ASETUR-MEXICO-TURISMO-INTERNACIONAL.jpg","datePublished":"2025-10-29T06:28:53+00:00","dateModified":"2025-10-29T06:28:53+00:00","breadcrumb":{"@id":"https:\/\/nitu.mx\/index.php\/2025\/10\/29\/asetur-proyecta-la-presencia-de-mexico-a-nivel-internacional\/#breadcrumb"},"inLanguage":"es-MX","potentialAction":[{"@type":"ReadAction","target":["https:\/\/nitu.mx\/index.php\/2025\/10\/29\/asetur-proyecta-la-presencia-de-mexico-a-nivel-internacional\/"]}]},{"@type":"ImageObject","inLanguage":"es-MX","@id":"https:\/\/nitu.mx\/index.php\/2025\/10\/29\/asetur-proyecta-la-presencia-de-mexico-a-nivel-internacional\/#primaryimage","url":"https:\/\/nitu.mx\/wp-content\/uploads\/2025\/10\/ASETUR-MEXICO-TURISMO-INTERNACIONAL.jpg","contentUrl":"https:\/\/nitu.mx\/wp-content\/uploads\/2025\/10\/ASETUR-MEXICO-TURISMO-INTERNACIONAL.jpg","width":1200,"height":675,"caption":"Asetur"},{"@type":"BreadcrumbList","@id":"https:\/\/nitu.mx\/index.php\/2025\/10\/29\/asetur-proyecta-la-presencia-de-mexico-a-nivel-internacional\/#breadcrumb","itemListElement":[{"@type":"ListItem","position":1,"name":"Inicio","item":"https:\/\/nitu.mx\/"},{"@type":"ListItem","position":2,"name":"ASETUR proyecta la presencia de M\u00e9xico a nivel internacional"}]},{"@type":"WebSite","@id":"https:\/\/nitu.mx\/#website","url":"https:\/\/nitu.mx\/","name":"Nitu - Noticias de la Industria Turistica","description":"Noticias de la Industria Turistica","publisher":{"@id":"https:\/\/nitu.mx\/#\/schema\/person\/ae7a53426417292d3dd07b45a33e01bc"},"alternateName":"Noticias de la Industria Turistica","potentialAction":[{"@type":"SearchAction","target":{"@type":"EntryPoint","urlTemplate":"https:\/\/nitu.mx\/?s={search_term_string}"},"query-input":"required name=search_term_string"}],"inLanguage":"es-MX"},{"@type":["Person","Organization"],"@id":"https:\/\/nitu.mx\/#\/schema\/person\/ae7a53426417292d3dd07b45a33e01bc","name":"Arturo Medina","image":{"@type":"ImageObject","inLanguage":"es-MX","@id":"https:\/\/nitu.mx\/#\/schema\/person\/image\/","url":"https:\/\/nitu.mx\/wp-content\/uploads\/2024\/04\/4A315622-1904-4D5C-B022-878CDC840E04-90x90-1.jpeg","contentUrl":"https:\/\/nitu.mx\/wp-content\/uploads\/2024\/04\/4A315622-1904-4D5C-B022-878CDC840E04-90x90-1.jpeg","width":90,"height":90,"caption":"Arturo Medina"},"logo":{"@id":"https:\/\/nitu.mx\/#\/schema\/person\/image\/"},"description":"Director NITU.mx, Egresado de la Escuela de Periodismo Carlos Septi\u00e9n Garc\u00eda. Periodista y analista especializado en turismo desde hace 35 a\u00f1os, radicado en Canc\u00fan Q.Roo. arturo@nitu.mx","sameAs":["https:\/\/nitu.mx","https:\/\/www.facebook.com\/NITUmx\/","medinacancun","https:\/\/twitter.com\/@Arturo_Medina_G"]},{"@type":"Person","@id":"https:\/\/nitu.mx\/#\/schema\/person\/4a28fe9bd65924f7c90623773daf1b0b","name":"Redacci\u00f3n","image":{"@type":"ImageObject","inLanguage":"es-MX","@id":"https:\/\/nitu.mx\/#\/schema\/person\/image\/","url":"https:\/\/secure.gravatar.com\/avatar\/5dd011c8ccfc5cd7e4c81e42252aab38?s=96&d=mm&r=g","contentUrl":"https:\/\/secure.gravatar.com\/avatar\/5dd011c8ccfc5cd7e4c81e42252aab38?s=96&d=mm&r=g","caption":"Redacci\u00f3n"},"url":"https:\/\/nitu.mx\/index.php\/author\/redaccion\/"}]}},"views":563,"_links":{"self":[{"href":"https:\/\/nitu.mx\/index.php\/wp-json\/wp\/v2\/posts\/84209"}],"collection":[{"href":"https:\/\/nitu.mx\/index.php\/wp-json\/wp\/v2\/posts"}],"about":[{"href":"https:\/\/nitu.mx\/index.php\/wp-json\/wp\/v2\/types\/post"}],"author":[{"embeddable":true,"href":"https:\/\/nitu.mx\/index.php\/wp-json\/wp\/v2\/users\/17"}],"replies":[{"embeddable":true,"href":"https:\/\/nitu.mx\/index.php\/wp-json\/wp\/v2\/comments?post=84209"}],"version-history":[{"count":1,"href":"https:\/\/nitu.mx\/index.php\/wp-json\/wp\/v2\/posts\/84209\/revisions"}],"predecessor-version":[{"id":84216,"href":"https:\/\/nitu.mx\/index.php\/wp-json\/wp\/v2\/posts\/84209\/revisions\/84216"}],"wp:featuredmedia":[{"embeddable":true,"href":"https:\/\/nitu.mx\/index.php\/wp-json\/wp\/v2\/media\/84215"}],"wp:attachment":[{"href":"https:\/\/nitu.mx\/index.php\/wp-json\/wp\/v2\/media?parent=84209"}],"wp:term":[{"taxonomy":"category","embeddable":true,"href":"https:\/\/nitu.mx\/index.php\/wp-json\/wp\/v2\/categories?post=84209"},{"taxonomy":"post_tag","embeddable":true,"href":"https:\/\/nitu.mx\/index.php\/wp-json\/wp\/v2\/tags?post=84209"}],"curies":[{"name":"wp","href":"https:\/\/api.w.org\/{rel}","templated":true}]}}