{"id":84193,"date":"2025-10-27T23:41:03","date_gmt":"2025-10-28T05:41:03","guid":{"rendered":"https:\/\/nitu.mx\/?p=84193"},"modified":"2025-10-27T23:41:05","modified_gmt":"2025-10-28T05:41:05","slug":"inicia-operaciones-la-ruta-monterrey-bogota-de-avianca","status":"publish","type":"post","link":"https:\/\/nitu.mx\/index.php\/2025\/10\/27\/inicia-operaciones-la-ruta-monterrey-bogota-de-avianca\/","title":{"rendered":"Inicia operaciones la ruta Monterrey-Bogot\u00e1 de Avianca"},"content":{"rendered":"\n<p>La Secretar\u00eda de Turismo de Nuevo Le\u00f3n, en coordinaci\u00f3n con Avianca y OMA Aeropuertos, inform\u00f3 el inicio de operaciones de la aerol\u00ednea Avianca en el estado, con la puesta en marcha del vuelo directo Monterrey\u2013Bogot\u00e1, con cuatro frecuencias semanales (lunes, mi\u00e9rcoles, viernes y domingo).<\/p>\n\n\n\n<p>La secretaria de Turismo de Nuevo Le\u00f3n, Maricarmen Mart\u00ednez Villarreal, destac\u00f3 la relevancia de esta nueva conexi\u00f3n dentro de la estrategia de conectividad a\u00e9rea del estado:<\/p>\n\n\n\n<p>\u201cCon esta ruta, Nuevo Le\u00f3n fortalece su relaci\u00f3n con Sudam\u00e9rica, impulsa el intercambio tur\u00edstico y ampl\u00eda su proyecci\u00f3n internacional rumbo al Mundial 2026. Hoy nuestro aeropuerto cuenta con m\u00e1s de 60 rutas activas y es ya el segundo con m\u00e1s vuelos nacionales en M\u00e9xico, lo que refleja el dinamismo y la confianza que genera nuestro estado.\u201d<\/p>\n\n\n\n<p>El director general de Grupo OMA, Ricardo Due\u00f1as, subray\u00f3 el impacto de esta nueva operaci\u00f3n en el desarrollo del aeropuerto y su papel como hub del norte del pa\u00eds:<\/p>\n\n\n\n<p>\u201cLa llegada de Avianca al Aeropuerto de Monterrey marca un hito en nuestra estrategia para fortalecer el hub del norte del pa\u00eds mediante la diversificaci\u00f3n de los servicios a\u00e9reos. Esto permite atender las necesidades de los pasajeros que usan esta terminal a\u00e9rea como punto de partida, llegada o conexi\u00f3n hacia los m\u00e1s de 60 destinos en M\u00e9xico y en el extranjero ofertados desde este aeropuerto\u201d.<\/p>\n\n\n\n<p>El Country Officer de Avianca en M\u00e9xico, Juan Francisco Posada, destac\u00f3 el alcance de la nueva ruta y su papel en la integraci\u00f3n regional:<\/p>\n\n\n\n<p>\u201cLa apertura del vuelo directo entre Bogot\u00e1 y Monterrey representa un avance significativo en la consolidaci\u00f3n de la conectividad a\u00e9rea internacional de Colombia. Esta nueva ruta operada por nosotros no solo facilita el intercambio tur\u00edstico y comercial entre ambos pa\u00edses, sino que tambi\u00e9n fortalece la integraci\u00f3n regional y posiciona a Colombia como un hub estrat\u00e9gico en Am\u00e9rica Latina. Esta conexi\u00f3n directa impulsa la llegada de inversi\u00f3n extranjera, fomenta el crecimiento empresarial y promueve el desarrollo econ\u00f3mico sostenible del pa\u00eds.\u201d<\/p>\n\n\n\n<p>La ruta Monterrey\u2013Bogot\u00e1\u2013Monterrey inici\u00f3 operaciones el 26 de octubre con los siguientes horarios:<\/p>\n\n\n\n<figure class=\"wp-block-table\"><table><tbody><tr><td><strong>Ruta**<\/strong><\/td><td><strong>Vuelo<\/strong><\/td><td><strong>Hora de salida*<\/strong><\/td><td><strong>Hora de llegada*<\/strong><\/td><td><strong>Frecuencias<\/strong><\/td><td><strong>Fecha de inicio<\/strong><\/td><\/tr><tr><td>Bogot\u00e1-Monterrey<\/td><td>AV266<\/td><td>8:10<\/td><td>12:30<\/td><td rowspan=\"2\">Lunes, mi\u00e9rcoles, viernes y domingo<\/td><td rowspan=\"2\">26 de octubre<\/td><\/tr><tr><td>Monterrey-Bogot\u00e1<\/td><td>AV267<\/td><td>13:50<\/td><td>19:50<\/td><\/tr><\/tbody><\/table><\/figure>\n\n\n\n<p>Los vuelos se operan en Airbus A320, con capacidad para 180 pasajeros, ofreciendo una disponibilidad semanal de 1,400 asientos entre ambos destinos. (<a href=\"https:\/\/nitu.mx\/index.php\/2025\/10\/08\/nuevo-leon-y-avianca-fortalecen-la-promocion-turistica-entre-monterrey-y-bogota\/\">Nuevo Le\u00f3n y Avianca fortalecen la promoci\u00f3n tur\u00edstica entre Monterrey y Bogot\u00e1<\/a>).<\/p>\n","protected":false},"excerpt":{"rendered":"<p>La Secretar\u00eda de Turismo de Nuevo Le\u00f3n, en coordinaci\u00f3n con Avianca y OMA Aeropuertos, inform\u00f3 el inicio de operaciones de la aerol\u00ednea Avianca en el estado, con la puesta en marcha del vuelo directo Monterrey\u2013Bogot\u00e1, con cuatro frecuencias semanales (lunes, mi\u00e9rcoles, viernes y domingo). La secretaria de Turismo de Nuevo Le\u00f3n, Maricarmen Mart\u00ednez Villarreal, destac\u00f3 [&hellip;]<\/p>\n","protected":false},"author":17,"featured_media":84195,"comment_status":"closed","ping_status":"closed","sticky":false,"template":"","format":"standard","meta":{"footnotes":""},"categories":[29,5],"tags":[173,918,3953,23777,491,850],"yoast_head":"<!-- This site is optimized with the Yoast SEO plugin v22.2 - https:\/\/yoast.com\/wordpress\/plugins\/seo\/ -->\n<title>Inicia operaciones la ruta Monterrey-Bogot\u00e1 de Avianca - Nitu - Noticias de la Industria Turistica<\/title>\n<meta name=\"robots\" content=\"index, follow, max-snippet:-1, max-image-preview:large, max-video-preview:-1\" \/>\n<link rel=\"canonical\" href=\"https:\/\/nitu.mx\/index.php\/2025\/10\/27\/inicia-operaciones-la-ruta-monterrey-bogota-de-avianca\/\" \/>\n<meta name=\"twitter:card\" content=\"summary_large_image\" \/>\n<meta name=\"twitter:title\" content=\"Inicia operaciones la ruta Monterrey-Bogot\u00e1 de Avianca - Nitu - Noticias de la Industria Turistica\" \/>\n<meta name=\"twitter:description\" content=\"La Secretar\u00eda de Turismo de Nuevo Le\u00f3n, en coordinaci\u00f3n con Avianca y OMA Aeropuertos, inform\u00f3 el inicio de operaciones de la aerol\u00ednea Avianca en el estado, con la puesta en marcha del vuelo directo Monterrey\u2013Bogot\u00e1, con cuatro frecuencias semanales (lunes, mi\u00e9rcoles, viernes y domingo). La secretaria de Turismo de Nuevo Le\u00f3n, Maricarmen Mart\u00ednez Villarreal, destac\u00f3 [&hellip;]\" \/>\n<meta name=\"twitter:image\" content=\"https:\/\/nitu.mx\/wp-content\/uploads\/2025\/10\/Nuevo-Leon-inauguracion-ruta-Monterrey-Bogota-Avianca.jpg\" \/>\n<meta name=\"twitter:creator\" content=\"@NITUmx\" \/>\n<meta name=\"twitter:site\" content=\"@Arturo_Medina_G\" \/>\n<meta name=\"twitter:label1\" content=\"Escrito por\" \/>\n\t<meta name=\"twitter:data1\" content=\"Redacci\u00f3n\" \/>\n\t<meta name=\"twitter:label2\" content=\"Tiempo de lectura\" \/>\n\t<meta name=\"twitter:data2\" content=\"2 minutos\" \/>\n<script type=\"application\/ld+json\" class=\"yoast-schema-graph\">{\"@context\":\"https:\/\/schema.org\",\"@graph\":[{\"@type\":\"Article\",\"@id\":\"https:\/\/nitu.mx\/index.php\/2025\/10\/27\/inicia-operaciones-la-ruta-monterrey-bogota-de-avianca\/#article\",\"isPartOf\":{\"@id\":\"https:\/\/nitu.mx\/index.php\/2025\/10\/27\/inicia-operaciones-la-ruta-monterrey-bogota-de-avianca\/\"},\"author\":{\"name\":\"Redacci\u00f3n\",\"@id\":\"https:\/\/nitu.mx\/#\/schema\/person\/4a28fe9bd65924f7c90623773daf1b0b\"},\"headline\":\"Inicia operaciones la ruta Monterrey-Bogot\u00e1 de Avianca\",\"datePublished\":\"2025-10-28T05:41:03+00:00\",\"dateModified\":\"2025-10-28T05:41:05+00:00\",\"mainEntityOfPage\":{\"@id\":\"https:\/\/nitu.mx\/index.php\/2025\/10\/27\/inicia-operaciones-la-ruta-monterrey-bogota-de-avianca\/\"},\"wordCount\":444,\"publisher\":{\"@id\":\"https:\/\/nitu.mx\/#\/schema\/person\/ae7a53426417292d3dd07b45a33e01bc\"},\"image\":{\"@id\":\"https:\/\/nitu.mx\/index.php\/2025\/10\/27\/inicia-operaciones-la-ruta-monterrey-bogota-de-avianca\/#primaryimage\"},\"thumbnailUrl\":\"https:\/\/nitu.mx\/wp-content\/uploads\/2025\/10\/Nuevo-Leon-inauguracion-ruta-Monterrey-Bogota-Avianca.jpg\",\"keywords\":[\"Avianca\",\"Bogot\u00e1\",\"conectividad\",\"Maricarmen Mart\u00ednez\",\"Monterrey\",\"Nuevo Le\u00f3n\"],\"articleSection\":[\"Aerol\u00edneas\",\"Destinos\"],\"inLanguage\":\"es-MX\"},{\"@type\":\"WebPage\",\"@id\":\"https:\/\/nitu.mx\/index.php\/2025\/10\/27\/inicia-operaciones-la-ruta-monterrey-bogota-de-avianca\/\",\"url\":\"https:\/\/nitu.mx\/index.php\/2025\/10\/27\/inicia-operaciones-la-ruta-monterrey-bogota-de-avianca\/\",\"name\":\"Inicia operaciones la ruta Monterrey-Bogot\u00e1 de Avianca - Nitu - Noticias de la Industria Turistica\",\"isPartOf\":{\"@id\":\"https:\/\/nitu.mx\/#website\"},\"primaryImageOfPage\":{\"@id\":\"https:\/\/nitu.mx\/index.php\/2025\/10\/27\/inicia-operaciones-la-ruta-monterrey-bogota-de-avianca\/#primaryimage\"},\"image\":{\"@id\":\"https:\/\/nitu.mx\/index.php\/2025\/10\/27\/inicia-operaciones-la-ruta-monterrey-bogota-de-avianca\/#primaryimage\"},\"thumbnailUrl\":\"https:\/\/nitu.mx\/wp-content\/uploads\/2025\/10\/Nuevo-Leon-inauguracion-ruta-Monterrey-Bogota-Avianca.jpg\",\"datePublished\":\"2025-10-28T05:41:03+00:00\",\"dateModified\":\"2025-10-28T05:41:05+00:00\",\"breadcrumb\":{\"@id\":\"https:\/\/nitu.mx\/index.php\/2025\/10\/27\/inicia-operaciones-la-ruta-monterrey-bogota-de-avianca\/#breadcrumb\"},\"inLanguage\":\"es-MX\",\"potentialAction\":[{\"@type\":\"ReadAction\",\"target\":[\"https:\/\/nitu.mx\/index.php\/2025\/10\/27\/inicia-operaciones-la-ruta-monterrey-bogota-de-avianca\/\"]}]},{\"@type\":\"ImageObject\",\"inLanguage\":\"es-MX\",\"@id\":\"https:\/\/nitu.mx\/index.php\/2025\/10\/27\/inicia-operaciones-la-ruta-monterrey-bogota-de-avianca\/#primaryimage\",\"url\":\"https:\/\/nitu.mx\/wp-content\/uploads\/2025\/10\/Nuevo-Leon-inauguracion-ruta-Monterrey-Bogota-Avianca.jpg\",\"contentUrl\":\"https:\/\/nitu.mx\/wp-content\/uploads\/2025\/10\/Nuevo-Leon-inauguracion-ruta-Monterrey-Bogota-Avianca.jpg\",\"width\":1200,\"height\":675,\"caption\":\"Nuevo Le\u00f3n inauguraci\u00f3n ruta Monterrey-Bogot\u00e1 Avianca\"},{\"@type\":\"BreadcrumbList\",\"@id\":\"https:\/\/nitu.mx\/index.php\/2025\/10\/27\/inicia-operaciones-la-ruta-monterrey-bogota-de-avianca\/#breadcrumb\",\"itemListElement\":[{\"@type\":\"ListItem\",\"position\":1,\"name\":\"Inicio\",\"item\":\"https:\/\/nitu.mx\/\"},{\"@type\":\"ListItem\",\"position\":2,\"name\":\"Inicia operaciones la ruta Monterrey-Bogot\u00e1 de Avianca\"}]},{\"@type\":\"WebSite\",\"@id\":\"https:\/\/nitu.mx\/#website\",\"url\":\"https:\/\/nitu.mx\/\",\"name\":\"Nitu - Noticias de la Industria Turistica\",\"description\":\"Noticias de la Industria Turistica\",\"publisher\":{\"@id\":\"https:\/\/nitu.mx\/#\/schema\/person\/ae7a53426417292d3dd07b45a33e01bc\"},\"alternateName\":\"Noticias de la Industria Turistica\",\"potentialAction\":[{\"@type\":\"SearchAction\",\"target\":{\"@type\":\"EntryPoint\",\"urlTemplate\":\"https:\/\/nitu.mx\/?s={search_term_string}\"},\"query-input\":\"required name=search_term_string\"}],\"inLanguage\":\"es-MX\"},{\"@type\":[\"Person\",\"Organization\"],\"@id\":\"https:\/\/nitu.mx\/#\/schema\/person\/ae7a53426417292d3dd07b45a33e01bc\",\"name\":\"Arturo Medina\",\"image\":{\"@type\":\"ImageObject\",\"inLanguage\":\"es-MX\",\"@id\":\"https:\/\/nitu.mx\/#\/schema\/person\/image\/\",\"url\":\"https:\/\/nitu.mx\/wp-content\/uploads\/2024\/04\/4A315622-1904-4D5C-B022-878CDC840E04-90x90-1.jpeg\",\"contentUrl\":\"https:\/\/nitu.mx\/wp-content\/uploads\/2024\/04\/4A315622-1904-4D5C-B022-878CDC840E04-90x90-1.jpeg\",\"width\":90,\"height\":90,\"caption\":\"Arturo Medina\"},\"logo\":{\"@id\":\"https:\/\/nitu.mx\/#\/schema\/person\/image\/\"},\"description\":\"Director NITU.mx, Egresado de la Escuela de Periodismo Carlos Septi\u00e9n Garc\u00eda. Periodista y analista especializado en turismo desde hace 35 a\u00f1os, radicado en Canc\u00fan Q.Roo. arturo@nitu.mx\",\"sameAs\":[\"https:\/\/nitu.mx\",\"https:\/\/www.facebook.com\/NITUmx\/\",\"medinacancun\",\"https:\/\/twitter.com\/@Arturo_Medina_G\"]},{\"@type\":\"Person\",\"@id\":\"https:\/\/nitu.mx\/#\/schema\/person\/4a28fe9bd65924f7c90623773daf1b0b\",\"name\":\"Redacci\u00f3n\",\"image\":{\"@type\":\"ImageObject\",\"inLanguage\":\"es-MX\",\"@id\":\"https:\/\/nitu.mx\/#\/schema\/person\/image\/\",\"url\":\"https:\/\/secure.gravatar.com\/avatar\/5dd011c8ccfc5cd7e4c81e42252aab38?s=96&d=mm&r=g\",\"contentUrl\":\"https:\/\/secure.gravatar.com\/avatar\/5dd011c8ccfc5cd7e4c81e42252aab38?s=96&d=mm&r=g\",\"caption\":\"Redacci\u00f3n\"},\"url\":\"https:\/\/nitu.mx\/index.php\/author\/redaccion\/\"}]}<\/script>\n<!-- \/ Yoast SEO plugin. -->","yoast_head_json":{"title":"Inicia operaciones la ruta Monterrey-Bogot\u00e1 de Avianca - Nitu - Noticias de la Industria Turistica","robots":{"index":"index","follow":"follow","max-snippet":"max-snippet:-1","max-image-preview":"max-image-preview:large","max-video-preview":"max-video-preview:-1"},"canonical":"https:\/\/nitu.mx\/index.php\/2025\/10\/27\/inicia-operaciones-la-ruta-monterrey-bogota-de-avianca\/","twitter_card":"summary_large_image","twitter_title":"Inicia operaciones la ruta Monterrey-Bogot\u00e1 de Avianca - Nitu - Noticias de la Industria Turistica","twitter_description":"La Secretar\u00eda de Turismo de Nuevo Le\u00f3n, en coordinaci\u00f3n con Avianca y OMA Aeropuertos, inform\u00f3 el inicio de operaciones de la aerol\u00ednea Avianca en el estado, con la puesta en marcha del vuelo directo Monterrey\u2013Bogot\u00e1, con cuatro frecuencias semanales (lunes, mi\u00e9rcoles, viernes y domingo). La secretaria de Turismo de Nuevo Le\u00f3n, Maricarmen Mart\u00ednez Villarreal, destac\u00f3 [&hellip;]","twitter_image":"https:\/\/nitu.mx\/wp-content\/uploads\/2025\/10\/Nuevo-Leon-inauguracion-ruta-Monterrey-Bogota-Avianca.jpg","twitter_creator":"@NITUmx","twitter_site":"@Arturo_Medina_G","twitter_misc":{"Escrito por":"Redacci\u00f3n","Tiempo de lectura":"2 minutos"},"schema":{"@context":"https:\/\/schema.org","@graph":[{"@type":"Article","@id":"https:\/\/nitu.mx\/index.php\/2025\/10\/27\/inicia-operaciones-la-ruta-monterrey-bogota-de-avianca\/#article","isPartOf":{"@id":"https:\/\/nitu.mx\/index.php\/2025\/10\/27\/inicia-operaciones-la-ruta-monterrey-bogota-de-avianca\/"},"author":{"name":"Redacci\u00f3n","@id":"https:\/\/nitu.mx\/#\/schema\/person\/4a28fe9bd65924f7c90623773daf1b0b"},"headline":"Inicia operaciones la ruta Monterrey-Bogot\u00e1 de Avianca","datePublished":"2025-10-28T05:41:03+00:00","dateModified":"2025-10-28T05:41:05+00:00","mainEntityOfPage":{"@id":"https:\/\/nitu.mx\/index.php\/2025\/10\/27\/inicia-operaciones-la-ruta-monterrey-bogota-de-avianca\/"},"wordCount":444,"publisher":{"@id":"https:\/\/nitu.mx\/#\/schema\/person\/ae7a53426417292d3dd07b45a33e01bc"},"image":{"@id":"https:\/\/nitu.mx\/index.php\/2025\/10\/27\/inicia-operaciones-la-ruta-monterrey-bogota-de-avianca\/#primaryimage"},"thumbnailUrl":"https:\/\/nitu.mx\/wp-content\/uploads\/2025\/10\/Nuevo-Leon-inauguracion-ruta-Monterrey-Bogota-Avianca.jpg","keywords":["Avianca","Bogot\u00e1","conectividad","Maricarmen Mart\u00ednez","Monterrey","Nuevo Le\u00f3n"],"articleSection":["Aerol\u00edneas","Destinos"],"inLanguage":"es-MX"},{"@type":"WebPage","@id":"https:\/\/nitu.mx\/index.php\/2025\/10\/27\/inicia-operaciones-la-ruta-monterrey-bogota-de-avianca\/","url":"https:\/\/nitu.mx\/index.php\/2025\/10\/27\/inicia-operaciones-la-ruta-monterrey-bogota-de-avianca\/","name":"Inicia operaciones la ruta Monterrey-Bogot\u00e1 de Avianca - Nitu - Noticias de la Industria Turistica","isPartOf":{"@id":"https:\/\/nitu.mx\/#website"},"primaryImageOfPage":{"@id":"https:\/\/nitu.mx\/index.php\/2025\/10\/27\/inicia-operaciones-la-ruta-monterrey-bogota-de-avianca\/#primaryimage"},"image":{"@id":"https:\/\/nitu.mx\/index.php\/2025\/10\/27\/inicia-operaciones-la-ruta-monterrey-bogota-de-avianca\/#primaryimage"},"thumbnailUrl":"https:\/\/nitu.mx\/wp-content\/uploads\/2025\/10\/Nuevo-Leon-inauguracion-ruta-Monterrey-Bogota-Avianca.jpg","datePublished":"2025-10-28T05:41:03+00:00","dateModified":"2025-10-28T05:41:05+00:00","breadcrumb":{"@id":"https:\/\/nitu.mx\/index.php\/2025\/10\/27\/inicia-operaciones-la-ruta-monterrey-bogota-de-avianca\/#breadcrumb"},"inLanguage":"es-MX","potentialAction":[{"@type":"ReadAction","target":["https:\/\/nitu.mx\/index.php\/2025\/10\/27\/inicia-operaciones-la-ruta-monterrey-bogota-de-avianca\/"]}]},{"@type":"ImageObject","inLanguage":"es-MX","@id":"https:\/\/nitu.mx\/index.php\/2025\/10\/27\/inicia-operaciones-la-ruta-monterrey-bogota-de-avianca\/#primaryimage","url":"https:\/\/nitu.mx\/wp-content\/uploads\/2025\/10\/Nuevo-Leon-inauguracion-ruta-Monterrey-Bogota-Avianca.jpg","contentUrl":"https:\/\/nitu.mx\/wp-content\/uploads\/2025\/10\/Nuevo-Leon-inauguracion-ruta-Monterrey-Bogota-Avianca.jpg","width":1200,"height":675,"caption":"Nuevo Le\u00f3n inauguraci\u00f3n ruta Monterrey-Bogot\u00e1 Avianca"},{"@type":"BreadcrumbList","@id":"https:\/\/nitu.mx\/index.php\/2025\/10\/27\/inicia-operaciones-la-ruta-monterrey-bogota-de-avianca\/#breadcrumb","itemListElement":[{"@type":"ListItem","position":1,"name":"Inicio","item":"https:\/\/nitu.mx\/"},{"@type":"ListItem","position":2,"name":"Inicia operaciones la ruta Monterrey-Bogot\u00e1 de Avianca"}]},{"@type":"WebSite","@id":"https:\/\/nitu.mx\/#website","url":"https:\/\/nitu.mx\/","name":"Nitu - Noticias de la Industria Turistica","description":"Noticias de la Industria Turistica","publisher":{"@id":"https:\/\/nitu.mx\/#\/schema\/person\/ae7a53426417292d3dd07b45a33e01bc"},"alternateName":"Noticias de la Industria Turistica","potentialAction":[{"@type":"SearchAction","target":{"@type":"EntryPoint","urlTemplate":"https:\/\/nitu.mx\/?s={search_term_string}"},"query-input":"required name=search_term_string"}],"inLanguage":"es-MX"},{"@type":["Person","Organization"],"@id":"https:\/\/nitu.mx\/#\/schema\/person\/ae7a53426417292d3dd07b45a33e01bc","name":"Arturo Medina","image":{"@type":"ImageObject","inLanguage":"es-MX","@id":"https:\/\/nitu.mx\/#\/schema\/person\/image\/","url":"https:\/\/nitu.mx\/wp-content\/uploads\/2024\/04\/4A315622-1904-4D5C-B022-878CDC840E04-90x90-1.jpeg","contentUrl":"https:\/\/nitu.mx\/wp-content\/uploads\/2024\/04\/4A315622-1904-4D5C-B022-878CDC840E04-90x90-1.jpeg","width":90,"height":90,"caption":"Arturo Medina"},"logo":{"@id":"https:\/\/nitu.mx\/#\/schema\/person\/image\/"},"description":"Director NITU.mx, Egresado de la Escuela de Periodismo Carlos Septi\u00e9n Garc\u00eda. Periodista y analista especializado en turismo desde hace 35 a\u00f1os, radicado en Canc\u00fan Q.Roo. arturo@nitu.mx","sameAs":["https:\/\/nitu.mx","https:\/\/www.facebook.com\/NITUmx\/","medinacancun","https:\/\/twitter.com\/@Arturo_Medina_G"]},{"@type":"Person","@id":"https:\/\/nitu.mx\/#\/schema\/person\/4a28fe9bd65924f7c90623773daf1b0b","name":"Redacci\u00f3n","image":{"@type":"ImageObject","inLanguage":"es-MX","@id":"https:\/\/nitu.mx\/#\/schema\/person\/image\/","url":"https:\/\/secure.gravatar.com\/avatar\/5dd011c8ccfc5cd7e4c81e42252aab38?s=96&d=mm&r=g","contentUrl":"https:\/\/secure.gravatar.com\/avatar\/5dd011c8ccfc5cd7e4c81e42252aab38?s=96&d=mm&r=g","caption":"Redacci\u00f3n"},"url":"https:\/\/nitu.mx\/index.php\/author\/redaccion\/"}]}},"views":590,"_links":{"self":[{"href":"https:\/\/nitu.mx\/index.php\/wp-json\/wp\/v2\/posts\/84193"}],"collection":[{"href":"https:\/\/nitu.mx\/index.php\/wp-json\/wp\/v2\/posts"}],"about":[{"href":"https:\/\/nitu.mx\/index.php\/wp-json\/wp\/v2\/types\/post"}],"author":[{"embeddable":true,"href":"https:\/\/nitu.mx\/index.php\/wp-json\/wp\/v2\/users\/17"}],"replies":[{"embeddable":true,"href":"https:\/\/nitu.mx\/index.php\/wp-json\/wp\/v2\/comments?post=84193"}],"version-history":[{"count":1,"href":"https:\/\/nitu.mx\/index.php\/wp-json\/wp\/v2\/posts\/84193\/revisions"}],"predecessor-version":[{"id":84196,"href":"https:\/\/nitu.mx\/index.php\/wp-json\/wp\/v2\/posts\/84193\/revisions\/84196"}],"wp:featuredmedia":[{"embeddable":true,"href":"https:\/\/nitu.mx\/index.php\/wp-json\/wp\/v2\/media\/84195"}],"wp:attachment":[{"href":"https:\/\/nitu.mx\/index.php\/wp-json\/wp\/v2\/media?parent=84193"}],"wp:term":[{"taxonomy":"category","embeddable":true,"href":"https:\/\/nitu.mx\/index.php\/wp-json\/wp\/v2\/categories?post=84193"},{"taxonomy":"post_tag","embeddable":true,"href":"https:\/\/nitu.mx\/index.php\/wp-json\/wp\/v2\/tags?post=84193"}],"curies":[{"name":"wp","href":"https:\/\/api.w.org\/{rel}","templated":true}]}}