{"id":84161,"date":"2025-10-26T22:10:53","date_gmt":"2025-10-27T04:10:53","guid":{"rendered":"https:\/\/nitu.mx\/?p=84161"},"modified":"2025-10-26T22:10:53","modified_gmt":"2025-10-27T04:10:53","slug":"celebraciones-del-dia-de-muertos-atraeran-a-mas-de-1-6-millones-de-turistas-a-cuartos-de-hotel","status":"publish","type":"post","link":"https:\/\/nitu.mx\/index.php\/2025\/10\/26\/celebraciones-del-dia-de-muertos-atraeran-a-mas-de-1-6-millones-de-turistas-a-cuartos-de-hotel\/","title":{"rendered":"Celebraciones del D\u00eda de Muertos atraer\u00e1n a m\u00e1s de 1.6 millones de turistas a cuartos de hotel"},"content":{"rendered":"\n<p>La secretaria de Turismo federal, Josefina Rodr\u00edguez Zamora, dio a conocer que, con motivo de la celebraci\u00f3n del D\u00eda de Muertos, del 27 de octubre al 2 de noviembre se estima que la ocupaci\u00f3n hotelera en el pa\u00eds superar\u00e1 1 mill\u00f3n 608 mil turistas, lo que representa un incremento del 2.3 por ciento en comparaci\u00f3n con el a\u00f1o anterior.<\/p>\n\n\n\n<p>\u201cM\u00e9xico es un referente mundial gracias a su profunda riqueza cultural y espiritual. El D\u00eda de Muertos es una celebraci\u00f3n \u00fanica, llena de color y alegr\u00eda donde honramos la vida a trav\u00e9s de nuestras tradiciones. En ninguna otra parte del mundo existe una manifestaci\u00f3n tan viva y conmovedora, que une a las familias, despierta el inter\u00e9s de millones y nos llena de orgullo como naci\u00f3n\u201d, expres\u00f3.<\/p>\n\n\n\n<p>La titular de la Secretar\u00eda de Turismo (Sectur) precis\u00f3 que, del total de visitantes, el 73 por ciento ser\u00e1n nacionales y 27 por ciento extranjeros, reflejo del inter\u00e9s que despiertan las tradiciones mexicanas en todo el mundo.<\/p>\n\n\n\n<p>Al resaltar que estas cifras confirman la fortaleza del turismo cultural en M\u00e9xico, impulsado por celebraciones \u00fanicas como el D\u00eda de Muertos, a\u00f1adi\u00f3 que la ocupaci\u00f3n hotelera promedio durante la semana se prev\u00e9 en 60.8 por ciento, 1.4 puntos porcentuales m\u00e1s que en 2024.<\/p>\n\n\n\n<p>\u201cLa Secretar\u00eda de Turismo reafirma su compromiso de promover y proteger las expresiones culturales que hacen de M\u00e9xico un destino \u00fanico, donde el patrimonio, la hospitalidad y la identidad convergen para ofrecer experiencias que trascienden fronteras\u201d, expres\u00f3.<\/p>\n\n\n\n<p>Rodr\u00edguez Zamora subray\u00f3 que destinos como la Ciudad de M\u00e9xico, Canc\u00fan, Riviera Maya, Guadalajara y Monterrey concentran gran parte del flujo tur\u00edstico, aunque tambi\u00e9n se observa un crecimiento sostenido en destinos como Acapulco, Puerto Vallarta y Mazatl\u00e1n, que mantienen una importante din\u00e1mica regional. (<a href=\"https:\/\/nitu.mx\/index.php\/2025\/09\/11\/fairmont-mayakoba-dia-de-muertos-y-halloween-se-fusionan-en-la-riviera-maya\/\">Fairmont Mayakoba: D\u00eda de Muertos y Halloween se fusionan en la Riviera Maya<\/a>).<\/p>\n","protected":false},"excerpt":{"rendered":"<p>La secretaria de Turismo federal, Josefina Rodr\u00edguez Zamora, dio a conocer que, con motivo de la celebraci\u00f3n del D\u00eda de Muertos, del 27 de octubre al 2 de noviembre se estima que la ocupaci\u00f3n hotelera en el pa\u00eds superar\u00e1 1 mill\u00f3n 608 mil turistas, lo que representa un incremento del 2.3 por ciento en comparaci\u00f3n [&hellip;]<\/p>\n","protected":false},"author":17,"featured_media":84163,"comment_status":"closed","ping_status":"closed","sticky":false,"template":"","format":"standard","meta":{"footnotes":""},"categories":[5],"tags":[27781,25659,6280,93],"yoast_head":"<!-- This site is optimized with the Yoast SEO plugin v22.2 - https:\/\/yoast.com\/wordpress\/plugins\/seo\/ -->\n<title>Celebraciones del D\u00eda de Muertos atraer\u00e1n a m\u00e1s de 1.6 millones de turistas a cuartos de hotel - Nitu - Noticias de la Industria Turistica<\/title>\n<meta name=\"robots\" content=\"index, follow, max-snippet:-1, max-image-preview:large, max-video-preview:-1\" \/>\n<link rel=\"canonical\" href=\"https:\/\/nitu.mx\/index.php\/2025\/10\/26\/celebraciones-del-dia-de-muertos-atraeran-a-mas-de-1-6-millones-de-turistas-a-cuartos-de-hotel\/\" \/>\n<meta name=\"twitter:card\" content=\"summary_large_image\" \/>\n<meta name=\"twitter:title\" content=\"Celebraciones del D\u00eda de Muertos atraer\u00e1n a m\u00e1s de 1.6 millones de turistas a cuartos de hotel - Nitu - Noticias de la Industria Turistica\" \/>\n<meta name=\"twitter:description\" content=\"La secretaria de Turismo federal, Josefina Rodr\u00edguez Zamora, dio a conocer que, con motivo de la celebraci\u00f3n del D\u00eda de Muertos, del 27 de octubre al 2 de noviembre se estima que la ocupaci\u00f3n hotelera en el pa\u00eds superar\u00e1 1 mill\u00f3n 608 mil turistas, lo que representa un incremento del 2.3 por ciento en comparaci\u00f3n [&hellip;]\" \/>\n<meta name=\"twitter:image\" content=\"https:\/\/nitu.mx\/wp-content\/uploads\/2025\/10\/Dia-de-Muertos-Sectur.jpg\" \/>\n<meta name=\"twitter:creator\" content=\"@NITUmx\" \/>\n<meta name=\"twitter:site\" content=\"@Arturo_Medina_G\" \/>\n<meta name=\"twitter:label1\" content=\"Escrito por\" \/>\n\t<meta name=\"twitter:data1\" content=\"Redacci\u00f3n\" \/>\n\t<meta name=\"twitter:label2\" content=\"Tiempo de lectura\" \/>\n\t<meta name=\"twitter:data2\" content=\"2 minutos\" \/>\n<script type=\"application\/ld+json\" class=\"yoast-schema-graph\">{\"@context\":\"https:\/\/schema.org\",\"@graph\":[{\"@type\":\"Article\",\"@id\":\"https:\/\/nitu.mx\/index.php\/2025\/10\/26\/celebraciones-del-dia-de-muertos-atraeran-a-mas-de-1-6-millones-de-turistas-a-cuartos-de-hotel\/#article\",\"isPartOf\":{\"@id\":\"https:\/\/nitu.mx\/index.php\/2025\/10\/26\/celebraciones-del-dia-de-muertos-atraeran-a-mas-de-1-6-millones-de-turistas-a-cuartos-de-hotel\/\"},\"author\":{\"name\":\"Redacci\u00f3n\",\"@id\":\"https:\/\/nitu.mx\/#\/schema\/person\/4a28fe9bd65924f7c90623773daf1b0b\"},\"headline\":\"Celebraciones del D\u00eda de Muertos atraer\u00e1n a m\u00e1s de 1.6 millones de turistas a cuartos de hotel\",\"datePublished\":\"2025-10-27T04:10:53+00:00\",\"dateModified\":\"2025-10-27T04:10:53+00:00\",\"mainEntityOfPage\":{\"@id\":\"https:\/\/nitu.mx\/index.php\/2025\/10\/26\/celebraciones-del-dia-de-muertos-atraeran-a-mas-de-1-6-millones-de-turistas-a-cuartos-de-hotel\/\"},\"wordCount\":342,\"publisher\":{\"@id\":\"https:\/\/nitu.mx\/#\/schema\/person\/ae7a53426417292d3dd07b45a33e01bc\"},\"image\":{\"@id\":\"https:\/\/nitu.mx\/index.php\/2025\/10\/26\/celebraciones-del-dia-de-muertos-atraeran-a-mas-de-1-6-millones-de-turistas-a-cuartos-de-hotel\/#primaryimage\"},\"thumbnailUrl\":\"https:\/\/nitu.mx\/wp-content\/uploads\/2025\/10\/Dia-de-Muertos-Sectur.jpg\",\"keywords\":[\"Dia de Muertos\",\"Josefina Rodr\u00edguez\",\"ocupaci\u00f3n\",\"Sectur\"],\"articleSection\":[\"Destinos\"],\"inLanguage\":\"es-MX\"},{\"@type\":\"WebPage\",\"@id\":\"https:\/\/nitu.mx\/index.php\/2025\/10\/26\/celebraciones-del-dia-de-muertos-atraeran-a-mas-de-1-6-millones-de-turistas-a-cuartos-de-hotel\/\",\"url\":\"https:\/\/nitu.mx\/index.php\/2025\/10\/26\/celebraciones-del-dia-de-muertos-atraeran-a-mas-de-1-6-millones-de-turistas-a-cuartos-de-hotel\/\",\"name\":\"Celebraciones del D\u00eda de Muertos atraer\u00e1n a m\u00e1s de 1.6 millones de turistas a cuartos de hotel - Nitu - Noticias de la Industria Turistica\",\"isPartOf\":{\"@id\":\"https:\/\/nitu.mx\/#website\"},\"primaryImageOfPage\":{\"@id\":\"https:\/\/nitu.mx\/index.php\/2025\/10\/26\/celebraciones-del-dia-de-muertos-atraeran-a-mas-de-1-6-millones-de-turistas-a-cuartos-de-hotel\/#primaryimage\"},\"image\":{\"@id\":\"https:\/\/nitu.mx\/index.php\/2025\/10\/26\/celebraciones-del-dia-de-muertos-atraeran-a-mas-de-1-6-millones-de-turistas-a-cuartos-de-hotel\/#primaryimage\"},\"thumbnailUrl\":\"https:\/\/nitu.mx\/wp-content\/uploads\/2025\/10\/Dia-de-Muertos-Sectur.jpg\",\"datePublished\":\"2025-10-27T04:10:53+00:00\",\"dateModified\":\"2025-10-27T04:10:53+00:00\",\"breadcrumb\":{\"@id\":\"https:\/\/nitu.mx\/index.php\/2025\/10\/26\/celebraciones-del-dia-de-muertos-atraeran-a-mas-de-1-6-millones-de-turistas-a-cuartos-de-hotel\/#breadcrumb\"},\"inLanguage\":\"es-MX\",\"potentialAction\":[{\"@type\":\"ReadAction\",\"target\":[\"https:\/\/nitu.mx\/index.php\/2025\/10\/26\/celebraciones-del-dia-de-muertos-atraeran-a-mas-de-1-6-millones-de-turistas-a-cuartos-de-hotel\/\"]}]},{\"@type\":\"ImageObject\",\"inLanguage\":\"es-MX\",\"@id\":\"https:\/\/nitu.mx\/index.php\/2025\/10\/26\/celebraciones-del-dia-de-muertos-atraeran-a-mas-de-1-6-millones-de-turistas-a-cuartos-de-hotel\/#primaryimage\",\"url\":\"https:\/\/nitu.mx\/wp-content\/uploads\/2025\/10\/Dia-de-Muertos-Sectur.jpg\",\"contentUrl\":\"https:\/\/nitu.mx\/wp-content\/uploads\/2025\/10\/Dia-de-Muertos-Sectur.jpg\",\"width\":1200,\"height\":675,\"caption\":\"D\u00eda de Muertos Sectur\"},{\"@type\":\"BreadcrumbList\",\"@id\":\"https:\/\/nitu.mx\/index.php\/2025\/10\/26\/celebraciones-del-dia-de-muertos-atraeran-a-mas-de-1-6-millones-de-turistas-a-cuartos-de-hotel\/#breadcrumb\",\"itemListElement\":[{\"@type\":\"ListItem\",\"position\":1,\"name\":\"Inicio\",\"item\":\"https:\/\/nitu.mx\/\"},{\"@type\":\"ListItem\",\"position\":2,\"name\":\"Celebraciones del D\u00eda de Muertos atraer\u00e1n a m\u00e1s de 1.6 millones de turistas a cuartos de hotel\"}]},{\"@type\":\"WebSite\",\"@id\":\"https:\/\/nitu.mx\/#website\",\"url\":\"https:\/\/nitu.mx\/\",\"name\":\"Nitu - Noticias de la Industria Turistica\",\"description\":\"Noticias de la Industria Turistica\",\"publisher\":{\"@id\":\"https:\/\/nitu.mx\/#\/schema\/person\/ae7a53426417292d3dd07b45a33e01bc\"},\"alternateName\":\"Noticias de la Industria Turistica\",\"potentialAction\":[{\"@type\":\"SearchAction\",\"target\":{\"@type\":\"EntryPoint\",\"urlTemplate\":\"https:\/\/nitu.mx\/?s={search_term_string}\"},\"query-input\":\"required name=search_term_string\"}],\"inLanguage\":\"es-MX\"},{\"@type\":[\"Person\",\"Organization\"],\"@id\":\"https:\/\/nitu.mx\/#\/schema\/person\/ae7a53426417292d3dd07b45a33e01bc\",\"name\":\"Arturo Medina\",\"image\":{\"@type\":\"ImageObject\",\"inLanguage\":\"es-MX\",\"@id\":\"https:\/\/nitu.mx\/#\/schema\/person\/image\/\",\"url\":\"https:\/\/nitu.mx\/wp-content\/uploads\/2024\/04\/4A315622-1904-4D5C-B022-878CDC840E04-90x90-1.jpeg\",\"contentUrl\":\"https:\/\/nitu.mx\/wp-content\/uploads\/2024\/04\/4A315622-1904-4D5C-B022-878CDC840E04-90x90-1.jpeg\",\"width\":90,\"height\":90,\"caption\":\"Arturo Medina\"},\"logo\":{\"@id\":\"https:\/\/nitu.mx\/#\/schema\/person\/image\/\"},\"description\":\"Director NITU.mx, Egresado de la Escuela de Periodismo Carlos Septi\u00e9n Garc\u00eda. Periodista y analista especializado en turismo desde hace 35 a\u00f1os, radicado en Canc\u00fan Q.Roo. arturo@nitu.mx\",\"sameAs\":[\"https:\/\/nitu.mx\",\"https:\/\/www.facebook.com\/NITUmx\/\",\"medinacancun\",\"https:\/\/twitter.com\/@Arturo_Medina_G\"]},{\"@type\":\"Person\",\"@id\":\"https:\/\/nitu.mx\/#\/schema\/person\/4a28fe9bd65924f7c90623773daf1b0b\",\"name\":\"Redacci\u00f3n\",\"image\":{\"@type\":\"ImageObject\",\"inLanguage\":\"es-MX\",\"@id\":\"https:\/\/nitu.mx\/#\/schema\/person\/image\/\",\"url\":\"https:\/\/secure.gravatar.com\/avatar\/5dd011c8ccfc5cd7e4c81e42252aab38?s=96&d=mm&r=g\",\"contentUrl\":\"https:\/\/secure.gravatar.com\/avatar\/5dd011c8ccfc5cd7e4c81e42252aab38?s=96&d=mm&r=g\",\"caption\":\"Redacci\u00f3n\"},\"url\":\"https:\/\/nitu.mx\/index.php\/author\/redaccion\/\"}]}<\/script>\n<!-- \/ Yoast SEO plugin. -->","yoast_head_json":{"title":"Celebraciones del D\u00eda de Muertos atraer\u00e1n a m\u00e1s de 1.6 millones de turistas a cuartos de hotel - Nitu - Noticias de la Industria Turistica","robots":{"index":"index","follow":"follow","max-snippet":"max-snippet:-1","max-image-preview":"max-image-preview:large","max-video-preview":"max-video-preview:-1"},"canonical":"https:\/\/nitu.mx\/index.php\/2025\/10\/26\/celebraciones-del-dia-de-muertos-atraeran-a-mas-de-1-6-millones-de-turistas-a-cuartos-de-hotel\/","twitter_card":"summary_large_image","twitter_title":"Celebraciones del D\u00eda de Muertos atraer\u00e1n a m\u00e1s de 1.6 millones de turistas a cuartos de hotel - Nitu - Noticias de la Industria Turistica","twitter_description":"La secretaria de Turismo federal, Josefina Rodr\u00edguez Zamora, dio a conocer que, con motivo de la celebraci\u00f3n del D\u00eda de Muertos, del 27 de octubre al 2 de noviembre se estima que la ocupaci\u00f3n hotelera en el pa\u00eds superar\u00e1 1 mill\u00f3n 608 mil turistas, lo que representa un incremento del 2.3 por ciento en comparaci\u00f3n [&hellip;]","twitter_image":"https:\/\/nitu.mx\/wp-content\/uploads\/2025\/10\/Dia-de-Muertos-Sectur.jpg","twitter_creator":"@NITUmx","twitter_site":"@Arturo_Medina_G","twitter_misc":{"Escrito por":"Redacci\u00f3n","Tiempo de lectura":"2 minutos"},"schema":{"@context":"https:\/\/schema.org","@graph":[{"@type":"Article","@id":"https:\/\/nitu.mx\/index.php\/2025\/10\/26\/celebraciones-del-dia-de-muertos-atraeran-a-mas-de-1-6-millones-de-turistas-a-cuartos-de-hotel\/#article","isPartOf":{"@id":"https:\/\/nitu.mx\/index.php\/2025\/10\/26\/celebraciones-del-dia-de-muertos-atraeran-a-mas-de-1-6-millones-de-turistas-a-cuartos-de-hotel\/"},"author":{"name":"Redacci\u00f3n","@id":"https:\/\/nitu.mx\/#\/schema\/person\/4a28fe9bd65924f7c90623773daf1b0b"},"headline":"Celebraciones del D\u00eda de Muertos atraer\u00e1n a m\u00e1s de 1.6 millones de turistas a cuartos de hotel","datePublished":"2025-10-27T04:10:53+00:00","dateModified":"2025-10-27T04:10:53+00:00","mainEntityOfPage":{"@id":"https:\/\/nitu.mx\/index.php\/2025\/10\/26\/celebraciones-del-dia-de-muertos-atraeran-a-mas-de-1-6-millones-de-turistas-a-cuartos-de-hotel\/"},"wordCount":342,"publisher":{"@id":"https:\/\/nitu.mx\/#\/schema\/person\/ae7a53426417292d3dd07b45a33e01bc"},"image":{"@id":"https:\/\/nitu.mx\/index.php\/2025\/10\/26\/celebraciones-del-dia-de-muertos-atraeran-a-mas-de-1-6-millones-de-turistas-a-cuartos-de-hotel\/#primaryimage"},"thumbnailUrl":"https:\/\/nitu.mx\/wp-content\/uploads\/2025\/10\/Dia-de-Muertos-Sectur.jpg","keywords":["Dia de Muertos","Josefina Rodr\u00edguez","ocupaci\u00f3n","Sectur"],"articleSection":["Destinos"],"inLanguage":"es-MX"},{"@type":"WebPage","@id":"https:\/\/nitu.mx\/index.php\/2025\/10\/26\/celebraciones-del-dia-de-muertos-atraeran-a-mas-de-1-6-millones-de-turistas-a-cuartos-de-hotel\/","url":"https:\/\/nitu.mx\/index.php\/2025\/10\/26\/celebraciones-del-dia-de-muertos-atraeran-a-mas-de-1-6-millones-de-turistas-a-cuartos-de-hotel\/","name":"Celebraciones del D\u00eda de Muertos atraer\u00e1n a m\u00e1s de 1.6 millones de turistas a cuartos de hotel - Nitu - Noticias de la Industria Turistica","isPartOf":{"@id":"https:\/\/nitu.mx\/#website"},"primaryImageOfPage":{"@id":"https:\/\/nitu.mx\/index.php\/2025\/10\/26\/celebraciones-del-dia-de-muertos-atraeran-a-mas-de-1-6-millones-de-turistas-a-cuartos-de-hotel\/#primaryimage"},"image":{"@id":"https:\/\/nitu.mx\/index.php\/2025\/10\/26\/celebraciones-del-dia-de-muertos-atraeran-a-mas-de-1-6-millones-de-turistas-a-cuartos-de-hotel\/#primaryimage"},"thumbnailUrl":"https:\/\/nitu.mx\/wp-content\/uploads\/2025\/10\/Dia-de-Muertos-Sectur.jpg","datePublished":"2025-10-27T04:10:53+00:00","dateModified":"2025-10-27T04:10:53+00:00","breadcrumb":{"@id":"https:\/\/nitu.mx\/index.php\/2025\/10\/26\/celebraciones-del-dia-de-muertos-atraeran-a-mas-de-1-6-millones-de-turistas-a-cuartos-de-hotel\/#breadcrumb"},"inLanguage":"es-MX","potentialAction":[{"@type":"ReadAction","target":["https:\/\/nitu.mx\/index.php\/2025\/10\/26\/celebraciones-del-dia-de-muertos-atraeran-a-mas-de-1-6-millones-de-turistas-a-cuartos-de-hotel\/"]}]},{"@type":"ImageObject","inLanguage":"es-MX","@id":"https:\/\/nitu.mx\/index.php\/2025\/10\/26\/celebraciones-del-dia-de-muertos-atraeran-a-mas-de-1-6-millones-de-turistas-a-cuartos-de-hotel\/#primaryimage","url":"https:\/\/nitu.mx\/wp-content\/uploads\/2025\/10\/Dia-de-Muertos-Sectur.jpg","contentUrl":"https:\/\/nitu.mx\/wp-content\/uploads\/2025\/10\/Dia-de-Muertos-Sectur.jpg","width":1200,"height":675,"caption":"D\u00eda de Muertos Sectur"},{"@type":"BreadcrumbList","@id":"https:\/\/nitu.mx\/index.php\/2025\/10\/26\/celebraciones-del-dia-de-muertos-atraeran-a-mas-de-1-6-millones-de-turistas-a-cuartos-de-hotel\/#breadcrumb","itemListElement":[{"@type":"ListItem","position":1,"name":"Inicio","item":"https:\/\/nitu.mx\/"},{"@type":"ListItem","position":2,"name":"Celebraciones del D\u00eda de Muertos atraer\u00e1n a m\u00e1s de 1.6 millones de turistas a cuartos de hotel"}]},{"@type":"WebSite","@id":"https:\/\/nitu.mx\/#website","url":"https:\/\/nitu.mx\/","name":"Nitu - Noticias de la Industria Turistica","description":"Noticias de la Industria Turistica","publisher":{"@id":"https:\/\/nitu.mx\/#\/schema\/person\/ae7a53426417292d3dd07b45a33e01bc"},"alternateName":"Noticias de la Industria Turistica","potentialAction":[{"@type":"SearchAction","target":{"@type":"EntryPoint","urlTemplate":"https:\/\/nitu.mx\/?s={search_term_string}"},"query-input":"required name=search_term_string"}],"inLanguage":"es-MX"},{"@type":["Person","Organization"],"@id":"https:\/\/nitu.mx\/#\/schema\/person\/ae7a53426417292d3dd07b45a33e01bc","name":"Arturo Medina","image":{"@type":"ImageObject","inLanguage":"es-MX","@id":"https:\/\/nitu.mx\/#\/schema\/person\/image\/","url":"https:\/\/nitu.mx\/wp-content\/uploads\/2024\/04\/4A315622-1904-4D5C-B022-878CDC840E04-90x90-1.jpeg","contentUrl":"https:\/\/nitu.mx\/wp-content\/uploads\/2024\/04\/4A315622-1904-4D5C-B022-878CDC840E04-90x90-1.jpeg","width":90,"height":90,"caption":"Arturo Medina"},"logo":{"@id":"https:\/\/nitu.mx\/#\/schema\/person\/image\/"},"description":"Director NITU.mx, Egresado de la Escuela de Periodismo Carlos Septi\u00e9n Garc\u00eda. Periodista y analista especializado en turismo desde hace 35 a\u00f1os, radicado en Canc\u00fan Q.Roo. arturo@nitu.mx","sameAs":["https:\/\/nitu.mx","https:\/\/www.facebook.com\/NITUmx\/","medinacancun","https:\/\/twitter.com\/@Arturo_Medina_G"]},{"@type":"Person","@id":"https:\/\/nitu.mx\/#\/schema\/person\/4a28fe9bd65924f7c90623773daf1b0b","name":"Redacci\u00f3n","image":{"@type":"ImageObject","inLanguage":"es-MX","@id":"https:\/\/nitu.mx\/#\/schema\/person\/image\/","url":"https:\/\/secure.gravatar.com\/avatar\/5dd011c8ccfc5cd7e4c81e42252aab38?s=96&d=mm&r=g","contentUrl":"https:\/\/secure.gravatar.com\/avatar\/5dd011c8ccfc5cd7e4c81e42252aab38?s=96&d=mm&r=g","caption":"Redacci\u00f3n"},"url":"https:\/\/nitu.mx\/index.php\/author\/redaccion\/"}]}},"views":456,"_links":{"self":[{"href":"https:\/\/nitu.mx\/index.php\/wp-json\/wp\/v2\/posts\/84161"}],"collection":[{"href":"https:\/\/nitu.mx\/index.php\/wp-json\/wp\/v2\/posts"}],"about":[{"href":"https:\/\/nitu.mx\/index.php\/wp-json\/wp\/v2\/types\/post"}],"author":[{"embeddable":true,"href":"https:\/\/nitu.mx\/index.php\/wp-json\/wp\/v2\/users\/17"}],"replies":[{"embeddable":true,"href":"https:\/\/nitu.mx\/index.php\/wp-json\/wp\/v2\/comments?post=84161"}],"version-history":[{"count":1,"href":"https:\/\/nitu.mx\/index.php\/wp-json\/wp\/v2\/posts\/84161\/revisions"}],"predecessor-version":[{"id":84164,"href":"https:\/\/nitu.mx\/index.php\/wp-json\/wp\/v2\/posts\/84161\/revisions\/84164"}],"wp:featuredmedia":[{"embeddable":true,"href":"https:\/\/nitu.mx\/index.php\/wp-json\/wp\/v2\/media\/84163"}],"wp:attachment":[{"href":"https:\/\/nitu.mx\/index.php\/wp-json\/wp\/v2\/media?parent=84161"}],"wp:term":[{"taxonomy":"category","embeddable":true,"href":"https:\/\/nitu.mx\/index.php\/wp-json\/wp\/v2\/categories?post=84161"},{"taxonomy":"post_tag","embeddable":true,"href":"https:\/\/nitu.mx\/index.php\/wp-json\/wp\/v2\/tags?post=84161"}],"curies":[{"name":"wp","href":"https:\/\/api.w.org\/{rel}","templated":true}]}}