{"id":84154,"date":"2025-10-23T21:01:56","date_gmt":"2025-10-24T03:01:56","guid":{"rendered":"https:\/\/nitu.mx\/?p=84154"},"modified":"2025-10-23T21:01:57","modified_gmt":"2025-10-24T03:01:57","slug":"sectur-coordina-la-construccion-de-una-postura-turistica-dentro-del-t-mec","status":"publish","type":"post","link":"https:\/\/nitu.mx\/index.php\/2025\/10\/23\/sectur-coordina-la-construccion-de-una-postura-turistica-dentro-del-t-mec\/","title":{"rendered":"Sectur coordina la construcci\u00f3n de una postura tur\u00edstica dentro del T-MEC"},"content":{"rendered":"\n<p>En representaci\u00f3n de la secretaria de Turismo federal, Josefina Rodr\u00edguez Zamora, el director general de Planeaci\u00f3n, Rodrigo Cerda Cornejo, particip\u00f3 en el Foro Sectorial en Turismo del Tratado entre M\u00e9xico, Estados Unidos y Canad\u00e1 (T-MEC), celebrado en la Secretar\u00eda de Econom\u00eda.<\/p>\n\n\n\n<p>Cerda Cornejo precis\u00f3 que, con el prop\u00f3sito de fortalecer la postura nacional del sector tur\u00edstico de cara a la pr\u00f3xima revisi\u00f3n del acuerdo trilateral, el encuentro reuni\u00f3 a representantes de aerol\u00edneas, c\u00e1maras empresariales, asociaciones hoteleras y organismos p\u00fablicos y privados, quienes compartieron sus principales propuestas, retos y oportunidades para el turismo mexicano en el marco del tratado.<\/p>\n\n\n\n<p>Asimismo, resalt\u00f3 la importancia de escuchar de manera directa, bajo una metodolog\u00eda de consulta, las inquietudes y aspiraciones del sector, con el fin de integrarlas en la postura oficial que M\u00e9xico presentar\u00e1 ante sus socios comerciales.<\/p>\n\n\n\n<p>\u201cDesde la Secretar\u00eda de Turismo reafirmamos nuestro compromiso con un modelo de turismo m\u00e1s competitivo, sostenible e incluyente, en plena sinton\u00eda con los objetivos del T-MEC. Este esfuerzo se suma a las acciones que impulsa el Gobierno de M\u00e9xico para hacer del turismo un verdadero generador de Prosperidad Compartida, tal como lo ha instruido la presidenta Claudia Sheinbaum Pardo\u201d, declar\u00f3.<\/p>\n\n\n\n<p>Asegur\u00f3 que, con su participaci\u00f3n en este foro, la Secretar\u00eda de Turismo (Sectur) reafirma su papel como l\u00edder en la articulaci\u00f3n de pol\u00edticas p\u00fablicas que fortalezcan la competitividad del turismo mexicano y consoliden su papel estrat\u00e9gico dentro de Am\u00e9rica del Norte.<\/p>\n\n\n\n<p>Entre los temas m\u00e1s relevantes del foro se abordaron la homologaci\u00f3n de est\u00e1ndares tur\u00edsticos entre los tres pa\u00edses, la promoci\u00f3n de la cooperaci\u00f3n trilateral en materia de inversi\u00f3n, movilidad y promoci\u00f3n tur\u00edstica, as\u00ed como el reconocimiento de segmentos especializados como el turismo de salud, de bienestar y de reuniones.<\/p>\n\n\n\n<p>La informaci\u00f3n recabada durante este espacio de di\u00e1logo ser\u00e1 integrada por la Secretar\u00eda de Econom\u00eda, con el acompa\u00f1amiento t\u00e9cnico de la Sectur, para definir la postura que representar\u00e1 a M\u00e9xico en el proceso de revisi\u00f3n del acuerdo.<\/p>\n\n\n\n<p>Por su parte, la directora general de Industrias Ligeras, Gertrudis Mercado Cruz, y el titular de la Unidad de Fomento y Crecimiento Econ\u00f3mico, Sergio Silva Casta\u00f1eda, de la Secretar\u00eda de Econom\u00eda, subrayaron la relevancia del turismo como uno de los principales motores del empleo y del desarrollo econ\u00f3mico del pa\u00eds.<\/p>\n\n\n\n<p>En el encuentro participaron representantes del Fondo Nacional de Fomento al Turismo (FONATUR); la Secretar\u00eda de Educaci\u00f3n P\u00fablica (SEP); la Confederaci\u00f3n de C\u00e1maras Nacionales de Comercio, Servicios y Turismo (CONCANACO SERVYTUR); la C\u00e1mara Nacional de Comercio e Industria en Peque\u00f1o de la Ciudad de M\u00e9xico (CANACOPE CDMX); el Consejo Nacional Empresarial Tur\u00edstico (CNET); la Confederaci\u00f3n Patronal de la Rep\u00fablica Mexicana (COPARMEX); la C\u00e1mara Nacional de la Industria de Restaurantes y Alimentos Condimentados (CANIRAC); la C\u00e1mara Mexicana de la Industria de la Construcci\u00f3n (CMIC).<\/p>\n\n\n\n<p>Tambi\u00e9n cont\u00f3 con la asistencia de la C\u00e1mara Nacional del Autotransporte de Pasaje y Turismo (CANAPAT); la Asociaci\u00f3n Nacional de Cadenas Hoteleras (ANCH); la Asociaci\u00f3n Mexicana de Desarrolladores Tur\u00edsticos (AMDETUR); la Federaci\u00f3n de Empresarios Tur\u00edsticos (FETUR); Grupo Mundo Maya; el Aeropuerto Internacional de la Ciudad de M\u00e9xico (AICM); Mexicana; Aerom\u00e9xico; Volaris; Hoteles BF; Airbnb; Impoexporta y Pavo Down. (<a href=\"https:\/\/nitu.mx\/index.php\/2025\/10\/20\/sectur-y-asetur-unen-esfuerzos-para-cumplir-el-programa-sectorial-de-turismo-2025-2030\/\">Sectur y Asetur unen esfuerzos para cumplir el Programa Sectorial de Turismo 2025-2030<\/a>).<\/p>\n","protected":false},"excerpt":{"rendered":"<p>En representaci\u00f3n de la secretaria de Turismo federal, Josefina Rodr\u00edguez Zamora, el director general de Planeaci\u00f3n, Rodrigo Cerda Cornejo, particip\u00f3 en el Foro Sectorial en Turismo del Tratado entre M\u00e9xico, Estados Unidos y Canad\u00e1 (T-MEC), celebrado en la Secretar\u00eda de Econom\u00eda. Cerda Cornejo precis\u00f3 que, con el prop\u00f3sito de fortalecer la postura nacional del sector [&hellip;]<\/p>\n","protected":false},"author":17,"featured_media":84156,"comment_status":"closed","ping_status":"closed","sticky":false,"template":"","format":"standard","meta":{"footnotes":""},"categories":[12],"tags":[25659,7357,93,13588],"yoast_head":"<!-- This site is optimized with the Yoast SEO plugin v22.2 - https:\/\/yoast.com\/wordpress\/plugins\/seo\/ -->\n<title>Sectur coordina la construcci\u00f3n de una postura tur\u00edstica dentro del T-MEC - Nitu - Noticias de la Industria Turistica<\/title>\n<meta name=\"robots\" content=\"index, follow, max-snippet:-1, max-image-preview:large, max-video-preview:-1\" \/>\n<link rel=\"canonical\" href=\"https:\/\/nitu.mx\/index.php\/2025\/10\/23\/sectur-coordina-la-construccion-de-una-postura-turistica-dentro-del-t-mec\/\" \/>\n<meta name=\"twitter:card\" content=\"summary_large_image\" \/>\n<meta name=\"twitter:title\" content=\"Sectur coordina la construcci\u00f3n de una postura tur\u00edstica dentro del T-MEC - Nitu - Noticias de la Industria Turistica\" \/>\n<meta name=\"twitter:description\" content=\"En representaci\u00f3n de la secretaria de Turismo federal, Josefina Rodr\u00edguez Zamora, el director general de Planeaci\u00f3n, Rodrigo Cerda Cornejo, particip\u00f3 en el Foro Sectorial en Turismo del Tratado entre M\u00e9xico, Estados Unidos y Canad\u00e1 (T-MEC), celebrado en la Secretar\u00eda de Econom\u00eda. Cerda Cornejo precis\u00f3 que, con el prop\u00f3sito de fortalecer la postura nacional del sector [&hellip;]\" \/>\n<meta name=\"twitter:image\" content=\"https:\/\/nitu.mx\/wp-content\/uploads\/2025\/10\/Sectur-TMEC.jpg\" \/>\n<meta name=\"twitter:creator\" content=\"@NITUmx\" \/>\n<meta name=\"twitter:site\" content=\"@Arturo_Medina_G\" \/>\n<meta name=\"twitter:label1\" content=\"Escrito por\" \/>\n\t<meta name=\"twitter:data1\" content=\"Redacci\u00f3n\" \/>\n\t<meta name=\"twitter:label2\" content=\"Tiempo de lectura\" \/>\n\t<meta name=\"twitter:data2\" content=\"3 minutos\" \/>\n<script type=\"application\/ld+json\" class=\"yoast-schema-graph\">{\"@context\":\"https:\/\/schema.org\",\"@graph\":[{\"@type\":\"Article\",\"@id\":\"https:\/\/nitu.mx\/index.php\/2025\/10\/23\/sectur-coordina-la-construccion-de-una-postura-turistica-dentro-del-t-mec\/#article\",\"isPartOf\":{\"@id\":\"https:\/\/nitu.mx\/index.php\/2025\/10\/23\/sectur-coordina-la-construccion-de-una-postura-turistica-dentro-del-t-mec\/\"},\"author\":{\"name\":\"Redacci\u00f3n\",\"@id\":\"https:\/\/nitu.mx\/#\/schema\/person\/4a28fe9bd65924f7c90623773daf1b0b\"},\"headline\":\"Sectur coordina la construcci\u00f3n de una postura tur\u00edstica dentro del T-MEC\",\"datePublished\":\"2025-10-24T03:01:56+00:00\",\"dateModified\":\"2025-10-24T03:01:57+00:00\",\"mainEntityOfPage\":{\"@id\":\"https:\/\/nitu.mx\/index.php\/2025\/10\/23\/sectur-coordina-la-construccion-de-una-postura-turistica-dentro-del-t-mec\/\"},\"wordCount\":612,\"publisher\":{\"@id\":\"https:\/\/nitu.mx\/#\/schema\/person\/ae7a53426417292d3dd07b45a33e01bc\"},\"image\":{\"@id\":\"https:\/\/nitu.mx\/index.php\/2025\/10\/23\/sectur-coordina-la-construccion-de-una-postura-turistica-dentro-del-t-mec\/#primaryimage\"},\"thumbnailUrl\":\"https:\/\/nitu.mx\/wp-content\/uploads\/2025\/10\/Sectur-TMEC.jpg\",\"keywords\":[\"Josefina Rodr\u00edguez\",\"Secretar\u00eda de Econom\u00eda\",\"Sectur\",\"T-MEC\"],\"articleSection\":[\"Marketing\"],\"inLanguage\":\"es-MX\"},{\"@type\":\"WebPage\",\"@id\":\"https:\/\/nitu.mx\/index.php\/2025\/10\/23\/sectur-coordina-la-construccion-de-una-postura-turistica-dentro-del-t-mec\/\",\"url\":\"https:\/\/nitu.mx\/index.php\/2025\/10\/23\/sectur-coordina-la-construccion-de-una-postura-turistica-dentro-del-t-mec\/\",\"name\":\"Sectur coordina la construcci\u00f3n de una postura tur\u00edstica dentro del T-MEC - Nitu - Noticias de la Industria Turistica\",\"isPartOf\":{\"@id\":\"https:\/\/nitu.mx\/#website\"},\"primaryImageOfPage\":{\"@id\":\"https:\/\/nitu.mx\/index.php\/2025\/10\/23\/sectur-coordina-la-construccion-de-una-postura-turistica-dentro-del-t-mec\/#primaryimage\"},\"image\":{\"@id\":\"https:\/\/nitu.mx\/index.php\/2025\/10\/23\/sectur-coordina-la-construccion-de-una-postura-turistica-dentro-del-t-mec\/#primaryimage\"},\"thumbnailUrl\":\"https:\/\/nitu.mx\/wp-content\/uploads\/2025\/10\/Sectur-TMEC.jpg\",\"datePublished\":\"2025-10-24T03:01:56+00:00\",\"dateModified\":\"2025-10-24T03:01:57+00:00\",\"breadcrumb\":{\"@id\":\"https:\/\/nitu.mx\/index.php\/2025\/10\/23\/sectur-coordina-la-construccion-de-una-postura-turistica-dentro-del-t-mec\/#breadcrumb\"},\"inLanguage\":\"es-MX\",\"potentialAction\":[{\"@type\":\"ReadAction\",\"target\":[\"https:\/\/nitu.mx\/index.php\/2025\/10\/23\/sectur-coordina-la-construccion-de-una-postura-turistica-dentro-del-t-mec\/\"]}]},{\"@type\":\"ImageObject\",\"inLanguage\":\"es-MX\",\"@id\":\"https:\/\/nitu.mx\/index.php\/2025\/10\/23\/sectur-coordina-la-construccion-de-una-postura-turistica-dentro-del-t-mec\/#primaryimage\",\"url\":\"https:\/\/nitu.mx\/wp-content\/uploads\/2025\/10\/Sectur-TMEC.jpg\",\"contentUrl\":\"https:\/\/nitu.mx\/wp-content\/uploads\/2025\/10\/Sectur-TMEC.jpg\",\"width\":1099,\"height\":675,\"caption\":\"Sectur TMEC\"},{\"@type\":\"BreadcrumbList\",\"@id\":\"https:\/\/nitu.mx\/index.php\/2025\/10\/23\/sectur-coordina-la-construccion-de-una-postura-turistica-dentro-del-t-mec\/#breadcrumb\",\"itemListElement\":[{\"@type\":\"ListItem\",\"position\":1,\"name\":\"Inicio\",\"item\":\"https:\/\/nitu.mx\/\"},{\"@type\":\"ListItem\",\"position\":2,\"name\":\"Sectur coordina la construcci\u00f3n de una postura tur\u00edstica dentro del T-MEC\"}]},{\"@type\":\"WebSite\",\"@id\":\"https:\/\/nitu.mx\/#website\",\"url\":\"https:\/\/nitu.mx\/\",\"name\":\"Nitu - Noticias de la Industria Turistica\",\"description\":\"Noticias de la Industria Turistica\",\"publisher\":{\"@id\":\"https:\/\/nitu.mx\/#\/schema\/person\/ae7a53426417292d3dd07b45a33e01bc\"},\"alternateName\":\"Noticias de la Industria Turistica\",\"potentialAction\":[{\"@type\":\"SearchAction\",\"target\":{\"@type\":\"EntryPoint\",\"urlTemplate\":\"https:\/\/nitu.mx\/?s={search_term_string}\"},\"query-input\":\"required name=search_term_string\"}],\"inLanguage\":\"es-MX\"},{\"@type\":[\"Person\",\"Organization\"],\"@id\":\"https:\/\/nitu.mx\/#\/schema\/person\/ae7a53426417292d3dd07b45a33e01bc\",\"name\":\"Arturo Medina\",\"image\":{\"@type\":\"ImageObject\",\"inLanguage\":\"es-MX\",\"@id\":\"https:\/\/nitu.mx\/#\/schema\/person\/image\/\",\"url\":\"https:\/\/nitu.mx\/wp-content\/uploads\/2024\/04\/4A315622-1904-4D5C-B022-878CDC840E04-90x90-1.jpeg\",\"contentUrl\":\"https:\/\/nitu.mx\/wp-content\/uploads\/2024\/04\/4A315622-1904-4D5C-B022-878CDC840E04-90x90-1.jpeg\",\"width\":90,\"height\":90,\"caption\":\"Arturo Medina\"},\"logo\":{\"@id\":\"https:\/\/nitu.mx\/#\/schema\/person\/image\/\"},\"description\":\"Director NITU.mx, Egresado de la Escuela de Periodismo Carlos Septi\u00e9n Garc\u00eda. Periodista y analista especializado en turismo desde hace 35 a\u00f1os, radicado en Canc\u00fan Q.Roo. arturo@nitu.mx\",\"sameAs\":[\"https:\/\/nitu.mx\",\"https:\/\/www.facebook.com\/NITUmx\/\",\"medinacancun\",\"https:\/\/twitter.com\/@Arturo_Medina_G\"]},{\"@type\":\"Person\",\"@id\":\"https:\/\/nitu.mx\/#\/schema\/person\/4a28fe9bd65924f7c90623773daf1b0b\",\"name\":\"Redacci\u00f3n\",\"image\":{\"@type\":\"ImageObject\",\"inLanguage\":\"es-MX\",\"@id\":\"https:\/\/nitu.mx\/#\/schema\/person\/image\/\",\"url\":\"https:\/\/secure.gravatar.com\/avatar\/5dd011c8ccfc5cd7e4c81e42252aab38?s=96&d=mm&r=g\",\"contentUrl\":\"https:\/\/secure.gravatar.com\/avatar\/5dd011c8ccfc5cd7e4c81e42252aab38?s=96&d=mm&r=g\",\"caption\":\"Redacci\u00f3n\"},\"url\":\"https:\/\/nitu.mx\/index.php\/author\/redaccion\/\"}]}<\/script>\n<!-- \/ Yoast SEO plugin. -->","yoast_head_json":{"title":"Sectur coordina la construcci\u00f3n de una postura tur\u00edstica dentro del T-MEC - Nitu - Noticias de la Industria Turistica","robots":{"index":"index","follow":"follow","max-snippet":"max-snippet:-1","max-image-preview":"max-image-preview:large","max-video-preview":"max-video-preview:-1"},"canonical":"https:\/\/nitu.mx\/index.php\/2025\/10\/23\/sectur-coordina-la-construccion-de-una-postura-turistica-dentro-del-t-mec\/","twitter_card":"summary_large_image","twitter_title":"Sectur coordina la construcci\u00f3n de una postura tur\u00edstica dentro del T-MEC - Nitu - Noticias de la Industria Turistica","twitter_description":"En representaci\u00f3n de la secretaria de Turismo federal, Josefina Rodr\u00edguez Zamora, el director general de Planeaci\u00f3n, Rodrigo Cerda Cornejo, particip\u00f3 en el Foro Sectorial en Turismo del Tratado entre M\u00e9xico, Estados Unidos y Canad\u00e1 (T-MEC), celebrado en la Secretar\u00eda de Econom\u00eda. Cerda Cornejo precis\u00f3 que, con el prop\u00f3sito de fortalecer la postura nacional del sector [&hellip;]","twitter_image":"https:\/\/nitu.mx\/wp-content\/uploads\/2025\/10\/Sectur-TMEC.jpg","twitter_creator":"@NITUmx","twitter_site":"@Arturo_Medina_G","twitter_misc":{"Escrito por":"Redacci\u00f3n","Tiempo de lectura":"3 minutos"},"schema":{"@context":"https:\/\/schema.org","@graph":[{"@type":"Article","@id":"https:\/\/nitu.mx\/index.php\/2025\/10\/23\/sectur-coordina-la-construccion-de-una-postura-turistica-dentro-del-t-mec\/#article","isPartOf":{"@id":"https:\/\/nitu.mx\/index.php\/2025\/10\/23\/sectur-coordina-la-construccion-de-una-postura-turistica-dentro-del-t-mec\/"},"author":{"name":"Redacci\u00f3n","@id":"https:\/\/nitu.mx\/#\/schema\/person\/4a28fe9bd65924f7c90623773daf1b0b"},"headline":"Sectur coordina la construcci\u00f3n de una postura tur\u00edstica dentro del T-MEC","datePublished":"2025-10-24T03:01:56+00:00","dateModified":"2025-10-24T03:01:57+00:00","mainEntityOfPage":{"@id":"https:\/\/nitu.mx\/index.php\/2025\/10\/23\/sectur-coordina-la-construccion-de-una-postura-turistica-dentro-del-t-mec\/"},"wordCount":612,"publisher":{"@id":"https:\/\/nitu.mx\/#\/schema\/person\/ae7a53426417292d3dd07b45a33e01bc"},"image":{"@id":"https:\/\/nitu.mx\/index.php\/2025\/10\/23\/sectur-coordina-la-construccion-de-una-postura-turistica-dentro-del-t-mec\/#primaryimage"},"thumbnailUrl":"https:\/\/nitu.mx\/wp-content\/uploads\/2025\/10\/Sectur-TMEC.jpg","keywords":["Josefina Rodr\u00edguez","Secretar\u00eda de Econom\u00eda","Sectur","T-MEC"],"articleSection":["Marketing"],"inLanguage":"es-MX"},{"@type":"WebPage","@id":"https:\/\/nitu.mx\/index.php\/2025\/10\/23\/sectur-coordina-la-construccion-de-una-postura-turistica-dentro-del-t-mec\/","url":"https:\/\/nitu.mx\/index.php\/2025\/10\/23\/sectur-coordina-la-construccion-de-una-postura-turistica-dentro-del-t-mec\/","name":"Sectur coordina la construcci\u00f3n de una postura tur\u00edstica dentro del T-MEC - Nitu - Noticias de la Industria Turistica","isPartOf":{"@id":"https:\/\/nitu.mx\/#website"},"primaryImageOfPage":{"@id":"https:\/\/nitu.mx\/index.php\/2025\/10\/23\/sectur-coordina-la-construccion-de-una-postura-turistica-dentro-del-t-mec\/#primaryimage"},"image":{"@id":"https:\/\/nitu.mx\/index.php\/2025\/10\/23\/sectur-coordina-la-construccion-de-una-postura-turistica-dentro-del-t-mec\/#primaryimage"},"thumbnailUrl":"https:\/\/nitu.mx\/wp-content\/uploads\/2025\/10\/Sectur-TMEC.jpg","datePublished":"2025-10-24T03:01:56+00:00","dateModified":"2025-10-24T03:01:57+00:00","breadcrumb":{"@id":"https:\/\/nitu.mx\/index.php\/2025\/10\/23\/sectur-coordina-la-construccion-de-una-postura-turistica-dentro-del-t-mec\/#breadcrumb"},"inLanguage":"es-MX","potentialAction":[{"@type":"ReadAction","target":["https:\/\/nitu.mx\/index.php\/2025\/10\/23\/sectur-coordina-la-construccion-de-una-postura-turistica-dentro-del-t-mec\/"]}]},{"@type":"ImageObject","inLanguage":"es-MX","@id":"https:\/\/nitu.mx\/index.php\/2025\/10\/23\/sectur-coordina-la-construccion-de-una-postura-turistica-dentro-del-t-mec\/#primaryimage","url":"https:\/\/nitu.mx\/wp-content\/uploads\/2025\/10\/Sectur-TMEC.jpg","contentUrl":"https:\/\/nitu.mx\/wp-content\/uploads\/2025\/10\/Sectur-TMEC.jpg","width":1099,"height":675,"caption":"Sectur TMEC"},{"@type":"BreadcrumbList","@id":"https:\/\/nitu.mx\/index.php\/2025\/10\/23\/sectur-coordina-la-construccion-de-una-postura-turistica-dentro-del-t-mec\/#breadcrumb","itemListElement":[{"@type":"ListItem","position":1,"name":"Inicio","item":"https:\/\/nitu.mx\/"},{"@type":"ListItem","position":2,"name":"Sectur coordina la construcci\u00f3n de una postura tur\u00edstica dentro del T-MEC"}]},{"@type":"WebSite","@id":"https:\/\/nitu.mx\/#website","url":"https:\/\/nitu.mx\/","name":"Nitu - Noticias de la Industria Turistica","description":"Noticias de la Industria Turistica","publisher":{"@id":"https:\/\/nitu.mx\/#\/schema\/person\/ae7a53426417292d3dd07b45a33e01bc"},"alternateName":"Noticias de la Industria Turistica","potentialAction":[{"@type":"SearchAction","target":{"@type":"EntryPoint","urlTemplate":"https:\/\/nitu.mx\/?s={search_term_string}"},"query-input":"required name=search_term_string"}],"inLanguage":"es-MX"},{"@type":["Person","Organization"],"@id":"https:\/\/nitu.mx\/#\/schema\/person\/ae7a53426417292d3dd07b45a33e01bc","name":"Arturo Medina","image":{"@type":"ImageObject","inLanguage":"es-MX","@id":"https:\/\/nitu.mx\/#\/schema\/person\/image\/","url":"https:\/\/nitu.mx\/wp-content\/uploads\/2024\/04\/4A315622-1904-4D5C-B022-878CDC840E04-90x90-1.jpeg","contentUrl":"https:\/\/nitu.mx\/wp-content\/uploads\/2024\/04\/4A315622-1904-4D5C-B022-878CDC840E04-90x90-1.jpeg","width":90,"height":90,"caption":"Arturo Medina"},"logo":{"@id":"https:\/\/nitu.mx\/#\/schema\/person\/image\/"},"description":"Director NITU.mx, Egresado de la Escuela de Periodismo Carlos Septi\u00e9n Garc\u00eda. Periodista y analista especializado en turismo desde hace 35 a\u00f1os, radicado en Canc\u00fan Q.Roo. arturo@nitu.mx","sameAs":["https:\/\/nitu.mx","https:\/\/www.facebook.com\/NITUmx\/","medinacancun","https:\/\/twitter.com\/@Arturo_Medina_G"]},{"@type":"Person","@id":"https:\/\/nitu.mx\/#\/schema\/person\/4a28fe9bd65924f7c90623773daf1b0b","name":"Redacci\u00f3n","image":{"@type":"ImageObject","inLanguage":"es-MX","@id":"https:\/\/nitu.mx\/#\/schema\/person\/image\/","url":"https:\/\/secure.gravatar.com\/avatar\/5dd011c8ccfc5cd7e4c81e42252aab38?s=96&d=mm&r=g","contentUrl":"https:\/\/secure.gravatar.com\/avatar\/5dd011c8ccfc5cd7e4c81e42252aab38?s=96&d=mm&r=g","caption":"Redacci\u00f3n"},"url":"https:\/\/nitu.mx\/index.php\/author\/redaccion\/"}]}},"views":594,"_links":{"self":[{"href":"https:\/\/nitu.mx\/index.php\/wp-json\/wp\/v2\/posts\/84154"}],"collection":[{"href":"https:\/\/nitu.mx\/index.php\/wp-json\/wp\/v2\/posts"}],"about":[{"href":"https:\/\/nitu.mx\/index.php\/wp-json\/wp\/v2\/types\/post"}],"author":[{"embeddable":true,"href":"https:\/\/nitu.mx\/index.php\/wp-json\/wp\/v2\/users\/17"}],"replies":[{"embeddable":true,"href":"https:\/\/nitu.mx\/index.php\/wp-json\/wp\/v2\/comments?post=84154"}],"version-history":[{"count":1,"href":"https:\/\/nitu.mx\/index.php\/wp-json\/wp\/v2\/posts\/84154\/revisions"}],"predecessor-version":[{"id":84157,"href":"https:\/\/nitu.mx\/index.php\/wp-json\/wp\/v2\/posts\/84154\/revisions\/84157"}],"wp:featuredmedia":[{"embeddable":true,"href":"https:\/\/nitu.mx\/index.php\/wp-json\/wp\/v2\/media\/84156"}],"wp:attachment":[{"href":"https:\/\/nitu.mx\/index.php\/wp-json\/wp\/v2\/media?parent=84154"}],"wp:term":[{"taxonomy":"category","embeddable":true,"href":"https:\/\/nitu.mx\/index.php\/wp-json\/wp\/v2\/categories?post=84154"},{"taxonomy":"post_tag","embeddable":true,"href":"https:\/\/nitu.mx\/index.php\/wp-json\/wp\/v2\/tags?post=84154"}],"curies":[{"name":"wp","href":"https:\/\/api.w.org\/{rel}","templated":true}]}}