{"id":84149,"date":"2025-10-23T20:52:35","date_gmt":"2025-10-24T02:52:35","guid":{"rendered":"https:\/\/nitu.mx\/?p=84149"},"modified":"2025-10-23T20:52:36","modified_gmt":"2025-10-24T02:52:36","slug":"pricetravel-holding-reconoce-la-excelencia-turistica-con-los-evm-awards-mexico-2025","status":"publish","type":"post","link":"https:\/\/nitu.mx\/index.php\/2025\/10\/23\/pricetravel-holding-reconoce-la-excelencia-turistica-con-los-evm-awards-mexico-2025\/","title":{"rendered":"PriceTravel Holding reconoce la excelencia tur\u00edstica con los EVM Awards M\u00e9xico 2025"},"content":{"rendered":"\n<p>PriceTravel Holding reuni\u00f3 a los l\u00edderes del sector tur\u00edstico en una edici\u00f3n m\u00e1s de los EVM Awards M\u00e9xico 2025, el evento anual que reconoce la innovaci\u00f3n, excelencia y compromiso con la experiencia del viajero.<\/p>\n\n\n\n<p>La ceremonia tuvo lugar en Canc\u00fan, en el marco del Canc\u00fan Travel Mart, y premi\u00f3 a los principales hoteles, cadenas hoteleras, operadores tur\u00edsticos y destinos que se destacaron en categor\u00edas como Mejor Complejo Todo Incluido, Hoteles para Familias, Hoteles Solo Adultos, Hoteles de Playa, Hoteles de Ciudad, entre otras; as\u00ed como a las Top Cadenas Hoteleras y Mejores Campa\u00f1as de Marketing de destino.<br><br>\u201cEste a\u00f1o consolidamos resultados sobresalientes gracias a una estrategia de distribuci\u00f3n s\u00f3lida y la constante inversi\u00f3n en soluciones tecnol\u00f3gicas e inteligencia artificial, que permiten fortalecer la competitividad de todas nuestras unidades de negocio y mejorar la experiencia de nuestros clientes\u201d, destac\u00f3 Jorge Restrepo, CEO de PriceTravel Holding.<br><br>\u201cLos EVM Awards son una oportunidad para reconocer a nuestros socios comerciales por su compromiso con la innovaci\u00f3n y la excelencia. Juntos hemos logrado expandir nuestra oferta y seguir transformando la forma de viajar, con tecnolog\u00eda, personalizaci\u00f3n y contenido de alto valor\u201d, se\u00f1al\u00f3 Rafael Durand, COO de PriceTravel Holding.<br><br>En esta edici\u00f3n, PriceTravel Holding reafirma su liderazgo y crecimiento sostenido en Latinoam\u00e9rica y Estados Unidos, respaldado por una estrategia de expansi\u00f3n robusta y distribuci\u00f3n multicanal que fortalece sus alianzas estrat\u00e9gicas y mejora la experiencia de los viajeros, consolid\u00e1ndose como un referente tecnol\u00f3gico en la industria tur\u00edstica.<br><br>Los EVM Awards M\u00e9xico 2025 no solo celebran la labor de los actores tur\u00edsticos, sino que tambi\u00e9n subrayan el compromiso de PriceTravel Holding con la innovaci\u00f3n, la colaboraci\u00f3n estrat\u00e9gica y el desarrollo sostenible de la industria tur\u00edstica. Con este evento, la compa\u00f1\u00eda reafirma su visi\u00f3n: impulsar el turismo con tecnolog\u00eda, talento y alianzas que transforman la experiencia de viajar. (<a href=\"https:\/\/nitu.mx\/index.php\/2025\/10\/07\/pricetravel-asciende-a-juan-socas-a-chief-commercial-officer\/\">PriceTravel asciende a Juan Socas a Chief Commercial Officer<\/a>).<\/p>\n","protected":false},"excerpt":{"rendered":"<p>PriceTravel Holding reuni\u00f3 a los l\u00edderes del sector tur\u00edstico en una edici\u00f3n m\u00e1s de los EVM Awards M\u00e9xico 2025, el evento anual que reconoce la innovaci\u00f3n, excelencia y compromiso con la experiencia del viajero. La ceremonia tuvo lugar en Canc\u00fan, en el marco del Canc\u00fan Travel Mart, y premi\u00f3 a los principales hoteles, cadenas hoteleras, [&hellip;]<\/p>\n","protected":false},"author":17,"featured_media":84153,"comment_status":"closed","ping_status":"closed","sticky":false,"template":"","format":"standard","meta":{"footnotes":""},"categories":[3],"tags":[22853,10682,2840],"yoast_head":"<!-- This site is optimized with the Yoast SEO plugin v22.2 - https:\/\/yoast.com\/wordpress\/plugins\/seo\/ -->\n<title>PriceTravel Holding reconoce la excelencia tur\u00edstica con los EVM Awards M\u00e9xico 2025 - Nitu - Noticias de la Industria Turistica<\/title>\n<meta name=\"robots\" content=\"index, follow, max-snippet:-1, max-image-preview:large, max-video-preview:-1\" \/>\n<link rel=\"canonical\" href=\"https:\/\/nitu.mx\/index.php\/2025\/10\/23\/pricetravel-holding-reconoce-la-excelencia-turistica-con-los-evm-awards-mexico-2025\/\" \/>\n<meta name=\"twitter:card\" content=\"summary_large_image\" \/>\n<meta name=\"twitter:title\" content=\"PriceTravel Holding reconoce la excelencia tur\u00edstica con los EVM Awards M\u00e9xico 2025 - Nitu - Noticias de la Industria Turistica\" \/>\n<meta name=\"twitter:description\" content=\"PriceTravel Holding reuni\u00f3 a los l\u00edderes del sector tur\u00edstico en una edici\u00f3n m\u00e1s de los EVM Awards M\u00e9xico 2025, el evento anual que reconoce la innovaci\u00f3n, excelencia y compromiso con la experiencia del viajero. La ceremonia tuvo lugar en Canc\u00fan, en el marco del Canc\u00fan Travel Mart, y premi\u00f3 a los principales hoteles, cadenas hoteleras, [&hellip;]\" \/>\n<meta name=\"twitter:image\" content=\"https:\/\/nitu.mx\/wp-content\/uploads\/2025\/10\/PriceTravel-Holding-EVM-Awards-2025.jpg\" \/>\n<meta name=\"twitter:creator\" content=\"@NITUmx\" \/>\n<meta name=\"twitter:site\" content=\"@Arturo_Medina_G\" \/>\n<meta name=\"twitter:label1\" content=\"Escrito por\" \/>\n\t<meta name=\"twitter:data1\" content=\"Redacci\u00f3n\" \/>\n\t<meta name=\"twitter:label2\" content=\"Tiempo de lectura\" \/>\n\t<meta name=\"twitter:data2\" content=\"2 minutos\" \/>\n<script type=\"application\/ld+json\" class=\"yoast-schema-graph\">{\"@context\":\"https:\/\/schema.org\",\"@graph\":[{\"@type\":\"Article\",\"@id\":\"https:\/\/nitu.mx\/index.php\/2025\/10\/23\/pricetravel-holding-reconoce-la-excelencia-turistica-con-los-evm-awards-mexico-2025\/#article\",\"isPartOf\":{\"@id\":\"https:\/\/nitu.mx\/index.php\/2025\/10\/23\/pricetravel-holding-reconoce-la-excelencia-turistica-con-los-evm-awards-mexico-2025\/\"},\"author\":{\"name\":\"Redacci\u00f3n\",\"@id\":\"https:\/\/nitu.mx\/#\/schema\/person\/4a28fe9bd65924f7c90623773daf1b0b\"},\"headline\":\"PriceTravel Holding reconoce la excelencia tur\u00edstica con los EVM Awards M\u00e9xico 2025\",\"datePublished\":\"2025-10-24T02:52:35+00:00\",\"dateModified\":\"2025-10-24T02:52:36+00:00\",\"mainEntityOfPage\":{\"@id\":\"https:\/\/nitu.mx\/index.php\/2025\/10\/23\/pricetravel-holding-reconoce-la-excelencia-turistica-con-los-evm-awards-mexico-2025\/\"},\"wordCount\":357,\"publisher\":{\"@id\":\"https:\/\/nitu.mx\/#\/schema\/person\/ae7a53426417292d3dd07b45a33e01bc\"},\"image\":{\"@id\":\"https:\/\/nitu.mx\/index.php\/2025\/10\/23\/pricetravel-holding-reconoce-la-excelencia-turistica-con-los-evm-awards-mexico-2025\/#primaryimage\"},\"thumbnailUrl\":\"https:\/\/nitu.mx\/wp-content\/uploads\/2025\/10\/PriceTravel-Holding-EVM-Awards-2025.jpg\",\"keywords\":[\"EVM Awards\",\"Jorge Restrepo\",\"PriceTravel Holding\"],\"articleSection\":[\"Agencias de Viajes\"],\"inLanguage\":\"es-MX\"},{\"@type\":\"WebPage\",\"@id\":\"https:\/\/nitu.mx\/index.php\/2025\/10\/23\/pricetravel-holding-reconoce-la-excelencia-turistica-con-los-evm-awards-mexico-2025\/\",\"url\":\"https:\/\/nitu.mx\/index.php\/2025\/10\/23\/pricetravel-holding-reconoce-la-excelencia-turistica-con-los-evm-awards-mexico-2025\/\",\"name\":\"PriceTravel Holding reconoce la excelencia tur\u00edstica con los EVM Awards M\u00e9xico 2025 - Nitu - Noticias de la Industria Turistica\",\"isPartOf\":{\"@id\":\"https:\/\/nitu.mx\/#website\"},\"primaryImageOfPage\":{\"@id\":\"https:\/\/nitu.mx\/index.php\/2025\/10\/23\/pricetravel-holding-reconoce-la-excelencia-turistica-con-los-evm-awards-mexico-2025\/#primaryimage\"},\"image\":{\"@id\":\"https:\/\/nitu.mx\/index.php\/2025\/10\/23\/pricetravel-holding-reconoce-la-excelencia-turistica-con-los-evm-awards-mexico-2025\/#primaryimage\"},\"thumbnailUrl\":\"https:\/\/nitu.mx\/wp-content\/uploads\/2025\/10\/PriceTravel-Holding-EVM-Awards-2025.jpg\",\"datePublished\":\"2025-10-24T02:52:35+00:00\",\"dateModified\":\"2025-10-24T02:52:36+00:00\",\"breadcrumb\":{\"@id\":\"https:\/\/nitu.mx\/index.php\/2025\/10\/23\/pricetravel-holding-reconoce-la-excelencia-turistica-con-los-evm-awards-mexico-2025\/#breadcrumb\"},\"inLanguage\":\"es-MX\",\"potentialAction\":[{\"@type\":\"ReadAction\",\"target\":[\"https:\/\/nitu.mx\/index.php\/2025\/10\/23\/pricetravel-holding-reconoce-la-excelencia-turistica-con-los-evm-awards-mexico-2025\/\"]}]},{\"@type\":\"ImageObject\",\"inLanguage\":\"es-MX\",\"@id\":\"https:\/\/nitu.mx\/index.php\/2025\/10\/23\/pricetravel-holding-reconoce-la-excelencia-turistica-con-los-evm-awards-mexico-2025\/#primaryimage\",\"url\":\"https:\/\/nitu.mx\/wp-content\/uploads\/2025\/10\/PriceTravel-Holding-EVM-Awards-2025.jpg\",\"contentUrl\":\"https:\/\/nitu.mx\/wp-content\/uploads\/2025\/10\/PriceTravel-Holding-EVM-Awards-2025.jpg\",\"width\":1200,\"height\":675,\"caption\":\"PriceTravel Holding EVM Awards 2025\"},{\"@type\":\"BreadcrumbList\",\"@id\":\"https:\/\/nitu.mx\/index.php\/2025\/10\/23\/pricetravel-holding-reconoce-la-excelencia-turistica-con-los-evm-awards-mexico-2025\/#breadcrumb\",\"itemListElement\":[{\"@type\":\"ListItem\",\"position\":1,\"name\":\"Inicio\",\"item\":\"https:\/\/nitu.mx\/\"},{\"@type\":\"ListItem\",\"position\":2,\"name\":\"PriceTravel Holding reconoce la excelencia tur\u00edstica con los EVM Awards M\u00e9xico 2025\"}]},{\"@type\":\"WebSite\",\"@id\":\"https:\/\/nitu.mx\/#website\",\"url\":\"https:\/\/nitu.mx\/\",\"name\":\"Nitu - Noticias de la Industria Turistica\",\"description\":\"Noticias de la Industria Turistica\",\"publisher\":{\"@id\":\"https:\/\/nitu.mx\/#\/schema\/person\/ae7a53426417292d3dd07b45a33e01bc\"},\"alternateName\":\"Noticias de la Industria Turistica\",\"potentialAction\":[{\"@type\":\"SearchAction\",\"target\":{\"@type\":\"EntryPoint\",\"urlTemplate\":\"https:\/\/nitu.mx\/?s={search_term_string}\"},\"query-input\":\"required name=search_term_string\"}],\"inLanguage\":\"es-MX\"},{\"@type\":[\"Person\",\"Organization\"],\"@id\":\"https:\/\/nitu.mx\/#\/schema\/person\/ae7a53426417292d3dd07b45a33e01bc\",\"name\":\"Arturo Medina\",\"image\":{\"@type\":\"ImageObject\",\"inLanguage\":\"es-MX\",\"@id\":\"https:\/\/nitu.mx\/#\/schema\/person\/image\/\",\"url\":\"https:\/\/nitu.mx\/wp-content\/uploads\/2024\/04\/4A315622-1904-4D5C-B022-878CDC840E04-90x90-1.jpeg\",\"contentUrl\":\"https:\/\/nitu.mx\/wp-content\/uploads\/2024\/04\/4A315622-1904-4D5C-B022-878CDC840E04-90x90-1.jpeg\",\"width\":90,\"height\":90,\"caption\":\"Arturo Medina\"},\"logo\":{\"@id\":\"https:\/\/nitu.mx\/#\/schema\/person\/image\/\"},\"description\":\"Director NITU.mx, Egresado de la Escuela de Periodismo Carlos Septi\u00e9n Garc\u00eda. Periodista y analista especializado en turismo desde hace 35 a\u00f1os, radicado en Canc\u00fan Q.Roo. arturo@nitu.mx\",\"sameAs\":[\"https:\/\/nitu.mx\",\"https:\/\/www.facebook.com\/NITUmx\/\",\"medinacancun\",\"https:\/\/twitter.com\/@Arturo_Medina_G\"]},{\"@type\":\"Person\",\"@id\":\"https:\/\/nitu.mx\/#\/schema\/person\/4a28fe9bd65924f7c90623773daf1b0b\",\"name\":\"Redacci\u00f3n\",\"image\":{\"@type\":\"ImageObject\",\"inLanguage\":\"es-MX\",\"@id\":\"https:\/\/nitu.mx\/#\/schema\/person\/image\/\",\"url\":\"https:\/\/secure.gravatar.com\/avatar\/5dd011c8ccfc5cd7e4c81e42252aab38?s=96&d=mm&r=g\",\"contentUrl\":\"https:\/\/secure.gravatar.com\/avatar\/5dd011c8ccfc5cd7e4c81e42252aab38?s=96&d=mm&r=g\",\"caption\":\"Redacci\u00f3n\"},\"url\":\"https:\/\/nitu.mx\/index.php\/author\/redaccion\/\"}]}<\/script>\n<!-- \/ Yoast SEO plugin. -->","yoast_head_json":{"title":"PriceTravel Holding reconoce la excelencia tur\u00edstica con los EVM Awards M\u00e9xico 2025 - Nitu - Noticias de la Industria Turistica","robots":{"index":"index","follow":"follow","max-snippet":"max-snippet:-1","max-image-preview":"max-image-preview:large","max-video-preview":"max-video-preview:-1"},"canonical":"https:\/\/nitu.mx\/index.php\/2025\/10\/23\/pricetravel-holding-reconoce-la-excelencia-turistica-con-los-evm-awards-mexico-2025\/","twitter_card":"summary_large_image","twitter_title":"PriceTravel Holding reconoce la excelencia tur\u00edstica con los EVM Awards M\u00e9xico 2025 - Nitu - Noticias de la Industria Turistica","twitter_description":"PriceTravel Holding reuni\u00f3 a los l\u00edderes del sector tur\u00edstico en una edici\u00f3n m\u00e1s de los EVM Awards M\u00e9xico 2025, el evento anual que reconoce la innovaci\u00f3n, excelencia y compromiso con la experiencia del viajero. La ceremonia tuvo lugar en Canc\u00fan, en el marco del Canc\u00fan Travel Mart, y premi\u00f3 a los principales hoteles, cadenas hoteleras, [&hellip;]","twitter_image":"https:\/\/nitu.mx\/wp-content\/uploads\/2025\/10\/PriceTravel-Holding-EVM-Awards-2025.jpg","twitter_creator":"@NITUmx","twitter_site":"@Arturo_Medina_G","twitter_misc":{"Escrito por":"Redacci\u00f3n","Tiempo de lectura":"2 minutos"},"schema":{"@context":"https:\/\/schema.org","@graph":[{"@type":"Article","@id":"https:\/\/nitu.mx\/index.php\/2025\/10\/23\/pricetravel-holding-reconoce-la-excelencia-turistica-con-los-evm-awards-mexico-2025\/#article","isPartOf":{"@id":"https:\/\/nitu.mx\/index.php\/2025\/10\/23\/pricetravel-holding-reconoce-la-excelencia-turistica-con-los-evm-awards-mexico-2025\/"},"author":{"name":"Redacci\u00f3n","@id":"https:\/\/nitu.mx\/#\/schema\/person\/4a28fe9bd65924f7c90623773daf1b0b"},"headline":"PriceTravel Holding reconoce la excelencia tur\u00edstica con los EVM Awards M\u00e9xico 2025","datePublished":"2025-10-24T02:52:35+00:00","dateModified":"2025-10-24T02:52:36+00:00","mainEntityOfPage":{"@id":"https:\/\/nitu.mx\/index.php\/2025\/10\/23\/pricetravel-holding-reconoce-la-excelencia-turistica-con-los-evm-awards-mexico-2025\/"},"wordCount":357,"publisher":{"@id":"https:\/\/nitu.mx\/#\/schema\/person\/ae7a53426417292d3dd07b45a33e01bc"},"image":{"@id":"https:\/\/nitu.mx\/index.php\/2025\/10\/23\/pricetravel-holding-reconoce-la-excelencia-turistica-con-los-evm-awards-mexico-2025\/#primaryimage"},"thumbnailUrl":"https:\/\/nitu.mx\/wp-content\/uploads\/2025\/10\/PriceTravel-Holding-EVM-Awards-2025.jpg","keywords":["EVM Awards","Jorge Restrepo","PriceTravel Holding"],"articleSection":["Agencias de Viajes"],"inLanguage":"es-MX"},{"@type":"WebPage","@id":"https:\/\/nitu.mx\/index.php\/2025\/10\/23\/pricetravel-holding-reconoce-la-excelencia-turistica-con-los-evm-awards-mexico-2025\/","url":"https:\/\/nitu.mx\/index.php\/2025\/10\/23\/pricetravel-holding-reconoce-la-excelencia-turistica-con-los-evm-awards-mexico-2025\/","name":"PriceTravel Holding reconoce la excelencia tur\u00edstica con los EVM Awards M\u00e9xico 2025 - Nitu - Noticias de la Industria Turistica","isPartOf":{"@id":"https:\/\/nitu.mx\/#website"},"primaryImageOfPage":{"@id":"https:\/\/nitu.mx\/index.php\/2025\/10\/23\/pricetravel-holding-reconoce-la-excelencia-turistica-con-los-evm-awards-mexico-2025\/#primaryimage"},"image":{"@id":"https:\/\/nitu.mx\/index.php\/2025\/10\/23\/pricetravel-holding-reconoce-la-excelencia-turistica-con-los-evm-awards-mexico-2025\/#primaryimage"},"thumbnailUrl":"https:\/\/nitu.mx\/wp-content\/uploads\/2025\/10\/PriceTravel-Holding-EVM-Awards-2025.jpg","datePublished":"2025-10-24T02:52:35+00:00","dateModified":"2025-10-24T02:52:36+00:00","breadcrumb":{"@id":"https:\/\/nitu.mx\/index.php\/2025\/10\/23\/pricetravel-holding-reconoce-la-excelencia-turistica-con-los-evm-awards-mexico-2025\/#breadcrumb"},"inLanguage":"es-MX","potentialAction":[{"@type":"ReadAction","target":["https:\/\/nitu.mx\/index.php\/2025\/10\/23\/pricetravel-holding-reconoce-la-excelencia-turistica-con-los-evm-awards-mexico-2025\/"]}]},{"@type":"ImageObject","inLanguage":"es-MX","@id":"https:\/\/nitu.mx\/index.php\/2025\/10\/23\/pricetravel-holding-reconoce-la-excelencia-turistica-con-los-evm-awards-mexico-2025\/#primaryimage","url":"https:\/\/nitu.mx\/wp-content\/uploads\/2025\/10\/PriceTravel-Holding-EVM-Awards-2025.jpg","contentUrl":"https:\/\/nitu.mx\/wp-content\/uploads\/2025\/10\/PriceTravel-Holding-EVM-Awards-2025.jpg","width":1200,"height":675,"caption":"PriceTravel Holding EVM Awards 2025"},{"@type":"BreadcrumbList","@id":"https:\/\/nitu.mx\/index.php\/2025\/10\/23\/pricetravel-holding-reconoce-la-excelencia-turistica-con-los-evm-awards-mexico-2025\/#breadcrumb","itemListElement":[{"@type":"ListItem","position":1,"name":"Inicio","item":"https:\/\/nitu.mx\/"},{"@type":"ListItem","position":2,"name":"PriceTravel Holding reconoce la excelencia tur\u00edstica con los EVM Awards M\u00e9xico 2025"}]},{"@type":"WebSite","@id":"https:\/\/nitu.mx\/#website","url":"https:\/\/nitu.mx\/","name":"Nitu - Noticias de la Industria Turistica","description":"Noticias de la Industria Turistica","publisher":{"@id":"https:\/\/nitu.mx\/#\/schema\/person\/ae7a53426417292d3dd07b45a33e01bc"},"alternateName":"Noticias de la Industria Turistica","potentialAction":[{"@type":"SearchAction","target":{"@type":"EntryPoint","urlTemplate":"https:\/\/nitu.mx\/?s={search_term_string}"},"query-input":"required name=search_term_string"}],"inLanguage":"es-MX"},{"@type":["Person","Organization"],"@id":"https:\/\/nitu.mx\/#\/schema\/person\/ae7a53426417292d3dd07b45a33e01bc","name":"Arturo Medina","image":{"@type":"ImageObject","inLanguage":"es-MX","@id":"https:\/\/nitu.mx\/#\/schema\/person\/image\/","url":"https:\/\/nitu.mx\/wp-content\/uploads\/2024\/04\/4A315622-1904-4D5C-B022-878CDC840E04-90x90-1.jpeg","contentUrl":"https:\/\/nitu.mx\/wp-content\/uploads\/2024\/04\/4A315622-1904-4D5C-B022-878CDC840E04-90x90-1.jpeg","width":90,"height":90,"caption":"Arturo Medina"},"logo":{"@id":"https:\/\/nitu.mx\/#\/schema\/person\/image\/"},"description":"Director NITU.mx, Egresado de la Escuela de Periodismo Carlos Septi\u00e9n Garc\u00eda. Periodista y analista especializado en turismo desde hace 35 a\u00f1os, radicado en Canc\u00fan Q.Roo. arturo@nitu.mx","sameAs":["https:\/\/nitu.mx","https:\/\/www.facebook.com\/NITUmx\/","medinacancun","https:\/\/twitter.com\/@Arturo_Medina_G"]},{"@type":"Person","@id":"https:\/\/nitu.mx\/#\/schema\/person\/4a28fe9bd65924f7c90623773daf1b0b","name":"Redacci\u00f3n","image":{"@type":"ImageObject","inLanguage":"es-MX","@id":"https:\/\/nitu.mx\/#\/schema\/person\/image\/","url":"https:\/\/secure.gravatar.com\/avatar\/5dd011c8ccfc5cd7e4c81e42252aab38?s=96&d=mm&r=g","contentUrl":"https:\/\/secure.gravatar.com\/avatar\/5dd011c8ccfc5cd7e4c81e42252aab38?s=96&d=mm&r=g","caption":"Redacci\u00f3n"},"url":"https:\/\/nitu.mx\/index.php\/author\/redaccion\/"}]}},"views":932,"_links":{"self":[{"href":"https:\/\/nitu.mx\/index.php\/wp-json\/wp\/v2\/posts\/84149"}],"collection":[{"href":"https:\/\/nitu.mx\/index.php\/wp-json\/wp\/v2\/posts"}],"about":[{"href":"https:\/\/nitu.mx\/index.php\/wp-json\/wp\/v2\/types\/post"}],"author":[{"embeddable":true,"href":"https:\/\/nitu.mx\/index.php\/wp-json\/wp\/v2\/users\/17"}],"replies":[{"embeddable":true,"href":"https:\/\/nitu.mx\/index.php\/wp-json\/wp\/v2\/comments?post=84149"}],"version-history":[{"count":1,"href":"https:\/\/nitu.mx\/index.php\/wp-json\/wp\/v2\/posts\/84149\/revisions"}],"predecessor-version":[{"id":84151,"href":"https:\/\/nitu.mx\/index.php\/wp-json\/wp\/v2\/posts\/84149\/revisions\/84151"}],"wp:featuredmedia":[{"embeddable":true,"href":"https:\/\/nitu.mx\/index.php\/wp-json\/wp\/v2\/media\/84153"}],"wp:attachment":[{"href":"https:\/\/nitu.mx\/index.php\/wp-json\/wp\/v2\/media?parent=84149"}],"wp:term":[{"taxonomy":"category","embeddable":true,"href":"https:\/\/nitu.mx\/index.php\/wp-json\/wp\/v2\/categories?post=84149"},{"taxonomy":"post_tag","embeddable":true,"href":"https:\/\/nitu.mx\/index.php\/wp-json\/wp\/v2\/tags?post=84149"}],"curies":[{"name":"wp","href":"https:\/\/api.w.org\/{rel}","templated":true}]}}