{"id":84137,"date":"2025-10-23T14:57:02","date_gmt":"2025-10-23T20:57:02","guid":{"rendered":"https:\/\/nitu.mx\/?p=84137"},"modified":"2025-10-23T17:01:56","modified_gmt":"2025-10-23T23:01:56","slug":"se-pronuncia-mara-por-un-turismo-con-dignidad-orgullo-y-bienestar-social-en-el-marco-de-travel-mart","status":"publish","type":"post","link":"https:\/\/nitu.mx\/index.php\/2025\/10\/23\/se-pronuncia-mara-por-un-turismo-con-dignidad-orgullo-y-bienestar-social-en-el-marco-de-travel-mart\/","title":{"rendered":"Se pronuncia Mara por un turismo con dignidad, orgullo y bienestar social, en el marco de Canc\u00fan Travel Mart"},"content":{"rendered":"\n<p>Al inaugurar la 37\u00aa edici\u00f3n del Canc\u00fan Travel Mart, la gobernadora Mara Lezama Espinosa destac\u00f3 que hoy el turismo en Quintana Roo vive una nueva etapa, en donde m\u00e1s que los n\u00fameros importa la calidad de vida de las y los trabajadores de esta industria.<\/p>\n\n\n\n<p>Con la presencia de m\u00e1s de 500 delegados, 200 empresas y representantes de 27 pa\u00edses, entre tour operadores, agencias de viajes, y dem\u00e1s prestadores de servicios, la titular del Ejecutivo a\u00f1adi\u00f3 que el turismo est\u00e1 en la agenda del Plan M\u00e9xico que promueve la presidenta Claudia Sheinbaum.<\/p>\n\n\n\n<p>Organizado por la Asociaci\u00f3n de Hoteles de Canc\u00fan, Puerto Morelos e Isla Mujeres, que preside Rodrigo de la Pe\u00f1a Segura, este Travel Mart re\u00fane, a compradores y proveedores de m\u00e1s de 20 pa\u00edses de Am\u00e9rica, Europa y Asia, convirti\u00e9ndose en ejemplo nacional para el cierre de citas efectivas de negocios.<\/p>\n\n\n\n<p>\u201cEste evento es un espacio de confianza, es un espacio de alianzas, de visi\u00f3n compartida, es reflejo del talento, de la perseverancia de quienes trabajan todos los d\u00edas para que Quintana Roo siga siendo ese ejemplo de competitividad y desarrollo con sentido humano\u201d expres\u00f3 al respecto Mara Lezama.<\/p>\n\n\n\n<p>Ante los asistentes, la gobernadora de Quintana Roo destac\u00f3 el impulso que su gobierno le da al turismo comunitario y que hoy tiene un \u00e9xito profundo con Maya Ka\u00b4an, una regi\u00f3n integrada por 76 comunidades mayas que dejaron de ser espectadores para convertirse en protagonistas, que ofrecen nuevas experiencias para el turista.<\/p>\n\n\n\n<p>Asever\u00f3 que adem\u00e1s de sol, playas, historia, cultura, conservaci\u00f3n ambiental, tambi\u00e9n hay gastronom\u00eda, con m\u00e1s de 20 restaurantes que ya est\u00e1n en la Gu\u00eda Michel\u00edn, que garantiza la excelencia de la cocina con sabor caribe-mexicano.<\/p>\n\n\n\n<p>Refiri\u00f3 que Quintana Roo ser\u00e1 puerta de entrada al Mundial de F\u00fatbol, con el \u00fanico aeropuerto que tiene conectividad con todas las sedes mundialistas. El 40% de los casi 5 millones de aficionados que llegar\u00e1n al pa\u00eds lo har\u00e1n a trav\u00e9s del Caribe Mexicano, una oportunidad para mostrar al mundo lo mucho que somos y tenemos.<\/p>\n\n\n\n<p>Adem\u00e1s, agreg\u00f3 que dos hoteles est\u00e1n en la lista oficial para ser sede de selecciones mundialistas.<\/p>\n\n\n\n<p>Y en relaci\u00f3n con la FITUR, Mara Lezama inform\u00f3 a los asistentes del Canc\u00fan Travel Mart que Quintana Roo se prepara para tener una presencia hist\u00f3rica en esa feria tan importante.<\/p>\n\n\n\n<p>Agradeci\u00f3 la presencia de todas y todos, deseando \u00e9xito en sus citas de negocios, pero tambi\u00e9n que se den un tiempo para disfrutar de los atractivos. \u201cAqu\u00ed, en Quintana Roo, en este gran estado, el turismo se vive con dignidad, con orgullo y con un profundo amor por su gente\u201d, afirm\u00f3. (<a href=\"https:\/\/nitu.mx\/index.php\/2025\/10\/23\/con-altas-expectativas-inauguran-la-edicion-37-del-cancun-travel-mart\/\">Con altas expectativas inauguran la edicion 37 del Canc\u00fan Travel Mart<\/a>).<\/p>\n","protected":false},"excerpt":{"rendered":"<p>Al inaugurar la 37\u00aa edici\u00f3n del Canc\u00fan Travel Mart, la gobernadora Mara Lezama Espinosa destac\u00f3 que hoy el turismo en Quintana Roo vive una nueva etapa, en donde m\u00e1s que los n\u00fameros importa la calidad de vida de las y los trabajadores de esta industria. Con la presencia de m\u00e1s de 500 delegados, 200 empresas [&hellip;]<\/p>\n","protected":false},"author":2,"featured_media":84139,"comment_status":"closed","ping_status":"closed","sticky":false,"template":"","format":"standard","meta":{"footnotes":""},"categories":[21403,2],"tags":[27779,14028],"yoast_head":"<!-- This site is optimized with the Yoast SEO plugin v22.2 - https:\/\/yoast.com\/wordpress\/plugins\/seo\/ -->\n<title>Se pronuncia Mara por un turismo con dignidad, orgullo y bienestar social, en el marco de Canc\u00fan Travel Mart - Nitu - Noticias de la Industria Turistica<\/title>\n<meta name=\"robots\" content=\"index, follow, max-snippet:-1, max-image-preview:large, max-video-preview:-1\" \/>\n<link rel=\"canonical\" href=\"https:\/\/nitu.mx\/index.php\/2025\/10\/23\/se-pronuncia-mara-por-un-turismo-con-dignidad-orgullo-y-bienestar-social-en-el-marco-de-travel-mart\/\" \/>\n<meta name=\"twitter:card\" content=\"summary_large_image\" \/>\n<meta name=\"twitter:title\" content=\"Se pronuncia Mara por un turismo con dignidad, orgullo y bienestar social, en el marco de Canc\u00fan Travel Mart - Nitu - Noticias de la Industria Turistica\" \/>\n<meta name=\"twitter:description\" content=\"Al inaugurar la 37\u00aa edici\u00f3n del Canc\u00fan Travel Mart, la gobernadora Mara Lezama Espinosa destac\u00f3 que hoy el turismo en Quintana Roo vive una nueva etapa, en donde m\u00e1s que los n\u00fameros importa la calidad de vida de las y los trabajadores de esta industria. Con la presencia de m\u00e1s de 500 delegados, 200 empresas [&hellip;]\" \/>\n<meta name=\"twitter:image\" content=\"https:\/\/nitu.mx\/wp-content\/uploads\/2025\/10\/c82ebfba-148b-4000-ba9c-60378bfb9496.jpeg\" \/>\n<meta name=\"twitter:creator\" content=\"@Arturo_Medina_G\" \/>\n<meta name=\"twitter:site\" content=\"@Arturo_Medina_G\" \/>\n<meta name=\"twitter:label1\" content=\"Escrito por\" \/>\n\t<meta name=\"twitter:data1\" content=\"Arturo Medina\" \/>\n\t<meta name=\"twitter:label2\" content=\"Tiempo de lectura\" \/>\n\t<meta name=\"twitter:data2\" content=\"2 minutos\" \/>\n<script type=\"application\/ld+json\" class=\"yoast-schema-graph\">{\"@context\":\"https:\/\/schema.org\",\"@graph\":[{\"@type\":\"Article\",\"@id\":\"https:\/\/nitu.mx\/index.php\/2025\/10\/23\/se-pronuncia-mara-por-un-turismo-con-dignidad-orgullo-y-bienestar-social-en-el-marco-de-travel-mart\/#article\",\"isPartOf\":{\"@id\":\"https:\/\/nitu.mx\/index.php\/2025\/10\/23\/se-pronuncia-mara-por-un-turismo-con-dignidad-orgullo-y-bienestar-social-en-el-marco-de-travel-mart\/\"},\"author\":{\"name\":\"Arturo Medina\",\"@id\":\"https:\/\/nitu.mx\/#\/schema\/person\/ae7a53426417292d3dd07b45a33e01bc\"},\"headline\":\"Se pronuncia Mara por un turismo con dignidad, orgullo y bienestar social, en el marco de Canc\u00fan Travel Mart\",\"datePublished\":\"2025-10-23T20:57:02+00:00\",\"dateModified\":\"2025-10-23T23:01:56+00:00\",\"mainEntityOfPage\":{\"@id\":\"https:\/\/nitu.mx\/index.php\/2025\/10\/23\/se-pronuncia-mara-por-un-turismo-con-dignidad-orgullo-y-bienestar-social-en-el-marco-de-travel-mart\/\"},\"wordCount\":493,\"publisher\":{\"@id\":\"https:\/\/nitu.mx\/#\/schema\/person\/ae7a53426417292d3dd07b45a33e01bc\"},\"image\":{\"@id\":\"https:\/\/nitu.mx\/index.php\/2025\/10\/23\/se-pronuncia-mara-por-un-turismo-con-dignidad-orgullo-y-bienestar-social-en-el-marco-de-travel-mart\/#primaryimage\"},\"thumbnailUrl\":\"https:\/\/nitu.mx\/wp-content\/uploads\/2025\/10\/c82ebfba-148b-4000-ba9c-60378bfb9496.jpeg\",\"keywords\":[\"Cancun Travel Mart\",\"Mara Lezama\"],\"articleSection\":[\"Canc\u00fan\",\"Hoteles\"],\"inLanguage\":\"es-MX\"},{\"@type\":\"WebPage\",\"@id\":\"https:\/\/nitu.mx\/index.php\/2025\/10\/23\/se-pronuncia-mara-por-un-turismo-con-dignidad-orgullo-y-bienestar-social-en-el-marco-de-travel-mart\/\",\"url\":\"https:\/\/nitu.mx\/index.php\/2025\/10\/23\/se-pronuncia-mara-por-un-turismo-con-dignidad-orgullo-y-bienestar-social-en-el-marco-de-travel-mart\/\",\"name\":\"Se pronuncia Mara por un turismo con dignidad, orgullo y bienestar social, en el marco de Canc\u00fan Travel Mart - Nitu - Noticias de la Industria Turistica\",\"isPartOf\":{\"@id\":\"https:\/\/nitu.mx\/#website\"},\"primaryImageOfPage\":{\"@id\":\"https:\/\/nitu.mx\/index.php\/2025\/10\/23\/se-pronuncia-mara-por-un-turismo-con-dignidad-orgullo-y-bienestar-social-en-el-marco-de-travel-mart\/#primaryimage\"},\"image\":{\"@id\":\"https:\/\/nitu.mx\/index.php\/2025\/10\/23\/se-pronuncia-mara-por-un-turismo-con-dignidad-orgullo-y-bienestar-social-en-el-marco-de-travel-mart\/#primaryimage\"},\"thumbnailUrl\":\"https:\/\/nitu.mx\/wp-content\/uploads\/2025\/10\/c82ebfba-148b-4000-ba9c-60378bfb9496.jpeg\",\"datePublished\":\"2025-10-23T20:57:02+00:00\",\"dateModified\":\"2025-10-23T23:01:56+00:00\",\"breadcrumb\":{\"@id\":\"https:\/\/nitu.mx\/index.php\/2025\/10\/23\/se-pronuncia-mara-por-un-turismo-con-dignidad-orgullo-y-bienestar-social-en-el-marco-de-travel-mart\/#breadcrumb\"},\"inLanguage\":\"es-MX\",\"potentialAction\":[{\"@type\":\"ReadAction\",\"target\":[\"https:\/\/nitu.mx\/index.php\/2025\/10\/23\/se-pronuncia-mara-por-un-turismo-con-dignidad-orgullo-y-bienestar-social-en-el-marco-de-travel-mart\/\"]}]},{\"@type\":\"ImageObject\",\"inLanguage\":\"es-MX\",\"@id\":\"https:\/\/nitu.mx\/index.php\/2025\/10\/23\/se-pronuncia-mara-por-un-turismo-con-dignidad-orgullo-y-bienestar-social-en-el-marco-de-travel-mart\/#primaryimage\",\"url\":\"https:\/\/nitu.mx\/wp-content\/uploads\/2025\/10\/c82ebfba-148b-4000-ba9c-60378bfb9496.jpeg\",\"contentUrl\":\"https:\/\/nitu.mx\/wp-content\/uploads\/2025\/10\/c82ebfba-148b-4000-ba9c-60378bfb9496.jpeg\",\"width\":1280,\"height\":854},{\"@type\":\"BreadcrumbList\",\"@id\":\"https:\/\/nitu.mx\/index.php\/2025\/10\/23\/se-pronuncia-mara-por-un-turismo-con-dignidad-orgullo-y-bienestar-social-en-el-marco-de-travel-mart\/#breadcrumb\",\"itemListElement\":[{\"@type\":\"ListItem\",\"position\":1,\"name\":\"Inicio\",\"item\":\"https:\/\/nitu.mx\/\"},{\"@type\":\"ListItem\",\"position\":2,\"name\":\"Se pronuncia Mara por un turismo con dignidad, orgullo y bienestar social, en el marco de Canc\u00fan Travel Mart\"}]},{\"@type\":\"WebSite\",\"@id\":\"https:\/\/nitu.mx\/#website\",\"url\":\"https:\/\/nitu.mx\/\",\"name\":\"Nitu - Noticias de la Industria Turistica\",\"description\":\"Noticias de la Industria Turistica\",\"publisher\":{\"@id\":\"https:\/\/nitu.mx\/#\/schema\/person\/ae7a53426417292d3dd07b45a33e01bc\"},\"alternateName\":\"Noticias de la Industria Turistica\",\"potentialAction\":[{\"@type\":\"SearchAction\",\"target\":{\"@type\":\"EntryPoint\",\"urlTemplate\":\"https:\/\/nitu.mx\/?s={search_term_string}\"},\"query-input\":\"required name=search_term_string\"}],\"inLanguage\":\"es-MX\"},{\"@type\":[\"Person\",\"Organization\"],\"@id\":\"https:\/\/nitu.mx\/#\/schema\/person\/ae7a53426417292d3dd07b45a33e01bc\",\"name\":\"Arturo Medina\",\"image\":{\"@type\":\"ImageObject\",\"inLanguage\":\"es-MX\",\"@id\":\"https:\/\/nitu.mx\/#\/schema\/person\/image\/\",\"url\":\"https:\/\/nitu.mx\/wp-content\/uploads\/2024\/04\/4A315622-1904-4D5C-B022-878CDC840E04-90x90-1.jpeg\",\"contentUrl\":\"https:\/\/nitu.mx\/wp-content\/uploads\/2024\/04\/4A315622-1904-4D5C-B022-878CDC840E04-90x90-1.jpeg\",\"width\":90,\"height\":90,\"caption\":\"Arturo Medina\"},\"logo\":{\"@id\":\"https:\/\/nitu.mx\/#\/schema\/person\/image\/\"},\"description\":\"Director NITU.mx, Egresado de la Escuela de Periodismo Carlos Septi\u00e9n Garc\u00eda. Periodista y analista especializado en turismo desde hace 35 a\u00f1os, radicado en Canc\u00fan Q.Roo. arturo@nitu.mx\",\"sameAs\":[\"https:\/\/nitu.mx\",\"https:\/\/www.facebook.com\/NITUmx\/\",\"medinacancun\",\"https:\/\/twitter.com\/@Arturo_Medina_G\"],\"url\":\"https:\/\/nitu.mx\/index.php\/author\/arturo-medina\/\"}]}<\/script>\n<!-- \/ Yoast SEO plugin. -->","yoast_head_json":{"title":"Se pronuncia Mara por un turismo con dignidad, orgullo y bienestar social, en el marco de Canc\u00fan Travel Mart - Nitu - Noticias de la Industria Turistica","robots":{"index":"index","follow":"follow","max-snippet":"max-snippet:-1","max-image-preview":"max-image-preview:large","max-video-preview":"max-video-preview:-1"},"canonical":"https:\/\/nitu.mx\/index.php\/2025\/10\/23\/se-pronuncia-mara-por-un-turismo-con-dignidad-orgullo-y-bienestar-social-en-el-marco-de-travel-mart\/","twitter_card":"summary_large_image","twitter_title":"Se pronuncia Mara por un turismo con dignidad, orgullo y bienestar social, en el marco de Canc\u00fan Travel Mart - Nitu - Noticias de la Industria Turistica","twitter_description":"Al inaugurar la 37\u00aa edici\u00f3n del Canc\u00fan Travel Mart, la gobernadora Mara Lezama Espinosa destac\u00f3 que hoy el turismo en Quintana Roo vive una nueva etapa, en donde m\u00e1s que los n\u00fameros importa la calidad de vida de las y los trabajadores de esta industria. Con la presencia de m\u00e1s de 500 delegados, 200 empresas [&hellip;]","twitter_image":"https:\/\/nitu.mx\/wp-content\/uploads\/2025\/10\/c82ebfba-148b-4000-ba9c-60378bfb9496.jpeg","twitter_creator":"@Arturo_Medina_G","twitter_site":"@Arturo_Medina_G","twitter_misc":{"Escrito por":"Arturo Medina","Tiempo de lectura":"2 minutos"},"schema":{"@context":"https:\/\/schema.org","@graph":[{"@type":"Article","@id":"https:\/\/nitu.mx\/index.php\/2025\/10\/23\/se-pronuncia-mara-por-un-turismo-con-dignidad-orgullo-y-bienestar-social-en-el-marco-de-travel-mart\/#article","isPartOf":{"@id":"https:\/\/nitu.mx\/index.php\/2025\/10\/23\/se-pronuncia-mara-por-un-turismo-con-dignidad-orgullo-y-bienestar-social-en-el-marco-de-travel-mart\/"},"author":{"name":"Arturo Medina","@id":"https:\/\/nitu.mx\/#\/schema\/person\/ae7a53426417292d3dd07b45a33e01bc"},"headline":"Se pronuncia Mara por un turismo con dignidad, orgullo y bienestar social, en el marco de Canc\u00fan Travel Mart","datePublished":"2025-10-23T20:57:02+00:00","dateModified":"2025-10-23T23:01:56+00:00","mainEntityOfPage":{"@id":"https:\/\/nitu.mx\/index.php\/2025\/10\/23\/se-pronuncia-mara-por-un-turismo-con-dignidad-orgullo-y-bienestar-social-en-el-marco-de-travel-mart\/"},"wordCount":493,"publisher":{"@id":"https:\/\/nitu.mx\/#\/schema\/person\/ae7a53426417292d3dd07b45a33e01bc"},"image":{"@id":"https:\/\/nitu.mx\/index.php\/2025\/10\/23\/se-pronuncia-mara-por-un-turismo-con-dignidad-orgullo-y-bienestar-social-en-el-marco-de-travel-mart\/#primaryimage"},"thumbnailUrl":"https:\/\/nitu.mx\/wp-content\/uploads\/2025\/10\/c82ebfba-148b-4000-ba9c-60378bfb9496.jpeg","keywords":["Cancun Travel Mart","Mara Lezama"],"articleSection":["Canc\u00fan","Hoteles"],"inLanguage":"es-MX"},{"@type":"WebPage","@id":"https:\/\/nitu.mx\/index.php\/2025\/10\/23\/se-pronuncia-mara-por-un-turismo-con-dignidad-orgullo-y-bienestar-social-en-el-marco-de-travel-mart\/","url":"https:\/\/nitu.mx\/index.php\/2025\/10\/23\/se-pronuncia-mara-por-un-turismo-con-dignidad-orgullo-y-bienestar-social-en-el-marco-de-travel-mart\/","name":"Se pronuncia Mara por un turismo con dignidad, orgullo y bienestar social, en el marco de Canc\u00fan Travel Mart - Nitu - Noticias de la Industria Turistica","isPartOf":{"@id":"https:\/\/nitu.mx\/#website"},"primaryImageOfPage":{"@id":"https:\/\/nitu.mx\/index.php\/2025\/10\/23\/se-pronuncia-mara-por-un-turismo-con-dignidad-orgullo-y-bienestar-social-en-el-marco-de-travel-mart\/#primaryimage"},"image":{"@id":"https:\/\/nitu.mx\/index.php\/2025\/10\/23\/se-pronuncia-mara-por-un-turismo-con-dignidad-orgullo-y-bienestar-social-en-el-marco-de-travel-mart\/#primaryimage"},"thumbnailUrl":"https:\/\/nitu.mx\/wp-content\/uploads\/2025\/10\/c82ebfba-148b-4000-ba9c-60378bfb9496.jpeg","datePublished":"2025-10-23T20:57:02+00:00","dateModified":"2025-10-23T23:01:56+00:00","breadcrumb":{"@id":"https:\/\/nitu.mx\/index.php\/2025\/10\/23\/se-pronuncia-mara-por-un-turismo-con-dignidad-orgullo-y-bienestar-social-en-el-marco-de-travel-mart\/#breadcrumb"},"inLanguage":"es-MX","potentialAction":[{"@type":"ReadAction","target":["https:\/\/nitu.mx\/index.php\/2025\/10\/23\/se-pronuncia-mara-por-un-turismo-con-dignidad-orgullo-y-bienestar-social-en-el-marco-de-travel-mart\/"]}]},{"@type":"ImageObject","inLanguage":"es-MX","@id":"https:\/\/nitu.mx\/index.php\/2025\/10\/23\/se-pronuncia-mara-por-un-turismo-con-dignidad-orgullo-y-bienestar-social-en-el-marco-de-travel-mart\/#primaryimage","url":"https:\/\/nitu.mx\/wp-content\/uploads\/2025\/10\/c82ebfba-148b-4000-ba9c-60378bfb9496.jpeg","contentUrl":"https:\/\/nitu.mx\/wp-content\/uploads\/2025\/10\/c82ebfba-148b-4000-ba9c-60378bfb9496.jpeg","width":1280,"height":854},{"@type":"BreadcrumbList","@id":"https:\/\/nitu.mx\/index.php\/2025\/10\/23\/se-pronuncia-mara-por-un-turismo-con-dignidad-orgullo-y-bienestar-social-en-el-marco-de-travel-mart\/#breadcrumb","itemListElement":[{"@type":"ListItem","position":1,"name":"Inicio","item":"https:\/\/nitu.mx\/"},{"@type":"ListItem","position":2,"name":"Se pronuncia Mara por un turismo con dignidad, orgullo y bienestar social, en el marco de Canc\u00fan Travel Mart"}]},{"@type":"WebSite","@id":"https:\/\/nitu.mx\/#website","url":"https:\/\/nitu.mx\/","name":"Nitu - Noticias de la Industria Turistica","description":"Noticias de la Industria Turistica","publisher":{"@id":"https:\/\/nitu.mx\/#\/schema\/person\/ae7a53426417292d3dd07b45a33e01bc"},"alternateName":"Noticias de la Industria Turistica","potentialAction":[{"@type":"SearchAction","target":{"@type":"EntryPoint","urlTemplate":"https:\/\/nitu.mx\/?s={search_term_string}"},"query-input":"required name=search_term_string"}],"inLanguage":"es-MX"},{"@type":["Person","Organization"],"@id":"https:\/\/nitu.mx\/#\/schema\/person\/ae7a53426417292d3dd07b45a33e01bc","name":"Arturo Medina","image":{"@type":"ImageObject","inLanguage":"es-MX","@id":"https:\/\/nitu.mx\/#\/schema\/person\/image\/","url":"https:\/\/nitu.mx\/wp-content\/uploads\/2024\/04\/4A315622-1904-4D5C-B022-878CDC840E04-90x90-1.jpeg","contentUrl":"https:\/\/nitu.mx\/wp-content\/uploads\/2024\/04\/4A315622-1904-4D5C-B022-878CDC840E04-90x90-1.jpeg","width":90,"height":90,"caption":"Arturo Medina"},"logo":{"@id":"https:\/\/nitu.mx\/#\/schema\/person\/image\/"},"description":"Director NITU.mx, Egresado de la Escuela de Periodismo Carlos Septi\u00e9n Garc\u00eda. Periodista y analista especializado en turismo desde hace 35 a\u00f1os, radicado en Canc\u00fan Q.Roo. arturo@nitu.mx","sameAs":["https:\/\/nitu.mx","https:\/\/www.facebook.com\/NITUmx\/","medinacancun","https:\/\/twitter.com\/@Arturo_Medina_G"],"url":"https:\/\/nitu.mx\/index.php\/author\/arturo-medina\/"}]}},"views":761,"_links":{"self":[{"href":"https:\/\/nitu.mx\/index.php\/wp-json\/wp\/v2\/posts\/84137"}],"collection":[{"href":"https:\/\/nitu.mx\/index.php\/wp-json\/wp\/v2\/posts"}],"about":[{"href":"https:\/\/nitu.mx\/index.php\/wp-json\/wp\/v2\/types\/post"}],"author":[{"embeddable":true,"href":"https:\/\/nitu.mx\/index.php\/wp-json\/wp\/v2\/users\/2"}],"replies":[{"embeddable":true,"href":"https:\/\/nitu.mx\/index.php\/wp-json\/wp\/v2\/comments?post=84137"}],"version-history":[{"count":2,"href":"https:\/\/nitu.mx\/index.php\/wp-json\/wp\/v2\/posts\/84137\/revisions"}],"predecessor-version":[{"id":84142,"href":"https:\/\/nitu.mx\/index.php\/wp-json\/wp\/v2\/posts\/84137\/revisions\/84142"}],"wp:featuredmedia":[{"embeddable":true,"href":"https:\/\/nitu.mx\/index.php\/wp-json\/wp\/v2\/media\/84139"}],"wp:attachment":[{"href":"https:\/\/nitu.mx\/index.php\/wp-json\/wp\/v2\/media?parent=84137"}],"wp:term":[{"taxonomy":"category","embeddable":true,"href":"https:\/\/nitu.mx\/index.php\/wp-json\/wp\/v2\/categories?post=84137"},{"taxonomy":"post_tag","embeddable":true,"href":"https:\/\/nitu.mx\/index.php\/wp-json\/wp\/v2\/tags?post=84137"}],"curies":[{"name":"wp","href":"https:\/\/api.w.org\/{rel}","templated":true}]}}