{"id":84128,"date":"2025-10-23T13:02:07","date_gmt":"2025-10-23T19:02:07","guid":{"rendered":"https:\/\/nitu.mx\/?p=84128"},"modified":"2025-10-23T13:28:37","modified_gmt":"2025-10-23T19:28:37","slug":"con-altas-expectativas-inauguran-la-edicion-37-del-cancun-travel-mart","status":"publish","type":"post","link":"https:\/\/nitu.mx\/index.php\/2025\/10\/23\/con-altas-expectativas-inauguran-la-edicion-37-del-cancun-travel-mart\/","title":{"rendered":"Con altas expectativas inauguran la edicion 37 del Canc\u00fan Travel Mart"},"content":{"rendered":"\n<p>Rodeado de autoridades de los tres \u00f3rdenes de gobierno, representantes del sector empresarial y tur\u00edstico, y los m\u00e1s altos directivos y l\u00edderes de la hoteler\u00eda, el Ing. Rodrigo de la Pe\u00f1a Segura, Presidente de la Asociaci\u00f3n de Hoteles de Canc\u00fan, Puerto Morelos e Isla Mujeres llev\u00f3 a cabo la Ceremonia Oficial de Inauguraci\u00f3n y Corte de List\u00f3n de la edici\u00f3n n\u00famero XXXVII del Canc\u00fan Travel Mart 2025, magno evento tur\u00edstico de negocios de los destinos m\u00e1s emblem\u00e1ticos de M\u00e9xico y el Caribe.<\/p>\n\n\n\n<p>Durante la ceremonia, el Ing. Rodrigo de la Pe\u00f1a Segura, en su mensaje de bienvenida, destac\u00f3 la relevancia de este evento que, desde 1989, ha sido una plataforma estrat\u00e9gica para fortalecer los lazos comerciales y promover la competitividad de los destinos que representa la AHCPMIM.<\/p>\n\n\n\n<p>\u00abEl potencial de crecimiento que ofrece esta plataforma es inmenso, estoy convencido de que las citas que se lleven a cabo estos dos d\u00edas continuar\u00e1n sumando alianzas y proyectos que a su vez continuar\u00e1n generando \u00e9xitos para Canc\u00fan, Puerto Morelos e Isla Mujeres\u00bb, afirm\u00f3 el Presidente de la AHCPMIM.<\/p>\n\n\n\n<p>El Ing. De la Pe\u00f1a Segura subray\u00f3 adem\u00e1s la importancia de la colaboraci\u00f3n entre el sector p\u00fablico y privado para seguir posicionando a Quintana Roo como l\u00edder tur\u00edstico, reconociendo el esfuerzo de los Hoteles, autoridades y los aliados estrat\u00e9gicos que hacen posible la continuidad y el \u00e9xito del evento.<\/p>\n\n\n\n<p>Posteriormente, se dirigieron mensajes institucionales por parte de la Lic. Ana Patricia Peralta de la Pe\u00f1a, Presidenta Municipal de Benito Ju\u00e1rez; del Lic. Alfonso Ballesteros, representante de la Secretar\u00eda de Turismo Federal; y de la Lic. Mara Lezama Espinosa, Gobernadora del Estado, quien felicit\u00f3 a la Asociaci\u00f3n por su labor permanente en favor de un turismo responsable y con visi\u00f3n de largo plazo.<\/p>\n\n\n\n<p>Tras las intervenciones, los integrantes del pres\u00eddium y el Consejo Directivo de la AHCPMIM realizaron el Corte de List\u00f3n, marcando el inicio formal de las actividades del Canc\u00fan Travel Mart 2025 y con ello consolidando el arranque del evento tur\u00edstico de negocios m\u00e1s esperado en M\u00e9xico y el Caribe.<\/p>\n\n\n\n<p>Con cada edici\u00f3n del Canc\u00fan Travel Mart, la Asociaci\u00f3n de Hoteles de Canc\u00fan, Puerto Morelos e Isla Mujeres reafirma su misi\u00f3n de representar, promover y fortalecer la hoteler\u00eda organizada, impulsando un modelo de turismo sostenible, competitivo e incluyente, que a su vez continua posicionando a los destinos que representa. (<a href=\"https:\/\/nitu.mx\/index.php\/2025\/06\/25\/cancun-ana-paty-peralta-pide-a-hoteleros-redoblar-esfuerzos-contra-el-sargazo\/\">Canc\u00fan: Ana Paty Peralta pide a hoteleros redoblar esfuerzos contra el sargazo<\/a>).<\/p>\n","protected":false},"excerpt":{"rendered":"<p>Rodeado de autoridades de los tres \u00f3rdenes de gobierno, representantes del sector empresarial y tur\u00edstico, y los m\u00e1s altos directivos y l\u00edderes de la hoteler\u00eda, el Ing. Rodrigo de la Pe\u00f1a Segura, Presidente de la Asociaci\u00f3n de Hoteles de Canc\u00fan, Puerto Morelos e Isla Mujeres llev\u00f3 a cabo la Ceremonia Oficial de Inauguraci\u00f3n y Corte [&hellip;]<\/p>\n","protected":false},"author":2,"featured_media":84132,"comment_status":"closed","ping_status":"closed","sticky":false,"template":"","format":"standard","meta":{"footnotes":""},"categories":[21403,18475,2],"tags":[23005,6305,13232],"yoast_head":"<!-- This site is optimized with the Yoast SEO plugin v22.2 - https:\/\/yoast.com\/wordpress\/plugins\/seo\/ -->\n<title>Con altas expectativas inauguran la edicion 37 del Canc\u00fan Travel Mart - Nitu - Noticias de la Industria Turistica<\/title>\n<meta name=\"robots\" content=\"index, follow, max-snippet:-1, max-image-preview:large, max-video-preview:-1\" \/>\n<link rel=\"canonical\" href=\"https:\/\/nitu.mx\/index.php\/2025\/10\/23\/con-altas-expectativas-inauguran-la-edicion-37-del-cancun-travel-mart\/\" \/>\n<meta name=\"twitter:card\" content=\"summary_large_image\" \/>\n<meta name=\"twitter:title\" content=\"Con altas expectativas inauguran la edicion 37 del Canc\u00fan Travel Mart - Nitu - Noticias de la Industria Turistica\" \/>\n<meta name=\"twitter:description\" content=\"Rodeado de autoridades de los tres \u00f3rdenes de gobierno, representantes del sector empresarial y tur\u00edstico, y los m\u00e1s altos directivos y l\u00edderes de la hoteler\u00eda, el Ing. Rodrigo de la Pe\u00f1a Segura, Presidente de la Asociaci\u00f3n de Hoteles de Canc\u00fan, Puerto Morelos e Isla Mujeres llev\u00f3 a cabo la Ceremonia Oficial de Inauguraci\u00f3n y Corte [&hellip;]\" \/>\n<meta name=\"twitter:image\" content=\"https:\/\/nitu.mx\/wp-content\/uploads\/2025\/10\/Captura-de-pantalla-2025-10-23-a-las-1.55.55\u202fp.m.png\" \/>\n<meta name=\"twitter:creator\" content=\"@Arturo_Medina_G\" \/>\n<meta name=\"twitter:site\" content=\"@Arturo_Medina_G\" \/>\n<meta name=\"twitter:label1\" content=\"Escrito por\" \/>\n\t<meta name=\"twitter:data1\" content=\"Arturo Medina\" \/>\n\t<meta name=\"twitter:label2\" content=\"Tiempo de lectura\" \/>\n\t<meta name=\"twitter:data2\" content=\"2 minutos\" \/>\n<script type=\"application\/ld+json\" class=\"yoast-schema-graph\">{\"@context\":\"https:\/\/schema.org\",\"@graph\":[{\"@type\":\"Article\",\"@id\":\"https:\/\/nitu.mx\/index.php\/2025\/10\/23\/con-altas-expectativas-inauguran-la-edicion-37-del-cancun-travel-mart\/#article\",\"isPartOf\":{\"@id\":\"https:\/\/nitu.mx\/index.php\/2025\/10\/23\/con-altas-expectativas-inauguran-la-edicion-37-del-cancun-travel-mart\/\"},\"author\":{\"name\":\"Arturo Medina\",\"@id\":\"https:\/\/nitu.mx\/#\/schema\/person\/ae7a53426417292d3dd07b45a33e01bc\"},\"headline\":\"Con altas expectativas inauguran la edicion 37 del Canc\u00fan Travel Mart\",\"datePublished\":\"2025-10-23T19:02:07+00:00\",\"dateModified\":\"2025-10-23T19:28:37+00:00\",\"mainEntityOfPage\":{\"@id\":\"https:\/\/nitu.mx\/index.php\/2025\/10\/23\/con-altas-expectativas-inauguran-la-edicion-37-del-cancun-travel-mart\/\"},\"wordCount\":453,\"publisher\":{\"@id\":\"https:\/\/nitu.mx\/#\/schema\/person\/ae7a53426417292d3dd07b45a33e01bc\"},\"image\":{\"@id\":\"https:\/\/nitu.mx\/index.php\/2025\/10\/23\/con-altas-expectativas-inauguran-la-edicion-37-del-cancun-travel-mart\/#primaryimage\"},\"thumbnailUrl\":\"https:\/\/nitu.mx\/wp-content\/uploads\/2025\/10\/Captura-de-pantalla-2025-10-23-a-las-1.55.55\u202fp.m.png\",\"keywords\":[\"Asociaci\u00f3n de Hoteles de Canc\u00fan Puerto Morelos e Isla Mujeres (AHC)\",\"Canc\u00fan Travel Mart\",\"Rodrigo de la Pe\u00f1a\"],\"articleSection\":[\"Canc\u00fan\",\"Caribe Mexicano\",\"Hoteles\"],\"inLanguage\":\"es-MX\"},{\"@type\":\"WebPage\",\"@id\":\"https:\/\/nitu.mx\/index.php\/2025\/10\/23\/con-altas-expectativas-inauguran-la-edicion-37-del-cancun-travel-mart\/\",\"url\":\"https:\/\/nitu.mx\/index.php\/2025\/10\/23\/con-altas-expectativas-inauguran-la-edicion-37-del-cancun-travel-mart\/\",\"name\":\"Con altas expectativas inauguran la edicion 37 del Canc\u00fan Travel Mart - Nitu - Noticias de la Industria Turistica\",\"isPartOf\":{\"@id\":\"https:\/\/nitu.mx\/#website\"},\"primaryImageOfPage\":{\"@id\":\"https:\/\/nitu.mx\/index.php\/2025\/10\/23\/con-altas-expectativas-inauguran-la-edicion-37-del-cancun-travel-mart\/#primaryimage\"},\"image\":{\"@id\":\"https:\/\/nitu.mx\/index.php\/2025\/10\/23\/con-altas-expectativas-inauguran-la-edicion-37-del-cancun-travel-mart\/#primaryimage\"},\"thumbnailUrl\":\"https:\/\/nitu.mx\/wp-content\/uploads\/2025\/10\/Captura-de-pantalla-2025-10-23-a-las-1.55.55\u202fp.m.png\",\"datePublished\":\"2025-10-23T19:02:07+00:00\",\"dateModified\":\"2025-10-23T19:28:37+00:00\",\"breadcrumb\":{\"@id\":\"https:\/\/nitu.mx\/index.php\/2025\/10\/23\/con-altas-expectativas-inauguran-la-edicion-37-del-cancun-travel-mart\/#breadcrumb\"},\"inLanguage\":\"es-MX\",\"potentialAction\":[{\"@type\":\"ReadAction\",\"target\":[\"https:\/\/nitu.mx\/index.php\/2025\/10\/23\/con-altas-expectativas-inauguran-la-edicion-37-del-cancun-travel-mart\/\"]}]},{\"@type\":\"ImageObject\",\"inLanguage\":\"es-MX\",\"@id\":\"https:\/\/nitu.mx\/index.php\/2025\/10\/23\/con-altas-expectativas-inauguran-la-edicion-37-del-cancun-travel-mart\/#primaryimage\",\"url\":\"https:\/\/nitu.mx\/wp-content\/uploads\/2025\/10\/Captura-de-pantalla-2025-10-23-a-las-1.55.55\u202fp.m.png\",\"contentUrl\":\"https:\/\/nitu.mx\/wp-content\/uploads\/2025\/10\/Captura-de-pantalla-2025-10-23-a-las-1.55.55\u202fp.m.png\",\"width\":1722,\"height\":806},{\"@type\":\"BreadcrumbList\",\"@id\":\"https:\/\/nitu.mx\/index.php\/2025\/10\/23\/con-altas-expectativas-inauguran-la-edicion-37-del-cancun-travel-mart\/#breadcrumb\",\"itemListElement\":[{\"@type\":\"ListItem\",\"position\":1,\"name\":\"Inicio\",\"item\":\"https:\/\/nitu.mx\/\"},{\"@type\":\"ListItem\",\"position\":2,\"name\":\"Con altas expectativas inauguran la edicion 37 del Canc\u00fan Travel Mart\"}]},{\"@type\":\"WebSite\",\"@id\":\"https:\/\/nitu.mx\/#website\",\"url\":\"https:\/\/nitu.mx\/\",\"name\":\"Nitu - Noticias de la Industria Turistica\",\"description\":\"Noticias de la Industria Turistica\",\"publisher\":{\"@id\":\"https:\/\/nitu.mx\/#\/schema\/person\/ae7a53426417292d3dd07b45a33e01bc\"},\"alternateName\":\"Noticias de la Industria Turistica\",\"potentialAction\":[{\"@type\":\"SearchAction\",\"target\":{\"@type\":\"EntryPoint\",\"urlTemplate\":\"https:\/\/nitu.mx\/?s={search_term_string}\"},\"query-input\":\"required name=search_term_string\"}],\"inLanguage\":\"es-MX\"},{\"@type\":[\"Person\",\"Organization\"],\"@id\":\"https:\/\/nitu.mx\/#\/schema\/person\/ae7a53426417292d3dd07b45a33e01bc\",\"name\":\"Arturo Medina\",\"image\":{\"@type\":\"ImageObject\",\"inLanguage\":\"es-MX\",\"@id\":\"https:\/\/nitu.mx\/#\/schema\/person\/image\/\",\"url\":\"https:\/\/nitu.mx\/wp-content\/uploads\/2024\/04\/4A315622-1904-4D5C-B022-878CDC840E04-90x90-1.jpeg\",\"contentUrl\":\"https:\/\/nitu.mx\/wp-content\/uploads\/2024\/04\/4A315622-1904-4D5C-B022-878CDC840E04-90x90-1.jpeg\",\"width\":90,\"height\":90,\"caption\":\"Arturo Medina\"},\"logo\":{\"@id\":\"https:\/\/nitu.mx\/#\/schema\/person\/image\/\"},\"description\":\"Director NITU.mx, Egresado de la Escuela de Periodismo Carlos Septi\u00e9n Garc\u00eda. Periodista y analista especializado en turismo desde hace 35 a\u00f1os, radicado en Canc\u00fan Q.Roo. arturo@nitu.mx\",\"sameAs\":[\"https:\/\/nitu.mx\",\"https:\/\/www.facebook.com\/NITUmx\/\",\"medinacancun\",\"https:\/\/twitter.com\/@Arturo_Medina_G\"],\"url\":\"https:\/\/nitu.mx\/index.php\/author\/arturo-medina\/\"}]}<\/script>\n<!-- \/ Yoast SEO plugin. -->","yoast_head_json":{"title":"Con altas expectativas inauguran la edicion 37 del Canc\u00fan Travel Mart - Nitu - Noticias de la Industria Turistica","robots":{"index":"index","follow":"follow","max-snippet":"max-snippet:-1","max-image-preview":"max-image-preview:large","max-video-preview":"max-video-preview:-1"},"canonical":"https:\/\/nitu.mx\/index.php\/2025\/10\/23\/con-altas-expectativas-inauguran-la-edicion-37-del-cancun-travel-mart\/","twitter_card":"summary_large_image","twitter_title":"Con altas expectativas inauguran la edicion 37 del Canc\u00fan Travel Mart - Nitu - Noticias de la Industria Turistica","twitter_description":"Rodeado de autoridades de los tres \u00f3rdenes de gobierno, representantes del sector empresarial y tur\u00edstico, y los m\u00e1s altos directivos y l\u00edderes de la hoteler\u00eda, el Ing. Rodrigo de la Pe\u00f1a Segura, Presidente de la Asociaci\u00f3n de Hoteles de Canc\u00fan, Puerto Morelos e Isla Mujeres llev\u00f3 a cabo la Ceremonia Oficial de Inauguraci\u00f3n y Corte [&hellip;]","twitter_image":"https:\/\/nitu.mx\/wp-content\/uploads\/2025\/10\/Captura-de-pantalla-2025-10-23-a-las-1.55.55\u202fp.m.png","twitter_creator":"@Arturo_Medina_G","twitter_site":"@Arturo_Medina_G","twitter_misc":{"Escrito por":"Arturo Medina","Tiempo de lectura":"2 minutos"},"schema":{"@context":"https:\/\/schema.org","@graph":[{"@type":"Article","@id":"https:\/\/nitu.mx\/index.php\/2025\/10\/23\/con-altas-expectativas-inauguran-la-edicion-37-del-cancun-travel-mart\/#article","isPartOf":{"@id":"https:\/\/nitu.mx\/index.php\/2025\/10\/23\/con-altas-expectativas-inauguran-la-edicion-37-del-cancun-travel-mart\/"},"author":{"name":"Arturo Medina","@id":"https:\/\/nitu.mx\/#\/schema\/person\/ae7a53426417292d3dd07b45a33e01bc"},"headline":"Con altas expectativas inauguran la edicion 37 del Canc\u00fan Travel Mart","datePublished":"2025-10-23T19:02:07+00:00","dateModified":"2025-10-23T19:28:37+00:00","mainEntityOfPage":{"@id":"https:\/\/nitu.mx\/index.php\/2025\/10\/23\/con-altas-expectativas-inauguran-la-edicion-37-del-cancun-travel-mart\/"},"wordCount":453,"publisher":{"@id":"https:\/\/nitu.mx\/#\/schema\/person\/ae7a53426417292d3dd07b45a33e01bc"},"image":{"@id":"https:\/\/nitu.mx\/index.php\/2025\/10\/23\/con-altas-expectativas-inauguran-la-edicion-37-del-cancun-travel-mart\/#primaryimage"},"thumbnailUrl":"https:\/\/nitu.mx\/wp-content\/uploads\/2025\/10\/Captura-de-pantalla-2025-10-23-a-las-1.55.55\u202fp.m.png","keywords":["Asociaci\u00f3n de Hoteles de Canc\u00fan Puerto Morelos e Isla Mujeres (AHC)","Canc\u00fan Travel Mart","Rodrigo de la Pe\u00f1a"],"articleSection":["Canc\u00fan","Caribe Mexicano","Hoteles"],"inLanguage":"es-MX"},{"@type":"WebPage","@id":"https:\/\/nitu.mx\/index.php\/2025\/10\/23\/con-altas-expectativas-inauguran-la-edicion-37-del-cancun-travel-mart\/","url":"https:\/\/nitu.mx\/index.php\/2025\/10\/23\/con-altas-expectativas-inauguran-la-edicion-37-del-cancun-travel-mart\/","name":"Con altas expectativas inauguran la edicion 37 del Canc\u00fan Travel Mart - Nitu - Noticias de la Industria Turistica","isPartOf":{"@id":"https:\/\/nitu.mx\/#website"},"primaryImageOfPage":{"@id":"https:\/\/nitu.mx\/index.php\/2025\/10\/23\/con-altas-expectativas-inauguran-la-edicion-37-del-cancun-travel-mart\/#primaryimage"},"image":{"@id":"https:\/\/nitu.mx\/index.php\/2025\/10\/23\/con-altas-expectativas-inauguran-la-edicion-37-del-cancun-travel-mart\/#primaryimage"},"thumbnailUrl":"https:\/\/nitu.mx\/wp-content\/uploads\/2025\/10\/Captura-de-pantalla-2025-10-23-a-las-1.55.55\u202fp.m.png","datePublished":"2025-10-23T19:02:07+00:00","dateModified":"2025-10-23T19:28:37+00:00","breadcrumb":{"@id":"https:\/\/nitu.mx\/index.php\/2025\/10\/23\/con-altas-expectativas-inauguran-la-edicion-37-del-cancun-travel-mart\/#breadcrumb"},"inLanguage":"es-MX","potentialAction":[{"@type":"ReadAction","target":["https:\/\/nitu.mx\/index.php\/2025\/10\/23\/con-altas-expectativas-inauguran-la-edicion-37-del-cancun-travel-mart\/"]}]},{"@type":"ImageObject","inLanguage":"es-MX","@id":"https:\/\/nitu.mx\/index.php\/2025\/10\/23\/con-altas-expectativas-inauguran-la-edicion-37-del-cancun-travel-mart\/#primaryimage","url":"https:\/\/nitu.mx\/wp-content\/uploads\/2025\/10\/Captura-de-pantalla-2025-10-23-a-las-1.55.55\u202fp.m.png","contentUrl":"https:\/\/nitu.mx\/wp-content\/uploads\/2025\/10\/Captura-de-pantalla-2025-10-23-a-las-1.55.55\u202fp.m.png","width":1722,"height":806},{"@type":"BreadcrumbList","@id":"https:\/\/nitu.mx\/index.php\/2025\/10\/23\/con-altas-expectativas-inauguran-la-edicion-37-del-cancun-travel-mart\/#breadcrumb","itemListElement":[{"@type":"ListItem","position":1,"name":"Inicio","item":"https:\/\/nitu.mx\/"},{"@type":"ListItem","position":2,"name":"Con altas expectativas inauguran la edicion 37 del Canc\u00fan Travel Mart"}]},{"@type":"WebSite","@id":"https:\/\/nitu.mx\/#website","url":"https:\/\/nitu.mx\/","name":"Nitu - Noticias de la Industria Turistica","description":"Noticias de la Industria Turistica","publisher":{"@id":"https:\/\/nitu.mx\/#\/schema\/person\/ae7a53426417292d3dd07b45a33e01bc"},"alternateName":"Noticias de la Industria Turistica","potentialAction":[{"@type":"SearchAction","target":{"@type":"EntryPoint","urlTemplate":"https:\/\/nitu.mx\/?s={search_term_string}"},"query-input":"required name=search_term_string"}],"inLanguage":"es-MX"},{"@type":["Person","Organization"],"@id":"https:\/\/nitu.mx\/#\/schema\/person\/ae7a53426417292d3dd07b45a33e01bc","name":"Arturo Medina","image":{"@type":"ImageObject","inLanguage":"es-MX","@id":"https:\/\/nitu.mx\/#\/schema\/person\/image\/","url":"https:\/\/nitu.mx\/wp-content\/uploads\/2024\/04\/4A315622-1904-4D5C-B022-878CDC840E04-90x90-1.jpeg","contentUrl":"https:\/\/nitu.mx\/wp-content\/uploads\/2024\/04\/4A315622-1904-4D5C-B022-878CDC840E04-90x90-1.jpeg","width":90,"height":90,"caption":"Arturo Medina"},"logo":{"@id":"https:\/\/nitu.mx\/#\/schema\/person\/image\/"},"description":"Director NITU.mx, Egresado de la Escuela de Periodismo Carlos Septi\u00e9n Garc\u00eda. Periodista y analista especializado en turismo desde hace 35 a\u00f1os, radicado en Canc\u00fan Q.Roo. arturo@nitu.mx","sameAs":["https:\/\/nitu.mx","https:\/\/www.facebook.com\/NITUmx\/","medinacancun","https:\/\/twitter.com\/@Arturo_Medina_G"],"url":"https:\/\/nitu.mx\/index.php\/author\/arturo-medina\/"}]}},"views":668,"_links":{"self":[{"href":"https:\/\/nitu.mx\/index.php\/wp-json\/wp\/v2\/posts\/84128"}],"collection":[{"href":"https:\/\/nitu.mx\/index.php\/wp-json\/wp\/v2\/posts"}],"about":[{"href":"https:\/\/nitu.mx\/index.php\/wp-json\/wp\/v2\/types\/post"}],"author":[{"embeddable":true,"href":"https:\/\/nitu.mx\/index.php\/wp-json\/wp\/v2\/users\/2"}],"replies":[{"embeddable":true,"href":"https:\/\/nitu.mx\/index.php\/wp-json\/wp\/v2\/comments?post=84128"}],"version-history":[{"count":2,"href":"https:\/\/nitu.mx\/index.php\/wp-json\/wp\/v2\/posts\/84128\/revisions"}],"predecessor-version":[{"id":84134,"href":"https:\/\/nitu.mx\/index.php\/wp-json\/wp\/v2\/posts\/84128\/revisions\/84134"}],"wp:featuredmedia":[{"embeddable":true,"href":"https:\/\/nitu.mx\/index.php\/wp-json\/wp\/v2\/media\/84132"}],"wp:attachment":[{"href":"https:\/\/nitu.mx\/index.php\/wp-json\/wp\/v2\/media?parent=84128"}],"wp:term":[{"taxonomy":"category","embeddable":true,"href":"https:\/\/nitu.mx\/index.php\/wp-json\/wp\/v2\/categories?post=84128"},{"taxonomy":"post_tag","embeddable":true,"href":"https:\/\/nitu.mx\/index.php\/wp-json\/wp\/v2\/tags?post=84128"}],"curies":[{"name":"wp","href":"https:\/\/api.w.org\/{rel}","templated":true}]}}