{"id":84120,"date":"2025-10-22T23:03:52","date_gmt":"2025-10-23T05:03:52","guid":{"rendered":"https:\/\/nitu.mx\/?p=84120"},"modified":"2025-10-22T23:03:52","modified_gmt":"2025-10-23T05:03:52","slug":"gma-y-consolid-cierran-filas-con-gobierno-de-cdmx-rumbo-al-mundial-de-futbol-2026","status":"publish","type":"post","link":"https:\/\/nitu.mx\/index.php\/2025\/10\/22\/gma-y-consolid-cierran-filas-con-gobierno-de-cdmx-rumbo-al-mundial-de-futbol-2026\/","title":{"rendered":"GMA y Consolid cierran filas con Gobierno de CDMX rumbo al Mundial de Futbol 2026"},"content":{"rendered":"\n<p>Con el objetivo de fortalecer la colaboraci\u00f3n entre el sector p\u00fablico y privado rumbo al Mundial de Futbol 2026, se llev\u00f3 a cabo un encuentro convocado por el Grupo Mexicano de Asociaciones de Agencias de Viajes y Empresas Tur\u00edsticas (GMA), que reuni\u00f3 a representantes de las principales organizaciones del sector, autoridades de turismo de la Ciudad de M\u00e9xico, aerol\u00edneas, operadores y l\u00edderes empresariales.<\/p>\n\n\n\n<p>El evento, encabezado por Judith Guerra Aguijosa, presidenta de GMA y CEO de Consolid, destac\u00f3 la importancia de la innovaci\u00f3n, la capacitaci\u00f3n y la uni\u00f3n del gremio para aprovechar la gran oportunidad que representa el magno evento deportivo.<\/p>\n\n\n\n<p>En su mensaje de bienvenida, Judith Guerra subray\u00f3 que el Mundial de Futbol 2026 marcar\u00e1 un antes y un despu\u00e9s para M\u00e9xico, el \u00fanico pa\u00eds que tendr\u00e1 tres inauguraciones \u2014en Ciudad de M\u00e9xico, Guadalajara y Monterrey\u2014, lo que generar\u00e1 una derrama econ\u00f3mica y tur\u00edstica sin precedentes.<\/p>\n\n\n\n<p>\u201cHoy m\u00e1s que nunca es fundamental unir fuerzas, innovar y fortalecer la colaboraci\u00f3n entre todos nosotros. M\u00e9xico tiene todo para brillar ante el mundo\u201d, expres\u00f3.<\/p>\n\n\n\n<p>Durante su intervenci\u00f3n, Guerra Aguijosa record\u00f3 que el pa\u00eds ocupa lugares destacados en el \u00e1mbito internacional: primer lugar en recursos naturales, quinto en recursos culturales, sexto en llegadas de turistas internacionales y quinto en turismo interno.<\/p>\n\n\n\n<p>Adem\u00e1s, enfatiz\u00f3 la relevancia del turismo regional con Estados Unidos y Canad\u00e1, los principales mercados emisores de visitantes hacia M\u00e9xico, al representar 67 y 13 por ciento de participaci\u00f3n.<\/p>\n\n\n\n<p>La presidenta de GMA anticip\u00f3 que la Ciudad de M\u00e9xico podr\u00eda recibir hasta 5.5 millones de turistas durante la temporada del Mundial, lo que exigir\u00e1 una coordinaci\u00f3n estrecha entre autoridades, agencias de viajes, hoteleros y prestadores de servicios tur\u00edsticos.<\/p>\n\n\n\n<p>En representaci\u00f3n del Gobierno de la Ciudad de M\u00e9xico, la secretaria de Turismo local, Alejandra Frausto Guerrero, destac\u00f3 que la capital ser\u00e1 una de las sedes principales del Mundial de Futbol, con cinco partidos programados, incluida una de las inauguraciones.<\/p>\n\n\n\n<p>Subray\u00f3 que la ciudad se prepara con una amplia inversi\u00f3n en infraestructura, electromovilidad y espacios p\u00fablicos, adem\u00e1s de programas de capacitaci\u00f3n y profesionalizaci\u00f3n para garantizar una experiencia de hospitalidad de primer nivel.<\/p>\n\n\n\n<p>\u201cSomos la \u00fanica ciudad del mundo que inaugurar\u00e1 por tercera ocasi\u00f3n una Copa del Mundo. Y lo haremos con un coraz\u00f3n grande, abierto a todas las culturas, sin discriminaci\u00f3n y con el orgullo de ser una ciudad que lo tiene todo\u201d, afirm\u00f3 Frausto, quien tambi\u00e9n comparti\u00f3 que la capital fue reconocida como la n\u00famero uno a nivel internacional en oferta cultural, por encima de Madrid y Par\u00eds.<\/p>\n\n\n\n<p>Asimismo, anunci\u00f3 un ambicioso programa de capacitaci\u00f3n en hospitalidad con miras al Mundial, enfocado en formar a m\u00e1s de 100 mil personas en atenci\u00f3n al visitante, hospitalidad y servicio. Esta red de hospitalidad incluir\u00e1 desde empleados de hoteles hasta trabajadores del comercio local y transporte.<\/p>\n\n\n\n<p>Frausto Guerrero resalt\u00f3 que la Ciudad de M\u00e9xico registra 1.2 millones de operaciones a\u00e9reas anuales, consolid\u00e1ndose como uno de los destinos mejor conectados del continente. Adem\u00e1s, inform\u00f3 sobre nuevas rutas a\u00e9reas directas a Cartagena y Cali, reflejo del fortalecimiento de los lazos tur\u00edsticos con Sudam\u00e9rica.<\/p>\n\n\n\n<p>Entre las obras prioritarias destacan la renovaci\u00f3n de la Zona Rosa, el corredor peatonal de Bellas Artes a Garibaldi, la modernizaci\u00f3n de Chapultepec y la instalaci\u00f3n de m\u00f3dulos de informaci\u00f3n tur\u00edstica digital, con acceso a internet y un chatbot tur\u00edstico que servir\u00e1 como asistente virtual para visitantes nacionales y extranjeros.<\/p>\n\n\n\n<p>\u201cEl turismo depende de que la ciudad funcione bien. Por eso estamos invirtiendo en infraestructura, transporte y drenaje, para que todo est\u00e9 listo cuando recibamos al mundo\u201d, asegur\u00f3 la funcionaria.<\/p>\n\n\n\n<p>En el evento se proyect\u00f3 un video institucional que mostr\u00f3 los avances de la Ciudad de M\u00e9xico como sede mundialista y los proyectos que buscan consolidarla como un destino de clase global.<\/p>\n\n\n\n<p>Tambi\u00e9n se llev\u00f3 a cabo un trade show en donde los agentes de viaje conocieron la oferta de distintos proveedores y prestadores de servicios tur\u00edsticos con el fin de sellar acuerdos comerciales que impulsen el sector.<\/p>\n\n\n\n<p>Adem\u00e1s, se llevaron a cabo dos conferencias magistrales: \u201cDesbloqueando el potencial de los viajes. Gemini redefiniendo la industria\u201d, impartida por Miguel Reyes, customer engineer de AI en Google Cloud; y \u201cEl nuevo algoritmo tur\u00edstico ante la IA\u201d, que expuso Engel Fonseca, CEO de Potential Group.<\/p>\n\n\n\n<p>Con el impulso de las asociaciones, la colaboraci\u00f3n de las autoridades y el entusiasmo del sector privado, M\u00e9xico se encamina a vivir una nueva era del turismo, con la mirada puesta en el Mundial 2026 y en consolidarse como potencia tur\u00edstica global. <\/p>\n\n\n\n<p>\u201cEste es el momento de prepararnos, de capacitarnos y de trabajar juntos para recibir al mundo con la mejor versi\u00f3n del turismo mexicano\u201d, concluy\u00f3 Judith Guerra. (<a href=\"https:\/\/nitu.mx\/index.php\/2025\/10\/16\/fairmont-mayakoba-y-moon-palace-hospedaran-selecciones-del-mundial-de-futbol-2026\/\">Fairmont Mayakoba y Moon Palace hospedar\u00e1n selecciones del Mundial de Futbol 2026<\/a>).<\/p>\n","protected":false},"excerpt":{"rendered":"<p>Con el objetivo de fortalecer la colaboraci\u00f3n entre el sector p\u00fablico y privado rumbo al Mundial de Futbol 2026, se llev\u00f3 a cabo un encuentro convocado por el Grupo Mexicano de Asociaciones de Agencias de Viajes y Empresas Tur\u00edsticas (GMA), que reuni\u00f3 a representantes de las principales organizaciones del sector, autoridades de turismo de la [&hellip;]<\/p>\n","protected":false},"author":18,"featured_media":84122,"comment_status":"closed","ping_status":"closed","sticky":false,"template":"","format":"standard","meta":{"footnotes":""},"categories":[3],"tags":[246,16198,587,3087,3651,3086,93],"yoast_head":"<!-- This site is optimized with the Yoast SEO plugin v22.2 - https:\/\/yoast.com\/wordpress\/plugins\/seo\/ -->\n<title>GMA y Consolid cierran filas con Gobierno de CDMX rumbo al Mundial de Futbol 2026 - Nitu - Noticias de la Industria Turistica<\/title>\n<meta name=\"robots\" content=\"index, follow, max-snippet:-1, max-image-preview:large, max-video-preview:-1\" \/>\n<link rel=\"canonical\" href=\"https:\/\/nitu.mx\/index.php\/2025\/10\/22\/gma-y-consolid-cierran-filas-con-gobierno-de-cdmx-rumbo-al-mundial-de-futbol-2026\/\" \/>\n<meta name=\"twitter:card\" content=\"summary_large_image\" \/>\n<meta name=\"twitter:title\" content=\"GMA y Consolid cierran filas con Gobierno de CDMX rumbo al Mundial de Futbol 2026 - Nitu - Noticias de la Industria Turistica\" \/>\n<meta name=\"twitter:description\" content=\"Con el objetivo de fortalecer la colaboraci\u00f3n entre el sector p\u00fablico y privado rumbo al Mundial de Futbol 2026, se llev\u00f3 a cabo un encuentro convocado por el Grupo Mexicano de Asociaciones de Agencias de Viajes y Empresas Tur\u00edsticas (GMA), que reuni\u00f3 a representantes de las principales organizaciones del sector, autoridades de turismo de la [&hellip;]\" \/>\n<meta name=\"twitter:image\" content=\"https:\/\/nitu.mx\/wp-content\/uploads\/2025\/10\/GMA-y-Sectur-CDMX-Mundial-de-Futbol.jpg\" \/>\n<meta name=\"twitter:creator\" content=\"@NITUmx\" \/>\n<meta name=\"twitter:site\" content=\"@Arturo_Medina_G\" \/>\n<meta name=\"twitter:label1\" content=\"Escrito por\" \/>\n\t<meta name=\"twitter:data1\" content=\"Guadalupe Sixto\" \/>\n\t<meta name=\"twitter:label2\" content=\"Tiempo de lectura\" \/>\n\t<meta name=\"twitter:data2\" content=\"4 minutos\" \/>\n<script type=\"application\/ld+json\" class=\"yoast-schema-graph\">{\"@context\":\"https:\/\/schema.org\",\"@graph\":[{\"@type\":\"Article\",\"@id\":\"https:\/\/nitu.mx\/index.php\/2025\/10\/22\/gma-y-consolid-cierran-filas-con-gobierno-de-cdmx-rumbo-al-mundial-de-futbol-2026\/#article\",\"isPartOf\":{\"@id\":\"https:\/\/nitu.mx\/index.php\/2025\/10\/22\/gma-y-consolid-cierran-filas-con-gobierno-de-cdmx-rumbo-al-mundial-de-futbol-2026\/\"},\"author\":{\"name\":\"Guadalupe Sixto\",\"@id\":\"https:\/\/nitu.mx\/#\/schema\/person\/3df3082b5e46037e3f13614d28ee0b77\"},\"headline\":\"GMA y Consolid cierran filas con Gobierno de CDMX rumbo al Mundial de Futbol 2026\",\"datePublished\":\"2025-10-23T05:03:52+00:00\",\"dateModified\":\"2025-10-23T05:03:52+00:00\",\"mainEntityOfPage\":{\"@id\":\"https:\/\/nitu.mx\/index.php\/2025\/10\/22\/gma-y-consolid-cierran-filas-con-gobierno-de-cdmx-rumbo-al-mundial-de-futbol-2026\/\"},\"wordCount\":850,\"publisher\":{\"@id\":\"https:\/\/nitu.mx\/#\/schema\/person\/ae7a53426417292d3dd07b45a33e01bc\"},\"image\":{\"@id\":\"https:\/\/nitu.mx\/index.php\/2025\/10\/22\/gma-y-consolid-cierran-filas-con-gobierno-de-cdmx-rumbo-al-mundial-de-futbol-2026\/#primaryimage\"},\"thumbnailUrl\":\"https:\/\/nitu.mx\/wp-content\/uploads\/2025\/10\/GMA-y-Sectur-CDMX-Mundial-de-Futbol.jpg\",\"keywords\":[\"agencias de viajes\",\"Alejandra Frausto\",\"CDMX\",\"Consolid\",\"GMA\",\"Judith Guerra\",\"Sectur\"],\"articleSection\":[\"Agencias de Viajes\"],\"inLanguage\":\"es-MX\"},{\"@type\":\"WebPage\",\"@id\":\"https:\/\/nitu.mx\/index.php\/2025\/10\/22\/gma-y-consolid-cierran-filas-con-gobierno-de-cdmx-rumbo-al-mundial-de-futbol-2026\/\",\"url\":\"https:\/\/nitu.mx\/index.php\/2025\/10\/22\/gma-y-consolid-cierran-filas-con-gobierno-de-cdmx-rumbo-al-mundial-de-futbol-2026\/\",\"name\":\"GMA y Consolid cierran filas con Gobierno de CDMX rumbo al Mundial de Futbol 2026 - Nitu - Noticias de la Industria Turistica\",\"isPartOf\":{\"@id\":\"https:\/\/nitu.mx\/#website\"},\"primaryImageOfPage\":{\"@id\":\"https:\/\/nitu.mx\/index.php\/2025\/10\/22\/gma-y-consolid-cierran-filas-con-gobierno-de-cdmx-rumbo-al-mundial-de-futbol-2026\/#primaryimage\"},\"image\":{\"@id\":\"https:\/\/nitu.mx\/index.php\/2025\/10\/22\/gma-y-consolid-cierran-filas-con-gobierno-de-cdmx-rumbo-al-mundial-de-futbol-2026\/#primaryimage\"},\"thumbnailUrl\":\"https:\/\/nitu.mx\/wp-content\/uploads\/2025\/10\/GMA-y-Sectur-CDMX-Mundial-de-Futbol.jpg\",\"datePublished\":\"2025-10-23T05:03:52+00:00\",\"dateModified\":\"2025-10-23T05:03:52+00:00\",\"breadcrumb\":{\"@id\":\"https:\/\/nitu.mx\/index.php\/2025\/10\/22\/gma-y-consolid-cierran-filas-con-gobierno-de-cdmx-rumbo-al-mundial-de-futbol-2026\/#breadcrumb\"},\"inLanguage\":\"es-MX\",\"potentialAction\":[{\"@type\":\"ReadAction\",\"target\":[\"https:\/\/nitu.mx\/index.php\/2025\/10\/22\/gma-y-consolid-cierran-filas-con-gobierno-de-cdmx-rumbo-al-mundial-de-futbol-2026\/\"]}]},{\"@type\":\"ImageObject\",\"inLanguage\":\"es-MX\",\"@id\":\"https:\/\/nitu.mx\/index.php\/2025\/10\/22\/gma-y-consolid-cierran-filas-con-gobierno-de-cdmx-rumbo-al-mundial-de-futbol-2026\/#primaryimage\",\"url\":\"https:\/\/nitu.mx\/wp-content\/uploads\/2025\/10\/GMA-y-Sectur-CDMX-Mundial-de-Futbol.jpg\",\"contentUrl\":\"https:\/\/nitu.mx\/wp-content\/uploads\/2025\/10\/GMA-y-Sectur-CDMX-Mundial-de-Futbol.jpg\",\"width\":1200,\"height\":675,\"caption\":\"GMA y Sectur CDMX Mundial de Futbol\"},{\"@type\":\"BreadcrumbList\",\"@id\":\"https:\/\/nitu.mx\/index.php\/2025\/10\/22\/gma-y-consolid-cierran-filas-con-gobierno-de-cdmx-rumbo-al-mundial-de-futbol-2026\/#breadcrumb\",\"itemListElement\":[{\"@type\":\"ListItem\",\"position\":1,\"name\":\"Inicio\",\"item\":\"https:\/\/nitu.mx\/\"},{\"@type\":\"ListItem\",\"position\":2,\"name\":\"GMA y Consolid cierran filas con Gobierno de CDMX rumbo al Mundial de Futbol 2026\"}]},{\"@type\":\"WebSite\",\"@id\":\"https:\/\/nitu.mx\/#website\",\"url\":\"https:\/\/nitu.mx\/\",\"name\":\"Nitu - Noticias de la Industria Turistica\",\"description\":\"Noticias de la Industria Turistica\",\"publisher\":{\"@id\":\"https:\/\/nitu.mx\/#\/schema\/person\/ae7a53426417292d3dd07b45a33e01bc\"},\"alternateName\":\"Noticias de la Industria Turistica\",\"potentialAction\":[{\"@type\":\"SearchAction\",\"target\":{\"@type\":\"EntryPoint\",\"urlTemplate\":\"https:\/\/nitu.mx\/?s={search_term_string}\"},\"query-input\":\"required name=search_term_string\"}],\"inLanguage\":\"es-MX\"},{\"@type\":[\"Person\",\"Organization\"],\"@id\":\"https:\/\/nitu.mx\/#\/schema\/person\/ae7a53426417292d3dd07b45a33e01bc\",\"name\":\"Arturo Medina\",\"image\":{\"@type\":\"ImageObject\",\"inLanguage\":\"es-MX\",\"@id\":\"https:\/\/nitu.mx\/#\/schema\/person\/image\/\",\"url\":\"https:\/\/nitu.mx\/wp-content\/uploads\/2024\/04\/4A315622-1904-4D5C-B022-878CDC840E04-90x90-1.jpeg\",\"contentUrl\":\"https:\/\/nitu.mx\/wp-content\/uploads\/2024\/04\/4A315622-1904-4D5C-B022-878CDC840E04-90x90-1.jpeg\",\"width\":90,\"height\":90,\"caption\":\"Arturo Medina\"},\"logo\":{\"@id\":\"https:\/\/nitu.mx\/#\/schema\/person\/image\/\"},\"description\":\"Director NITU.mx, Egresado de la Escuela de Periodismo Carlos Septi\u00e9n Garc\u00eda. Periodista y analista especializado en turismo desde hace 35 a\u00f1os, radicado en Canc\u00fan Q.Roo. arturo@nitu.mx\",\"sameAs\":[\"https:\/\/nitu.mx\",\"https:\/\/www.facebook.com\/NITUmx\/\",\"medinacancun\",\"https:\/\/twitter.com\/@Arturo_Medina_G\"]},{\"@type\":\"Person\",\"@id\":\"https:\/\/nitu.mx\/#\/schema\/person\/3df3082b5e46037e3f13614d28ee0b77\",\"name\":\"Guadalupe Sixto\",\"image\":{\"@type\":\"ImageObject\",\"inLanguage\":\"es-MX\",\"@id\":\"https:\/\/nitu.mx\/#\/schema\/person\/image\/\",\"url\":\"https:\/\/secure.gravatar.com\/avatar\/13914e1b0e1919e91f9539de4dc584c4?s=96&d=mm&r=g\",\"contentUrl\":\"https:\/\/secure.gravatar.com\/avatar\/13914e1b0e1919e91f9539de4dc584c4?s=96&d=mm&r=g\",\"caption\":\"Guadalupe Sixto\"},\"url\":\"https:\/\/nitu.mx\/index.php\/author\/gsixto\/\"}]}<\/script>\n<!-- \/ Yoast SEO plugin. -->","yoast_head_json":{"title":"GMA y Consolid cierran filas con Gobierno de CDMX rumbo al Mundial de Futbol 2026 - Nitu - Noticias de la Industria Turistica","robots":{"index":"index","follow":"follow","max-snippet":"max-snippet:-1","max-image-preview":"max-image-preview:large","max-video-preview":"max-video-preview:-1"},"canonical":"https:\/\/nitu.mx\/index.php\/2025\/10\/22\/gma-y-consolid-cierran-filas-con-gobierno-de-cdmx-rumbo-al-mundial-de-futbol-2026\/","twitter_card":"summary_large_image","twitter_title":"GMA y Consolid cierran filas con Gobierno de CDMX rumbo al Mundial de Futbol 2026 - Nitu - Noticias de la Industria Turistica","twitter_description":"Con el objetivo de fortalecer la colaboraci\u00f3n entre el sector p\u00fablico y privado rumbo al Mundial de Futbol 2026, se llev\u00f3 a cabo un encuentro convocado por el Grupo Mexicano de Asociaciones de Agencias de Viajes y Empresas Tur\u00edsticas (GMA), que reuni\u00f3 a representantes de las principales organizaciones del sector, autoridades de turismo de la [&hellip;]","twitter_image":"https:\/\/nitu.mx\/wp-content\/uploads\/2025\/10\/GMA-y-Sectur-CDMX-Mundial-de-Futbol.jpg","twitter_creator":"@NITUmx","twitter_site":"@Arturo_Medina_G","twitter_misc":{"Escrito por":"Guadalupe Sixto","Tiempo de lectura":"4 minutos"},"schema":{"@context":"https:\/\/schema.org","@graph":[{"@type":"Article","@id":"https:\/\/nitu.mx\/index.php\/2025\/10\/22\/gma-y-consolid-cierran-filas-con-gobierno-de-cdmx-rumbo-al-mundial-de-futbol-2026\/#article","isPartOf":{"@id":"https:\/\/nitu.mx\/index.php\/2025\/10\/22\/gma-y-consolid-cierran-filas-con-gobierno-de-cdmx-rumbo-al-mundial-de-futbol-2026\/"},"author":{"name":"Guadalupe Sixto","@id":"https:\/\/nitu.mx\/#\/schema\/person\/3df3082b5e46037e3f13614d28ee0b77"},"headline":"GMA y Consolid cierran filas con Gobierno de CDMX rumbo al Mundial de Futbol 2026","datePublished":"2025-10-23T05:03:52+00:00","dateModified":"2025-10-23T05:03:52+00:00","mainEntityOfPage":{"@id":"https:\/\/nitu.mx\/index.php\/2025\/10\/22\/gma-y-consolid-cierran-filas-con-gobierno-de-cdmx-rumbo-al-mundial-de-futbol-2026\/"},"wordCount":850,"publisher":{"@id":"https:\/\/nitu.mx\/#\/schema\/person\/ae7a53426417292d3dd07b45a33e01bc"},"image":{"@id":"https:\/\/nitu.mx\/index.php\/2025\/10\/22\/gma-y-consolid-cierran-filas-con-gobierno-de-cdmx-rumbo-al-mundial-de-futbol-2026\/#primaryimage"},"thumbnailUrl":"https:\/\/nitu.mx\/wp-content\/uploads\/2025\/10\/GMA-y-Sectur-CDMX-Mundial-de-Futbol.jpg","keywords":["agencias de viajes","Alejandra Frausto","CDMX","Consolid","GMA","Judith Guerra","Sectur"],"articleSection":["Agencias de Viajes"],"inLanguage":"es-MX"},{"@type":"WebPage","@id":"https:\/\/nitu.mx\/index.php\/2025\/10\/22\/gma-y-consolid-cierran-filas-con-gobierno-de-cdmx-rumbo-al-mundial-de-futbol-2026\/","url":"https:\/\/nitu.mx\/index.php\/2025\/10\/22\/gma-y-consolid-cierran-filas-con-gobierno-de-cdmx-rumbo-al-mundial-de-futbol-2026\/","name":"GMA y Consolid cierran filas con Gobierno de CDMX rumbo al Mundial de Futbol 2026 - Nitu - Noticias de la Industria Turistica","isPartOf":{"@id":"https:\/\/nitu.mx\/#website"},"primaryImageOfPage":{"@id":"https:\/\/nitu.mx\/index.php\/2025\/10\/22\/gma-y-consolid-cierran-filas-con-gobierno-de-cdmx-rumbo-al-mundial-de-futbol-2026\/#primaryimage"},"image":{"@id":"https:\/\/nitu.mx\/index.php\/2025\/10\/22\/gma-y-consolid-cierran-filas-con-gobierno-de-cdmx-rumbo-al-mundial-de-futbol-2026\/#primaryimage"},"thumbnailUrl":"https:\/\/nitu.mx\/wp-content\/uploads\/2025\/10\/GMA-y-Sectur-CDMX-Mundial-de-Futbol.jpg","datePublished":"2025-10-23T05:03:52+00:00","dateModified":"2025-10-23T05:03:52+00:00","breadcrumb":{"@id":"https:\/\/nitu.mx\/index.php\/2025\/10\/22\/gma-y-consolid-cierran-filas-con-gobierno-de-cdmx-rumbo-al-mundial-de-futbol-2026\/#breadcrumb"},"inLanguage":"es-MX","potentialAction":[{"@type":"ReadAction","target":["https:\/\/nitu.mx\/index.php\/2025\/10\/22\/gma-y-consolid-cierran-filas-con-gobierno-de-cdmx-rumbo-al-mundial-de-futbol-2026\/"]}]},{"@type":"ImageObject","inLanguage":"es-MX","@id":"https:\/\/nitu.mx\/index.php\/2025\/10\/22\/gma-y-consolid-cierran-filas-con-gobierno-de-cdmx-rumbo-al-mundial-de-futbol-2026\/#primaryimage","url":"https:\/\/nitu.mx\/wp-content\/uploads\/2025\/10\/GMA-y-Sectur-CDMX-Mundial-de-Futbol.jpg","contentUrl":"https:\/\/nitu.mx\/wp-content\/uploads\/2025\/10\/GMA-y-Sectur-CDMX-Mundial-de-Futbol.jpg","width":1200,"height":675,"caption":"GMA y Sectur CDMX Mundial de Futbol"},{"@type":"BreadcrumbList","@id":"https:\/\/nitu.mx\/index.php\/2025\/10\/22\/gma-y-consolid-cierran-filas-con-gobierno-de-cdmx-rumbo-al-mundial-de-futbol-2026\/#breadcrumb","itemListElement":[{"@type":"ListItem","position":1,"name":"Inicio","item":"https:\/\/nitu.mx\/"},{"@type":"ListItem","position":2,"name":"GMA y Consolid cierran filas con Gobierno de CDMX rumbo al Mundial de Futbol 2026"}]},{"@type":"WebSite","@id":"https:\/\/nitu.mx\/#website","url":"https:\/\/nitu.mx\/","name":"Nitu - Noticias de la Industria Turistica","description":"Noticias de la Industria Turistica","publisher":{"@id":"https:\/\/nitu.mx\/#\/schema\/person\/ae7a53426417292d3dd07b45a33e01bc"},"alternateName":"Noticias de la Industria Turistica","potentialAction":[{"@type":"SearchAction","target":{"@type":"EntryPoint","urlTemplate":"https:\/\/nitu.mx\/?s={search_term_string}"},"query-input":"required name=search_term_string"}],"inLanguage":"es-MX"},{"@type":["Person","Organization"],"@id":"https:\/\/nitu.mx\/#\/schema\/person\/ae7a53426417292d3dd07b45a33e01bc","name":"Arturo Medina","image":{"@type":"ImageObject","inLanguage":"es-MX","@id":"https:\/\/nitu.mx\/#\/schema\/person\/image\/","url":"https:\/\/nitu.mx\/wp-content\/uploads\/2024\/04\/4A315622-1904-4D5C-B022-878CDC840E04-90x90-1.jpeg","contentUrl":"https:\/\/nitu.mx\/wp-content\/uploads\/2024\/04\/4A315622-1904-4D5C-B022-878CDC840E04-90x90-1.jpeg","width":90,"height":90,"caption":"Arturo Medina"},"logo":{"@id":"https:\/\/nitu.mx\/#\/schema\/person\/image\/"},"description":"Director NITU.mx, Egresado de la Escuela de Periodismo Carlos Septi\u00e9n Garc\u00eda. Periodista y analista especializado en turismo desde hace 35 a\u00f1os, radicado en Canc\u00fan Q.Roo. arturo@nitu.mx","sameAs":["https:\/\/nitu.mx","https:\/\/www.facebook.com\/NITUmx\/","medinacancun","https:\/\/twitter.com\/@Arturo_Medina_G"]},{"@type":"Person","@id":"https:\/\/nitu.mx\/#\/schema\/person\/3df3082b5e46037e3f13614d28ee0b77","name":"Guadalupe Sixto","image":{"@type":"ImageObject","inLanguage":"es-MX","@id":"https:\/\/nitu.mx\/#\/schema\/person\/image\/","url":"https:\/\/secure.gravatar.com\/avatar\/13914e1b0e1919e91f9539de4dc584c4?s=96&d=mm&r=g","contentUrl":"https:\/\/secure.gravatar.com\/avatar\/13914e1b0e1919e91f9539de4dc584c4?s=96&d=mm&r=g","caption":"Guadalupe Sixto"},"url":"https:\/\/nitu.mx\/index.php\/author\/gsixto\/"}]}},"views":979,"_links":{"self":[{"href":"https:\/\/nitu.mx\/index.php\/wp-json\/wp\/v2\/posts\/84120"}],"collection":[{"href":"https:\/\/nitu.mx\/index.php\/wp-json\/wp\/v2\/posts"}],"about":[{"href":"https:\/\/nitu.mx\/index.php\/wp-json\/wp\/v2\/types\/post"}],"author":[{"embeddable":true,"href":"https:\/\/nitu.mx\/index.php\/wp-json\/wp\/v2\/users\/18"}],"replies":[{"embeddable":true,"href":"https:\/\/nitu.mx\/index.php\/wp-json\/wp\/v2\/comments?post=84120"}],"version-history":[{"count":1,"href":"https:\/\/nitu.mx\/index.php\/wp-json\/wp\/v2\/posts\/84120\/revisions"}],"predecessor-version":[{"id":84123,"href":"https:\/\/nitu.mx\/index.php\/wp-json\/wp\/v2\/posts\/84120\/revisions\/84123"}],"wp:featuredmedia":[{"embeddable":true,"href":"https:\/\/nitu.mx\/index.php\/wp-json\/wp\/v2\/media\/84122"}],"wp:attachment":[{"href":"https:\/\/nitu.mx\/index.php\/wp-json\/wp\/v2\/media?parent=84120"}],"wp:term":[{"taxonomy":"category","embeddable":true,"href":"https:\/\/nitu.mx\/index.php\/wp-json\/wp\/v2\/categories?post=84120"},{"taxonomy":"post_tag","embeddable":true,"href":"https:\/\/nitu.mx\/index.php\/wp-json\/wp\/v2\/tags?post=84120"}],"curies":[{"name":"wp","href":"https:\/\/api.w.org\/{rel}","templated":true}]}}