{"id":84111,"date":"2025-10-22T22:42:19","date_gmt":"2025-10-23T04:42:19","guid":{"rendered":"https:\/\/nitu.mx\/?p=84111"},"modified":"2025-10-22T22:42:20","modified_gmt":"2025-10-23T04:42:20","slug":"ya-vas-de-volaris-renueva-imagen-plataforma-y-beneficios-en-su-6o-aniversario","status":"publish","type":"post","link":"https:\/\/nitu.mx\/index.php\/2025\/10\/22\/ya-vas-de-volaris-renueva-imagen-plataforma-y-beneficios-en-su-6o-aniversario\/","title":{"rendered":"Ya Vas de Volaris renueva imagen, plataforma y beneficios en su 6o aniversario"},"content":{"rendered":"\n<p>Ya Vas, la agencia de viajes oficial de Volaris, celebra seis a\u00f1os de conectar a los mexicanos con el mundo, reafirmando su compromiso de hacer que viajar sea para todos. En el marco de su aniversario, presenta una evoluci\u00f3n integral que marca un cap\u00edtulo m\u00e1s en su historia: una nueva imagen, plataforma tecnol\u00f3gica completamente renovada y m\u00e1s beneficios exclusivos que fortalecen su promesa<br>de ofrecer experiencias accesibles, confiables y personalizadas a sus clientes. <\/p>\n\n\n\n<p>Como parte de esta nueva etapa, Ya Vas, lanz\u00f3 la campa\u00f1a \u201cViajar es para todos\u201d creada con inteligencia artificial como propuesta innovadora dentro la industria tur\u00edstica. <\/p>\n\n\n\n<p>La iniciativa busca representar los distintos momentos, perfiles y motivaciones de los viajes que forman parte de su comunidad, mostrando que cada persona, sin importar su edad, estilo de viaje o destino, merecen la oportunidad de descubrir el mundo. Porque Ya Vas est\u00e1 convencido de que viajar es para todos.<\/p>\n\n\n\n<p>\u201cCon m\u00e1s de 218 rutas activas y destinos nacionales e internacionales como Las Vegas, Chicago, Florida, Lima, Bogot\u00e1 y Nueva York, YA VAS se consolida como un aliado estrat\u00e9gico para los viajeros que buscan descubrir, planear y disfrutar sus vacaciones con facilidad. Su nueva plataforma refleja esa evoluci\u00f3n: m\u00e1s moderna, r\u00e1pida y personalizada, dise\u00f1ada para que los usuarios puedan gestionar todo su viaje vuelos, hospedaje, renta de autos, traslados y actividades en un solo lugar y con el respaldo operativo directo de Volaris\u201d destac\u00f3 Froebel Omar Carrera, Director Sr. Comercial de Volaris.<\/p>\n\n\n\n<p>Esta actualizaci\u00f3n fortalece la relaci\u00f3n entre tecnolog\u00eda y confianza, dos pilares que han definido a la marca desde su creaci\u00f3n. Gracias a su conectividad directa con la aerol\u00ednea, Ya Vas ofrece soporte en tiempo real, acceso prioritario a promociones a\u00e9reas y precios hasta<br>15% m\u00e1s bajos que la competencia. <\/p>\n\n\n\n<p>Adem\u00e1s, todos los paquetes incluyen equipaje de mano sin costo adicional y convenios con m\u00e1s de 600 hoteles dentro y fuera del pa\u00eds, entre ellos Grupo Posadas, Iberostar RIU, Park Royal y Grupo Oasis, garantizando estancias c\u00f3modas, seguras y a precios competitivos.<\/p>\n\n\n\n<p>Consciente del impacto econ\u00f3mico del turismo que representa el 8.5% del PIB nacional, Ya Vas tambi\u00e9n impulsa un modelo m\u00e1s inclusivo y sostenible, que fomenta la participaci\u00f3n de peque\u00f1as y medianas empresas del sector, generando valor a lo largo de toda la cadena de viaje.<\/p>\n\n\n\n<p>A pesar de los retos recientes de recuperaci\u00f3n tras la pandemia, el turismo sigue siendo un motor importante de la econom\u00eda nacional. La eficiencia operativa, la innovaci\u00f3n en plataformas digitales y la integraci\u00f3n de servicios adquieren mayor relevancia para la comunidad viajera que demanda facilidad, competitividad y confianza.<\/p>\n\n\n\n<p>\u201cEn Ya Vas estamos muy orgullosos por el relanzamiento de nuestra nueva imagen y el fortalecimiento de nuestra plataforma tecnol\u00f3gica, pues adem\u00e1s de reflejar nuestro compromiso permanente de ser m\u00e1s competitivos en beneficio de los clientes, tambi\u00e9n es<br>muestra de los avances que hemos logrado en estos casi seis a\u00f1os de existencia. Nuestra oferta diferenciada se traduce en servicios m\u00e1s integrales, accesibles y atractivos para el mercado\u201d, asegur\u00f3 Omar Carrera.<\/p>\n\n\n\n<p>A seis a\u00f1os de su fundaci\u00f3n, Ya Vas celebra su evoluci\u00f3n reafirmando el prop\u00f3sito que la ha guiado desde el inicio: democratizar los viajes y acercar a m\u00e1s mexicanos a los destinos que sue\u00f1an conocer. Hoy, su nueva etapa invita a seguir transformando la rutina en<br>momentos inolvidables, con la confianza de contar con el respaldo de Volaris. Porque, al final, viajar es para todos. (<a href=\"https:\/\/nitu.mx\/index.php\/2024\/08\/11\/ya-vas-de-volaris-impulsara-paquetes-en-las-propiedades-de-rcd-hotels\/\">Ya Vas de Volaris impulsar\u00e1 paquetes en las propiedades de RCD Hotels<\/a>).<\/p>\n","protected":false},"excerpt":{"rendered":"<p>Ya Vas, la agencia de viajes oficial de Volaris, celebra seis a\u00f1os de conectar a los mexicanos con el mundo, reafirmando su compromiso de hacer que viajar sea para todos. En el marco de su aniversario, presenta una evoluci\u00f3n integral que marca un cap\u00edtulo m\u00e1s en su historia: una nueva imagen, plataforma tecnol\u00f3gica completamente renovada [&hellip;]<\/p>\n","protected":false},"author":17,"featured_media":84113,"comment_status":"closed","ping_status":"closed","sticky":false,"template":"","format":"standard","meta":{"footnotes":""},"categories":[29,3],"tags":[9435,22860,131,22764],"yoast_head":"<!-- This site is optimized with the Yoast SEO plugin v22.2 - https:\/\/yoast.com\/wordpress\/plugins\/seo\/ -->\n<title>Ya Vas de Volaris renueva imagen, plataforma y beneficios en su 6o aniversario - Nitu - Noticias de la Industria Turistica<\/title>\n<meta name=\"robots\" content=\"index, follow, max-snippet:-1, max-image-preview:large, max-video-preview:-1\" \/>\n<link rel=\"canonical\" href=\"https:\/\/nitu.mx\/index.php\/2025\/10\/22\/ya-vas-de-volaris-renueva-imagen-plataforma-y-beneficios-en-su-6o-aniversario\/\" \/>\n<meta name=\"twitter:card\" content=\"summary_large_image\" \/>\n<meta name=\"twitter:title\" content=\"Ya Vas de Volaris renueva imagen, plataforma y beneficios en su 6o aniversario - Nitu - Noticias de la Industria Turistica\" \/>\n<meta name=\"twitter:description\" content=\"Ya Vas, la agencia de viajes oficial de Volaris, celebra seis a\u00f1os de conectar a los mexicanos con el mundo, reafirmando su compromiso de hacer que viajar sea para todos. En el marco de su aniversario, presenta una evoluci\u00f3n integral que marca un cap\u00edtulo m\u00e1s en su historia: una nueva imagen, plataforma tecnol\u00f3gica completamente renovada [&hellip;]\" \/>\n<meta name=\"twitter:image\" content=\"https:\/\/nitu.mx\/wp-content\/uploads\/2025\/10\/ya-vas-volaris-6o-aniversario.jpg\" \/>\n<meta name=\"twitter:creator\" content=\"@NITUmx\" \/>\n<meta name=\"twitter:site\" content=\"@Arturo_Medina_G\" \/>\n<meta name=\"twitter:label1\" content=\"Escrito por\" \/>\n\t<meta name=\"twitter:data1\" content=\"Redacci\u00f3n\" \/>\n\t<meta name=\"twitter:label2\" content=\"Tiempo de lectura\" \/>\n\t<meta name=\"twitter:data2\" content=\"3 minutos\" \/>\n<script type=\"application\/ld+json\" class=\"yoast-schema-graph\">{\"@context\":\"https:\/\/schema.org\",\"@graph\":[{\"@type\":\"Article\",\"@id\":\"https:\/\/nitu.mx\/index.php\/2025\/10\/22\/ya-vas-de-volaris-renueva-imagen-plataforma-y-beneficios-en-su-6o-aniversario\/#article\",\"isPartOf\":{\"@id\":\"https:\/\/nitu.mx\/index.php\/2025\/10\/22\/ya-vas-de-volaris-renueva-imagen-plataforma-y-beneficios-en-su-6o-aniversario\/\"},\"author\":{\"name\":\"Redacci\u00f3n\",\"@id\":\"https:\/\/nitu.mx\/#\/schema\/person\/4a28fe9bd65924f7c90623773daf1b0b\"},\"headline\":\"Ya Vas de Volaris renueva imagen, plataforma y beneficios en su 6o aniversario\",\"datePublished\":\"2025-10-23T04:42:19+00:00\",\"dateModified\":\"2025-10-23T04:42:20+00:00\",\"mainEntityOfPage\":{\"@id\":\"https:\/\/nitu.mx\/index.php\/2025\/10\/22\/ya-vas-de-volaris-renueva-imagen-plataforma-y-beneficios-en-su-6o-aniversario\/\"},\"wordCount\":624,\"publisher\":{\"@id\":\"https:\/\/nitu.mx\/#\/schema\/person\/ae7a53426417292d3dd07b45a33e01bc\"},\"image\":{\"@id\":\"https:\/\/nitu.mx\/index.php\/2025\/10\/22\/ya-vas-de-volaris-renueva-imagen-plataforma-y-beneficios-en-su-6o-aniversario\/#primaryimage\"},\"thumbnailUrl\":\"https:\/\/nitu.mx\/wp-content\/uploads\/2025\/10\/ya-vas-volaris-6o-aniversario.jpg\",\"keywords\":[\"Inteligencia artificial\",\"Omar Carrera\",\"Volaris\",\"Ya Vas\"],\"articleSection\":[\"Aerol\u00edneas\",\"Agencias de Viajes\"],\"inLanguage\":\"es-MX\"},{\"@type\":\"WebPage\",\"@id\":\"https:\/\/nitu.mx\/index.php\/2025\/10\/22\/ya-vas-de-volaris-renueva-imagen-plataforma-y-beneficios-en-su-6o-aniversario\/\",\"url\":\"https:\/\/nitu.mx\/index.php\/2025\/10\/22\/ya-vas-de-volaris-renueva-imagen-plataforma-y-beneficios-en-su-6o-aniversario\/\",\"name\":\"Ya Vas de Volaris renueva imagen, plataforma y beneficios en su 6o aniversario - Nitu - Noticias de la Industria Turistica\",\"isPartOf\":{\"@id\":\"https:\/\/nitu.mx\/#website\"},\"primaryImageOfPage\":{\"@id\":\"https:\/\/nitu.mx\/index.php\/2025\/10\/22\/ya-vas-de-volaris-renueva-imagen-plataforma-y-beneficios-en-su-6o-aniversario\/#primaryimage\"},\"image\":{\"@id\":\"https:\/\/nitu.mx\/index.php\/2025\/10\/22\/ya-vas-de-volaris-renueva-imagen-plataforma-y-beneficios-en-su-6o-aniversario\/#primaryimage\"},\"thumbnailUrl\":\"https:\/\/nitu.mx\/wp-content\/uploads\/2025\/10\/ya-vas-volaris-6o-aniversario.jpg\",\"datePublished\":\"2025-10-23T04:42:19+00:00\",\"dateModified\":\"2025-10-23T04:42:20+00:00\",\"breadcrumb\":{\"@id\":\"https:\/\/nitu.mx\/index.php\/2025\/10\/22\/ya-vas-de-volaris-renueva-imagen-plataforma-y-beneficios-en-su-6o-aniversario\/#breadcrumb\"},\"inLanguage\":\"es-MX\",\"potentialAction\":[{\"@type\":\"ReadAction\",\"target\":[\"https:\/\/nitu.mx\/index.php\/2025\/10\/22\/ya-vas-de-volaris-renueva-imagen-plataforma-y-beneficios-en-su-6o-aniversario\/\"]}]},{\"@type\":\"ImageObject\",\"inLanguage\":\"es-MX\",\"@id\":\"https:\/\/nitu.mx\/index.php\/2025\/10\/22\/ya-vas-de-volaris-renueva-imagen-plataforma-y-beneficios-en-su-6o-aniversario\/#primaryimage\",\"url\":\"https:\/\/nitu.mx\/wp-content\/uploads\/2025\/10\/ya-vas-volaris-6o-aniversario.jpg\",\"contentUrl\":\"https:\/\/nitu.mx\/wp-content\/uploads\/2025\/10\/ya-vas-volaris-6o-aniversario.jpg\",\"width\":1200,\"height\":675,\"caption\":\"ya vas volaris 6o aniversario\"},{\"@type\":\"BreadcrumbList\",\"@id\":\"https:\/\/nitu.mx\/index.php\/2025\/10\/22\/ya-vas-de-volaris-renueva-imagen-plataforma-y-beneficios-en-su-6o-aniversario\/#breadcrumb\",\"itemListElement\":[{\"@type\":\"ListItem\",\"position\":1,\"name\":\"Inicio\",\"item\":\"https:\/\/nitu.mx\/\"},{\"@type\":\"ListItem\",\"position\":2,\"name\":\"Ya Vas de Volaris renueva imagen, plataforma y beneficios en su 6o aniversario\"}]},{\"@type\":\"WebSite\",\"@id\":\"https:\/\/nitu.mx\/#website\",\"url\":\"https:\/\/nitu.mx\/\",\"name\":\"Nitu - Noticias de la Industria Turistica\",\"description\":\"Noticias de la Industria Turistica\",\"publisher\":{\"@id\":\"https:\/\/nitu.mx\/#\/schema\/person\/ae7a53426417292d3dd07b45a33e01bc\"},\"alternateName\":\"Noticias de la Industria Turistica\",\"potentialAction\":[{\"@type\":\"SearchAction\",\"target\":{\"@type\":\"EntryPoint\",\"urlTemplate\":\"https:\/\/nitu.mx\/?s={search_term_string}\"},\"query-input\":\"required name=search_term_string\"}],\"inLanguage\":\"es-MX\"},{\"@type\":[\"Person\",\"Organization\"],\"@id\":\"https:\/\/nitu.mx\/#\/schema\/person\/ae7a53426417292d3dd07b45a33e01bc\",\"name\":\"Arturo Medina\",\"image\":{\"@type\":\"ImageObject\",\"inLanguage\":\"es-MX\",\"@id\":\"https:\/\/nitu.mx\/#\/schema\/person\/image\/\",\"url\":\"https:\/\/nitu.mx\/wp-content\/uploads\/2024\/04\/4A315622-1904-4D5C-B022-878CDC840E04-90x90-1.jpeg\",\"contentUrl\":\"https:\/\/nitu.mx\/wp-content\/uploads\/2024\/04\/4A315622-1904-4D5C-B022-878CDC840E04-90x90-1.jpeg\",\"width\":90,\"height\":90,\"caption\":\"Arturo Medina\"},\"logo\":{\"@id\":\"https:\/\/nitu.mx\/#\/schema\/person\/image\/\"},\"description\":\"Director NITU.mx, Egresado de la Escuela de Periodismo Carlos Septi\u00e9n Garc\u00eda. Periodista y analista especializado en turismo desde hace 35 a\u00f1os, radicado en Canc\u00fan Q.Roo. arturo@nitu.mx\",\"sameAs\":[\"https:\/\/nitu.mx\",\"https:\/\/www.facebook.com\/NITUmx\/\",\"medinacancun\",\"https:\/\/twitter.com\/@Arturo_Medina_G\"]},{\"@type\":\"Person\",\"@id\":\"https:\/\/nitu.mx\/#\/schema\/person\/4a28fe9bd65924f7c90623773daf1b0b\",\"name\":\"Redacci\u00f3n\",\"image\":{\"@type\":\"ImageObject\",\"inLanguage\":\"es-MX\",\"@id\":\"https:\/\/nitu.mx\/#\/schema\/person\/image\/\",\"url\":\"https:\/\/secure.gravatar.com\/avatar\/5dd011c8ccfc5cd7e4c81e42252aab38?s=96&d=mm&r=g\",\"contentUrl\":\"https:\/\/secure.gravatar.com\/avatar\/5dd011c8ccfc5cd7e4c81e42252aab38?s=96&d=mm&r=g\",\"caption\":\"Redacci\u00f3n\"},\"url\":\"https:\/\/nitu.mx\/index.php\/author\/redaccion\/\"}]}<\/script>\n<!-- \/ Yoast SEO plugin. -->","yoast_head_json":{"title":"Ya Vas de Volaris renueva imagen, plataforma y beneficios en su 6o aniversario - Nitu - Noticias de la Industria Turistica","robots":{"index":"index","follow":"follow","max-snippet":"max-snippet:-1","max-image-preview":"max-image-preview:large","max-video-preview":"max-video-preview:-1"},"canonical":"https:\/\/nitu.mx\/index.php\/2025\/10\/22\/ya-vas-de-volaris-renueva-imagen-plataforma-y-beneficios-en-su-6o-aniversario\/","twitter_card":"summary_large_image","twitter_title":"Ya Vas de Volaris renueva imagen, plataforma y beneficios en su 6o aniversario - Nitu - Noticias de la Industria Turistica","twitter_description":"Ya Vas, la agencia de viajes oficial de Volaris, celebra seis a\u00f1os de conectar a los mexicanos con el mundo, reafirmando su compromiso de hacer que viajar sea para todos. En el marco de su aniversario, presenta una evoluci\u00f3n integral que marca un cap\u00edtulo m\u00e1s en su historia: una nueva imagen, plataforma tecnol\u00f3gica completamente renovada [&hellip;]","twitter_image":"https:\/\/nitu.mx\/wp-content\/uploads\/2025\/10\/ya-vas-volaris-6o-aniversario.jpg","twitter_creator":"@NITUmx","twitter_site":"@Arturo_Medina_G","twitter_misc":{"Escrito por":"Redacci\u00f3n","Tiempo de lectura":"3 minutos"},"schema":{"@context":"https:\/\/schema.org","@graph":[{"@type":"Article","@id":"https:\/\/nitu.mx\/index.php\/2025\/10\/22\/ya-vas-de-volaris-renueva-imagen-plataforma-y-beneficios-en-su-6o-aniversario\/#article","isPartOf":{"@id":"https:\/\/nitu.mx\/index.php\/2025\/10\/22\/ya-vas-de-volaris-renueva-imagen-plataforma-y-beneficios-en-su-6o-aniversario\/"},"author":{"name":"Redacci\u00f3n","@id":"https:\/\/nitu.mx\/#\/schema\/person\/4a28fe9bd65924f7c90623773daf1b0b"},"headline":"Ya Vas de Volaris renueva imagen, plataforma y beneficios en su 6o aniversario","datePublished":"2025-10-23T04:42:19+00:00","dateModified":"2025-10-23T04:42:20+00:00","mainEntityOfPage":{"@id":"https:\/\/nitu.mx\/index.php\/2025\/10\/22\/ya-vas-de-volaris-renueva-imagen-plataforma-y-beneficios-en-su-6o-aniversario\/"},"wordCount":624,"publisher":{"@id":"https:\/\/nitu.mx\/#\/schema\/person\/ae7a53426417292d3dd07b45a33e01bc"},"image":{"@id":"https:\/\/nitu.mx\/index.php\/2025\/10\/22\/ya-vas-de-volaris-renueva-imagen-plataforma-y-beneficios-en-su-6o-aniversario\/#primaryimage"},"thumbnailUrl":"https:\/\/nitu.mx\/wp-content\/uploads\/2025\/10\/ya-vas-volaris-6o-aniversario.jpg","keywords":["Inteligencia artificial","Omar Carrera","Volaris","Ya Vas"],"articleSection":["Aerol\u00edneas","Agencias de Viajes"],"inLanguage":"es-MX"},{"@type":"WebPage","@id":"https:\/\/nitu.mx\/index.php\/2025\/10\/22\/ya-vas-de-volaris-renueva-imagen-plataforma-y-beneficios-en-su-6o-aniversario\/","url":"https:\/\/nitu.mx\/index.php\/2025\/10\/22\/ya-vas-de-volaris-renueva-imagen-plataforma-y-beneficios-en-su-6o-aniversario\/","name":"Ya Vas de Volaris renueva imagen, plataforma y beneficios en su 6o aniversario - Nitu - Noticias de la Industria Turistica","isPartOf":{"@id":"https:\/\/nitu.mx\/#website"},"primaryImageOfPage":{"@id":"https:\/\/nitu.mx\/index.php\/2025\/10\/22\/ya-vas-de-volaris-renueva-imagen-plataforma-y-beneficios-en-su-6o-aniversario\/#primaryimage"},"image":{"@id":"https:\/\/nitu.mx\/index.php\/2025\/10\/22\/ya-vas-de-volaris-renueva-imagen-plataforma-y-beneficios-en-su-6o-aniversario\/#primaryimage"},"thumbnailUrl":"https:\/\/nitu.mx\/wp-content\/uploads\/2025\/10\/ya-vas-volaris-6o-aniversario.jpg","datePublished":"2025-10-23T04:42:19+00:00","dateModified":"2025-10-23T04:42:20+00:00","breadcrumb":{"@id":"https:\/\/nitu.mx\/index.php\/2025\/10\/22\/ya-vas-de-volaris-renueva-imagen-plataforma-y-beneficios-en-su-6o-aniversario\/#breadcrumb"},"inLanguage":"es-MX","potentialAction":[{"@type":"ReadAction","target":["https:\/\/nitu.mx\/index.php\/2025\/10\/22\/ya-vas-de-volaris-renueva-imagen-plataforma-y-beneficios-en-su-6o-aniversario\/"]}]},{"@type":"ImageObject","inLanguage":"es-MX","@id":"https:\/\/nitu.mx\/index.php\/2025\/10\/22\/ya-vas-de-volaris-renueva-imagen-plataforma-y-beneficios-en-su-6o-aniversario\/#primaryimage","url":"https:\/\/nitu.mx\/wp-content\/uploads\/2025\/10\/ya-vas-volaris-6o-aniversario.jpg","contentUrl":"https:\/\/nitu.mx\/wp-content\/uploads\/2025\/10\/ya-vas-volaris-6o-aniversario.jpg","width":1200,"height":675,"caption":"ya vas volaris 6o aniversario"},{"@type":"BreadcrumbList","@id":"https:\/\/nitu.mx\/index.php\/2025\/10\/22\/ya-vas-de-volaris-renueva-imagen-plataforma-y-beneficios-en-su-6o-aniversario\/#breadcrumb","itemListElement":[{"@type":"ListItem","position":1,"name":"Inicio","item":"https:\/\/nitu.mx\/"},{"@type":"ListItem","position":2,"name":"Ya Vas de Volaris renueva imagen, plataforma y beneficios en su 6o aniversario"}]},{"@type":"WebSite","@id":"https:\/\/nitu.mx\/#website","url":"https:\/\/nitu.mx\/","name":"Nitu - Noticias de la Industria Turistica","description":"Noticias de la Industria Turistica","publisher":{"@id":"https:\/\/nitu.mx\/#\/schema\/person\/ae7a53426417292d3dd07b45a33e01bc"},"alternateName":"Noticias de la Industria Turistica","potentialAction":[{"@type":"SearchAction","target":{"@type":"EntryPoint","urlTemplate":"https:\/\/nitu.mx\/?s={search_term_string}"},"query-input":"required name=search_term_string"}],"inLanguage":"es-MX"},{"@type":["Person","Organization"],"@id":"https:\/\/nitu.mx\/#\/schema\/person\/ae7a53426417292d3dd07b45a33e01bc","name":"Arturo Medina","image":{"@type":"ImageObject","inLanguage":"es-MX","@id":"https:\/\/nitu.mx\/#\/schema\/person\/image\/","url":"https:\/\/nitu.mx\/wp-content\/uploads\/2024\/04\/4A315622-1904-4D5C-B022-878CDC840E04-90x90-1.jpeg","contentUrl":"https:\/\/nitu.mx\/wp-content\/uploads\/2024\/04\/4A315622-1904-4D5C-B022-878CDC840E04-90x90-1.jpeg","width":90,"height":90,"caption":"Arturo Medina"},"logo":{"@id":"https:\/\/nitu.mx\/#\/schema\/person\/image\/"},"description":"Director NITU.mx, Egresado de la Escuela de Periodismo Carlos Septi\u00e9n Garc\u00eda. Periodista y analista especializado en turismo desde hace 35 a\u00f1os, radicado en Canc\u00fan Q.Roo. arturo@nitu.mx","sameAs":["https:\/\/nitu.mx","https:\/\/www.facebook.com\/NITUmx\/","medinacancun","https:\/\/twitter.com\/@Arturo_Medina_G"]},{"@type":"Person","@id":"https:\/\/nitu.mx\/#\/schema\/person\/4a28fe9bd65924f7c90623773daf1b0b","name":"Redacci\u00f3n","image":{"@type":"ImageObject","inLanguage":"es-MX","@id":"https:\/\/nitu.mx\/#\/schema\/person\/image\/","url":"https:\/\/secure.gravatar.com\/avatar\/5dd011c8ccfc5cd7e4c81e42252aab38?s=96&d=mm&r=g","contentUrl":"https:\/\/secure.gravatar.com\/avatar\/5dd011c8ccfc5cd7e4c81e42252aab38?s=96&d=mm&r=g","caption":"Redacci\u00f3n"},"url":"https:\/\/nitu.mx\/index.php\/author\/redaccion\/"}]}},"views":813,"_links":{"self":[{"href":"https:\/\/nitu.mx\/index.php\/wp-json\/wp\/v2\/posts\/84111"}],"collection":[{"href":"https:\/\/nitu.mx\/index.php\/wp-json\/wp\/v2\/posts"}],"about":[{"href":"https:\/\/nitu.mx\/index.php\/wp-json\/wp\/v2\/types\/post"}],"author":[{"embeddable":true,"href":"https:\/\/nitu.mx\/index.php\/wp-json\/wp\/v2\/users\/17"}],"replies":[{"embeddable":true,"href":"https:\/\/nitu.mx\/index.php\/wp-json\/wp\/v2\/comments?post=84111"}],"version-history":[{"count":1,"href":"https:\/\/nitu.mx\/index.php\/wp-json\/wp\/v2\/posts\/84111\/revisions"}],"predecessor-version":[{"id":84114,"href":"https:\/\/nitu.mx\/index.php\/wp-json\/wp\/v2\/posts\/84111\/revisions\/84114"}],"wp:featuredmedia":[{"embeddable":true,"href":"https:\/\/nitu.mx\/index.php\/wp-json\/wp\/v2\/media\/84113"}],"wp:attachment":[{"href":"https:\/\/nitu.mx\/index.php\/wp-json\/wp\/v2\/media?parent=84111"}],"wp:term":[{"taxonomy":"category","embeddable":true,"href":"https:\/\/nitu.mx\/index.php\/wp-json\/wp\/v2\/categories?post=84111"},{"taxonomy":"post_tag","embeddable":true,"href":"https:\/\/nitu.mx\/index.php\/wp-json\/wp\/v2\/tags?post=84111"}],"curies":[{"name":"wp","href":"https:\/\/api.w.org\/{rel}","templated":true}]}}