{"id":84103,"date":"2025-10-22T22:10:53","date_gmt":"2025-10-23T04:10:53","guid":{"rendered":"https:\/\/nitu.mx\/?p=84103"},"modified":"2025-10-22T22:10:53","modified_gmt":"2025-10-23T04:10:53","slug":"delta-y-latam-airlines-celebran-3-anos-de-alianza-con-un-aumento-de-88-en-capacidad","status":"publish","type":"post","link":"https:\/\/nitu.mx\/index.php\/2025\/10\/22\/delta-y-latam-airlines-celebran-3-anos-de-alianza-con-un-aumento-de-88-en-capacidad\/","title":{"rendered":"Delta y LATAM Airlines celebran 3 a\u00f1os de alianza con un aumento de 88% en capacidad"},"content":{"rendered":"\n<p>A tres a\u00f1os del inicio de su Joint Venture, el grupo LATAM y Delta Air Lines realizan un balance e informan que desde el 2022, el acuerdo les ha permitido incrementar su capacidad combinada en un 88% (medido en ASK). Esto se traduce en 9 nuevas rutas, m\u00e1s de 62 mil vuelos operados y 14.5 millones de pasajeros transportados entre Estados Unidos y Canad\u00e1 (Am\u00e9rica del Norte) y Am\u00e9rica del Sur (Argentina, Brasil, Chile, Colombia, Ecuador, Paraguay, Per\u00fa y Uruguay).<\/p>\n\n\n\n<p>Algunos de los hitos m\u00e1s importantes durante el tercer a\u00f1o del acuerdo fueron la incorporaci\u00f3n de Argentina a la cobertura del Joint Venture en Sudam\u00e9rica para viajes a Estados Unidos y Canad\u00e1 y el anuncio de nuevas rutas como Lima-Orlando, Buenos Aires-Miami, Guayaquil-Nueva York y Lima-Salt Lake-City.\u00a0<\/p>\n\n\n\n<p>\u201cEl crecimiento de capacidad mencionado anteriormente, sumado a los m\u00e1s de 200 destinos ofrecidos por Delta en Estados Unidos y Canad\u00e1 y los m\u00e1s de 130 ofrecidos por Latam en Am\u00e9rica del Sur hacen que el Joint Venture juegue un rol fundamental conectando la regi\u00f3n, ofreciendo la red m\u00e1s grande y diversa en cuanto a destinos y opciones de viajes\u201d, dice Soledad Berrios, directora de Alianzas Estrat\u00e9gicas del grupo LATAM.<\/p>\n\n\n\n<p>Con Atlanta (ATL), Boston (BOS), Los \u00c1ngeles (LAX), Miami (MIA), Nueva York (JFK) , Orlando (MCO) y Salt Lake-City (SLC) como puertas de entrada en Am\u00e9rica del Norte, y Bogot\u00e1 (BOG), Cartagena (CTG), Fortaleza (FOR), Lima (LIM), Quito (UIO), R\u00edo de Janeiro (GIG), Santiago (SCL), S\u00e3o Paulo (GRU) y Buenos Aires (EZE) como puertas de entrada en Am\u00e9rica del Sur, el Joint Venture Delta-LATAM opera 30 rutas directas, conectando ciudades clave en ambos continentes.<\/p>\n\n\n\n<p>\u201cEl joint venture va m\u00e1s all\u00e1 de la conectividad: se trata de crear una experiencia de viaje que los clientes adoren, con m\u00e1s destinos, m\u00e1s beneficios y m\u00e1s razones para elegir Delta y LATAM. Juntos, no solo estamos acercando regiones, sino tambi\u00e9n ofreciendo servicios innovadores y opciones de viaje mejoradas que establecen un nuevo est\u00e1ndar para nuestros clientes&#8221;,\u00a0dice Alex Antilla, vicepresidente para Am\u00e9rica Latina y el Caribe en Delta Air Lines.<\/p>\n\n\n\n<p>Adicional a esto, los pasajeros pueden acceder a mayores beneficios como lo es la acumulaci\u00f3n conjunta de millas o puntos en programas de viajero frecuente o el acceso a m\u00e1s de 53 salones de Delta Sky Clubs en Estados Unidos y seis salones lounge de LATAM principalmente en Am\u00e9rica del Sur (Santiago, Buenos Aires, S\u00e3o Paulo, Bogot\u00e1, Lima y Miami). <\/p>\n\n\n\n<p>Tambi\u00e9n hay una serie de beneficios rec\u00edprocos para clientes \u00e9lite de los programas de fidelizaci\u00f3n Delta SkyMiles y LATAM Pass, como prioridad en el check-in, abordaje y manejo de equipaje entre otras ventajas.<\/p>\n\n\n\n<p>El Joint Venture tambi\u00e9n ha fortalecido la operaci\u00f3n carguera. Desde su inicio, el tonelaje transportado junto a Delta ha aumentado en un 356%, alcanzando un total de 2,093 toneladas en lo que va del 2025. Entre otros avances, destaca la integraci\u00f3n de los sistemas de seguimiento digital&nbsp;<em>(e-tracking)<\/em>, as\u00ed como la homologaci\u00f3n de los principales productos de ambas compa\u00f1\u00edas. Estos hitos permiten ofrecer un servicio m\u00e1s confiable y consistente en toda nuestra red JV.<\/p>\n\n\n\n<p>De cara al futuro, LATAM y Delta siguen comprometidos con expandir su red dentro de la geograf\u00eda del joint venture, ofrecer experiencias innovadoras a los clientes y generar nuevas oportunidades para sus pasajeros y las comunidades en todo el continente americano. (<a href=\"https:\/\/nitu.mx\/index.php\/2025\/10\/15\/latam-airlines-nombra-a-nicolas-poitevin-como-su-director-general-para-mexico\/\">LATAM Airlines nombra a Nicol\u00e1s Poitevin como su director general para M\u00e9xico<\/a>).<\/p>\n","protected":false},"excerpt":{"rendered":"<p>A tres a\u00f1os del inicio de su Joint Venture, el grupo LATAM y Delta Air Lines realizan un balance e informan que desde el 2022, el acuerdo les ha permitido incrementar su capacidad combinada en un 88% (medido en ASK). Esto se traduce en 9 nuevas rutas, m\u00e1s de 62 mil vuelos operados y 14.5 [&hellip;]<\/p>\n","protected":false},"author":17,"featured_media":84105,"comment_status":"closed","ping_status":"closed","sticky":false,"template":"","format":"standard","meta":{"footnotes":""},"categories":[29],"tags":[27777,7050,1520,12855,165,27776],"yoast_head":"<!-- This site is optimized with the Yoast SEO plugin v22.2 - https:\/\/yoast.com\/wordpress\/plugins\/seo\/ -->\n<title>Delta y LATAM Airlines celebran 3 a\u00f1os de alianza con un aumento de 88% en capacidad - Nitu - Noticias de la Industria Turistica<\/title>\n<meta name=\"robots\" content=\"index, follow, max-snippet:-1, max-image-preview:large, max-video-preview:-1\" \/>\n<link rel=\"canonical\" href=\"https:\/\/nitu.mx\/index.php\/2025\/10\/22\/delta-y-latam-airlines-celebran-3-anos-de-alianza-con-un-aumento-de-88-en-capacidad\/\" \/>\n<meta name=\"twitter:card\" content=\"summary_large_image\" \/>\n<meta name=\"twitter:title\" content=\"Delta y LATAM Airlines celebran 3 a\u00f1os de alianza con un aumento de 88% en capacidad - Nitu - Noticias de la Industria Turistica\" \/>\n<meta name=\"twitter:description\" content=\"A tres a\u00f1os del inicio de su Joint Venture, el grupo LATAM y Delta Air Lines realizan un balance e informan que desde el 2022, el acuerdo les ha permitido incrementar su capacidad combinada en un 88% (medido en ASK). Esto se traduce en 9 nuevas rutas, m\u00e1s de 62 mil vuelos operados y 14.5 [&hellip;]\" \/>\n<meta name=\"twitter:image\" content=\"https:\/\/nitu.mx\/wp-content\/uploads\/2025\/10\/LATAM-Airlines-Delta-Joint-Ventire.jpg\" \/>\n<meta name=\"twitter:creator\" content=\"@NITUmx\" \/>\n<meta name=\"twitter:site\" content=\"@Arturo_Medina_G\" \/>\n<meta name=\"twitter:label1\" content=\"Escrito por\" \/>\n\t<meta name=\"twitter:data1\" content=\"Redacci\u00f3n\" \/>\n\t<meta name=\"twitter:label2\" content=\"Tiempo de lectura\" \/>\n\t<meta name=\"twitter:data2\" content=\"3 minutos\" \/>\n<script type=\"application\/ld+json\" class=\"yoast-schema-graph\">{\"@context\":\"https:\/\/schema.org\",\"@graph\":[{\"@type\":\"Article\",\"@id\":\"https:\/\/nitu.mx\/index.php\/2025\/10\/22\/delta-y-latam-airlines-celebran-3-anos-de-alianza-con-un-aumento-de-88-en-capacidad\/#article\",\"isPartOf\":{\"@id\":\"https:\/\/nitu.mx\/index.php\/2025\/10\/22\/delta-y-latam-airlines-celebran-3-anos-de-alianza-con-un-aumento-de-88-en-capacidad\/\"},\"author\":{\"name\":\"Redacci\u00f3n\",\"@id\":\"https:\/\/nitu.mx\/#\/schema\/person\/4a28fe9bd65924f7c90623773daf1b0b\"},\"headline\":\"Delta y LATAM Airlines celebran 3 a\u00f1os de alianza con un aumento de 88% en capacidad\",\"datePublished\":\"2025-10-23T04:10:53+00:00\",\"dateModified\":\"2025-10-23T04:10:53+00:00\",\"mainEntityOfPage\":{\"@id\":\"https:\/\/nitu.mx\/index.php\/2025\/10\/22\/delta-y-latam-airlines-celebran-3-anos-de-alianza-con-un-aumento-de-88-en-capacidad\/\"},\"wordCount\":607,\"publisher\":{\"@id\":\"https:\/\/nitu.mx\/#\/schema\/person\/ae7a53426417292d3dd07b45a33e01bc\"},\"image\":{\"@id\":\"https:\/\/nitu.mx\/index.php\/2025\/10\/22\/delta-y-latam-airlines-celebran-3-anos-de-alianza-con-un-aumento-de-88-en-capacidad\/#primaryimage\"},\"thumbnailUrl\":\"https:\/\/nitu.mx\/wp-content\/uploads\/2025\/10\/LATAM-Airlines-Delta-Joint-Ventire.jpg\",\"keywords\":[\"Alex Antilla\",\"alianza\",\"Delta Air Lines\",\"joint venture\",\"LATAM Airlines\",\"Soledad Berrios\"],\"articleSection\":[\"Aerol\u00edneas\"],\"inLanguage\":\"es-MX\"},{\"@type\":\"WebPage\",\"@id\":\"https:\/\/nitu.mx\/index.php\/2025\/10\/22\/delta-y-latam-airlines-celebran-3-anos-de-alianza-con-un-aumento-de-88-en-capacidad\/\",\"url\":\"https:\/\/nitu.mx\/index.php\/2025\/10\/22\/delta-y-latam-airlines-celebran-3-anos-de-alianza-con-un-aumento-de-88-en-capacidad\/\",\"name\":\"Delta y LATAM Airlines celebran 3 a\u00f1os de alianza con un aumento de 88% en capacidad - Nitu - Noticias de la Industria Turistica\",\"isPartOf\":{\"@id\":\"https:\/\/nitu.mx\/#website\"},\"primaryImageOfPage\":{\"@id\":\"https:\/\/nitu.mx\/index.php\/2025\/10\/22\/delta-y-latam-airlines-celebran-3-anos-de-alianza-con-un-aumento-de-88-en-capacidad\/#primaryimage\"},\"image\":{\"@id\":\"https:\/\/nitu.mx\/index.php\/2025\/10\/22\/delta-y-latam-airlines-celebran-3-anos-de-alianza-con-un-aumento-de-88-en-capacidad\/#primaryimage\"},\"thumbnailUrl\":\"https:\/\/nitu.mx\/wp-content\/uploads\/2025\/10\/LATAM-Airlines-Delta-Joint-Ventire.jpg\",\"datePublished\":\"2025-10-23T04:10:53+00:00\",\"dateModified\":\"2025-10-23T04:10:53+00:00\",\"breadcrumb\":{\"@id\":\"https:\/\/nitu.mx\/index.php\/2025\/10\/22\/delta-y-latam-airlines-celebran-3-anos-de-alianza-con-un-aumento-de-88-en-capacidad\/#breadcrumb\"},\"inLanguage\":\"es-MX\",\"potentialAction\":[{\"@type\":\"ReadAction\",\"target\":[\"https:\/\/nitu.mx\/index.php\/2025\/10\/22\/delta-y-latam-airlines-celebran-3-anos-de-alianza-con-un-aumento-de-88-en-capacidad\/\"]}]},{\"@type\":\"ImageObject\",\"inLanguage\":\"es-MX\",\"@id\":\"https:\/\/nitu.mx\/index.php\/2025\/10\/22\/delta-y-latam-airlines-celebran-3-anos-de-alianza-con-un-aumento-de-88-en-capacidad\/#primaryimage\",\"url\":\"https:\/\/nitu.mx\/wp-content\/uploads\/2025\/10\/LATAM-Airlines-Delta-Joint-Ventire.jpg\",\"contentUrl\":\"https:\/\/nitu.mx\/wp-content\/uploads\/2025\/10\/LATAM-Airlines-Delta-Joint-Ventire.jpg\",\"width\":1200,\"height\":675,\"caption\":\"LATAM Airlines Delta Joint Venture\"},{\"@type\":\"BreadcrumbList\",\"@id\":\"https:\/\/nitu.mx\/index.php\/2025\/10\/22\/delta-y-latam-airlines-celebran-3-anos-de-alianza-con-un-aumento-de-88-en-capacidad\/#breadcrumb\",\"itemListElement\":[{\"@type\":\"ListItem\",\"position\":1,\"name\":\"Inicio\",\"item\":\"https:\/\/nitu.mx\/\"},{\"@type\":\"ListItem\",\"position\":2,\"name\":\"Delta y LATAM Airlines celebran 3 a\u00f1os de alianza con un aumento de 88% en capacidad\"}]},{\"@type\":\"WebSite\",\"@id\":\"https:\/\/nitu.mx\/#website\",\"url\":\"https:\/\/nitu.mx\/\",\"name\":\"Nitu - Noticias de la Industria Turistica\",\"description\":\"Noticias de la Industria Turistica\",\"publisher\":{\"@id\":\"https:\/\/nitu.mx\/#\/schema\/person\/ae7a53426417292d3dd07b45a33e01bc\"},\"alternateName\":\"Noticias de la Industria Turistica\",\"potentialAction\":[{\"@type\":\"SearchAction\",\"target\":{\"@type\":\"EntryPoint\",\"urlTemplate\":\"https:\/\/nitu.mx\/?s={search_term_string}\"},\"query-input\":\"required name=search_term_string\"}],\"inLanguage\":\"es-MX\"},{\"@type\":[\"Person\",\"Organization\"],\"@id\":\"https:\/\/nitu.mx\/#\/schema\/person\/ae7a53426417292d3dd07b45a33e01bc\",\"name\":\"Arturo Medina\",\"image\":{\"@type\":\"ImageObject\",\"inLanguage\":\"es-MX\",\"@id\":\"https:\/\/nitu.mx\/#\/schema\/person\/image\/\",\"url\":\"https:\/\/nitu.mx\/wp-content\/uploads\/2024\/04\/4A315622-1904-4D5C-B022-878CDC840E04-90x90-1.jpeg\",\"contentUrl\":\"https:\/\/nitu.mx\/wp-content\/uploads\/2024\/04\/4A315622-1904-4D5C-B022-878CDC840E04-90x90-1.jpeg\",\"width\":90,\"height\":90,\"caption\":\"Arturo Medina\"},\"logo\":{\"@id\":\"https:\/\/nitu.mx\/#\/schema\/person\/image\/\"},\"description\":\"Director NITU.mx, Egresado de la Escuela de Periodismo Carlos Septi\u00e9n Garc\u00eda. Periodista y analista especializado en turismo desde hace 35 a\u00f1os, radicado en Canc\u00fan Q.Roo. arturo@nitu.mx\",\"sameAs\":[\"https:\/\/nitu.mx\",\"https:\/\/www.facebook.com\/NITUmx\/\",\"medinacancun\",\"https:\/\/twitter.com\/@Arturo_Medina_G\"]},{\"@type\":\"Person\",\"@id\":\"https:\/\/nitu.mx\/#\/schema\/person\/4a28fe9bd65924f7c90623773daf1b0b\",\"name\":\"Redacci\u00f3n\",\"image\":{\"@type\":\"ImageObject\",\"inLanguage\":\"es-MX\",\"@id\":\"https:\/\/nitu.mx\/#\/schema\/person\/image\/\",\"url\":\"https:\/\/secure.gravatar.com\/avatar\/5dd011c8ccfc5cd7e4c81e42252aab38?s=96&d=mm&r=g\",\"contentUrl\":\"https:\/\/secure.gravatar.com\/avatar\/5dd011c8ccfc5cd7e4c81e42252aab38?s=96&d=mm&r=g\",\"caption\":\"Redacci\u00f3n\"},\"url\":\"https:\/\/nitu.mx\/index.php\/author\/redaccion\/\"}]}<\/script>\n<!-- \/ Yoast SEO plugin. -->","yoast_head_json":{"title":"Delta y LATAM Airlines celebran 3 a\u00f1os de alianza con un aumento de 88% en capacidad - Nitu - Noticias de la Industria Turistica","robots":{"index":"index","follow":"follow","max-snippet":"max-snippet:-1","max-image-preview":"max-image-preview:large","max-video-preview":"max-video-preview:-1"},"canonical":"https:\/\/nitu.mx\/index.php\/2025\/10\/22\/delta-y-latam-airlines-celebran-3-anos-de-alianza-con-un-aumento-de-88-en-capacidad\/","twitter_card":"summary_large_image","twitter_title":"Delta y LATAM Airlines celebran 3 a\u00f1os de alianza con un aumento de 88% en capacidad - Nitu - Noticias de la Industria Turistica","twitter_description":"A tres a\u00f1os del inicio de su Joint Venture, el grupo LATAM y Delta Air Lines realizan un balance e informan que desde el 2022, el acuerdo les ha permitido incrementar su capacidad combinada en un 88% (medido en ASK). Esto se traduce en 9 nuevas rutas, m\u00e1s de 62 mil vuelos operados y 14.5 [&hellip;]","twitter_image":"https:\/\/nitu.mx\/wp-content\/uploads\/2025\/10\/LATAM-Airlines-Delta-Joint-Ventire.jpg","twitter_creator":"@NITUmx","twitter_site":"@Arturo_Medina_G","twitter_misc":{"Escrito por":"Redacci\u00f3n","Tiempo de lectura":"3 minutos"},"schema":{"@context":"https:\/\/schema.org","@graph":[{"@type":"Article","@id":"https:\/\/nitu.mx\/index.php\/2025\/10\/22\/delta-y-latam-airlines-celebran-3-anos-de-alianza-con-un-aumento-de-88-en-capacidad\/#article","isPartOf":{"@id":"https:\/\/nitu.mx\/index.php\/2025\/10\/22\/delta-y-latam-airlines-celebran-3-anos-de-alianza-con-un-aumento-de-88-en-capacidad\/"},"author":{"name":"Redacci\u00f3n","@id":"https:\/\/nitu.mx\/#\/schema\/person\/4a28fe9bd65924f7c90623773daf1b0b"},"headline":"Delta y LATAM Airlines celebran 3 a\u00f1os de alianza con un aumento de 88% en capacidad","datePublished":"2025-10-23T04:10:53+00:00","dateModified":"2025-10-23T04:10:53+00:00","mainEntityOfPage":{"@id":"https:\/\/nitu.mx\/index.php\/2025\/10\/22\/delta-y-latam-airlines-celebran-3-anos-de-alianza-con-un-aumento-de-88-en-capacidad\/"},"wordCount":607,"publisher":{"@id":"https:\/\/nitu.mx\/#\/schema\/person\/ae7a53426417292d3dd07b45a33e01bc"},"image":{"@id":"https:\/\/nitu.mx\/index.php\/2025\/10\/22\/delta-y-latam-airlines-celebran-3-anos-de-alianza-con-un-aumento-de-88-en-capacidad\/#primaryimage"},"thumbnailUrl":"https:\/\/nitu.mx\/wp-content\/uploads\/2025\/10\/LATAM-Airlines-Delta-Joint-Ventire.jpg","keywords":["Alex Antilla","alianza","Delta Air Lines","joint venture","LATAM Airlines","Soledad Berrios"],"articleSection":["Aerol\u00edneas"],"inLanguage":"es-MX"},{"@type":"WebPage","@id":"https:\/\/nitu.mx\/index.php\/2025\/10\/22\/delta-y-latam-airlines-celebran-3-anos-de-alianza-con-un-aumento-de-88-en-capacidad\/","url":"https:\/\/nitu.mx\/index.php\/2025\/10\/22\/delta-y-latam-airlines-celebran-3-anos-de-alianza-con-un-aumento-de-88-en-capacidad\/","name":"Delta y LATAM Airlines celebran 3 a\u00f1os de alianza con un aumento de 88% en capacidad - Nitu - Noticias de la Industria Turistica","isPartOf":{"@id":"https:\/\/nitu.mx\/#website"},"primaryImageOfPage":{"@id":"https:\/\/nitu.mx\/index.php\/2025\/10\/22\/delta-y-latam-airlines-celebran-3-anos-de-alianza-con-un-aumento-de-88-en-capacidad\/#primaryimage"},"image":{"@id":"https:\/\/nitu.mx\/index.php\/2025\/10\/22\/delta-y-latam-airlines-celebran-3-anos-de-alianza-con-un-aumento-de-88-en-capacidad\/#primaryimage"},"thumbnailUrl":"https:\/\/nitu.mx\/wp-content\/uploads\/2025\/10\/LATAM-Airlines-Delta-Joint-Ventire.jpg","datePublished":"2025-10-23T04:10:53+00:00","dateModified":"2025-10-23T04:10:53+00:00","breadcrumb":{"@id":"https:\/\/nitu.mx\/index.php\/2025\/10\/22\/delta-y-latam-airlines-celebran-3-anos-de-alianza-con-un-aumento-de-88-en-capacidad\/#breadcrumb"},"inLanguage":"es-MX","potentialAction":[{"@type":"ReadAction","target":["https:\/\/nitu.mx\/index.php\/2025\/10\/22\/delta-y-latam-airlines-celebran-3-anos-de-alianza-con-un-aumento-de-88-en-capacidad\/"]}]},{"@type":"ImageObject","inLanguage":"es-MX","@id":"https:\/\/nitu.mx\/index.php\/2025\/10\/22\/delta-y-latam-airlines-celebran-3-anos-de-alianza-con-un-aumento-de-88-en-capacidad\/#primaryimage","url":"https:\/\/nitu.mx\/wp-content\/uploads\/2025\/10\/LATAM-Airlines-Delta-Joint-Ventire.jpg","contentUrl":"https:\/\/nitu.mx\/wp-content\/uploads\/2025\/10\/LATAM-Airlines-Delta-Joint-Ventire.jpg","width":1200,"height":675,"caption":"LATAM Airlines Delta Joint Venture"},{"@type":"BreadcrumbList","@id":"https:\/\/nitu.mx\/index.php\/2025\/10\/22\/delta-y-latam-airlines-celebran-3-anos-de-alianza-con-un-aumento-de-88-en-capacidad\/#breadcrumb","itemListElement":[{"@type":"ListItem","position":1,"name":"Inicio","item":"https:\/\/nitu.mx\/"},{"@type":"ListItem","position":2,"name":"Delta y LATAM Airlines celebran 3 a\u00f1os de alianza con un aumento de 88% en capacidad"}]},{"@type":"WebSite","@id":"https:\/\/nitu.mx\/#website","url":"https:\/\/nitu.mx\/","name":"Nitu - Noticias de la Industria Turistica","description":"Noticias de la Industria Turistica","publisher":{"@id":"https:\/\/nitu.mx\/#\/schema\/person\/ae7a53426417292d3dd07b45a33e01bc"},"alternateName":"Noticias de la Industria Turistica","potentialAction":[{"@type":"SearchAction","target":{"@type":"EntryPoint","urlTemplate":"https:\/\/nitu.mx\/?s={search_term_string}"},"query-input":"required name=search_term_string"}],"inLanguage":"es-MX"},{"@type":["Person","Organization"],"@id":"https:\/\/nitu.mx\/#\/schema\/person\/ae7a53426417292d3dd07b45a33e01bc","name":"Arturo Medina","image":{"@type":"ImageObject","inLanguage":"es-MX","@id":"https:\/\/nitu.mx\/#\/schema\/person\/image\/","url":"https:\/\/nitu.mx\/wp-content\/uploads\/2024\/04\/4A315622-1904-4D5C-B022-878CDC840E04-90x90-1.jpeg","contentUrl":"https:\/\/nitu.mx\/wp-content\/uploads\/2024\/04\/4A315622-1904-4D5C-B022-878CDC840E04-90x90-1.jpeg","width":90,"height":90,"caption":"Arturo Medina"},"logo":{"@id":"https:\/\/nitu.mx\/#\/schema\/person\/image\/"},"description":"Director NITU.mx, Egresado de la Escuela de Periodismo Carlos Septi\u00e9n Garc\u00eda. Periodista y analista especializado en turismo desde hace 35 a\u00f1os, radicado en Canc\u00fan Q.Roo. arturo@nitu.mx","sameAs":["https:\/\/nitu.mx","https:\/\/www.facebook.com\/NITUmx\/","medinacancun","https:\/\/twitter.com\/@Arturo_Medina_G"]},{"@type":"Person","@id":"https:\/\/nitu.mx\/#\/schema\/person\/4a28fe9bd65924f7c90623773daf1b0b","name":"Redacci\u00f3n","image":{"@type":"ImageObject","inLanguage":"es-MX","@id":"https:\/\/nitu.mx\/#\/schema\/person\/image\/","url":"https:\/\/secure.gravatar.com\/avatar\/5dd011c8ccfc5cd7e4c81e42252aab38?s=96&d=mm&r=g","contentUrl":"https:\/\/secure.gravatar.com\/avatar\/5dd011c8ccfc5cd7e4c81e42252aab38?s=96&d=mm&r=g","caption":"Redacci\u00f3n"},"url":"https:\/\/nitu.mx\/index.php\/author\/redaccion\/"}]}},"views":520,"_links":{"self":[{"href":"https:\/\/nitu.mx\/index.php\/wp-json\/wp\/v2\/posts\/84103"}],"collection":[{"href":"https:\/\/nitu.mx\/index.php\/wp-json\/wp\/v2\/posts"}],"about":[{"href":"https:\/\/nitu.mx\/index.php\/wp-json\/wp\/v2\/types\/post"}],"author":[{"embeddable":true,"href":"https:\/\/nitu.mx\/index.php\/wp-json\/wp\/v2\/users\/17"}],"replies":[{"embeddable":true,"href":"https:\/\/nitu.mx\/index.php\/wp-json\/wp\/v2\/comments?post=84103"}],"version-history":[{"count":1,"href":"https:\/\/nitu.mx\/index.php\/wp-json\/wp\/v2\/posts\/84103\/revisions"}],"predecessor-version":[{"id":84106,"href":"https:\/\/nitu.mx\/index.php\/wp-json\/wp\/v2\/posts\/84103\/revisions\/84106"}],"wp:featuredmedia":[{"embeddable":true,"href":"https:\/\/nitu.mx\/index.php\/wp-json\/wp\/v2\/media\/84105"}],"wp:attachment":[{"href":"https:\/\/nitu.mx\/index.php\/wp-json\/wp\/v2\/media?parent=84103"}],"wp:term":[{"taxonomy":"category","embeddable":true,"href":"https:\/\/nitu.mx\/index.php\/wp-json\/wp\/v2\/categories?post=84103"},{"taxonomy":"post_tag","embeddable":true,"href":"https:\/\/nitu.mx\/index.php\/wp-json\/wp\/v2\/tags?post=84103"}],"curies":[{"name":"wp","href":"https:\/\/api.w.org\/{rel}","templated":true}]}}