{"id":84098,"date":"2025-10-21T21:27:10","date_gmt":"2025-10-22T03:27:10","guid":{"rendered":"https:\/\/nitu.mx\/?p=84098"},"modified":"2025-10-21T21:27:11","modified_gmt":"2025-10-22T03:27:11","slug":"mexico-registra-trafico-aereo-con-menor-crecimiento-al-promedio-de-la-region-alta","status":"publish","type":"post","link":"https:\/\/nitu.mx\/index.php\/2025\/10\/21\/mexico-registra-trafico-aereo-con-menor-crecimiento-al-promedio-de-la-region-alta\/","title":{"rendered":"M\u00e9xico registra tr\u00e1fico a\u00e9reo con menor crecimiento al promedio de la regi\u00f3n: ALTA"},"content":{"rendered":"\n<p>En agosto de 2025, el tr\u00e1fico total de pasajeros desde, hacia y dentro de Am\u00e9rica Latina y el Caribe alcanz\u00f3 40,7 millones de pasajeros, un aumento de 4,3% frente a agosto de 2024 (equivalente a 1,7 millones adicionales), sin embargo, M\u00e9xico Colombia y Chile registraron crecimientos por debajo del promedio regional, inform\u00f3 la Asociaci\u00f3n Latinoamericana y del Caribe de Transporte A\u00e9reo (ALTA).<\/p>\n\n\n\n<p>El organismo se\u00f1al\u00f3 que el tr\u00e1fico intra-regional explic\u00f3 el 81% del incremento neto, impulsado principalmente por los mercados dom\u00e9sticos de Brasil, Argentina y Per\u00fa, que aportaron m\u00e1s de la mitad del crecimiento.<\/p>\n\n\n\n<p>La oferta de vuelos creci\u00f3 1,2% interanual, mientras que la capacidad total (asientos) aument\u00f3 2,5%, reflejando el uso de aeronaves de mayor tama\u00f1o, con un promedio de 160 asientos por vuelo frente a 158 en agosto 2024.<\/p>\n\n\n\n<p>M\u00e9xico, Colombia y Chile, que ocupan respectivamente el 2\u00ba, 3\u00ba y 6\u00ba lugar en la regi\u00f3n por volumen de pasajeros, registraron un crecimiento conjunto de apenas 0,7% interanual, muy por debajo del promedio regional.<\/p>\n\n\n\n<p>En M\u00e9xico el tr\u00e1fico total lleg\u00f3 a 10,2 millones de pasajeros (+1,3% interanual), con aumentos similares en los segmentos dom\u00e9stico (+1,3%) e internacional (+1,2%). El tr\u00e1fico con Estados Unidos, el tercer par de pa\u00edses m\u00e1s grande de la regi\u00f3n, creci\u00f3 por segundo mes consecutivo (+0,3% en agosto) tras la ca\u00edda de junio, manteni\u00e9ndose pr\u00e1cticamente estable en el acumulado enero\u2013agosto (\u20130,05% interanual). (<a href=\"https:\/\/nitu.mx\/index.php\/2025\/09\/29\/mexico-registra-mas-de-82-millones-de-pasajeros-aereos-de-enero-a-agosto\/\">M\u00e9xico registra m\u00e1s de 82 millones de pasajeros a\u00e9reos de enero a agosto<\/a>).<\/p>\n\n\n\n<p>Colombia present\u00f3 una leve contracci\u00f3n (\u20130,1% interanual), con 5,06 millones de pasajeros. El mercado dom\u00e9stico cay\u00f3 3,2%, mientras el internacional aument\u00f3 4,1%, con incrementos importantes en el tr\u00e1fico con Ecuador (+14%), Brasil (+26%) y Per\u00fa (+11%). En el acumulado enero-agosto, el mercado dom\u00e9stico retrocede 1,9% respecto a 2024, afectado por la ca\u00edda en Bogot\u00e1 (\u20134,9%).<\/p>\n\n\n\n<p>Chile tuvo en agosto 2025 su primer resultado negativo del a\u00f1o en pasajeros totales (\u20130,2% interanual). El tr\u00e1fico dom\u00e9stico, que representa el 53% del total, cay\u00f3 2,2%, mientras que el internacional aument\u00f3 2,2% interanual. El tr\u00e1fico en rutas dom\u00e9sticas secundarias (sin origen\/destino en Santiago) creci\u00f3 3,7% interanual, destac\u00e1ndose las rutas Antofagasta\u2013Concepci\u00f3n (+33% interanual) y Antofagasta\u2013La Serena (+8% interanual).<\/p>\n\n\n\n<p>\u201cLos datos de agosto confirman un crecimiento s\u00f3lido y una tendencia clara: la conectividad entre pa\u00edses latinoamericanos es hoy el principal motor de crecimiento del tr\u00e1fico a\u00e9reo. Detr\u00e1s de cada punto de crecimiento hay miles de historias: familias que se reencuentran, empresas que se expanden y comunidades que se integran.\u201d se\u00f1al\u00f3 Peter Cerd\u00e1, CEO de ALTA.<br>Brasil y Argentina lideraron el crecimiento de pasajeros<\/p>\n\n\n\n<p>Brasil fue el mercado que m\u00e1s contribuy\u00f3 al crecimiento regional en agosto, con 973 mil pasajeros adicionales (+9,5% interanual). El mercado dom\u00e9stico alcanz\u00f3 un r\u00e9cord hist\u00f3rico para agosto (8,7 millones de pasajeros, +8,6%), siendo el mercado dom\u00e9stico con mayor crecimiento entre los seis m\u00e1s grandes del mundo, seg\u00fan IATA. El segmento internacional aument\u00f3 13,1% interanual, apoyado en un incremento de 38% en las llegadas de turistas extranjeros.<\/p>\n\n\n\n<p>Argentina, tambi\u00e9n mostr\u00f3 un desempe\u00f1o s\u00f3lido, con +14,4% interanual (dom\u00e9stico +10,6%, internacional +19,1%). Fue el agosto con mayor tr\u00e1fico en la historia, superando en 6% el nivel de agosto 2019. Entre enero y agosto, el pa\u00eds acumul\u00f3 21,8 millones de pasajeros (+14,7%).<\/p>\n\n\n\n<p>Per\u00fa moviliz\u00f3 2,6 millones de pasajeros (+6,5% interanual), con crecimientos tanto en el mercado dom\u00e9stico (+5,1%) como en el internacional (+8,6%), impulsado por rutas hacia Colombia (+11%), Brasil (+19%) y Rep\u00fablica Dominicana (+28%). Ecuador transport\u00f3 835 mil pasajeros (+4,2% interanual), con un fuerte dinamismo en el tr\u00e1fico con Colombia (+14%). La oferta total de vuelos en Ecuador creci\u00f3 6,1% interanual, con aumentos significativos en las rutas con Argentina (+94%).<\/p>\n\n\n\n<p>En Centroam\u00e9rica, el tr\u00e1fico desde y hacia la subregi\u00f3n creci\u00f3 7,0% interanual, liderado por Panam\u00e1 (+11,5%, 1,85 millones de pasajeros). Le siguieron Costa Rica (+2,2%), El Salvador (+0,3%) y Guatemala (+2,4%).<\/p>\n\n\n\n<p>En el Caribe, el tr\u00e1fico total aument\u00f3 5,3%, con Rep\u00fablica Dominicana a la cabeza (+6,0%, 1,7 millones de pasajeros). Jamaica creci\u00f3 3,6%, mientras Cuba disminuy\u00f3 6,2%. El mercado Caribe\u2013Estados Unidos moviliz\u00f3 2,9 millones de pasajeros en agosto (+0,6% interanual) y acumula 22,4 millones en enero\u2013agosto 2025 (\u20131,1% respecto al mismo periodo de 2024).<\/p>\n","protected":false},"excerpt":{"rendered":"<p>En agosto de 2025, el tr\u00e1fico total de pasajeros desde, hacia y dentro de Am\u00e9rica Latina y el Caribe alcanz\u00f3 40,7 millones de pasajeros, un aumento de 4,3% frente a agosto de 2024 (equivalente a 1,7 millones adicionales), sin embargo, M\u00e9xico Colombia y Chile registraron crecimientos por debajo del promedio regional, inform\u00f3 la Asociaci\u00f3n Latinoamericana [&hellip;]<\/p>\n","protected":false},"author":17,"featured_media":18011,"comment_status":"closed","ping_status":"closed","sticky":false,"template":"","format":"standard","meta":{"footnotes":""},"categories":[19462],"tags":[162,221,1049,68,2156,5024],"yoast_head":"<!-- This site is optimized with the Yoast SEO plugin v22.2 - https:\/\/yoast.com\/wordpress\/plugins\/seo\/ -->\n<title>M\u00e9xico registra tr\u00e1fico a\u00e9reo con menor crecimiento al promedio de la regi\u00f3n: ALTA - Nitu - Noticias de la Industria Turistica<\/title>\n<meta name=\"robots\" content=\"index, follow, max-snippet:-1, max-image-preview:large, max-video-preview:-1\" \/>\n<link rel=\"canonical\" href=\"https:\/\/nitu.mx\/index.php\/2025\/10\/21\/mexico-registra-trafico-aereo-con-menor-crecimiento-al-promedio-de-la-region-alta\/\" \/>\n<meta name=\"twitter:card\" content=\"summary_large_image\" \/>\n<meta name=\"twitter:title\" content=\"M\u00e9xico registra tr\u00e1fico a\u00e9reo con menor crecimiento al promedio de la regi\u00f3n: ALTA - Nitu - Noticias de la Industria Turistica\" \/>\n<meta name=\"twitter:description\" content=\"En agosto de 2025, el tr\u00e1fico total de pasajeros desde, hacia y dentro de Am\u00e9rica Latina y el Caribe alcanz\u00f3 40,7 millones de pasajeros, un aumento de 4,3% frente a agosto de 2024 (equivalente a 1,7 millones adicionales), sin embargo, M\u00e9xico Colombia y Chile registraron crecimientos por debajo del promedio regional, inform\u00f3 la Asociaci\u00f3n Latinoamericana [&hellip;]\" \/>\n<meta name=\"twitter:image\" content=\"https:\/\/nitu.mx\/wp-content\/uploads\/2018\/02\/avion.jpg\" \/>\n<meta name=\"twitter:creator\" content=\"@NITUmx\" \/>\n<meta name=\"twitter:site\" content=\"@Arturo_Medina_G\" \/>\n<meta name=\"twitter:label1\" content=\"Escrito por\" \/>\n\t<meta name=\"twitter:data1\" content=\"Redacci\u00f3n\" \/>\n\t<meta name=\"twitter:label2\" content=\"Tiempo de lectura\" \/>\n\t<meta name=\"twitter:data2\" content=\"3 minutos\" \/>\n<script type=\"application\/ld+json\" class=\"yoast-schema-graph\">{\"@context\":\"https:\/\/schema.org\",\"@graph\":[{\"@type\":\"Article\",\"@id\":\"https:\/\/nitu.mx\/index.php\/2025\/10\/21\/mexico-registra-trafico-aereo-con-menor-crecimiento-al-promedio-de-la-region-alta\/#article\",\"isPartOf\":{\"@id\":\"https:\/\/nitu.mx\/index.php\/2025\/10\/21\/mexico-registra-trafico-aereo-con-menor-crecimiento-al-promedio-de-la-region-alta\/\"},\"author\":{\"name\":\"Redacci\u00f3n\",\"@id\":\"https:\/\/nitu.mx\/#\/schema\/person\/4a28fe9bd65924f7c90623773daf1b0b\"},\"headline\":\"M\u00e9xico registra tr\u00e1fico a\u00e9reo con menor crecimiento al promedio de la regi\u00f3n: ALTA\",\"datePublished\":\"2025-10-22T03:27:10+00:00\",\"dateModified\":\"2025-10-22T03:27:11+00:00\",\"mainEntityOfPage\":{\"@id\":\"https:\/\/nitu.mx\/index.php\/2025\/10\/21\/mexico-registra-trafico-aereo-con-menor-crecimiento-al-promedio-de-la-region-alta\/\"},\"wordCount\":683,\"publisher\":{\"@id\":\"https:\/\/nitu.mx\/#\/schema\/person\/ae7a53426417292d3dd07b45a33e01bc\"},\"image\":{\"@id\":\"https:\/\/nitu.mx\/index.php\/2025\/10\/21\/mexico-registra-trafico-aereo-con-menor-crecimiento-al-promedio-de-la-region-alta\/#primaryimage\"},\"thumbnailUrl\":\"https:\/\/nitu.mx\/wp-content\/uploads\/2018\/02\/avion.jpg\",\"keywords\":[\"ALTA\",\"Argentina\",\"Brasil\",\"M\u00e9xico\",\"Peter Cerda\",\"tr\u00e1fico de pasajeros\"],\"articleSection\":[\"Aeropuertos\"],\"inLanguage\":\"es-MX\"},{\"@type\":\"WebPage\",\"@id\":\"https:\/\/nitu.mx\/index.php\/2025\/10\/21\/mexico-registra-trafico-aereo-con-menor-crecimiento-al-promedio-de-la-region-alta\/\",\"url\":\"https:\/\/nitu.mx\/index.php\/2025\/10\/21\/mexico-registra-trafico-aereo-con-menor-crecimiento-al-promedio-de-la-region-alta\/\",\"name\":\"M\u00e9xico registra tr\u00e1fico a\u00e9reo con menor crecimiento al promedio de la regi\u00f3n: ALTA - Nitu - Noticias de la Industria Turistica\",\"isPartOf\":{\"@id\":\"https:\/\/nitu.mx\/#website\"},\"primaryImageOfPage\":{\"@id\":\"https:\/\/nitu.mx\/index.php\/2025\/10\/21\/mexico-registra-trafico-aereo-con-menor-crecimiento-al-promedio-de-la-region-alta\/#primaryimage\"},\"image\":{\"@id\":\"https:\/\/nitu.mx\/index.php\/2025\/10\/21\/mexico-registra-trafico-aereo-con-menor-crecimiento-al-promedio-de-la-region-alta\/#primaryimage\"},\"thumbnailUrl\":\"https:\/\/nitu.mx\/wp-content\/uploads\/2018\/02\/avion.jpg\",\"datePublished\":\"2025-10-22T03:27:10+00:00\",\"dateModified\":\"2025-10-22T03:27:11+00:00\",\"breadcrumb\":{\"@id\":\"https:\/\/nitu.mx\/index.php\/2025\/10\/21\/mexico-registra-trafico-aereo-con-menor-crecimiento-al-promedio-de-la-region-alta\/#breadcrumb\"},\"inLanguage\":\"es-MX\",\"potentialAction\":[{\"@type\":\"ReadAction\",\"target\":[\"https:\/\/nitu.mx\/index.php\/2025\/10\/21\/mexico-registra-trafico-aereo-con-menor-crecimiento-al-promedio-de-la-region-alta\/\"]}]},{\"@type\":\"ImageObject\",\"inLanguage\":\"es-MX\",\"@id\":\"https:\/\/nitu.mx\/index.php\/2025\/10\/21\/mexico-registra-trafico-aereo-con-menor-crecimiento-al-promedio-de-la-region-alta\/#primaryimage\",\"url\":\"https:\/\/nitu.mx\/wp-content\/uploads\/2018\/02\/avion.jpg\",\"contentUrl\":\"https:\/\/nitu.mx\/wp-content\/uploads\/2018\/02\/avion.jpg\",\"width\":850,\"height\":480,\"caption\":\"santa lucia avion aci canaero iata ALTA Categor\u00eda 1\"},{\"@type\":\"BreadcrumbList\",\"@id\":\"https:\/\/nitu.mx\/index.php\/2025\/10\/21\/mexico-registra-trafico-aereo-con-menor-crecimiento-al-promedio-de-la-region-alta\/#breadcrumb\",\"itemListElement\":[{\"@type\":\"ListItem\",\"position\":1,\"name\":\"Inicio\",\"item\":\"https:\/\/nitu.mx\/\"},{\"@type\":\"ListItem\",\"position\":2,\"name\":\"M\u00e9xico registra tr\u00e1fico a\u00e9reo con menor crecimiento al promedio de la regi\u00f3n: ALTA\"}]},{\"@type\":\"WebSite\",\"@id\":\"https:\/\/nitu.mx\/#website\",\"url\":\"https:\/\/nitu.mx\/\",\"name\":\"Nitu - Noticias de la Industria Turistica\",\"description\":\"Noticias de la Industria Turistica\",\"publisher\":{\"@id\":\"https:\/\/nitu.mx\/#\/schema\/person\/ae7a53426417292d3dd07b45a33e01bc\"},\"alternateName\":\"Noticias de la Industria Turistica\",\"potentialAction\":[{\"@type\":\"SearchAction\",\"target\":{\"@type\":\"EntryPoint\",\"urlTemplate\":\"https:\/\/nitu.mx\/?s={search_term_string}\"},\"query-input\":\"required name=search_term_string\"}],\"inLanguage\":\"es-MX\"},{\"@type\":[\"Person\",\"Organization\"],\"@id\":\"https:\/\/nitu.mx\/#\/schema\/person\/ae7a53426417292d3dd07b45a33e01bc\",\"name\":\"Arturo Medina\",\"image\":{\"@type\":\"ImageObject\",\"inLanguage\":\"es-MX\",\"@id\":\"https:\/\/nitu.mx\/#\/schema\/person\/image\/\",\"url\":\"https:\/\/nitu.mx\/wp-content\/uploads\/2024\/04\/4A315622-1904-4D5C-B022-878CDC840E04-90x90-1.jpeg\",\"contentUrl\":\"https:\/\/nitu.mx\/wp-content\/uploads\/2024\/04\/4A315622-1904-4D5C-B022-878CDC840E04-90x90-1.jpeg\",\"width\":90,\"height\":90,\"caption\":\"Arturo Medina\"},\"logo\":{\"@id\":\"https:\/\/nitu.mx\/#\/schema\/person\/image\/\"},\"description\":\"Director NITU.mx, Egresado de la Escuela de Periodismo Carlos Septi\u00e9n Garc\u00eda. Periodista y analista especializado en turismo desde hace 35 a\u00f1os, radicado en Canc\u00fan Q.Roo. arturo@nitu.mx\",\"sameAs\":[\"https:\/\/nitu.mx\",\"https:\/\/www.facebook.com\/NITUmx\/\",\"medinacancun\",\"https:\/\/twitter.com\/@Arturo_Medina_G\"]},{\"@type\":\"Person\",\"@id\":\"https:\/\/nitu.mx\/#\/schema\/person\/4a28fe9bd65924f7c90623773daf1b0b\",\"name\":\"Redacci\u00f3n\",\"image\":{\"@type\":\"ImageObject\",\"inLanguage\":\"es-MX\",\"@id\":\"https:\/\/nitu.mx\/#\/schema\/person\/image\/\",\"url\":\"https:\/\/secure.gravatar.com\/avatar\/5dd011c8ccfc5cd7e4c81e42252aab38?s=96&d=mm&r=g\",\"contentUrl\":\"https:\/\/secure.gravatar.com\/avatar\/5dd011c8ccfc5cd7e4c81e42252aab38?s=96&d=mm&r=g\",\"caption\":\"Redacci\u00f3n\"},\"url\":\"https:\/\/nitu.mx\/index.php\/author\/redaccion\/\"}]}<\/script>\n<!-- \/ Yoast SEO plugin. -->","yoast_head_json":{"title":"M\u00e9xico registra tr\u00e1fico a\u00e9reo con menor crecimiento al promedio de la regi\u00f3n: ALTA - Nitu - Noticias de la Industria Turistica","robots":{"index":"index","follow":"follow","max-snippet":"max-snippet:-1","max-image-preview":"max-image-preview:large","max-video-preview":"max-video-preview:-1"},"canonical":"https:\/\/nitu.mx\/index.php\/2025\/10\/21\/mexico-registra-trafico-aereo-con-menor-crecimiento-al-promedio-de-la-region-alta\/","twitter_card":"summary_large_image","twitter_title":"M\u00e9xico registra tr\u00e1fico a\u00e9reo con menor crecimiento al promedio de la regi\u00f3n: ALTA - Nitu - Noticias de la Industria Turistica","twitter_description":"En agosto de 2025, el tr\u00e1fico total de pasajeros desde, hacia y dentro de Am\u00e9rica Latina y el Caribe alcanz\u00f3 40,7 millones de pasajeros, un aumento de 4,3% frente a agosto de 2024 (equivalente a 1,7 millones adicionales), sin embargo, M\u00e9xico Colombia y Chile registraron crecimientos por debajo del promedio regional, inform\u00f3 la Asociaci\u00f3n Latinoamericana [&hellip;]","twitter_image":"https:\/\/nitu.mx\/wp-content\/uploads\/2018\/02\/avion.jpg","twitter_creator":"@NITUmx","twitter_site":"@Arturo_Medina_G","twitter_misc":{"Escrito por":"Redacci\u00f3n","Tiempo de lectura":"3 minutos"},"schema":{"@context":"https:\/\/schema.org","@graph":[{"@type":"Article","@id":"https:\/\/nitu.mx\/index.php\/2025\/10\/21\/mexico-registra-trafico-aereo-con-menor-crecimiento-al-promedio-de-la-region-alta\/#article","isPartOf":{"@id":"https:\/\/nitu.mx\/index.php\/2025\/10\/21\/mexico-registra-trafico-aereo-con-menor-crecimiento-al-promedio-de-la-region-alta\/"},"author":{"name":"Redacci\u00f3n","@id":"https:\/\/nitu.mx\/#\/schema\/person\/4a28fe9bd65924f7c90623773daf1b0b"},"headline":"M\u00e9xico registra tr\u00e1fico a\u00e9reo con menor crecimiento al promedio de la regi\u00f3n: ALTA","datePublished":"2025-10-22T03:27:10+00:00","dateModified":"2025-10-22T03:27:11+00:00","mainEntityOfPage":{"@id":"https:\/\/nitu.mx\/index.php\/2025\/10\/21\/mexico-registra-trafico-aereo-con-menor-crecimiento-al-promedio-de-la-region-alta\/"},"wordCount":683,"publisher":{"@id":"https:\/\/nitu.mx\/#\/schema\/person\/ae7a53426417292d3dd07b45a33e01bc"},"image":{"@id":"https:\/\/nitu.mx\/index.php\/2025\/10\/21\/mexico-registra-trafico-aereo-con-menor-crecimiento-al-promedio-de-la-region-alta\/#primaryimage"},"thumbnailUrl":"https:\/\/nitu.mx\/wp-content\/uploads\/2018\/02\/avion.jpg","keywords":["ALTA","Argentina","Brasil","M\u00e9xico","Peter Cerda","tr\u00e1fico de pasajeros"],"articleSection":["Aeropuertos"],"inLanguage":"es-MX"},{"@type":"WebPage","@id":"https:\/\/nitu.mx\/index.php\/2025\/10\/21\/mexico-registra-trafico-aereo-con-menor-crecimiento-al-promedio-de-la-region-alta\/","url":"https:\/\/nitu.mx\/index.php\/2025\/10\/21\/mexico-registra-trafico-aereo-con-menor-crecimiento-al-promedio-de-la-region-alta\/","name":"M\u00e9xico registra tr\u00e1fico a\u00e9reo con menor crecimiento al promedio de la regi\u00f3n: ALTA - Nitu - Noticias de la Industria Turistica","isPartOf":{"@id":"https:\/\/nitu.mx\/#website"},"primaryImageOfPage":{"@id":"https:\/\/nitu.mx\/index.php\/2025\/10\/21\/mexico-registra-trafico-aereo-con-menor-crecimiento-al-promedio-de-la-region-alta\/#primaryimage"},"image":{"@id":"https:\/\/nitu.mx\/index.php\/2025\/10\/21\/mexico-registra-trafico-aereo-con-menor-crecimiento-al-promedio-de-la-region-alta\/#primaryimage"},"thumbnailUrl":"https:\/\/nitu.mx\/wp-content\/uploads\/2018\/02\/avion.jpg","datePublished":"2025-10-22T03:27:10+00:00","dateModified":"2025-10-22T03:27:11+00:00","breadcrumb":{"@id":"https:\/\/nitu.mx\/index.php\/2025\/10\/21\/mexico-registra-trafico-aereo-con-menor-crecimiento-al-promedio-de-la-region-alta\/#breadcrumb"},"inLanguage":"es-MX","potentialAction":[{"@type":"ReadAction","target":["https:\/\/nitu.mx\/index.php\/2025\/10\/21\/mexico-registra-trafico-aereo-con-menor-crecimiento-al-promedio-de-la-region-alta\/"]}]},{"@type":"ImageObject","inLanguage":"es-MX","@id":"https:\/\/nitu.mx\/index.php\/2025\/10\/21\/mexico-registra-trafico-aereo-con-menor-crecimiento-al-promedio-de-la-region-alta\/#primaryimage","url":"https:\/\/nitu.mx\/wp-content\/uploads\/2018\/02\/avion.jpg","contentUrl":"https:\/\/nitu.mx\/wp-content\/uploads\/2018\/02\/avion.jpg","width":850,"height":480,"caption":"santa lucia avion aci canaero iata ALTA Categor\u00eda 1"},{"@type":"BreadcrumbList","@id":"https:\/\/nitu.mx\/index.php\/2025\/10\/21\/mexico-registra-trafico-aereo-con-menor-crecimiento-al-promedio-de-la-region-alta\/#breadcrumb","itemListElement":[{"@type":"ListItem","position":1,"name":"Inicio","item":"https:\/\/nitu.mx\/"},{"@type":"ListItem","position":2,"name":"M\u00e9xico registra tr\u00e1fico a\u00e9reo con menor crecimiento al promedio de la regi\u00f3n: ALTA"}]},{"@type":"WebSite","@id":"https:\/\/nitu.mx\/#website","url":"https:\/\/nitu.mx\/","name":"Nitu - Noticias de la Industria Turistica","description":"Noticias de la Industria Turistica","publisher":{"@id":"https:\/\/nitu.mx\/#\/schema\/person\/ae7a53426417292d3dd07b45a33e01bc"},"alternateName":"Noticias de la Industria Turistica","potentialAction":[{"@type":"SearchAction","target":{"@type":"EntryPoint","urlTemplate":"https:\/\/nitu.mx\/?s={search_term_string}"},"query-input":"required name=search_term_string"}],"inLanguage":"es-MX"},{"@type":["Person","Organization"],"@id":"https:\/\/nitu.mx\/#\/schema\/person\/ae7a53426417292d3dd07b45a33e01bc","name":"Arturo Medina","image":{"@type":"ImageObject","inLanguage":"es-MX","@id":"https:\/\/nitu.mx\/#\/schema\/person\/image\/","url":"https:\/\/nitu.mx\/wp-content\/uploads\/2024\/04\/4A315622-1904-4D5C-B022-878CDC840E04-90x90-1.jpeg","contentUrl":"https:\/\/nitu.mx\/wp-content\/uploads\/2024\/04\/4A315622-1904-4D5C-B022-878CDC840E04-90x90-1.jpeg","width":90,"height":90,"caption":"Arturo Medina"},"logo":{"@id":"https:\/\/nitu.mx\/#\/schema\/person\/image\/"},"description":"Director NITU.mx, Egresado de la Escuela de Periodismo Carlos Septi\u00e9n Garc\u00eda. Periodista y analista especializado en turismo desde hace 35 a\u00f1os, radicado en Canc\u00fan Q.Roo. arturo@nitu.mx","sameAs":["https:\/\/nitu.mx","https:\/\/www.facebook.com\/NITUmx\/","medinacancun","https:\/\/twitter.com\/@Arturo_Medina_G"]},{"@type":"Person","@id":"https:\/\/nitu.mx\/#\/schema\/person\/4a28fe9bd65924f7c90623773daf1b0b","name":"Redacci\u00f3n","image":{"@type":"ImageObject","inLanguage":"es-MX","@id":"https:\/\/nitu.mx\/#\/schema\/person\/image\/","url":"https:\/\/secure.gravatar.com\/avatar\/5dd011c8ccfc5cd7e4c81e42252aab38?s=96&d=mm&r=g","contentUrl":"https:\/\/secure.gravatar.com\/avatar\/5dd011c8ccfc5cd7e4c81e42252aab38?s=96&d=mm&r=g","caption":"Redacci\u00f3n"},"url":"https:\/\/nitu.mx\/index.php\/author\/redaccion\/"}]}},"views":719,"_links":{"self":[{"href":"https:\/\/nitu.mx\/index.php\/wp-json\/wp\/v2\/posts\/84098"}],"collection":[{"href":"https:\/\/nitu.mx\/index.php\/wp-json\/wp\/v2\/posts"}],"about":[{"href":"https:\/\/nitu.mx\/index.php\/wp-json\/wp\/v2\/types\/post"}],"author":[{"embeddable":true,"href":"https:\/\/nitu.mx\/index.php\/wp-json\/wp\/v2\/users\/17"}],"replies":[{"embeddable":true,"href":"https:\/\/nitu.mx\/index.php\/wp-json\/wp\/v2\/comments?post=84098"}],"version-history":[{"count":1,"href":"https:\/\/nitu.mx\/index.php\/wp-json\/wp\/v2\/posts\/84098\/revisions"}],"predecessor-version":[{"id":84102,"href":"https:\/\/nitu.mx\/index.php\/wp-json\/wp\/v2\/posts\/84098\/revisions\/84102"}],"wp:featuredmedia":[{"embeddable":true,"href":"https:\/\/nitu.mx\/index.php\/wp-json\/wp\/v2\/media\/18011"}],"wp:attachment":[{"href":"https:\/\/nitu.mx\/index.php\/wp-json\/wp\/v2\/media?parent=84098"}],"wp:term":[{"taxonomy":"category","embeddable":true,"href":"https:\/\/nitu.mx\/index.php\/wp-json\/wp\/v2\/categories?post=84098"},{"taxonomy":"post_tag","embeddable":true,"href":"https:\/\/nitu.mx\/index.php\/wp-json\/wp\/v2\/tags?post=84098"}],"curies":[{"name":"wp","href":"https:\/\/api.w.org\/{rel}","templated":true}]}}