{"id":84082,"date":"2025-10-21T20:38:52","date_gmt":"2025-10-22T02:38:52","guid":{"rendered":"https:\/\/nitu.mx\/?p=84082"},"modified":"2025-10-21T20:38:52","modified_gmt":"2025-10-22T02:38:52","slug":"morelos-espera-mas-de-220-mil-visitantes-y-73-mdp-por-festividades-de-dia-de-muertos","status":"publish","type":"post","link":"https:\/\/nitu.mx\/index.php\/2025\/10\/21\/morelos-espera-mas-de-220-mil-visitantes-y-73-mdp-por-festividades-de-dia-de-muertos\/","title":{"rendered":"Morelos espera m\u00e1s de 220 mil visitantes y 73 MDP por festividades de D\u00eda de Muertos"},"content":{"rendered":"\n<p>Morelos se prepara para vivir una de las tradiciones con mayor arraigo popular, la celebraci\u00f3n del D\u00eda de Muertos. La entidad recibir\u00e1 a m\u00e1s de 220 mil visitantes, lo que generar\u00e1 una derrama econ\u00f3mica superior a 73 millones de pesos, consolidando a Morelos como uno de los destinos m\u00e1s representativos de M\u00e9xico en esta temporada.<br>\u00a0<br>El secretario de Turismo estatal, Daniel Altafi Valladares, dijo que \u201cel D\u00eda de Muertos no s\u00f3lo se observa: se vive, se escucha y se siente, por ello hacemos del turismo una prioridad para Morelos, impulsando desarrollo y bienestar compartido\u201d.<br>\u00a0<br>En conferencia de prensa present\u00f3 la agenda oficial de actividades con motivo del D\u00eda de Muertos 2025, en un encuentro realizado en la Casa de Morelos en la Ciudad de M\u00e9xico, con la participaci\u00f3n de la Secretar\u00eda de Cultura del Estado y el Museo Nacional de Culturas Populares.<br>\u00a0<br>Las celebraciones del D\u00eda de Muertos se extienden a lo largo y ancho del estado, con una gran diversidad de manifestaciones que dan vida a la memoria colectiva de Morelos.<br>\u00a0<br>Entre las m\u00e1s representativas se encuentran las festividades de Ocotepec, con la tradici\u00f3n de las ofrendas nuevas \u201cde cuerpo presente\u201d, reconocida como Patrimonio Cultural Inmaterial de la Humanidad por la UNESCO, que mantiene viva la esencia de recibir a las almas con caf\u00e9, pan y tamales.<br>\u00a0<br>En Tetela del Volc\u00e1n, los arcos de cempas\u00fachil y la tradicional huehuenchada llenan las calles de color y m\u00fasica; en Zacualpan de Amilpas, las mojigangas y comparsas celebran la vida entre cartoner\u00eda y alegr\u00eda popular; en Tlayacapan, la emblem\u00e1tica Banda Br\u00edgido Santamar\u00eda acompa\u00f1a la alumbrada en el pante\u00f3n con marchas f\u00fanebres que transforman la noche en un acto de amor y recuerdo; en Coatetelco, las ofrendas colgantes, \u00fanicas en M\u00e9xico, se elevan como s\u00edmbolo de amor eterno; y en Tequesquitengo, los altares flotantes iluminar\u00e1n el lago en un espect\u00e1culo m\u00edstico que une naturaleza y tradici\u00f3n.<br>\u00a0<br>Cuernavaca ser\u00e1 escenario del Festival Miquixtli, dedicado a las mujeres, donde arte, gastronom\u00eda y m\u00fasica contempor\u00e1nea convivir\u00e1n con lo ancestral. Este evento ser\u00e1 el m\u00e1s representativo en la entidad, en donde tan solo por \u00e9ste se esperan 150 mil visitantes y 50 millones de pesos de derrama econ\u00f3mica. Estar\u00e1 del 30 de octubre al 2 de noviembre, y como parte de la agenda est\u00e1 programada la participaci\u00f3n de Lila Downs. <\/p>\n\n\n\n<p>En su oportunidad, Lourdes Arce, secretaria t\u00e9cnica de la Secretar\u00eda de Cultura de Morelos, se\u00f1al\u00f3 que el D\u00eda de Muertos es una manifestaci\u00f3n que se transforma y se reinventa sin perder su esencia espiritual.<br>\u00a0<br>Explic\u00f3 que esta festividad es una oportunidad para acercarse con respeto a las comunidades, escuchar sus voces y vivir con ellas una experiencia de cultura viva y compartida. Agreg\u00f3 que la participaci\u00f3n de ni\u00f1as, ni\u00f1os y j\u00f3venes en talleres, semilleros creativos y programas de formaci\u00f3n art\u00edstica garantiza la transmisi\u00f3n de saberes y la continuidad de las tradiciones en todo el estado.<br>\u00a0<br>Por su parte, Yessica Morales Vega, directora del Museo Nacional de Culturas Populares, resalt\u00f3 el trabajo conjunto con Morelos y anunci\u00f3 la proyecci\u00f3n del documental \u201cMiquixtli, historia de una tradici\u00f3n viva\u201d, el 29 de octubre en el Cinema Pai Pai, dentro del museo ubicado en Coyoac\u00e1n.<br>\u00a0<br>Destac\u00f3 que estas expresiones son ejemplo de c\u00f3mo la cultura popular fortalece la identidad y promueve el respeto a la diversidad cultural de M\u00e9xico, al tiempo que reconoci\u00f3 la estrecha colaboraci\u00f3n entre el Gobierno de M\u00e9xico, el Gobierno de Morelos y las comunidades para preservar el patrimonio vivo del pa\u00eds.<br>\u00a0<br>Daniel Altafi reconoci\u00f3 que bajo la visi\u00f3n de la gobernadora Margarita Gonz\u00e1lez Saravia, estas acciones consolidan al turismo cultural como motor de desarrollo econ\u00f3mico, identidad y cohesi\u00f3n social, haciendo del D\u00eda de Muertos en Morelos una experiencia que se vive, se comparte y se transforma en orgullo colectivo.<br>\u00a0<br>Morelos invita a vivir estas celebraciones desde el respeto, la gratitud y el orgullo por nuestras ra\u00edces, porque la primavera de M\u00e9xico, es tambi\u00e9n la tierra donde la tradici\u00f3n sigue viva. (<a href=\"https:\/\/nitu.mx\/index.php\/2025\/10\/07\/morelos-sera-la-sede-del-x-foro-mundial-de-la-gastronomia-mexicana\/\">Morelos ser\u00e1 la sede del X Foro Mundial de la Gastronom\u00eda Mexicana<\/a>).<\/p>\n","protected":false},"excerpt":{"rendered":"<p>Morelos se prepara para vivir una de las tradiciones con mayor arraigo popular, la celebraci\u00f3n del D\u00eda de Muertos. La entidad recibir\u00e1 a m\u00e1s de 220 mil visitantes, lo que generar\u00e1 una derrama econ\u00f3mica superior a 73 millones de pesos, consolidando a Morelos como uno de los destinos m\u00e1s representativos de M\u00e9xico en esta temporada.\u00a0El [&hellip;]<\/p>\n","protected":false},"author":18,"featured_media":84085,"comment_status":"closed","ping_status":"closed","sticky":false,"template":"","format":"standard","meta":{"footnotes":""},"categories":[5],"tags":[299,27385,1374,4997],"yoast_head":"<!-- This site is optimized with the Yoast SEO plugin v22.2 - https:\/\/yoast.com\/wordpress\/plugins\/seo\/ -->\n<title>Morelos espera m\u00e1s de 220 mil visitantes y 73 MDP por festividades de D\u00eda de Muertos - Nitu - Noticias de la Industria Turistica<\/title>\n<meta name=\"robots\" content=\"index, follow, max-snippet:-1, max-image-preview:large, max-video-preview:-1\" \/>\n<link rel=\"canonical\" href=\"https:\/\/nitu.mx\/index.php\/2025\/10\/21\/morelos-espera-mas-de-220-mil-visitantes-y-73-mdp-por-festividades-de-dia-de-muertos\/\" \/>\n<meta name=\"twitter:card\" content=\"summary_large_image\" \/>\n<meta name=\"twitter:title\" content=\"Morelos espera m\u00e1s de 220 mil visitantes y 73 MDP por festividades de D\u00eda de Muertos - Nitu - Noticias de la Industria Turistica\" \/>\n<meta name=\"twitter:description\" content=\"Morelos se prepara para vivir una de las tradiciones con mayor arraigo popular, la celebraci\u00f3n del D\u00eda de Muertos. La entidad recibir\u00e1 a m\u00e1s de 220 mil visitantes, lo que generar\u00e1 una derrama econ\u00f3mica superior a 73 millones de pesos, consolidando a Morelos como uno de los destinos m\u00e1s representativos de M\u00e9xico en esta temporada.\u00a0El [&hellip;]\" \/>\n<meta name=\"twitter:image\" content=\"https:\/\/nitu.mx\/wp-content\/uploads\/2025\/10\/Morelos-Dia-de-Muertos-conferencia.jpg\" \/>\n<meta name=\"twitter:creator\" content=\"@NITUmx\" \/>\n<meta name=\"twitter:site\" content=\"@Arturo_Medina_G\" \/>\n<meta name=\"twitter:label1\" content=\"Escrito por\" \/>\n\t<meta name=\"twitter:data1\" content=\"Guadalupe Sixto\" \/>\n\t<meta name=\"twitter:label2\" content=\"Tiempo de lectura\" \/>\n\t<meta name=\"twitter:data2\" content=\"4 minutos\" \/>\n<script type=\"application\/ld+json\" class=\"yoast-schema-graph\">{\"@context\":\"https:\/\/schema.org\",\"@graph\":[{\"@type\":\"Article\",\"@id\":\"https:\/\/nitu.mx\/index.php\/2025\/10\/21\/morelos-espera-mas-de-220-mil-visitantes-y-73-mdp-por-festividades-de-dia-de-muertos\/#article\",\"isPartOf\":{\"@id\":\"https:\/\/nitu.mx\/index.php\/2025\/10\/21\/morelos-espera-mas-de-220-mil-visitantes-y-73-mdp-por-festividades-de-dia-de-muertos\/\"},\"author\":{\"name\":\"Guadalupe Sixto\",\"@id\":\"https:\/\/nitu.mx\/#\/schema\/person\/3df3082b5e46037e3f13614d28ee0b77\"},\"headline\":\"Morelos espera m\u00e1s de 220 mil visitantes y 73 MDP por festividades de D\u00eda de Muertos\",\"datePublished\":\"2025-10-22T02:38:52+00:00\",\"dateModified\":\"2025-10-22T02:38:52+00:00\",\"mainEntityOfPage\":{\"@id\":\"https:\/\/nitu.mx\/index.php\/2025\/10\/21\/morelos-espera-mas-de-220-mil-visitantes-y-73-mdp-por-festividades-de-dia-de-muertos\/\"},\"wordCount\":742,\"publisher\":{\"@id\":\"https:\/\/nitu.mx\/#\/schema\/person\/ae7a53426417292d3dd07b45a33e01bc\"},\"image\":{\"@id\":\"https:\/\/nitu.mx\/index.php\/2025\/10\/21\/morelos-espera-mas-de-220-mil-visitantes-y-73-mdp-por-festividades-de-dia-de-muertos\/#primaryimage\"},\"thumbnailUrl\":\"https:\/\/nitu.mx\/wp-content\/uploads\/2025\/10\/Morelos-Dia-de-Muertos-conferencia.jpg\",\"keywords\":[\"Cuernavaca\",\"Daniel Altafi\",\"D\u00eda de Muertos\",\"Morelos\"],\"articleSection\":[\"Destinos\"],\"inLanguage\":\"es-MX\"},{\"@type\":\"WebPage\",\"@id\":\"https:\/\/nitu.mx\/index.php\/2025\/10\/21\/morelos-espera-mas-de-220-mil-visitantes-y-73-mdp-por-festividades-de-dia-de-muertos\/\",\"url\":\"https:\/\/nitu.mx\/index.php\/2025\/10\/21\/morelos-espera-mas-de-220-mil-visitantes-y-73-mdp-por-festividades-de-dia-de-muertos\/\",\"name\":\"Morelos espera m\u00e1s de 220 mil visitantes y 73 MDP por festividades de D\u00eda de Muertos - Nitu - Noticias de la Industria Turistica\",\"isPartOf\":{\"@id\":\"https:\/\/nitu.mx\/#website\"},\"primaryImageOfPage\":{\"@id\":\"https:\/\/nitu.mx\/index.php\/2025\/10\/21\/morelos-espera-mas-de-220-mil-visitantes-y-73-mdp-por-festividades-de-dia-de-muertos\/#primaryimage\"},\"image\":{\"@id\":\"https:\/\/nitu.mx\/index.php\/2025\/10\/21\/morelos-espera-mas-de-220-mil-visitantes-y-73-mdp-por-festividades-de-dia-de-muertos\/#primaryimage\"},\"thumbnailUrl\":\"https:\/\/nitu.mx\/wp-content\/uploads\/2025\/10\/Morelos-Dia-de-Muertos-conferencia.jpg\",\"datePublished\":\"2025-10-22T02:38:52+00:00\",\"dateModified\":\"2025-10-22T02:38:52+00:00\",\"breadcrumb\":{\"@id\":\"https:\/\/nitu.mx\/index.php\/2025\/10\/21\/morelos-espera-mas-de-220-mil-visitantes-y-73-mdp-por-festividades-de-dia-de-muertos\/#breadcrumb\"},\"inLanguage\":\"es-MX\",\"potentialAction\":[{\"@type\":\"ReadAction\",\"target\":[\"https:\/\/nitu.mx\/index.php\/2025\/10\/21\/morelos-espera-mas-de-220-mil-visitantes-y-73-mdp-por-festividades-de-dia-de-muertos\/\"]}]},{\"@type\":\"ImageObject\",\"inLanguage\":\"es-MX\",\"@id\":\"https:\/\/nitu.mx\/index.php\/2025\/10\/21\/morelos-espera-mas-de-220-mil-visitantes-y-73-mdp-por-festividades-de-dia-de-muertos\/#primaryimage\",\"url\":\"https:\/\/nitu.mx\/wp-content\/uploads\/2025\/10\/Morelos-Dia-de-Muertos-conferencia.jpg\",\"contentUrl\":\"https:\/\/nitu.mx\/wp-content\/uploads\/2025\/10\/Morelos-Dia-de-Muertos-conferencia.jpg\",\"width\":1200,\"height\":675,\"caption\":\"Morelos D\u00eda de Muertos conferencia\"},{\"@type\":\"BreadcrumbList\",\"@id\":\"https:\/\/nitu.mx\/index.php\/2025\/10\/21\/morelos-espera-mas-de-220-mil-visitantes-y-73-mdp-por-festividades-de-dia-de-muertos\/#breadcrumb\",\"itemListElement\":[{\"@type\":\"ListItem\",\"position\":1,\"name\":\"Inicio\",\"item\":\"https:\/\/nitu.mx\/\"},{\"@type\":\"ListItem\",\"position\":2,\"name\":\"Morelos espera m\u00e1s de 220 mil visitantes y 73 MDP por festividades de D\u00eda de Muertos\"}]},{\"@type\":\"WebSite\",\"@id\":\"https:\/\/nitu.mx\/#website\",\"url\":\"https:\/\/nitu.mx\/\",\"name\":\"Nitu - Noticias de la Industria Turistica\",\"description\":\"Noticias de la Industria Turistica\",\"publisher\":{\"@id\":\"https:\/\/nitu.mx\/#\/schema\/person\/ae7a53426417292d3dd07b45a33e01bc\"},\"alternateName\":\"Noticias de la Industria Turistica\",\"potentialAction\":[{\"@type\":\"SearchAction\",\"target\":{\"@type\":\"EntryPoint\",\"urlTemplate\":\"https:\/\/nitu.mx\/?s={search_term_string}\"},\"query-input\":\"required name=search_term_string\"}],\"inLanguage\":\"es-MX\"},{\"@type\":[\"Person\",\"Organization\"],\"@id\":\"https:\/\/nitu.mx\/#\/schema\/person\/ae7a53426417292d3dd07b45a33e01bc\",\"name\":\"Arturo Medina\",\"image\":{\"@type\":\"ImageObject\",\"inLanguage\":\"es-MX\",\"@id\":\"https:\/\/nitu.mx\/#\/schema\/person\/image\/\",\"url\":\"https:\/\/nitu.mx\/wp-content\/uploads\/2024\/04\/4A315622-1904-4D5C-B022-878CDC840E04-90x90-1.jpeg\",\"contentUrl\":\"https:\/\/nitu.mx\/wp-content\/uploads\/2024\/04\/4A315622-1904-4D5C-B022-878CDC840E04-90x90-1.jpeg\",\"width\":90,\"height\":90,\"caption\":\"Arturo Medina\"},\"logo\":{\"@id\":\"https:\/\/nitu.mx\/#\/schema\/person\/image\/\"},\"description\":\"Director NITU.mx, Egresado de la Escuela de Periodismo Carlos Septi\u00e9n Garc\u00eda. Periodista y analista especializado en turismo desde hace 35 a\u00f1os, radicado en Canc\u00fan Q.Roo. arturo@nitu.mx\",\"sameAs\":[\"https:\/\/nitu.mx\",\"https:\/\/www.facebook.com\/NITUmx\/\",\"medinacancun\",\"https:\/\/twitter.com\/@Arturo_Medina_G\"]},{\"@type\":\"Person\",\"@id\":\"https:\/\/nitu.mx\/#\/schema\/person\/3df3082b5e46037e3f13614d28ee0b77\",\"name\":\"Guadalupe Sixto\",\"image\":{\"@type\":\"ImageObject\",\"inLanguage\":\"es-MX\",\"@id\":\"https:\/\/nitu.mx\/#\/schema\/person\/image\/\",\"url\":\"https:\/\/secure.gravatar.com\/avatar\/13914e1b0e1919e91f9539de4dc584c4?s=96&d=mm&r=g\",\"contentUrl\":\"https:\/\/secure.gravatar.com\/avatar\/13914e1b0e1919e91f9539de4dc584c4?s=96&d=mm&r=g\",\"caption\":\"Guadalupe Sixto\"},\"url\":\"https:\/\/nitu.mx\/index.php\/author\/gsixto\/\"}]}<\/script>\n<!-- \/ Yoast SEO plugin. -->","yoast_head_json":{"title":"Morelos espera m\u00e1s de 220 mil visitantes y 73 MDP por festividades de D\u00eda de Muertos - Nitu - Noticias de la Industria Turistica","robots":{"index":"index","follow":"follow","max-snippet":"max-snippet:-1","max-image-preview":"max-image-preview:large","max-video-preview":"max-video-preview:-1"},"canonical":"https:\/\/nitu.mx\/index.php\/2025\/10\/21\/morelos-espera-mas-de-220-mil-visitantes-y-73-mdp-por-festividades-de-dia-de-muertos\/","twitter_card":"summary_large_image","twitter_title":"Morelos espera m\u00e1s de 220 mil visitantes y 73 MDP por festividades de D\u00eda de Muertos - Nitu - Noticias de la Industria Turistica","twitter_description":"Morelos se prepara para vivir una de las tradiciones con mayor arraigo popular, la celebraci\u00f3n del D\u00eda de Muertos. La entidad recibir\u00e1 a m\u00e1s de 220 mil visitantes, lo que generar\u00e1 una derrama econ\u00f3mica superior a 73 millones de pesos, consolidando a Morelos como uno de los destinos m\u00e1s representativos de M\u00e9xico en esta temporada.\u00a0El [&hellip;]","twitter_image":"https:\/\/nitu.mx\/wp-content\/uploads\/2025\/10\/Morelos-Dia-de-Muertos-conferencia.jpg","twitter_creator":"@NITUmx","twitter_site":"@Arturo_Medina_G","twitter_misc":{"Escrito por":"Guadalupe Sixto","Tiempo de lectura":"4 minutos"},"schema":{"@context":"https:\/\/schema.org","@graph":[{"@type":"Article","@id":"https:\/\/nitu.mx\/index.php\/2025\/10\/21\/morelos-espera-mas-de-220-mil-visitantes-y-73-mdp-por-festividades-de-dia-de-muertos\/#article","isPartOf":{"@id":"https:\/\/nitu.mx\/index.php\/2025\/10\/21\/morelos-espera-mas-de-220-mil-visitantes-y-73-mdp-por-festividades-de-dia-de-muertos\/"},"author":{"name":"Guadalupe Sixto","@id":"https:\/\/nitu.mx\/#\/schema\/person\/3df3082b5e46037e3f13614d28ee0b77"},"headline":"Morelos espera m\u00e1s de 220 mil visitantes y 73 MDP por festividades de D\u00eda de Muertos","datePublished":"2025-10-22T02:38:52+00:00","dateModified":"2025-10-22T02:38:52+00:00","mainEntityOfPage":{"@id":"https:\/\/nitu.mx\/index.php\/2025\/10\/21\/morelos-espera-mas-de-220-mil-visitantes-y-73-mdp-por-festividades-de-dia-de-muertos\/"},"wordCount":742,"publisher":{"@id":"https:\/\/nitu.mx\/#\/schema\/person\/ae7a53426417292d3dd07b45a33e01bc"},"image":{"@id":"https:\/\/nitu.mx\/index.php\/2025\/10\/21\/morelos-espera-mas-de-220-mil-visitantes-y-73-mdp-por-festividades-de-dia-de-muertos\/#primaryimage"},"thumbnailUrl":"https:\/\/nitu.mx\/wp-content\/uploads\/2025\/10\/Morelos-Dia-de-Muertos-conferencia.jpg","keywords":["Cuernavaca","Daniel Altafi","D\u00eda de Muertos","Morelos"],"articleSection":["Destinos"],"inLanguage":"es-MX"},{"@type":"WebPage","@id":"https:\/\/nitu.mx\/index.php\/2025\/10\/21\/morelos-espera-mas-de-220-mil-visitantes-y-73-mdp-por-festividades-de-dia-de-muertos\/","url":"https:\/\/nitu.mx\/index.php\/2025\/10\/21\/morelos-espera-mas-de-220-mil-visitantes-y-73-mdp-por-festividades-de-dia-de-muertos\/","name":"Morelos espera m\u00e1s de 220 mil visitantes y 73 MDP por festividades de D\u00eda de Muertos - Nitu - Noticias de la Industria Turistica","isPartOf":{"@id":"https:\/\/nitu.mx\/#website"},"primaryImageOfPage":{"@id":"https:\/\/nitu.mx\/index.php\/2025\/10\/21\/morelos-espera-mas-de-220-mil-visitantes-y-73-mdp-por-festividades-de-dia-de-muertos\/#primaryimage"},"image":{"@id":"https:\/\/nitu.mx\/index.php\/2025\/10\/21\/morelos-espera-mas-de-220-mil-visitantes-y-73-mdp-por-festividades-de-dia-de-muertos\/#primaryimage"},"thumbnailUrl":"https:\/\/nitu.mx\/wp-content\/uploads\/2025\/10\/Morelos-Dia-de-Muertos-conferencia.jpg","datePublished":"2025-10-22T02:38:52+00:00","dateModified":"2025-10-22T02:38:52+00:00","breadcrumb":{"@id":"https:\/\/nitu.mx\/index.php\/2025\/10\/21\/morelos-espera-mas-de-220-mil-visitantes-y-73-mdp-por-festividades-de-dia-de-muertos\/#breadcrumb"},"inLanguage":"es-MX","potentialAction":[{"@type":"ReadAction","target":["https:\/\/nitu.mx\/index.php\/2025\/10\/21\/morelos-espera-mas-de-220-mil-visitantes-y-73-mdp-por-festividades-de-dia-de-muertos\/"]}]},{"@type":"ImageObject","inLanguage":"es-MX","@id":"https:\/\/nitu.mx\/index.php\/2025\/10\/21\/morelos-espera-mas-de-220-mil-visitantes-y-73-mdp-por-festividades-de-dia-de-muertos\/#primaryimage","url":"https:\/\/nitu.mx\/wp-content\/uploads\/2025\/10\/Morelos-Dia-de-Muertos-conferencia.jpg","contentUrl":"https:\/\/nitu.mx\/wp-content\/uploads\/2025\/10\/Morelos-Dia-de-Muertos-conferencia.jpg","width":1200,"height":675,"caption":"Morelos D\u00eda de Muertos conferencia"},{"@type":"BreadcrumbList","@id":"https:\/\/nitu.mx\/index.php\/2025\/10\/21\/morelos-espera-mas-de-220-mil-visitantes-y-73-mdp-por-festividades-de-dia-de-muertos\/#breadcrumb","itemListElement":[{"@type":"ListItem","position":1,"name":"Inicio","item":"https:\/\/nitu.mx\/"},{"@type":"ListItem","position":2,"name":"Morelos espera m\u00e1s de 220 mil visitantes y 73 MDP por festividades de D\u00eda de Muertos"}]},{"@type":"WebSite","@id":"https:\/\/nitu.mx\/#website","url":"https:\/\/nitu.mx\/","name":"Nitu - Noticias de la Industria Turistica","description":"Noticias de la Industria Turistica","publisher":{"@id":"https:\/\/nitu.mx\/#\/schema\/person\/ae7a53426417292d3dd07b45a33e01bc"},"alternateName":"Noticias de la Industria Turistica","potentialAction":[{"@type":"SearchAction","target":{"@type":"EntryPoint","urlTemplate":"https:\/\/nitu.mx\/?s={search_term_string}"},"query-input":"required name=search_term_string"}],"inLanguage":"es-MX"},{"@type":["Person","Organization"],"@id":"https:\/\/nitu.mx\/#\/schema\/person\/ae7a53426417292d3dd07b45a33e01bc","name":"Arturo Medina","image":{"@type":"ImageObject","inLanguage":"es-MX","@id":"https:\/\/nitu.mx\/#\/schema\/person\/image\/","url":"https:\/\/nitu.mx\/wp-content\/uploads\/2024\/04\/4A315622-1904-4D5C-B022-878CDC840E04-90x90-1.jpeg","contentUrl":"https:\/\/nitu.mx\/wp-content\/uploads\/2024\/04\/4A315622-1904-4D5C-B022-878CDC840E04-90x90-1.jpeg","width":90,"height":90,"caption":"Arturo Medina"},"logo":{"@id":"https:\/\/nitu.mx\/#\/schema\/person\/image\/"},"description":"Director NITU.mx, Egresado de la Escuela de Periodismo Carlos Septi\u00e9n Garc\u00eda. Periodista y analista especializado en turismo desde hace 35 a\u00f1os, radicado en Canc\u00fan Q.Roo. arturo@nitu.mx","sameAs":["https:\/\/nitu.mx","https:\/\/www.facebook.com\/NITUmx\/","medinacancun","https:\/\/twitter.com\/@Arturo_Medina_G"]},{"@type":"Person","@id":"https:\/\/nitu.mx\/#\/schema\/person\/3df3082b5e46037e3f13614d28ee0b77","name":"Guadalupe Sixto","image":{"@type":"ImageObject","inLanguage":"es-MX","@id":"https:\/\/nitu.mx\/#\/schema\/person\/image\/","url":"https:\/\/secure.gravatar.com\/avatar\/13914e1b0e1919e91f9539de4dc584c4?s=96&d=mm&r=g","contentUrl":"https:\/\/secure.gravatar.com\/avatar\/13914e1b0e1919e91f9539de4dc584c4?s=96&d=mm&r=g","caption":"Guadalupe Sixto"},"url":"https:\/\/nitu.mx\/index.php\/author\/gsixto\/"}]}},"views":570,"_links":{"self":[{"href":"https:\/\/nitu.mx\/index.php\/wp-json\/wp\/v2\/posts\/84082"}],"collection":[{"href":"https:\/\/nitu.mx\/index.php\/wp-json\/wp\/v2\/posts"}],"about":[{"href":"https:\/\/nitu.mx\/index.php\/wp-json\/wp\/v2\/types\/post"}],"author":[{"embeddable":true,"href":"https:\/\/nitu.mx\/index.php\/wp-json\/wp\/v2\/users\/18"}],"replies":[{"embeddable":true,"href":"https:\/\/nitu.mx\/index.php\/wp-json\/wp\/v2\/comments?post=84082"}],"version-history":[{"count":2,"href":"https:\/\/nitu.mx\/index.php\/wp-json\/wp\/v2\/posts\/84082\/revisions"}],"predecessor-version":[{"id":84086,"href":"https:\/\/nitu.mx\/index.php\/wp-json\/wp\/v2\/posts\/84082\/revisions\/84086"}],"wp:featuredmedia":[{"embeddable":true,"href":"https:\/\/nitu.mx\/index.php\/wp-json\/wp\/v2\/media\/84085"}],"wp:attachment":[{"href":"https:\/\/nitu.mx\/index.php\/wp-json\/wp\/v2\/media?parent=84082"}],"wp:term":[{"taxonomy":"category","embeddable":true,"href":"https:\/\/nitu.mx\/index.php\/wp-json\/wp\/v2\/categories?post=84082"},{"taxonomy":"post_tag","embeddable":true,"href":"https:\/\/nitu.mx\/index.php\/wp-json\/wp\/v2\/tags?post=84082"}],"curies":[{"name":"wp","href":"https:\/\/api.w.org\/{rel}","templated":true}]}}