{"id":84078,"date":"2025-10-20T22:22:27","date_gmt":"2025-10-21T04:22:27","guid":{"rendered":"https:\/\/nitu.mx\/?p=84078"},"modified":"2025-10-20T22:22:28","modified_gmt":"2025-10-21T04:22:28","slug":"playa-del-carmen-estrena-nuevo-arco-de-acceso-como-simbolo-de-identidad-y-seguridad","status":"publish","type":"post","link":"https:\/\/nitu.mx\/index.php\/2025\/10\/20\/playa-del-carmen-estrena-nuevo-arco-de-acceso-como-simbolo-de-identidad-y-seguridad\/","title":{"rendered":"Playa del Carmen estrena nuevo Arco de Acceso como s\u00edmbolo de identidad y seguridad"},"content":{"rendered":"\n<p>La gobernadora de Quintana Roo, Mara Lezama Espinosa, y la presidenta municipal de Playa del Carmen, Estefan\u00eda Mercado, inauguraron el nuevo Arco de Acceso a la Ciudad, una obra municipal que simboliza la identidad y el orgullo de este destino, adem\u00e1s de incorporar tecnolog\u00eda para fortalecer la seguridad p\u00fablica.<\/p>\n\n\n\n<p>Durante el evento, la gobernadora destac\u00f3 que el nuevo arco, ubicado en el acceso norte que comunica con Canc\u00fan, representa \u201cuna puerta de entrada al coraz\u00f3n de la Riviera Maya, donde el turismo, la cultura y el orgullo playense se unen\u201d, subrayando que la obra, con inversi\u00f3n municipal, refleja el trabajo en equipo entre los tres \u00f3rdenes de gobierno para impulsar el desarrollo, bienestar y prosperidad compartida.<\/p>\n\n\n\n<p>Por su parte, la presidenta municipal Estefan\u00eda Mercado explic\u00f3 que la estructura combina dise\u00f1o, funcionalidad y tecnolog\u00eda. \u201cEste arco no solo es un s\u00edmbolo de bienvenida, sino una infraestructura inteligente que fortalece la seguridad de nuestra ciudad\u201d, se\u00f1al\u00f3.<\/p>\n\n\n\n<p>Detall\u00f3 que en el interior del arco se instal\u00f3 un sistema de videovigilancia enlazado al centro de monitoreo de la Secretar\u00eda de Seguridad Ciudadana de Playa del Carmen, con c\u00e1maras de alta tecnolog\u00eda que registran la entrada y salida de veh\u00edculos las 24 horas, brindando mayor protecci\u00f3n tanto a habitantes como a visitantes.<\/p>\n\n\n\n<p>La gobernadora reconoci\u00f3 el esfuerzo del Ayuntamiento de Playa del Carmen por impulsar obras que refuercen la infraestructura urbana y tur\u00edstica del municipio. \u201cEste arco refleja el esfuerzo conjunto para que, a trav\u00e9s del turismo, sigamos construyendo bienestar y prosperidad compartida. Seguiremos impulsando proyectos que fortalezcan el turismo sostenible, siempre pensando en las familias, en su bienestar y su futuro\u201d, afirm\u00f3. (<a href=\"https:\/\/nitu.mx\/index.php\/2025\/10\/13\/playa-del-carmen-alcaldesa-se-solidariza-y-pide-abrazar-a-tulum\/\">Playa del Carmen: Alcaldesa se solidariza y pide \u201cabrazar\u201d a Tulum<\/a>).<\/p>\n","protected":false},"excerpt":{"rendered":"<p>La gobernadora de Quintana Roo, Mara Lezama Espinosa, y la presidenta municipal de Playa del Carmen, Estefan\u00eda Mercado, inauguraron el nuevo Arco de Acceso a la Ciudad, una obra municipal que simboliza la identidad y el orgullo de este destino, adem\u00e1s de incorporar tecnolog\u00eda para fortalecer la seguridad p\u00fablica. Durante el evento, la gobernadora destac\u00f3 [&hellip;]<\/p>\n","protected":false},"author":17,"featured_media":84080,"comment_status":"closed","ping_status":"closed","sticky":false,"template":"","format":"standard","meta":{"footnotes":""},"categories":[18475],"tags":[27773,26867,14028,405,260],"yoast_head":"<!-- This site is optimized with the Yoast SEO plugin v22.2 - https:\/\/yoast.com\/wordpress\/plugins\/seo\/ -->\n<title>Playa del Carmen estrena nuevo Arco de Acceso como s\u00edmbolo de identidad y seguridad - Nitu - Noticias de la Industria Turistica<\/title>\n<meta name=\"robots\" content=\"index, follow, max-snippet:-1, max-image-preview:large, max-video-preview:-1\" \/>\n<link rel=\"canonical\" href=\"https:\/\/nitu.mx\/index.php\/2025\/10\/20\/playa-del-carmen-estrena-nuevo-arco-de-acceso-como-simbolo-de-identidad-y-seguridad\/\" \/>\n<meta name=\"twitter:card\" content=\"summary_large_image\" \/>\n<meta name=\"twitter:title\" content=\"Playa del Carmen estrena nuevo Arco de Acceso como s\u00edmbolo de identidad y seguridad - Nitu - Noticias de la Industria Turistica\" \/>\n<meta name=\"twitter:description\" content=\"La gobernadora de Quintana Roo, Mara Lezama Espinosa, y la presidenta municipal de Playa del Carmen, Estefan\u00eda Mercado, inauguraron el nuevo Arco de Acceso a la Ciudad, una obra municipal que simboliza la identidad y el orgullo de este destino, adem\u00e1s de incorporar tecnolog\u00eda para fortalecer la seguridad p\u00fablica. Durante el evento, la gobernadora destac\u00f3 [&hellip;]\" \/>\n<meta name=\"twitter:image\" content=\"https:\/\/nitu.mx\/wp-content\/uploads\/2025\/10\/Playa-del-Carmen-Arco-de-entrada.jpg\" \/>\n<meta name=\"twitter:creator\" content=\"@NITUmx\" \/>\n<meta name=\"twitter:site\" content=\"@Arturo_Medina_G\" \/>\n<meta name=\"twitter:label1\" content=\"Escrito por\" \/>\n\t<meta name=\"twitter:data1\" content=\"Redacci\u00f3n\" \/>\n\t<meta name=\"twitter:label2\" content=\"Tiempo de lectura\" \/>\n\t<meta name=\"twitter:data2\" content=\"1 minuto\" \/>\n<script type=\"application\/ld+json\" class=\"yoast-schema-graph\">{\"@context\":\"https:\/\/schema.org\",\"@graph\":[{\"@type\":\"Article\",\"@id\":\"https:\/\/nitu.mx\/index.php\/2025\/10\/20\/playa-del-carmen-estrena-nuevo-arco-de-acceso-como-simbolo-de-identidad-y-seguridad\/#article\",\"isPartOf\":{\"@id\":\"https:\/\/nitu.mx\/index.php\/2025\/10\/20\/playa-del-carmen-estrena-nuevo-arco-de-acceso-como-simbolo-de-identidad-y-seguridad\/\"},\"author\":{\"name\":\"Redacci\u00f3n\",\"@id\":\"https:\/\/nitu.mx\/#\/schema\/person\/4a28fe9bd65924f7c90623773daf1b0b\"},\"headline\":\"Playa del Carmen estrena nuevo Arco de Acceso como s\u00edmbolo de identidad y seguridad\",\"datePublished\":\"2025-10-21T04:22:27+00:00\",\"dateModified\":\"2025-10-21T04:22:28+00:00\",\"mainEntityOfPage\":{\"@id\":\"https:\/\/nitu.mx\/index.php\/2025\/10\/20\/playa-del-carmen-estrena-nuevo-arco-de-acceso-como-simbolo-de-identidad-y-seguridad\/\"},\"wordCount\":312,\"publisher\":{\"@id\":\"https:\/\/nitu.mx\/#\/schema\/person\/ae7a53426417292d3dd07b45a33e01bc\"},\"image\":{\"@id\":\"https:\/\/nitu.mx\/index.php\/2025\/10\/20\/playa-del-carmen-estrena-nuevo-arco-de-acceso-como-simbolo-de-identidad-y-seguridad\/#primaryimage\"},\"thumbnailUrl\":\"https:\/\/nitu.mx\/wp-content\/uploads\/2025\/10\/Playa-del-Carmen-Arco-de-entrada.jpg\",\"keywords\":[\"arco\",\"Estefan\u00eda Mercado\",\"Mara Lezama\",\"Playa del Carmen\",\"Quintana Roo\"],\"articleSection\":[\"Caribe Mexicano\"],\"inLanguage\":\"es-MX\"},{\"@type\":\"WebPage\",\"@id\":\"https:\/\/nitu.mx\/index.php\/2025\/10\/20\/playa-del-carmen-estrena-nuevo-arco-de-acceso-como-simbolo-de-identidad-y-seguridad\/\",\"url\":\"https:\/\/nitu.mx\/index.php\/2025\/10\/20\/playa-del-carmen-estrena-nuevo-arco-de-acceso-como-simbolo-de-identidad-y-seguridad\/\",\"name\":\"Playa del Carmen estrena nuevo Arco de Acceso como s\u00edmbolo de identidad y seguridad - Nitu - Noticias de la Industria Turistica\",\"isPartOf\":{\"@id\":\"https:\/\/nitu.mx\/#website\"},\"primaryImageOfPage\":{\"@id\":\"https:\/\/nitu.mx\/index.php\/2025\/10\/20\/playa-del-carmen-estrena-nuevo-arco-de-acceso-como-simbolo-de-identidad-y-seguridad\/#primaryimage\"},\"image\":{\"@id\":\"https:\/\/nitu.mx\/index.php\/2025\/10\/20\/playa-del-carmen-estrena-nuevo-arco-de-acceso-como-simbolo-de-identidad-y-seguridad\/#primaryimage\"},\"thumbnailUrl\":\"https:\/\/nitu.mx\/wp-content\/uploads\/2025\/10\/Playa-del-Carmen-Arco-de-entrada.jpg\",\"datePublished\":\"2025-10-21T04:22:27+00:00\",\"dateModified\":\"2025-10-21T04:22:28+00:00\",\"breadcrumb\":{\"@id\":\"https:\/\/nitu.mx\/index.php\/2025\/10\/20\/playa-del-carmen-estrena-nuevo-arco-de-acceso-como-simbolo-de-identidad-y-seguridad\/#breadcrumb\"},\"inLanguage\":\"es-MX\",\"potentialAction\":[{\"@type\":\"ReadAction\",\"target\":[\"https:\/\/nitu.mx\/index.php\/2025\/10\/20\/playa-del-carmen-estrena-nuevo-arco-de-acceso-como-simbolo-de-identidad-y-seguridad\/\"]}]},{\"@type\":\"ImageObject\",\"inLanguage\":\"es-MX\",\"@id\":\"https:\/\/nitu.mx\/index.php\/2025\/10\/20\/playa-del-carmen-estrena-nuevo-arco-de-acceso-como-simbolo-de-identidad-y-seguridad\/#primaryimage\",\"url\":\"https:\/\/nitu.mx\/wp-content\/uploads\/2025\/10\/Playa-del-Carmen-Arco-de-entrada.jpg\",\"contentUrl\":\"https:\/\/nitu.mx\/wp-content\/uploads\/2025\/10\/Playa-del-Carmen-Arco-de-entrada.jpg\",\"width\":1200,\"height\":675,\"caption\":\"Playa del Carmen Arco de entrada\"},{\"@type\":\"BreadcrumbList\",\"@id\":\"https:\/\/nitu.mx\/index.php\/2025\/10\/20\/playa-del-carmen-estrena-nuevo-arco-de-acceso-como-simbolo-de-identidad-y-seguridad\/#breadcrumb\",\"itemListElement\":[{\"@type\":\"ListItem\",\"position\":1,\"name\":\"Inicio\",\"item\":\"https:\/\/nitu.mx\/\"},{\"@type\":\"ListItem\",\"position\":2,\"name\":\"Playa del Carmen estrena nuevo Arco de Acceso como s\u00edmbolo de identidad y seguridad\"}]},{\"@type\":\"WebSite\",\"@id\":\"https:\/\/nitu.mx\/#website\",\"url\":\"https:\/\/nitu.mx\/\",\"name\":\"Nitu - Noticias de la Industria Turistica\",\"description\":\"Noticias de la Industria Turistica\",\"publisher\":{\"@id\":\"https:\/\/nitu.mx\/#\/schema\/person\/ae7a53426417292d3dd07b45a33e01bc\"},\"alternateName\":\"Noticias de la Industria Turistica\",\"potentialAction\":[{\"@type\":\"SearchAction\",\"target\":{\"@type\":\"EntryPoint\",\"urlTemplate\":\"https:\/\/nitu.mx\/?s={search_term_string}\"},\"query-input\":\"required name=search_term_string\"}],\"inLanguage\":\"es-MX\"},{\"@type\":[\"Person\",\"Organization\"],\"@id\":\"https:\/\/nitu.mx\/#\/schema\/person\/ae7a53426417292d3dd07b45a33e01bc\",\"name\":\"Arturo Medina\",\"image\":{\"@type\":\"ImageObject\",\"inLanguage\":\"es-MX\",\"@id\":\"https:\/\/nitu.mx\/#\/schema\/person\/image\/\",\"url\":\"https:\/\/nitu.mx\/wp-content\/uploads\/2024\/04\/4A315622-1904-4D5C-B022-878CDC840E04-90x90-1.jpeg\",\"contentUrl\":\"https:\/\/nitu.mx\/wp-content\/uploads\/2024\/04\/4A315622-1904-4D5C-B022-878CDC840E04-90x90-1.jpeg\",\"width\":90,\"height\":90,\"caption\":\"Arturo Medina\"},\"logo\":{\"@id\":\"https:\/\/nitu.mx\/#\/schema\/person\/image\/\"},\"description\":\"Director NITU.mx, Egresado de la Escuela de Periodismo Carlos Septi\u00e9n Garc\u00eda. Periodista y analista especializado en turismo desde hace 35 a\u00f1os, radicado en Canc\u00fan Q.Roo. arturo@nitu.mx\",\"sameAs\":[\"https:\/\/nitu.mx\",\"https:\/\/www.facebook.com\/NITUmx\/\",\"medinacancun\",\"https:\/\/twitter.com\/@Arturo_Medina_G\"]},{\"@type\":\"Person\",\"@id\":\"https:\/\/nitu.mx\/#\/schema\/person\/4a28fe9bd65924f7c90623773daf1b0b\",\"name\":\"Redacci\u00f3n\",\"image\":{\"@type\":\"ImageObject\",\"inLanguage\":\"es-MX\",\"@id\":\"https:\/\/nitu.mx\/#\/schema\/person\/image\/\",\"url\":\"https:\/\/secure.gravatar.com\/avatar\/5dd011c8ccfc5cd7e4c81e42252aab38?s=96&d=mm&r=g\",\"contentUrl\":\"https:\/\/secure.gravatar.com\/avatar\/5dd011c8ccfc5cd7e4c81e42252aab38?s=96&d=mm&r=g\",\"caption\":\"Redacci\u00f3n\"},\"url\":\"https:\/\/nitu.mx\/index.php\/author\/redaccion\/\"}]}<\/script>\n<!-- \/ Yoast SEO plugin. -->","yoast_head_json":{"title":"Playa del Carmen estrena nuevo Arco de Acceso como s\u00edmbolo de identidad y seguridad - Nitu - Noticias de la Industria Turistica","robots":{"index":"index","follow":"follow","max-snippet":"max-snippet:-1","max-image-preview":"max-image-preview:large","max-video-preview":"max-video-preview:-1"},"canonical":"https:\/\/nitu.mx\/index.php\/2025\/10\/20\/playa-del-carmen-estrena-nuevo-arco-de-acceso-como-simbolo-de-identidad-y-seguridad\/","twitter_card":"summary_large_image","twitter_title":"Playa del Carmen estrena nuevo Arco de Acceso como s\u00edmbolo de identidad y seguridad - Nitu - Noticias de la Industria Turistica","twitter_description":"La gobernadora de Quintana Roo, Mara Lezama Espinosa, y la presidenta municipal de Playa del Carmen, Estefan\u00eda Mercado, inauguraron el nuevo Arco de Acceso a la Ciudad, una obra municipal que simboliza la identidad y el orgullo de este destino, adem\u00e1s de incorporar tecnolog\u00eda para fortalecer la seguridad p\u00fablica. Durante el evento, la gobernadora destac\u00f3 [&hellip;]","twitter_image":"https:\/\/nitu.mx\/wp-content\/uploads\/2025\/10\/Playa-del-Carmen-Arco-de-entrada.jpg","twitter_creator":"@NITUmx","twitter_site":"@Arturo_Medina_G","twitter_misc":{"Escrito por":"Redacci\u00f3n","Tiempo de lectura":"1 minuto"},"schema":{"@context":"https:\/\/schema.org","@graph":[{"@type":"Article","@id":"https:\/\/nitu.mx\/index.php\/2025\/10\/20\/playa-del-carmen-estrena-nuevo-arco-de-acceso-como-simbolo-de-identidad-y-seguridad\/#article","isPartOf":{"@id":"https:\/\/nitu.mx\/index.php\/2025\/10\/20\/playa-del-carmen-estrena-nuevo-arco-de-acceso-como-simbolo-de-identidad-y-seguridad\/"},"author":{"name":"Redacci\u00f3n","@id":"https:\/\/nitu.mx\/#\/schema\/person\/4a28fe9bd65924f7c90623773daf1b0b"},"headline":"Playa del Carmen estrena nuevo Arco de Acceso como s\u00edmbolo de identidad y seguridad","datePublished":"2025-10-21T04:22:27+00:00","dateModified":"2025-10-21T04:22:28+00:00","mainEntityOfPage":{"@id":"https:\/\/nitu.mx\/index.php\/2025\/10\/20\/playa-del-carmen-estrena-nuevo-arco-de-acceso-como-simbolo-de-identidad-y-seguridad\/"},"wordCount":312,"publisher":{"@id":"https:\/\/nitu.mx\/#\/schema\/person\/ae7a53426417292d3dd07b45a33e01bc"},"image":{"@id":"https:\/\/nitu.mx\/index.php\/2025\/10\/20\/playa-del-carmen-estrena-nuevo-arco-de-acceso-como-simbolo-de-identidad-y-seguridad\/#primaryimage"},"thumbnailUrl":"https:\/\/nitu.mx\/wp-content\/uploads\/2025\/10\/Playa-del-Carmen-Arco-de-entrada.jpg","keywords":["arco","Estefan\u00eda Mercado","Mara Lezama","Playa del Carmen","Quintana Roo"],"articleSection":["Caribe Mexicano"],"inLanguage":"es-MX"},{"@type":"WebPage","@id":"https:\/\/nitu.mx\/index.php\/2025\/10\/20\/playa-del-carmen-estrena-nuevo-arco-de-acceso-como-simbolo-de-identidad-y-seguridad\/","url":"https:\/\/nitu.mx\/index.php\/2025\/10\/20\/playa-del-carmen-estrena-nuevo-arco-de-acceso-como-simbolo-de-identidad-y-seguridad\/","name":"Playa del Carmen estrena nuevo Arco de Acceso como s\u00edmbolo de identidad y seguridad - Nitu - Noticias de la Industria Turistica","isPartOf":{"@id":"https:\/\/nitu.mx\/#website"},"primaryImageOfPage":{"@id":"https:\/\/nitu.mx\/index.php\/2025\/10\/20\/playa-del-carmen-estrena-nuevo-arco-de-acceso-como-simbolo-de-identidad-y-seguridad\/#primaryimage"},"image":{"@id":"https:\/\/nitu.mx\/index.php\/2025\/10\/20\/playa-del-carmen-estrena-nuevo-arco-de-acceso-como-simbolo-de-identidad-y-seguridad\/#primaryimage"},"thumbnailUrl":"https:\/\/nitu.mx\/wp-content\/uploads\/2025\/10\/Playa-del-Carmen-Arco-de-entrada.jpg","datePublished":"2025-10-21T04:22:27+00:00","dateModified":"2025-10-21T04:22:28+00:00","breadcrumb":{"@id":"https:\/\/nitu.mx\/index.php\/2025\/10\/20\/playa-del-carmen-estrena-nuevo-arco-de-acceso-como-simbolo-de-identidad-y-seguridad\/#breadcrumb"},"inLanguage":"es-MX","potentialAction":[{"@type":"ReadAction","target":["https:\/\/nitu.mx\/index.php\/2025\/10\/20\/playa-del-carmen-estrena-nuevo-arco-de-acceso-como-simbolo-de-identidad-y-seguridad\/"]}]},{"@type":"ImageObject","inLanguage":"es-MX","@id":"https:\/\/nitu.mx\/index.php\/2025\/10\/20\/playa-del-carmen-estrena-nuevo-arco-de-acceso-como-simbolo-de-identidad-y-seguridad\/#primaryimage","url":"https:\/\/nitu.mx\/wp-content\/uploads\/2025\/10\/Playa-del-Carmen-Arco-de-entrada.jpg","contentUrl":"https:\/\/nitu.mx\/wp-content\/uploads\/2025\/10\/Playa-del-Carmen-Arco-de-entrada.jpg","width":1200,"height":675,"caption":"Playa del Carmen Arco de entrada"},{"@type":"BreadcrumbList","@id":"https:\/\/nitu.mx\/index.php\/2025\/10\/20\/playa-del-carmen-estrena-nuevo-arco-de-acceso-como-simbolo-de-identidad-y-seguridad\/#breadcrumb","itemListElement":[{"@type":"ListItem","position":1,"name":"Inicio","item":"https:\/\/nitu.mx\/"},{"@type":"ListItem","position":2,"name":"Playa del Carmen estrena nuevo Arco de Acceso como s\u00edmbolo de identidad y seguridad"}]},{"@type":"WebSite","@id":"https:\/\/nitu.mx\/#website","url":"https:\/\/nitu.mx\/","name":"Nitu - Noticias de la Industria Turistica","description":"Noticias de la Industria Turistica","publisher":{"@id":"https:\/\/nitu.mx\/#\/schema\/person\/ae7a53426417292d3dd07b45a33e01bc"},"alternateName":"Noticias de la Industria Turistica","potentialAction":[{"@type":"SearchAction","target":{"@type":"EntryPoint","urlTemplate":"https:\/\/nitu.mx\/?s={search_term_string}"},"query-input":"required name=search_term_string"}],"inLanguage":"es-MX"},{"@type":["Person","Organization"],"@id":"https:\/\/nitu.mx\/#\/schema\/person\/ae7a53426417292d3dd07b45a33e01bc","name":"Arturo Medina","image":{"@type":"ImageObject","inLanguage":"es-MX","@id":"https:\/\/nitu.mx\/#\/schema\/person\/image\/","url":"https:\/\/nitu.mx\/wp-content\/uploads\/2024\/04\/4A315622-1904-4D5C-B022-878CDC840E04-90x90-1.jpeg","contentUrl":"https:\/\/nitu.mx\/wp-content\/uploads\/2024\/04\/4A315622-1904-4D5C-B022-878CDC840E04-90x90-1.jpeg","width":90,"height":90,"caption":"Arturo Medina"},"logo":{"@id":"https:\/\/nitu.mx\/#\/schema\/person\/image\/"},"description":"Director NITU.mx, Egresado de la Escuela de Periodismo Carlos Septi\u00e9n Garc\u00eda. Periodista y analista especializado en turismo desde hace 35 a\u00f1os, radicado en Canc\u00fan Q.Roo. arturo@nitu.mx","sameAs":["https:\/\/nitu.mx","https:\/\/www.facebook.com\/NITUmx\/","medinacancun","https:\/\/twitter.com\/@Arturo_Medina_G"]},{"@type":"Person","@id":"https:\/\/nitu.mx\/#\/schema\/person\/4a28fe9bd65924f7c90623773daf1b0b","name":"Redacci\u00f3n","image":{"@type":"ImageObject","inLanguage":"es-MX","@id":"https:\/\/nitu.mx\/#\/schema\/person\/image\/","url":"https:\/\/secure.gravatar.com\/avatar\/5dd011c8ccfc5cd7e4c81e42252aab38?s=96&d=mm&r=g","contentUrl":"https:\/\/secure.gravatar.com\/avatar\/5dd011c8ccfc5cd7e4c81e42252aab38?s=96&d=mm&r=g","caption":"Redacci\u00f3n"},"url":"https:\/\/nitu.mx\/index.php\/author\/redaccion\/"}]}},"views":578,"_links":{"self":[{"href":"https:\/\/nitu.mx\/index.php\/wp-json\/wp\/v2\/posts\/84078"}],"collection":[{"href":"https:\/\/nitu.mx\/index.php\/wp-json\/wp\/v2\/posts"}],"about":[{"href":"https:\/\/nitu.mx\/index.php\/wp-json\/wp\/v2\/types\/post"}],"author":[{"embeddable":true,"href":"https:\/\/nitu.mx\/index.php\/wp-json\/wp\/v2\/users\/17"}],"replies":[{"embeddable":true,"href":"https:\/\/nitu.mx\/index.php\/wp-json\/wp\/v2\/comments?post=84078"}],"version-history":[{"count":1,"href":"https:\/\/nitu.mx\/index.php\/wp-json\/wp\/v2\/posts\/84078\/revisions"}],"predecessor-version":[{"id":84081,"href":"https:\/\/nitu.mx\/index.php\/wp-json\/wp\/v2\/posts\/84078\/revisions\/84081"}],"wp:featuredmedia":[{"embeddable":true,"href":"https:\/\/nitu.mx\/index.php\/wp-json\/wp\/v2\/media\/84080"}],"wp:attachment":[{"href":"https:\/\/nitu.mx\/index.php\/wp-json\/wp\/v2\/media?parent=84078"}],"wp:term":[{"taxonomy":"category","embeddable":true,"href":"https:\/\/nitu.mx\/index.php\/wp-json\/wp\/v2\/categories?post=84078"},{"taxonomy":"post_tag","embeddable":true,"href":"https:\/\/nitu.mx\/index.php\/wp-json\/wp\/v2\/tags?post=84078"}],"curies":[{"name":"wp","href":"https:\/\/api.w.org\/{rel}","templated":true}]}}